{"id":28688,"date":"2026-08-31T09:19:57","date_gmt":"2026-08-31T12:19:57","guid":{"rendered":"https:\/\/sudoesteacontece.com.br\/?p=28688"},"modified":"2026-08-31T09:20:03","modified_gmt":"2026-08-31T12:20:03","slug":"advogado-desaparecido-ha-uma-semana-e-encontrado-morto-em-xique-xique","status":"publish","type":"post","link":"https:\/\/sudoesteacontece.com.br\/?p=28688","title":{"rendered":"Advogado desaparecido h\u00e1 uma semana \u00e9 encontrado morto em Xique-Xique"},"content":{"rendered":"\n<figure class=\"wp-block-image size-full\"><img fetchpriority=\"high\" decoding=\"async\" width=\"900\" height=\"600\" src=\"http:\/\/sudoesteacontece.com.br\/wp-content\/uploads\/2026\/08\/Advogado-desaparece-ha-tres-dias-e-familia-oferece-R-5-mil-por-informacoes-na-Bahia-1.jpg\" alt=\"\" class=\"wp-image-28732\" srcset=\"https:\/\/sudoesteacontece.com.br\/wp-content\/uploads\/2026\/08\/Advogado-desaparece-ha-tres-dias-e-familia-oferece-R-5-mil-por-informacoes-na-Bahia-1.jpg 900w, https:\/\/sudoesteacontece.com.br\/wp-content\/uploads\/2026\/08\/Advogado-desaparece-ha-tres-dias-e-familia-oferece-R-5-mil-por-informacoes-na-Bahia-1-300x200.jpg 300w, https:\/\/sudoesteacontece.com.br\/wp-content\/uploads\/2026\/08\/Advogado-desaparece-ha-tres-dias-e-familia-oferece-R-5-mil-por-informacoes-na-Bahia-1-768x512.jpg 768w\" sizes=\"(max-width: 900px) 100vw, 900px\" \/><\/figure>\n\n\n\n<p class=\"wp-block-paragraph\">O advogado Gabriel da Silva Alves, de 31 anos, que estava desaparecido havia cerca de uma semana, foi encontrado morto neste s\u00e1bado (29), em uma \u00e1rea de caatinga na zona rural de Xique-Xique, no norte da Bahia. O corpo foi localizado durante as buscas realizadas por uma for\u00e7a-tarefa formada por \u00f3rg\u00e3os de seguran\u00e7a, familiares, amigos, volunt\u00e1rios e representantes da Ordem dos Advogados do Brasil (OAB).<\/p>\n\n\n\n<p class=\"wp-block-paragraph\">Segundo as informa\u00e7\u00f5es divulgadas sobre o desaparecimento, Gabriel foi visto pela \u00faltima vez ap\u00f3s sair de motocicleta de uma confraterniza\u00e7\u00e3o em um bar no bairro BNH Velho. Desde ent\u00e3o, equipes mobilizadas para localiz\u00e1-lo realizaram buscas em diferentes pontos da regi\u00e3o, seguindo informa\u00e7\u00f5es e vest\u00edgios encontrados durante as dilig\u00eancias.<\/p>\n\n\n\n<p class=\"wp-block-paragraph\">Durante a opera\u00e7\u00e3o, a motocicleta utilizada pelo advogado foi localizada escondida em uma \u00e1rea de vegeta\u00e7\u00e3o. Nas proximidades, os envolvidos nas buscas tamb\u00e9m encontraram objetos pessoais atribu\u00eddos a Gabriel, incluindo \u00f3culos, cal\u00e7ados e partes de um aparelho celular. Os materiais ajudaram a direcionar as equipes para a regi\u00e3o onde o corpo foi posteriormente localizado.<\/p>\n\n\n\n<p class=\"wp-block-paragraph\">Neste s\u00e1bado, os trabalhos de busca terminaram com a localiza\u00e7\u00e3o do corpo em uma \u00e1rea de caatinga na zona rural do munic\u00edpio. A Pol\u00edcia Civil e o Departamento de Pol\u00edcia T\u00e9cnica (DPT) foram acionados para realizar os procedimentos de per\u00edcia, investiga\u00e7\u00e3o e remo\u00e7\u00e3o.<\/p>\n\n\n\n<p class=\"wp-block-paragraph\">Agora, as circunst\u00e2ncias da morte ser\u00e3o investigadas pela Pol\u00edcia Civil. A per\u00edcia dever\u00e1 analisar o local e o corpo para contribuir com a identifica\u00e7\u00e3o da causa do \u00f3bito e esclarecer o que aconteceu desde o \u00faltimo momento em que o advogado foi visto.<\/p>\n","protected":false},"excerpt":{"rendered":"<p>O advogado Gabriel da Silva Alves, de 31 anos, que estava desaparecido havia cerca de uma semana, foi encontrado morto neste s\u00e1bado (29), em uma \u00e1rea de caatinga na zona rural de Xique-Xique, no norte da Bahia. O corpo foi localizado durante as buscas realizadas por uma for\u00e7a-tarefa formada por \u00f3rg\u00e3os de seguran\u00e7a, familiares, amigos, volunt\u00e1rios e representantes da Ordem dos Advogados do Brasil (OAB). Segundo as informa\u00e7\u00f5es divulgadas sobre o desaparecimento, Gabriel foi visto pela \u00faltima vez ap\u00f3s sair de motocicleta de uma confraterniza\u00e7\u00e3o em um bar no bairro BNH Velho. Desde ent\u00e3o, equipes mobilizadas para localiz\u00e1-lo realizaram buscas em diferentes pontos da regi\u00e3o, seguindo informa\u00e7\u00f5es e vest\u00edgios encontrados durante as dilig\u00eancias. Durante a opera\u00e7\u00e3o, a motocicleta utilizada pelo advogado foi localizada escondida em uma \u00e1rea de vegeta\u00e7\u00e3o. Nas proximidades, os envolvidos nas buscas tamb\u00e9m encontraram objetos pessoais atribu\u00eddos a Gabriel, incluindo \u00f3culos, cal\u00e7ados e partes de um aparelho celular. Os materiais ajudaram a direcionar as equipes para a regi\u00e3o onde o corpo foi posteriormente localizado. Neste s\u00e1bado, os trabalhos de busca terminaram com a localiza\u00e7\u00e3o do corpo em uma \u00e1rea de caatinga na zona rural do munic\u00edpio. A Pol\u00edcia Civil e o Departamento de Pol\u00edcia T\u00e9cnica (DPT) foram acionados para realizar os procedimentos de per\u00edcia, investiga\u00e7\u00e3o e remo\u00e7\u00e3o. Agora, as circunst\u00e2ncias da morte ser\u00e3o investigadas pela Pol\u00edcia Civil. A per\u00edcia dever\u00e1 analisar o local e o corpo para contribuir com a identifica\u00e7\u00e3o da causa do \u00f3bito e esclarecer o que aconteceu desde o \u00faltimo momento em que o advogado foi visto.<\/p>\n","protected":false},"author":4,"featured_media":0,"comment_status":"open","ping_status":"open","sticky":false,"template":"","format":"standard","meta":{"footnotes":""},"categories":[4,3],"tags":[],"class_list":["post-28688","post","type-post","status-publish","format-standard","hentry","category-cidades","category-policia"],"yoast_head":"<!-- This site is optimized with the Yoast SEO plugin v26.5 - https:\/\/yoast.com\/wordpress\/plugins\/seo\/ -->\n<title>Advogado desaparecido h\u00e1 uma semana \u00e9 encontrado morto em Xique-Xique - Sudoesteacontece<\/title>\n<meta name=\"robots\" content=\"index, follow, max-snippet:-1, max-image-preview:large, max-video-preview:-1\" \/>\n<link rel=\"canonical\" href=\"https:\/\/sudoesteacontece.com.br\/?p=28688\" \/>\n<meta property=\"og:locale\" content=\"pt_BR\" \/>\n<meta property=\"og:type\" content=\"article\" \/>\n<meta property=\"og:title\" content=\"Advogado desaparecido h\u00e1 uma semana \u00e9 encontrado morto em Xique-Xique - Sudoesteacontece\" \/>\n<meta property=\"og:description\" content=\"O advogado Gabriel da Silva Alves, de 31 anos, que estava desaparecido havia cerca de uma semana, foi encontrado morto neste s\u00e1bado (29), em uma \u00e1rea de caatinga na zona rural de Xique-Xique, no norte da Bahia. O corpo foi localizado durante as buscas realizadas por uma for\u00e7a-tarefa formada por \u00f3rg\u00e3os de seguran\u00e7a, familiares, amigos, volunt\u00e1rios e representantes da Ordem dos Advogados do Brasil (OAB). Segundo as informa\u00e7\u00f5es divulgadas sobre o desaparecimento, Gabriel foi visto pela \u00faltima vez ap\u00f3s sair de motocicleta de uma confraterniza\u00e7\u00e3o em um bar no bairro BNH Velho. Desde ent\u00e3o, equipes mobilizadas para localiz\u00e1-lo realizaram buscas em diferentes pontos da regi\u00e3o, seguindo informa\u00e7\u00f5es e vest\u00edgios encontrados durante as dilig\u00eancias. Durante a opera\u00e7\u00e3o, a motocicleta utilizada pelo advogado foi localizada escondida em uma \u00e1rea de vegeta\u00e7\u00e3o. Nas proximidades, os envolvidos nas buscas tamb\u00e9m encontraram objetos pessoais atribu\u00eddos a Gabriel, incluindo \u00f3culos, cal\u00e7ados e partes de um aparelho celular. Os materiais ajudaram a direcionar as equipes para a regi\u00e3o onde o corpo foi posteriormente localizado. Neste s\u00e1bado, os trabalhos de busca terminaram com a localiza\u00e7\u00e3o do corpo em uma \u00e1rea de caatinga na zona rural do munic\u00edpio. A Pol\u00edcia Civil e o Departamento de Pol\u00edcia T\u00e9cnica (DPT) foram acionados para realizar os procedimentos de per\u00edcia, investiga\u00e7\u00e3o e remo\u00e7\u00e3o. Agora, as circunst\u00e2ncias da morte ser\u00e3o investigadas pela Pol\u00edcia Civil. A per\u00edcia dever\u00e1 analisar o local e o corpo para contribuir com a identifica\u00e7\u00e3o da causa do \u00f3bito e esclarecer o que aconteceu desde o \u00faltimo momento em que o advogado foi visto.\" \/>\n<meta property=\"og:url\" content=\"https:\/\/sudoesteacontece.com.br\/?p=28688\" \/>\n<meta property=\"og:site_name\" content=\"Sudoesteacontece\" \/>\n<meta property=\"article:publisher\" content=\"https:\/\/www.facebook.com\/sudoesteacontece\/?locale=pt_BR\" \/>\n<meta property=\"article:published_time\" content=\"2026-08-31T12:19:57+00:00\" \/>\n<meta property=\"article:modified_time\" content=\"2026-08-31T12:20:03+00:00\" \/>\n<meta property=\"og:image\" content=\"https:\/\/sudoesteacontece.com.br\/wp-content\/uploads\/2026\/08\/Advogado-desaparece-ha-tres-dias-e-familia-oferece-R-5-mil-por-informacoes-na-Bahia-1.jpg\" \/>\n\t<meta property=\"og:image:width\" content=\"900\" \/>\n\t<meta property=\"og:image:height\" content=\"600\" \/>\n\t<meta property=\"og:image:type\" content=\"image\/jpeg\" \/>\n<meta name=\"author\" content=\"Reda\u00e7\u00e3o\" \/>\n<meta name=\"twitter:card\" content=\"summary_large_image\" \/>\n<meta name=\"twitter:label1\" content=\"Escrito por\" \/>\n\t<meta name=\"twitter:data1\" content=\"Reda\u00e7\u00e3o\" \/>\n\t<meta name=\"twitter:label2\" content=\"Est. tempo de leitura\" \/>\n\t<meta name=\"twitter:data2\" content=\"2 minutos\" \/>\n<script type=\"application\/ld+json\" class=\"yoast-schema-graph\">{\"@context\":\"https:\/\/schema.org\",\"@graph\":[{\"@type\":\"Article\",\"@id\":\"https:\/\/sudoesteacontece.com.br\/?p=28688#article\",\"isPartOf\":{\"@id\":\"https:\/\/sudoesteacontece.com.br\/?p=28688\"},\"author\":{\"name\":\"Reda\u00e7\u00e3o\",\"@id\":\"https:\/\/sudoesteacontece.com.br\/#\/schema\/person\/a4f22429c1d0923ef8f7d43343f8dc38\"},\"headline\":\"Advogado desaparecido h\u00e1 uma semana \u00e9 encontrado morto em Xique-Xique\",\"datePublished\":\"2026-08-31T12:19:57+00:00\",\"dateModified\":\"2026-08-31T12:20:03+00:00\",\"mainEntityOfPage\":{\"@id\":\"https:\/\/sudoesteacontece.com.br\/?p=28688\"},\"wordCount\":294,\"commentCount\":0,\"publisher\":{\"@id\":\"https:\/\/sudoesteacontece.com.br\/#organization\"},\"image\":{\"@id\":\"https:\/\/sudoesteacontece.com.br\/?p=28688#primaryimage\"},\"thumbnailUrl\":\"http:\/\/sudoesteacontece.com.br\/wp-content\/uploads\/2026\/08\/Advogado-desaparece-ha-tres-dias-e-familia-oferece-R-5-mil-por-informacoes-na-Bahia-1.jpg\",\"articleSection\":[\"Cidades\",\"Pol\u00edcia\"],\"inLanguage\":\"pt-BR\",\"potentialAction\":[{\"@type\":\"CommentAction\",\"name\":\"Comment\",\"target\":[\"https:\/\/sudoesteacontece.com.br\/?p=28688#respond\"]}]},{\"@type\":\"WebPage\",\"@id\":\"https:\/\/sudoesteacontece.com.br\/?p=28688\",\"url\":\"https:\/\/sudoesteacontece.com.br\/?p=28688\",\"name\":\"Advogado desaparecido h\u00e1 uma semana \u00e9 encontrado morto em Xique-Xique - Sudoesteacontece\",\"isPartOf\":{\"@id\":\"https:\/\/sudoesteacontece.com.br\/#website\"},\"primaryImageOfPage\":{\"@id\":\"https:\/\/sudoesteacontece.com.br\/?p=28688#primaryimage\"},\"image\":{\"@id\":\"https:\/\/sudoesteacontece.com.br\/?p=28688#primaryimage\"},\"thumbnailUrl\":\"http:\/\/sudoesteacontece.com.br\/wp-content\/uploads\/2026\/08\/Advogado-desaparece-ha-tres-dias-e-familia-oferece-R-5-mil-por-informacoes-na-Bahia-1.jpg\",\"datePublished\":\"2026-08-31T12:19:57+00:00\",\"dateModified\":\"2026-08-31T12:20:03+00:00\",\"breadcrumb\":{\"@id\":\"https:\/\/sudoesteacontece.com.br\/?p=28688#breadcrumb\"},\"inLanguage\":\"pt-BR\",\"potentialAction\":[{\"@type\":\"ReadAction\",\"target\":[\"https:\/\/sudoesteacontece.com.br\/?p=28688\"]}]},{\"@type\":\"ImageObject\",\"inLanguage\":\"pt-BR\",\"@id\":\"https:\/\/sudoesteacontece.com.br\/?p=28688#primaryimage\",\"url\":\"https:\/\/sudoesteacontece.com.br\/wp-content\/uploads\/2026\/08\/Advogado-desaparece-ha-tres-dias-e-familia-oferece-R-5-mil-por-informacoes-na-Bahia-1.jpg\",\"contentUrl\":\"https:\/\/sudoesteacontece.com.br\/wp-content\/uploads\/2026\/08\/Advogado-desaparece-ha-tres-dias-e-familia-oferece-R-5-mil-por-informacoes-na-Bahia-1.jpg\",\"width\":900,\"height\":600},{\"@type\":\"BreadcrumbList\",\"@id\":\"https:\/\/sudoesteacontece.com.br\/?p=28688#breadcrumb\",\"itemListElement\":[{\"@type\":\"ListItem\",\"position\":1,\"name\":\"In\u00edcio\",\"item\":\"https:\/\/sudoesteacontece.com.br\/\"},{\"@type\":\"ListItem\",\"position\":2,\"name\":\"Advogado desaparecido h\u00e1 uma semana \u00e9 encontrado morto em Xique-Xique\"}]},{\"@type\":\"WebSite\",\"@id\":\"https:\/\/sudoesteacontece.com.br\/#website\",\"url\":\"https:\/\/sudoesteacontece.com.br\/\",\"name\":\"Sudoesteacontece\",\"description\":\"\",\"publisher\":{\"@id\":\"https:\/\/sudoesteacontece.com.br\/#organization\"},\"potentialAction\":[{\"@type\":\"SearchAction\",\"target\":{\"@type\":\"EntryPoint\",\"urlTemplate\":\"https:\/\/sudoesteacontece.com.br\/?s={search_term_string}\"},\"query-input\":{\"@type\":\"PropertyValueSpecification\",\"valueRequired\":true,\"valueName\":\"search_term_string\"}}],\"inLanguage\":\"pt-BR\"},{\"@type\":\"Organization\",\"@id\":\"https:\/\/sudoesteacontece.com.br\/#organization\",\"name\":\"Sudoesteacontece\",\"url\":\"https:\/\/sudoesteacontece.com.br\/\",\"logo\":{\"@type\":\"ImageObject\",\"inLanguage\":\"pt-BR\",\"@id\":\"https:\/\/sudoesteacontece.com.br\/#\/schema\/logo\/image\/\",\"url\":\"https:\/\/sudoesteacontece.com.br\/wp-content\/uploads\/2025\/12\/cropped-logo-2-180x180-1.png\",\"contentUrl\":\"https:\/\/sudoesteacontece.com.br\/wp-content\/uploads\/2025\/12\/cropped-logo-2-180x180-1.png\",\"width\":180,\"height\":180,\"caption\":\"Sudoesteacontece\"},\"image\":{\"@id\":\"https:\/\/sudoesteacontece.com.br\/#\/schema\/logo\/image\/\"},\"sameAs\":[\"https:\/\/www.facebook.com\/sudoesteacontece\/?locale=pt_BR\"]},{\"@type\":\"Person\",\"@id\":\"https:\/\/sudoesteacontece.com.br\/#\/schema\/person\/a4f22429c1d0923ef8f7d43343f8dc38\",\"name\":\"Reda\u00e7\u00e3o\",\"image\":{\"@type\":\"ImageObject\",\"inLanguage\":\"pt-BR\",\"@id\":\"https:\/\/sudoesteacontece.com.br\/#\/schema\/person\/image\/\",\"url\":\"https:\/\/secure.gravatar.com\/avatar\/c3a5b3c93f268a709c25a2df414c629a96fb3b1b4bf97a94fb3f72e54ae76903?s=96&d=mm&r=g\",\"contentUrl\":\"https:\/\/secure.gravatar.com\/avatar\/c3a5b3c93f268a709c25a2df414c629a96fb3b1b4bf97a94fb3f72e54ae76903?s=96&d=mm&r=g\",\"caption\":\"Reda\u00e7\u00e3o\"},\"url\":\"https:\/\/sudoesteacontece.com.br\/?author=4\"}]}<\/script>\n<!-- \/ Yoast SEO plugin. -->","yoast_head_json":{"title":"Advogado desaparecido h\u00e1 uma semana \u00e9 encontrado morto em Xique-Xique - Sudoesteacontece","robots":{"index":"index","follow":"follow","max-snippet":"max-snippet:-1","max-image-preview":"max-image-preview:large","max-video-preview":"max-video-preview:-1"},"canonical":"https:\/\/sudoesteacontece.com.br\/?p=28688","og_locale":"pt_BR","og_type":"article","og_title":"Advogado desaparecido h\u00e1 uma semana \u00e9 encontrado morto em Xique-Xique - Sudoesteacontece","og_description":"O advogado Gabriel da Silva Alves, de 31 anos, que estava desaparecido havia cerca de uma semana, foi encontrado morto neste s\u00e1bado (29), em uma \u00e1rea de caatinga na zona rural de Xique-Xique, no norte da Bahia. O corpo foi localizado durante as buscas realizadas por uma for\u00e7a-tarefa formada por \u00f3rg\u00e3os de seguran\u00e7a, familiares, amigos, volunt\u00e1rios e representantes da Ordem dos Advogados do Brasil (OAB). Segundo as informa\u00e7\u00f5es divulgadas sobre o desaparecimento, Gabriel foi visto pela \u00faltima vez ap\u00f3s sair de motocicleta de uma confraterniza\u00e7\u00e3o em um bar no bairro BNH Velho. Desde ent\u00e3o, equipes mobilizadas para localiz\u00e1-lo realizaram buscas em diferentes pontos da regi\u00e3o, seguindo informa\u00e7\u00f5es e vest\u00edgios encontrados durante as dilig\u00eancias. Durante a opera\u00e7\u00e3o, a motocicleta utilizada pelo advogado foi localizada escondida em uma \u00e1rea de vegeta\u00e7\u00e3o. Nas proximidades, os envolvidos nas buscas tamb\u00e9m encontraram objetos pessoais atribu\u00eddos a Gabriel, incluindo \u00f3culos, cal\u00e7ados e partes de um aparelho celular. Os materiais ajudaram a direcionar as equipes para a regi\u00e3o onde o corpo foi posteriormente localizado. Neste s\u00e1bado, os trabalhos de busca terminaram com a localiza\u00e7\u00e3o do corpo em uma \u00e1rea de caatinga na zona rural do munic\u00edpio. A Pol\u00edcia Civil e o Departamento de Pol\u00edcia T\u00e9cnica (DPT) foram acionados para realizar os procedimentos de per\u00edcia, investiga\u00e7\u00e3o e remo\u00e7\u00e3o. Agora, as circunst\u00e2ncias da morte ser\u00e3o investigadas pela Pol\u00edcia Civil. A per\u00edcia dever\u00e1 analisar o local e o corpo para contribuir com a identifica\u00e7\u00e3o da causa do \u00f3bito e esclarecer o que aconteceu desde o \u00faltimo momento em que o advogado foi visto.","og_url":"https:\/\/sudoesteacontece.com.br\/?p=28688","og_site_name":"Sudoesteacontece","article_publisher":"https:\/\/www.facebook.com\/sudoesteacontece\/?locale=pt_BR","article_published_time":"2026-08-31T12:19:57+00:00","article_modified_time":"2026-08-31T12:20:03+00:00","og_image":[{"width":900,"height":600,"url":"https:\/\/sudoesteacontece.com.br\/wp-content\/uploads\/2026\/08\/Advogado-desaparece-ha-tres-dias-e-familia-oferece-R-5-mil-por-informacoes-na-Bahia-1.jpg","type":"image\/jpeg"}],"author":"Reda\u00e7\u00e3o","twitter_card":"summary_large_image","twitter_misc":{"Escrito por":"Reda\u00e7\u00e3o","Est. tempo de leitura":"2 minutos"},"schema":{"@context":"https:\/\/schema.org","@graph":[{"@type":"Article","@id":"https:\/\/sudoesteacontece.com.br\/?p=28688#article","isPartOf":{"@id":"https:\/\/sudoesteacontece.com.br\/?p=28688"},"author":{"name":"Reda\u00e7\u00e3o","@id":"https:\/\/sudoesteacontece.com.br\/#\/schema\/person\/a4f22429c1d0923ef8f7d43343f8dc38"},"headline":"Advogado desaparecido h\u00e1 uma semana \u00e9 encontrado morto em Xique-Xique","datePublished":"2026-08-31T12:19:57+00:00","dateModified":"2026-08-31T12:20:03+00:00","mainEntityOfPage":{"@id":"https:\/\/sudoesteacontece.com.br\/?p=28688"},"wordCount":294,"commentCount":0,"publisher":{"@id":"https:\/\/sudoesteacontece.com.br\/#organization"},"image":{"@id":"https:\/\/sudoesteacontece.com.br\/?p=28688#primaryimage"},"thumbnailUrl":"http:\/\/sudoesteacontece.com.br\/wp-content\/uploads\/2026\/08\/Advogado-desaparece-ha-tres-dias-e-familia-oferece-R-5-mil-por-informacoes-na-Bahia-1.jpg","articleSection":["Cidades","Pol\u00edcia"],"inLanguage":"pt-BR","potentialAction":[{"@type":"CommentAction","name":"Comment","target":["https:\/\/sudoesteacontece.com.br\/?p=28688#respond"]}]},{"@type":"WebPage","@id":"https:\/\/sudoesteacontece.com.br\/?p=28688","url":"https:\/\/sudoesteacontece.com.br\/?p=28688","name":"Advogado desaparecido h\u00e1 uma semana \u00e9 encontrado morto em Xique-Xique - Sudoesteacontece","isPartOf":{"@id":"https:\/\/sudoesteacontece.com.br\/#website"},"primaryImageOfPage":{"@id":"https:\/\/sudoesteacontece.com.br\/?p=28688#primaryimage"},"image":{"@id":"https:\/\/sudoesteacontece.com.br\/?p=28688#primaryimage"},"thumbnailUrl":"http:\/\/sudoesteacontece.com.br\/wp-content\/uploads\/2026\/08\/Advogado-desaparece-ha-tres-dias-e-familia-oferece-R-5-mil-por-informacoes-na-Bahia-1.jpg","datePublished":"2026-08-31T12:19:57+00:00","dateModified":"2026-08-31T12:20:03+00:00","breadcrumb":{"@id":"https:\/\/sudoesteacontece.com.br\/?p=28688#breadcrumb"},"inLanguage":"pt-BR","potentialAction":[{"@type":"ReadAction","target":["https:\/\/sudoesteacontece.com.br\/?p=28688"]}]},{"@type":"ImageObject","inLanguage":"pt-BR","@id":"https:\/\/sudoesteacontece.com.br\/?p=28688#primaryimage","url":"https:\/\/sudoesteacontece.com.br\/wp-content\/uploads\/2026\/08\/Advogado-desaparece-ha-tres-dias-e-familia-oferece-R-5-mil-por-informacoes-na-Bahia-1.jpg","contentUrl":"https:\/\/sudoesteacontece.com.br\/wp-content\/uploads\/2026\/08\/Advogado-desaparece-ha-tres-dias-e-familia-oferece-R-5-mil-por-informacoes-na-Bahia-1.jpg","width":900,"height":600},{"@type":"BreadcrumbList","@id":"https:\/\/sudoesteacontece.com.br\/?p=28688#breadcrumb","itemListElement":[{"@type":"ListItem","position":1,"name":"In\u00edcio","item":"https:\/\/sudoesteacontece.com.br\/"},{"@type":"ListItem","position":2,"name":"Advogado desaparecido h\u00e1 uma semana \u00e9 encontrado morto em Xique-Xique"}]},{"@type":"WebSite","@id":"https:\/\/sudoesteacontece.com.br\/#website","url":"https:\/\/sudoesteacontece.com.br\/","name":"Sudoesteacontece","description":"","publisher":{"@id":"https:\/\/sudoesteacontece.com.br\/#organization"},"potentialAction":[{"@type":"SearchAction","target":{"@type":"EntryPoint","urlTemplate":"https:\/\/sudoesteacontece.com.br\/?s={search_term_string}"},"query-input":{"@type":"PropertyValueSpecification","valueRequired":true,"valueName":"search_term_string"}}],"inLanguage":"pt-BR"},{"@type":"Organization","@id":"https:\/\/sudoesteacontece.com.br\/#organization","name":"Sudoesteacontece","url":"https:\/\/sudoesteacontece.com.br\/","logo":{"@type":"ImageObject","inLanguage":"pt-BR","@id":"https:\/\/sudoesteacontece.com.br\/#\/schema\/logo\/image\/","url":"https:\/\/sudoesteacontece.com.br\/wp-content\/uploads\/2025\/12\/cropped-logo-2-180x180-1.png","contentUrl":"https:\/\/sudoesteacontece.com.br\/wp-content\/uploads\/2025\/12\/cropped-logo-2-180x180-1.png","width":180,"height":180,"caption":"Sudoesteacontece"},"image":{"@id":"https:\/\/sudoesteacontece.com.br\/#\/schema\/logo\/image\/"},"sameAs":["https:\/\/www.facebook.com\/sudoesteacontece\/?locale=pt_BR"]},{"@type":"Person","@id":"https:\/\/sudoesteacontece.com.br\/#\/schema\/person\/a4f22429c1d0923ef8f7d43343f8dc38","name":"Reda\u00e7\u00e3o","image":{"@type":"ImageObject","inLanguage":"pt-BR","@id":"https:\/\/sudoesteacontece.com.br\/#\/schema\/person\/image\/","url":"https:\/\/secure.gravatar.com\/avatar\/c3a5b3c93f268a709c25a2df414c629a96fb3b1b4bf97a94fb3f72e54ae76903?s=96&d=mm&r=g","contentUrl":"https:\/\/secure.gravatar.com\/avatar\/c3a5b3c93f268a709c25a2df414c629a96fb3b1b4bf97a94fb3f72e54ae76903?s=96&d=mm&r=g","caption":"Reda\u00e7\u00e3o"},"url":"https:\/\/sudoesteacontece.com.br\/?author=4"}]}},"_links":{"self":[{"href":"https:\/\/sudoesteacontece.com.br\/index.php?rest_route=\/wp\/v2\/posts\/28688","targetHints":{"allow":["GET"]}}],"collection":[{"href":"https:\/\/sudoesteacontece.com.br\/index.php?rest_route=\/wp\/v2\/posts"}],"about":[{"href":"https:\/\/sudoesteacontece.com.br\/index.php?rest_route=\/wp\/v2\/types\/post"}],"author":[{"embeddable":true,"href":"https:\/\/sudoesteacontece.com.br\/index.php?rest_route=\/wp\/v2\/users\/4"}],"replies":[{"embeddable":true,"href":"https:\/\/sudoesteacontece.com.br\/index.php?rest_route=%2Fwp%2Fv2%2Fcomments&post=28688"}],"version-history":[{"count":1,"href":"https:\/\/sudoesteacontece.com.br\/index.php?rest_route=\/wp\/v2\/posts\/28688\/revisions"}],"predecessor-version":[{"id":28733,"href":"https:\/\/sudoesteacontece.com.br\/index.php?rest_route=\/wp\/v2\/posts\/28688\/revisions\/28733"}],"wp:attachment":[{"href":"https:\/\/sudoesteacontece.com.br\/index.php?rest_route=%2Fwp%2Fv2%2Fmedia&parent=28688"}],"wp:term":[{"taxonomy":"category","embeddable":true,"href":"https:\/\/sudoesteacontece.com.br\/index.php?rest_route=%2Fwp%2Fv2%2Fcategories&post=28688"},{"taxonomy":"post_tag","embeddable":true,"href":"https:\/\/sudoesteacontece.com.br\/index.php?rest_route=%2Fwp%2Fv2%2Ftags&post=28688"}],"curies":[{"name":"wp","href":"https:\/\/api.w.org\/{rel}","templated":true}]}}