{"id":28696,"date":"2026-08-31T08:23:00","date_gmt":"2026-08-31T11:23:00","guid":{"rendered":"https:\/\/sudoesteacontece.com.br\/?p=28696"},"modified":"2026-08-31T09:25:02","modified_gmt":"2026-08-31T12:25:02","slug":"quatro-criancas-morrem-afogadas-apos-embarcacao-improvisada-em-paramirim","status":"publish","type":"post","link":"https:\/\/sudoesteacontece.com.br\/?p=28696","title":{"rendered":"Quatro crian\u00e7as morrem afogadas ap\u00f3s embarca\u00e7\u00e3o improvisada em Paramirim"},"content":{"rendered":"\n<figure class=\"wp-block-image size-full\"><img fetchpriority=\"high\" decoding=\"async\" width=\"900\" height=\"600\" src=\"http:\/\/sudoesteacontece.com.br\/wp-content\/uploads\/2026\/08\/Quatro-criancas-morrem-afogadas-apos-embarcacao-improvisada-em-Paramirim.jpg\" alt=\"\" class=\"wp-image-28745\" srcset=\"https:\/\/sudoesteacontece.com.br\/wp-content\/uploads\/2026\/08\/Quatro-criancas-morrem-afogadas-apos-embarcacao-improvisada-em-Paramirim.jpg 900w, https:\/\/sudoesteacontece.com.br\/wp-content\/uploads\/2026\/08\/Quatro-criancas-morrem-afogadas-apos-embarcacao-improvisada-em-Paramirim-300x200.jpg 300w, https:\/\/sudoesteacontece.com.br\/wp-content\/uploads\/2026\/08\/Quatro-criancas-morrem-afogadas-apos-embarcacao-improvisada-em-Paramirim-768x512.jpg 768w\" sizes=\"(max-width: 900px) 100vw, 900px\" \/><\/figure>\n\n\n\n<p class=\"wp-block-paragraph\">Quatro crian\u00e7as morreram afogadas na tarde deste domingo (30), ap\u00f3s uma embarca\u00e7\u00e3o improvisada virar no povoado de Salina Branca, em Paramirim, no sudoeste da Bahia. O acidente aconteceu por volta das 15h41 e envolveu duas pessoas adultas e cinco crian\u00e7as que estavam na embarca\u00e7\u00e3o no momento do incidente.<\/p>\n\n\n\n<p class=\"wp-block-paragraph\">Os adultos tentaram retirar as v\u00edtimas da \u00e1gua e conseguiram resgatar uma das crian\u00e7as, mas as outras quatro n\u00e3o sobreviveram. As v\u00edtimas foram identificadas como Diego Silva Oliveira, de 6 anos, Jefferson Davi Silva Oliveira, de 9, Lorenzo Almeida Cardoso, de 8, e Jos\u00e9 Diogo Silva Oliveira, de 3.<\/p>\n\n\n\n<p class=\"wp-block-paragraph\">Segundo informa\u00e7\u00f5es obtidas no local, a embarca\u00e7\u00e3o utilizada pelo grupo era improvisada e virou durante a travessia.<\/p>\n\n\n\n<p class=\"wp-block-paragraph\">Ap\u00f3s o acidente, os dois adultos entraram na \u00e1gua para tentar salvar as crian\u00e7as, conseguindo retirar apenas uma delas.<\/p>\n\n\n\n<p class=\"wp-block-paragraph\">As outras quatro permaneceram submersas at\u00e9 a chegada das equipes especializadas mobilizadas para atender a ocorr\u00eancia.<\/p>\n\n\n\n<p class=\"wp-block-paragraph\">Diego Silva Oliveira tinha 6 anos, enquanto Jefferson Davi Silva Oliveira tinha 9 anos. Tamb\u00e9m morreram Lorenzo Almeida Cardoso, de 8 anos, e Jos\u00e9 Diogo Silva Oliveira, de apenas 3 anos.<\/p>\n\n\n\n<p class=\"wp-block-paragraph\">A ocorr\u00eancia mobilizou equipes de atendimento, que permaneceram no povoado para prestar apoio e acompanhar os procedimentos relacionados ao acidente.<\/p>\n\n\n\n<p class=\"wp-block-paragraph\">Equipes especializadas em mergulho foram acionadas para realizar as buscas e localizar as crian\u00e7as que continuavam submersas ap\u00f3s o afogamento. A guarni\u00e7\u00e3o que atendeu inicialmente a ocorr\u00eancia permaneceu na regi\u00e3o durante o trabalho de resgate e prestou suporte \u00e0s equipes envolvidas.<\/p>\n\n\n\n<p class=\"wp-block-paragraph\">A confirma\u00e7\u00e3o das mortes encerra as buscas pelas quatro v\u00edtimas do acidente registrado na tarde deste domingo em Salina Branca.<\/p>\n","protected":false},"excerpt":{"rendered":"<p>Quatro crian\u00e7as morreram afogadas na tarde deste domingo (30), ap\u00f3s uma embarca\u00e7\u00e3o improvisada virar no povoado de Salina Branca, em Paramirim, no sudoeste da Bahia. O acidente aconteceu por volta das 15h41 e envolveu duas pessoas adultas e cinco crian\u00e7as que estavam na embarca\u00e7\u00e3o no momento do incidente. Os adultos tentaram retirar as v\u00edtimas da \u00e1gua e conseguiram resgatar uma das crian\u00e7as, mas as outras quatro n\u00e3o sobreviveram. As v\u00edtimas foram identificadas como Diego Silva Oliveira, de 6 anos, Jefferson Davi Silva Oliveira, de 9, Lorenzo Almeida Cardoso, de 8, e Jos\u00e9 Diogo Silva Oliveira, de 3. Segundo informa\u00e7\u00f5es obtidas no local, a embarca\u00e7\u00e3o utilizada pelo grupo era improvisada e virou durante a travessia. Ap\u00f3s o acidente, os dois adultos entraram na \u00e1gua para tentar salvar as crian\u00e7as, conseguindo retirar apenas uma delas. As outras quatro permaneceram submersas at\u00e9 a chegada das equipes especializadas mobilizadas para atender a ocorr\u00eancia. Diego Silva Oliveira tinha 6 anos, enquanto Jefferson Davi Silva Oliveira tinha 9 anos. Tamb\u00e9m morreram Lorenzo Almeida Cardoso, de 8 anos, e Jos\u00e9 Diogo Silva Oliveira, de apenas 3 anos. A ocorr\u00eancia mobilizou equipes de atendimento, que permaneceram no povoado para prestar apoio e acompanhar os procedimentos relacionados ao acidente. Equipes especializadas em mergulho foram acionadas para realizar as buscas e localizar as crian\u00e7as que continuavam submersas ap\u00f3s o afogamento. A guarni\u00e7\u00e3o que atendeu inicialmente a ocorr\u00eancia permaneceu na regi\u00e3o durante o trabalho de resgate e prestou suporte \u00e0s equipes envolvidas. A confirma\u00e7\u00e3o das mortes encerra as buscas pelas quatro v\u00edtimas do acidente registrado na tarde deste domingo em Salina Branca.<\/p>\n","protected":false},"author":4,"featured_media":0,"comment_status":"open","ping_status":"open","sticky":false,"template":"","format":"standard","meta":{"footnotes":""},"categories":[4,50,3],"tags":[],"class_list":["post-28696","post","type-post","status-publish","format-standard","hentry","category-cidades","category-paramirim","category-policia"],"yoast_head":"<!-- This site is optimized with the Yoast SEO plugin v26.5 - https:\/\/yoast.com\/wordpress\/plugins\/seo\/ -->\n<title>Quatro crian\u00e7as morrem afogadas ap\u00f3s embarca\u00e7\u00e3o improvisada em Paramirim - Sudoesteacontece<\/title>\n<meta name=\"robots\" content=\"index, follow, max-snippet:-1, max-image-preview:large, max-video-preview:-1\" \/>\n<link rel=\"canonical\" href=\"https:\/\/sudoesteacontece.com.br\/?p=28696\" \/>\n<meta property=\"og:locale\" content=\"pt_BR\" \/>\n<meta property=\"og:type\" content=\"article\" \/>\n<meta property=\"og:title\" content=\"Quatro crian\u00e7as morrem afogadas ap\u00f3s embarca\u00e7\u00e3o improvisada em Paramirim - Sudoesteacontece\" \/>\n<meta property=\"og:description\" content=\"Quatro crian\u00e7as morreram afogadas na tarde deste domingo (30), ap\u00f3s uma embarca\u00e7\u00e3o improvisada virar no povoado de Salina Branca, em Paramirim, no sudoeste da Bahia. O acidente aconteceu por volta das 15h41 e envolveu duas pessoas adultas e cinco crian\u00e7as que estavam na embarca\u00e7\u00e3o no momento do incidente. Os adultos tentaram retirar as v\u00edtimas da \u00e1gua e conseguiram resgatar uma das crian\u00e7as, mas as outras quatro n\u00e3o sobreviveram. As v\u00edtimas foram identificadas como Diego Silva Oliveira, de 6 anos, Jefferson Davi Silva Oliveira, de 9, Lorenzo Almeida Cardoso, de 8, e Jos\u00e9 Diogo Silva Oliveira, de 3. Segundo informa\u00e7\u00f5es obtidas no local, a embarca\u00e7\u00e3o utilizada pelo grupo era improvisada e virou durante a travessia. Ap\u00f3s o acidente, os dois adultos entraram na \u00e1gua para tentar salvar as crian\u00e7as, conseguindo retirar apenas uma delas. As outras quatro permaneceram submersas at\u00e9 a chegada das equipes especializadas mobilizadas para atender a ocorr\u00eancia. Diego Silva Oliveira tinha 6 anos, enquanto Jefferson Davi Silva Oliveira tinha 9 anos. Tamb\u00e9m morreram Lorenzo Almeida Cardoso, de 8 anos, e Jos\u00e9 Diogo Silva Oliveira, de apenas 3 anos. A ocorr\u00eancia mobilizou equipes de atendimento, que permaneceram no povoado para prestar apoio e acompanhar os procedimentos relacionados ao acidente. Equipes especializadas em mergulho foram acionadas para realizar as buscas e localizar as crian\u00e7as que continuavam submersas ap\u00f3s o afogamento. A guarni\u00e7\u00e3o que atendeu inicialmente a ocorr\u00eancia permaneceu na regi\u00e3o durante o trabalho de resgate e prestou suporte \u00e0s equipes envolvidas. A confirma\u00e7\u00e3o das mortes encerra as buscas pelas quatro v\u00edtimas do acidente registrado na tarde deste domingo em Salina Branca.\" \/>\n<meta property=\"og:url\" content=\"https:\/\/sudoesteacontece.com.br\/?p=28696\" \/>\n<meta property=\"og:site_name\" content=\"Sudoesteacontece\" \/>\n<meta property=\"article:publisher\" content=\"https:\/\/www.facebook.com\/sudoesteacontece\/?locale=pt_BR\" \/>\n<meta property=\"article:published_time\" content=\"2026-08-31T11:23:00+00:00\" \/>\n<meta property=\"article:modified_time\" content=\"2026-08-31T12:25:02+00:00\" \/>\n<meta property=\"og:image\" content=\"https:\/\/sudoesteacontece.com.br\/wp-content\/uploads\/2026\/08\/Quatro-criancas-morrem-afogadas-apos-embarcacao-improvisada-em-Paramirim.jpg\" \/>\n\t<meta property=\"og:image:width\" content=\"900\" \/>\n\t<meta property=\"og:image:height\" content=\"600\" \/>\n\t<meta property=\"og:image:type\" content=\"image\/jpeg\" \/>\n<meta name=\"author\" content=\"Reda\u00e7\u00e3o\" \/>\n<meta name=\"twitter:card\" content=\"summary_large_image\" \/>\n<meta name=\"twitter:label1\" content=\"Escrito por\" \/>\n\t<meta name=\"twitter:data1\" content=\"Reda\u00e7\u00e3o\" \/>\n\t<meta name=\"twitter:label2\" content=\"Est. tempo de leitura\" \/>\n\t<meta name=\"twitter:data2\" content=\"2 minutos\" \/>\n<script type=\"application\/ld+json\" class=\"yoast-schema-graph\">{\"@context\":\"https:\/\/schema.org\",\"@graph\":[{\"@type\":\"Article\",\"@id\":\"https:\/\/sudoesteacontece.com.br\/?p=28696#article\",\"isPartOf\":{\"@id\":\"https:\/\/sudoesteacontece.com.br\/?p=28696\"},\"author\":{\"name\":\"Reda\u00e7\u00e3o\",\"@id\":\"https:\/\/sudoesteacontece.com.br\/#\/schema\/person\/a4f22429c1d0923ef8f7d43343f8dc38\"},\"headline\":\"Quatro crian\u00e7as morrem afogadas ap\u00f3s embarca\u00e7\u00e3o improvisada em Paramirim\",\"datePublished\":\"2026-08-31T11:23:00+00:00\",\"dateModified\":\"2026-08-31T12:25:02+00:00\",\"mainEntityOfPage\":{\"@id\":\"https:\/\/sudoesteacontece.com.br\/?p=28696\"},\"wordCount\":287,\"commentCount\":0,\"publisher\":{\"@id\":\"https:\/\/sudoesteacontece.com.br\/#organization\"},\"image\":{\"@id\":\"https:\/\/sudoesteacontece.com.br\/?p=28696#primaryimage\"},\"thumbnailUrl\":\"http:\/\/sudoesteacontece.com.br\/wp-content\/uploads\/2026\/08\/Quatro-criancas-morrem-afogadas-apos-embarcacao-improvisada-em-Paramirim.jpg\",\"articleSection\":[\"Cidades\",\"Paramirim\",\"Pol\u00edcia\"],\"inLanguage\":\"pt-BR\",\"potentialAction\":[{\"@type\":\"CommentAction\",\"name\":\"Comment\",\"target\":[\"https:\/\/sudoesteacontece.com.br\/?p=28696#respond\"]}]},{\"@type\":\"WebPage\",\"@id\":\"https:\/\/sudoesteacontece.com.br\/?p=28696\",\"url\":\"https:\/\/sudoesteacontece.com.br\/?p=28696\",\"name\":\"Quatro crian\u00e7as morrem afogadas ap\u00f3s embarca\u00e7\u00e3o improvisada em Paramirim - Sudoesteacontece\",\"isPartOf\":{\"@id\":\"https:\/\/sudoesteacontece.com.br\/#website\"},\"primaryImageOfPage\":{\"@id\":\"https:\/\/sudoesteacontece.com.br\/?p=28696#primaryimage\"},\"image\":{\"@id\":\"https:\/\/sudoesteacontece.com.br\/?p=28696#primaryimage\"},\"thumbnailUrl\":\"http:\/\/sudoesteacontece.com.br\/wp-content\/uploads\/2026\/08\/Quatro-criancas-morrem-afogadas-apos-embarcacao-improvisada-em-Paramirim.jpg\",\"datePublished\":\"2026-08-31T11:23:00+00:00\",\"dateModified\":\"2026-08-31T12:25:02+00:00\",\"breadcrumb\":{\"@id\":\"https:\/\/sudoesteacontece.com.br\/?p=28696#breadcrumb\"},\"inLanguage\":\"pt-BR\",\"potentialAction\":[{\"@type\":\"ReadAction\",\"target\":[\"https:\/\/sudoesteacontece.com.br\/?p=28696\"]}]},{\"@type\":\"ImageObject\",\"inLanguage\":\"pt-BR\",\"@id\":\"https:\/\/sudoesteacontece.com.br\/?p=28696#primaryimage\",\"url\":\"https:\/\/sudoesteacontece.com.br\/wp-content\/uploads\/2026\/08\/Quatro-criancas-morrem-afogadas-apos-embarcacao-improvisada-em-Paramirim.jpg\",\"contentUrl\":\"https:\/\/sudoesteacontece.com.br\/wp-content\/uploads\/2026\/08\/Quatro-criancas-morrem-afogadas-apos-embarcacao-improvisada-em-Paramirim.jpg\",\"width\":900,\"height\":600},{\"@type\":\"BreadcrumbList\",\"@id\":\"https:\/\/sudoesteacontece.com.br\/?p=28696#breadcrumb\",\"itemListElement\":[{\"@type\":\"ListItem\",\"position\":1,\"name\":\"In\u00edcio\",\"item\":\"https:\/\/sudoesteacontece.com.br\/\"},{\"@type\":\"ListItem\",\"position\":2,\"name\":\"Quatro crian\u00e7as morrem afogadas ap\u00f3s embarca\u00e7\u00e3o improvisada em Paramirim\"}]},{\"@type\":\"WebSite\",\"@id\":\"https:\/\/sudoesteacontece.com.br\/#website\",\"url\":\"https:\/\/sudoesteacontece.com.br\/\",\"name\":\"Sudoesteacontece\",\"description\":\"\",\"publisher\":{\"@id\":\"https:\/\/sudoesteacontece.com.br\/#organization\"},\"potentialAction\":[{\"@type\":\"SearchAction\",\"target\":{\"@type\":\"EntryPoint\",\"urlTemplate\":\"https:\/\/sudoesteacontece.com.br\/?s={search_term_string}\"},\"query-input\":{\"@type\":\"PropertyValueSpecification\",\"valueRequired\":true,\"valueName\":\"search_term_string\"}}],\"inLanguage\":\"pt-BR\"},{\"@type\":\"Organization\",\"@id\":\"https:\/\/sudoesteacontece.com.br\/#organization\",\"name\":\"Sudoesteacontece\",\"url\":\"https:\/\/sudoesteacontece.com.br\/\",\"logo\":{\"@type\":\"ImageObject\",\"inLanguage\":\"pt-BR\",\"@id\":\"https:\/\/sudoesteacontece.com.br\/#\/schema\/logo\/image\/\",\"url\":\"https:\/\/sudoesteacontece.com.br\/wp-content\/uploads\/2025\/12\/cropped-logo-2-180x180-1.png\",\"contentUrl\":\"https:\/\/sudoesteacontece.com.br\/wp-content\/uploads\/2025\/12\/cropped-logo-2-180x180-1.png\",\"width\":180,\"height\":180,\"caption\":\"Sudoesteacontece\"},\"image\":{\"@id\":\"https:\/\/sudoesteacontece.com.br\/#\/schema\/logo\/image\/\"},\"sameAs\":[\"https:\/\/www.facebook.com\/sudoesteacontece\/?locale=pt_BR\"]},{\"@type\":\"Person\",\"@id\":\"https:\/\/sudoesteacontece.com.br\/#\/schema\/person\/a4f22429c1d0923ef8f7d43343f8dc38\",\"name\":\"Reda\u00e7\u00e3o\",\"image\":{\"@type\":\"ImageObject\",\"inLanguage\":\"pt-BR\",\"@id\":\"https:\/\/sudoesteacontece.com.br\/#\/schema\/person\/image\/\",\"url\":\"https:\/\/secure.gravatar.com\/avatar\/c3a5b3c93f268a709c25a2df414c629a96fb3b1b4bf97a94fb3f72e54ae76903?s=96&d=mm&r=g\",\"contentUrl\":\"https:\/\/secure.gravatar.com\/avatar\/c3a5b3c93f268a709c25a2df414c629a96fb3b1b4bf97a94fb3f72e54ae76903?s=96&d=mm&r=g\",\"caption\":\"Reda\u00e7\u00e3o\"},\"url\":\"https:\/\/sudoesteacontece.com.br\/?author=4\"}]}<\/script>\n<!-- \/ Yoast SEO plugin. -->","yoast_head_json":{"title":"Quatro crian\u00e7as morrem afogadas ap\u00f3s embarca\u00e7\u00e3o improvisada em Paramirim - Sudoesteacontece","robots":{"index":"index","follow":"follow","max-snippet":"max-snippet:-1","max-image-preview":"max-image-preview:large","max-video-preview":"max-video-preview:-1"},"canonical":"https:\/\/sudoesteacontece.com.br\/?p=28696","og_locale":"pt_BR","og_type":"article","og_title":"Quatro crian\u00e7as morrem afogadas ap\u00f3s embarca\u00e7\u00e3o improvisada em Paramirim - Sudoesteacontece","og_description":"Quatro crian\u00e7as morreram afogadas na tarde deste domingo (30), ap\u00f3s uma embarca\u00e7\u00e3o improvisada virar no povoado de Salina Branca, em Paramirim, no sudoeste da Bahia. O acidente aconteceu por volta das 15h41 e envolveu duas pessoas adultas e cinco crian\u00e7as que estavam na embarca\u00e7\u00e3o no momento do incidente. Os adultos tentaram retirar as v\u00edtimas da \u00e1gua e conseguiram resgatar uma das crian\u00e7as, mas as outras quatro n\u00e3o sobreviveram. As v\u00edtimas foram identificadas como Diego Silva Oliveira, de 6 anos, Jefferson Davi Silva Oliveira, de 9, Lorenzo Almeida Cardoso, de 8, e Jos\u00e9 Diogo Silva Oliveira, de 3. Segundo informa\u00e7\u00f5es obtidas no local, a embarca\u00e7\u00e3o utilizada pelo grupo era improvisada e virou durante a travessia. Ap\u00f3s o acidente, os dois adultos entraram na \u00e1gua para tentar salvar as crian\u00e7as, conseguindo retirar apenas uma delas. As outras quatro permaneceram submersas at\u00e9 a chegada das equipes especializadas mobilizadas para atender a ocorr\u00eancia. Diego Silva Oliveira tinha 6 anos, enquanto Jefferson Davi Silva Oliveira tinha 9 anos. Tamb\u00e9m morreram Lorenzo Almeida Cardoso, de 8 anos, e Jos\u00e9 Diogo Silva Oliveira, de apenas 3 anos. A ocorr\u00eancia mobilizou equipes de atendimento, que permaneceram no povoado para prestar apoio e acompanhar os procedimentos relacionados ao acidente. Equipes especializadas em mergulho foram acionadas para realizar as buscas e localizar as crian\u00e7as que continuavam submersas ap\u00f3s o afogamento. A guarni\u00e7\u00e3o que atendeu inicialmente a ocorr\u00eancia permaneceu na regi\u00e3o durante o trabalho de resgate e prestou suporte \u00e0s equipes envolvidas. A confirma\u00e7\u00e3o das mortes encerra as buscas pelas quatro v\u00edtimas do acidente registrado na tarde deste domingo em Salina Branca.","og_url":"https:\/\/sudoesteacontece.com.br\/?p=28696","og_site_name":"Sudoesteacontece","article_publisher":"https:\/\/www.facebook.com\/sudoesteacontece\/?locale=pt_BR","article_published_time":"2026-08-31T11:23:00+00:00","article_modified_time":"2026-08-31T12:25:02+00:00","og_image":[{"width":900,"height":600,"url":"https:\/\/sudoesteacontece.com.br\/wp-content\/uploads\/2026\/08\/Quatro-criancas-morrem-afogadas-apos-embarcacao-improvisada-em-Paramirim.jpg","type":"image\/jpeg"}],"author":"Reda\u00e7\u00e3o","twitter_card":"summary_large_image","twitter_misc":{"Escrito por":"Reda\u00e7\u00e3o","Est. tempo de leitura":"2 minutos"},"schema":{"@context":"https:\/\/schema.org","@graph":[{"@type":"Article","@id":"https:\/\/sudoesteacontece.com.br\/?p=28696#article","isPartOf":{"@id":"https:\/\/sudoesteacontece.com.br\/?p=28696"},"author":{"name":"Reda\u00e7\u00e3o","@id":"https:\/\/sudoesteacontece.com.br\/#\/schema\/person\/a4f22429c1d0923ef8f7d43343f8dc38"},"headline":"Quatro crian\u00e7as morrem afogadas ap\u00f3s embarca\u00e7\u00e3o improvisada em Paramirim","datePublished":"2026-08-31T11:23:00+00:00","dateModified":"2026-08-31T12:25:02+00:00","mainEntityOfPage":{"@id":"https:\/\/sudoesteacontece.com.br\/?p=28696"},"wordCount":287,"commentCount":0,"publisher":{"@id":"https:\/\/sudoesteacontece.com.br\/#organization"},"image":{"@id":"https:\/\/sudoesteacontece.com.br\/?p=28696#primaryimage"},"thumbnailUrl":"http:\/\/sudoesteacontece.com.br\/wp-content\/uploads\/2026\/08\/Quatro-criancas-morrem-afogadas-apos-embarcacao-improvisada-em-Paramirim.jpg","articleSection":["Cidades","Paramirim","Pol\u00edcia"],"inLanguage":"pt-BR","potentialAction":[{"@type":"CommentAction","name":"Comment","target":["https:\/\/sudoesteacontece.com.br\/?p=28696#respond"]}]},{"@type":"WebPage","@id":"https:\/\/sudoesteacontece.com.br\/?p=28696","url":"https:\/\/sudoesteacontece.com.br\/?p=28696","name":"Quatro crian\u00e7as morrem afogadas ap\u00f3s embarca\u00e7\u00e3o improvisada em Paramirim - Sudoesteacontece","isPartOf":{"@id":"https:\/\/sudoesteacontece.com.br\/#website"},"primaryImageOfPage":{"@id":"https:\/\/sudoesteacontece.com.br\/?p=28696#primaryimage"},"image":{"@id":"https:\/\/sudoesteacontece.com.br\/?p=28696#primaryimage"},"thumbnailUrl":"http:\/\/sudoesteacontece.com.br\/wp-content\/uploads\/2026\/08\/Quatro-criancas-morrem-afogadas-apos-embarcacao-improvisada-em-Paramirim.jpg","datePublished":"2026-08-31T11:23:00+00:00","dateModified":"2026-08-31T12:25:02+00:00","breadcrumb":{"@id":"https:\/\/sudoesteacontece.com.br\/?p=28696#breadcrumb"},"inLanguage":"pt-BR","potentialAction":[{"@type":"ReadAction","target":["https:\/\/sudoesteacontece.com.br\/?p=28696"]}]},{"@type":"ImageObject","inLanguage":"pt-BR","@id":"https:\/\/sudoesteacontece.com.br\/?p=28696#primaryimage","url":"https:\/\/sudoesteacontece.com.br\/wp-content\/uploads\/2026\/08\/Quatro-criancas-morrem-afogadas-apos-embarcacao-improvisada-em-Paramirim.jpg","contentUrl":"https:\/\/sudoesteacontece.com.br\/wp-content\/uploads\/2026\/08\/Quatro-criancas-morrem-afogadas-apos-embarcacao-improvisada-em-Paramirim.jpg","width":900,"height":600},{"@type":"BreadcrumbList","@id":"https:\/\/sudoesteacontece.com.br\/?p=28696#breadcrumb","itemListElement":[{"@type":"ListItem","position":1,"name":"In\u00edcio","item":"https:\/\/sudoesteacontece.com.br\/"},{"@type":"ListItem","position":2,"name":"Quatro crian\u00e7as morrem afogadas ap\u00f3s embarca\u00e7\u00e3o improvisada em Paramirim"}]},{"@type":"WebSite","@id":"https:\/\/sudoesteacontece.com.br\/#website","url":"https:\/\/sudoesteacontece.com.br\/","name":"Sudoesteacontece","description":"","publisher":{"@id":"https:\/\/sudoesteacontece.com.br\/#organization"},"potentialAction":[{"@type":"SearchAction","target":{"@type":"EntryPoint","urlTemplate":"https:\/\/sudoesteacontece.com.br\/?s={search_term_string}"},"query-input":{"@type":"PropertyValueSpecification","valueRequired":true,"valueName":"search_term_string"}}],"inLanguage":"pt-BR"},{"@type":"Organization","@id":"https:\/\/sudoesteacontece.com.br\/#organization","name":"Sudoesteacontece","url":"https:\/\/sudoesteacontece.com.br\/","logo":{"@type":"ImageObject","inLanguage":"pt-BR","@id":"https:\/\/sudoesteacontece.com.br\/#\/schema\/logo\/image\/","url":"https:\/\/sudoesteacontece.com.br\/wp-content\/uploads\/2025\/12\/cropped-logo-2-180x180-1.png","contentUrl":"https:\/\/sudoesteacontece.com.br\/wp-content\/uploads\/2025\/12\/cropped-logo-2-180x180-1.png","width":180,"height":180,"caption":"Sudoesteacontece"},"image":{"@id":"https:\/\/sudoesteacontece.com.br\/#\/schema\/logo\/image\/"},"sameAs":["https:\/\/www.facebook.com\/sudoesteacontece\/?locale=pt_BR"]},{"@type":"Person","@id":"https:\/\/sudoesteacontece.com.br\/#\/schema\/person\/a4f22429c1d0923ef8f7d43343f8dc38","name":"Reda\u00e7\u00e3o","image":{"@type":"ImageObject","inLanguage":"pt-BR","@id":"https:\/\/sudoesteacontece.com.br\/#\/schema\/person\/image\/","url":"https:\/\/secure.gravatar.com\/avatar\/c3a5b3c93f268a709c25a2df414c629a96fb3b1b4bf97a94fb3f72e54ae76903?s=96&d=mm&r=g","contentUrl":"https:\/\/secure.gravatar.com\/avatar\/c3a5b3c93f268a709c25a2df414c629a96fb3b1b4bf97a94fb3f72e54ae76903?s=96&d=mm&r=g","caption":"Reda\u00e7\u00e3o"},"url":"https:\/\/sudoesteacontece.com.br\/?author=4"}]}},"_links":{"self":[{"href":"https:\/\/sudoesteacontece.com.br\/index.php?rest_route=\/wp\/v2\/posts\/28696","targetHints":{"allow":["GET"]}}],"collection":[{"href":"https:\/\/sudoesteacontece.com.br\/index.php?rest_route=\/wp\/v2\/posts"}],"about":[{"href":"https:\/\/sudoesteacontece.com.br\/index.php?rest_route=\/wp\/v2\/types\/post"}],"author":[{"embeddable":true,"href":"https:\/\/sudoesteacontece.com.br\/index.php?rest_route=\/wp\/v2\/users\/4"}],"replies":[{"embeddable":true,"href":"https:\/\/sudoesteacontece.com.br\/index.php?rest_route=%2Fwp%2Fv2%2Fcomments&post=28696"}],"version-history":[{"count":1,"href":"https:\/\/sudoesteacontece.com.br\/index.php?rest_route=\/wp\/v2\/posts\/28696\/revisions"}],"predecessor-version":[{"id":28746,"href":"https:\/\/sudoesteacontece.com.br\/index.php?rest_route=\/wp\/v2\/posts\/28696\/revisions\/28746"}],"wp:attachment":[{"href":"https:\/\/sudoesteacontece.com.br\/index.php?rest_route=%2Fwp%2Fv2%2Fmedia&parent=28696"}],"wp:term":[{"taxonomy":"category","embeddable":true,"href":"https:\/\/sudoesteacontece.com.br\/index.php?rest_route=%2Fwp%2Fv2%2Fcategories&post=28696"},{"taxonomy":"post_tag","embeddable":true,"href":"https:\/\/sudoesteacontece.com.br\/index.php?rest_route=%2Fwp%2Fv2%2Ftags&post=28696"}],"curies":[{"name":"wp","href":"https:\/\/api.w.org\/{rel}","templated":true}]}}