{"id":28697,"date":"2026-08-31T09:25:48","date_gmt":"2026-08-31T12:25:48","guid":{"rendered":"https:\/\/sudoesteacontece.com.br\/?p=28697"},"modified":"2026-08-31T09:25:53","modified_gmt":"2026-08-31T12:25:53","slug":"prefeito-de-coite-declara-apoio-a-flavio-bolsonaro-nas-eleicoes","status":"publish","type":"post","link":"https:\/\/sudoesteacontece.com.br\/?p=28697","title":{"rendered":"Prefeito de Coit\u00e9 declara apoio a Fl\u00e1vio Bolsonaro nas elei\u00e7\u00f5es"},"content":{"rendered":"\n<figure class=\"wp-block-image size-full\"><img fetchpriority=\"high\" decoding=\"async\" width=\"900\" height=\"600\" src=\"http:\/\/sudoesteacontece.com.br\/wp-content\/uploads\/2026\/08\/Prefeito-de-Coite-declara-apoio-a-Flavio-Bolsonaro-nas-eleicoes.jpg\" alt=\"\" class=\"wp-image-28747\" srcset=\"https:\/\/sudoesteacontece.com.br\/wp-content\/uploads\/2026\/08\/Prefeito-de-Coite-declara-apoio-a-Flavio-Bolsonaro-nas-eleicoes.jpg 900w, https:\/\/sudoesteacontece.com.br\/wp-content\/uploads\/2026\/08\/Prefeito-de-Coite-declara-apoio-a-Flavio-Bolsonaro-nas-eleicoes-300x200.jpg 300w, https:\/\/sudoesteacontece.com.br\/wp-content\/uploads\/2026\/08\/Prefeito-de-Coite-declara-apoio-a-Flavio-Bolsonaro-nas-eleicoes-768x512.jpg 768w\" sizes=\"(max-width: 900px) 100vw, 900px\" \/><\/figure>\n\n\n\n<p class=\"wp-block-paragraph\">O prefeito de Concei\u00e7\u00e3o do Coit\u00e9, Marcelo Ara\u00fajo (Uni\u00e3o), declarou apoio \u00e0 candidatura de Fl\u00e1vio Bolsonaro (PL-RJ) \u00e0 Presid\u00eancia da Rep\u00fablica. No s\u00e1bado (29), o gestor publicou nas redes sociais uma fotografia ao lado do senador e afirmou defender a elei\u00e7\u00e3o dele e de ACM Neto (Uni\u00e3o) para o governo da Bahia.<\/p>\n\n\n\n<p class=\"wp-block-paragraph\">Segundo Marcelo Ara\u00fajo, o Brasil e a Bahia precisam passar por mudan\u00e7as. Ao divulgar um v\u00eddeo nas redes sociais, o prefeito afirmou que pretende trabalhar pela elei\u00e7\u00e3o de Fl\u00e1vio Bolsonaro e ACM Neto, projetando os dois pol\u00edticos como parceiros de sua administra\u00e7\u00e3o em Coit\u00e9.<\/p>\n\n\n\n<p class=\"wp-block-paragraph\">Atualmente, quatro dos 30 munic\u00edpios baianos mais populosos t\u00eam prefeitos que declararam publicamente apoio a Fl\u00e1vio Bolsonaro. Al\u00e9m de Marcelo Ara\u00fajo, tamb\u00e9m anunciaram voto no senador os prefeitos Jos\u00e9 Ronaldo de Carvalho (Uni\u00e3o), de Feira de Santana, J\u00e2nio Natal (PL), de Porto Seguro, e J\u00fanior Marab\u00e1 (PP), de Lu\u00eds Eduardo Magalh\u00e3es.<\/p>\n\n\n\n<p class=\"wp-block-paragraph\">Embora apoie Fl\u00e1vio para a Presid\u00eancia, Marcelo Ara\u00fajo mant\u00e9m uma posi\u00e7\u00e3o diferente na disputa para deputado estadual. O prefeito declarou voto em Luciano Araujo (Avante), primo dele e candidato alinhado ao grupo pol\u00edtico do governador Jer\u00f4nimo Rodrigues (PT).<\/p>\n\n\n\n<p class=\"wp-block-paragraph\">Jos\u00e9 Ronaldo tamb\u00e9m tornou p\u00fablica sua escolha durante um evento pol\u00edtico realizado em Salvador. Na ocasi\u00e3o, o prefeito de Feira de Santana afirmou que pretende repetir o voto dado em 2022 e apoiar novamente a fam\u00edlia Bolsonaro, desta vez com Fl\u00e1vio como candidato \u00e0 Presid\u00eancia.<\/p>\n\n\n\n<p class=\"wp-block-paragraph\">J\u00e1 J\u00e2nio Natal, prefeito de Porto Seguro, \u00e9 o \u00fanico dos quatro gestores que pertence ao PL, partido de Fl\u00e1vio Bolsonaro na Bahia. Apesar disso, ele apoia para deputado federal o candidato Neto Carletto (Avante), que integra o grupo pol\u00edtico ligado ao governador Jer\u00f4nimo Rodrigues.<\/p>\n\n\n\n<p class=\"wp-block-paragraph\">Por sua vez, J\u00fanior Marab\u00e1 declarou apoio a Fl\u00e1vio Bolsonaro durante a passagem do senador pela Bahia Farm Show, em junho. O prefeito afirmou acompanhar o candidato e tamb\u00e9m tem apoio da esposa, Cinthya Marab\u00e1, que disputa uma vaga de deputada estadual pelo PL.<\/p>\n\n\n\n<p class=\"wp-block-paragraph\">Entre os demais munic\u00edpios baianos com maior popula\u00e7\u00e3o, n\u00e3o houve, at\u00e9 o momento, manifesta\u00e7\u00e3o p\u00fablica de apoio a Fl\u00e1vio Bolsonaro por parte de outros prefeitos. Em Salvador, por exemplo, Bruno Reis (Uni\u00e3o) declarou voto em Ronaldo Caiado (PSD), mesma escolha anunciada por ACM Neto.<\/p>\n\n\n\n<p class=\"wp-block-paragraph\">Tamb\u00e9m n\u00e3o foram registradas declara\u00e7\u00f5es p\u00fablicas de apoio a Fl\u00e1vio Bolsonaro entre prefeitos de cidades como Vit\u00f3ria da Conquista, Lauro de Freitas, Ilh\u00e9us, Jequi\u00e9 e Senhor do Bonfim. O cen\u00e1rio pode mudar ao longo da campanha eleitoral.<\/p>\n","protected":false},"excerpt":{"rendered":"<p>O prefeito de Concei\u00e7\u00e3o do Coit\u00e9, Marcelo Ara\u00fajo (Uni\u00e3o), declarou apoio \u00e0 candidatura de Fl\u00e1vio Bolsonaro (PL-RJ) \u00e0 Presid\u00eancia da Rep\u00fablica. No s\u00e1bado (29), o gestor publicou nas redes sociais uma fotografia ao lado do senador e afirmou defender a elei\u00e7\u00e3o dele e de ACM Neto (Uni\u00e3o) para o governo da Bahia. Segundo Marcelo Ara\u00fajo, o Brasil e a Bahia precisam passar por mudan\u00e7as. Ao divulgar um v\u00eddeo nas redes sociais, o prefeito afirmou que pretende trabalhar pela elei\u00e7\u00e3o de Fl\u00e1vio Bolsonaro e ACM Neto, projetando os dois pol\u00edticos como parceiros de sua administra\u00e7\u00e3o em Coit\u00e9. Atualmente, quatro dos 30 munic\u00edpios baianos mais populosos t\u00eam prefeitos que declararam publicamente apoio a Fl\u00e1vio Bolsonaro. Al\u00e9m de Marcelo Ara\u00fajo, tamb\u00e9m anunciaram voto no senador os prefeitos Jos\u00e9 Ronaldo de Carvalho (Uni\u00e3o), de Feira de Santana, J\u00e2nio Natal (PL), de Porto Seguro, e J\u00fanior Marab\u00e1 (PP), de Lu\u00eds Eduardo Magalh\u00e3es. Embora apoie Fl\u00e1vio para a Presid\u00eancia, Marcelo Ara\u00fajo mant\u00e9m uma posi\u00e7\u00e3o diferente na disputa para deputado estadual. O prefeito declarou voto em Luciano Araujo (Avante), primo dele e candidato alinhado ao grupo pol\u00edtico do governador Jer\u00f4nimo Rodrigues (PT). Jos\u00e9 Ronaldo tamb\u00e9m tornou p\u00fablica sua escolha durante um evento pol\u00edtico realizado em Salvador. Na ocasi\u00e3o, o prefeito de Feira de Santana afirmou que pretende repetir o voto dado em 2022 e apoiar novamente a fam\u00edlia Bolsonaro, desta vez com Fl\u00e1vio como candidato \u00e0 Presid\u00eancia. J\u00e1 J\u00e2nio Natal, prefeito de Porto Seguro, \u00e9 o \u00fanico dos quatro gestores que pertence ao PL, partido de Fl\u00e1vio Bolsonaro na Bahia. Apesar disso, ele apoia para deputado federal o candidato Neto Carletto (Avante), que integra o grupo pol\u00edtico ligado ao governador Jer\u00f4nimo Rodrigues. Por sua vez, J\u00fanior Marab\u00e1 declarou apoio a Fl\u00e1vio Bolsonaro durante a passagem do senador pela Bahia Farm Show, em junho. O prefeito afirmou acompanhar o candidato e tamb\u00e9m tem apoio da esposa, Cinthya Marab\u00e1, que disputa uma vaga de deputada estadual pelo PL. Entre os demais munic\u00edpios baianos com maior popula\u00e7\u00e3o, n\u00e3o houve, at\u00e9 o momento, manifesta\u00e7\u00e3o p\u00fablica de apoio a Fl\u00e1vio Bolsonaro por parte de outros prefeitos. Em Salvador, por exemplo, Bruno Reis (Uni\u00e3o) declarou voto em Ronaldo Caiado (PSD), mesma escolha anunciada por ACM Neto. Tamb\u00e9m n\u00e3o foram registradas declara\u00e7\u00f5es p\u00fablicas de apoio a Fl\u00e1vio Bolsonaro entre prefeitos de cidades como Vit\u00f3ria da Conquista, Lauro de Freitas, Ilh\u00e9us, Jequi\u00e9 e Senhor do Bonfim. O cen\u00e1rio pode mudar ao longo da campanha eleitoral.<\/p>\n","protected":false},"author":4,"featured_media":0,"comment_status":"open","ping_status":"open","sticky":false,"template":"","format":"standard","meta":{"footnotes":""},"categories":[7,4,58,6],"tags":[],"class_list":["post-28697","post","type-post","status-publish","format-standard","hentry","category-bahia","category-cidades","category-eleicoes-2026","category-politica"],"yoast_head":"<!-- This site is optimized with the Yoast SEO plugin v26.5 - https:\/\/yoast.com\/wordpress\/plugins\/seo\/ -->\n<title>Prefeito de Coit\u00e9 declara apoio a Fl\u00e1vio Bolsonaro nas elei\u00e7\u00f5es - Sudoesteacontece<\/title>\n<meta name=\"robots\" content=\"index, follow, max-snippet:-1, max-image-preview:large, max-video-preview:-1\" \/>\n<link rel=\"canonical\" href=\"https:\/\/sudoesteacontece.com.br\/?p=28697\" \/>\n<meta property=\"og:locale\" content=\"pt_BR\" \/>\n<meta property=\"og:type\" content=\"article\" \/>\n<meta property=\"og:title\" content=\"Prefeito de Coit\u00e9 declara apoio a Fl\u00e1vio Bolsonaro nas elei\u00e7\u00f5es - Sudoesteacontece\" \/>\n<meta property=\"og:description\" content=\"O prefeito de Concei\u00e7\u00e3o do Coit\u00e9, Marcelo Ara\u00fajo (Uni\u00e3o), declarou apoio \u00e0 candidatura de Fl\u00e1vio Bolsonaro (PL-RJ) \u00e0 Presid\u00eancia da Rep\u00fablica. No s\u00e1bado (29), o gestor publicou nas redes sociais uma fotografia ao lado do senador e afirmou defender a elei\u00e7\u00e3o dele e de ACM Neto (Uni\u00e3o) para o governo da Bahia. Segundo Marcelo Ara\u00fajo, o Brasil e a Bahia precisam passar por mudan\u00e7as. Ao divulgar um v\u00eddeo nas redes sociais, o prefeito afirmou que pretende trabalhar pela elei\u00e7\u00e3o de Fl\u00e1vio Bolsonaro e ACM Neto, projetando os dois pol\u00edticos como parceiros de sua administra\u00e7\u00e3o em Coit\u00e9. Atualmente, quatro dos 30 munic\u00edpios baianos mais populosos t\u00eam prefeitos que declararam publicamente apoio a Fl\u00e1vio Bolsonaro. Al\u00e9m de Marcelo Ara\u00fajo, tamb\u00e9m anunciaram voto no senador os prefeitos Jos\u00e9 Ronaldo de Carvalho (Uni\u00e3o), de Feira de Santana, J\u00e2nio Natal (PL), de Porto Seguro, e J\u00fanior Marab\u00e1 (PP), de Lu\u00eds Eduardo Magalh\u00e3es. Embora apoie Fl\u00e1vio para a Presid\u00eancia, Marcelo Ara\u00fajo mant\u00e9m uma posi\u00e7\u00e3o diferente na disputa para deputado estadual. O prefeito declarou voto em Luciano Araujo (Avante), primo dele e candidato alinhado ao grupo pol\u00edtico do governador Jer\u00f4nimo Rodrigues (PT). Jos\u00e9 Ronaldo tamb\u00e9m tornou p\u00fablica sua escolha durante um evento pol\u00edtico realizado em Salvador. Na ocasi\u00e3o, o prefeito de Feira de Santana afirmou que pretende repetir o voto dado em 2022 e apoiar novamente a fam\u00edlia Bolsonaro, desta vez com Fl\u00e1vio como candidato \u00e0 Presid\u00eancia. J\u00e1 J\u00e2nio Natal, prefeito de Porto Seguro, \u00e9 o \u00fanico dos quatro gestores que pertence ao PL, partido de Fl\u00e1vio Bolsonaro na Bahia. Apesar disso, ele apoia para deputado federal o candidato Neto Carletto (Avante), que integra o grupo pol\u00edtico ligado ao governador Jer\u00f4nimo Rodrigues. Por sua vez, J\u00fanior Marab\u00e1 declarou apoio a Fl\u00e1vio Bolsonaro durante a passagem do senador pela Bahia Farm Show, em junho. O prefeito afirmou acompanhar o candidato e tamb\u00e9m tem apoio da esposa, Cinthya Marab\u00e1, que disputa uma vaga de deputada estadual pelo PL. Entre os demais munic\u00edpios baianos com maior popula\u00e7\u00e3o, n\u00e3o houve, at\u00e9 o momento, manifesta\u00e7\u00e3o p\u00fablica de apoio a Fl\u00e1vio Bolsonaro por parte de outros prefeitos. Em Salvador, por exemplo, Bruno Reis (Uni\u00e3o) declarou voto em Ronaldo Caiado (PSD), mesma escolha anunciada por ACM Neto. Tamb\u00e9m n\u00e3o foram registradas declara\u00e7\u00f5es p\u00fablicas de apoio a Fl\u00e1vio Bolsonaro entre prefeitos de cidades como Vit\u00f3ria da Conquista, Lauro de Freitas, Ilh\u00e9us, Jequi\u00e9 e Senhor do Bonfim. O cen\u00e1rio pode mudar ao longo da campanha eleitoral.\" \/>\n<meta property=\"og:url\" content=\"https:\/\/sudoesteacontece.com.br\/?p=28697\" \/>\n<meta property=\"og:site_name\" content=\"Sudoesteacontece\" \/>\n<meta property=\"article:publisher\" content=\"https:\/\/www.facebook.com\/sudoesteacontece\/?locale=pt_BR\" \/>\n<meta property=\"article:published_time\" content=\"2026-08-31T12:25:48+00:00\" \/>\n<meta property=\"article:modified_time\" content=\"2026-08-31T12:25:53+00:00\" \/>\n<meta property=\"og:image\" content=\"https:\/\/sudoesteacontece.com.br\/wp-content\/uploads\/2026\/08\/Prefeito-de-Coite-declara-apoio-a-Flavio-Bolsonaro-nas-eleicoes.jpg\" \/>\n\t<meta property=\"og:image:width\" content=\"900\" \/>\n\t<meta property=\"og:image:height\" content=\"600\" \/>\n\t<meta property=\"og:image:type\" content=\"image\/jpeg\" \/>\n<meta name=\"author\" content=\"Reda\u00e7\u00e3o\" \/>\n<meta name=\"twitter:card\" content=\"summary_large_image\" \/>\n<meta name=\"twitter:label1\" content=\"Escrito por\" \/>\n\t<meta name=\"twitter:data1\" content=\"Reda\u00e7\u00e3o\" \/>\n\t<meta name=\"twitter:label2\" content=\"Est. tempo de leitura\" \/>\n\t<meta name=\"twitter:data2\" content=\"3 minutos\" \/>\n<script type=\"application\/ld+json\" class=\"yoast-schema-graph\">{\"@context\":\"https:\/\/schema.org\",\"@graph\":[{\"@type\":\"Article\",\"@id\":\"https:\/\/sudoesteacontece.com.br\/?p=28697#article\",\"isPartOf\":{\"@id\":\"https:\/\/sudoesteacontece.com.br\/?p=28697\"},\"author\":{\"name\":\"Reda\u00e7\u00e3o\",\"@id\":\"https:\/\/sudoesteacontece.com.br\/#\/schema\/person\/a4f22429c1d0923ef8f7d43343f8dc38\"},\"headline\":\"Prefeito de Coit\u00e9 declara apoio a Fl\u00e1vio Bolsonaro nas elei\u00e7\u00f5es\",\"datePublished\":\"2026-08-31T12:25:48+00:00\",\"dateModified\":\"2026-08-31T12:25:53+00:00\",\"mainEntityOfPage\":{\"@id\":\"https:\/\/sudoesteacontece.com.br\/?p=28697\"},\"wordCount\":468,\"commentCount\":0,\"publisher\":{\"@id\":\"https:\/\/sudoesteacontece.com.br\/#organization\"},\"image\":{\"@id\":\"https:\/\/sudoesteacontece.com.br\/?p=28697#primaryimage\"},\"thumbnailUrl\":\"http:\/\/sudoesteacontece.com.br\/wp-content\/uploads\/2026\/08\/Prefeito-de-Coite-declara-apoio-a-Flavio-Bolsonaro-nas-eleicoes.jpg\",\"articleSection\":[\"Bahia\",\"Cidades\",\"Elei\u00e7\u00f5es 2026\",\"Pol\u00edtica\"],\"inLanguage\":\"pt-BR\",\"potentialAction\":[{\"@type\":\"CommentAction\",\"name\":\"Comment\",\"target\":[\"https:\/\/sudoesteacontece.com.br\/?p=28697#respond\"]}]},{\"@type\":\"WebPage\",\"@id\":\"https:\/\/sudoesteacontece.com.br\/?p=28697\",\"url\":\"https:\/\/sudoesteacontece.com.br\/?p=28697\",\"name\":\"Prefeito de Coit\u00e9 declara apoio a Fl\u00e1vio Bolsonaro nas elei\u00e7\u00f5es - Sudoesteacontece\",\"isPartOf\":{\"@id\":\"https:\/\/sudoesteacontece.com.br\/#website\"},\"primaryImageOfPage\":{\"@id\":\"https:\/\/sudoesteacontece.com.br\/?p=28697#primaryimage\"},\"image\":{\"@id\":\"https:\/\/sudoesteacontece.com.br\/?p=28697#primaryimage\"},\"thumbnailUrl\":\"http:\/\/sudoesteacontece.com.br\/wp-content\/uploads\/2026\/08\/Prefeito-de-Coite-declara-apoio-a-Flavio-Bolsonaro-nas-eleicoes.jpg\",\"datePublished\":\"2026-08-31T12:25:48+00:00\",\"dateModified\":\"2026-08-31T12:25:53+00:00\",\"breadcrumb\":{\"@id\":\"https:\/\/sudoesteacontece.com.br\/?p=28697#breadcrumb\"},\"inLanguage\":\"pt-BR\",\"potentialAction\":[{\"@type\":\"ReadAction\",\"target\":[\"https:\/\/sudoesteacontece.com.br\/?p=28697\"]}]},{\"@type\":\"ImageObject\",\"inLanguage\":\"pt-BR\",\"@id\":\"https:\/\/sudoesteacontece.com.br\/?p=28697#primaryimage\",\"url\":\"https:\/\/sudoesteacontece.com.br\/wp-content\/uploads\/2026\/08\/Prefeito-de-Coite-declara-apoio-a-Flavio-Bolsonaro-nas-eleicoes.jpg\",\"contentUrl\":\"https:\/\/sudoesteacontece.com.br\/wp-content\/uploads\/2026\/08\/Prefeito-de-Coite-declara-apoio-a-Flavio-Bolsonaro-nas-eleicoes.jpg\",\"width\":900,\"height\":600},{\"@type\":\"BreadcrumbList\",\"@id\":\"https:\/\/sudoesteacontece.com.br\/?p=28697#breadcrumb\",\"itemListElement\":[{\"@type\":\"ListItem\",\"position\":1,\"name\":\"In\u00edcio\",\"item\":\"https:\/\/sudoesteacontece.com.br\/\"},{\"@type\":\"ListItem\",\"position\":2,\"name\":\"Prefeito de Coit\u00e9 declara apoio a Fl\u00e1vio Bolsonaro nas elei\u00e7\u00f5es\"}]},{\"@type\":\"WebSite\",\"@id\":\"https:\/\/sudoesteacontece.com.br\/#website\",\"url\":\"https:\/\/sudoesteacontece.com.br\/\",\"name\":\"Sudoesteacontece\",\"description\":\"\",\"publisher\":{\"@id\":\"https:\/\/sudoesteacontece.com.br\/#organization\"},\"potentialAction\":[{\"@type\":\"SearchAction\",\"target\":{\"@type\":\"EntryPoint\",\"urlTemplate\":\"https:\/\/sudoesteacontece.com.br\/?s={search_term_string}\"},\"query-input\":{\"@type\":\"PropertyValueSpecification\",\"valueRequired\":true,\"valueName\":\"search_term_string\"}}],\"inLanguage\":\"pt-BR\"},{\"@type\":\"Organization\",\"@id\":\"https:\/\/sudoesteacontece.com.br\/#organization\",\"name\":\"Sudoesteacontece\",\"url\":\"https:\/\/sudoesteacontece.com.br\/\",\"logo\":{\"@type\":\"ImageObject\",\"inLanguage\":\"pt-BR\",\"@id\":\"https:\/\/sudoesteacontece.com.br\/#\/schema\/logo\/image\/\",\"url\":\"https:\/\/sudoesteacontece.com.br\/wp-content\/uploads\/2025\/12\/cropped-logo-2-180x180-1.png\",\"contentUrl\":\"https:\/\/sudoesteacontece.com.br\/wp-content\/uploads\/2025\/12\/cropped-logo-2-180x180-1.png\",\"width\":180,\"height\":180,\"caption\":\"Sudoesteacontece\"},\"image\":{\"@id\":\"https:\/\/sudoesteacontece.com.br\/#\/schema\/logo\/image\/\"},\"sameAs\":[\"https:\/\/www.facebook.com\/sudoesteacontece\/?locale=pt_BR\"]},{\"@type\":\"Person\",\"@id\":\"https:\/\/sudoesteacontece.com.br\/#\/schema\/person\/a4f22429c1d0923ef8f7d43343f8dc38\",\"name\":\"Reda\u00e7\u00e3o\",\"image\":{\"@type\":\"ImageObject\",\"inLanguage\":\"pt-BR\",\"@id\":\"https:\/\/sudoesteacontece.com.br\/#\/schema\/person\/image\/\",\"url\":\"https:\/\/secure.gravatar.com\/avatar\/c3a5b3c93f268a709c25a2df414c629a96fb3b1b4bf97a94fb3f72e54ae76903?s=96&d=mm&r=g\",\"contentUrl\":\"https:\/\/secure.gravatar.com\/avatar\/c3a5b3c93f268a709c25a2df414c629a96fb3b1b4bf97a94fb3f72e54ae76903?s=96&d=mm&r=g\",\"caption\":\"Reda\u00e7\u00e3o\"},\"url\":\"https:\/\/sudoesteacontece.com.br\/?author=4\"}]}<\/script>\n<!-- \/ Yoast SEO plugin. -->","yoast_head_json":{"title":"Prefeito de Coit\u00e9 declara apoio a Fl\u00e1vio Bolsonaro nas elei\u00e7\u00f5es - Sudoesteacontece","robots":{"index":"index","follow":"follow","max-snippet":"max-snippet:-1","max-image-preview":"max-image-preview:large","max-video-preview":"max-video-preview:-1"},"canonical":"https:\/\/sudoesteacontece.com.br\/?p=28697","og_locale":"pt_BR","og_type":"article","og_title":"Prefeito de Coit\u00e9 declara apoio a Fl\u00e1vio Bolsonaro nas elei\u00e7\u00f5es - Sudoesteacontece","og_description":"O prefeito de Concei\u00e7\u00e3o do Coit\u00e9, Marcelo Ara\u00fajo (Uni\u00e3o), declarou apoio \u00e0 candidatura de Fl\u00e1vio Bolsonaro (PL-RJ) \u00e0 Presid\u00eancia da Rep\u00fablica. No s\u00e1bado (29), o gestor publicou nas redes sociais uma fotografia ao lado do senador e afirmou defender a elei\u00e7\u00e3o dele e de ACM Neto (Uni\u00e3o) para o governo da Bahia. Segundo Marcelo Ara\u00fajo, o Brasil e a Bahia precisam passar por mudan\u00e7as. Ao divulgar um v\u00eddeo nas redes sociais, o prefeito afirmou que pretende trabalhar pela elei\u00e7\u00e3o de Fl\u00e1vio Bolsonaro e ACM Neto, projetando os dois pol\u00edticos como parceiros de sua administra\u00e7\u00e3o em Coit\u00e9. Atualmente, quatro dos 30 munic\u00edpios baianos mais populosos t\u00eam prefeitos que declararam publicamente apoio a Fl\u00e1vio Bolsonaro. Al\u00e9m de Marcelo Ara\u00fajo, tamb\u00e9m anunciaram voto no senador os prefeitos Jos\u00e9 Ronaldo de Carvalho (Uni\u00e3o), de Feira de Santana, J\u00e2nio Natal (PL), de Porto Seguro, e J\u00fanior Marab\u00e1 (PP), de Lu\u00eds Eduardo Magalh\u00e3es. Embora apoie Fl\u00e1vio para a Presid\u00eancia, Marcelo Ara\u00fajo mant\u00e9m uma posi\u00e7\u00e3o diferente na disputa para deputado estadual. O prefeito declarou voto em Luciano Araujo (Avante), primo dele e candidato alinhado ao grupo pol\u00edtico do governador Jer\u00f4nimo Rodrigues (PT). Jos\u00e9 Ronaldo tamb\u00e9m tornou p\u00fablica sua escolha durante um evento pol\u00edtico realizado em Salvador. Na ocasi\u00e3o, o prefeito de Feira de Santana afirmou que pretende repetir o voto dado em 2022 e apoiar novamente a fam\u00edlia Bolsonaro, desta vez com Fl\u00e1vio como candidato \u00e0 Presid\u00eancia. J\u00e1 J\u00e2nio Natal, prefeito de Porto Seguro, \u00e9 o \u00fanico dos quatro gestores que pertence ao PL, partido de Fl\u00e1vio Bolsonaro na Bahia. Apesar disso, ele apoia para deputado federal o candidato Neto Carletto (Avante), que integra o grupo pol\u00edtico ligado ao governador Jer\u00f4nimo Rodrigues. Por sua vez, J\u00fanior Marab\u00e1 declarou apoio a Fl\u00e1vio Bolsonaro durante a passagem do senador pela Bahia Farm Show, em junho. O prefeito afirmou acompanhar o candidato e tamb\u00e9m tem apoio da esposa, Cinthya Marab\u00e1, que disputa uma vaga de deputada estadual pelo PL. Entre os demais munic\u00edpios baianos com maior popula\u00e7\u00e3o, n\u00e3o houve, at\u00e9 o momento, manifesta\u00e7\u00e3o p\u00fablica de apoio a Fl\u00e1vio Bolsonaro por parte de outros prefeitos. Em Salvador, por exemplo, Bruno Reis (Uni\u00e3o) declarou voto em Ronaldo Caiado (PSD), mesma escolha anunciada por ACM Neto. Tamb\u00e9m n\u00e3o foram registradas declara\u00e7\u00f5es p\u00fablicas de apoio a Fl\u00e1vio Bolsonaro entre prefeitos de cidades como Vit\u00f3ria da Conquista, Lauro de Freitas, Ilh\u00e9us, Jequi\u00e9 e Senhor do Bonfim. O cen\u00e1rio pode mudar ao longo da campanha eleitoral.","og_url":"https:\/\/sudoesteacontece.com.br\/?p=28697","og_site_name":"Sudoesteacontece","article_publisher":"https:\/\/www.facebook.com\/sudoesteacontece\/?locale=pt_BR","article_published_time":"2026-08-31T12:25:48+00:00","article_modified_time":"2026-08-31T12:25:53+00:00","og_image":[{"width":900,"height":600,"url":"https:\/\/sudoesteacontece.com.br\/wp-content\/uploads\/2026\/08\/Prefeito-de-Coite-declara-apoio-a-Flavio-Bolsonaro-nas-eleicoes.jpg","type":"image\/jpeg"}],"author":"Reda\u00e7\u00e3o","twitter_card":"summary_large_image","twitter_misc":{"Escrito por":"Reda\u00e7\u00e3o","Est. tempo de leitura":"3 minutos"},"schema":{"@context":"https:\/\/schema.org","@graph":[{"@type":"Article","@id":"https:\/\/sudoesteacontece.com.br\/?p=28697#article","isPartOf":{"@id":"https:\/\/sudoesteacontece.com.br\/?p=28697"},"author":{"name":"Reda\u00e7\u00e3o","@id":"https:\/\/sudoesteacontece.com.br\/#\/schema\/person\/a4f22429c1d0923ef8f7d43343f8dc38"},"headline":"Prefeito de Coit\u00e9 declara apoio a Fl\u00e1vio Bolsonaro nas elei\u00e7\u00f5es","datePublished":"2026-08-31T12:25:48+00:00","dateModified":"2026-08-31T12:25:53+00:00","mainEntityOfPage":{"@id":"https:\/\/sudoesteacontece.com.br\/?p=28697"},"wordCount":468,"commentCount":0,"publisher":{"@id":"https:\/\/sudoesteacontece.com.br\/#organization"},"image":{"@id":"https:\/\/sudoesteacontece.com.br\/?p=28697#primaryimage"},"thumbnailUrl":"http:\/\/sudoesteacontece.com.br\/wp-content\/uploads\/2026\/08\/Prefeito-de-Coite-declara-apoio-a-Flavio-Bolsonaro-nas-eleicoes.jpg","articleSection":["Bahia","Cidades","Elei\u00e7\u00f5es 2026","Pol\u00edtica"],"inLanguage":"pt-BR","potentialAction":[{"@type":"CommentAction","name":"Comment","target":["https:\/\/sudoesteacontece.com.br\/?p=28697#respond"]}]},{"@type":"WebPage","@id":"https:\/\/sudoesteacontece.com.br\/?p=28697","url":"https:\/\/sudoesteacontece.com.br\/?p=28697","name":"Prefeito de Coit\u00e9 declara apoio a Fl\u00e1vio Bolsonaro nas elei\u00e7\u00f5es - Sudoesteacontece","isPartOf":{"@id":"https:\/\/sudoesteacontece.com.br\/#website"},"primaryImageOfPage":{"@id":"https:\/\/sudoesteacontece.com.br\/?p=28697#primaryimage"},"image":{"@id":"https:\/\/sudoesteacontece.com.br\/?p=28697#primaryimage"},"thumbnailUrl":"http:\/\/sudoesteacontece.com.br\/wp-content\/uploads\/2026\/08\/Prefeito-de-Coite-declara-apoio-a-Flavio-Bolsonaro-nas-eleicoes.jpg","datePublished":"2026-08-31T12:25:48+00:00","dateModified":"2026-08-31T12:25:53+00:00","breadcrumb":{"@id":"https:\/\/sudoesteacontece.com.br\/?p=28697#breadcrumb"},"inLanguage":"pt-BR","potentialAction":[{"@type":"ReadAction","target":["https:\/\/sudoesteacontece.com.br\/?p=28697"]}]},{"@type":"ImageObject","inLanguage":"pt-BR","@id":"https:\/\/sudoesteacontece.com.br\/?p=28697#primaryimage","url":"https:\/\/sudoesteacontece.com.br\/wp-content\/uploads\/2026\/08\/Prefeito-de-Coite-declara-apoio-a-Flavio-Bolsonaro-nas-eleicoes.jpg","contentUrl":"https:\/\/sudoesteacontece.com.br\/wp-content\/uploads\/2026\/08\/Prefeito-de-Coite-declara-apoio-a-Flavio-Bolsonaro-nas-eleicoes.jpg","width":900,"height":600},{"@type":"BreadcrumbList","@id":"https:\/\/sudoesteacontece.com.br\/?p=28697#breadcrumb","itemListElement":[{"@type":"ListItem","position":1,"name":"In\u00edcio","item":"https:\/\/sudoesteacontece.com.br\/"},{"@type":"ListItem","position":2,"name":"Prefeito de Coit\u00e9 declara apoio a Fl\u00e1vio Bolsonaro nas elei\u00e7\u00f5es"}]},{"@type":"WebSite","@id":"https:\/\/sudoesteacontece.com.br\/#website","url":"https:\/\/sudoesteacontece.com.br\/","name":"Sudoesteacontece","description":"","publisher":{"@id":"https:\/\/sudoesteacontece.com.br\/#organization"},"potentialAction":[{"@type":"SearchAction","target":{"@type":"EntryPoint","urlTemplate":"https:\/\/sudoesteacontece.com.br\/?s={search_term_string}"},"query-input":{"@type":"PropertyValueSpecification","valueRequired":true,"valueName":"search_term_string"}}],"inLanguage":"pt-BR"},{"@type":"Organization","@id":"https:\/\/sudoesteacontece.com.br\/#organization","name":"Sudoesteacontece","url":"https:\/\/sudoesteacontece.com.br\/","logo":{"@type":"ImageObject","inLanguage":"pt-BR","@id":"https:\/\/sudoesteacontece.com.br\/#\/schema\/logo\/image\/","url":"https:\/\/sudoesteacontece.com.br\/wp-content\/uploads\/2025\/12\/cropped-logo-2-180x180-1.png","contentUrl":"https:\/\/sudoesteacontece.com.br\/wp-content\/uploads\/2025\/12\/cropped-logo-2-180x180-1.png","width":180,"height":180,"caption":"Sudoesteacontece"},"image":{"@id":"https:\/\/sudoesteacontece.com.br\/#\/schema\/logo\/image\/"},"sameAs":["https:\/\/www.facebook.com\/sudoesteacontece\/?locale=pt_BR"]},{"@type":"Person","@id":"https:\/\/sudoesteacontece.com.br\/#\/schema\/person\/a4f22429c1d0923ef8f7d43343f8dc38","name":"Reda\u00e7\u00e3o","image":{"@type":"ImageObject","inLanguage":"pt-BR","@id":"https:\/\/sudoesteacontece.com.br\/#\/schema\/person\/image\/","url":"https:\/\/secure.gravatar.com\/avatar\/c3a5b3c93f268a709c25a2df414c629a96fb3b1b4bf97a94fb3f72e54ae76903?s=96&d=mm&r=g","contentUrl":"https:\/\/secure.gravatar.com\/avatar\/c3a5b3c93f268a709c25a2df414c629a96fb3b1b4bf97a94fb3f72e54ae76903?s=96&d=mm&r=g","caption":"Reda\u00e7\u00e3o"},"url":"https:\/\/sudoesteacontece.com.br\/?author=4"}]}},"_links":{"self":[{"href":"https:\/\/sudoesteacontece.com.br\/index.php?rest_route=\/wp\/v2\/posts\/28697","targetHints":{"allow":["GET"]}}],"collection":[{"href":"https:\/\/sudoesteacontece.com.br\/index.php?rest_route=\/wp\/v2\/posts"}],"about":[{"href":"https:\/\/sudoesteacontece.com.br\/index.php?rest_route=\/wp\/v2\/types\/post"}],"author":[{"embeddable":true,"href":"https:\/\/sudoesteacontece.com.br\/index.php?rest_route=\/wp\/v2\/users\/4"}],"replies":[{"embeddable":true,"href":"https:\/\/sudoesteacontece.com.br\/index.php?rest_route=%2Fwp%2Fv2%2Fcomments&post=28697"}],"version-history":[{"count":1,"href":"https:\/\/sudoesteacontece.com.br\/index.php?rest_route=\/wp\/v2\/posts\/28697\/revisions"}],"predecessor-version":[{"id":28748,"href":"https:\/\/sudoesteacontece.com.br\/index.php?rest_route=\/wp\/v2\/posts\/28697\/revisions\/28748"}],"wp:attachment":[{"href":"https:\/\/sudoesteacontece.com.br\/index.php?rest_route=%2Fwp%2Fv2%2Fmedia&parent=28697"}],"wp:term":[{"taxonomy":"category","embeddable":true,"href":"https:\/\/sudoesteacontece.com.br\/index.php?rest_route=%2Fwp%2Fv2%2Fcategories&post=28697"},{"taxonomy":"post_tag","embeddable":true,"href":"https:\/\/sudoesteacontece.com.br\/index.php?rest_route=%2Fwp%2Fv2%2Ftags&post=28697"}],"curies":[{"name":"wp","href":"https:\/\/api.w.org\/{rel}","templated":true}]}}