{"id":28699,"date":"2026-08-31T09:13:21","date_gmt":"2026-08-31T12:13:21","guid":{"rendered":"https:\/\/sudoesteacontece.com.br\/?p=28699"},"modified":"2026-08-31T09:13:26","modified_gmt":"2026-08-31T12:13:26","slug":"identificadas-as-quatro-criancas-que-morreram-afogadas-em-paramirim","status":"publish","type":"post","link":"https:\/\/sudoesteacontece.com.br\/?p=28699","title":{"rendered":"Identificadas as quatro crian\u00e7as que morreram afogadas em Paramirim"},"content":{"rendered":"\n<figure class=\"wp-block-image size-full\"><img fetchpriority=\"high\" decoding=\"async\" width=\"900\" height=\"600\" src=\"http:\/\/sudoesteacontece.com.br\/wp-content\/uploads\/2026\/08\/Identificadas-as-quatro-criancas-que-morreram-afogadas-em-Paramirim.jpg\" alt=\"\" class=\"wp-image-28712\" srcset=\"https:\/\/sudoesteacontece.com.br\/wp-content\/uploads\/2026\/08\/Identificadas-as-quatro-criancas-que-morreram-afogadas-em-Paramirim.jpg 900w, https:\/\/sudoesteacontece.com.br\/wp-content\/uploads\/2026\/08\/Identificadas-as-quatro-criancas-que-morreram-afogadas-em-Paramirim-300x200.jpg 300w, https:\/\/sudoesteacontece.com.br\/wp-content\/uploads\/2026\/08\/Identificadas-as-quatro-criancas-que-morreram-afogadas-em-Paramirim-768x512.jpg 768w\" sizes=\"(max-width: 900px) 100vw, 900px\" \/><\/figure>\n\n\n\n<p class=\"wp-block-paragraph\">As quatro crian\u00e7as que morreram ap\u00f3s uma embarca\u00e7\u00e3o improvisada virar no povoado de Salina Branca, em Paramirim, no sudoeste da Bahia, foram identificadas. O acidente aconteceu na tarde deste domingo (30), por volta das 15h41, durante uma travessia realizada no local.<\/p>\n\n\n\n<p class=\"wp-block-paragraph\">As v\u00edtimas s\u00e3o Diego Silva Oliveira, de 6 anos; Jefferson Davi Silva Oliveira, de 9; Lorenzo Almeida Cardoso, de 8; e Jos\u00e9 Diogo Silva Oliveira, de apenas 3 anos. Os quatro n\u00e3o resistiram ap\u00f3s permanecerem submersos durante o acidente. Segundo as informa\u00e7\u00f5es levantadas no local, duas pessoas adultas e cinco crian\u00e7as estavam na embarca\u00e7\u00e3o quando ela virou. Os adultos entraram na \u00e1gua imediatamente para tentar retirar as v\u00edtimas e conseguiram resgatar uma das crian\u00e7as.<\/p>\n\n\n\n<p class=\"wp-block-paragraph\">Na sequ\u00eancia, equipes especializadas em mergulho foram acionadas para localizar as demais v\u00edtimas. Os trabalhos ocorreram no povoado de Salina Branca, com apoio da guarni\u00e7\u00e3o que atendeu inicialmente a ocorr\u00eancia.<\/p>\n\n\n\n<p class=\"wp-block-paragraph\">Entre as v\u00edtimas, Diego tinha 6 anos e Jefferson Davi, 9. Lorenzo Almeida Cardoso tinha 8 anos, enquanto Jos\u00e9 Diogo Silva Oliveira era o mais novo do grupo, com apenas 3 anos. Por fim, a identifica\u00e7\u00e3o das quatro crian\u00e7as encerra uma etapa dos procedimentos relacionados ao acidente. A ocorr\u00eancia provocou como\u00e7\u00e3o entre familiares e moradores da comunidade de Salina Branca.<\/p>\n","protected":false},"excerpt":{"rendered":"<p>As quatro crian\u00e7as que morreram ap\u00f3s uma embarca\u00e7\u00e3o improvisada virar no povoado de Salina Branca, em Paramirim, no sudoeste da Bahia, foram identificadas. O acidente aconteceu na tarde deste domingo (30), por volta das 15h41, durante uma travessia realizada no local. As v\u00edtimas s\u00e3o Diego Silva Oliveira, de 6 anos; Jefferson Davi Silva Oliveira, de 9; Lorenzo Almeida Cardoso, de 8; e Jos\u00e9 Diogo Silva Oliveira, de apenas 3 anos. Os quatro n\u00e3o resistiram ap\u00f3s permanecerem submersos durante o acidente. Segundo as informa\u00e7\u00f5es levantadas no local, duas pessoas adultas e cinco crian\u00e7as estavam na embarca\u00e7\u00e3o quando ela virou. Os adultos entraram na \u00e1gua imediatamente para tentar retirar as v\u00edtimas e conseguiram resgatar uma das crian\u00e7as. Na sequ\u00eancia, equipes especializadas em mergulho foram acionadas para localizar as demais v\u00edtimas. Os trabalhos ocorreram no povoado de Salina Branca, com apoio da guarni\u00e7\u00e3o que atendeu inicialmente a ocorr\u00eancia. Entre as v\u00edtimas, Diego tinha 6 anos e Jefferson Davi, 9. Lorenzo Almeida Cardoso tinha 8 anos, enquanto Jos\u00e9 Diogo Silva Oliveira era o mais novo do grupo, com apenas 3 anos. Por fim, a identifica\u00e7\u00e3o das quatro crian\u00e7as encerra uma etapa dos procedimentos relacionados ao acidente. A ocorr\u00eancia provocou como\u00e7\u00e3o entre familiares e moradores da comunidade de Salina Branca.<\/p>\n","protected":false},"author":4,"featured_media":28712,"comment_status":"open","ping_status":"open","sticky":false,"template":"","format":"standard","meta":{"footnotes":""},"categories":[4,50,3],"tags":[],"class_list":["post-28699","post","type-post","status-publish","format-standard","has-post-thumbnail","hentry","category-cidades","category-paramirim","category-policia"],"yoast_head":"<!-- This site is optimized with the Yoast SEO plugin v26.5 - https:\/\/yoast.com\/wordpress\/plugins\/seo\/ -->\n<title>Identificadas as quatro crian\u00e7as que morreram afogadas em Paramirim - Sudoesteacontece<\/title>\n<meta name=\"robots\" content=\"index, follow, max-snippet:-1, max-image-preview:large, max-video-preview:-1\" \/>\n<link rel=\"canonical\" href=\"https:\/\/sudoesteacontece.com.br\/?p=28699\" \/>\n<meta property=\"og:locale\" content=\"pt_BR\" \/>\n<meta property=\"og:type\" content=\"article\" \/>\n<meta property=\"og:title\" content=\"Identificadas as quatro crian\u00e7as que morreram afogadas em Paramirim - Sudoesteacontece\" \/>\n<meta property=\"og:description\" content=\"As quatro crian\u00e7as que morreram ap\u00f3s uma embarca\u00e7\u00e3o improvisada virar no povoado de Salina Branca, em Paramirim, no sudoeste da Bahia, foram identificadas. O acidente aconteceu na tarde deste domingo (30), por volta das 15h41, durante uma travessia realizada no local. As v\u00edtimas s\u00e3o Diego Silva Oliveira, de 6 anos; Jefferson Davi Silva Oliveira, de 9; Lorenzo Almeida Cardoso, de 8; e Jos\u00e9 Diogo Silva Oliveira, de apenas 3 anos. Os quatro n\u00e3o resistiram ap\u00f3s permanecerem submersos durante o acidente. Segundo as informa\u00e7\u00f5es levantadas no local, duas pessoas adultas e cinco crian\u00e7as estavam na embarca\u00e7\u00e3o quando ela virou. Os adultos entraram na \u00e1gua imediatamente para tentar retirar as v\u00edtimas e conseguiram resgatar uma das crian\u00e7as. Na sequ\u00eancia, equipes especializadas em mergulho foram acionadas para localizar as demais v\u00edtimas. Os trabalhos ocorreram no povoado de Salina Branca, com apoio da guarni\u00e7\u00e3o que atendeu inicialmente a ocorr\u00eancia. Entre as v\u00edtimas, Diego tinha 6 anos e Jefferson Davi, 9. Lorenzo Almeida Cardoso tinha 8 anos, enquanto Jos\u00e9 Diogo Silva Oliveira era o mais novo do grupo, com apenas 3 anos. Por fim, a identifica\u00e7\u00e3o das quatro crian\u00e7as encerra uma etapa dos procedimentos relacionados ao acidente. A ocorr\u00eancia provocou como\u00e7\u00e3o entre familiares e moradores da comunidade de Salina Branca.\" \/>\n<meta property=\"og:url\" content=\"https:\/\/sudoesteacontece.com.br\/?p=28699\" \/>\n<meta property=\"og:site_name\" content=\"Sudoesteacontece\" \/>\n<meta property=\"article:publisher\" content=\"https:\/\/www.facebook.com\/sudoesteacontece\/?locale=pt_BR\" \/>\n<meta property=\"article:published_time\" content=\"2026-08-31T12:13:21+00:00\" \/>\n<meta property=\"article:modified_time\" content=\"2026-08-31T12:13:26+00:00\" \/>\n<meta property=\"og:image\" content=\"http:\/\/sudoesteacontece.com.br\/wp-content\/uploads\/2026\/08\/Identificadas-as-quatro-criancas-que-morreram-afogadas-em-Paramirim.jpg\" \/>\n\t<meta property=\"og:image:width\" content=\"900\" \/>\n\t<meta property=\"og:image:height\" content=\"600\" \/>\n\t<meta property=\"og:image:type\" content=\"image\/jpeg\" \/>\n<meta name=\"author\" content=\"Reda\u00e7\u00e3o\" \/>\n<meta name=\"twitter:card\" content=\"summary_large_image\" \/>\n<meta name=\"twitter:label1\" content=\"Escrito por\" \/>\n\t<meta name=\"twitter:data1\" content=\"Reda\u00e7\u00e3o\" \/>\n\t<meta name=\"twitter:label2\" content=\"Est. tempo de leitura\" \/>\n\t<meta name=\"twitter:data2\" content=\"2 minutos\" \/>\n<script type=\"application\/ld+json\" class=\"yoast-schema-graph\">{\"@context\":\"https:\/\/schema.org\",\"@graph\":[{\"@type\":\"Article\",\"@id\":\"https:\/\/sudoesteacontece.com.br\/?p=28699#article\",\"isPartOf\":{\"@id\":\"https:\/\/sudoesteacontece.com.br\/?p=28699\"},\"author\":{\"name\":\"Reda\u00e7\u00e3o\",\"@id\":\"https:\/\/sudoesteacontece.com.br\/#\/schema\/person\/a4f22429c1d0923ef8f7d43343f8dc38\"},\"headline\":\"Identificadas as quatro crian\u00e7as que morreram afogadas em Paramirim\",\"datePublished\":\"2026-08-31T12:13:21+00:00\",\"dateModified\":\"2026-08-31T12:13:26+00:00\",\"mainEntityOfPage\":{\"@id\":\"https:\/\/sudoesteacontece.com.br\/?p=28699\"},\"wordCount\":227,\"commentCount\":0,\"publisher\":{\"@id\":\"https:\/\/sudoesteacontece.com.br\/#organization\"},\"image\":{\"@id\":\"https:\/\/sudoesteacontece.com.br\/?p=28699#primaryimage\"},\"thumbnailUrl\":\"https:\/\/sudoesteacontece.com.br\/wp-content\/uploads\/2026\/08\/Identificadas-as-quatro-criancas-que-morreram-afogadas-em-Paramirim.jpg\",\"articleSection\":[\"Cidades\",\"Paramirim\",\"Pol\u00edcia\"],\"inLanguage\":\"pt-BR\",\"potentialAction\":[{\"@type\":\"CommentAction\",\"name\":\"Comment\",\"target\":[\"https:\/\/sudoesteacontece.com.br\/?p=28699#respond\"]}]},{\"@type\":\"WebPage\",\"@id\":\"https:\/\/sudoesteacontece.com.br\/?p=28699\",\"url\":\"https:\/\/sudoesteacontece.com.br\/?p=28699\",\"name\":\"Identificadas as quatro crian\u00e7as que morreram afogadas em Paramirim - Sudoesteacontece\",\"isPartOf\":{\"@id\":\"https:\/\/sudoesteacontece.com.br\/#website\"},\"primaryImageOfPage\":{\"@id\":\"https:\/\/sudoesteacontece.com.br\/?p=28699#primaryimage\"},\"image\":{\"@id\":\"https:\/\/sudoesteacontece.com.br\/?p=28699#primaryimage\"},\"thumbnailUrl\":\"https:\/\/sudoesteacontece.com.br\/wp-content\/uploads\/2026\/08\/Identificadas-as-quatro-criancas-que-morreram-afogadas-em-Paramirim.jpg\",\"datePublished\":\"2026-08-31T12:13:21+00:00\",\"dateModified\":\"2026-08-31T12:13:26+00:00\",\"breadcrumb\":{\"@id\":\"https:\/\/sudoesteacontece.com.br\/?p=28699#breadcrumb\"},\"inLanguage\":\"pt-BR\",\"potentialAction\":[{\"@type\":\"ReadAction\",\"target\":[\"https:\/\/sudoesteacontece.com.br\/?p=28699\"]}]},{\"@type\":\"ImageObject\",\"inLanguage\":\"pt-BR\",\"@id\":\"https:\/\/sudoesteacontece.com.br\/?p=28699#primaryimage\",\"url\":\"https:\/\/sudoesteacontece.com.br\/wp-content\/uploads\/2026\/08\/Identificadas-as-quatro-criancas-que-morreram-afogadas-em-Paramirim.jpg\",\"contentUrl\":\"https:\/\/sudoesteacontece.com.br\/wp-content\/uploads\/2026\/08\/Identificadas-as-quatro-criancas-que-morreram-afogadas-em-Paramirim.jpg\",\"width\":900,\"height\":600},{\"@type\":\"BreadcrumbList\",\"@id\":\"https:\/\/sudoesteacontece.com.br\/?p=28699#breadcrumb\",\"itemListElement\":[{\"@type\":\"ListItem\",\"position\":1,\"name\":\"In\u00edcio\",\"item\":\"https:\/\/sudoesteacontece.com.br\/\"},{\"@type\":\"ListItem\",\"position\":2,\"name\":\"Identificadas as quatro crian\u00e7as que morreram afogadas em Paramirim\"}]},{\"@type\":\"WebSite\",\"@id\":\"https:\/\/sudoesteacontece.com.br\/#website\",\"url\":\"https:\/\/sudoesteacontece.com.br\/\",\"name\":\"Sudoesteacontece\",\"description\":\"\",\"publisher\":{\"@id\":\"https:\/\/sudoesteacontece.com.br\/#organization\"},\"potentialAction\":[{\"@type\":\"SearchAction\",\"target\":{\"@type\":\"EntryPoint\",\"urlTemplate\":\"https:\/\/sudoesteacontece.com.br\/?s={search_term_string}\"},\"query-input\":{\"@type\":\"PropertyValueSpecification\",\"valueRequired\":true,\"valueName\":\"search_term_string\"}}],\"inLanguage\":\"pt-BR\"},{\"@type\":\"Organization\",\"@id\":\"https:\/\/sudoesteacontece.com.br\/#organization\",\"name\":\"Sudoesteacontece\",\"url\":\"https:\/\/sudoesteacontece.com.br\/\",\"logo\":{\"@type\":\"ImageObject\",\"inLanguage\":\"pt-BR\",\"@id\":\"https:\/\/sudoesteacontece.com.br\/#\/schema\/logo\/image\/\",\"url\":\"https:\/\/sudoesteacontece.com.br\/wp-content\/uploads\/2025\/12\/cropped-logo-2-180x180-1.png\",\"contentUrl\":\"https:\/\/sudoesteacontece.com.br\/wp-content\/uploads\/2025\/12\/cropped-logo-2-180x180-1.png\",\"width\":180,\"height\":180,\"caption\":\"Sudoesteacontece\"},\"image\":{\"@id\":\"https:\/\/sudoesteacontece.com.br\/#\/schema\/logo\/image\/\"},\"sameAs\":[\"https:\/\/www.facebook.com\/sudoesteacontece\/?locale=pt_BR\"]},{\"@type\":\"Person\",\"@id\":\"https:\/\/sudoesteacontece.com.br\/#\/schema\/person\/a4f22429c1d0923ef8f7d43343f8dc38\",\"name\":\"Reda\u00e7\u00e3o\",\"image\":{\"@type\":\"ImageObject\",\"inLanguage\":\"pt-BR\",\"@id\":\"https:\/\/sudoesteacontece.com.br\/#\/schema\/person\/image\/\",\"url\":\"https:\/\/secure.gravatar.com\/avatar\/c3a5b3c93f268a709c25a2df414c629a96fb3b1b4bf97a94fb3f72e54ae76903?s=96&d=mm&r=g\",\"contentUrl\":\"https:\/\/secure.gravatar.com\/avatar\/c3a5b3c93f268a709c25a2df414c629a96fb3b1b4bf97a94fb3f72e54ae76903?s=96&d=mm&r=g\",\"caption\":\"Reda\u00e7\u00e3o\"},\"url\":\"https:\/\/sudoesteacontece.com.br\/?author=4\"}]}<\/script>\n<!-- \/ Yoast SEO plugin. -->","yoast_head_json":{"title":"Identificadas as quatro crian\u00e7as que morreram afogadas em Paramirim - Sudoesteacontece","robots":{"index":"index","follow":"follow","max-snippet":"max-snippet:-1","max-image-preview":"max-image-preview:large","max-video-preview":"max-video-preview:-1"},"canonical":"https:\/\/sudoesteacontece.com.br\/?p=28699","og_locale":"pt_BR","og_type":"article","og_title":"Identificadas as quatro crian\u00e7as que morreram afogadas em Paramirim - Sudoesteacontece","og_description":"As quatro crian\u00e7as que morreram ap\u00f3s uma embarca\u00e7\u00e3o improvisada virar no povoado de Salina Branca, em Paramirim, no sudoeste da Bahia, foram identificadas. O acidente aconteceu na tarde deste domingo (30), por volta das 15h41, durante uma travessia realizada no local. As v\u00edtimas s\u00e3o Diego Silva Oliveira, de 6 anos; Jefferson Davi Silva Oliveira, de 9; Lorenzo Almeida Cardoso, de 8; e Jos\u00e9 Diogo Silva Oliveira, de apenas 3 anos. Os quatro n\u00e3o resistiram ap\u00f3s permanecerem submersos durante o acidente. Segundo as informa\u00e7\u00f5es levantadas no local, duas pessoas adultas e cinco crian\u00e7as estavam na embarca\u00e7\u00e3o quando ela virou. Os adultos entraram na \u00e1gua imediatamente para tentar retirar as v\u00edtimas e conseguiram resgatar uma das crian\u00e7as. Na sequ\u00eancia, equipes especializadas em mergulho foram acionadas para localizar as demais v\u00edtimas. Os trabalhos ocorreram no povoado de Salina Branca, com apoio da guarni\u00e7\u00e3o que atendeu inicialmente a ocorr\u00eancia. Entre as v\u00edtimas, Diego tinha 6 anos e Jefferson Davi, 9. Lorenzo Almeida Cardoso tinha 8 anos, enquanto Jos\u00e9 Diogo Silva Oliveira era o mais novo do grupo, com apenas 3 anos. Por fim, a identifica\u00e7\u00e3o das quatro crian\u00e7as encerra uma etapa dos procedimentos relacionados ao acidente. A ocorr\u00eancia provocou como\u00e7\u00e3o entre familiares e moradores da comunidade de Salina Branca.","og_url":"https:\/\/sudoesteacontece.com.br\/?p=28699","og_site_name":"Sudoesteacontece","article_publisher":"https:\/\/www.facebook.com\/sudoesteacontece\/?locale=pt_BR","article_published_time":"2026-08-31T12:13:21+00:00","article_modified_time":"2026-08-31T12:13:26+00:00","og_image":[{"width":900,"height":600,"url":"http:\/\/sudoesteacontece.com.br\/wp-content\/uploads\/2026\/08\/Identificadas-as-quatro-criancas-que-morreram-afogadas-em-Paramirim.jpg","type":"image\/jpeg"}],"author":"Reda\u00e7\u00e3o","twitter_card":"summary_large_image","twitter_misc":{"Escrito por":"Reda\u00e7\u00e3o","Est. tempo de leitura":"2 minutos"},"schema":{"@context":"https:\/\/schema.org","@graph":[{"@type":"Article","@id":"https:\/\/sudoesteacontece.com.br\/?p=28699#article","isPartOf":{"@id":"https:\/\/sudoesteacontece.com.br\/?p=28699"},"author":{"name":"Reda\u00e7\u00e3o","@id":"https:\/\/sudoesteacontece.com.br\/#\/schema\/person\/a4f22429c1d0923ef8f7d43343f8dc38"},"headline":"Identificadas as quatro crian\u00e7as que morreram afogadas em Paramirim","datePublished":"2026-08-31T12:13:21+00:00","dateModified":"2026-08-31T12:13:26+00:00","mainEntityOfPage":{"@id":"https:\/\/sudoesteacontece.com.br\/?p=28699"},"wordCount":227,"commentCount":0,"publisher":{"@id":"https:\/\/sudoesteacontece.com.br\/#organization"},"image":{"@id":"https:\/\/sudoesteacontece.com.br\/?p=28699#primaryimage"},"thumbnailUrl":"https:\/\/sudoesteacontece.com.br\/wp-content\/uploads\/2026\/08\/Identificadas-as-quatro-criancas-que-morreram-afogadas-em-Paramirim.jpg","articleSection":["Cidades","Paramirim","Pol\u00edcia"],"inLanguage":"pt-BR","potentialAction":[{"@type":"CommentAction","name":"Comment","target":["https:\/\/sudoesteacontece.com.br\/?p=28699#respond"]}]},{"@type":"WebPage","@id":"https:\/\/sudoesteacontece.com.br\/?p=28699","url":"https:\/\/sudoesteacontece.com.br\/?p=28699","name":"Identificadas as quatro crian\u00e7as que morreram afogadas em Paramirim - Sudoesteacontece","isPartOf":{"@id":"https:\/\/sudoesteacontece.com.br\/#website"},"primaryImageOfPage":{"@id":"https:\/\/sudoesteacontece.com.br\/?p=28699#primaryimage"},"image":{"@id":"https:\/\/sudoesteacontece.com.br\/?p=28699#primaryimage"},"thumbnailUrl":"https:\/\/sudoesteacontece.com.br\/wp-content\/uploads\/2026\/08\/Identificadas-as-quatro-criancas-que-morreram-afogadas-em-Paramirim.jpg","datePublished":"2026-08-31T12:13:21+00:00","dateModified":"2026-08-31T12:13:26+00:00","breadcrumb":{"@id":"https:\/\/sudoesteacontece.com.br\/?p=28699#breadcrumb"},"inLanguage":"pt-BR","potentialAction":[{"@type":"ReadAction","target":["https:\/\/sudoesteacontece.com.br\/?p=28699"]}]},{"@type":"ImageObject","inLanguage":"pt-BR","@id":"https:\/\/sudoesteacontece.com.br\/?p=28699#primaryimage","url":"https:\/\/sudoesteacontece.com.br\/wp-content\/uploads\/2026\/08\/Identificadas-as-quatro-criancas-que-morreram-afogadas-em-Paramirim.jpg","contentUrl":"https:\/\/sudoesteacontece.com.br\/wp-content\/uploads\/2026\/08\/Identificadas-as-quatro-criancas-que-morreram-afogadas-em-Paramirim.jpg","width":900,"height":600},{"@type":"BreadcrumbList","@id":"https:\/\/sudoesteacontece.com.br\/?p=28699#breadcrumb","itemListElement":[{"@type":"ListItem","position":1,"name":"In\u00edcio","item":"https:\/\/sudoesteacontece.com.br\/"},{"@type":"ListItem","position":2,"name":"Identificadas as quatro crian\u00e7as que morreram afogadas em Paramirim"}]},{"@type":"WebSite","@id":"https:\/\/sudoesteacontece.com.br\/#website","url":"https:\/\/sudoesteacontece.com.br\/","name":"Sudoesteacontece","description":"","publisher":{"@id":"https:\/\/sudoesteacontece.com.br\/#organization"},"potentialAction":[{"@type":"SearchAction","target":{"@type":"EntryPoint","urlTemplate":"https:\/\/sudoesteacontece.com.br\/?s={search_term_string}"},"query-input":{"@type":"PropertyValueSpecification","valueRequired":true,"valueName":"search_term_string"}}],"inLanguage":"pt-BR"},{"@type":"Organization","@id":"https:\/\/sudoesteacontece.com.br\/#organization","name":"Sudoesteacontece","url":"https:\/\/sudoesteacontece.com.br\/","logo":{"@type":"ImageObject","inLanguage":"pt-BR","@id":"https:\/\/sudoesteacontece.com.br\/#\/schema\/logo\/image\/","url":"https:\/\/sudoesteacontece.com.br\/wp-content\/uploads\/2025\/12\/cropped-logo-2-180x180-1.png","contentUrl":"https:\/\/sudoesteacontece.com.br\/wp-content\/uploads\/2025\/12\/cropped-logo-2-180x180-1.png","width":180,"height":180,"caption":"Sudoesteacontece"},"image":{"@id":"https:\/\/sudoesteacontece.com.br\/#\/schema\/logo\/image\/"},"sameAs":["https:\/\/www.facebook.com\/sudoesteacontece\/?locale=pt_BR"]},{"@type":"Person","@id":"https:\/\/sudoesteacontece.com.br\/#\/schema\/person\/a4f22429c1d0923ef8f7d43343f8dc38","name":"Reda\u00e7\u00e3o","image":{"@type":"ImageObject","inLanguage":"pt-BR","@id":"https:\/\/sudoesteacontece.com.br\/#\/schema\/person\/image\/","url":"https:\/\/secure.gravatar.com\/avatar\/c3a5b3c93f268a709c25a2df414c629a96fb3b1b4bf97a94fb3f72e54ae76903?s=96&d=mm&r=g","contentUrl":"https:\/\/secure.gravatar.com\/avatar\/c3a5b3c93f268a709c25a2df414c629a96fb3b1b4bf97a94fb3f72e54ae76903?s=96&d=mm&r=g","caption":"Reda\u00e7\u00e3o"},"url":"https:\/\/sudoesteacontece.com.br\/?author=4"}]}},"_links":{"self":[{"href":"https:\/\/sudoesteacontece.com.br\/index.php?rest_route=\/wp\/v2\/posts\/28699","targetHints":{"allow":["GET"]}}],"collection":[{"href":"https:\/\/sudoesteacontece.com.br\/index.php?rest_route=\/wp\/v2\/posts"}],"about":[{"href":"https:\/\/sudoesteacontece.com.br\/index.php?rest_route=\/wp\/v2\/types\/post"}],"author":[{"embeddable":true,"href":"https:\/\/sudoesteacontece.com.br\/index.php?rest_route=\/wp\/v2\/users\/4"}],"replies":[{"embeddable":true,"href":"https:\/\/sudoesteacontece.com.br\/index.php?rest_route=%2Fwp%2Fv2%2Fcomments&post=28699"}],"version-history":[{"count":1,"href":"https:\/\/sudoesteacontece.com.br\/index.php?rest_route=\/wp\/v2\/posts\/28699\/revisions"}],"predecessor-version":[{"id":28714,"href":"https:\/\/sudoesteacontece.com.br\/index.php?rest_route=\/wp\/v2\/posts\/28699\/revisions\/28714"}],"wp:featuredmedia":[{"embeddable":true,"href":"https:\/\/sudoesteacontece.com.br\/index.php?rest_route=\/wp\/v2\/media\/28712"}],"wp:attachment":[{"href":"https:\/\/sudoesteacontece.com.br\/index.php?rest_route=%2Fwp%2Fv2%2Fmedia&parent=28699"}],"wp:term":[{"taxonomy":"category","embeddable":true,"href":"https:\/\/sudoesteacontece.com.br\/index.php?rest_route=%2Fwp%2Fv2%2Fcategories&post=28699"},{"taxonomy":"post_tag","embeddable":true,"href":"https:\/\/sudoesteacontece.com.br\/index.php?rest_route=%2Fwp%2Fv2%2Ftags&post=28699"}],"curies":[{"name":"wp","href":"https:\/\/api.w.org\/{rel}","templated":true}]}}