{"id":28768,"date":"2026-08-31T17:46:03","date_gmt":"2026-08-31T20:46:03","guid":{"rendered":"https:\/\/sudoesteacontece.com.br\/?p=28768"},"modified":"2026-08-31T17:46:08","modified_gmt":"2026-08-31T20:46:08","slug":"morre-jucelino-porto-ex-vice-presidente-do-clube-social-de-brumado","status":"publish","type":"post","link":"https:\/\/sudoesteacontece.com.br\/?p=28768","title":{"rendered":"Morre Jucelino Porto, ex-vice-presidente do Clube Social de Brumado"},"content":{"rendered":"\n<figure class=\"wp-block-image size-full\"><img fetchpriority=\"high\" decoding=\"async\" width=\"900\" height=\"600\" src=\"http:\/\/sudoesteacontece.com.br\/wp-content\/uploads\/2026\/08\/Sepultamento-de-Jucelino-Ferreira-Porto-e-marcado-para-esta-quarta-em-Brumado.jpg\" alt=\"\" class=\"wp-image-28802\" srcset=\"https:\/\/sudoesteacontece.com.br\/wp-content\/uploads\/2026\/08\/Sepultamento-de-Jucelino-Ferreira-Porto-e-marcado-para-esta-quarta-em-Brumado.jpg 900w, https:\/\/sudoesteacontece.com.br\/wp-content\/uploads\/2026\/08\/Sepultamento-de-Jucelino-Ferreira-Porto-e-marcado-para-esta-quarta-em-Brumado-300x200.jpg 300w, https:\/\/sudoesteacontece.com.br\/wp-content\/uploads\/2026\/08\/Sepultamento-de-Jucelino-Ferreira-Porto-e-marcado-para-esta-quarta-em-Brumado-768x512.jpg 768w\" sizes=\"(max-width: 900px) 100vw, 900px\" \/><\/figure>\n\n\n\n<p class=\"wp-block-paragraph\">Morreu neste domingo (30), Jucelino Ferreira Porto, conhecido como Buda, que teve uma trajet\u00f3ria ligada ao Clube Social de Brumado. Ele participou da administra\u00e7\u00e3o da entidade durante anos e exerceu diferentes fun\u00e7\u00f5es na institui\u00e7\u00e3o.<\/p>\n\n\n\n<p class=\"wp-block-paragraph\">Ao longo de sua atua\u00e7\u00e3o, Jucelino integrou o Conselho Deliberativo do Clube Social de Brumado e tamb\u00e9m ocupou o cargo de diretor. Mais recentemente, assumiu a vice-presid\u00eancia da entidade, participando da gest\u00e3o e das atividades desenvolvidas pelo clube.<\/p>\n\n\n\n<p class=\"wp-block-paragraph\">Segundo informa\u00e7\u00f5es divulgadas, o falecimento ocorreu ap\u00f3s problemas de sa\u00fade. A morte provocou como\u00e7\u00e3o entre familiares, amigos e pessoas que acompanharam a trajet\u00f3ria de Jucelino no Clube Social e na comunidade de Brumado.<\/p>\n\n\n\n<p class=\"wp-block-paragraph\">Familiares est\u00e3o organizando os procedimentos para o funeral. At\u00e9 o momento, os hor\u00e1rios e locais do vel\u00f3rio e do sepultamento ainda n\u00e3o foram divulgados e dever\u00e3o ser informados posteriormente.<\/p>\n","protected":false},"excerpt":{"rendered":"<p>Morreu neste domingo (30), Jucelino Ferreira Porto, conhecido como Buda, que teve uma trajet\u00f3ria ligada ao Clube Social de Brumado. Ele participou da administra\u00e7\u00e3o da entidade durante anos e exerceu diferentes fun\u00e7\u00f5es na institui\u00e7\u00e3o. Ao longo de sua atua\u00e7\u00e3o, Jucelino integrou o Conselho Deliberativo do Clube Social de Brumado e tamb\u00e9m ocupou o cargo de diretor. Mais recentemente, assumiu a vice-presid\u00eancia da entidade, participando da gest\u00e3o e das atividades desenvolvidas pelo clube. Segundo informa\u00e7\u00f5es divulgadas, o falecimento ocorreu ap\u00f3s problemas de sa\u00fade. A morte provocou como\u00e7\u00e3o entre familiares, amigos e pessoas que acompanharam a trajet\u00f3ria de Jucelino no Clube Social e na comunidade de Brumado. Familiares est\u00e3o organizando os procedimentos para o funeral. At\u00e9 o momento, os hor\u00e1rios e locais do vel\u00f3rio e do sepultamento ainda n\u00e3o foram divulgados e dever\u00e3o ser informados posteriormente.<\/p>\n","protected":false},"author":4,"featured_media":28802,"comment_status":"open","ping_status":"open","sticky":false,"template":"","format":"standard","meta":{"footnotes":""},"categories":[10,4],"tags":[],"class_list":["post-28768","post","type-post","status-publish","format-standard","has-post-thumbnail","hentry","category-brumado","category-cidades"],"yoast_head":"<!-- This site is optimized with the Yoast SEO plugin v26.5 - https:\/\/yoast.com\/wordpress\/plugins\/seo\/ -->\n<title>Morre Jucelino Porto, ex-vice-presidente do Clube Social de Brumado - Sudoesteacontece<\/title>\n<meta name=\"robots\" content=\"index, follow, max-snippet:-1, max-image-preview:large, max-video-preview:-1\" \/>\n<link rel=\"canonical\" href=\"https:\/\/sudoesteacontece.com.br\/?p=28768\" \/>\n<meta property=\"og:locale\" content=\"pt_BR\" \/>\n<meta property=\"og:type\" content=\"article\" \/>\n<meta property=\"og:title\" content=\"Morre Jucelino Porto, ex-vice-presidente do Clube Social de Brumado - Sudoesteacontece\" \/>\n<meta property=\"og:description\" content=\"Morreu neste domingo (30), Jucelino Ferreira Porto, conhecido como Buda, que teve uma trajet\u00f3ria ligada ao Clube Social de Brumado. Ele participou da administra\u00e7\u00e3o da entidade durante anos e exerceu diferentes fun\u00e7\u00f5es na institui\u00e7\u00e3o. Ao longo de sua atua\u00e7\u00e3o, Jucelino integrou o Conselho Deliberativo do Clube Social de Brumado e tamb\u00e9m ocupou o cargo de diretor. Mais recentemente, assumiu a vice-presid\u00eancia da entidade, participando da gest\u00e3o e das atividades desenvolvidas pelo clube. Segundo informa\u00e7\u00f5es divulgadas, o falecimento ocorreu ap\u00f3s problemas de sa\u00fade. A morte provocou como\u00e7\u00e3o entre familiares, amigos e pessoas que acompanharam a trajet\u00f3ria de Jucelino no Clube Social e na comunidade de Brumado. Familiares est\u00e3o organizando os procedimentos para o funeral. At\u00e9 o momento, os hor\u00e1rios e locais do vel\u00f3rio e do sepultamento ainda n\u00e3o foram divulgados e dever\u00e3o ser informados posteriormente.\" \/>\n<meta property=\"og:url\" content=\"https:\/\/sudoesteacontece.com.br\/?p=28768\" \/>\n<meta property=\"og:site_name\" content=\"Sudoesteacontece\" \/>\n<meta property=\"article:publisher\" content=\"https:\/\/www.facebook.com\/sudoesteacontece\/?locale=pt_BR\" \/>\n<meta property=\"article:published_time\" content=\"2026-08-31T20:46:03+00:00\" \/>\n<meta property=\"article:modified_time\" content=\"2026-08-31T20:46:08+00:00\" \/>\n<meta property=\"og:image\" content=\"http:\/\/sudoesteacontece.com.br\/wp-content\/uploads\/2026\/08\/Sepultamento-de-Jucelino-Ferreira-Porto-e-marcado-para-esta-quarta-em-Brumado.jpg\" \/>\n\t<meta property=\"og:image:width\" content=\"900\" \/>\n\t<meta property=\"og:image:height\" content=\"600\" \/>\n\t<meta property=\"og:image:type\" content=\"image\/jpeg\" \/>\n<meta name=\"author\" content=\"Reda\u00e7\u00e3o\" \/>\n<meta name=\"twitter:card\" content=\"summary_large_image\" \/>\n<meta name=\"twitter:label1\" content=\"Escrito por\" \/>\n\t<meta name=\"twitter:data1\" content=\"Reda\u00e7\u00e3o\" \/>\n\t<meta name=\"twitter:label2\" content=\"Est. tempo de leitura\" \/>\n\t<meta name=\"twitter:data2\" content=\"2 minutos\" \/>\n<script type=\"application\/ld+json\" class=\"yoast-schema-graph\">{\"@context\":\"https:\/\/schema.org\",\"@graph\":[{\"@type\":\"Article\",\"@id\":\"https:\/\/sudoesteacontece.com.br\/?p=28768#article\",\"isPartOf\":{\"@id\":\"https:\/\/sudoesteacontece.com.br\/?p=28768\"},\"author\":{\"name\":\"Reda\u00e7\u00e3o\",\"@id\":\"https:\/\/sudoesteacontece.com.br\/#\/schema\/person\/a4f22429c1d0923ef8f7d43343f8dc38\"},\"headline\":\"Morre Jucelino Porto, ex-vice-presidente do Clube Social de Brumado\",\"datePublished\":\"2026-08-31T20:46:03+00:00\",\"dateModified\":\"2026-08-31T20:46:08+00:00\",\"mainEntityOfPage\":{\"@id\":\"https:\/\/sudoesteacontece.com.br\/?p=28768\"},\"wordCount\":160,\"commentCount\":0,\"publisher\":{\"@id\":\"https:\/\/sudoesteacontece.com.br\/#organization\"},\"image\":{\"@id\":\"https:\/\/sudoesteacontece.com.br\/?p=28768#primaryimage\"},\"thumbnailUrl\":\"https:\/\/sudoesteacontece.com.br\/wp-content\/uploads\/2026\/08\/Sepultamento-de-Jucelino-Ferreira-Porto-e-marcado-para-esta-quarta-em-Brumado.jpg\",\"articleSection\":[\"Brumado\",\"Cidades\"],\"inLanguage\":\"pt-BR\",\"potentialAction\":[{\"@type\":\"CommentAction\",\"name\":\"Comment\",\"target\":[\"https:\/\/sudoesteacontece.com.br\/?p=28768#respond\"]}]},{\"@type\":\"WebPage\",\"@id\":\"https:\/\/sudoesteacontece.com.br\/?p=28768\",\"url\":\"https:\/\/sudoesteacontece.com.br\/?p=28768\",\"name\":\"Morre Jucelino Porto, ex-vice-presidente do Clube Social de Brumado - Sudoesteacontece\",\"isPartOf\":{\"@id\":\"https:\/\/sudoesteacontece.com.br\/#website\"},\"primaryImageOfPage\":{\"@id\":\"https:\/\/sudoesteacontece.com.br\/?p=28768#primaryimage\"},\"image\":{\"@id\":\"https:\/\/sudoesteacontece.com.br\/?p=28768#primaryimage\"},\"thumbnailUrl\":\"https:\/\/sudoesteacontece.com.br\/wp-content\/uploads\/2026\/08\/Sepultamento-de-Jucelino-Ferreira-Porto-e-marcado-para-esta-quarta-em-Brumado.jpg\",\"datePublished\":\"2026-08-31T20:46:03+00:00\",\"dateModified\":\"2026-08-31T20:46:08+00:00\",\"breadcrumb\":{\"@id\":\"https:\/\/sudoesteacontece.com.br\/?p=28768#breadcrumb\"},\"inLanguage\":\"pt-BR\",\"potentialAction\":[{\"@type\":\"ReadAction\",\"target\":[\"https:\/\/sudoesteacontece.com.br\/?p=28768\"]}]},{\"@type\":\"ImageObject\",\"inLanguage\":\"pt-BR\",\"@id\":\"https:\/\/sudoesteacontece.com.br\/?p=28768#primaryimage\",\"url\":\"https:\/\/sudoesteacontece.com.br\/wp-content\/uploads\/2026\/08\/Sepultamento-de-Jucelino-Ferreira-Porto-e-marcado-para-esta-quarta-em-Brumado.jpg\",\"contentUrl\":\"https:\/\/sudoesteacontece.com.br\/wp-content\/uploads\/2026\/08\/Sepultamento-de-Jucelino-Ferreira-Porto-e-marcado-para-esta-quarta-em-Brumado.jpg\",\"width\":900,\"height\":600},{\"@type\":\"BreadcrumbList\",\"@id\":\"https:\/\/sudoesteacontece.com.br\/?p=28768#breadcrumb\",\"itemListElement\":[{\"@type\":\"ListItem\",\"position\":1,\"name\":\"In\u00edcio\",\"item\":\"https:\/\/sudoesteacontece.com.br\/\"},{\"@type\":\"ListItem\",\"position\":2,\"name\":\"Morre Jucelino Porto, ex-vice-presidente do Clube Social de Brumado\"}]},{\"@type\":\"WebSite\",\"@id\":\"https:\/\/sudoesteacontece.com.br\/#website\",\"url\":\"https:\/\/sudoesteacontece.com.br\/\",\"name\":\"Sudoesteacontece\",\"description\":\"\",\"publisher\":{\"@id\":\"https:\/\/sudoesteacontece.com.br\/#organization\"},\"potentialAction\":[{\"@type\":\"SearchAction\",\"target\":{\"@type\":\"EntryPoint\",\"urlTemplate\":\"https:\/\/sudoesteacontece.com.br\/?s={search_term_string}\"},\"query-input\":{\"@type\":\"PropertyValueSpecification\",\"valueRequired\":true,\"valueName\":\"search_term_string\"}}],\"inLanguage\":\"pt-BR\"},{\"@type\":\"Organization\",\"@id\":\"https:\/\/sudoesteacontece.com.br\/#organization\",\"name\":\"Sudoesteacontece\",\"url\":\"https:\/\/sudoesteacontece.com.br\/\",\"logo\":{\"@type\":\"ImageObject\",\"inLanguage\":\"pt-BR\",\"@id\":\"https:\/\/sudoesteacontece.com.br\/#\/schema\/logo\/image\/\",\"url\":\"https:\/\/sudoesteacontece.com.br\/wp-content\/uploads\/2025\/12\/cropped-logo-2-180x180-1.png\",\"contentUrl\":\"https:\/\/sudoesteacontece.com.br\/wp-content\/uploads\/2025\/12\/cropped-logo-2-180x180-1.png\",\"width\":180,\"height\":180,\"caption\":\"Sudoesteacontece\"},\"image\":{\"@id\":\"https:\/\/sudoesteacontece.com.br\/#\/schema\/logo\/image\/\"},\"sameAs\":[\"https:\/\/www.facebook.com\/sudoesteacontece\/?locale=pt_BR\"]},{\"@type\":\"Person\",\"@id\":\"https:\/\/sudoesteacontece.com.br\/#\/schema\/person\/a4f22429c1d0923ef8f7d43343f8dc38\",\"name\":\"Reda\u00e7\u00e3o\",\"image\":{\"@type\":\"ImageObject\",\"inLanguage\":\"pt-BR\",\"@id\":\"https:\/\/sudoesteacontece.com.br\/#\/schema\/person\/image\/\",\"url\":\"https:\/\/secure.gravatar.com\/avatar\/c3a5b3c93f268a709c25a2df414c629a96fb3b1b4bf97a94fb3f72e54ae76903?s=96&d=mm&r=g\",\"contentUrl\":\"https:\/\/secure.gravatar.com\/avatar\/c3a5b3c93f268a709c25a2df414c629a96fb3b1b4bf97a94fb3f72e54ae76903?s=96&d=mm&r=g\",\"caption\":\"Reda\u00e7\u00e3o\"},\"url\":\"https:\/\/sudoesteacontece.com.br\/?author=4\"}]}<\/script>\n<!-- \/ Yoast SEO plugin. -->","yoast_head_json":{"title":"Morre Jucelino Porto, ex-vice-presidente do Clube Social de Brumado - Sudoesteacontece","robots":{"index":"index","follow":"follow","max-snippet":"max-snippet:-1","max-image-preview":"max-image-preview:large","max-video-preview":"max-video-preview:-1"},"canonical":"https:\/\/sudoesteacontece.com.br\/?p=28768","og_locale":"pt_BR","og_type":"article","og_title":"Morre Jucelino Porto, ex-vice-presidente do Clube Social de Brumado - Sudoesteacontece","og_description":"Morreu neste domingo (30), Jucelino Ferreira Porto, conhecido como Buda, que teve uma trajet\u00f3ria ligada ao Clube Social de Brumado. Ele participou da administra\u00e7\u00e3o da entidade durante anos e exerceu diferentes fun\u00e7\u00f5es na institui\u00e7\u00e3o. Ao longo de sua atua\u00e7\u00e3o, Jucelino integrou o Conselho Deliberativo do Clube Social de Brumado e tamb\u00e9m ocupou o cargo de diretor. Mais recentemente, assumiu a vice-presid\u00eancia da entidade, participando da gest\u00e3o e das atividades desenvolvidas pelo clube. Segundo informa\u00e7\u00f5es divulgadas, o falecimento ocorreu ap\u00f3s problemas de sa\u00fade. A morte provocou como\u00e7\u00e3o entre familiares, amigos e pessoas que acompanharam a trajet\u00f3ria de Jucelino no Clube Social e na comunidade de Brumado. Familiares est\u00e3o organizando os procedimentos para o funeral. At\u00e9 o momento, os hor\u00e1rios e locais do vel\u00f3rio e do sepultamento ainda n\u00e3o foram divulgados e dever\u00e3o ser informados posteriormente.","og_url":"https:\/\/sudoesteacontece.com.br\/?p=28768","og_site_name":"Sudoesteacontece","article_publisher":"https:\/\/www.facebook.com\/sudoesteacontece\/?locale=pt_BR","article_published_time":"2026-08-31T20:46:03+00:00","article_modified_time":"2026-08-31T20:46:08+00:00","og_image":[{"width":900,"height":600,"url":"http:\/\/sudoesteacontece.com.br\/wp-content\/uploads\/2026\/08\/Sepultamento-de-Jucelino-Ferreira-Porto-e-marcado-para-esta-quarta-em-Brumado.jpg","type":"image\/jpeg"}],"author":"Reda\u00e7\u00e3o","twitter_card":"summary_large_image","twitter_misc":{"Escrito por":"Reda\u00e7\u00e3o","Est. tempo de leitura":"2 minutos"},"schema":{"@context":"https:\/\/schema.org","@graph":[{"@type":"Article","@id":"https:\/\/sudoesteacontece.com.br\/?p=28768#article","isPartOf":{"@id":"https:\/\/sudoesteacontece.com.br\/?p=28768"},"author":{"name":"Reda\u00e7\u00e3o","@id":"https:\/\/sudoesteacontece.com.br\/#\/schema\/person\/a4f22429c1d0923ef8f7d43343f8dc38"},"headline":"Morre Jucelino Porto, ex-vice-presidente do Clube Social de Brumado","datePublished":"2026-08-31T20:46:03+00:00","dateModified":"2026-08-31T20:46:08+00:00","mainEntityOfPage":{"@id":"https:\/\/sudoesteacontece.com.br\/?p=28768"},"wordCount":160,"commentCount":0,"publisher":{"@id":"https:\/\/sudoesteacontece.com.br\/#organization"},"image":{"@id":"https:\/\/sudoesteacontece.com.br\/?p=28768#primaryimage"},"thumbnailUrl":"https:\/\/sudoesteacontece.com.br\/wp-content\/uploads\/2026\/08\/Sepultamento-de-Jucelino-Ferreira-Porto-e-marcado-para-esta-quarta-em-Brumado.jpg","articleSection":["Brumado","Cidades"],"inLanguage":"pt-BR","potentialAction":[{"@type":"CommentAction","name":"Comment","target":["https:\/\/sudoesteacontece.com.br\/?p=28768#respond"]}]},{"@type":"WebPage","@id":"https:\/\/sudoesteacontece.com.br\/?p=28768","url":"https:\/\/sudoesteacontece.com.br\/?p=28768","name":"Morre Jucelino Porto, ex-vice-presidente do Clube Social de Brumado - Sudoesteacontece","isPartOf":{"@id":"https:\/\/sudoesteacontece.com.br\/#website"},"primaryImageOfPage":{"@id":"https:\/\/sudoesteacontece.com.br\/?p=28768#primaryimage"},"image":{"@id":"https:\/\/sudoesteacontece.com.br\/?p=28768#primaryimage"},"thumbnailUrl":"https:\/\/sudoesteacontece.com.br\/wp-content\/uploads\/2026\/08\/Sepultamento-de-Jucelino-Ferreira-Porto-e-marcado-para-esta-quarta-em-Brumado.jpg","datePublished":"2026-08-31T20:46:03+00:00","dateModified":"2026-08-31T20:46:08+00:00","breadcrumb":{"@id":"https:\/\/sudoesteacontece.com.br\/?p=28768#breadcrumb"},"inLanguage":"pt-BR","potentialAction":[{"@type":"ReadAction","target":["https:\/\/sudoesteacontece.com.br\/?p=28768"]}]},{"@type":"ImageObject","inLanguage":"pt-BR","@id":"https:\/\/sudoesteacontece.com.br\/?p=28768#primaryimage","url":"https:\/\/sudoesteacontece.com.br\/wp-content\/uploads\/2026\/08\/Sepultamento-de-Jucelino-Ferreira-Porto-e-marcado-para-esta-quarta-em-Brumado.jpg","contentUrl":"https:\/\/sudoesteacontece.com.br\/wp-content\/uploads\/2026\/08\/Sepultamento-de-Jucelino-Ferreira-Porto-e-marcado-para-esta-quarta-em-Brumado.jpg","width":900,"height":600},{"@type":"BreadcrumbList","@id":"https:\/\/sudoesteacontece.com.br\/?p=28768#breadcrumb","itemListElement":[{"@type":"ListItem","position":1,"name":"In\u00edcio","item":"https:\/\/sudoesteacontece.com.br\/"},{"@type":"ListItem","position":2,"name":"Morre Jucelino Porto, ex-vice-presidente do Clube Social de Brumado"}]},{"@type":"WebSite","@id":"https:\/\/sudoesteacontece.com.br\/#website","url":"https:\/\/sudoesteacontece.com.br\/","name":"Sudoesteacontece","description":"","publisher":{"@id":"https:\/\/sudoesteacontece.com.br\/#organization"},"potentialAction":[{"@type":"SearchAction","target":{"@type":"EntryPoint","urlTemplate":"https:\/\/sudoesteacontece.com.br\/?s={search_term_string}"},"query-input":{"@type":"PropertyValueSpecification","valueRequired":true,"valueName":"search_term_string"}}],"inLanguage":"pt-BR"},{"@type":"Organization","@id":"https:\/\/sudoesteacontece.com.br\/#organization","name":"Sudoesteacontece","url":"https:\/\/sudoesteacontece.com.br\/","logo":{"@type":"ImageObject","inLanguage":"pt-BR","@id":"https:\/\/sudoesteacontece.com.br\/#\/schema\/logo\/image\/","url":"https:\/\/sudoesteacontece.com.br\/wp-content\/uploads\/2025\/12\/cropped-logo-2-180x180-1.png","contentUrl":"https:\/\/sudoesteacontece.com.br\/wp-content\/uploads\/2025\/12\/cropped-logo-2-180x180-1.png","width":180,"height":180,"caption":"Sudoesteacontece"},"image":{"@id":"https:\/\/sudoesteacontece.com.br\/#\/schema\/logo\/image\/"},"sameAs":["https:\/\/www.facebook.com\/sudoesteacontece\/?locale=pt_BR"]},{"@type":"Person","@id":"https:\/\/sudoesteacontece.com.br\/#\/schema\/person\/a4f22429c1d0923ef8f7d43343f8dc38","name":"Reda\u00e7\u00e3o","image":{"@type":"ImageObject","inLanguage":"pt-BR","@id":"https:\/\/sudoesteacontece.com.br\/#\/schema\/person\/image\/","url":"https:\/\/secure.gravatar.com\/avatar\/c3a5b3c93f268a709c25a2df414c629a96fb3b1b4bf97a94fb3f72e54ae76903?s=96&d=mm&r=g","contentUrl":"https:\/\/secure.gravatar.com\/avatar\/c3a5b3c93f268a709c25a2df414c629a96fb3b1b4bf97a94fb3f72e54ae76903?s=96&d=mm&r=g","caption":"Reda\u00e7\u00e3o"},"url":"https:\/\/sudoesteacontece.com.br\/?author=4"}]}},"_links":{"self":[{"href":"https:\/\/sudoesteacontece.com.br\/index.php?rest_route=\/wp\/v2\/posts\/28768","targetHints":{"allow":["GET"]}}],"collection":[{"href":"https:\/\/sudoesteacontece.com.br\/index.php?rest_route=\/wp\/v2\/posts"}],"about":[{"href":"https:\/\/sudoesteacontece.com.br\/index.php?rest_route=\/wp\/v2\/types\/post"}],"author":[{"embeddable":true,"href":"https:\/\/sudoesteacontece.com.br\/index.php?rest_route=\/wp\/v2\/users\/4"}],"replies":[{"embeddable":true,"href":"https:\/\/sudoesteacontece.com.br\/index.php?rest_route=%2Fwp%2Fv2%2Fcomments&post=28768"}],"version-history":[{"count":1,"href":"https:\/\/sudoesteacontece.com.br\/index.php?rest_route=\/wp\/v2\/posts\/28768\/revisions"}],"predecessor-version":[{"id":28805,"href":"https:\/\/sudoesteacontece.com.br\/index.php?rest_route=\/wp\/v2\/posts\/28768\/revisions\/28805"}],"wp:featuredmedia":[{"embeddable":true,"href":"https:\/\/sudoesteacontece.com.br\/index.php?rest_route=\/wp\/v2\/media\/28802"}],"wp:attachment":[{"href":"https:\/\/sudoesteacontece.com.br\/index.php?rest_route=%2Fwp%2Fv2%2Fmedia&parent=28768"}],"wp:term":[{"taxonomy":"category","embeddable":true,"href":"https:\/\/sudoesteacontece.com.br\/index.php?rest_route=%2Fwp%2Fv2%2Fcategories&post=28768"},{"taxonomy":"post_tag","embeddable":true,"href":"https:\/\/sudoesteacontece.com.br\/index.php?rest_route=%2Fwp%2Fv2%2Ftags&post=28768"}],"curies":[{"name":"wp","href":"https:\/\/api.w.org\/{rel}","templated":true}]}}