{"id":28770,"date":"2026-08-31T17:48:16","date_gmt":"2026-08-31T20:48:16","guid":{"rendered":"https:\/\/sudoesteacontece.com.br\/?p=28770"},"modified":"2026-08-31T17:48:22","modified_gmt":"2026-08-31T20:48:22","slug":"secretario-de-agricultura-morre-apos-carro-cair-de-ribanceira-no-sul-da-bahia","status":"publish","type":"post","link":"https:\/\/sudoesteacontece.com.br\/?p=28770","title":{"rendered":"Secret\u00e1rio de Agricultura morre ap\u00f3s carro cair de ribanceira no sul da Bahia"},"content":{"rendered":"\n<figure class=\"wp-block-image size-full\"><img fetchpriority=\"high\" decoding=\"async\" width=\"900\" height=\"600\" src=\"http:\/\/sudoesteacontece.com.br\/wp-content\/uploads\/2026\/08\/Secretario-de-Agricultura-morre-apos-carro-cair-de-ribanceira-no-sul-da-Bahia.jpg\" alt=\"\" class=\"wp-image-28808\" srcset=\"https:\/\/sudoesteacontece.com.br\/wp-content\/uploads\/2026\/08\/Secretario-de-Agricultura-morre-apos-carro-cair-de-ribanceira-no-sul-da-Bahia.jpg 900w, https:\/\/sudoesteacontece.com.br\/wp-content\/uploads\/2026\/08\/Secretario-de-Agricultura-morre-apos-carro-cair-de-ribanceira-no-sul-da-Bahia-300x200.jpg 300w, https:\/\/sudoesteacontece.com.br\/wp-content\/uploads\/2026\/08\/Secretario-de-Agricultura-morre-apos-carro-cair-de-ribanceira-no-sul-da-Bahia-768x512.jpg 768w\" sizes=\"(max-width: 900px) 100vw, 900px\" \/><\/figure>\n\n\n\n<p class=\"wp-block-paragraph\">O secret\u00e1rio de Agricultura de Vereda, Silvio Ferreira de Souza, de 46 anos, morreu ap\u00f3s um carro cair de uma ribanceira na zona rural de Itanh\u00e9m. O acidente aconteceu na madrugada deste domingo (30), em uma estrada vicinal da regi\u00e3o. Conhecido como Guila, Silvio foi socorrido pelo Samu e levado para um hospital, mas n\u00e3o resistiu aos ferimentos.<\/p>\n\n\n\n<p class=\"wp-block-paragraph\">Segundo as informa\u00e7\u00f5es registradas sobre a ocorr\u00eancia, o ve\u00edculo em que o secret\u00e1rio estava saiu da estrada e despencou por uma ribanceira. Uma equipe do Servi\u00e7o de Atendimento M\u00f3vel de Urg\u00eancia foi acionada para realizar o resgate. Ap\u00f3s receber os primeiros atendimentos, Silvio foi encaminhado para uma unidade hospitalar da regi\u00e3o.<\/p>\n\n\n\n<p class=\"wp-block-paragraph\">Na unidade de sa\u00fade, o secret\u00e1rio morreu ap\u00f3s dar entrada para atendimento m\u00e9dico. As circunst\u00e2ncias que fizeram o ve\u00edculo sair da estrada ainda n\u00e3o foram esclarecidas. A ocorr\u00eancia foi registrada na 1\u00aa Delegacia Territorial de Teixeira de Freitas, que dever\u00e1 apurar as condi\u00e7\u00f5es em que o acidente aconteceu.<\/p>\n\n\n\n<p class=\"wp-block-paragraph\">Ap\u00f3s a confirma\u00e7\u00e3o da morte, a Prefeitura de Vereda publicou uma mensagem de despedida e lamentou a perda do servidor. A administra\u00e7\u00e3o municipal destacou a atua\u00e7\u00e3o de Silvio e afirmou que ele era um servidor comprometido com o desenvolvimento do munic\u00edpio.<\/p>\n\n\n\n<p class=\"wp-block-paragraph\">Prefeito de Vereda, Manrick Teixeira tamb\u00e9m homenageou o secret\u00e1rio. Segundo ele, Guila era, al\u00e9m de servidor p\u00fablico, amigo e companheiro. O gestor afirmou que Silvio deixa um legado de trabalho e carinho pela popula\u00e7\u00e3o de Vereda.<\/p>\n\n\n\n<p class=\"wp-block-paragraph\">At\u00e9 o momento, n\u00e3o foram divulgadas informa\u00e7\u00f5es adicionais sobre as circunst\u00e2ncias do acidente. A investiga\u00e7\u00e3o dever\u00e1 esclarecer a din\u00e2mica da ocorr\u00eancia e as causas que levaram o ve\u00edculo a cair da ribanceira.<\/p>\n","protected":false},"excerpt":{"rendered":"<p>O secret\u00e1rio de Agricultura de Vereda, Silvio Ferreira de Souza, de 46 anos, morreu ap\u00f3s um carro cair de uma ribanceira na zona rural de Itanh\u00e9m. O acidente aconteceu na madrugada deste domingo (30), em uma estrada vicinal da regi\u00e3o. Conhecido como Guila, Silvio foi socorrido pelo Samu e levado para um hospital, mas n\u00e3o resistiu aos ferimentos. Segundo as informa\u00e7\u00f5es registradas sobre a ocorr\u00eancia, o ve\u00edculo em que o secret\u00e1rio estava saiu da estrada e despencou por uma ribanceira. Uma equipe do Servi\u00e7o de Atendimento M\u00f3vel de Urg\u00eancia foi acionada para realizar o resgate. Ap\u00f3s receber os primeiros atendimentos, Silvio foi encaminhado para uma unidade hospitalar da regi\u00e3o. Na unidade de sa\u00fade, o secret\u00e1rio morreu ap\u00f3s dar entrada para atendimento m\u00e9dico. As circunst\u00e2ncias que fizeram o ve\u00edculo sair da estrada ainda n\u00e3o foram esclarecidas. A ocorr\u00eancia foi registrada na 1\u00aa Delegacia Territorial de Teixeira de Freitas, que dever\u00e1 apurar as condi\u00e7\u00f5es em que o acidente aconteceu. Ap\u00f3s a confirma\u00e7\u00e3o da morte, a Prefeitura de Vereda publicou uma mensagem de despedida e lamentou a perda do servidor. A administra\u00e7\u00e3o municipal destacou a atua\u00e7\u00e3o de Silvio e afirmou que ele era um servidor comprometido com o desenvolvimento do munic\u00edpio. Prefeito de Vereda, Manrick Teixeira tamb\u00e9m homenageou o secret\u00e1rio. Segundo ele, Guila era, al\u00e9m de servidor p\u00fablico, amigo e companheiro. O gestor afirmou que Silvio deixa um legado de trabalho e carinho pela popula\u00e7\u00e3o de Vereda. At\u00e9 o momento, n\u00e3o foram divulgadas informa\u00e7\u00f5es adicionais sobre as circunst\u00e2ncias do acidente. A investiga\u00e7\u00e3o dever\u00e1 esclarecer a din\u00e2mica da ocorr\u00eancia e as causas que levaram o ve\u00edculo a cair da ribanceira.<\/p>\n","protected":false},"author":4,"featured_media":0,"comment_status":"open","ping_status":"open","sticky":false,"template":"","format":"standard","meta":{"footnotes":""},"categories":[5,4],"tags":[],"class_list":["post-28770","post","type-post","status-publish","format-standard","hentry","category-acidente","category-cidades"],"yoast_head":"<!-- This site is optimized with the Yoast SEO plugin v26.5 - https:\/\/yoast.com\/wordpress\/plugins\/seo\/ -->\n<title>Secret\u00e1rio de Agricultura morre ap\u00f3s carro cair de ribanceira no sul da Bahia - Sudoesteacontece<\/title>\n<meta name=\"robots\" content=\"index, follow, max-snippet:-1, max-image-preview:large, max-video-preview:-1\" \/>\n<link rel=\"canonical\" href=\"https:\/\/sudoesteacontece.com.br\/?p=28770\" \/>\n<meta property=\"og:locale\" content=\"pt_BR\" \/>\n<meta property=\"og:type\" content=\"article\" \/>\n<meta property=\"og:title\" content=\"Secret\u00e1rio de Agricultura morre ap\u00f3s carro cair de ribanceira no sul da Bahia - Sudoesteacontece\" \/>\n<meta property=\"og:description\" content=\"O secret\u00e1rio de Agricultura de Vereda, Silvio Ferreira de Souza, de 46 anos, morreu ap\u00f3s um carro cair de uma ribanceira na zona rural de Itanh\u00e9m. O acidente aconteceu na madrugada deste domingo (30), em uma estrada vicinal da regi\u00e3o. Conhecido como Guila, Silvio foi socorrido pelo Samu e levado para um hospital, mas n\u00e3o resistiu aos ferimentos. Segundo as informa\u00e7\u00f5es registradas sobre a ocorr\u00eancia, o ve\u00edculo em que o secret\u00e1rio estava saiu da estrada e despencou por uma ribanceira. Uma equipe do Servi\u00e7o de Atendimento M\u00f3vel de Urg\u00eancia foi acionada para realizar o resgate. Ap\u00f3s receber os primeiros atendimentos, Silvio foi encaminhado para uma unidade hospitalar da regi\u00e3o. Na unidade de sa\u00fade, o secret\u00e1rio morreu ap\u00f3s dar entrada para atendimento m\u00e9dico. As circunst\u00e2ncias que fizeram o ve\u00edculo sair da estrada ainda n\u00e3o foram esclarecidas. A ocorr\u00eancia foi registrada na 1\u00aa Delegacia Territorial de Teixeira de Freitas, que dever\u00e1 apurar as condi\u00e7\u00f5es em que o acidente aconteceu. Ap\u00f3s a confirma\u00e7\u00e3o da morte, a Prefeitura de Vereda publicou uma mensagem de despedida e lamentou a perda do servidor. A administra\u00e7\u00e3o municipal destacou a atua\u00e7\u00e3o de Silvio e afirmou que ele era um servidor comprometido com o desenvolvimento do munic\u00edpio. Prefeito de Vereda, Manrick Teixeira tamb\u00e9m homenageou o secret\u00e1rio. Segundo ele, Guila era, al\u00e9m de servidor p\u00fablico, amigo e companheiro. O gestor afirmou que Silvio deixa um legado de trabalho e carinho pela popula\u00e7\u00e3o de Vereda. At\u00e9 o momento, n\u00e3o foram divulgadas informa\u00e7\u00f5es adicionais sobre as circunst\u00e2ncias do acidente. A investiga\u00e7\u00e3o dever\u00e1 esclarecer a din\u00e2mica da ocorr\u00eancia e as causas que levaram o ve\u00edculo a cair da ribanceira.\" \/>\n<meta property=\"og:url\" content=\"https:\/\/sudoesteacontece.com.br\/?p=28770\" \/>\n<meta property=\"og:site_name\" content=\"Sudoesteacontece\" \/>\n<meta property=\"article:publisher\" content=\"https:\/\/www.facebook.com\/sudoesteacontece\/?locale=pt_BR\" \/>\n<meta property=\"article:published_time\" content=\"2026-08-31T20:48:16+00:00\" \/>\n<meta property=\"article:modified_time\" content=\"2026-08-31T20:48:22+00:00\" \/>\n<meta property=\"og:image\" content=\"https:\/\/sudoesteacontece.com.br\/wp-content\/uploads\/2026\/08\/Secretario-de-Agricultura-morre-apos-carro-cair-de-ribanceira-no-sul-da-Bahia.jpg\" \/>\n\t<meta property=\"og:image:width\" content=\"900\" \/>\n\t<meta property=\"og:image:height\" content=\"600\" \/>\n\t<meta property=\"og:image:type\" content=\"image\/jpeg\" \/>\n<meta name=\"author\" content=\"Reda\u00e7\u00e3o\" \/>\n<meta name=\"twitter:card\" content=\"summary_large_image\" \/>\n<meta name=\"twitter:label1\" content=\"Escrito por\" \/>\n\t<meta name=\"twitter:data1\" content=\"Reda\u00e7\u00e3o\" \/>\n\t<meta name=\"twitter:label2\" content=\"Est. tempo de leitura\" \/>\n\t<meta name=\"twitter:data2\" content=\"2 minutos\" \/>\n<script type=\"application\/ld+json\" class=\"yoast-schema-graph\">{\"@context\":\"https:\/\/schema.org\",\"@graph\":[{\"@type\":\"Article\",\"@id\":\"https:\/\/sudoesteacontece.com.br\/?p=28770#article\",\"isPartOf\":{\"@id\":\"https:\/\/sudoesteacontece.com.br\/?p=28770\"},\"author\":{\"name\":\"Reda\u00e7\u00e3o\",\"@id\":\"https:\/\/sudoesteacontece.com.br\/#\/schema\/person\/a4f22429c1d0923ef8f7d43343f8dc38\"},\"headline\":\"Secret\u00e1rio de Agricultura morre ap\u00f3s carro cair de ribanceira no sul da Bahia\",\"datePublished\":\"2026-08-31T20:48:16+00:00\",\"dateModified\":\"2026-08-31T20:48:22+00:00\",\"mainEntityOfPage\":{\"@id\":\"https:\/\/sudoesteacontece.com.br\/?p=28770\"},\"wordCount\":318,\"commentCount\":0,\"publisher\":{\"@id\":\"https:\/\/sudoesteacontece.com.br\/#organization\"},\"image\":{\"@id\":\"https:\/\/sudoesteacontece.com.br\/?p=28770#primaryimage\"},\"thumbnailUrl\":\"http:\/\/sudoesteacontece.com.br\/wp-content\/uploads\/2026\/08\/Secretario-de-Agricultura-morre-apos-carro-cair-de-ribanceira-no-sul-da-Bahia.jpg\",\"articleSection\":[\"Acidente\",\"Cidades\"],\"inLanguage\":\"pt-BR\",\"potentialAction\":[{\"@type\":\"CommentAction\",\"name\":\"Comment\",\"target\":[\"https:\/\/sudoesteacontece.com.br\/?p=28770#respond\"]}]},{\"@type\":\"WebPage\",\"@id\":\"https:\/\/sudoesteacontece.com.br\/?p=28770\",\"url\":\"https:\/\/sudoesteacontece.com.br\/?p=28770\",\"name\":\"Secret\u00e1rio de Agricultura morre ap\u00f3s carro cair de ribanceira no sul da Bahia - Sudoesteacontece\",\"isPartOf\":{\"@id\":\"https:\/\/sudoesteacontece.com.br\/#website\"},\"primaryImageOfPage\":{\"@id\":\"https:\/\/sudoesteacontece.com.br\/?p=28770#primaryimage\"},\"image\":{\"@id\":\"https:\/\/sudoesteacontece.com.br\/?p=28770#primaryimage\"},\"thumbnailUrl\":\"http:\/\/sudoesteacontece.com.br\/wp-content\/uploads\/2026\/08\/Secretario-de-Agricultura-morre-apos-carro-cair-de-ribanceira-no-sul-da-Bahia.jpg\",\"datePublished\":\"2026-08-31T20:48:16+00:00\",\"dateModified\":\"2026-08-31T20:48:22+00:00\",\"breadcrumb\":{\"@id\":\"https:\/\/sudoesteacontece.com.br\/?p=28770#breadcrumb\"},\"inLanguage\":\"pt-BR\",\"potentialAction\":[{\"@type\":\"ReadAction\",\"target\":[\"https:\/\/sudoesteacontece.com.br\/?p=28770\"]}]},{\"@type\":\"ImageObject\",\"inLanguage\":\"pt-BR\",\"@id\":\"https:\/\/sudoesteacontece.com.br\/?p=28770#primaryimage\",\"url\":\"https:\/\/sudoesteacontece.com.br\/wp-content\/uploads\/2026\/08\/Secretario-de-Agricultura-morre-apos-carro-cair-de-ribanceira-no-sul-da-Bahia.jpg\",\"contentUrl\":\"https:\/\/sudoesteacontece.com.br\/wp-content\/uploads\/2026\/08\/Secretario-de-Agricultura-morre-apos-carro-cair-de-ribanceira-no-sul-da-Bahia.jpg\",\"width\":900,\"height\":600},{\"@type\":\"BreadcrumbList\",\"@id\":\"https:\/\/sudoesteacontece.com.br\/?p=28770#breadcrumb\",\"itemListElement\":[{\"@type\":\"ListItem\",\"position\":1,\"name\":\"In\u00edcio\",\"item\":\"https:\/\/sudoesteacontece.com.br\/\"},{\"@type\":\"ListItem\",\"position\":2,\"name\":\"Secret\u00e1rio de Agricultura morre ap\u00f3s carro cair de ribanceira no sul da Bahia\"}]},{\"@type\":\"WebSite\",\"@id\":\"https:\/\/sudoesteacontece.com.br\/#website\",\"url\":\"https:\/\/sudoesteacontece.com.br\/\",\"name\":\"Sudoesteacontece\",\"description\":\"\",\"publisher\":{\"@id\":\"https:\/\/sudoesteacontece.com.br\/#organization\"},\"potentialAction\":[{\"@type\":\"SearchAction\",\"target\":{\"@type\":\"EntryPoint\",\"urlTemplate\":\"https:\/\/sudoesteacontece.com.br\/?s={search_term_string}\"},\"query-input\":{\"@type\":\"PropertyValueSpecification\",\"valueRequired\":true,\"valueName\":\"search_term_string\"}}],\"inLanguage\":\"pt-BR\"},{\"@type\":\"Organization\",\"@id\":\"https:\/\/sudoesteacontece.com.br\/#organization\",\"name\":\"Sudoesteacontece\",\"url\":\"https:\/\/sudoesteacontece.com.br\/\",\"logo\":{\"@type\":\"ImageObject\",\"inLanguage\":\"pt-BR\",\"@id\":\"https:\/\/sudoesteacontece.com.br\/#\/schema\/logo\/image\/\",\"url\":\"https:\/\/sudoesteacontece.com.br\/wp-content\/uploads\/2025\/12\/cropped-logo-2-180x180-1.png\",\"contentUrl\":\"https:\/\/sudoesteacontece.com.br\/wp-content\/uploads\/2025\/12\/cropped-logo-2-180x180-1.png\",\"width\":180,\"height\":180,\"caption\":\"Sudoesteacontece\"},\"image\":{\"@id\":\"https:\/\/sudoesteacontece.com.br\/#\/schema\/logo\/image\/\"},\"sameAs\":[\"https:\/\/www.facebook.com\/sudoesteacontece\/?locale=pt_BR\"]},{\"@type\":\"Person\",\"@id\":\"https:\/\/sudoesteacontece.com.br\/#\/schema\/person\/a4f22429c1d0923ef8f7d43343f8dc38\",\"name\":\"Reda\u00e7\u00e3o\",\"image\":{\"@type\":\"ImageObject\",\"inLanguage\":\"pt-BR\",\"@id\":\"https:\/\/sudoesteacontece.com.br\/#\/schema\/person\/image\/\",\"url\":\"https:\/\/secure.gravatar.com\/avatar\/c3a5b3c93f268a709c25a2df414c629a96fb3b1b4bf97a94fb3f72e54ae76903?s=96&d=mm&r=g\",\"contentUrl\":\"https:\/\/secure.gravatar.com\/avatar\/c3a5b3c93f268a709c25a2df414c629a96fb3b1b4bf97a94fb3f72e54ae76903?s=96&d=mm&r=g\",\"caption\":\"Reda\u00e7\u00e3o\"},\"url\":\"https:\/\/sudoesteacontece.com.br\/?author=4\"}]}<\/script>\n<!-- \/ Yoast SEO plugin. -->","yoast_head_json":{"title":"Secret\u00e1rio de Agricultura morre ap\u00f3s carro cair de ribanceira no sul da Bahia - Sudoesteacontece","robots":{"index":"index","follow":"follow","max-snippet":"max-snippet:-1","max-image-preview":"max-image-preview:large","max-video-preview":"max-video-preview:-1"},"canonical":"https:\/\/sudoesteacontece.com.br\/?p=28770","og_locale":"pt_BR","og_type":"article","og_title":"Secret\u00e1rio de Agricultura morre ap\u00f3s carro cair de ribanceira no sul da Bahia - Sudoesteacontece","og_description":"O secret\u00e1rio de Agricultura de Vereda, Silvio Ferreira de Souza, de 46 anos, morreu ap\u00f3s um carro cair de uma ribanceira na zona rural de Itanh\u00e9m. O acidente aconteceu na madrugada deste domingo (30), em uma estrada vicinal da regi\u00e3o. Conhecido como Guila, Silvio foi socorrido pelo Samu e levado para um hospital, mas n\u00e3o resistiu aos ferimentos. Segundo as informa\u00e7\u00f5es registradas sobre a ocorr\u00eancia, o ve\u00edculo em que o secret\u00e1rio estava saiu da estrada e despencou por uma ribanceira. Uma equipe do Servi\u00e7o de Atendimento M\u00f3vel de Urg\u00eancia foi acionada para realizar o resgate. Ap\u00f3s receber os primeiros atendimentos, Silvio foi encaminhado para uma unidade hospitalar da regi\u00e3o. Na unidade de sa\u00fade, o secret\u00e1rio morreu ap\u00f3s dar entrada para atendimento m\u00e9dico. As circunst\u00e2ncias que fizeram o ve\u00edculo sair da estrada ainda n\u00e3o foram esclarecidas. A ocorr\u00eancia foi registrada na 1\u00aa Delegacia Territorial de Teixeira de Freitas, que dever\u00e1 apurar as condi\u00e7\u00f5es em que o acidente aconteceu. Ap\u00f3s a confirma\u00e7\u00e3o da morte, a Prefeitura de Vereda publicou uma mensagem de despedida e lamentou a perda do servidor. A administra\u00e7\u00e3o municipal destacou a atua\u00e7\u00e3o de Silvio e afirmou que ele era um servidor comprometido com o desenvolvimento do munic\u00edpio. Prefeito de Vereda, Manrick Teixeira tamb\u00e9m homenageou o secret\u00e1rio. Segundo ele, Guila era, al\u00e9m de servidor p\u00fablico, amigo e companheiro. O gestor afirmou que Silvio deixa um legado de trabalho e carinho pela popula\u00e7\u00e3o de Vereda. At\u00e9 o momento, n\u00e3o foram divulgadas informa\u00e7\u00f5es adicionais sobre as circunst\u00e2ncias do acidente. A investiga\u00e7\u00e3o dever\u00e1 esclarecer a din\u00e2mica da ocorr\u00eancia e as causas que levaram o ve\u00edculo a cair da ribanceira.","og_url":"https:\/\/sudoesteacontece.com.br\/?p=28770","og_site_name":"Sudoesteacontece","article_publisher":"https:\/\/www.facebook.com\/sudoesteacontece\/?locale=pt_BR","article_published_time":"2026-08-31T20:48:16+00:00","article_modified_time":"2026-08-31T20:48:22+00:00","og_image":[{"width":900,"height":600,"url":"https:\/\/sudoesteacontece.com.br\/wp-content\/uploads\/2026\/08\/Secretario-de-Agricultura-morre-apos-carro-cair-de-ribanceira-no-sul-da-Bahia.jpg","type":"image\/jpeg"}],"author":"Reda\u00e7\u00e3o","twitter_card":"summary_large_image","twitter_misc":{"Escrito por":"Reda\u00e7\u00e3o","Est. tempo de leitura":"2 minutos"},"schema":{"@context":"https:\/\/schema.org","@graph":[{"@type":"Article","@id":"https:\/\/sudoesteacontece.com.br\/?p=28770#article","isPartOf":{"@id":"https:\/\/sudoesteacontece.com.br\/?p=28770"},"author":{"name":"Reda\u00e7\u00e3o","@id":"https:\/\/sudoesteacontece.com.br\/#\/schema\/person\/a4f22429c1d0923ef8f7d43343f8dc38"},"headline":"Secret\u00e1rio de Agricultura morre ap\u00f3s carro cair de ribanceira no sul da Bahia","datePublished":"2026-08-31T20:48:16+00:00","dateModified":"2026-08-31T20:48:22+00:00","mainEntityOfPage":{"@id":"https:\/\/sudoesteacontece.com.br\/?p=28770"},"wordCount":318,"commentCount":0,"publisher":{"@id":"https:\/\/sudoesteacontece.com.br\/#organization"},"image":{"@id":"https:\/\/sudoesteacontece.com.br\/?p=28770#primaryimage"},"thumbnailUrl":"http:\/\/sudoesteacontece.com.br\/wp-content\/uploads\/2026\/08\/Secretario-de-Agricultura-morre-apos-carro-cair-de-ribanceira-no-sul-da-Bahia.jpg","articleSection":["Acidente","Cidades"],"inLanguage":"pt-BR","potentialAction":[{"@type":"CommentAction","name":"Comment","target":["https:\/\/sudoesteacontece.com.br\/?p=28770#respond"]}]},{"@type":"WebPage","@id":"https:\/\/sudoesteacontece.com.br\/?p=28770","url":"https:\/\/sudoesteacontece.com.br\/?p=28770","name":"Secret\u00e1rio de Agricultura morre ap\u00f3s carro cair de ribanceira no sul da Bahia - Sudoesteacontece","isPartOf":{"@id":"https:\/\/sudoesteacontece.com.br\/#website"},"primaryImageOfPage":{"@id":"https:\/\/sudoesteacontece.com.br\/?p=28770#primaryimage"},"image":{"@id":"https:\/\/sudoesteacontece.com.br\/?p=28770#primaryimage"},"thumbnailUrl":"http:\/\/sudoesteacontece.com.br\/wp-content\/uploads\/2026\/08\/Secretario-de-Agricultura-morre-apos-carro-cair-de-ribanceira-no-sul-da-Bahia.jpg","datePublished":"2026-08-31T20:48:16+00:00","dateModified":"2026-08-31T20:48:22+00:00","breadcrumb":{"@id":"https:\/\/sudoesteacontece.com.br\/?p=28770#breadcrumb"},"inLanguage":"pt-BR","potentialAction":[{"@type":"ReadAction","target":["https:\/\/sudoesteacontece.com.br\/?p=28770"]}]},{"@type":"ImageObject","inLanguage":"pt-BR","@id":"https:\/\/sudoesteacontece.com.br\/?p=28770#primaryimage","url":"https:\/\/sudoesteacontece.com.br\/wp-content\/uploads\/2026\/08\/Secretario-de-Agricultura-morre-apos-carro-cair-de-ribanceira-no-sul-da-Bahia.jpg","contentUrl":"https:\/\/sudoesteacontece.com.br\/wp-content\/uploads\/2026\/08\/Secretario-de-Agricultura-morre-apos-carro-cair-de-ribanceira-no-sul-da-Bahia.jpg","width":900,"height":600},{"@type":"BreadcrumbList","@id":"https:\/\/sudoesteacontece.com.br\/?p=28770#breadcrumb","itemListElement":[{"@type":"ListItem","position":1,"name":"In\u00edcio","item":"https:\/\/sudoesteacontece.com.br\/"},{"@type":"ListItem","position":2,"name":"Secret\u00e1rio de Agricultura morre ap\u00f3s carro cair de ribanceira no sul da Bahia"}]},{"@type":"WebSite","@id":"https:\/\/sudoesteacontece.com.br\/#website","url":"https:\/\/sudoesteacontece.com.br\/","name":"Sudoesteacontece","description":"","publisher":{"@id":"https:\/\/sudoesteacontece.com.br\/#organization"},"potentialAction":[{"@type":"SearchAction","target":{"@type":"EntryPoint","urlTemplate":"https:\/\/sudoesteacontece.com.br\/?s={search_term_string}"},"query-input":{"@type":"PropertyValueSpecification","valueRequired":true,"valueName":"search_term_string"}}],"inLanguage":"pt-BR"},{"@type":"Organization","@id":"https:\/\/sudoesteacontece.com.br\/#organization","name":"Sudoesteacontece","url":"https:\/\/sudoesteacontece.com.br\/","logo":{"@type":"ImageObject","inLanguage":"pt-BR","@id":"https:\/\/sudoesteacontece.com.br\/#\/schema\/logo\/image\/","url":"https:\/\/sudoesteacontece.com.br\/wp-content\/uploads\/2025\/12\/cropped-logo-2-180x180-1.png","contentUrl":"https:\/\/sudoesteacontece.com.br\/wp-content\/uploads\/2025\/12\/cropped-logo-2-180x180-1.png","width":180,"height":180,"caption":"Sudoesteacontece"},"image":{"@id":"https:\/\/sudoesteacontece.com.br\/#\/schema\/logo\/image\/"},"sameAs":["https:\/\/www.facebook.com\/sudoesteacontece\/?locale=pt_BR"]},{"@type":"Person","@id":"https:\/\/sudoesteacontece.com.br\/#\/schema\/person\/a4f22429c1d0923ef8f7d43343f8dc38","name":"Reda\u00e7\u00e3o","image":{"@type":"ImageObject","inLanguage":"pt-BR","@id":"https:\/\/sudoesteacontece.com.br\/#\/schema\/person\/image\/","url":"https:\/\/secure.gravatar.com\/avatar\/c3a5b3c93f268a709c25a2df414c629a96fb3b1b4bf97a94fb3f72e54ae76903?s=96&d=mm&r=g","contentUrl":"https:\/\/secure.gravatar.com\/avatar\/c3a5b3c93f268a709c25a2df414c629a96fb3b1b4bf97a94fb3f72e54ae76903?s=96&d=mm&r=g","caption":"Reda\u00e7\u00e3o"},"url":"https:\/\/sudoesteacontece.com.br\/?author=4"}]}},"_links":{"self":[{"href":"https:\/\/sudoesteacontece.com.br\/index.php?rest_route=\/wp\/v2\/posts\/28770","targetHints":{"allow":["GET"]}}],"collection":[{"href":"https:\/\/sudoesteacontece.com.br\/index.php?rest_route=\/wp\/v2\/posts"}],"about":[{"href":"https:\/\/sudoesteacontece.com.br\/index.php?rest_route=\/wp\/v2\/types\/post"}],"author":[{"embeddable":true,"href":"https:\/\/sudoesteacontece.com.br\/index.php?rest_route=\/wp\/v2\/users\/4"}],"replies":[{"embeddable":true,"href":"https:\/\/sudoesteacontece.com.br\/index.php?rest_route=%2Fwp%2Fv2%2Fcomments&post=28770"}],"version-history":[{"count":1,"href":"https:\/\/sudoesteacontece.com.br\/index.php?rest_route=\/wp\/v2\/posts\/28770\/revisions"}],"predecessor-version":[{"id":28814,"href":"https:\/\/sudoesteacontece.com.br\/index.php?rest_route=\/wp\/v2\/posts\/28770\/revisions\/28814"}],"wp:attachment":[{"href":"https:\/\/sudoesteacontece.com.br\/index.php?rest_route=%2Fwp%2Fv2%2Fmedia&parent=28770"}],"wp:term":[{"taxonomy":"category","embeddable":true,"href":"https:\/\/sudoesteacontece.com.br\/index.php?rest_route=%2Fwp%2Fv2%2Fcategories&post=28770"},{"taxonomy":"post_tag","embeddable":true,"href":"https:\/\/sudoesteacontece.com.br\/index.php?rest_route=%2Fwp%2Fv2%2Ftags&post=28770"}],"curies":[{"name":"wp","href":"https:\/\/api.w.org\/{rel}","templated":true}]}}