{"id":28771,"date":"2026-08-31T17:40:03","date_gmt":"2026-08-31T20:40:03","guid":{"rendered":"https:\/\/sudoesteacontece.com.br\/?p=28771"},"modified":"2026-08-31T17:40:08","modified_gmt":"2026-08-31T20:40:08","slug":"camara-de-guanambi-cobra-respostas-da-coelba-em-encontro-com-vereadores","status":"publish","type":"post","link":"https:\/\/sudoesteacontece.com.br\/?p=28771","title":{"rendered":"C\u00e2mara de Guanambi cobra respostas da Coelba em encontro com vereadores"},"content":{"rendered":"\n<figure class=\"wp-block-image size-full\"><img fetchpriority=\"high\" decoding=\"async\" width=\"900\" height=\"600\" src=\"http:\/\/sudoesteacontece.com.br\/wp-content\/uploads\/2026\/08\/camara-de-vereadores-de-guanambi-coelba.jpg\" alt=\"\" class=\"wp-image-28790\" srcset=\"https:\/\/sudoesteacontece.com.br\/wp-content\/uploads\/2026\/08\/camara-de-vereadores-de-guanambi-coelba.jpg 900w, https:\/\/sudoesteacontece.com.br\/wp-content\/uploads\/2026\/08\/camara-de-vereadores-de-guanambi-coelba-300x200.jpg 300w, https:\/\/sudoesteacontece.com.br\/wp-content\/uploads\/2026\/08\/camara-de-vereadores-de-guanambi-coelba-768x512.jpg 768w\" sizes=\"(max-width: 900px) 100vw, 900px\" \/><\/figure>\n\n\n\n<p class=\"wp-block-paragraph\">A C\u00e2mara Municipal de Guanambi recebeu, na manh\u00e3 desta quinta-feira (27), representantes da Neoenergia\/Coelba para uma reuni\u00e3o destinada a aproximar a concession\u00e1ria do Poder Legislativo e da popula\u00e7\u00e3o. O encontro ocorreu no Audit\u00f3rio Lino Teixeira e reuniu vereadores, moradores e representantes da empresa. Durante a agenda, foram apresentadas demandas relacionadas aos servi\u00e7os de energia el\u00e9trica prestados no munic\u00edpio.<\/p>\n\n\n\n<p class=\"wp-block-paragraph\">Representando a Neoenergia\/Coelba, Jairo Vieira e Vinicius Foga\u00e7a participaram da reuni\u00e3o e permaneceram \u00e0 disposi\u00e7\u00e3o dos vereadores e da comunidade. Os representantes ouviram solicita\u00e7\u00f5es, esclareceram d\u00favidas e responderam aos questionamentos apresentados durante o encontro. A iniciativa permitiu que as principais demandas relacionadas ao atendimento da concession\u00e1ria fossem levadas diretamente aos respons\u00e1veis.<\/p>\n\n\n\n<p class=\"wp-block-paragraph\">Ao longo da manh\u00e3, o di\u00e1logo entre os participantes possibilitou a apresenta\u00e7\u00e3o de situa\u00e7\u00f5es envolvendo os servi\u00e7os oferecidos pela empresa em Guanambi. Vereadores e moradores tiveram a oportunidade de expor questionamentos e buscar esclarecimentos sobre quest\u00f5es que afetam o cotidiano da popula\u00e7\u00e3o.<\/p>\n\n\n\n<p class=\"wp-block-paragraph\">Para a C\u00e2mara Municipal, a reuni\u00e3o criou um canal de comunica\u00e7\u00e3o direto entre a concession\u00e1ria, os representantes do Legislativo e a comunidade. O encontro tamb\u00e9m permitiu reunir demandas dos moradores e discutir quest\u00f5es relacionadas \u00e0 presta\u00e7\u00e3o dos servi\u00e7os de energia no munic\u00edpio.<\/p>\n\n\n\n<p class=\"wp-block-paragraph\">Ap\u00f3s a reuni\u00e3o, ficou estabelecido um espa\u00e7o de di\u00e1logo entre as partes para tratar das demandas apresentadas durante a agenda. O encontro fez parte da aproxima\u00e7\u00e3o institucional entre a Neoenergia\/Coelba e o Poder Legislativo de Guanambi.<\/p>\n","protected":false},"excerpt":{"rendered":"<p>A C\u00e2mara Municipal de Guanambi recebeu, na manh\u00e3 desta quinta-feira (27), representantes da Neoenergia\/Coelba para uma reuni\u00e3o destinada a aproximar a concession\u00e1ria do Poder Legislativo e da popula\u00e7\u00e3o. O encontro ocorreu no Audit\u00f3rio Lino Teixeira e reuniu vereadores, moradores e representantes da empresa. Durante a agenda, foram apresentadas demandas relacionadas aos servi\u00e7os de energia el\u00e9trica prestados no munic\u00edpio. Representando a Neoenergia\/Coelba, Jairo Vieira e Vinicius Foga\u00e7a participaram da reuni\u00e3o e permaneceram \u00e0 disposi\u00e7\u00e3o dos vereadores e da comunidade. Os representantes ouviram solicita\u00e7\u00f5es, esclareceram d\u00favidas e responderam aos questionamentos apresentados durante o encontro. A iniciativa permitiu que as principais demandas relacionadas ao atendimento da concession\u00e1ria fossem levadas diretamente aos respons\u00e1veis. Ao longo da manh\u00e3, o di\u00e1logo entre os participantes possibilitou a apresenta\u00e7\u00e3o de situa\u00e7\u00f5es envolvendo os servi\u00e7os oferecidos pela empresa em Guanambi. Vereadores e moradores tiveram a oportunidade de expor questionamentos e buscar esclarecimentos sobre quest\u00f5es que afetam o cotidiano da popula\u00e7\u00e3o. Para a C\u00e2mara Municipal, a reuni\u00e3o criou um canal de comunica\u00e7\u00e3o direto entre a concession\u00e1ria, os representantes do Legislativo e a comunidade. O encontro tamb\u00e9m permitiu reunir demandas dos moradores e discutir quest\u00f5es relacionadas \u00e0 presta\u00e7\u00e3o dos servi\u00e7os de energia no munic\u00edpio. Ap\u00f3s a reuni\u00e3o, ficou estabelecido um espa\u00e7o de di\u00e1logo entre as partes para tratar das demandas apresentadas durante a agenda. O encontro fez parte da aproxima\u00e7\u00e3o institucional entre a Neoenergia\/Coelba e o Poder Legislativo de Guanambi.<\/p>\n","protected":false},"author":4,"featured_media":28790,"comment_status":"open","ping_status":"open","sticky":false,"template":"","format":"standard","meta":{"footnotes":""},"categories":[4,17,6],"tags":[],"class_list":["post-28771","post","type-post","status-publish","format-standard","has-post-thumbnail","hentry","category-cidades","category-guanambi","category-politica"],"yoast_head":"<!-- This site is optimized with the Yoast SEO plugin v26.5 - https:\/\/yoast.com\/wordpress\/plugins\/seo\/ -->\n<title>C\u00e2mara de Guanambi cobra respostas da Coelba em encontro com vereadores - Sudoesteacontece<\/title>\n<meta name=\"robots\" content=\"index, follow, max-snippet:-1, max-image-preview:large, max-video-preview:-1\" \/>\n<link rel=\"canonical\" href=\"https:\/\/sudoesteacontece.com.br\/?p=28771\" \/>\n<meta property=\"og:locale\" content=\"pt_BR\" \/>\n<meta property=\"og:type\" content=\"article\" \/>\n<meta property=\"og:title\" content=\"C\u00e2mara de Guanambi cobra respostas da Coelba em encontro com vereadores - Sudoesteacontece\" \/>\n<meta property=\"og:description\" content=\"A C\u00e2mara Municipal de Guanambi recebeu, na manh\u00e3 desta quinta-feira (27), representantes da Neoenergia\/Coelba para uma reuni\u00e3o destinada a aproximar a concession\u00e1ria do Poder Legislativo e da popula\u00e7\u00e3o. O encontro ocorreu no Audit\u00f3rio Lino Teixeira e reuniu vereadores, moradores e representantes da empresa. Durante a agenda, foram apresentadas demandas relacionadas aos servi\u00e7os de energia el\u00e9trica prestados no munic\u00edpio. Representando a Neoenergia\/Coelba, Jairo Vieira e Vinicius Foga\u00e7a participaram da reuni\u00e3o e permaneceram \u00e0 disposi\u00e7\u00e3o dos vereadores e da comunidade. Os representantes ouviram solicita\u00e7\u00f5es, esclareceram d\u00favidas e responderam aos questionamentos apresentados durante o encontro. A iniciativa permitiu que as principais demandas relacionadas ao atendimento da concession\u00e1ria fossem levadas diretamente aos respons\u00e1veis. Ao longo da manh\u00e3, o di\u00e1logo entre os participantes possibilitou a apresenta\u00e7\u00e3o de situa\u00e7\u00f5es envolvendo os servi\u00e7os oferecidos pela empresa em Guanambi. Vereadores e moradores tiveram a oportunidade de expor questionamentos e buscar esclarecimentos sobre quest\u00f5es que afetam o cotidiano da popula\u00e7\u00e3o. Para a C\u00e2mara Municipal, a reuni\u00e3o criou um canal de comunica\u00e7\u00e3o direto entre a concession\u00e1ria, os representantes do Legislativo e a comunidade. O encontro tamb\u00e9m permitiu reunir demandas dos moradores e discutir quest\u00f5es relacionadas \u00e0 presta\u00e7\u00e3o dos servi\u00e7os de energia no munic\u00edpio. Ap\u00f3s a reuni\u00e3o, ficou estabelecido um espa\u00e7o de di\u00e1logo entre as partes para tratar das demandas apresentadas durante a agenda. O encontro fez parte da aproxima\u00e7\u00e3o institucional entre a Neoenergia\/Coelba e o Poder Legislativo de Guanambi.\" \/>\n<meta property=\"og:url\" content=\"https:\/\/sudoesteacontece.com.br\/?p=28771\" \/>\n<meta property=\"og:site_name\" content=\"Sudoesteacontece\" \/>\n<meta property=\"article:publisher\" content=\"https:\/\/www.facebook.com\/sudoesteacontece\/?locale=pt_BR\" \/>\n<meta property=\"article:published_time\" content=\"2026-08-31T20:40:03+00:00\" \/>\n<meta property=\"article:modified_time\" content=\"2026-08-31T20:40:08+00:00\" \/>\n<meta property=\"og:image\" content=\"http:\/\/sudoesteacontece.com.br\/wp-content\/uploads\/2026\/08\/camara-de-vereadores-de-guanambi-coelba.jpg\" \/>\n\t<meta property=\"og:image:width\" content=\"900\" \/>\n\t<meta property=\"og:image:height\" content=\"600\" \/>\n\t<meta property=\"og:image:type\" content=\"image\/jpeg\" \/>\n<meta name=\"author\" content=\"Reda\u00e7\u00e3o\" \/>\n<meta name=\"twitter:card\" content=\"summary_large_image\" \/>\n<meta name=\"twitter:label1\" content=\"Escrito por\" \/>\n\t<meta name=\"twitter:data1\" content=\"Reda\u00e7\u00e3o\" \/>\n\t<meta name=\"twitter:label2\" content=\"Est. tempo de leitura\" \/>\n\t<meta name=\"twitter:data2\" content=\"2 minutos\" \/>\n<script type=\"application\/ld+json\" class=\"yoast-schema-graph\">{\"@context\":\"https:\/\/schema.org\",\"@graph\":[{\"@type\":\"Article\",\"@id\":\"https:\/\/sudoesteacontece.com.br\/?p=28771#article\",\"isPartOf\":{\"@id\":\"https:\/\/sudoesteacontece.com.br\/?p=28771\"},\"author\":{\"name\":\"Reda\u00e7\u00e3o\",\"@id\":\"https:\/\/sudoesteacontece.com.br\/#\/schema\/person\/a4f22429c1d0923ef8f7d43343f8dc38\"},\"headline\":\"C\u00e2mara de Guanambi cobra respostas da Coelba em encontro com vereadores\",\"datePublished\":\"2026-08-31T20:40:03+00:00\",\"dateModified\":\"2026-08-31T20:40:08+00:00\",\"mainEntityOfPage\":{\"@id\":\"https:\/\/sudoesteacontece.com.br\/?p=28771\"},\"wordCount\":276,\"commentCount\":0,\"publisher\":{\"@id\":\"https:\/\/sudoesteacontece.com.br\/#organization\"},\"image\":{\"@id\":\"https:\/\/sudoesteacontece.com.br\/?p=28771#primaryimage\"},\"thumbnailUrl\":\"https:\/\/sudoesteacontece.com.br\/wp-content\/uploads\/2026\/08\/camara-de-vereadores-de-guanambi-coelba.jpg\",\"articleSection\":[\"Cidades\",\"Guanambi\",\"Pol\u00edtica\"],\"inLanguage\":\"pt-BR\",\"potentialAction\":[{\"@type\":\"CommentAction\",\"name\":\"Comment\",\"target\":[\"https:\/\/sudoesteacontece.com.br\/?p=28771#respond\"]}]},{\"@type\":\"WebPage\",\"@id\":\"https:\/\/sudoesteacontece.com.br\/?p=28771\",\"url\":\"https:\/\/sudoesteacontece.com.br\/?p=28771\",\"name\":\"C\u00e2mara de Guanambi cobra respostas da Coelba em encontro com vereadores - Sudoesteacontece\",\"isPartOf\":{\"@id\":\"https:\/\/sudoesteacontece.com.br\/#website\"},\"primaryImageOfPage\":{\"@id\":\"https:\/\/sudoesteacontece.com.br\/?p=28771#primaryimage\"},\"image\":{\"@id\":\"https:\/\/sudoesteacontece.com.br\/?p=28771#primaryimage\"},\"thumbnailUrl\":\"https:\/\/sudoesteacontece.com.br\/wp-content\/uploads\/2026\/08\/camara-de-vereadores-de-guanambi-coelba.jpg\",\"datePublished\":\"2026-08-31T20:40:03+00:00\",\"dateModified\":\"2026-08-31T20:40:08+00:00\",\"breadcrumb\":{\"@id\":\"https:\/\/sudoesteacontece.com.br\/?p=28771#breadcrumb\"},\"inLanguage\":\"pt-BR\",\"potentialAction\":[{\"@type\":\"ReadAction\",\"target\":[\"https:\/\/sudoesteacontece.com.br\/?p=28771\"]}]},{\"@type\":\"ImageObject\",\"inLanguage\":\"pt-BR\",\"@id\":\"https:\/\/sudoesteacontece.com.br\/?p=28771#primaryimage\",\"url\":\"https:\/\/sudoesteacontece.com.br\/wp-content\/uploads\/2026\/08\/camara-de-vereadores-de-guanambi-coelba.jpg\",\"contentUrl\":\"https:\/\/sudoesteacontece.com.br\/wp-content\/uploads\/2026\/08\/camara-de-vereadores-de-guanambi-coelba.jpg\",\"width\":900,\"height\":600},{\"@type\":\"BreadcrumbList\",\"@id\":\"https:\/\/sudoesteacontece.com.br\/?p=28771#breadcrumb\",\"itemListElement\":[{\"@type\":\"ListItem\",\"position\":1,\"name\":\"In\u00edcio\",\"item\":\"https:\/\/sudoesteacontece.com.br\/\"},{\"@type\":\"ListItem\",\"position\":2,\"name\":\"C\u00e2mara de Guanambi cobra respostas da Coelba em encontro com vereadores\"}]},{\"@type\":\"WebSite\",\"@id\":\"https:\/\/sudoesteacontece.com.br\/#website\",\"url\":\"https:\/\/sudoesteacontece.com.br\/\",\"name\":\"Sudoesteacontece\",\"description\":\"\",\"publisher\":{\"@id\":\"https:\/\/sudoesteacontece.com.br\/#organization\"},\"potentialAction\":[{\"@type\":\"SearchAction\",\"target\":{\"@type\":\"EntryPoint\",\"urlTemplate\":\"https:\/\/sudoesteacontece.com.br\/?s={search_term_string}\"},\"query-input\":{\"@type\":\"PropertyValueSpecification\",\"valueRequired\":true,\"valueName\":\"search_term_string\"}}],\"inLanguage\":\"pt-BR\"},{\"@type\":\"Organization\",\"@id\":\"https:\/\/sudoesteacontece.com.br\/#organization\",\"name\":\"Sudoesteacontece\",\"url\":\"https:\/\/sudoesteacontece.com.br\/\",\"logo\":{\"@type\":\"ImageObject\",\"inLanguage\":\"pt-BR\",\"@id\":\"https:\/\/sudoesteacontece.com.br\/#\/schema\/logo\/image\/\",\"url\":\"https:\/\/sudoesteacontece.com.br\/wp-content\/uploads\/2025\/12\/cropped-logo-2-180x180-1.png\",\"contentUrl\":\"https:\/\/sudoesteacontece.com.br\/wp-content\/uploads\/2025\/12\/cropped-logo-2-180x180-1.png\",\"width\":180,\"height\":180,\"caption\":\"Sudoesteacontece\"},\"image\":{\"@id\":\"https:\/\/sudoesteacontece.com.br\/#\/schema\/logo\/image\/\"},\"sameAs\":[\"https:\/\/www.facebook.com\/sudoesteacontece\/?locale=pt_BR\"]},{\"@type\":\"Person\",\"@id\":\"https:\/\/sudoesteacontece.com.br\/#\/schema\/person\/a4f22429c1d0923ef8f7d43343f8dc38\",\"name\":\"Reda\u00e7\u00e3o\",\"image\":{\"@type\":\"ImageObject\",\"inLanguage\":\"pt-BR\",\"@id\":\"https:\/\/sudoesteacontece.com.br\/#\/schema\/person\/image\/\",\"url\":\"https:\/\/secure.gravatar.com\/avatar\/c3a5b3c93f268a709c25a2df414c629a96fb3b1b4bf97a94fb3f72e54ae76903?s=96&d=mm&r=g\",\"contentUrl\":\"https:\/\/secure.gravatar.com\/avatar\/c3a5b3c93f268a709c25a2df414c629a96fb3b1b4bf97a94fb3f72e54ae76903?s=96&d=mm&r=g\",\"caption\":\"Reda\u00e7\u00e3o\"},\"url\":\"https:\/\/sudoesteacontece.com.br\/?author=4\"}]}<\/script>\n<!-- \/ Yoast SEO plugin. -->","yoast_head_json":{"title":"C\u00e2mara de Guanambi cobra respostas da Coelba em encontro com vereadores - Sudoesteacontece","robots":{"index":"index","follow":"follow","max-snippet":"max-snippet:-1","max-image-preview":"max-image-preview:large","max-video-preview":"max-video-preview:-1"},"canonical":"https:\/\/sudoesteacontece.com.br\/?p=28771","og_locale":"pt_BR","og_type":"article","og_title":"C\u00e2mara de Guanambi cobra respostas da Coelba em encontro com vereadores - Sudoesteacontece","og_description":"A C\u00e2mara Municipal de Guanambi recebeu, na manh\u00e3 desta quinta-feira (27), representantes da Neoenergia\/Coelba para uma reuni\u00e3o destinada a aproximar a concession\u00e1ria do Poder Legislativo e da popula\u00e7\u00e3o. O encontro ocorreu no Audit\u00f3rio Lino Teixeira e reuniu vereadores, moradores e representantes da empresa. Durante a agenda, foram apresentadas demandas relacionadas aos servi\u00e7os de energia el\u00e9trica prestados no munic\u00edpio. Representando a Neoenergia\/Coelba, Jairo Vieira e Vinicius Foga\u00e7a participaram da reuni\u00e3o e permaneceram \u00e0 disposi\u00e7\u00e3o dos vereadores e da comunidade. Os representantes ouviram solicita\u00e7\u00f5es, esclareceram d\u00favidas e responderam aos questionamentos apresentados durante o encontro. A iniciativa permitiu que as principais demandas relacionadas ao atendimento da concession\u00e1ria fossem levadas diretamente aos respons\u00e1veis. Ao longo da manh\u00e3, o di\u00e1logo entre os participantes possibilitou a apresenta\u00e7\u00e3o de situa\u00e7\u00f5es envolvendo os servi\u00e7os oferecidos pela empresa em Guanambi. Vereadores e moradores tiveram a oportunidade de expor questionamentos e buscar esclarecimentos sobre quest\u00f5es que afetam o cotidiano da popula\u00e7\u00e3o. Para a C\u00e2mara Municipal, a reuni\u00e3o criou um canal de comunica\u00e7\u00e3o direto entre a concession\u00e1ria, os representantes do Legislativo e a comunidade. O encontro tamb\u00e9m permitiu reunir demandas dos moradores e discutir quest\u00f5es relacionadas \u00e0 presta\u00e7\u00e3o dos servi\u00e7os de energia no munic\u00edpio. Ap\u00f3s a reuni\u00e3o, ficou estabelecido um espa\u00e7o de di\u00e1logo entre as partes para tratar das demandas apresentadas durante a agenda. O encontro fez parte da aproxima\u00e7\u00e3o institucional entre a Neoenergia\/Coelba e o Poder Legislativo de Guanambi.","og_url":"https:\/\/sudoesteacontece.com.br\/?p=28771","og_site_name":"Sudoesteacontece","article_publisher":"https:\/\/www.facebook.com\/sudoesteacontece\/?locale=pt_BR","article_published_time":"2026-08-31T20:40:03+00:00","article_modified_time":"2026-08-31T20:40:08+00:00","og_image":[{"width":900,"height":600,"url":"http:\/\/sudoesteacontece.com.br\/wp-content\/uploads\/2026\/08\/camara-de-vereadores-de-guanambi-coelba.jpg","type":"image\/jpeg"}],"author":"Reda\u00e7\u00e3o","twitter_card":"summary_large_image","twitter_misc":{"Escrito por":"Reda\u00e7\u00e3o","Est. tempo de leitura":"2 minutos"},"schema":{"@context":"https:\/\/schema.org","@graph":[{"@type":"Article","@id":"https:\/\/sudoesteacontece.com.br\/?p=28771#article","isPartOf":{"@id":"https:\/\/sudoesteacontece.com.br\/?p=28771"},"author":{"name":"Reda\u00e7\u00e3o","@id":"https:\/\/sudoesteacontece.com.br\/#\/schema\/person\/a4f22429c1d0923ef8f7d43343f8dc38"},"headline":"C\u00e2mara de Guanambi cobra respostas da Coelba em encontro com vereadores","datePublished":"2026-08-31T20:40:03+00:00","dateModified":"2026-08-31T20:40:08+00:00","mainEntityOfPage":{"@id":"https:\/\/sudoesteacontece.com.br\/?p=28771"},"wordCount":276,"commentCount":0,"publisher":{"@id":"https:\/\/sudoesteacontece.com.br\/#organization"},"image":{"@id":"https:\/\/sudoesteacontece.com.br\/?p=28771#primaryimage"},"thumbnailUrl":"https:\/\/sudoesteacontece.com.br\/wp-content\/uploads\/2026\/08\/camara-de-vereadores-de-guanambi-coelba.jpg","articleSection":["Cidades","Guanambi","Pol\u00edtica"],"inLanguage":"pt-BR","potentialAction":[{"@type":"CommentAction","name":"Comment","target":["https:\/\/sudoesteacontece.com.br\/?p=28771#respond"]}]},{"@type":"WebPage","@id":"https:\/\/sudoesteacontece.com.br\/?p=28771","url":"https:\/\/sudoesteacontece.com.br\/?p=28771","name":"C\u00e2mara de Guanambi cobra respostas da Coelba em encontro com vereadores - Sudoesteacontece","isPartOf":{"@id":"https:\/\/sudoesteacontece.com.br\/#website"},"primaryImageOfPage":{"@id":"https:\/\/sudoesteacontece.com.br\/?p=28771#primaryimage"},"image":{"@id":"https:\/\/sudoesteacontece.com.br\/?p=28771#primaryimage"},"thumbnailUrl":"https:\/\/sudoesteacontece.com.br\/wp-content\/uploads\/2026\/08\/camara-de-vereadores-de-guanambi-coelba.jpg","datePublished":"2026-08-31T20:40:03+00:00","dateModified":"2026-08-31T20:40:08+00:00","breadcrumb":{"@id":"https:\/\/sudoesteacontece.com.br\/?p=28771#breadcrumb"},"inLanguage":"pt-BR","potentialAction":[{"@type":"ReadAction","target":["https:\/\/sudoesteacontece.com.br\/?p=28771"]}]},{"@type":"ImageObject","inLanguage":"pt-BR","@id":"https:\/\/sudoesteacontece.com.br\/?p=28771#primaryimage","url":"https:\/\/sudoesteacontece.com.br\/wp-content\/uploads\/2026\/08\/camara-de-vereadores-de-guanambi-coelba.jpg","contentUrl":"https:\/\/sudoesteacontece.com.br\/wp-content\/uploads\/2026\/08\/camara-de-vereadores-de-guanambi-coelba.jpg","width":900,"height":600},{"@type":"BreadcrumbList","@id":"https:\/\/sudoesteacontece.com.br\/?p=28771#breadcrumb","itemListElement":[{"@type":"ListItem","position":1,"name":"In\u00edcio","item":"https:\/\/sudoesteacontece.com.br\/"},{"@type":"ListItem","position":2,"name":"C\u00e2mara de Guanambi cobra respostas da Coelba em encontro com vereadores"}]},{"@type":"WebSite","@id":"https:\/\/sudoesteacontece.com.br\/#website","url":"https:\/\/sudoesteacontece.com.br\/","name":"Sudoesteacontece","description":"","publisher":{"@id":"https:\/\/sudoesteacontece.com.br\/#organization"},"potentialAction":[{"@type":"SearchAction","target":{"@type":"EntryPoint","urlTemplate":"https:\/\/sudoesteacontece.com.br\/?s={search_term_string}"},"query-input":{"@type":"PropertyValueSpecification","valueRequired":true,"valueName":"search_term_string"}}],"inLanguage":"pt-BR"},{"@type":"Organization","@id":"https:\/\/sudoesteacontece.com.br\/#organization","name":"Sudoesteacontece","url":"https:\/\/sudoesteacontece.com.br\/","logo":{"@type":"ImageObject","inLanguage":"pt-BR","@id":"https:\/\/sudoesteacontece.com.br\/#\/schema\/logo\/image\/","url":"https:\/\/sudoesteacontece.com.br\/wp-content\/uploads\/2025\/12\/cropped-logo-2-180x180-1.png","contentUrl":"https:\/\/sudoesteacontece.com.br\/wp-content\/uploads\/2025\/12\/cropped-logo-2-180x180-1.png","width":180,"height":180,"caption":"Sudoesteacontece"},"image":{"@id":"https:\/\/sudoesteacontece.com.br\/#\/schema\/logo\/image\/"},"sameAs":["https:\/\/www.facebook.com\/sudoesteacontece\/?locale=pt_BR"]},{"@type":"Person","@id":"https:\/\/sudoesteacontece.com.br\/#\/schema\/person\/a4f22429c1d0923ef8f7d43343f8dc38","name":"Reda\u00e7\u00e3o","image":{"@type":"ImageObject","inLanguage":"pt-BR","@id":"https:\/\/sudoesteacontece.com.br\/#\/schema\/person\/image\/","url":"https:\/\/secure.gravatar.com\/avatar\/c3a5b3c93f268a709c25a2df414c629a96fb3b1b4bf97a94fb3f72e54ae76903?s=96&d=mm&r=g","contentUrl":"https:\/\/secure.gravatar.com\/avatar\/c3a5b3c93f268a709c25a2df414c629a96fb3b1b4bf97a94fb3f72e54ae76903?s=96&d=mm&r=g","caption":"Reda\u00e7\u00e3o"},"url":"https:\/\/sudoesteacontece.com.br\/?author=4"}]}},"_links":{"self":[{"href":"https:\/\/sudoesteacontece.com.br\/index.php?rest_route=\/wp\/v2\/posts\/28771","targetHints":{"allow":["GET"]}}],"collection":[{"href":"https:\/\/sudoesteacontece.com.br\/index.php?rest_route=\/wp\/v2\/posts"}],"about":[{"href":"https:\/\/sudoesteacontece.com.br\/index.php?rest_route=\/wp\/v2\/types\/post"}],"author":[{"embeddable":true,"href":"https:\/\/sudoesteacontece.com.br\/index.php?rest_route=\/wp\/v2\/users\/4"}],"replies":[{"embeddable":true,"href":"https:\/\/sudoesteacontece.com.br\/index.php?rest_route=%2Fwp%2Fv2%2Fcomments&post=28771"}],"version-history":[{"count":1,"href":"https:\/\/sudoesteacontece.com.br\/index.php?rest_route=\/wp\/v2\/posts\/28771\/revisions"}],"predecessor-version":[{"id":28795,"href":"https:\/\/sudoesteacontece.com.br\/index.php?rest_route=\/wp\/v2\/posts\/28771\/revisions\/28795"}],"wp:featuredmedia":[{"embeddable":true,"href":"https:\/\/sudoesteacontece.com.br\/index.php?rest_route=\/wp\/v2\/media\/28790"}],"wp:attachment":[{"href":"https:\/\/sudoesteacontece.com.br\/index.php?rest_route=%2Fwp%2Fv2%2Fmedia&parent=28771"}],"wp:term":[{"taxonomy":"category","embeddable":true,"href":"https:\/\/sudoesteacontece.com.br\/index.php?rest_route=%2Fwp%2Fv2%2Fcategories&post=28771"},{"taxonomy":"post_tag","embeddable":true,"href":"https:\/\/sudoesteacontece.com.br\/index.php?rest_route=%2Fwp%2Fv2%2Ftags&post=28771"}],"curies":[{"name":"wp","href":"https:\/\/api.w.org\/{rel}","templated":true}]}}