{"id":28772,"date":"2026-08-31T17:48:47","date_gmt":"2026-08-31T20:48:47","guid":{"rendered":"https:\/\/sudoesteacontece.com.br\/?p=28772"},"modified":"2026-08-31T17:48:52","modified_gmt":"2026-08-31T20:48:52","slug":"paramirim-suspende-aulas-apos-morte-de-quatro-criancas-em-afogamento","status":"publish","type":"post","link":"https:\/\/sudoesteacontece.com.br\/?p=28772","title":{"rendered":"Paramirim suspende aulas ap\u00f3s morte de quatro crian\u00e7as em afogamento"},"content":{"rendered":"\n<figure class=\"wp-block-image size-full\"><img fetchpriority=\"high\" decoding=\"async\" width=\"900\" height=\"600\" src=\"http:\/\/sudoesteacontece.com.br\/wp-content\/uploads\/2026\/08\/Paramirim-suspende-aulas-apos-morte-de-quatro-criancas-em-afogamento.jpg\" alt=\"\" class=\"wp-image-28809\" srcset=\"https:\/\/sudoesteacontece.com.br\/wp-content\/uploads\/2026\/08\/Paramirim-suspende-aulas-apos-morte-de-quatro-criancas-em-afogamento.jpg 900w, https:\/\/sudoesteacontece.com.br\/wp-content\/uploads\/2026\/08\/Paramirim-suspende-aulas-apos-morte-de-quatro-criancas-em-afogamento-300x200.jpg 300w, https:\/\/sudoesteacontece.com.br\/wp-content\/uploads\/2026\/08\/Paramirim-suspende-aulas-apos-morte-de-quatro-criancas-em-afogamento-768x512.jpg 768w\" sizes=\"(max-width: 900px) 100vw, 900px\" \/><\/figure>\n\n\n\n<p class=\"wp-block-paragraph\">A Prefeitura de Paramirim suspendeu nesta segunda-feira (31) as aulas de toda a rede p\u00fablica municipal de ensino ap\u00f3s a morte de quatro crian\u00e7as em um afogamento. As v\u00edtimas, Jefferson Davi da Silva, Jackson Diego da Silva, Jos\u00e9 Diogo da Silva e Lorenzo Almeida, eram alunos da Escola Municipal Dalila Meira. A medida foi adotada pela administra\u00e7\u00e3o municipal e pela Secretaria de Educa\u00e7\u00e3o diante da trag\u00e9dia.<\/p>\n\n\n\n<p class=\"wp-block-paragraph\">Segundo o comunicado divulgado pelo munic\u00edpio, a suspens\u00e3o das atividades escolares vale para toda a rede municipal nesta segunda-feira. A Prefeitura manifestou solidariedade aos familiares e amigos das v\u00edtimas e pediu a compreens\u00e3o da comunidade escolar diante do momento de dor provocado pela morte das crian\u00e7as.<\/p>\n\n\n\n<p class=\"wp-block-paragraph\">Durante a tarde de domingo (30), o afogamento aconteceu na comunidade de Salina Branca, em Paramirim. Conforme informa\u00e7\u00f5es da Pol\u00edcia Militar, duas pessoas adultas e cinco crian\u00e7as estavam em uma embarca\u00e7\u00e3o improvisada quando ocorreu o incidente. Uma das crian\u00e7as conseguiu ser retirada da \u00e1gua, enquanto outras quatro permaneceram submersas.<\/p>\n\n\n\n<p class=\"wp-block-paragraph\">Ap\u00f3s a ocorr\u00eancia, as informa\u00e7\u00f5es sobre as v\u00edtimas foram confirmadas e a trag\u00e9dia atingiu diretamente a comunidade escolar do munic\u00edpio. Os quatro estudantes pertenciam \u00e0 Escola Municipal Dalila Meira, institui\u00e7\u00e3o que integra a rede p\u00fablica de ensino de Paramirim.<\/p>\n\n\n\n<p class=\"wp-block-paragraph\">Enquanto as fam\u00edlias enfrentam o momento de luto, as atividades escolares permanecem suspensas nesta segunda-feira. A decis\u00e3o anunciada pela Prefeitura e pela Secretaria Municipal de Educa\u00e7\u00e3o busca considerar o impacto da trag\u00e9dia sobre estudantes, profissionais da educa\u00e7\u00e3o e demais integrantes da comunidade escolar.<\/p>\n","protected":false},"excerpt":{"rendered":"<p>A Prefeitura de Paramirim suspendeu nesta segunda-feira (31) as aulas de toda a rede p\u00fablica municipal de ensino ap\u00f3s a morte de quatro crian\u00e7as em um afogamento. As v\u00edtimas, Jefferson Davi da Silva, Jackson Diego da Silva, Jos\u00e9 Diogo da Silva e Lorenzo Almeida, eram alunos da Escola Municipal Dalila Meira. A medida foi adotada pela administra\u00e7\u00e3o municipal e pela Secretaria de Educa\u00e7\u00e3o diante da trag\u00e9dia. Segundo o comunicado divulgado pelo munic\u00edpio, a suspens\u00e3o das atividades escolares vale para toda a rede municipal nesta segunda-feira. A Prefeitura manifestou solidariedade aos familiares e amigos das v\u00edtimas e pediu a compreens\u00e3o da comunidade escolar diante do momento de dor provocado pela morte das crian\u00e7as. Durante a tarde de domingo (30), o afogamento aconteceu na comunidade de Salina Branca, em Paramirim. Conforme informa\u00e7\u00f5es da Pol\u00edcia Militar, duas pessoas adultas e cinco crian\u00e7as estavam em uma embarca\u00e7\u00e3o improvisada quando ocorreu o incidente. Uma das crian\u00e7as conseguiu ser retirada da \u00e1gua, enquanto outras quatro permaneceram submersas. Ap\u00f3s a ocorr\u00eancia, as informa\u00e7\u00f5es sobre as v\u00edtimas foram confirmadas e a trag\u00e9dia atingiu diretamente a comunidade escolar do munic\u00edpio. Os quatro estudantes pertenciam \u00e0 Escola Municipal Dalila Meira, institui\u00e7\u00e3o que integra a rede p\u00fablica de ensino de Paramirim. Enquanto as fam\u00edlias enfrentam o momento de luto, as atividades escolares permanecem suspensas nesta segunda-feira. A decis\u00e3o anunciada pela Prefeitura e pela Secretaria Municipal de Educa\u00e7\u00e3o busca considerar o impacto da trag\u00e9dia sobre estudantes, profissionais da educa\u00e7\u00e3o e demais integrantes da comunidade escolar.<\/p>\n","protected":false},"author":4,"featured_media":0,"comment_status":"open","ping_status":"open","sticky":false,"template":"","format":"standard","meta":{"footnotes":""},"categories":[4,43,50,3],"tags":[],"class_list":["post-28772","post","type-post","status-publish","format-standard","hentry","category-cidades","category-educacao","category-paramirim","category-policia"],"yoast_head":"<!-- This site is optimized with the Yoast SEO plugin v26.5 - https:\/\/yoast.com\/wordpress\/plugins\/seo\/ -->\n<title>Paramirim suspende aulas ap\u00f3s morte de quatro crian\u00e7as em afogamento - Sudoesteacontece<\/title>\n<meta name=\"robots\" content=\"index, follow, max-snippet:-1, max-image-preview:large, max-video-preview:-1\" \/>\n<link rel=\"canonical\" href=\"https:\/\/sudoesteacontece.com.br\/?p=28772\" \/>\n<meta property=\"og:locale\" content=\"pt_BR\" \/>\n<meta property=\"og:type\" content=\"article\" \/>\n<meta property=\"og:title\" content=\"Paramirim suspende aulas ap\u00f3s morte de quatro crian\u00e7as em afogamento - Sudoesteacontece\" \/>\n<meta property=\"og:description\" content=\"A Prefeitura de Paramirim suspendeu nesta segunda-feira (31) as aulas de toda a rede p\u00fablica municipal de ensino ap\u00f3s a morte de quatro crian\u00e7as em um afogamento. As v\u00edtimas, Jefferson Davi da Silva, Jackson Diego da Silva, Jos\u00e9 Diogo da Silva e Lorenzo Almeida, eram alunos da Escola Municipal Dalila Meira. A medida foi adotada pela administra\u00e7\u00e3o municipal e pela Secretaria de Educa\u00e7\u00e3o diante da trag\u00e9dia. Segundo o comunicado divulgado pelo munic\u00edpio, a suspens\u00e3o das atividades escolares vale para toda a rede municipal nesta segunda-feira. A Prefeitura manifestou solidariedade aos familiares e amigos das v\u00edtimas e pediu a compreens\u00e3o da comunidade escolar diante do momento de dor provocado pela morte das crian\u00e7as. Durante a tarde de domingo (30), o afogamento aconteceu na comunidade de Salina Branca, em Paramirim. Conforme informa\u00e7\u00f5es da Pol\u00edcia Militar, duas pessoas adultas e cinco crian\u00e7as estavam em uma embarca\u00e7\u00e3o improvisada quando ocorreu o incidente. Uma das crian\u00e7as conseguiu ser retirada da \u00e1gua, enquanto outras quatro permaneceram submersas. Ap\u00f3s a ocorr\u00eancia, as informa\u00e7\u00f5es sobre as v\u00edtimas foram confirmadas e a trag\u00e9dia atingiu diretamente a comunidade escolar do munic\u00edpio. Os quatro estudantes pertenciam \u00e0 Escola Municipal Dalila Meira, institui\u00e7\u00e3o que integra a rede p\u00fablica de ensino de Paramirim. Enquanto as fam\u00edlias enfrentam o momento de luto, as atividades escolares permanecem suspensas nesta segunda-feira. A decis\u00e3o anunciada pela Prefeitura e pela Secretaria Municipal de Educa\u00e7\u00e3o busca considerar o impacto da trag\u00e9dia sobre estudantes, profissionais da educa\u00e7\u00e3o e demais integrantes da comunidade escolar.\" \/>\n<meta property=\"og:url\" content=\"https:\/\/sudoesteacontece.com.br\/?p=28772\" \/>\n<meta property=\"og:site_name\" content=\"Sudoesteacontece\" \/>\n<meta property=\"article:publisher\" content=\"https:\/\/www.facebook.com\/sudoesteacontece\/?locale=pt_BR\" \/>\n<meta property=\"article:published_time\" content=\"2026-08-31T20:48:47+00:00\" \/>\n<meta property=\"article:modified_time\" content=\"2026-08-31T20:48:52+00:00\" \/>\n<meta property=\"og:image\" content=\"https:\/\/sudoesteacontece.com.br\/wp-content\/uploads\/2026\/08\/Paramirim-suspende-aulas-apos-morte-de-quatro-criancas-em-afogamento.jpg\" \/>\n\t<meta property=\"og:image:width\" content=\"900\" \/>\n\t<meta property=\"og:image:height\" content=\"600\" \/>\n\t<meta property=\"og:image:type\" content=\"image\/jpeg\" \/>\n<meta name=\"author\" content=\"Reda\u00e7\u00e3o\" \/>\n<meta name=\"twitter:card\" content=\"summary_large_image\" \/>\n<meta name=\"twitter:label1\" content=\"Escrito por\" \/>\n\t<meta name=\"twitter:data1\" content=\"Reda\u00e7\u00e3o\" \/>\n\t<meta name=\"twitter:label2\" content=\"Est. tempo de leitura\" \/>\n\t<meta name=\"twitter:data2\" content=\"2 minutos\" \/>\n<script type=\"application\/ld+json\" class=\"yoast-schema-graph\">{\"@context\":\"https:\/\/schema.org\",\"@graph\":[{\"@type\":\"Article\",\"@id\":\"https:\/\/sudoesteacontece.com.br\/?p=28772#article\",\"isPartOf\":{\"@id\":\"https:\/\/sudoesteacontece.com.br\/?p=28772\"},\"author\":{\"name\":\"Reda\u00e7\u00e3o\",\"@id\":\"https:\/\/sudoesteacontece.com.br\/#\/schema\/person\/a4f22429c1d0923ef8f7d43343f8dc38\"},\"headline\":\"Paramirim suspende aulas ap\u00f3s morte de quatro crian\u00e7as em afogamento\",\"datePublished\":\"2026-08-31T20:48:47+00:00\",\"dateModified\":\"2026-08-31T20:48:52+00:00\",\"mainEntityOfPage\":{\"@id\":\"https:\/\/sudoesteacontece.com.br\/?p=28772\"},\"wordCount\":282,\"commentCount\":0,\"publisher\":{\"@id\":\"https:\/\/sudoesteacontece.com.br\/#organization\"},\"image\":{\"@id\":\"https:\/\/sudoesteacontece.com.br\/?p=28772#primaryimage\"},\"thumbnailUrl\":\"http:\/\/sudoesteacontece.com.br\/wp-content\/uploads\/2026\/08\/Paramirim-suspende-aulas-apos-morte-de-quatro-criancas-em-afogamento.jpg\",\"articleSection\":[\"Cidades\",\"Educa\u00e7\u00e3o\",\"Paramirim\",\"Pol\u00edcia\"],\"inLanguage\":\"pt-BR\",\"potentialAction\":[{\"@type\":\"CommentAction\",\"name\":\"Comment\",\"target\":[\"https:\/\/sudoesteacontece.com.br\/?p=28772#respond\"]}]},{\"@type\":\"WebPage\",\"@id\":\"https:\/\/sudoesteacontece.com.br\/?p=28772\",\"url\":\"https:\/\/sudoesteacontece.com.br\/?p=28772\",\"name\":\"Paramirim suspende aulas ap\u00f3s morte de quatro crian\u00e7as em afogamento - Sudoesteacontece\",\"isPartOf\":{\"@id\":\"https:\/\/sudoesteacontece.com.br\/#website\"},\"primaryImageOfPage\":{\"@id\":\"https:\/\/sudoesteacontece.com.br\/?p=28772#primaryimage\"},\"image\":{\"@id\":\"https:\/\/sudoesteacontece.com.br\/?p=28772#primaryimage\"},\"thumbnailUrl\":\"http:\/\/sudoesteacontece.com.br\/wp-content\/uploads\/2026\/08\/Paramirim-suspende-aulas-apos-morte-de-quatro-criancas-em-afogamento.jpg\",\"datePublished\":\"2026-08-31T20:48:47+00:00\",\"dateModified\":\"2026-08-31T20:48:52+00:00\",\"breadcrumb\":{\"@id\":\"https:\/\/sudoesteacontece.com.br\/?p=28772#breadcrumb\"},\"inLanguage\":\"pt-BR\",\"potentialAction\":[{\"@type\":\"ReadAction\",\"target\":[\"https:\/\/sudoesteacontece.com.br\/?p=28772\"]}]},{\"@type\":\"ImageObject\",\"inLanguage\":\"pt-BR\",\"@id\":\"https:\/\/sudoesteacontece.com.br\/?p=28772#primaryimage\",\"url\":\"https:\/\/sudoesteacontece.com.br\/wp-content\/uploads\/2026\/08\/Paramirim-suspende-aulas-apos-morte-de-quatro-criancas-em-afogamento.jpg\",\"contentUrl\":\"https:\/\/sudoesteacontece.com.br\/wp-content\/uploads\/2026\/08\/Paramirim-suspende-aulas-apos-morte-de-quatro-criancas-em-afogamento.jpg\",\"width\":900,\"height\":600},{\"@type\":\"BreadcrumbList\",\"@id\":\"https:\/\/sudoesteacontece.com.br\/?p=28772#breadcrumb\",\"itemListElement\":[{\"@type\":\"ListItem\",\"position\":1,\"name\":\"In\u00edcio\",\"item\":\"https:\/\/sudoesteacontece.com.br\/\"},{\"@type\":\"ListItem\",\"position\":2,\"name\":\"Paramirim suspende aulas ap\u00f3s morte de quatro crian\u00e7as em afogamento\"}]},{\"@type\":\"WebSite\",\"@id\":\"https:\/\/sudoesteacontece.com.br\/#website\",\"url\":\"https:\/\/sudoesteacontece.com.br\/\",\"name\":\"Sudoesteacontece\",\"description\":\"\",\"publisher\":{\"@id\":\"https:\/\/sudoesteacontece.com.br\/#organization\"},\"potentialAction\":[{\"@type\":\"SearchAction\",\"target\":{\"@type\":\"EntryPoint\",\"urlTemplate\":\"https:\/\/sudoesteacontece.com.br\/?s={search_term_string}\"},\"query-input\":{\"@type\":\"PropertyValueSpecification\",\"valueRequired\":true,\"valueName\":\"search_term_string\"}}],\"inLanguage\":\"pt-BR\"},{\"@type\":\"Organization\",\"@id\":\"https:\/\/sudoesteacontece.com.br\/#organization\",\"name\":\"Sudoesteacontece\",\"url\":\"https:\/\/sudoesteacontece.com.br\/\",\"logo\":{\"@type\":\"ImageObject\",\"inLanguage\":\"pt-BR\",\"@id\":\"https:\/\/sudoesteacontece.com.br\/#\/schema\/logo\/image\/\",\"url\":\"https:\/\/sudoesteacontece.com.br\/wp-content\/uploads\/2025\/12\/cropped-logo-2-180x180-1.png\",\"contentUrl\":\"https:\/\/sudoesteacontece.com.br\/wp-content\/uploads\/2025\/12\/cropped-logo-2-180x180-1.png\",\"width\":180,\"height\":180,\"caption\":\"Sudoesteacontece\"},\"image\":{\"@id\":\"https:\/\/sudoesteacontece.com.br\/#\/schema\/logo\/image\/\"},\"sameAs\":[\"https:\/\/www.facebook.com\/sudoesteacontece\/?locale=pt_BR\"]},{\"@type\":\"Person\",\"@id\":\"https:\/\/sudoesteacontece.com.br\/#\/schema\/person\/a4f22429c1d0923ef8f7d43343f8dc38\",\"name\":\"Reda\u00e7\u00e3o\",\"image\":{\"@type\":\"ImageObject\",\"inLanguage\":\"pt-BR\",\"@id\":\"https:\/\/sudoesteacontece.com.br\/#\/schema\/person\/image\/\",\"url\":\"https:\/\/secure.gravatar.com\/avatar\/c3a5b3c93f268a709c25a2df414c629a96fb3b1b4bf97a94fb3f72e54ae76903?s=96&d=mm&r=g\",\"contentUrl\":\"https:\/\/secure.gravatar.com\/avatar\/c3a5b3c93f268a709c25a2df414c629a96fb3b1b4bf97a94fb3f72e54ae76903?s=96&d=mm&r=g\",\"caption\":\"Reda\u00e7\u00e3o\"},\"url\":\"https:\/\/sudoesteacontece.com.br\/?author=4\"}]}<\/script>\n<!-- \/ Yoast SEO plugin. -->","yoast_head_json":{"title":"Paramirim suspende aulas ap\u00f3s morte de quatro crian\u00e7as em afogamento - Sudoesteacontece","robots":{"index":"index","follow":"follow","max-snippet":"max-snippet:-1","max-image-preview":"max-image-preview:large","max-video-preview":"max-video-preview:-1"},"canonical":"https:\/\/sudoesteacontece.com.br\/?p=28772","og_locale":"pt_BR","og_type":"article","og_title":"Paramirim suspende aulas ap\u00f3s morte de quatro crian\u00e7as em afogamento - Sudoesteacontece","og_description":"A Prefeitura de Paramirim suspendeu nesta segunda-feira (31) as aulas de toda a rede p\u00fablica municipal de ensino ap\u00f3s a morte de quatro crian\u00e7as em um afogamento. As v\u00edtimas, Jefferson Davi da Silva, Jackson Diego da Silva, Jos\u00e9 Diogo da Silva e Lorenzo Almeida, eram alunos da Escola Municipal Dalila Meira. A medida foi adotada pela administra\u00e7\u00e3o municipal e pela Secretaria de Educa\u00e7\u00e3o diante da trag\u00e9dia. Segundo o comunicado divulgado pelo munic\u00edpio, a suspens\u00e3o das atividades escolares vale para toda a rede municipal nesta segunda-feira. A Prefeitura manifestou solidariedade aos familiares e amigos das v\u00edtimas e pediu a compreens\u00e3o da comunidade escolar diante do momento de dor provocado pela morte das crian\u00e7as. Durante a tarde de domingo (30), o afogamento aconteceu na comunidade de Salina Branca, em Paramirim. Conforme informa\u00e7\u00f5es da Pol\u00edcia Militar, duas pessoas adultas e cinco crian\u00e7as estavam em uma embarca\u00e7\u00e3o improvisada quando ocorreu o incidente. Uma das crian\u00e7as conseguiu ser retirada da \u00e1gua, enquanto outras quatro permaneceram submersas. Ap\u00f3s a ocorr\u00eancia, as informa\u00e7\u00f5es sobre as v\u00edtimas foram confirmadas e a trag\u00e9dia atingiu diretamente a comunidade escolar do munic\u00edpio. Os quatro estudantes pertenciam \u00e0 Escola Municipal Dalila Meira, institui\u00e7\u00e3o que integra a rede p\u00fablica de ensino de Paramirim. Enquanto as fam\u00edlias enfrentam o momento de luto, as atividades escolares permanecem suspensas nesta segunda-feira. A decis\u00e3o anunciada pela Prefeitura e pela Secretaria Municipal de Educa\u00e7\u00e3o busca considerar o impacto da trag\u00e9dia sobre estudantes, profissionais da educa\u00e7\u00e3o e demais integrantes da comunidade escolar.","og_url":"https:\/\/sudoesteacontece.com.br\/?p=28772","og_site_name":"Sudoesteacontece","article_publisher":"https:\/\/www.facebook.com\/sudoesteacontece\/?locale=pt_BR","article_published_time":"2026-08-31T20:48:47+00:00","article_modified_time":"2026-08-31T20:48:52+00:00","og_image":[{"width":900,"height":600,"url":"https:\/\/sudoesteacontece.com.br\/wp-content\/uploads\/2026\/08\/Paramirim-suspende-aulas-apos-morte-de-quatro-criancas-em-afogamento.jpg","type":"image\/jpeg"}],"author":"Reda\u00e7\u00e3o","twitter_card":"summary_large_image","twitter_misc":{"Escrito por":"Reda\u00e7\u00e3o","Est. tempo de leitura":"2 minutos"},"schema":{"@context":"https:\/\/schema.org","@graph":[{"@type":"Article","@id":"https:\/\/sudoesteacontece.com.br\/?p=28772#article","isPartOf":{"@id":"https:\/\/sudoesteacontece.com.br\/?p=28772"},"author":{"name":"Reda\u00e7\u00e3o","@id":"https:\/\/sudoesteacontece.com.br\/#\/schema\/person\/a4f22429c1d0923ef8f7d43343f8dc38"},"headline":"Paramirim suspende aulas ap\u00f3s morte de quatro crian\u00e7as em afogamento","datePublished":"2026-08-31T20:48:47+00:00","dateModified":"2026-08-31T20:48:52+00:00","mainEntityOfPage":{"@id":"https:\/\/sudoesteacontece.com.br\/?p=28772"},"wordCount":282,"commentCount":0,"publisher":{"@id":"https:\/\/sudoesteacontece.com.br\/#organization"},"image":{"@id":"https:\/\/sudoesteacontece.com.br\/?p=28772#primaryimage"},"thumbnailUrl":"http:\/\/sudoesteacontece.com.br\/wp-content\/uploads\/2026\/08\/Paramirim-suspende-aulas-apos-morte-de-quatro-criancas-em-afogamento.jpg","articleSection":["Cidades","Educa\u00e7\u00e3o","Paramirim","Pol\u00edcia"],"inLanguage":"pt-BR","potentialAction":[{"@type":"CommentAction","name":"Comment","target":["https:\/\/sudoesteacontece.com.br\/?p=28772#respond"]}]},{"@type":"WebPage","@id":"https:\/\/sudoesteacontece.com.br\/?p=28772","url":"https:\/\/sudoesteacontece.com.br\/?p=28772","name":"Paramirim suspende aulas ap\u00f3s morte de quatro crian\u00e7as em afogamento - Sudoesteacontece","isPartOf":{"@id":"https:\/\/sudoesteacontece.com.br\/#website"},"primaryImageOfPage":{"@id":"https:\/\/sudoesteacontece.com.br\/?p=28772#primaryimage"},"image":{"@id":"https:\/\/sudoesteacontece.com.br\/?p=28772#primaryimage"},"thumbnailUrl":"http:\/\/sudoesteacontece.com.br\/wp-content\/uploads\/2026\/08\/Paramirim-suspende-aulas-apos-morte-de-quatro-criancas-em-afogamento.jpg","datePublished":"2026-08-31T20:48:47+00:00","dateModified":"2026-08-31T20:48:52+00:00","breadcrumb":{"@id":"https:\/\/sudoesteacontece.com.br\/?p=28772#breadcrumb"},"inLanguage":"pt-BR","potentialAction":[{"@type":"ReadAction","target":["https:\/\/sudoesteacontece.com.br\/?p=28772"]}]},{"@type":"ImageObject","inLanguage":"pt-BR","@id":"https:\/\/sudoesteacontece.com.br\/?p=28772#primaryimage","url":"https:\/\/sudoesteacontece.com.br\/wp-content\/uploads\/2026\/08\/Paramirim-suspende-aulas-apos-morte-de-quatro-criancas-em-afogamento.jpg","contentUrl":"https:\/\/sudoesteacontece.com.br\/wp-content\/uploads\/2026\/08\/Paramirim-suspende-aulas-apos-morte-de-quatro-criancas-em-afogamento.jpg","width":900,"height":600},{"@type":"BreadcrumbList","@id":"https:\/\/sudoesteacontece.com.br\/?p=28772#breadcrumb","itemListElement":[{"@type":"ListItem","position":1,"name":"In\u00edcio","item":"https:\/\/sudoesteacontece.com.br\/"},{"@type":"ListItem","position":2,"name":"Paramirim suspende aulas ap\u00f3s morte de quatro crian\u00e7as em afogamento"}]},{"@type":"WebSite","@id":"https:\/\/sudoesteacontece.com.br\/#website","url":"https:\/\/sudoesteacontece.com.br\/","name":"Sudoesteacontece","description":"","publisher":{"@id":"https:\/\/sudoesteacontece.com.br\/#organization"},"potentialAction":[{"@type":"SearchAction","target":{"@type":"EntryPoint","urlTemplate":"https:\/\/sudoesteacontece.com.br\/?s={search_term_string}"},"query-input":{"@type":"PropertyValueSpecification","valueRequired":true,"valueName":"search_term_string"}}],"inLanguage":"pt-BR"},{"@type":"Organization","@id":"https:\/\/sudoesteacontece.com.br\/#organization","name":"Sudoesteacontece","url":"https:\/\/sudoesteacontece.com.br\/","logo":{"@type":"ImageObject","inLanguage":"pt-BR","@id":"https:\/\/sudoesteacontece.com.br\/#\/schema\/logo\/image\/","url":"https:\/\/sudoesteacontece.com.br\/wp-content\/uploads\/2025\/12\/cropped-logo-2-180x180-1.png","contentUrl":"https:\/\/sudoesteacontece.com.br\/wp-content\/uploads\/2025\/12\/cropped-logo-2-180x180-1.png","width":180,"height":180,"caption":"Sudoesteacontece"},"image":{"@id":"https:\/\/sudoesteacontece.com.br\/#\/schema\/logo\/image\/"},"sameAs":["https:\/\/www.facebook.com\/sudoesteacontece\/?locale=pt_BR"]},{"@type":"Person","@id":"https:\/\/sudoesteacontece.com.br\/#\/schema\/person\/a4f22429c1d0923ef8f7d43343f8dc38","name":"Reda\u00e7\u00e3o","image":{"@type":"ImageObject","inLanguage":"pt-BR","@id":"https:\/\/sudoesteacontece.com.br\/#\/schema\/person\/image\/","url":"https:\/\/secure.gravatar.com\/avatar\/c3a5b3c93f268a709c25a2df414c629a96fb3b1b4bf97a94fb3f72e54ae76903?s=96&d=mm&r=g","contentUrl":"https:\/\/secure.gravatar.com\/avatar\/c3a5b3c93f268a709c25a2df414c629a96fb3b1b4bf97a94fb3f72e54ae76903?s=96&d=mm&r=g","caption":"Reda\u00e7\u00e3o"},"url":"https:\/\/sudoesteacontece.com.br\/?author=4"}]}},"_links":{"self":[{"href":"https:\/\/sudoesteacontece.com.br\/index.php?rest_route=\/wp\/v2\/posts\/28772","targetHints":{"allow":["GET"]}}],"collection":[{"href":"https:\/\/sudoesteacontece.com.br\/index.php?rest_route=\/wp\/v2\/posts"}],"about":[{"href":"https:\/\/sudoesteacontece.com.br\/index.php?rest_route=\/wp\/v2\/types\/post"}],"author":[{"embeddable":true,"href":"https:\/\/sudoesteacontece.com.br\/index.php?rest_route=\/wp\/v2\/users\/4"}],"replies":[{"embeddable":true,"href":"https:\/\/sudoesteacontece.com.br\/index.php?rest_route=%2Fwp%2Fv2%2Fcomments&post=28772"}],"version-history":[{"count":1,"href":"https:\/\/sudoesteacontece.com.br\/index.php?rest_route=\/wp\/v2\/posts\/28772\/revisions"}],"predecessor-version":[{"id":28815,"href":"https:\/\/sudoesteacontece.com.br\/index.php?rest_route=\/wp\/v2\/posts\/28772\/revisions\/28815"}],"wp:attachment":[{"href":"https:\/\/sudoesteacontece.com.br\/index.php?rest_route=%2Fwp%2Fv2%2Fmedia&parent=28772"}],"wp:term":[{"taxonomy":"category","embeddable":true,"href":"https:\/\/sudoesteacontece.com.br\/index.php?rest_route=%2Fwp%2Fv2%2Fcategories&post=28772"},{"taxonomy":"post_tag","embeddable":true,"href":"https:\/\/sudoesteacontece.com.br\/index.php?rest_route=%2Fwp%2Fv2%2Ftags&post=28772"}],"curies":[{"name":"wp","href":"https:\/\/api.w.org\/{rel}","templated":true}]}}