{"id":28773,"date":"2026-08-31T17:49:05","date_gmt":"2026-08-31T20:49:05","guid":{"rendered":"https:\/\/sudoesteacontece.com.br\/?p=28773"},"modified":"2026-08-31T17:49:10","modified_gmt":"2026-08-31T20:49:10","slug":"suspeito-de-homicidio-se-entrega-com-advogado-e-e-preso-em-brumado","status":"publish","type":"post","link":"https:\/\/sudoesteacontece.com.br\/?p=28773","title":{"rendered":"Suspeito de homic\u00eddio se entrega com advogado e \u00e9 preso em Brumado"},"content":{"rendered":"\n<figure class=\"wp-block-image size-full\"><img fetchpriority=\"high\" decoding=\"async\" width=\"900\" height=\"600\" src=\"http:\/\/sudoesteacontece.com.br\/wp-content\/uploads\/2026\/08\/24o-Batalhao-da-Policia-Militar-registra-aumento-de-183-nas-prisoes-de-foragidos-em-Brumado-1-1-1-1.jpg\" alt=\"\" class=\"wp-image-28810\" srcset=\"https:\/\/sudoesteacontece.com.br\/wp-content\/uploads\/2026\/08\/24o-Batalhao-da-Policia-Militar-registra-aumento-de-183-nas-prisoes-de-foragidos-em-Brumado-1-1-1-1.jpg 900w, https:\/\/sudoesteacontece.com.br\/wp-content\/uploads\/2026\/08\/24o-Batalhao-da-Policia-Militar-registra-aumento-de-183-nas-prisoes-de-foragidos-em-Brumado-1-1-1-1-300x200.jpg 300w, https:\/\/sudoesteacontece.com.br\/wp-content\/uploads\/2026\/08\/24o-Batalhao-da-Policia-Militar-registra-aumento-de-183-nas-prisoes-de-foragidos-em-Brumado-1-1-1-1-768x512.jpg 768w\" sizes=\"(max-width: 900px) 100vw, 900px\" \/><\/figure>\n\n\n\n<p class=\"wp-block-paragraph\">Um homem conhecido pelo apelido de \u201cSinho\u201d, apontado nas investiga\u00e7\u00f5es sobre o homic\u00eddio de Uanderson Souza Couto, se apresentou \u00e0 Pol\u00edcia Civil na manh\u00e3 deste domingo (30), em Brumado. Ele compareceu \u00e0 sede da 20\u00aa Coorpin acompanhado de um advogado. Contra o suspeito havia um mandado de pris\u00e3o em aberto, que foi cumprido pelos policiais ap\u00f3s a apresenta\u00e7\u00e3o.<\/p>\n\n\n\n<p class=\"wp-block-paragraph\">Segundo a Pol\u00edcia Civil, a investiga\u00e7\u00e3o aponta que o homic\u00eddio de Uanderson Souza Couto pode estar relacionado a uma disputa envolvendo o tr\u00e1fico de drogas. A apura\u00e7\u00e3o levou \u00e0 identifica\u00e7\u00e3o dos suspeitos e resultou na solicita\u00e7\u00e3o dos mandados de pris\u00e3o. Com a apresenta\u00e7\u00e3o volunt\u00e1ria, Sinho foi encaminhado para os procedimentos previstos pela autoridade policial.<\/p>\n\n\n\n<p class=\"wp-block-paragraph\">Outro homem procurado pelo mesmo caso, identificado pelo apelido de \u201cCaiu\u00e1\u201d, ainda n\u00e3o foi localizado. As for\u00e7as de seguran\u00e7a continuam realizando dilig\u00eancias para encontrar o suspeito. At\u00e9 a \u00faltima atualiza\u00e7\u00e3o, ele permanecia foragido e n\u00e3o havia informa\u00e7\u00e3o sobre uma eventual apresenta\u00e7\u00e3o \u00e0s autoridades.<\/p>\n\n\n\n<p class=\"wp-block-paragraph\">Durante a investiga\u00e7\u00e3o, a Pol\u00edcia Civil analisou imagens de c\u00e2meras de seguran\u00e7a e reuniu relatos de testemunhas. Esses elementos contribu\u00edram para a identifica\u00e7\u00e3o dos homens apontados no inqu\u00e9rito como envolvidos no homic\u00eddio. O trabalho policial segue para esclarecer a participa\u00e7\u00e3o de cada suspeito e reunir outros elementos relacionados ao crime.<\/p>\n\n\n\n<p class=\"wp-block-paragraph\">Agora, com a pris\u00e3o de Sinho, as autoridades concentram esfor\u00e7os na localiza\u00e7\u00e3o de Caiu\u00e1. O caso continua sob investiga\u00e7\u00e3o da Pol\u00edcia Civil, que busca esclarecer as circunst\u00e2ncias do assassinato de Uanderson Souza Couto e as poss\u00edveis rela\u00e7\u00f5es entre os envolvidos.<\/p>\n","protected":false},"excerpt":{"rendered":"<p>Um homem conhecido pelo apelido de \u201cSinho\u201d, apontado nas investiga\u00e7\u00f5es sobre o homic\u00eddio de Uanderson Souza Couto, se apresentou \u00e0 Pol\u00edcia Civil na manh\u00e3 deste domingo (30), em Brumado. Ele compareceu \u00e0 sede da 20\u00aa Coorpin acompanhado de um advogado. Contra o suspeito havia um mandado de pris\u00e3o em aberto, que foi cumprido pelos policiais ap\u00f3s a apresenta\u00e7\u00e3o. Segundo a Pol\u00edcia Civil, a investiga\u00e7\u00e3o aponta que o homic\u00eddio de Uanderson Souza Couto pode estar relacionado a uma disputa envolvendo o tr\u00e1fico de drogas. A apura\u00e7\u00e3o levou \u00e0 identifica\u00e7\u00e3o dos suspeitos e resultou na solicita\u00e7\u00e3o dos mandados de pris\u00e3o. Com a apresenta\u00e7\u00e3o volunt\u00e1ria, Sinho foi encaminhado para os procedimentos previstos pela autoridade policial. Outro homem procurado pelo mesmo caso, identificado pelo apelido de \u201cCaiu\u00e1\u201d, ainda n\u00e3o foi localizado. As for\u00e7as de seguran\u00e7a continuam realizando dilig\u00eancias para encontrar o suspeito. At\u00e9 a \u00faltima atualiza\u00e7\u00e3o, ele permanecia foragido e n\u00e3o havia informa\u00e7\u00e3o sobre uma eventual apresenta\u00e7\u00e3o \u00e0s autoridades. Durante a investiga\u00e7\u00e3o, a Pol\u00edcia Civil analisou imagens de c\u00e2meras de seguran\u00e7a e reuniu relatos de testemunhas. Esses elementos contribu\u00edram para a identifica\u00e7\u00e3o dos homens apontados no inqu\u00e9rito como envolvidos no homic\u00eddio. O trabalho policial segue para esclarecer a participa\u00e7\u00e3o de cada suspeito e reunir outros elementos relacionados ao crime. Agora, com a pris\u00e3o de Sinho, as autoridades concentram esfor\u00e7os na localiza\u00e7\u00e3o de Caiu\u00e1. O caso continua sob investiga\u00e7\u00e3o da Pol\u00edcia Civil, que busca esclarecer as circunst\u00e2ncias do assassinato de Uanderson Souza Couto e as poss\u00edveis rela\u00e7\u00f5es entre os envolvidos.<\/p>\n","protected":false},"author":4,"featured_media":0,"comment_status":"open","ping_status":"open","sticky":false,"template":"","format":"standard","meta":{"footnotes":""},"categories":[10,4,3],"tags":[],"class_list":["post-28773","post","type-post","status-publish","format-standard","hentry","category-brumado","category-cidades","category-policia"],"yoast_head":"<!-- This site is optimized with the Yoast SEO plugin v26.5 - https:\/\/yoast.com\/wordpress\/plugins\/seo\/ -->\n<title>Suspeito de homic\u00eddio se entrega com advogado e \u00e9 preso em Brumado - Sudoesteacontece<\/title>\n<meta name=\"robots\" content=\"index, follow, max-snippet:-1, max-image-preview:large, max-video-preview:-1\" \/>\n<link rel=\"canonical\" href=\"https:\/\/sudoesteacontece.com.br\/?p=28773\" \/>\n<meta property=\"og:locale\" content=\"pt_BR\" \/>\n<meta property=\"og:type\" content=\"article\" \/>\n<meta property=\"og:title\" content=\"Suspeito de homic\u00eddio se entrega com advogado e \u00e9 preso em Brumado - Sudoesteacontece\" \/>\n<meta property=\"og:description\" content=\"Um homem conhecido pelo apelido de \u201cSinho\u201d, apontado nas investiga\u00e7\u00f5es sobre o homic\u00eddio de Uanderson Souza Couto, se apresentou \u00e0 Pol\u00edcia Civil na manh\u00e3 deste domingo (30), em Brumado. Ele compareceu \u00e0 sede da 20\u00aa Coorpin acompanhado de um advogado. Contra o suspeito havia um mandado de pris\u00e3o em aberto, que foi cumprido pelos policiais ap\u00f3s a apresenta\u00e7\u00e3o. Segundo a Pol\u00edcia Civil, a investiga\u00e7\u00e3o aponta que o homic\u00eddio de Uanderson Souza Couto pode estar relacionado a uma disputa envolvendo o tr\u00e1fico de drogas. A apura\u00e7\u00e3o levou \u00e0 identifica\u00e7\u00e3o dos suspeitos e resultou na solicita\u00e7\u00e3o dos mandados de pris\u00e3o. Com a apresenta\u00e7\u00e3o volunt\u00e1ria, Sinho foi encaminhado para os procedimentos previstos pela autoridade policial. Outro homem procurado pelo mesmo caso, identificado pelo apelido de \u201cCaiu\u00e1\u201d, ainda n\u00e3o foi localizado. As for\u00e7as de seguran\u00e7a continuam realizando dilig\u00eancias para encontrar o suspeito. At\u00e9 a \u00faltima atualiza\u00e7\u00e3o, ele permanecia foragido e n\u00e3o havia informa\u00e7\u00e3o sobre uma eventual apresenta\u00e7\u00e3o \u00e0s autoridades. Durante a investiga\u00e7\u00e3o, a Pol\u00edcia Civil analisou imagens de c\u00e2meras de seguran\u00e7a e reuniu relatos de testemunhas. Esses elementos contribu\u00edram para a identifica\u00e7\u00e3o dos homens apontados no inqu\u00e9rito como envolvidos no homic\u00eddio. O trabalho policial segue para esclarecer a participa\u00e7\u00e3o de cada suspeito e reunir outros elementos relacionados ao crime. Agora, com a pris\u00e3o de Sinho, as autoridades concentram esfor\u00e7os na localiza\u00e7\u00e3o de Caiu\u00e1. O caso continua sob investiga\u00e7\u00e3o da Pol\u00edcia Civil, que busca esclarecer as circunst\u00e2ncias do assassinato de Uanderson Souza Couto e as poss\u00edveis rela\u00e7\u00f5es entre os envolvidos.\" \/>\n<meta property=\"og:url\" content=\"https:\/\/sudoesteacontece.com.br\/?p=28773\" \/>\n<meta property=\"og:site_name\" content=\"Sudoesteacontece\" \/>\n<meta property=\"article:publisher\" content=\"https:\/\/www.facebook.com\/sudoesteacontece\/?locale=pt_BR\" \/>\n<meta property=\"article:published_time\" content=\"2026-08-31T20:49:05+00:00\" \/>\n<meta property=\"article:modified_time\" content=\"2026-08-31T20:49:10+00:00\" \/>\n<meta property=\"og:image\" content=\"https:\/\/sudoesteacontece.com.br\/wp-content\/uploads\/2026\/08\/24o-Batalhao-da-Policia-Militar-registra-aumento-de-183-nas-prisoes-de-foragidos-em-Brumado-1-1-1-1.jpg\" \/>\n\t<meta property=\"og:image:width\" content=\"900\" \/>\n\t<meta property=\"og:image:height\" content=\"600\" \/>\n\t<meta property=\"og:image:type\" content=\"image\/jpeg\" \/>\n<meta name=\"author\" content=\"Reda\u00e7\u00e3o\" \/>\n<meta name=\"twitter:card\" content=\"summary_large_image\" \/>\n<meta name=\"twitter:label1\" content=\"Escrito por\" \/>\n\t<meta name=\"twitter:data1\" content=\"Reda\u00e7\u00e3o\" \/>\n\t<meta name=\"twitter:label2\" content=\"Est. tempo de leitura\" \/>\n\t<meta name=\"twitter:data2\" content=\"2 minutos\" \/>\n<script type=\"application\/ld+json\" class=\"yoast-schema-graph\">{\"@context\":\"https:\/\/schema.org\",\"@graph\":[{\"@type\":\"Article\",\"@id\":\"https:\/\/sudoesteacontece.com.br\/?p=28773#article\",\"isPartOf\":{\"@id\":\"https:\/\/sudoesteacontece.com.br\/?p=28773\"},\"author\":{\"name\":\"Reda\u00e7\u00e3o\",\"@id\":\"https:\/\/sudoesteacontece.com.br\/#\/schema\/person\/a4f22429c1d0923ef8f7d43343f8dc38\"},\"headline\":\"Suspeito de homic\u00eddio se entrega com advogado e \u00e9 preso em Brumado\",\"datePublished\":\"2026-08-31T20:49:05+00:00\",\"dateModified\":\"2026-08-31T20:49:10+00:00\",\"mainEntityOfPage\":{\"@id\":\"https:\/\/sudoesteacontece.com.br\/?p=28773\"},\"wordCount\":293,\"commentCount\":0,\"publisher\":{\"@id\":\"https:\/\/sudoesteacontece.com.br\/#organization\"},\"image\":{\"@id\":\"https:\/\/sudoesteacontece.com.br\/?p=28773#primaryimage\"},\"thumbnailUrl\":\"http:\/\/sudoesteacontece.com.br\/wp-content\/uploads\/2026\/08\/24o-Batalhao-da-Policia-Militar-registra-aumento-de-183-nas-prisoes-de-foragidos-em-Brumado-1-1-1-1.jpg\",\"articleSection\":[\"Brumado\",\"Cidades\",\"Pol\u00edcia\"],\"inLanguage\":\"pt-BR\",\"potentialAction\":[{\"@type\":\"CommentAction\",\"name\":\"Comment\",\"target\":[\"https:\/\/sudoesteacontece.com.br\/?p=28773#respond\"]}]},{\"@type\":\"WebPage\",\"@id\":\"https:\/\/sudoesteacontece.com.br\/?p=28773\",\"url\":\"https:\/\/sudoesteacontece.com.br\/?p=28773\",\"name\":\"Suspeito de homic\u00eddio se entrega com advogado e \u00e9 preso em Brumado - Sudoesteacontece\",\"isPartOf\":{\"@id\":\"https:\/\/sudoesteacontece.com.br\/#website\"},\"primaryImageOfPage\":{\"@id\":\"https:\/\/sudoesteacontece.com.br\/?p=28773#primaryimage\"},\"image\":{\"@id\":\"https:\/\/sudoesteacontece.com.br\/?p=28773#primaryimage\"},\"thumbnailUrl\":\"http:\/\/sudoesteacontece.com.br\/wp-content\/uploads\/2026\/08\/24o-Batalhao-da-Policia-Militar-registra-aumento-de-183-nas-prisoes-de-foragidos-em-Brumado-1-1-1-1.jpg\",\"datePublished\":\"2026-08-31T20:49:05+00:00\",\"dateModified\":\"2026-08-31T20:49:10+00:00\",\"breadcrumb\":{\"@id\":\"https:\/\/sudoesteacontece.com.br\/?p=28773#breadcrumb\"},\"inLanguage\":\"pt-BR\",\"potentialAction\":[{\"@type\":\"ReadAction\",\"target\":[\"https:\/\/sudoesteacontece.com.br\/?p=28773\"]}]},{\"@type\":\"ImageObject\",\"inLanguage\":\"pt-BR\",\"@id\":\"https:\/\/sudoesteacontece.com.br\/?p=28773#primaryimage\",\"url\":\"https:\/\/sudoesteacontece.com.br\/wp-content\/uploads\/2026\/08\/24o-Batalhao-da-Policia-Militar-registra-aumento-de-183-nas-prisoes-de-foragidos-em-Brumado-1-1-1-1.jpg\",\"contentUrl\":\"https:\/\/sudoesteacontece.com.br\/wp-content\/uploads\/2026\/08\/24o-Batalhao-da-Policia-Militar-registra-aumento-de-183-nas-prisoes-de-foragidos-em-Brumado-1-1-1-1.jpg\",\"width\":900,\"height\":600},{\"@type\":\"BreadcrumbList\",\"@id\":\"https:\/\/sudoesteacontece.com.br\/?p=28773#breadcrumb\",\"itemListElement\":[{\"@type\":\"ListItem\",\"position\":1,\"name\":\"In\u00edcio\",\"item\":\"https:\/\/sudoesteacontece.com.br\/\"},{\"@type\":\"ListItem\",\"position\":2,\"name\":\"Suspeito de homic\u00eddio se entrega com advogado e \u00e9 preso em Brumado\"}]},{\"@type\":\"WebSite\",\"@id\":\"https:\/\/sudoesteacontece.com.br\/#website\",\"url\":\"https:\/\/sudoesteacontece.com.br\/\",\"name\":\"Sudoesteacontece\",\"description\":\"\",\"publisher\":{\"@id\":\"https:\/\/sudoesteacontece.com.br\/#organization\"},\"potentialAction\":[{\"@type\":\"SearchAction\",\"target\":{\"@type\":\"EntryPoint\",\"urlTemplate\":\"https:\/\/sudoesteacontece.com.br\/?s={search_term_string}\"},\"query-input\":{\"@type\":\"PropertyValueSpecification\",\"valueRequired\":true,\"valueName\":\"search_term_string\"}}],\"inLanguage\":\"pt-BR\"},{\"@type\":\"Organization\",\"@id\":\"https:\/\/sudoesteacontece.com.br\/#organization\",\"name\":\"Sudoesteacontece\",\"url\":\"https:\/\/sudoesteacontece.com.br\/\",\"logo\":{\"@type\":\"ImageObject\",\"inLanguage\":\"pt-BR\",\"@id\":\"https:\/\/sudoesteacontece.com.br\/#\/schema\/logo\/image\/\",\"url\":\"https:\/\/sudoesteacontece.com.br\/wp-content\/uploads\/2025\/12\/cropped-logo-2-180x180-1.png\",\"contentUrl\":\"https:\/\/sudoesteacontece.com.br\/wp-content\/uploads\/2025\/12\/cropped-logo-2-180x180-1.png\",\"width\":180,\"height\":180,\"caption\":\"Sudoesteacontece\"},\"image\":{\"@id\":\"https:\/\/sudoesteacontece.com.br\/#\/schema\/logo\/image\/\"},\"sameAs\":[\"https:\/\/www.facebook.com\/sudoesteacontece\/?locale=pt_BR\"]},{\"@type\":\"Person\",\"@id\":\"https:\/\/sudoesteacontece.com.br\/#\/schema\/person\/a4f22429c1d0923ef8f7d43343f8dc38\",\"name\":\"Reda\u00e7\u00e3o\",\"image\":{\"@type\":\"ImageObject\",\"inLanguage\":\"pt-BR\",\"@id\":\"https:\/\/sudoesteacontece.com.br\/#\/schema\/person\/image\/\",\"url\":\"https:\/\/secure.gravatar.com\/avatar\/c3a5b3c93f268a709c25a2df414c629a96fb3b1b4bf97a94fb3f72e54ae76903?s=96&d=mm&r=g\",\"contentUrl\":\"https:\/\/secure.gravatar.com\/avatar\/c3a5b3c93f268a709c25a2df414c629a96fb3b1b4bf97a94fb3f72e54ae76903?s=96&d=mm&r=g\",\"caption\":\"Reda\u00e7\u00e3o\"},\"url\":\"https:\/\/sudoesteacontece.com.br\/?author=4\"}]}<\/script>\n<!-- \/ Yoast SEO plugin. -->","yoast_head_json":{"title":"Suspeito de homic\u00eddio se entrega com advogado e \u00e9 preso em Brumado - Sudoesteacontece","robots":{"index":"index","follow":"follow","max-snippet":"max-snippet:-1","max-image-preview":"max-image-preview:large","max-video-preview":"max-video-preview:-1"},"canonical":"https:\/\/sudoesteacontece.com.br\/?p=28773","og_locale":"pt_BR","og_type":"article","og_title":"Suspeito de homic\u00eddio se entrega com advogado e \u00e9 preso em Brumado - Sudoesteacontece","og_description":"Um homem conhecido pelo apelido de \u201cSinho\u201d, apontado nas investiga\u00e7\u00f5es sobre o homic\u00eddio de Uanderson Souza Couto, se apresentou \u00e0 Pol\u00edcia Civil na manh\u00e3 deste domingo (30), em Brumado. Ele compareceu \u00e0 sede da 20\u00aa Coorpin acompanhado de um advogado. Contra o suspeito havia um mandado de pris\u00e3o em aberto, que foi cumprido pelos policiais ap\u00f3s a apresenta\u00e7\u00e3o. Segundo a Pol\u00edcia Civil, a investiga\u00e7\u00e3o aponta que o homic\u00eddio de Uanderson Souza Couto pode estar relacionado a uma disputa envolvendo o tr\u00e1fico de drogas. A apura\u00e7\u00e3o levou \u00e0 identifica\u00e7\u00e3o dos suspeitos e resultou na solicita\u00e7\u00e3o dos mandados de pris\u00e3o. Com a apresenta\u00e7\u00e3o volunt\u00e1ria, Sinho foi encaminhado para os procedimentos previstos pela autoridade policial. Outro homem procurado pelo mesmo caso, identificado pelo apelido de \u201cCaiu\u00e1\u201d, ainda n\u00e3o foi localizado. As for\u00e7as de seguran\u00e7a continuam realizando dilig\u00eancias para encontrar o suspeito. At\u00e9 a \u00faltima atualiza\u00e7\u00e3o, ele permanecia foragido e n\u00e3o havia informa\u00e7\u00e3o sobre uma eventual apresenta\u00e7\u00e3o \u00e0s autoridades. Durante a investiga\u00e7\u00e3o, a Pol\u00edcia Civil analisou imagens de c\u00e2meras de seguran\u00e7a e reuniu relatos de testemunhas. Esses elementos contribu\u00edram para a identifica\u00e7\u00e3o dos homens apontados no inqu\u00e9rito como envolvidos no homic\u00eddio. O trabalho policial segue para esclarecer a participa\u00e7\u00e3o de cada suspeito e reunir outros elementos relacionados ao crime. Agora, com a pris\u00e3o de Sinho, as autoridades concentram esfor\u00e7os na localiza\u00e7\u00e3o de Caiu\u00e1. O caso continua sob investiga\u00e7\u00e3o da Pol\u00edcia Civil, que busca esclarecer as circunst\u00e2ncias do assassinato de Uanderson Souza Couto e as poss\u00edveis rela\u00e7\u00f5es entre os envolvidos.","og_url":"https:\/\/sudoesteacontece.com.br\/?p=28773","og_site_name":"Sudoesteacontece","article_publisher":"https:\/\/www.facebook.com\/sudoesteacontece\/?locale=pt_BR","article_published_time":"2026-08-31T20:49:05+00:00","article_modified_time":"2026-08-31T20:49:10+00:00","og_image":[{"width":900,"height":600,"url":"https:\/\/sudoesteacontece.com.br\/wp-content\/uploads\/2026\/08\/24o-Batalhao-da-Policia-Militar-registra-aumento-de-183-nas-prisoes-de-foragidos-em-Brumado-1-1-1-1.jpg","type":"image\/jpeg"}],"author":"Reda\u00e7\u00e3o","twitter_card":"summary_large_image","twitter_misc":{"Escrito por":"Reda\u00e7\u00e3o","Est. tempo de leitura":"2 minutos"},"schema":{"@context":"https:\/\/schema.org","@graph":[{"@type":"Article","@id":"https:\/\/sudoesteacontece.com.br\/?p=28773#article","isPartOf":{"@id":"https:\/\/sudoesteacontece.com.br\/?p=28773"},"author":{"name":"Reda\u00e7\u00e3o","@id":"https:\/\/sudoesteacontece.com.br\/#\/schema\/person\/a4f22429c1d0923ef8f7d43343f8dc38"},"headline":"Suspeito de homic\u00eddio se entrega com advogado e \u00e9 preso em Brumado","datePublished":"2026-08-31T20:49:05+00:00","dateModified":"2026-08-31T20:49:10+00:00","mainEntityOfPage":{"@id":"https:\/\/sudoesteacontece.com.br\/?p=28773"},"wordCount":293,"commentCount":0,"publisher":{"@id":"https:\/\/sudoesteacontece.com.br\/#organization"},"image":{"@id":"https:\/\/sudoesteacontece.com.br\/?p=28773#primaryimage"},"thumbnailUrl":"http:\/\/sudoesteacontece.com.br\/wp-content\/uploads\/2026\/08\/24o-Batalhao-da-Policia-Militar-registra-aumento-de-183-nas-prisoes-de-foragidos-em-Brumado-1-1-1-1.jpg","articleSection":["Brumado","Cidades","Pol\u00edcia"],"inLanguage":"pt-BR","potentialAction":[{"@type":"CommentAction","name":"Comment","target":["https:\/\/sudoesteacontece.com.br\/?p=28773#respond"]}]},{"@type":"WebPage","@id":"https:\/\/sudoesteacontece.com.br\/?p=28773","url":"https:\/\/sudoesteacontece.com.br\/?p=28773","name":"Suspeito de homic\u00eddio se entrega com advogado e \u00e9 preso em Brumado - Sudoesteacontece","isPartOf":{"@id":"https:\/\/sudoesteacontece.com.br\/#website"},"primaryImageOfPage":{"@id":"https:\/\/sudoesteacontece.com.br\/?p=28773#primaryimage"},"image":{"@id":"https:\/\/sudoesteacontece.com.br\/?p=28773#primaryimage"},"thumbnailUrl":"http:\/\/sudoesteacontece.com.br\/wp-content\/uploads\/2026\/08\/24o-Batalhao-da-Policia-Militar-registra-aumento-de-183-nas-prisoes-de-foragidos-em-Brumado-1-1-1-1.jpg","datePublished":"2026-08-31T20:49:05+00:00","dateModified":"2026-08-31T20:49:10+00:00","breadcrumb":{"@id":"https:\/\/sudoesteacontece.com.br\/?p=28773#breadcrumb"},"inLanguage":"pt-BR","potentialAction":[{"@type":"ReadAction","target":["https:\/\/sudoesteacontece.com.br\/?p=28773"]}]},{"@type":"ImageObject","inLanguage":"pt-BR","@id":"https:\/\/sudoesteacontece.com.br\/?p=28773#primaryimage","url":"https:\/\/sudoesteacontece.com.br\/wp-content\/uploads\/2026\/08\/24o-Batalhao-da-Policia-Militar-registra-aumento-de-183-nas-prisoes-de-foragidos-em-Brumado-1-1-1-1.jpg","contentUrl":"https:\/\/sudoesteacontece.com.br\/wp-content\/uploads\/2026\/08\/24o-Batalhao-da-Policia-Militar-registra-aumento-de-183-nas-prisoes-de-foragidos-em-Brumado-1-1-1-1.jpg","width":900,"height":600},{"@type":"BreadcrumbList","@id":"https:\/\/sudoesteacontece.com.br\/?p=28773#breadcrumb","itemListElement":[{"@type":"ListItem","position":1,"name":"In\u00edcio","item":"https:\/\/sudoesteacontece.com.br\/"},{"@type":"ListItem","position":2,"name":"Suspeito de homic\u00eddio se entrega com advogado e \u00e9 preso em Brumado"}]},{"@type":"WebSite","@id":"https:\/\/sudoesteacontece.com.br\/#website","url":"https:\/\/sudoesteacontece.com.br\/","name":"Sudoesteacontece","description":"","publisher":{"@id":"https:\/\/sudoesteacontece.com.br\/#organization"},"potentialAction":[{"@type":"SearchAction","target":{"@type":"EntryPoint","urlTemplate":"https:\/\/sudoesteacontece.com.br\/?s={search_term_string}"},"query-input":{"@type":"PropertyValueSpecification","valueRequired":true,"valueName":"search_term_string"}}],"inLanguage":"pt-BR"},{"@type":"Organization","@id":"https:\/\/sudoesteacontece.com.br\/#organization","name":"Sudoesteacontece","url":"https:\/\/sudoesteacontece.com.br\/","logo":{"@type":"ImageObject","inLanguage":"pt-BR","@id":"https:\/\/sudoesteacontece.com.br\/#\/schema\/logo\/image\/","url":"https:\/\/sudoesteacontece.com.br\/wp-content\/uploads\/2025\/12\/cropped-logo-2-180x180-1.png","contentUrl":"https:\/\/sudoesteacontece.com.br\/wp-content\/uploads\/2025\/12\/cropped-logo-2-180x180-1.png","width":180,"height":180,"caption":"Sudoesteacontece"},"image":{"@id":"https:\/\/sudoesteacontece.com.br\/#\/schema\/logo\/image\/"},"sameAs":["https:\/\/www.facebook.com\/sudoesteacontece\/?locale=pt_BR"]},{"@type":"Person","@id":"https:\/\/sudoesteacontece.com.br\/#\/schema\/person\/a4f22429c1d0923ef8f7d43343f8dc38","name":"Reda\u00e7\u00e3o","image":{"@type":"ImageObject","inLanguage":"pt-BR","@id":"https:\/\/sudoesteacontece.com.br\/#\/schema\/person\/image\/","url":"https:\/\/secure.gravatar.com\/avatar\/c3a5b3c93f268a709c25a2df414c629a96fb3b1b4bf97a94fb3f72e54ae76903?s=96&d=mm&r=g","contentUrl":"https:\/\/secure.gravatar.com\/avatar\/c3a5b3c93f268a709c25a2df414c629a96fb3b1b4bf97a94fb3f72e54ae76903?s=96&d=mm&r=g","caption":"Reda\u00e7\u00e3o"},"url":"https:\/\/sudoesteacontece.com.br\/?author=4"}]}},"_links":{"self":[{"href":"https:\/\/sudoesteacontece.com.br\/index.php?rest_route=\/wp\/v2\/posts\/28773","targetHints":{"allow":["GET"]}}],"collection":[{"href":"https:\/\/sudoesteacontece.com.br\/index.php?rest_route=\/wp\/v2\/posts"}],"about":[{"href":"https:\/\/sudoesteacontece.com.br\/index.php?rest_route=\/wp\/v2\/types\/post"}],"author":[{"embeddable":true,"href":"https:\/\/sudoesteacontece.com.br\/index.php?rest_route=\/wp\/v2\/users\/4"}],"replies":[{"embeddable":true,"href":"https:\/\/sudoesteacontece.com.br\/index.php?rest_route=%2Fwp%2Fv2%2Fcomments&post=28773"}],"version-history":[{"count":1,"href":"https:\/\/sudoesteacontece.com.br\/index.php?rest_route=\/wp\/v2\/posts\/28773\/revisions"}],"predecessor-version":[{"id":28816,"href":"https:\/\/sudoesteacontece.com.br\/index.php?rest_route=\/wp\/v2\/posts\/28773\/revisions\/28816"}],"wp:attachment":[{"href":"https:\/\/sudoesteacontece.com.br\/index.php?rest_route=%2Fwp%2Fv2%2Fmedia&parent=28773"}],"wp:term":[{"taxonomy":"category","embeddable":true,"href":"https:\/\/sudoesteacontece.com.br\/index.php?rest_route=%2Fwp%2Fv2%2Fcategories&post=28773"},{"taxonomy":"post_tag","embeddable":true,"href":"https:\/\/sudoesteacontece.com.br\/index.php?rest_route=%2Fwp%2Fv2%2Ftags&post=28773"}],"curies":[{"name":"wp","href":"https:\/\/api.w.org\/{rel}","templated":true}]}}