{"id":28774,"date":"2026-08-31T17:49:35","date_gmt":"2026-08-31T20:49:35","guid":{"rendered":"https:\/\/sudoesteacontece.com.br\/?p=28774"},"modified":"2026-08-31T17:49:40","modified_gmt":"2026-08-31T20:49:40","slug":"homem-morre-apos-ser-esfaqueado-na-zona-rural-de-guanambi","status":"publish","type":"post","link":"https:\/\/sudoesteacontece.com.br\/?p=28774","title":{"rendered":"Homem morre ap\u00f3s ser esfaqueado na zona rural de Guanambi"},"content":{"rendered":"\n<figure class=\"wp-block-image size-full\"><img fetchpriority=\"high\" decoding=\"async\" width=\"900\" height=\"600\" src=\"http:\/\/sudoesteacontece.com.br\/wp-content\/uploads\/2026\/08\/Homem-morre-apos-ser-esfaqueado-na-zona-rural-de-Guanambi.jpg\" alt=\"\" class=\"wp-image-28811\" srcset=\"https:\/\/sudoesteacontece.com.br\/wp-content\/uploads\/2026\/08\/Homem-morre-apos-ser-esfaqueado-na-zona-rural-de-Guanambi.jpg 900w, https:\/\/sudoesteacontece.com.br\/wp-content\/uploads\/2026\/08\/Homem-morre-apos-ser-esfaqueado-na-zona-rural-de-Guanambi-300x200.jpg 300w, https:\/\/sudoesteacontece.com.br\/wp-content\/uploads\/2026\/08\/Homem-morre-apos-ser-esfaqueado-na-zona-rural-de-Guanambi-768x512.jpg 768w\" sizes=\"(max-width: 900px) 100vw, 900px\" \/><\/figure>\n\n\n\n<p class=\"wp-block-paragraph\">Um homem de 41 anos morreu ap\u00f3s ser esfaqueado na tarde deste domingo (30), na Vila de Cera\u00edma, zona rural de Guanambi, no sudoeste da Bahia. Roney da Silva Gomes foi atingido na regi\u00e3o do t\u00f3rax e recebeu atendimento do Samu. Socorrido em seguida, ele foi levado ao Hospital Regional de Guanambi, mas n\u00e3o resistiu aos ferimentos.<\/p>\n\n\n\n<p class=\"wp-block-paragraph\">Conforme informa\u00e7\u00f5es registradas pela Pol\u00edcia Civil, a v\u00edtima teria discutido com Audo Jesus da Silva, de 54 anos, em um bar situado \u00e0s margens da via principal da Vila de Cera\u00edma. Depois do desentendimento, Roney teria seguido para a resid\u00eancia da m\u00e3e, localizada nas proximidades, onde acabou atingido pelos golpes de faca.<\/p>\n\n\n\n<p class=\"wp-block-paragraph\">Segundo o relato apresentado \u00e0 pol\u00edcia, a m\u00e3e de Roney apontou Audo Jesus como suspeito da agress\u00e3o. A Pol\u00edcia Militar tamb\u00e9m havia informado anteriormente que o homem apontado como suspeito tinha 54 anos. At\u00e9 o momento, as informa\u00e7\u00f5es divulgadas n\u00e3o esclarecem se ele foi localizado ou preso ap\u00f3s a ocorr\u00eancia.<\/p>\n\n\n\n<p class=\"wp-block-paragraph\">Ap\u00f3s receber os primeiros socorros, Roney foi encaminhado para atendimento hospitalar e permaneceu internado no Hospital Regional de Guanambi. Apesar dos esfor\u00e7os da equipe m\u00e9dica, ele morreu por volta das 21h40 deste domingo, em decorr\u00eancia dos ferimentos provocados pela agress\u00e3o.<\/p>\n\n\n\n<p class=\"wp-block-paragraph\">Agora, a Pol\u00edcia Civil deve investigar a din\u00e2mica do crime e verificar as circunst\u00e2ncias que antecederam o ataque. A motiva\u00e7\u00e3o do desentendimento e as condi\u00e7\u00f5es em que a agress\u00e3o ocorreu ainda ser\u00e3o apuradas pelas autoridades respons\u00e1veis pelo caso.<\/p>\n","protected":false},"excerpt":{"rendered":"<p>Um homem de 41 anos morreu ap\u00f3s ser esfaqueado na tarde deste domingo (30), na Vila de Cera\u00edma, zona rural de Guanambi, no sudoeste da Bahia. Roney da Silva Gomes foi atingido na regi\u00e3o do t\u00f3rax e recebeu atendimento do Samu. Socorrido em seguida, ele foi levado ao Hospital Regional de Guanambi, mas n\u00e3o resistiu aos ferimentos. Conforme informa\u00e7\u00f5es registradas pela Pol\u00edcia Civil, a v\u00edtima teria discutido com Audo Jesus da Silva, de 54 anos, em um bar situado \u00e0s margens da via principal da Vila de Cera\u00edma. Depois do desentendimento, Roney teria seguido para a resid\u00eancia da m\u00e3e, localizada nas proximidades, onde acabou atingido pelos golpes de faca. Segundo o relato apresentado \u00e0 pol\u00edcia, a m\u00e3e de Roney apontou Audo Jesus como suspeito da agress\u00e3o. A Pol\u00edcia Militar tamb\u00e9m havia informado anteriormente que o homem apontado como suspeito tinha 54 anos. At\u00e9 o momento, as informa\u00e7\u00f5es divulgadas n\u00e3o esclarecem se ele foi localizado ou preso ap\u00f3s a ocorr\u00eancia. Ap\u00f3s receber os primeiros socorros, Roney foi encaminhado para atendimento hospitalar e permaneceu internado no Hospital Regional de Guanambi. Apesar dos esfor\u00e7os da equipe m\u00e9dica, ele morreu por volta das 21h40 deste domingo, em decorr\u00eancia dos ferimentos provocados pela agress\u00e3o. Agora, a Pol\u00edcia Civil deve investigar a din\u00e2mica do crime e verificar as circunst\u00e2ncias que antecederam o ataque. A motiva\u00e7\u00e3o do desentendimento e as condi\u00e7\u00f5es em que a agress\u00e3o ocorreu ainda ser\u00e3o apuradas pelas autoridades respons\u00e1veis pelo caso.<\/p>\n","protected":false},"author":4,"featured_media":0,"comment_status":"open","ping_status":"open","sticky":false,"template":"","format":"standard","meta":{"footnotes":""},"categories":[4,17,3],"tags":[],"class_list":["post-28774","post","type-post","status-publish","format-standard","hentry","category-cidades","category-guanambi","category-policia"],"yoast_head":"<!-- This site is optimized with the Yoast SEO plugin v26.5 - https:\/\/yoast.com\/wordpress\/plugins\/seo\/ -->\n<title>Homem morre ap\u00f3s ser esfaqueado na zona rural de Guanambi - Sudoesteacontece<\/title>\n<meta name=\"robots\" content=\"index, follow, max-snippet:-1, max-image-preview:large, max-video-preview:-1\" \/>\n<link rel=\"canonical\" href=\"https:\/\/sudoesteacontece.com.br\/?p=28774\" \/>\n<meta property=\"og:locale\" content=\"pt_BR\" \/>\n<meta property=\"og:type\" content=\"article\" \/>\n<meta property=\"og:title\" content=\"Homem morre ap\u00f3s ser esfaqueado na zona rural de Guanambi - Sudoesteacontece\" \/>\n<meta property=\"og:description\" content=\"Um homem de 41 anos morreu ap\u00f3s ser esfaqueado na tarde deste domingo (30), na Vila de Cera\u00edma, zona rural de Guanambi, no sudoeste da Bahia. Roney da Silva Gomes foi atingido na regi\u00e3o do t\u00f3rax e recebeu atendimento do Samu. Socorrido em seguida, ele foi levado ao Hospital Regional de Guanambi, mas n\u00e3o resistiu aos ferimentos. Conforme informa\u00e7\u00f5es registradas pela Pol\u00edcia Civil, a v\u00edtima teria discutido com Audo Jesus da Silva, de 54 anos, em um bar situado \u00e0s margens da via principal da Vila de Cera\u00edma. Depois do desentendimento, Roney teria seguido para a resid\u00eancia da m\u00e3e, localizada nas proximidades, onde acabou atingido pelos golpes de faca. Segundo o relato apresentado \u00e0 pol\u00edcia, a m\u00e3e de Roney apontou Audo Jesus como suspeito da agress\u00e3o. A Pol\u00edcia Militar tamb\u00e9m havia informado anteriormente que o homem apontado como suspeito tinha 54 anos. At\u00e9 o momento, as informa\u00e7\u00f5es divulgadas n\u00e3o esclarecem se ele foi localizado ou preso ap\u00f3s a ocorr\u00eancia. Ap\u00f3s receber os primeiros socorros, Roney foi encaminhado para atendimento hospitalar e permaneceu internado no Hospital Regional de Guanambi. Apesar dos esfor\u00e7os da equipe m\u00e9dica, ele morreu por volta das 21h40 deste domingo, em decorr\u00eancia dos ferimentos provocados pela agress\u00e3o. Agora, a Pol\u00edcia Civil deve investigar a din\u00e2mica do crime e verificar as circunst\u00e2ncias que antecederam o ataque. A motiva\u00e7\u00e3o do desentendimento e as condi\u00e7\u00f5es em que a agress\u00e3o ocorreu ainda ser\u00e3o apuradas pelas autoridades respons\u00e1veis pelo caso.\" \/>\n<meta property=\"og:url\" content=\"https:\/\/sudoesteacontece.com.br\/?p=28774\" \/>\n<meta property=\"og:site_name\" content=\"Sudoesteacontece\" \/>\n<meta property=\"article:publisher\" content=\"https:\/\/www.facebook.com\/sudoesteacontece\/?locale=pt_BR\" \/>\n<meta property=\"article:published_time\" content=\"2026-08-31T20:49:35+00:00\" \/>\n<meta property=\"article:modified_time\" content=\"2026-08-31T20:49:40+00:00\" \/>\n<meta property=\"og:image\" content=\"https:\/\/sudoesteacontece.com.br\/wp-content\/uploads\/2026\/08\/Homem-morre-apos-ser-esfaqueado-na-zona-rural-de-Guanambi.jpg\" \/>\n\t<meta property=\"og:image:width\" content=\"900\" \/>\n\t<meta property=\"og:image:height\" content=\"600\" \/>\n\t<meta property=\"og:image:type\" content=\"image\/jpeg\" \/>\n<meta name=\"author\" content=\"Reda\u00e7\u00e3o\" \/>\n<meta name=\"twitter:card\" content=\"summary_large_image\" \/>\n<meta name=\"twitter:label1\" content=\"Escrito por\" \/>\n\t<meta name=\"twitter:data1\" content=\"Reda\u00e7\u00e3o\" \/>\n\t<meta name=\"twitter:label2\" content=\"Est. tempo de leitura\" \/>\n\t<meta name=\"twitter:data2\" content=\"2 minutos\" \/>\n<script type=\"application\/ld+json\" class=\"yoast-schema-graph\">{\"@context\":\"https:\/\/schema.org\",\"@graph\":[{\"@type\":\"Article\",\"@id\":\"https:\/\/sudoesteacontece.com.br\/?p=28774#article\",\"isPartOf\":{\"@id\":\"https:\/\/sudoesteacontece.com.br\/?p=28774\"},\"author\":{\"name\":\"Reda\u00e7\u00e3o\",\"@id\":\"https:\/\/sudoesteacontece.com.br\/#\/schema\/person\/a4f22429c1d0923ef8f7d43343f8dc38\"},\"headline\":\"Homem morre ap\u00f3s ser esfaqueado na zona rural de Guanambi\",\"datePublished\":\"2026-08-31T20:49:35+00:00\",\"dateModified\":\"2026-08-31T20:49:40+00:00\",\"mainEntityOfPage\":{\"@id\":\"https:\/\/sudoesteacontece.com.br\/?p=28774\"},\"wordCount\":276,\"commentCount\":0,\"publisher\":{\"@id\":\"https:\/\/sudoesteacontece.com.br\/#organization\"},\"image\":{\"@id\":\"https:\/\/sudoesteacontece.com.br\/?p=28774#primaryimage\"},\"thumbnailUrl\":\"http:\/\/sudoesteacontece.com.br\/wp-content\/uploads\/2026\/08\/Homem-morre-apos-ser-esfaqueado-na-zona-rural-de-Guanambi.jpg\",\"articleSection\":[\"Cidades\",\"Guanambi\",\"Pol\u00edcia\"],\"inLanguage\":\"pt-BR\",\"potentialAction\":[{\"@type\":\"CommentAction\",\"name\":\"Comment\",\"target\":[\"https:\/\/sudoesteacontece.com.br\/?p=28774#respond\"]}]},{\"@type\":\"WebPage\",\"@id\":\"https:\/\/sudoesteacontece.com.br\/?p=28774\",\"url\":\"https:\/\/sudoesteacontece.com.br\/?p=28774\",\"name\":\"Homem morre ap\u00f3s ser esfaqueado na zona rural de Guanambi - Sudoesteacontece\",\"isPartOf\":{\"@id\":\"https:\/\/sudoesteacontece.com.br\/#website\"},\"primaryImageOfPage\":{\"@id\":\"https:\/\/sudoesteacontece.com.br\/?p=28774#primaryimage\"},\"image\":{\"@id\":\"https:\/\/sudoesteacontece.com.br\/?p=28774#primaryimage\"},\"thumbnailUrl\":\"http:\/\/sudoesteacontece.com.br\/wp-content\/uploads\/2026\/08\/Homem-morre-apos-ser-esfaqueado-na-zona-rural-de-Guanambi.jpg\",\"datePublished\":\"2026-08-31T20:49:35+00:00\",\"dateModified\":\"2026-08-31T20:49:40+00:00\",\"breadcrumb\":{\"@id\":\"https:\/\/sudoesteacontece.com.br\/?p=28774#breadcrumb\"},\"inLanguage\":\"pt-BR\",\"potentialAction\":[{\"@type\":\"ReadAction\",\"target\":[\"https:\/\/sudoesteacontece.com.br\/?p=28774\"]}]},{\"@type\":\"ImageObject\",\"inLanguage\":\"pt-BR\",\"@id\":\"https:\/\/sudoesteacontece.com.br\/?p=28774#primaryimage\",\"url\":\"https:\/\/sudoesteacontece.com.br\/wp-content\/uploads\/2026\/08\/Homem-morre-apos-ser-esfaqueado-na-zona-rural-de-Guanambi.jpg\",\"contentUrl\":\"https:\/\/sudoesteacontece.com.br\/wp-content\/uploads\/2026\/08\/Homem-morre-apos-ser-esfaqueado-na-zona-rural-de-Guanambi.jpg\",\"width\":900,\"height\":600},{\"@type\":\"BreadcrumbList\",\"@id\":\"https:\/\/sudoesteacontece.com.br\/?p=28774#breadcrumb\",\"itemListElement\":[{\"@type\":\"ListItem\",\"position\":1,\"name\":\"In\u00edcio\",\"item\":\"https:\/\/sudoesteacontece.com.br\/\"},{\"@type\":\"ListItem\",\"position\":2,\"name\":\"Homem morre ap\u00f3s ser esfaqueado na zona rural de Guanambi\"}]},{\"@type\":\"WebSite\",\"@id\":\"https:\/\/sudoesteacontece.com.br\/#website\",\"url\":\"https:\/\/sudoesteacontece.com.br\/\",\"name\":\"Sudoesteacontece\",\"description\":\"\",\"publisher\":{\"@id\":\"https:\/\/sudoesteacontece.com.br\/#organization\"},\"potentialAction\":[{\"@type\":\"SearchAction\",\"target\":{\"@type\":\"EntryPoint\",\"urlTemplate\":\"https:\/\/sudoesteacontece.com.br\/?s={search_term_string}\"},\"query-input\":{\"@type\":\"PropertyValueSpecification\",\"valueRequired\":true,\"valueName\":\"search_term_string\"}}],\"inLanguage\":\"pt-BR\"},{\"@type\":\"Organization\",\"@id\":\"https:\/\/sudoesteacontece.com.br\/#organization\",\"name\":\"Sudoesteacontece\",\"url\":\"https:\/\/sudoesteacontece.com.br\/\",\"logo\":{\"@type\":\"ImageObject\",\"inLanguage\":\"pt-BR\",\"@id\":\"https:\/\/sudoesteacontece.com.br\/#\/schema\/logo\/image\/\",\"url\":\"https:\/\/sudoesteacontece.com.br\/wp-content\/uploads\/2025\/12\/cropped-logo-2-180x180-1.png\",\"contentUrl\":\"https:\/\/sudoesteacontece.com.br\/wp-content\/uploads\/2025\/12\/cropped-logo-2-180x180-1.png\",\"width\":180,\"height\":180,\"caption\":\"Sudoesteacontece\"},\"image\":{\"@id\":\"https:\/\/sudoesteacontece.com.br\/#\/schema\/logo\/image\/\"},\"sameAs\":[\"https:\/\/www.facebook.com\/sudoesteacontece\/?locale=pt_BR\"]},{\"@type\":\"Person\",\"@id\":\"https:\/\/sudoesteacontece.com.br\/#\/schema\/person\/a4f22429c1d0923ef8f7d43343f8dc38\",\"name\":\"Reda\u00e7\u00e3o\",\"image\":{\"@type\":\"ImageObject\",\"inLanguage\":\"pt-BR\",\"@id\":\"https:\/\/sudoesteacontece.com.br\/#\/schema\/person\/image\/\",\"url\":\"https:\/\/secure.gravatar.com\/avatar\/c3a5b3c93f268a709c25a2df414c629a96fb3b1b4bf97a94fb3f72e54ae76903?s=96&d=mm&r=g\",\"contentUrl\":\"https:\/\/secure.gravatar.com\/avatar\/c3a5b3c93f268a709c25a2df414c629a96fb3b1b4bf97a94fb3f72e54ae76903?s=96&d=mm&r=g\",\"caption\":\"Reda\u00e7\u00e3o\"},\"url\":\"https:\/\/sudoesteacontece.com.br\/?author=4\"}]}<\/script>\n<!-- \/ Yoast SEO plugin. -->","yoast_head_json":{"title":"Homem morre ap\u00f3s ser esfaqueado na zona rural de Guanambi - Sudoesteacontece","robots":{"index":"index","follow":"follow","max-snippet":"max-snippet:-1","max-image-preview":"max-image-preview:large","max-video-preview":"max-video-preview:-1"},"canonical":"https:\/\/sudoesteacontece.com.br\/?p=28774","og_locale":"pt_BR","og_type":"article","og_title":"Homem morre ap\u00f3s ser esfaqueado na zona rural de Guanambi - Sudoesteacontece","og_description":"Um homem de 41 anos morreu ap\u00f3s ser esfaqueado na tarde deste domingo (30), na Vila de Cera\u00edma, zona rural de Guanambi, no sudoeste da Bahia. Roney da Silva Gomes foi atingido na regi\u00e3o do t\u00f3rax e recebeu atendimento do Samu. Socorrido em seguida, ele foi levado ao Hospital Regional de Guanambi, mas n\u00e3o resistiu aos ferimentos. Conforme informa\u00e7\u00f5es registradas pela Pol\u00edcia Civil, a v\u00edtima teria discutido com Audo Jesus da Silva, de 54 anos, em um bar situado \u00e0s margens da via principal da Vila de Cera\u00edma. Depois do desentendimento, Roney teria seguido para a resid\u00eancia da m\u00e3e, localizada nas proximidades, onde acabou atingido pelos golpes de faca. Segundo o relato apresentado \u00e0 pol\u00edcia, a m\u00e3e de Roney apontou Audo Jesus como suspeito da agress\u00e3o. A Pol\u00edcia Militar tamb\u00e9m havia informado anteriormente que o homem apontado como suspeito tinha 54 anos. At\u00e9 o momento, as informa\u00e7\u00f5es divulgadas n\u00e3o esclarecem se ele foi localizado ou preso ap\u00f3s a ocorr\u00eancia. Ap\u00f3s receber os primeiros socorros, Roney foi encaminhado para atendimento hospitalar e permaneceu internado no Hospital Regional de Guanambi. Apesar dos esfor\u00e7os da equipe m\u00e9dica, ele morreu por volta das 21h40 deste domingo, em decorr\u00eancia dos ferimentos provocados pela agress\u00e3o. Agora, a Pol\u00edcia Civil deve investigar a din\u00e2mica do crime e verificar as circunst\u00e2ncias que antecederam o ataque. A motiva\u00e7\u00e3o do desentendimento e as condi\u00e7\u00f5es em que a agress\u00e3o ocorreu ainda ser\u00e3o apuradas pelas autoridades respons\u00e1veis pelo caso.","og_url":"https:\/\/sudoesteacontece.com.br\/?p=28774","og_site_name":"Sudoesteacontece","article_publisher":"https:\/\/www.facebook.com\/sudoesteacontece\/?locale=pt_BR","article_published_time":"2026-08-31T20:49:35+00:00","article_modified_time":"2026-08-31T20:49:40+00:00","og_image":[{"width":900,"height":600,"url":"https:\/\/sudoesteacontece.com.br\/wp-content\/uploads\/2026\/08\/Homem-morre-apos-ser-esfaqueado-na-zona-rural-de-Guanambi.jpg","type":"image\/jpeg"}],"author":"Reda\u00e7\u00e3o","twitter_card":"summary_large_image","twitter_misc":{"Escrito por":"Reda\u00e7\u00e3o","Est. tempo de leitura":"2 minutos"},"schema":{"@context":"https:\/\/schema.org","@graph":[{"@type":"Article","@id":"https:\/\/sudoesteacontece.com.br\/?p=28774#article","isPartOf":{"@id":"https:\/\/sudoesteacontece.com.br\/?p=28774"},"author":{"name":"Reda\u00e7\u00e3o","@id":"https:\/\/sudoesteacontece.com.br\/#\/schema\/person\/a4f22429c1d0923ef8f7d43343f8dc38"},"headline":"Homem morre ap\u00f3s ser esfaqueado na zona rural de Guanambi","datePublished":"2026-08-31T20:49:35+00:00","dateModified":"2026-08-31T20:49:40+00:00","mainEntityOfPage":{"@id":"https:\/\/sudoesteacontece.com.br\/?p=28774"},"wordCount":276,"commentCount":0,"publisher":{"@id":"https:\/\/sudoesteacontece.com.br\/#organization"},"image":{"@id":"https:\/\/sudoesteacontece.com.br\/?p=28774#primaryimage"},"thumbnailUrl":"http:\/\/sudoesteacontece.com.br\/wp-content\/uploads\/2026\/08\/Homem-morre-apos-ser-esfaqueado-na-zona-rural-de-Guanambi.jpg","articleSection":["Cidades","Guanambi","Pol\u00edcia"],"inLanguage":"pt-BR","potentialAction":[{"@type":"CommentAction","name":"Comment","target":["https:\/\/sudoesteacontece.com.br\/?p=28774#respond"]}]},{"@type":"WebPage","@id":"https:\/\/sudoesteacontece.com.br\/?p=28774","url":"https:\/\/sudoesteacontece.com.br\/?p=28774","name":"Homem morre ap\u00f3s ser esfaqueado na zona rural de Guanambi - Sudoesteacontece","isPartOf":{"@id":"https:\/\/sudoesteacontece.com.br\/#website"},"primaryImageOfPage":{"@id":"https:\/\/sudoesteacontece.com.br\/?p=28774#primaryimage"},"image":{"@id":"https:\/\/sudoesteacontece.com.br\/?p=28774#primaryimage"},"thumbnailUrl":"http:\/\/sudoesteacontece.com.br\/wp-content\/uploads\/2026\/08\/Homem-morre-apos-ser-esfaqueado-na-zona-rural-de-Guanambi.jpg","datePublished":"2026-08-31T20:49:35+00:00","dateModified":"2026-08-31T20:49:40+00:00","breadcrumb":{"@id":"https:\/\/sudoesteacontece.com.br\/?p=28774#breadcrumb"},"inLanguage":"pt-BR","potentialAction":[{"@type":"ReadAction","target":["https:\/\/sudoesteacontece.com.br\/?p=28774"]}]},{"@type":"ImageObject","inLanguage":"pt-BR","@id":"https:\/\/sudoesteacontece.com.br\/?p=28774#primaryimage","url":"https:\/\/sudoesteacontece.com.br\/wp-content\/uploads\/2026\/08\/Homem-morre-apos-ser-esfaqueado-na-zona-rural-de-Guanambi.jpg","contentUrl":"https:\/\/sudoesteacontece.com.br\/wp-content\/uploads\/2026\/08\/Homem-morre-apos-ser-esfaqueado-na-zona-rural-de-Guanambi.jpg","width":900,"height":600},{"@type":"BreadcrumbList","@id":"https:\/\/sudoesteacontece.com.br\/?p=28774#breadcrumb","itemListElement":[{"@type":"ListItem","position":1,"name":"In\u00edcio","item":"https:\/\/sudoesteacontece.com.br\/"},{"@type":"ListItem","position":2,"name":"Homem morre ap\u00f3s ser esfaqueado na zona rural de Guanambi"}]},{"@type":"WebSite","@id":"https:\/\/sudoesteacontece.com.br\/#website","url":"https:\/\/sudoesteacontece.com.br\/","name":"Sudoesteacontece","description":"","publisher":{"@id":"https:\/\/sudoesteacontece.com.br\/#organization"},"potentialAction":[{"@type":"SearchAction","target":{"@type":"EntryPoint","urlTemplate":"https:\/\/sudoesteacontece.com.br\/?s={search_term_string}"},"query-input":{"@type":"PropertyValueSpecification","valueRequired":true,"valueName":"search_term_string"}}],"inLanguage":"pt-BR"},{"@type":"Organization","@id":"https:\/\/sudoesteacontece.com.br\/#organization","name":"Sudoesteacontece","url":"https:\/\/sudoesteacontece.com.br\/","logo":{"@type":"ImageObject","inLanguage":"pt-BR","@id":"https:\/\/sudoesteacontece.com.br\/#\/schema\/logo\/image\/","url":"https:\/\/sudoesteacontece.com.br\/wp-content\/uploads\/2025\/12\/cropped-logo-2-180x180-1.png","contentUrl":"https:\/\/sudoesteacontece.com.br\/wp-content\/uploads\/2025\/12\/cropped-logo-2-180x180-1.png","width":180,"height":180,"caption":"Sudoesteacontece"},"image":{"@id":"https:\/\/sudoesteacontece.com.br\/#\/schema\/logo\/image\/"},"sameAs":["https:\/\/www.facebook.com\/sudoesteacontece\/?locale=pt_BR"]},{"@type":"Person","@id":"https:\/\/sudoesteacontece.com.br\/#\/schema\/person\/a4f22429c1d0923ef8f7d43343f8dc38","name":"Reda\u00e7\u00e3o","image":{"@type":"ImageObject","inLanguage":"pt-BR","@id":"https:\/\/sudoesteacontece.com.br\/#\/schema\/person\/image\/","url":"https:\/\/secure.gravatar.com\/avatar\/c3a5b3c93f268a709c25a2df414c629a96fb3b1b4bf97a94fb3f72e54ae76903?s=96&d=mm&r=g","contentUrl":"https:\/\/secure.gravatar.com\/avatar\/c3a5b3c93f268a709c25a2df414c629a96fb3b1b4bf97a94fb3f72e54ae76903?s=96&d=mm&r=g","caption":"Reda\u00e7\u00e3o"},"url":"https:\/\/sudoesteacontece.com.br\/?author=4"}]}},"_links":{"self":[{"href":"https:\/\/sudoesteacontece.com.br\/index.php?rest_route=\/wp\/v2\/posts\/28774","targetHints":{"allow":["GET"]}}],"collection":[{"href":"https:\/\/sudoesteacontece.com.br\/index.php?rest_route=\/wp\/v2\/posts"}],"about":[{"href":"https:\/\/sudoesteacontece.com.br\/index.php?rest_route=\/wp\/v2\/types\/post"}],"author":[{"embeddable":true,"href":"https:\/\/sudoesteacontece.com.br\/index.php?rest_route=\/wp\/v2\/users\/4"}],"replies":[{"embeddable":true,"href":"https:\/\/sudoesteacontece.com.br\/index.php?rest_route=%2Fwp%2Fv2%2Fcomments&post=28774"}],"version-history":[{"count":1,"href":"https:\/\/sudoesteacontece.com.br\/index.php?rest_route=\/wp\/v2\/posts\/28774\/revisions"}],"predecessor-version":[{"id":28817,"href":"https:\/\/sudoesteacontece.com.br\/index.php?rest_route=\/wp\/v2\/posts\/28774\/revisions\/28817"}],"wp:attachment":[{"href":"https:\/\/sudoesteacontece.com.br\/index.php?rest_route=%2Fwp%2Fv2%2Fmedia&parent=28774"}],"wp:term":[{"taxonomy":"category","embeddable":true,"href":"https:\/\/sudoesteacontece.com.br\/index.php?rest_route=%2Fwp%2Fv2%2Fcategories&post=28774"},{"taxonomy":"post_tag","embeddable":true,"href":"https:\/\/sudoesteacontece.com.br\/index.php?rest_route=%2Fwp%2Fv2%2Ftags&post=28774"}],"curies":[{"name":"wp","href":"https:\/\/api.w.org\/{rel}","templated":true}]}}