{"id":28775,"date":"2026-08-31T17:40:33","date_gmt":"2026-08-31T20:40:33","guid":{"rendered":"https:\/\/sudoesteacontece.com.br\/?p=28775"},"modified":"2026-08-31T17:40:39","modified_gmt":"2026-08-31T20:40:39","slug":"orlando-caires-preve-surpresa-politica-para-gestao-de-dom-basilio-em-2026","status":"publish","type":"post","link":"https:\/\/sudoesteacontece.com.br\/?p=28775","title":{"rendered":"Orlando Caires prev\u00ea surpresa pol\u00edtica para gest\u00e3o de Dom Bas\u00edlio em 2026"},"content":{"rendered":"\n<figure class=\"wp-block-image size-full\"><img fetchpriority=\"high\" decoding=\"async\" width=\"900\" height=\"600\" src=\"http:\/\/sudoesteacontece.com.br\/wp-content\/uploads\/2026\/08\/Orlando-Caires-preve-surpresa-politica-para-gestao-de-Dom-Basilio-em-2026.jpg\" alt=\"\" class=\"wp-image-28791\" srcset=\"https:\/\/sudoesteacontece.com.br\/wp-content\/uploads\/2026\/08\/Orlando-Caires-preve-surpresa-politica-para-gestao-de-Dom-Basilio-em-2026.jpg 900w, https:\/\/sudoesteacontece.com.br\/wp-content\/uploads\/2026\/08\/Orlando-Caires-preve-surpresa-politica-para-gestao-de-Dom-Basilio-em-2026-300x200.jpg 300w, https:\/\/sudoesteacontece.com.br\/wp-content\/uploads\/2026\/08\/Orlando-Caires-preve-surpresa-politica-para-gestao-de-Dom-Basilio-em-2026-768x512.jpg 768w\" sizes=\"(max-width: 900px) 100vw, 900px\" \/><\/figure>\n\n\n\n<p class=\"wp-block-paragraph\">O professor e ex-candidato a prefeito de Dom Bas\u00edlio, Orlando Caires, afirmou que as elei\u00e7\u00f5es de 2026 poder\u00e3o provocar uma mudan\u00e7a no cen\u00e1rio pol\u00edtico do munic\u00edpio. A declara\u00e7\u00e3o ocorreu neste s\u00e1bado (29), durante entrevista, quando ele comentou as articula\u00e7\u00f5es eleitorais e avaliou o momento vivido pela pol\u00edtica local.<\/p>\n\n\n\n<p class=\"wp-block-paragraph\">Durante a entrevista, Orlando afirmou que movimenta\u00e7\u00f5es pol\u00edticas j\u00e1 ocorrem nos bastidores e indicou que seu grupo trabalha na constru\u00e7\u00e3o de um cen\u00e1rio capaz de alterar a atual configura\u00e7\u00e3o eleitoral. Segundo ele, a articula\u00e7\u00e3o poder\u00e1 representar uma surpresa para a administra\u00e7\u00e3o municipal nas pr\u00f3ximas elei\u00e7\u00f5es.<\/p>\n\n\n\n<p class=\"wp-block-paragraph\">\u201cTeremos uma surpresa para a atual gest\u00e3o, n\u00e3o muito agrad\u00e1vel. Pode ter certeza. As articula\u00e7\u00f5es est\u00e3o sendo feitas\u201d, declarou Orlando Caires ao comentar as movimenta\u00e7\u00f5es pol\u00edticas em Dom Bas\u00edlio.<\/p>\n\n\n\n<p class=\"wp-block-paragraph\">Na avalia\u00e7\u00e3o do professor, conversas mantidas com eleitores e sondagens realizadas por seu grupo indicam um poss\u00edvel desgaste pol\u00edtico entre a popula\u00e7\u00e3o. Ele relacionou esse cen\u00e1rio ao per\u00edodo prolongado de predomin\u00e2ncia do mesmo grupo na administra\u00e7\u00e3o municipal.<\/p>\n\n\n\n<p class=\"wp-block-paragraph\">\u201cEsses 20 anos de governo de um mesmo grupo est\u00e3o desgastados\u201d, afirmou Orlando, ao explicar a percep\u00e7\u00e3o obtida nas conversas e levantamentos realizados por seu grupo. A declara\u00e7\u00e3o ocorre enquanto as for\u00e7as pol\u00edticas locais come\u00e7am a se movimentar para a disputa de 2026.<\/p>\n\n\n\n<p class=\"wp-block-paragraph\">At\u00e9 o momento, Orlando n\u00e3o detalhou quais seriam as articula\u00e7\u00f5es mencionadas nem apresentou nomes ou alian\u00e7as que poderiam alterar o cen\u00e1rio eleitoral. As declara\u00e7\u00f5es, portanto, apontam para uma movimenta\u00e7\u00e3o pol\u00edtica em curso, mas sem revelar os pr\u00f3ximos passos do grupo.<\/p>\n","protected":false},"excerpt":{"rendered":"<p>O professor e ex-candidato a prefeito de Dom Bas\u00edlio, Orlando Caires, afirmou que as elei\u00e7\u00f5es de 2026 poder\u00e3o provocar uma mudan\u00e7a no cen\u00e1rio pol\u00edtico do munic\u00edpio. A declara\u00e7\u00e3o ocorreu neste s\u00e1bado (29), durante entrevista, quando ele comentou as articula\u00e7\u00f5es eleitorais e avaliou o momento vivido pela pol\u00edtica local. Durante a entrevista, Orlando afirmou que movimenta\u00e7\u00f5es pol\u00edticas j\u00e1 ocorrem nos bastidores e indicou que seu grupo trabalha na constru\u00e7\u00e3o de um cen\u00e1rio capaz de alterar a atual configura\u00e7\u00e3o eleitoral. Segundo ele, a articula\u00e7\u00e3o poder\u00e1 representar uma surpresa para a administra\u00e7\u00e3o municipal nas pr\u00f3ximas elei\u00e7\u00f5es. \u201cTeremos uma surpresa para a atual gest\u00e3o, n\u00e3o muito agrad\u00e1vel. Pode ter certeza. As articula\u00e7\u00f5es est\u00e3o sendo feitas\u201d, declarou Orlando Caires ao comentar as movimenta\u00e7\u00f5es pol\u00edticas em Dom Bas\u00edlio. Na avalia\u00e7\u00e3o do professor, conversas mantidas com eleitores e sondagens realizadas por seu grupo indicam um poss\u00edvel desgaste pol\u00edtico entre a popula\u00e7\u00e3o. Ele relacionou esse cen\u00e1rio ao per\u00edodo prolongado de predomin\u00e2ncia do mesmo grupo na administra\u00e7\u00e3o municipal. \u201cEsses 20 anos de governo de um mesmo grupo est\u00e3o desgastados\u201d, afirmou Orlando, ao explicar a percep\u00e7\u00e3o obtida nas conversas e levantamentos realizados por seu grupo. A declara\u00e7\u00e3o ocorre enquanto as for\u00e7as pol\u00edticas locais come\u00e7am a se movimentar para a disputa de 2026. At\u00e9 o momento, Orlando n\u00e3o detalhou quais seriam as articula\u00e7\u00f5es mencionadas nem apresentou nomes ou alian\u00e7as que poderiam alterar o cen\u00e1rio eleitoral. As declara\u00e7\u00f5es, portanto, apontam para uma movimenta\u00e7\u00e3o pol\u00edtica em curso, mas sem revelar os pr\u00f3ximos passos do grupo.<\/p>\n","protected":false},"author":4,"featured_media":28791,"comment_status":"open","ping_status":"open","sticky":false,"template":"","format":"standard","meta":{"footnotes":""},"categories":[7,4,63,58,6],"tags":[],"class_list":["post-28775","post","type-post","status-publish","format-standard","has-post-thumbnail","hentry","category-bahia","category-cidades","category-dom-basilio","category-eleicoes-2026","category-politica"],"yoast_head":"<!-- This site is optimized with the Yoast SEO plugin v26.5 - https:\/\/yoast.com\/wordpress\/plugins\/seo\/ -->\n<title>Orlando Caires prev\u00ea surpresa pol\u00edtica para gest\u00e3o de Dom Bas\u00edlio em 2026 - Sudoesteacontece<\/title>\n<meta name=\"robots\" content=\"index, follow, max-snippet:-1, max-image-preview:large, max-video-preview:-1\" \/>\n<link rel=\"canonical\" href=\"https:\/\/sudoesteacontece.com.br\/?p=28775\" \/>\n<meta property=\"og:locale\" content=\"pt_BR\" \/>\n<meta property=\"og:type\" content=\"article\" \/>\n<meta property=\"og:title\" content=\"Orlando Caires prev\u00ea surpresa pol\u00edtica para gest\u00e3o de Dom Bas\u00edlio em 2026 - Sudoesteacontece\" \/>\n<meta property=\"og:description\" content=\"O professor e ex-candidato a prefeito de Dom Bas\u00edlio, Orlando Caires, afirmou que as elei\u00e7\u00f5es de 2026 poder\u00e3o provocar uma mudan\u00e7a no cen\u00e1rio pol\u00edtico do munic\u00edpio. A declara\u00e7\u00e3o ocorreu neste s\u00e1bado (29), durante entrevista, quando ele comentou as articula\u00e7\u00f5es eleitorais e avaliou o momento vivido pela pol\u00edtica local. Durante a entrevista, Orlando afirmou que movimenta\u00e7\u00f5es pol\u00edticas j\u00e1 ocorrem nos bastidores e indicou que seu grupo trabalha na constru\u00e7\u00e3o de um cen\u00e1rio capaz de alterar a atual configura\u00e7\u00e3o eleitoral. Segundo ele, a articula\u00e7\u00e3o poder\u00e1 representar uma surpresa para a administra\u00e7\u00e3o municipal nas pr\u00f3ximas elei\u00e7\u00f5es. \u201cTeremos uma surpresa para a atual gest\u00e3o, n\u00e3o muito agrad\u00e1vel. Pode ter certeza. As articula\u00e7\u00f5es est\u00e3o sendo feitas\u201d, declarou Orlando Caires ao comentar as movimenta\u00e7\u00f5es pol\u00edticas em Dom Bas\u00edlio. Na avalia\u00e7\u00e3o do professor, conversas mantidas com eleitores e sondagens realizadas por seu grupo indicam um poss\u00edvel desgaste pol\u00edtico entre a popula\u00e7\u00e3o. Ele relacionou esse cen\u00e1rio ao per\u00edodo prolongado de predomin\u00e2ncia do mesmo grupo na administra\u00e7\u00e3o municipal. \u201cEsses 20 anos de governo de um mesmo grupo est\u00e3o desgastados\u201d, afirmou Orlando, ao explicar a percep\u00e7\u00e3o obtida nas conversas e levantamentos realizados por seu grupo. A declara\u00e7\u00e3o ocorre enquanto as for\u00e7as pol\u00edticas locais come\u00e7am a se movimentar para a disputa de 2026. At\u00e9 o momento, Orlando n\u00e3o detalhou quais seriam as articula\u00e7\u00f5es mencionadas nem apresentou nomes ou alian\u00e7as que poderiam alterar o cen\u00e1rio eleitoral. As declara\u00e7\u00f5es, portanto, apontam para uma movimenta\u00e7\u00e3o pol\u00edtica em curso, mas sem revelar os pr\u00f3ximos passos do grupo.\" \/>\n<meta property=\"og:url\" content=\"https:\/\/sudoesteacontece.com.br\/?p=28775\" \/>\n<meta property=\"og:site_name\" content=\"Sudoesteacontece\" \/>\n<meta property=\"article:publisher\" content=\"https:\/\/www.facebook.com\/sudoesteacontece\/?locale=pt_BR\" \/>\n<meta property=\"article:published_time\" content=\"2026-08-31T20:40:33+00:00\" \/>\n<meta property=\"article:modified_time\" content=\"2026-08-31T20:40:39+00:00\" \/>\n<meta property=\"og:image\" content=\"http:\/\/sudoesteacontece.com.br\/wp-content\/uploads\/2026\/08\/Orlando-Caires-preve-surpresa-politica-para-gestao-de-Dom-Basilio-em-2026.jpg\" \/>\n\t<meta property=\"og:image:width\" content=\"900\" \/>\n\t<meta property=\"og:image:height\" content=\"600\" \/>\n\t<meta property=\"og:image:type\" content=\"image\/jpeg\" \/>\n<meta name=\"author\" content=\"Reda\u00e7\u00e3o\" \/>\n<meta name=\"twitter:card\" content=\"summary_large_image\" \/>\n<meta name=\"twitter:label1\" content=\"Escrito por\" \/>\n\t<meta name=\"twitter:data1\" content=\"Reda\u00e7\u00e3o\" \/>\n\t<meta name=\"twitter:label2\" content=\"Est. tempo de leitura\" \/>\n\t<meta name=\"twitter:data2\" content=\"2 minutos\" \/>\n<script type=\"application\/ld+json\" class=\"yoast-schema-graph\">{\"@context\":\"https:\/\/schema.org\",\"@graph\":[{\"@type\":\"Article\",\"@id\":\"https:\/\/sudoesteacontece.com.br\/?p=28775#article\",\"isPartOf\":{\"@id\":\"https:\/\/sudoesteacontece.com.br\/?p=28775\"},\"author\":{\"name\":\"Reda\u00e7\u00e3o\",\"@id\":\"https:\/\/sudoesteacontece.com.br\/#\/schema\/person\/a4f22429c1d0923ef8f7d43343f8dc38\"},\"headline\":\"Orlando Caires prev\u00ea surpresa pol\u00edtica para gest\u00e3o de Dom Bas\u00edlio em 2026\",\"datePublished\":\"2026-08-31T20:40:33+00:00\",\"dateModified\":\"2026-08-31T20:40:39+00:00\",\"mainEntityOfPage\":{\"@id\":\"https:\/\/sudoesteacontece.com.br\/?p=28775\"},\"wordCount\":302,\"commentCount\":0,\"publisher\":{\"@id\":\"https:\/\/sudoesteacontece.com.br\/#organization\"},\"image\":{\"@id\":\"https:\/\/sudoesteacontece.com.br\/?p=28775#primaryimage\"},\"thumbnailUrl\":\"https:\/\/sudoesteacontece.com.br\/wp-content\/uploads\/2026\/08\/Orlando-Caires-preve-surpresa-politica-para-gestao-de-Dom-Basilio-em-2026.jpg\",\"articleSection\":[\"Bahia\",\"Cidades\",\"Dom Bas\u00edlio\",\"Elei\u00e7\u00f5es 2026\",\"Pol\u00edtica\"],\"inLanguage\":\"pt-BR\",\"potentialAction\":[{\"@type\":\"CommentAction\",\"name\":\"Comment\",\"target\":[\"https:\/\/sudoesteacontece.com.br\/?p=28775#respond\"]}]},{\"@type\":\"WebPage\",\"@id\":\"https:\/\/sudoesteacontece.com.br\/?p=28775\",\"url\":\"https:\/\/sudoesteacontece.com.br\/?p=28775\",\"name\":\"Orlando Caires prev\u00ea surpresa pol\u00edtica para gest\u00e3o de Dom Bas\u00edlio em 2026 - Sudoesteacontece\",\"isPartOf\":{\"@id\":\"https:\/\/sudoesteacontece.com.br\/#website\"},\"primaryImageOfPage\":{\"@id\":\"https:\/\/sudoesteacontece.com.br\/?p=28775#primaryimage\"},\"image\":{\"@id\":\"https:\/\/sudoesteacontece.com.br\/?p=28775#primaryimage\"},\"thumbnailUrl\":\"https:\/\/sudoesteacontece.com.br\/wp-content\/uploads\/2026\/08\/Orlando-Caires-preve-surpresa-politica-para-gestao-de-Dom-Basilio-em-2026.jpg\",\"datePublished\":\"2026-08-31T20:40:33+00:00\",\"dateModified\":\"2026-08-31T20:40:39+00:00\",\"breadcrumb\":{\"@id\":\"https:\/\/sudoesteacontece.com.br\/?p=28775#breadcrumb\"},\"inLanguage\":\"pt-BR\",\"potentialAction\":[{\"@type\":\"ReadAction\",\"target\":[\"https:\/\/sudoesteacontece.com.br\/?p=28775\"]}]},{\"@type\":\"ImageObject\",\"inLanguage\":\"pt-BR\",\"@id\":\"https:\/\/sudoesteacontece.com.br\/?p=28775#primaryimage\",\"url\":\"https:\/\/sudoesteacontece.com.br\/wp-content\/uploads\/2026\/08\/Orlando-Caires-preve-surpresa-politica-para-gestao-de-Dom-Basilio-em-2026.jpg\",\"contentUrl\":\"https:\/\/sudoesteacontece.com.br\/wp-content\/uploads\/2026\/08\/Orlando-Caires-preve-surpresa-politica-para-gestao-de-Dom-Basilio-em-2026.jpg\",\"width\":900,\"height\":600},{\"@type\":\"BreadcrumbList\",\"@id\":\"https:\/\/sudoesteacontece.com.br\/?p=28775#breadcrumb\",\"itemListElement\":[{\"@type\":\"ListItem\",\"position\":1,\"name\":\"In\u00edcio\",\"item\":\"https:\/\/sudoesteacontece.com.br\/\"},{\"@type\":\"ListItem\",\"position\":2,\"name\":\"Orlando Caires prev\u00ea surpresa pol\u00edtica para gest\u00e3o de Dom Bas\u00edlio em 2026\"}]},{\"@type\":\"WebSite\",\"@id\":\"https:\/\/sudoesteacontece.com.br\/#website\",\"url\":\"https:\/\/sudoesteacontece.com.br\/\",\"name\":\"Sudoesteacontece\",\"description\":\"\",\"publisher\":{\"@id\":\"https:\/\/sudoesteacontece.com.br\/#organization\"},\"potentialAction\":[{\"@type\":\"SearchAction\",\"target\":{\"@type\":\"EntryPoint\",\"urlTemplate\":\"https:\/\/sudoesteacontece.com.br\/?s={search_term_string}\"},\"query-input\":{\"@type\":\"PropertyValueSpecification\",\"valueRequired\":true,\"valueName\":\"search_term_string\"}}],\"inLanguage\":\"pt-BR\"},{\"@type\":\"Organization\",\"@id\":\"https:\/\/sudoesteacontece.com.br\/#organization\",\"name\":\"Sudoesteacontece\",\"url\":\"https:\/\/sudoesteacontece.com.br\/\",\"logo\":{\"@type\":\"ImageObject\",\"inLanguage\":\"pt-BR\",\"@id\":\"https:\/\/sudoesteacontece.com.br\/#\/schema\/logo\/image\/\",\"url\":\"https:\/\/sudoesteacontece.com.br\/wp-content\/uploads\/2025\/12\/cropped-logo-2-180x180-1.png\",\"contentUrl\":\"https:\/\/sudoesteacontece.com.br\/wp-content\/uploads\/2025\/12\/cropped-logo-2-180x180-1.png\",\"width\":180,\"height\":180,\"caption\":\"Sudoesteacontece\"},\"image\":{\"@id\":\"https:\/\/sudoesteacontece.com.br\/#\/schema\/logo\/image\/\"},\"sameAs\":[\"https:\/\/www.facebook.com\/sudoesteacontece\/?locale=pt_BR\"]},{\"@type\":\"Person\",\"@id\":\"https:\/\/sudoesteacontece.com.br\/#\/schema\/person\/a4f22429c1d0923ef8f7d43343f8dc38\",\"name\":\"Reda\u00e7\u00e3o\",\"image\":{\"@type\":\"ImageObject\",\"inLanguage\":\"pt-BR\",\"@id\":\"https:\/\/sudoesteacontece.com.br\/#\/schema\/person\/image\/\",\"url\":\"https:\/\/secure.gravatar.com\/avatar\/c3a5b3c93f268a709c25a2df414c629a96fb3b1b4bf97a94fb3f72e54ae76903?s=96&d=mm&r=g\",\"contentUrl\":\"https:\/\/secure.gravatar.com\/avatar\/c3a5b3c93f268a709c25a2df414c629a96fb3b1b4bf97a94fb3f72e54ae76903?s=96&d=mm&r=g\",\"caption\":\"Reda\u00e7\u00e3o\"},\"url\":\"https:\/\/sudoesteacontece.com.br\/?author=4\"}]}<\/script>\n<!-- \/ Yoast SEO plugin. -->","yoast_head_json":{"title":"Orlando Caires prev\u00ea surpresa pol\u00edtica para gest\u00e3o de Dom Bas\u00edlio em 2026 - Sudoesteacontece","robots":{"index":"index","follow":"follow","max-snippet":"max-snippet:-1","max-image-preview":"max-image-preview:large","max-video-preview":"max-video-preview:-1"},"canonical":"https:\/\/sudoesteacontece.com.br\/?p=28775","og_locale":"pt_BR","og_type":"article","og_title":"Orlando Caires prev\u00ea surpresa pol\u00edtica para gest\u00e3o de Dom Bas\u00edlio em 2026 - Sudoesteacontece","og_description":"O professor e ex-candidato a prefeito de Dom Bas\u00edlio, Orlando Caires, afirmou que as elei\u00e7\u00f5es de 2026 poder\u00e3o provocar uma mudan\u00e7a no cen\u00e1rio pol\u00edtico do munic\u00edpio. A declara\u00e7\u00e3o ocorreu neste s\u00e1bado (29), durante entrevista, quando ele comentou as articula\u00e7\u00f5es eleitorais e avaliou o momento vivido pela pol\u00edtica local. Durante a entrevista, Orlando afirmou que movimenta\u00e7\u00f5es pol\u00edticas j\u00e1 ocorrem nos bastidores e indicou que seu grupo trabalha na constru\u00e7\u00e3o de um cen\u00e1rio capaz de alterar a atual configura\u00e7\u00e3o eleitoral. Segundo ele, a articula\u00e7\u00e3o poder\u00e1 representar uma surpresa para a administra\u00e7\u00e3o municipal nas pr\u00f3ximas elei\u00e7\u00f5es. \u201cTeremos uma surpresa para a atual gest\u00e3o, n\u00e3o muito agrad\u00e1vel. Pode ter certeza. As articula\u00e7\u00f5es est\u00e3o sendo feitas\u201d, declarou Orlando Caires ao comentar as movimenta\u00e7\u00f5es pol\u00edticas em Dom Bas\u00edlio. Na avalia\u00e7\u00e3o do professor, conversas mantidas com eleitores e sondagens realizadas por seu grupo indicam um poss\u00edvel desgaste pol\u00edtico entre a popula\u00e7\u00e3o. Ele relacionou esse cen\u00e1rio ao per\u00edodo prolongado de predomin\u00e2ncia do mesmo grupo na administra\u00e7\u00e3o municipal. \u201cEsses 20 anos de governo de um mesmo grupo est\u00e3o desgastados\u201d, afirmou Orlando, ao explicar a percep\u00e7\u00e3o obtida nas conversas e levantamentos realizados por seu grupo. A declara\u00e7\u00e3o ocorre enquanto as for\u00e7as pol\u00edticas locais come\u00e7am a se movimentar para a disputa de 2026. At\u00e9 o momento, Orlando n\u00e3o detalhou quais seriam as articula\u00e7\u00f5es mencionadas nem apresentou nomes ou alian\u00e7as que poderiam alterar o cen\u00e1rio eleitoral. As declara\u00e7\u00f5es, portanto, apontam para uma movimenta\u00e7\u00e3o pol\u00edtica em curso, mas sem revelar os pr\u00f3ximos passos do grupo.","og_url":"https:\/\/sudoesteacontece.com.br\/?p=28775","og_site_name":"Sudoesteacontece","article_publisher":"https:\/\/www.facebook.com\/sudoesteacontece\/?locale=pt_BR","article_published_time":"2026-08-31T20:40:33+00:00","article_modified_time":"2026-08-31T20:40:39+00:00","og_image":[{"width":900,"height":600,"url":"http:\/\/sudoesteacontece.com.br\/wp-content\/uploads\/2026\/08\/Orlando-Caires-preve-surpresa-politica-para-gestao-de-Dom-Basilio-em-2026.jpg","type":"image\/jpeg"}],"author":"Reda\u00e7\u00e3o","twitter_card":"summary_large_image","twitter_misc":{"Escrito por":"Reda\u00e7\u00e3o","Est. tempo de leitura":"2 minutos"},"schema":{"@context":"https:\/\/schema.org","@graph":[{"@type":"Article","@id":"https:\/\/sudoesteacontece.com.br\/?p=28775#article","isPartOf":{"@id":"https:\/\/sudoesteacontece.com.br\/?p=28775"},"author":{"name":"Reda\u00e7\u00e3o","@id":"https:\/\/sudoesteacontece.com.br\/#\/schema\/person\/a4f22429c1d0923ef8f7d43343f8dc38"},"headline":"Orlando Caires prev\u00ea surpresa pol\u00edtica para gest\u00e3o de Dom Bas\u00edlio em 2026","datePublished":"2026-08-31T20:40:33+00:00","dateModified":"2026-08-31T20:40:39+00:00","mainEntityOfPage":{"@id":"https:\/\/sudoesteacontece.com.br\/?p=28775"},"wordCount":302,"commentCount":0,"publisher":{"@id":"https:\/\/sudoesteacontece.com.br\/#organization"},"image":{"@id":"https:\/\/sudoesteacontece.com.br\/?p=28775#primaryimage"},"thumbnailUrl":"https:\/\/sudoesteacontece.com.br\/wp-content\/uploads\/2026\/08\/Orlando-Caires-preve-surpresa-politica-para-gestao-de-Dom-Basilio-em-2026.jpg","articleSection":["Bahia","Cidades","Dom Bas\u00edlio","Elei\u00e7\u00f5es 2026","Pol\u00edtica"],"inLanguage":"pt-BR","potentialAction":[{"@type":"CommentAction","name":"Comment","target":["https:\/\/sudoesteacontece.com.br\/?p=28775#respond"]}]},{"@type":"WebPage","@id":"https:\/\/sudoesteacontece.com.br\/?p=28775","url":"https:\/\/sudoesteacontece.com.br\/?p=28775","name":"Orlando Caires prev\u00ea surpresa pol\u00edtica para gest\u00e3o de Dom Bas\u00edlio em 2026 - Sudoesteacontece","isPartOf":{"@id":"https:\/\/sudoesteacontece.com.br\/#website"},"primaryImageOfPage":{"@id":"https:\/\/sudoesteacontece.com.br\/?p=28775#primaryimage"},"image":{"@id":"https:\/\/sudoesteacontece.com.br\/?p=28775#primaryimage"},"thumbnailUrl":"https:\/\/sudoesteacontece.com.br\/wp-content\/uploads\/2026\/08\/Orlando-Caires-preve-surpresa-politica-para-gestao-de-Dom-Basilio-em-2026.jpg","datePublished":"2026-08-31T20:40:33+00:00","dateModified":"2026-08-31T20:40:39+00:00","breadcrumb":{"@id":"https:\/\/sudoesteacontece.com.br\/?p=28775#breadcrumb"},"inLanguage":"pt-BR","potentialAction":[{"@type":"ReadAction","target":["https:\/\/sudoesteacontece.com.br\/?p=28775"]}]},{"@type":"ImageObject","inLanguage":"pt-BR","@id":"https:\/\/sudoesteacontece.com.br\/?p=28775#primaryimage","url":"https:\/\/sudoesteacontece.com.br\/wp-content\/uploads\/2026\/08\/Orlando-Caires-preve-surpresa-politica-para-gestao-de-Dom-Basilio-em-2026.jpg","contentUrl":"https:\/\/sudoesteacontece.com.br\/wp-content\/uploads\/2026\/08\/Orlando-Caires-preve-surpresa-politica-para-gestao-de-Dom-Basilio-em-2026.jpg","width":900,"height":600},{"@type":"BreadcrumbList","@id":"https:\/\/sudoesteacontece.com.br\/?p=28775#breadcrumb","itemListElement":[{"@type":"ListItem","position":1,"name":"In\u00edcio","item":"https:\/\/sudoesteacontece.com.br\/"},{"@type":"ListItem","position":2,"name":"Orlando Caires prev\u00ea surpresa pol\u00edtica para gest\u00e3o de Dom Bas\u00edlio em 2026"}]},{"@type":"WebSite","@id":"https:\/\/sudoesteacontece.com.br\/#website","url":"https:\/\/sudoesteacontece.com.br\/","name":"Sudoesteacontece","description":"","publisher":{"@id":"https:\/\/sudoesteacontece.com.br\/#organization"},"potentialAction":[{"@type":"SearchAction","target":{"@type":"EntryPoint","urlTemplate":"https:\/\/sudoesteacontece.com.br\/?s={search_term_string}"},"query-input":{"@type":"PropertyValueSpecification","valueRequired":true,"valueName":"search_term_string"}}],"inLanguage":"pt-BR"},{"@type":"Organization","@id":"https:\/\/sudoesteacontece.com.br\/#organization","name":"Sudoesteacontece","url":"https:\/\/sudoesteacontece.com.br\/","logo":{"@type":"ImageObject","inLanguage":"pt-BR","@id":"https:\/\/sudoesteacontece.com.br\/#\/schema\/logo\/image\/","url":"https:\/\/sudoesteacontece.com.br\/wp-content\/uploads\/2025\/12\/cropped-logo-2-180x180-1.png","contentUrl":"https:\/\/sudoesteacontece.com.br\/wp-content\/uploads\/2025\/12\/cropped-logo-2-180x180-1.png","width":180,"height":180,"caption":"Sudoesteacontece"},"image":{"@id":"https:\/\/sudoesteacontece.com.br\/#\/schema\/logo\/image\/"},"sameAs":["https:\/\/www.facebook.com\/sudoesteacontece\/?locale=pt_BR"]},{"@type":"Person","@id":"https:\/\/sudoesteacontece.com.br\/#\/schema\/person\/a4f22429c1d0923ef8f7d43343f8dc38","name":"Reda\u00e7\u00e3o","image":{"@type":"ImageObject","inLanguage":"pt-BR","@id":"https:\/\/sudoesteacontece.com.br\/#\/schema\/person\/image\/","url":"https:\/\/secure.gravatar.com\/avatar\/c3a5b3c93f268a709c25a2df414c629a96fb3b1b4bf97a94fb3f72e54ae76903?s=96&d=mm&r=g","contentUrl":"https:\/\/secure.gravatar.com\/avatar\/c3a5b3c93f268a709c25a2df414c629a96fb3b1b4bf97a94fb3f72e54ae76903?s=96&d=mm&r=g","caption":"Reda\u00e7\u00e3o"},"url":"https:\/\/sudoesteacontece.com.br\/?author=4"}]}},"_links":{"self":[{"href":"https:\/\/sudoesteacontece.com.br\/index.php?rest_route=\/wp\/v2\/posts\/28775","targetHints":{"allow":["GET"]}}],"collection":[{"href":"https:\/\/sudoesteacontece.com.br\/index.php?rest_route=\/wp\/v2\/posts"}],"about":[{"href":"https:\/\/sudoesteacontece.com.br\/index.php?rest_route=\/wp\/v2\/types\/post"}],"author":[{"embeddable":true,"href":"https:\/\/sudoesteacontece.com.br\/index.php?rest_route=\/wp\/v2\/users\/4"}],"replies":[{"embeddable":true,"href":"https:\/\/sudoesteacontece.com.br\/index.php?rest_route=%2Fwp%2Fv2%2Fcomments&post=28775"}],"version-history":[{"count":1,"href":"https:\/\/sudoesteacontece.com.br\/index.php?rest_route=\/wp\/v2\/posts\/28775\/revisions"}],"predecessor-version":[{"id":28796,"href":"https:\/\/sudoesteacontece.com.br\/index.php?rest_route=\/wp\/v2\/posts\/28775\/revisions\/28796"}],"wp:featuredmedia":[{"embeddable":true,"href":"https:\/\/sudoesteacontece.com.br\/index.php?rest_route=\/wp\/v2\/media\/28791"}],"wp:attachment":[{"href":"https:\/\/sudoesteacontece.com.br\/index.php?rest_route=%2Fwp%2Fv2%2Fmedia&parent=28775"}],"wp:term":[{"taxonomy":"category","embeddable":true,"href":"https:\/\/sudoesteacontece.com.br\/index.php?rest_route=%2Fwp%2Fv2%2Fcategories&post=28775"},{"taxonomy":"post_tag","embeddable":true,"href":"https:\/\/sudoesteacontece.com.br\/index.php?rest_route=%2Fwp%2Fv2%2Ftags&post=28775"}],"curies":[{"name":"wp","href":"https:\/\/api.w.org\/{rel}","templated":true}]}}