{"id":28776,"date":"2026-08-31T17:49:55","date_gmt":"2026-08-31T20:49:55","guid":{"rendered":"https:\/\/sudoesteacontece.com.br\/?p=28776"},"modified":"2026-08-31T17:50:01","modified_gmt":"2026-08-31T20:50:01","slug":"cury-dispara-e-chega-a-11-na-corrida-presidencial","status":"publish","type":"post","link":"https:\/\/sudoesteacontece.com.br\/?p=28776","title":{"rendered":"Cury dispara e chega a 11% na corrida presidencial"},"content":{"rendered":"\n<figure class=\"wp-block-image size-full\"><img fetchpriority=\"high\" decoding=\"async\" width=\"900\" height=\"600\" src=\"http:\/\/sudoesteacontece.com.br\/wp-content\/uploads\/2026\/08\/Cury-dispara-e-chega-a-11-na-corrida-presidencial.jpg\" alt=\"\" class=\"wp-image-28812\" srcset=\"https:\/\/sudoesteacontece.com.br\/wp-content\/uploads\/2026\/08\/Cury-dispara-e-chega-a-11-na-corrida-presidencial.jpg 900w, https:\/\/sudoesteacontece.com.br\/wp-content\/uploads\/2026\/08\/Cury-dispara-e-chega-a-11-na-corrida-presidencial-300x200.jpg 300w, https:\/\/sudoesteacontece.com.br\/wp-content\/uploads\/2026\/08\/Cury-dispara-e-chega-a-11-na-corrida-presidencial-768x512.jpg 768w\" sizes=\"(max-width: 900px) 100vw, 900px\" \/><\/figure>\n\n\n\n<p class=\"wp-block-paragraph\">O escritor e candidato \u00e0 Presid\u00eancia Augusto Cury (Avante) alcan\u00e7ou 11% das inten\u00e7\u00f5es de voto no primeiro turno das elei\u00e7\u00f5es de 2026, segundo pesquisa Nexus\/BTG divulgada nesta segunda-feira (31). Com alta de nove pontos percentuais em rela\u00e7\u00e3o ao levantamento anterior, ele assumiu a terceira coloca\u00e7\u00e3o, atr\u00e1s de Luiz In\u00e1cio Lula da Silva (PT) e Fl\u00e1vio Bolsonaro (PL).<\/p>\n\n\n\n<p class=\"wp-block-paragraph\">Ap\u00f3s o primeiro debate entre os candidatos, realizado em 22 de agosto, Cury tamb\u00e9m registrou crescimento nas redes sociais. Segundo levantamento da Vox Radar, o escritor teve aumento de 19,4% no n\u00famero de seguidores no Instagram, passando de aproximadamente 8,3 milh\u00f5es para 9,9 milh\u00f5es.<\/p>\n\n\n\n<p class=\"wp-block-paragraph\">Al\u00e9m disso, as buscas pelo nome de Augusto Cury no Google cresceram significativamente na semana seguinte ao debate. O volume de pesquisas aumentou 900% no per\u00edodo, enquanto o \u00edndice de buscas atingiu 100 pontos em 26 de agosto, de acordo com os dados apresentados.<\/p>\n\n\n\n<p class=\"wp-block-paragraph\">Desde o in\u00edcio de agosto, a trajet\u00f3ria do candidato nas pesquisas Nexus registra avan\u00e7o. No levantamento divulgado em 3 de agosto, Cury tinha 1% das inten\u00e7\u00f5es de voto. Na rodada publicada em 24 de agosto, o percentual passou para 2%.<\/p>\n\n\n\n<p class=\"wp-block-paragraph\">Agora, com 11%, o candidato ultrapassou nomes que anteriormente apareciam \u00e0 frente na disputa pela terceira posi\u00e7\u00e3o. Entre eles est\u00e1 Ronaldo Caiado (PSD), que atualmente registra 5% das inten\u00e7\u00f5es de voto no primeiro turno, segundo o levantamento mais recente.<\/p>\n","protected":false},"excerpt":{"rendered":"<p>O escritor e candidato \u00e0 Presid\u00eancia Augusto Cury (Avante) alcan\u00e7ou 11% das inten\u00e7\u00f5es de voto no primeiro turno das elei\u00e7\u00f5es de 2026, segundo pesquisa Nexus\/BTG divulgada nesta segunda-feira (31). Com alta de nove pontos percentuais em rela\u00e7\u00e3o ao levantamento anterior, ele assumiu a terceira coloca\u00e7\u00e3o, atr\u00e1s de Luiz In\u00e1cio Lula da Silva (PT) e Fl\u00e1vio Bolsonaro (PL). Ap\u00f3s o primeiro debate entre os candidatos, realizado em 22 de agosto, Cury tamb\u00e9m registrou crescimento nas redes sociais. Segundo levantamento da Vox Radar, o escritor teve aumento de 19,4% no n\u00famero de seguidores no Instagram, passando de aproximadamente 8,3 milh\u00f5es para 9,9 milh\u00f5es. Al\u00e9m disso, as buscas pelo nome de Augusto Cury no Google cresceram significativamente na semana seguinte ao debate. O volume de pesquisas aumentou 900% no per\u00edodo, enquanto o \u00edndice de buscas atingiu 100 pontos em 26 de agosto, de acordo com os dados apresentados. Desde o in\u00edcio de agosto, a trajet\u00f3ria do candidato nas pesquisas Nexus registra avan\u00e7o. No levantamento divulgado em 3 de agosto, Cury tinha 1% das inten\u00e7\u00f5es de voto. Na rodada publicada em 24 de agosto, o percentual passou para 2%. Agora, com 11%, o candidato ultrapassou nomes que anteriormente apareciam \u00e0 frente na disputa pela terceira posi\u00e7\u00e3o. Entre eles est\u00e1 Ronaldo Caiado (PSD), que atualmente registra 5% das inten\u00e7\u00f5es de voto no primeiro turno, segundo o levantamento mais recente.<\/p>\n","protected":false},"author":4,"featured_media":0,"comment_status":"open","ping_status":"open","sticky":false,"template":"","format":"standard","meta":{"footnotes":""},"categories":[53,58,6],"tags":[],"class_list":["post-28776","post","type-post","status-publish","format-standard","hentry","category-brasil","category-eleicoes-2026","category-politica"],"yoast_head":"<!-- This site is optimized with the Yoast SEO plugin v26.5 - https:\/\/yoast.com\/wordpress\/plugins\/seo\/ -->\n<title>Cury dispara e chega a 11% na corrida presidencial - Sudoesteacontece<\/title>\n<meta name=\"robots\" content=\"index, follow, max-snippet:-1, max-image-preview:large, max-video-preview:-1\" \/>\n<link rel=\"canonical\" href=\"https:\/\/sudoesteacontece.com.br\/?p=28776\" \/>\n<meta property=\"og:locale\" content=\"pt_BR\" \/>\n<meta property=\"og:type\" content=\"article\" \/>\n<meta property=\"og:title\" content=\"Cury dispara e chega a 11% na corrida presidencial - Sudoesteacontece\" \/>\n<meta property=\"og:description\" content=\"O escritor e candidato \u00e0 Presid\u00eancia Augusto Cury (Avante) alcan\u00e7ou 11% das inten\u00e7\u00f5es de voto no primeiro turno das elei\u00e7\u00f5es de 2026, segundo pesquisa Nexus\/BTG divulgada nesta segunda-feira (31). Com alta de nove pontos percentuais em rela\u00e7\u00e3o ao levantamento anterior, ele assumiu a terceira coloca\u00e7\u00e3o, atr\u00e1s de Luiz In\u00e1cio Lula da Silva (PT) e Fl\u00e1vio Bolsonaro (PL). Ap\u00f3s o primeiro debate entre os candidatos, realizado em 22 de agosto, Cury tamb\u00e9m registrou crescimento nas redes sociais. Segundo levantamento da Vox Radar, o escritor teve aumento de 19,4% no n\u00famero de seguidores no Instagram, passando de aproximadamente 8,3 milh\u00f5es para 9,9 milh\u00f5es. Al\u00e9m disso, as buscas pelo nome de Augusto Cury no Google cresceram significativamente na semana seguinte ao debate. O volume de pesquisas aumentou 900% no per\u00edodo, enquanto o \u00edndice de buscas atingiu 100 pontos em 26 de agosto, de acordo com os dados apresentados. Desde o in\u00edcio de agosto, a trajet\u00f3ria do candidato nas pesquisas Nexus registra avan\u00e7o. No levantamento divulgado em 3 de agosto, Cury tinha 1% das inten\u00e7\u00f5es de voto. Na rodada publicada em 24 de agosto, o percentual passou para 2%. Agora, com 11%, o candidato ultrapassou nomes que anteriormente apareciam \u00e0 frente na disputa pela terceira posi\u00e7\u00e3o. Entre eles est\u00e1 Ronaldo Caiado (PSD), que atualmente registra 5% das inten\u00e7\u00f5es de voto no primeiro turno, segundo o levantamento mais recente.\" \/>\n<meta property=\"og:url\" content=\"https:\/\/sudoesteacontece.com.br\/?p=28776\" \/>\n<meta property=\"og:site_name\" content=\"Sudoesteacontece\" \/>\n<meta property=\"article:publisher\" content=\"https:\/\/www.facebook.com\/sudoesteacontece\/?locale=pt_BR\" \/>\n<meta property=\"article:published_time\" content=\"2026-08-31T20:49:55+00:00\" \/>\n<meta property=\"article:modified_time\" content=\"2026-08-31T20:50:01+00:00\" \/>\n<meta property=\"og:image\" content=\"https:\/\/sudoesteacontece.com.br\/wp-content\/uploads\/2026\/08\/Cury-dispara-e-chega-a-11-na-corrida-presidencial.jpg\" \/>\n\t<meta property=\"og:image:width\" content=\"900\" \/>\n\t<meta property=\"og:image:height\" content=\"600\" \/>\n\t<meta property=\"og:image:type\" content=\"image\/jpeg\" \/>\n<meta name=\"author\" content=\"Reda\u00e7\u00e3o\" \/>\n<meta name=\"twitter:card\" content=\"summary_large_image\" \/>\n<meta name=\"twitter:label1\" content=\"Escrito por\" \/>\n\t<meta name=\"twitter:data1\" content=\"Reda\u00e7\u00e3o\" \/>\n\t<meta name=\"twitter:label2\" content=\"Est. tempo de leitura\" \/>\n\t<meta name=\"twitter:data2\" content=\"2 minutos\" \/>\n<script type=\"application\/ld+json\" class=\"yoast-schema-graph\">{\"@context\":\"https:\/\/schema.org\",\"@graph\":[{\"@type\":\"Article\",\"@id\":\"https:\/\/sudoesteacontece.com.br\/?p=28776#article\",\"isPartOf\":{\"@id\":\"https:\/\/sudoesteacontece.com.br\/?p=28776\"},\"author\":{\"name\":\"Reda\u00e7\u00e3o\",\"@id\":\"https:\/\/sudoesteacontece.com.br\/#\/schema\/person\/a4f22429c1d0923ef8f7d43343f8dc38\"},\"headline\":\"Cury dispara e chega a 11% na corrida presidencial\",\"datePublished\":\"2026-08-31T20:49:55+00:00\",\"dateModified\":\"2026-08-31T20:50:01+00:00\",\"mainEntityOfPage\":{\"@id\":\"https:\/\/sudoesteacontece.com.br\/?p=28776\"},\"wordCount\":237,\"commentCount\":0,\"publisher\":{\"@id\":\"https:\/\/sudoesteacontece.com.br\/#organization\"},\"image\":{\"@id\":\"https:\/\/sudoesteacontece.com.br\/?p=28776#primaryimage\"},\"thumbnailUrl\":\"http:\/\/sudoesteacontece.com.br\/wp-content\/uploads\/2026\/08\/Cury-dispara-e-chega-a-11-na-corrida-presidencial.jpg\",\"articleSection\":[\"Brasil\",\"Elei\u00e7\u00f5es 2026\",\"Pol\u00edtica\"],\"inLanguage\":\"pt-BR\",\"potentialAction\":[{\"@type\":\"CommentAction\",\"name\":\"Comment\",\"target\":[\"https:\/\/sudoesteacontece.com.br\/?p=28776#respond\"]}]},{\"@type\":\"WebPage\",\"@id\":\"https:\/\/sudoesteacontece.com.br\/?p=28776\",\"url\":\"https:\/\/sudoesteacontece.com.br\/?p=28776\",\"name\":\"Cury dispara e chega a 11% na corrida presidencial - Sudoesteacontece\",\"isPartOf\":{\"@id\":\"https:\/\/sudoesteacontece.com.br\/#website\"},\"primaryImageOfPage\":{\"@id\":\"https:\/\/sudoesteacontece.com.br\/?p=28776#primaryimage\"},\"image\":{\"@id\":\"https:\/\/sudoesteacontece.com.br\/?p=28776#primaryimage\"},\"thumbnailUrl\":\"http:\/\/sudoesteacontece.com.br\/wp-content\/uploads\/2026\/08\/Cury-dispara-e-chega-a-11-na-corrida-presidencial.jpg\",\"datePublished\":\"2026-08-31T20:49:55+00:00\",\"dateModified\":\"2026-08-31T20:50:01+00:00\",\"breadcrumb\":{\"@id\":\"https:\/\/sudoesteacontece.com.br\/?p=28776#breadcrumb\"},\"inLanguage\":\"pt-BR\",\"potentialAction\":[{\"@type\":\"ReadAction\",\"target\":[\"https:\/\/sudoesteacontece.com.br\/?p=28776\"]}]},{\"@type\":\"ImageObject\",\"inLanguage\":\"pt-BR\",\"@id\":\"https:\/\/sudoesteacontece.com.br\/?p=28776#primaryimage\",\"url\":\"https:\/\/sudoesteacontece.com.br\/wp-content\/uploads\/2026\/08\/Cury-dispara-e-chega-a-11-na-corrida-presidencial.jpg\",\"contentUrl\":\"https:\/\/sudoesteacontece.com.br\/wp-content\/uploads\/2026\/08\/Cury-dispara-e-chega-a-11-na-corrida-presidencial.jpg\",\"width\":900,\"height\":600},{\"@type\":\"BreadcrumbList\",\"@id\":\"https:\/\/sudoesteacontece.com.br\/?p=28776#breadcrumb\",\"itemListElement\":[{\"@type\":\"ListItem\",\"position\":1,\"name\":\"In\u00edcio\",\"item\":\"https:\/\/sudoesteacontece.com.br\/\"},{\"@type\":\"ListItem\",\"position\":2,\"name\":\"Cury dispara e chega a 11% na corrida presidencial\"}]},{\"@type\":\"WebSite\",\"@id\":\"https:\/\/sudoesteacontece.com.br\/#website\",\"url\":\"https:\/\/sudoesteacontece.com.br\/\",\"name\":\"Sudoesteacontece\",\"description\":\"\",\"publisher\":{\"@id\":\"https:\/\/sudoesteacontece.com.br\/#organization\"},\"potentialAction\":[{\"@type\":\"SearchAction\",\"target\":{\"@type\":\"EntryPoint\",\"urlTemplate\":\"https:\/\/sudoesteacontece.com.br\/?s={search_term_string}\"},\"query-input\":{\"@type\":\"PropertyValueSpecification\",\"valueRequired\":true,\"valueName\":\"search_term_string\"}}],\"inLanguage\":\"pt-BR\"},{\"@type\":\"Organization\",\"@id\":\"https:\/\/sudoesteacontece.com.br\/#organization\",\"name\":\"Sudoesteacontece\",\"url\":\"https:\/\/sudoesteacontece.com.br\/\",\"logo\":{\"@type\":\"ImageObject\",\"inLanguage\":\"pt-BR\",\"@id\":\"https:\/\/sudoesteacontece.com.br\/#\/schema\/logo\/image\/\",\"url\":\"https:\/\/sudoesteacontece.com.br\/wp-content\/uploads\/2025\/12\/cropped-logo-2-180x180-1.png\",\"contentUrl\":\"https:\/\/sudoesteacontece.com.br\/wp-content\/uploads\/2025\/12\/cropped-logo-2-180x180-1.png\",\"width\":180,\"height\":180,\"caption\":\"Sudoesteacontece\"},\"image\":{\"@id\":\"https:\/\/sudoesteacontece.com.br\/#\/schema\/logo\/image\/\"},\"sameAs\":[\"https:\/\/www.facebook.com\/sudoesteacontece\/?locale=pt_BR\"]},{\"@type\":\"Person\",\"@id\":\"https:\/\/sudoesteacontece.com.br\/#\/schema\/person\/a4f22429c1d0923ef8f7d43343f8dc38\",\"name\":\"Reda\u00e7\u00e3o\",\"image\":{\"@type\":\"ImageObject\",\"inLanguage\":\"pt-BR\",\"@id\":\"https:\/\/sudoesteacontece.com.br\/#\/schema\/person\/image\/\",\"url\":\"https:\/\/secure.gravatar.com\/avatar\/c3a5b3c93f268a709c25a2df414c629a96fb3b1b4bf97a94fb3f72e54ae76903?s=96&d=mm&r=g\",\"contentUrl\":\"https:\/\/secure.gravatar.com\/avatar\/c3a5b3c93f268a709c25a2df414c629a96fb3b1b4bf97a94fb3f72e54ae76903?s=96&d=mm&r=g\",\"caption\":\"Reda\u00e7\u00e3o\"},\"url\":\"https:\/\/sudoesteacontece.com.br\/?author=4\"}]}<\/script>\n<!-- \/ Yoast SEO plugin. -->","yoast_head_json":{"title":"Cury dispara e chega a 11% na corrida presidencial - Sudoesteacontece","robots":{"index":"index","follow":"follow","max-snippet":"max-snippet:-1","max-image-preview":"max-image-preview:large","max-video-preview":"max-video-preview:-1"},"canonical":"https:\/\/sudoesteacontece.com.br\/?p=28776","og_locale":"pt_BR","og_type":"article","og_title":"Cury dispara e chega a 11% na corrida presidencial - Sudoesteacontece","og_description":"O escritor e candidato \u00e0 Presid\u00eancia Augusto Cury (Avante) alcan\u00e7ou 11% das inten\u00e7\u00f5es de voto no primeiro turno das elei\u00e7\u00f5es de 2026, segundo pesquisa Nexus\/BTG divulgada nesta segunda-feira (31). Com alta de nove pontos percentuais em rela\u00e7\u00e3o ao levantamento anterior, ele assumiu a terceira coloca\u00e7\u00e3o, atr\u00e1s de Luiz In\u00e1cio Lula da Silva (PT) e Fl\u00e1vio Bolsonaro (PL). Ap\u00f3s o primeiro debate entre os candidatos, realizado em 22 de agosto, Cury tamb\u00e9m registrou crescimento nas redes sociais. Segundo levantamento da Vox Radar, o escritor teve aumento de 19,4% no n\u00famero de seguidores no Instagram, passando de aproximadamente 8,3 milh\u00f5es para 9,9 milh\u00f5es. Al\u00e9m disso, as buscas pelo nome de Augusto Cury no Google cresceram significativamente na semana seguinte ao debate. O volume de pesquisas aumentou 900% no per\u00edodo, enquanto o \u00edndice de buscas atingiu 100 pontos em 26 de agosto, de acordo com os dados apresentados. Desde o in\u00edcio de agosto, a trajet\u00f3ria do candidato nas pesquisas Nexus registra avan\u00e7o. No levantamento divulgado em 3 de agosto, Cury tinha 1% das inten\u00e7\u00f5es de voto. Na rodada publicada em 24 de agosto, o percentual passou para 2%. Agora, com 11%, o candidato ultrapassou nomes que anteriormente apareciam \u00e0 frente na disputa pela terceira posi\u00e7\u00e3o. Entre eles est\u00e1 Ronaldo Caiado (PSD), que atualmente registra 5% das inten\u00e7\u00f5es de voto no primeiro turno, segundo o levantamento mais recente.","og_url":"https:\/\/sudoesteacontece.com.br\/?p=28776","og_site_name":"Sudoesteacontece","article_publisher":"https:\/\/www.facebook.com\/sudoesteacontece\/?locale=pt_BR","article_published_time":"2026-08-31T20:49:55+00:00","article_modified_time":"2026-08-31T20:50:01+00:00","og_image":[{"width":900,"height":600,"url":"https:\/\/sudoesteacontece.com.br\/wp-content\/uploads\/2026\/08\/Cury-dispara-e-chega-a-11-na-corrida-presidencial.jpg","type":"image\/jpeg"}],"author":"Reda\u00e7\u00e3o","twitter_card":"summary_large_image","twitter_misc":{"Escrito por":"Reda\u00e7\u00e3o","Est. tempo de leitura":"2 minutos"},"schema":{"@context":"https:\/\/schema.org","@graph":[{"@type":"Article","@id":"https:\/\/sudoesteacontece.com.br\/?p=28776#article","isPartOf":{"@id":"https:\/\/sudoesteacontece.com.br\/?p=28776"},"author":{"name":"Reda\u00e7\u00e3o","@id":"https:\/\/sudoesteacontece.com.br\/#\/schema\/person\/a4f22429c1d0923ef8f7d43343f8dc38"},"headline":"Cury dispara e chega a 11% na corrida presidencial","datePublished":"2026-08-31T20:49:55+00:00","dateModified":"2026-08-31T20:50:01+00:00","mainEntityOfPage":{"@id":"https:\/\/sudoesteacontece.com.br\/?p=28776"},"wordCount":237,"commentCount":0,"publisher":{"@id":"https:\/\/sudoesteacontece.com.br\/#organization"},"image":{"@id":"https:\/\/sudoesteacontece.com.br\/?p=28776#primaryimage"},"thumbnailUrl":"http:\/\/sudoesteacontece.com.br\/wp-content\/uploads\/2026\/08\/Cury-dispara-e-chega-a-11-na-corrida-presidencial.jpg","articleSection":["Brasil","Elei\u00e7\u00f5es 2026","Pol\u00edtica"],"inLanguage":"pt-BR","potentialAction":[{"@type":"CommentAction","name":"Comment","target":["https:\/\/sudoesteacontece.com.br\/?p=28776#respond"]}]},{"@type":"WebPage","@id":"https:\/\/sudoesteacontece.com.br\/?p=28776","url":"https:\/\/sudoesteacontece.com.br\/?p=28776","name":"Cury dispara e chega a 11% na corrida presidencial - Sudoesteacontece","isPartOf":{"@id":"https:\/\/sudoesteacontece.com.br\/#website"},"primaryImageOfPage":{"@id":"https:\/\/sudoesteacontece.com.br\/?p=28776#primaryimage"},"image":{"@id":"https:\/\/sudoesteacontece.com.br\/?p=28776#primaryimage"},"thumbnailUrl":"http:\/\/sudoesteacontece.com.br\/wp-content\/uploads\/2026\/08\/Cury-dispara-e-chega-a-11-na-corrida-presidencial.jpg","datePublished":"2026-08-31T20:49:55+00:00","dateModified":"2026-08-31T20:50:01+00:00","breadcrumb":{"@id":"https:\/\/sudoesteacontece.com.br\/?p=28776#breadcrumb"},"inLanguage":"pt-BR","potentialAction":[{"@type":"ReadAction","target":["https:\/\/sudoesteacontece.com.br\/?p=28776"]}]},{"@type":"ImageObject","inLanguage":"pt-BR","@id":"https:\/\/sudoesteacontece.com.br\/?p=28776#primaryimage","url":"https:\/\/sudoesteacontece.com.br\/wp-content\/uploads\/2026\/08\/Cury-dispara-e-chega-a-11-na-corrida-presidencial.jpg","contentUrl":"https:\/\/sudoesteacontece.com.br\/wp-content\/uploads\/2026\/08\/Cury-dispara-e-chega-a-11-na-corrida-presidencial.jpg","width":900,"height":600},{"@type":"BreadcrumbList","@id":"https:\/\/sudoesteacontece.com.br\/?p=28776#breadcrumb","itemListElement":[{"@type":"ListItem","position":1,"name":"In\u00edcio","item":"https:\/\/sudoesteacontece.com.br\/"},{"@type":"ListItem","position":2,"name":"Cury dispara e chega a 11% na corrida presidencial"}]},{"@type":"WebSite","@id":"https:\/\/sudoesteacontece.com.br\/#website","url":"https:\/\/sudoesteacontece.com.br\/","name":"Sudoesteacontece","description":"","publisher":{"@id":"https:\/\/sudoesteacontece.com.br\/#organization"},"potentialAction":[{"@type":"SearchAction","target":{"@type":"EntryPoint","urlTemplate":"https:\/\/sudoesteacontece.com.br\/?s={search_term_string}"},"query-input":{"@type":"PropertyValueSpecification","valueRequired":true,"valueName":"search_term_string"}}],"inLanguage":"pt-BR"},{"@type":"Organization","@id":"https:\/\/sudoesteacontece.com.br\/#organization","name":"Sudoesteacontece","url":"https:\/\/sudoesteacontece.com.br\/","logo":{"@type":"ImageObject","inLanguage":"pt-BR","@id":"https:\/\/sudoesteacontece.com.br\/#\/schema\/logo\/image\/","url":"https:\/\/sudoesteacontece.com.br\/wp-content\/uploads\/2025\/12\/cropped-logo-2-180x180-1.png","contentUrl":"https:\/\/sudoesteacontece.com.br\/wp-content\/uploads\/2025\/12\/cropped-logo-2-180x180-1.png","width":180,"height":180,"caption":"Sudoesteacontece"},"image":{"@id":"https:\/\/sudoesteacontece.com.br\/#\/schema\/logo\/image\/"},"sameAs":["https:\/\/www.facebook.com\/sudoesteacontece\/?locale=pt_BR"]},{"@type":"Person","@id":"https:\/\/sudoesteacontece.com.br\/#\/schema\/person\/a4f22429c1d0923ef8f7d43343f8dc38","name":"Reda\u00e7\u00e3o","image":{"@type":"ImageObject","inLanguage":"pt-BR","@id":"https:\/\/sudoesteacontece.com.br\/#\/schema\/person\/image\/","url":"https:\/\/secure.gravatar.com\/avatar\/c3a5b3c93f268a709c25a2df414c629a96fb3b1b4bf97a94fb3f72e54ae76903?s=96&d=mm&r=g","contentUrl":"https:\/\/secure.gravatar.com\/avatar\/c3a5b3c93f268a709c25a2df414c629a96fb3b1b4bf97a94fb3f72e54ae76903?s=96&d=mm&r=g","caption":"Reda\u00e7\u00e3o"},"url":"https:\/\/sudoesteacontece.com.br\/?author=4"}]}},"_links":{"self":[{"href":"https:\/\/sudoesteacontece.com.br\/index.php?rest_route=\/wp\/v2\/posts\/28776","targetHints":{"allow":["GET"]}}],"collection":[{"href":"https:\/\/sudoesteacontece.com.br\/index.php?rest_route=\/wp\/v2\/posts"}],"about":[{"href":"https:\/\/sudoesteacontece.com.br\/index.php?rest_route=\/wp\/v2\/types\/post"}],"author":[{"embeddable":true,"href":"https:\/\/sudoesteacontece.com.br\/index.php?rest_route=\/wp\/v2\/users\/4"}],"replies":[{"embeddable":true,"href":"https:\/\/sudoesteacontece.com.br\/index.php?rest_route=%2Fwp%2Fv2%2Fcomments&post=28776"}],"version-history":[{"count":1,"href":"https:\/\/sudoesteacontece.com.br\/index.php?rest_route=\/wp\/v2\/posts\/28776\/revisions"}],"predecessor-version":[{"id":28818,"href":"https:\/\/sudoesteacontece.com.br\/index.php?rest_route=\/wp\/v2\/posts\/28776\/revisions\/28818"}],"wp:attachment":[{"href":"https:\/\/sudoesteacontece.com.br\/index.php?rest_route=%2Fwp%2Fv2%2Fmedia&parent=28776"}],"wp:term":[{"taxonomy":"category","embeddable":true,"href":"https:\/\/sudoesteacontece.com.br\/index.php?rest_route=%2Fwp%2Fv2%2Fcategories&post=28776"},{"taxonomy":"post_tag","embeddable":true,"href":"https:\/\/sudoesteacontece.com.br\/index.php?rest_route=%2Fwp%2Fv2%2Ftags&post=28776"}],"curies":[{"name":"wp","href":"https:\/\/api.w.org\/{rel}","templated":true}]}}