{"id":28777,"date":"2026-08-31T18:00:00","date_gmt":"2026-08-31T21:00:00","guid":{"rendered":"https:\/\/sudoesteacontece.com.br\/?p=28777"},"modified":"2026-08-31T18:20:04","modified_gmt":"2026-08-31T21:20:04","slug":"homem-morre-apos-passar-mal-dentro-de-onibus-em-vitoria-da-conquista","status":"publish","type":"post","link":"https:\/\/sudoesteacontece.com.br\/?p=28777","title":{"rendered":"Homem morre ap\u00f3s passar mal dentro de \u00f4nibus em Vit\u00f3ria da Conquista"},"content":{"rendered":"\n<figure class=\"wp-block-image size-full\"><img fetchpriority=\"high\" decoding=\"async\" width=\"900\" height=\"600\" src=\"http:\/\/sudoesteacontece.com.br\/wp-content\/uploads\/2026\/08\/Homem-morre-apos-passar-mal-dentro-de-onibus-em-Vitoria-da-Conquista.jpg\" alt=\"\" class=\"wp-image-28792\" srcset=\"https:\/\/sudoesteacontece.com.br\/wp-content\/uploads\/2026\/08\/Homem-morre-apos-passar-mal-dentro-de-onibus-em-Vitoria-da-Conquista.jpg 900w, https:\/\/sudoesteacontece.com.br\/wp-content\/uploads\/2026\/08\/Homem-morre-apos-passar-mal-dentro-de-onibus-em-Vitoria-da-Conquista-300x200.jpg 300w, https:\/\/sudoesteacontece.com.br\/wp-content\/uploads\/2026\/08\/Homem-morre-apos-passar-mal-dentro-de-onibus-em-Vitoria-da-Conquista-768x512.jpg 768w\" sizes=\"(max-width: 900px) 100vw, 900px\" \/><\/figure>\n\n\n\n<p class=\"wp-block-paragraph\">Um homem morreu ap\u00f3s passar mal dentro de um \u00f4nibus na manh\u00e3 desta segunda-feira (31), na Avenida Ol\u00edvia Flores, em Vit\u00f3ria da Conquista, no sudoeste da Bahia. A ocorr\u00eancia chamou a aten\u00e7\u00e3o de passageiros e de pessoas que transitavam pela via. Conforme relatos de passageiros, a v\u00edtima seria moradora da regi\u00e3o da Santa Marta.<\/p>\n\n\n\n<p class=\"wp-block-paragraph\">Durante a ocorr\u00eancia, equipes foram acionadas e realizaram os procedimentos necess\u00e1rios no local. O caso aconteceu em uma das avenidas de maior movimenta\u00e7\u00e3o da cidade, o que atraiu a aten\u00e7\u00e3o de quem passava pela regi\u00e3o durante a manh\u00e3.<\/p>\n\n\n\n<p class=\"wp-block-paragraph\">Segundo testemunhas, o homem apresentou um mal-estar enquanto estava dentro do coletivo. Apesar do atendimento mobilizado ap\u00f3s a ocorr\u00eancia, ele morreu. As circunst\u00e2ncias exatas do epis\u00f3dio ainda n\u00e3o foram esclarecidas pelas autoridades.<\/p>\n\n\n\n<p class=\"wp-block-paragraph\">At\u00e9 o momento, a identidade da v\u00edtima n\u00e3o havia sido divulgada oficialmente. Tamb\u00e9m n\u00e3o havia confirma\u00e7\u00e3o sobre eventual doen\u00e7a ou outra condi\u00e7\u00e3o que pudesse ter provocado o mal-estar e, posteriormente, a morte.<\/p>\n\n\n\n<p class=\"wp-block-paragraph\">As circunst\u00e2ncias do caso dever\u00e3o ser esclarecidas pelas autoridades respons\u00e1veis. Informa\u00e7\u00f5es oficiais sobre a causa da morte e a identifica\u00e7\u00e3o do homem ainda n\u00e3o haviam sido divulgadas at\u00e9 a \u00faltima atualiza\u00e7\u00e3o.<\/p>\n","protected":false},"excerpt":{"rendered":"<p>Um homem morreu ap\u00f3s passar mal dentro de um \u00f4nibus na manh\u00e3 desta segunda-feira (31), na Avenida Ol\u00edvia Flores, em Vit\u00f3ria da Conquista, no sudoeste da Bahia. A ocorr\u00eancia chamou a aten\u00e7\u00e3o de passageiros e de pessoas que transitavam pela via. Conforme relatos de passageiros, a v\u00edtima seria moradora da regi\u00e3o da Santa Marta. Durante a ocorr\u00eancia, equipes foram acionadas e realizaram os procedimentos necess\u00e1rios no local. O caso aconteceu em uma das avenidas de maior movimenta\u00e7\u00e3o da cidade, o que atraiu a aten\u00e7\u00e3o de quem passava pela regi\u00e3o durante a manh\u00e3. Segundo testemunhas, o homem apresentou um mal-estar enquanto estava dentro do coletivo. Apesar do atendimento mobilizado ap\u00f3s a ocorr\u00eancia, ele morreu. As circunst\u00e2ncias exatas do epis\u00f3dio ainda n\u00e3o foram esclarecidas pelas autoridades. At\u00e9 o momento, a identidade da v\u00edtima n\u00e3o havia sido divulgada oficialmente. Tamb\u00e9m n\u00e3o havia confirma\u00e7\u00e3o sobre eventual doen\u00e7a ou outra condi\u00e7\u00e3o que pudesse ter provocado o mal-estar e, posteriormente, a morte. As circunst\u00e2ncias do caso dever\u00e3o ser esclarecidas pelas autoridades respons\u00e1veis. Informa\u00e7\u00f5es oficiais sobre a causa da morte e a identifica\u00e7\u00e3o do homem ainda n\u00e3o haviam sido divulgadas at\u00e9 a \u00faltima atualiza\u00e7\u00e3o.<\/p>\n","protected":false},"author":4,"featured_media":28792,"comment_status":"open","ping_status":"open","sticky":false,"template":"","format":"standard","meta":{"footnotes":""},"categories":[5,4],"tags":[],"class_list":["post-28777","post","type-post","status-publish","format-standard","has-post-thumbnail","hentry","category-acidente","category-cidades"],"yoast_head":"<!-- This site is optimized with the Yoast SEO plugin v26.5 - https:\/\/yoast.com\/wordpress\/plugins\/seo\/ -->\n<title>Homem morre ap\u00f3s passar mal dentro de \u00f4nibus em Vit\u00f3ria da Conquista - Sudoesteacontece<\/title>\n<meta name=\"robots\" content=\"index, follow, max-snippet:-1, max-image-preview:large, max-video-preview:-1\" \/>\n<link rel=\"canonical\" href=\"https:\/\/sudoesteacontece.com.br\/?p=28777\" \/>\n<meta property=\"og:locale\" content=\"pt_BR\" \/>\n<meta property=\"og:type\" content=\"article\" \/>\n<meta property=\"og:title\" content=\"Homem morre ap\u00f3s passar mal dentro de \u00f4nibus em Vit\u00f3ria da Conquista - Sudoesteacontece\" \/>\n<meta property=\"og:description\" content=\"Um homem morreu ap\u00f3s passar mal dentro de um \u00f4nibus na manh\u00e3 desta segunda-feira (31), na Avenida Ol\u00edvia Flores, em Vit\u00f3ria da Conquista, no sudoeste da Bahia. A ocorr\u00eancia chamou a aten\u00e7\u00e3o de passageiros e de pessoas que transitavam pela via. Conforme relatos de passageiros, a v\u00edtima seria moradora da regi\u00e3o da Santa Marta. Durante a ocorr\u00eancia, equipes foram acionadas e realizaram os procedimentos necess\u00e1rios no local. O caso aconteceu em uma das avenidas de maior movimenta\u00e7\u00e3o da cidade, o que atraiu a aten\u00e7\u00e3o de quem passava pela regi\u00e3o durante a manh\u00e3. Segundo testemunhas, o homem apresentou um mal-estar enquanto estava dentro do coletivo. Apesar do atendimento mobilizado ap\u00f3s a ocorr\u00eancia, ele morreu. As circunst\u00e2ncias exatas do epis\u00f3dio ainda n\u00e3o foram esclarecidas pelas autoridades. At\u00e9 o momento, a identidade da v\u00edtima n\u00e3o havia sido divulgada oficialmente. Tamb\u00e9m n\u00e3o havia confirma\u00e7\u00e3o sobre eventual doen\u00e7a ou outra condi\u00e7\u00e3o que pudesse ter provocado o mal-estar e, posteriormente, a morte. As circunst\u00e2ncias do caso dever\u00e3o ser esclarecidas pelas autoridades respons\u00e1veis. Informa\u00e7\u00f5es oficiais sobre a causa da morte e a identifica\u00e7\u00e3o do homem ainda n\u00e3o haviam sido divulgadas at\u00e9 a \u00faltima atualiza\u00e7\u00e3o.\" \/>\n<meta property=\"og:url\" content=\"https:\/\/sudoesteacontece.com.br\/?p=28777\" \/>\n<meta property=\"og:site_name\" content=\"Sudoesteacontece\" \/>\n<meta property=\"article:publisher\" content=\"https:\/\/www.facebook.com\/sudoesteacontece\/?locale=pt_BR\" \/>\n<meta property=\"article:published_time\" content=\"2026-08-31T21:00:00+00:00\" \/>\n<meta property=\"article:modified_time\" content=\"2026-08-31T21:20:04+00:00\" \/>\n<meta property=\"og:image\" content=\"http:\/\/sudoesteacontece.com.br\/wp-content\/uploads\/2026\/08\/Homem-morre-apos-passar-mal-dentro-de-onibus-em-Vitoria-da-Conquista.jpg\" \/>\n\t<meta property=\"og:image:width\" content=\"900\" \/>\n\t<meta property=\"og:image:height\" content=\"600\" \/>\n\t<meta property=\"og:image:type\" content=\"image\/jpeg\" \/>\n<meta name=\"author\" content=\"Reda\u00e7\u00e3o\" \/>\n<meta name=\"twitter:card\" content=\"summary_large_image\" \/>\n<meta name=\"twitter:label1\" content=\"Escrito por\" \/>\n\t<meta name=\"twitter:data1\" content=\"Reda\u00e7\u00e3o\" \/>\n\t<meta name=\"twitter:label2\" content=\"Est. tempo de leitura\" \/>\n\t<meta name=\"twitter:data2\" content=\"2 minutos\" \/>\n<script type=\"application\/ld+json\" class=\"yoast-schema-graph\">{\"@context\":\"https:\/\/schema.org\",\"@graph\":[{\"@type\":\"Article\",\"@id\":\"https:\/\/sudoesteacontece.com.br\/?p=28777#article\",\"isPartOf\":{\"@id\":\"https:\/\/sudoesteacontece.com.br\/?p=28777\"},\"author\":{\"name\":\"Reda\u00e7\u00e3o\",\"@id\":\"https:\/\/sudoesteacontece.com.br\/#\/schema\/person\/a4f22429c1d0923ef8f7d43343f8dc38\"},\"headline\":\"Homem morre ap\u00f3s passar mal dentro de \u00f4nibus em Vit\u00f3ria da Conquista\",\"datePublished\":\"2026-08-31T21:00:00+00:00\",\"dateModified\":\"2026-08-31T21:20:04+00:00\",\"mainEntityOfPage\":{\"@id\":\"https:\/\/sudoesteacontece.com.br\/?p=28777\"},\"wordCount\":231,\"commentCount\":0,\"publisher\":{\"@id\":\"https:\/\/sudoesteacontece.com.br\/#organization\"},\"image\":{\"@id\":\"https:\/\/sudoesteacontece.com.br\/?p=28777#primaryimage\"},\"thumbnailUrl\":\"https:\/\/sudoesteacontece.com.br\/wp-content\/uploads\/2026\/08\/Homem-morre-apos-passar-mal-dentro-de-onibus-em-Vitoria-da-Conquista.jpg\",\"articleSection\":[\"Acidente\",\"Cidades\"],\"inLanguage\":\"pt-BR\",\"potentialAction\":[{\"@type\":\"CommentAction\",\"name\":\"Comment\",\"target\":[\"https:\/\/sudoesteacontece.com.br\/?p=28777#respond\"]}]},{\"@type\":\"WebPage\",\"@id\":\"https:\/\/sudoesteacontece.com.br\/?p=28777\",\"url\":\"https:\/\/sudoesteacontece.com.br\/?p=28777\",\"name\":\"Homem morre ap\u00f3s passar mal dentro de \u00f4nibus em Vit\u00f3ria da Conquista - Sudoesteacontece\",\"isPartOf\":{\"@id\":\"https:\/\/sudoesteacontece.com.br\/#website\"},\"primaryImageOfPage\":{\"@id\":\"https:\/\/sudoesteacontece.com.br\/?p=28777#primaryimage\"},\"image\":{\"@id\":\"https:\/\/sudoesteacontece.com.br\/?p=28777#primaryimage\"},\"thumbnailUrl\":\"https:\/\/sudoesteacontece.com.br\/wp-content\/uploads\/2026\/08\/Homem-morre-apos-passar-mal-dentro-de-onibus-em-Vitoria-da-Conquista.jpg\",\"datePublished\":\"2026-08-31T21:00:00+00:00\",\"dateModified\":\"2026-08-31T21:20:04+00:00\",\"breadcrumb\":{\"@id\":\"https:\/\/sudoesteacontece.com.br\/?p=28777#breadcrumb\"},\"inLanguage\":\"pt-BR\",\"potentialAction\":[{\"@type\":\"ReadAction\",\"target\":[\"https:\/\/sudoesteacontece.com.br\/?p=28777\"]}]},{\"@type\":\"ImageObject\",\"inLanguage\":\"pt-BR\",\"@id\":\"https:\/\/sudoesteacontece.com.br\/?p=28777#primaryimage\",\"url\":\"https:\/\/sudoesteacontece.com.br\/wp-content\/uploads\/2026\/08\/Homem-morre-apos-passar-mal-dentro-de-onibus-em-Vitoria-da-Conquista.jpg\",\"contentUrl\":\"https:\/\/sudoesteacontece.com.br\/wp-content\/uploads\/2026\/08\/Homem-morre-apos-passar-mal-dentro-de-onibus-em-Vitoria-da-Conquista.jpg\",\"width\":900,\"height\":600},{\"@type\":\"BreadcrumbList\",\"@id\":\"https:\/\/sudoesteacontece.com.br\/?p=28777#breadcrumb\",\"itemListElement\":[{\"@type\":\"ListItem\",\"position\":1,\"name\":\"In\u00edcio\",\"item\":\"https:\/\/sudoesteacontece.com.br\/\"},{\"@type\":\"ListItem\",\"position\":2,\"name\":\"Homem morre ap\u00f3s passar mal dentro de \u00f4nibus em Vit\u00f3ria da Conquista\"}]},{\"@type\":\"WebSite\",\"@id\":\"https:\/\/sudoesteacontece.com.br\/#website\",\"url\":\"https:\/\/sudoesteacontece.com.br\/\",\"name\":\"Sudoesteacontece\",\"description\":\"\",\"publisher\":{\"@id\":\"https:\/\/sudoesteacontece.com.br\/#organization\"},\"potentialAction\":[{\"@type\":\"SearchAction\",\"target\":{\"@type\":\"EntryPoint\",\"urlTemplate\":\"https:\/\/sudoesteacontece.com.br\/?s={search_term_string}\"},\"query-input\":{\"@type\":\"PropertyValueSpecification\",\"valueRequired\":true,\"valueName\":\"search_term_string\"}}],\"inLanguage\":\"pt-BR\"},{\"@type\":\"Organization\",\"@id\":\"https:\/\/sudoesteacontece.com.br\/#organization\",\"name\":\"Sudoesteacontece\",\"url\":\"https:\/\/sudoesteacontece.com.br\/\",\"logo\":{\"@type\":\"ImageObject\",\"inLanguage\":\"pt-BR\",\"@id\":\"https:\/\/sudoesteacontece.com.br\/#\/schema\/logo\/image\/\",\"url\":\"https:\/\/sudoesteacontece.com.br\/wp-content\/uploads\/2025\/12\/cropped-logo-2-180x180-1.png\",\"contentUrl\":\"https:\/\/sudoesteacontece.com.br\/wp-content\/uploads\/2025\/12\/cropped-logo-2-180x180-1.png\",\"width\":180,\"height\":180,\"caption\":\"Sudoesteacontece\"},\"image\":{\"@id\":\"https:\/\/sudoesteacontece.com.br\/#\/schema\/logo\/image\/\"},\"sameAs\":[\"https:\/\/www.facebook.com\/sudoesteacontece\/?locale=pt_BR\"]},{\"@type\":\"Person\",\"@id\":\"https:\/\/sudoesteacontece.com.br\/#\/schema\/person\/a4f22429c1d0923ef8f7d43343f8dc38\",\"name\":\"Reda\u00e7\u00e3o\",\"image\":{\"@type\":\"ImageObject\",\"inLanguage\":\"pt-BR\",\"@id\":\"https:\/\/sudoesteacontece.com.br\/#\/schema\/person\/image\/\",\"url\":\"https:\/\/secure.gravatar.com\/avatar\/c3a5b3c93f268a709c25a2df414c629a96fb3b1b4bf97a94fb3f72e54ae76903?s=96&d=mm&r=g\",\"contentUrl\":\"https:\/\/secure.gravatar.com\/avatar\/c3a5b3c93f268a709c25a2df414c629a96fb3b1b4bf97a94fb3f72e54ae76903?s=96&d=mm&r=g\",\"caption\":\"Reda\u00e7\u00e3o\"},\"url\":\"https:\/\/sudoesteacontece.com.br\/?author=4\"}]}<\/script>\n<!-- \/ Yoast SEO plugin. -->","yoast_head_json":{"title":"Homem morre ap\u00f3s passar mal dentro de \u00f4nibus em Vit\u00f3ria da Conquista - Sudoesteacontece","robots":{"index":"index","follow":"follow","max-snippet":"max-snippet:-1","max-image-preview":"max-image-preview:large","max-video-preview":"max-video-preview:-1"},"canonical":"https:\/\/sudoesteacontece.com.br\/?p=28777","og_locale":"pt_BR","og_type":"article","og_title":"Homem morre ap\u00f3s passar mal dentro de \u00f4nibus em Vit\u00f3ria da Conquista - Sudoesteacontece","og_description":"Um homem morreu ap\u00f3s passar mal dentro de um \u00f4nibus na manh\u00e3 desta segunda-feira (31), na Avenida Ol\u00edvia Flores, em Vit\u00f3ria da Conquista, no sudoeste da Bahia. A ocorr\u00eancia chamou a aten\u00e7\u00e3o de passageiros e de pessoas que transitavam pela via. Conforme relatos de passageiros, a v\u00edtima seria moradora da regi\u00e3o da Santa Marta. Durante a ocorr\u00eancia, equipes foram acionadas e realizaram os procedimentos necess\u00e1rios no local. O caso aconteceu em uma das avenidas de maior movimenta\u00e7\u00e3o da cidade, o que atraiu a aten\u00e7\u00e3o de quem passava pela regi\u00e3o durante a manh\u00e3. Segundo testemunhas, o homem apresentou um mal-estar enquanto estava dentro do coletivo. Apesar do atendimento mobilizado ap\u00f3s a ocorr\u00eancia, ele morreu. As circunst\u00e2ncias exatas do epis\u00f3dio ainda n\u00e3o foram esclarecidas pelas autoridades. At\u00e9 o momento, a identidade da v\u00edtima n\u00e3o havia sido divulgada oficialmente. Tamb\u00e9m n\u00e3o havia confirma\u00e7\u00e3o sobre eventual doen\u00e7a ou outra condi\u00e7\u00e3o que pudesse ter provocado o mal-estar e, posteriormente, a morte. As circunst\u00e2ncias do caso dever\u00e3o ser esclarecidas pelas autoridades respons\u00e1veis. Informa\u00e7\u00f5es oficiais sobre a causa da morte e a identifica\u00e7\u00e3o do homem ainda n\u00e3o haviam sido divulgadas at\u00e9 a \u00faltima atualiza\u00e7\u00e3o.","og_url":"https:\/\/sudoesteacontece.com.br\/?p=28777","og_site_name":"Sudoesteacontece","article_publisher":"https:\/\/www.facebook.com\/sudoesteacontece\/?locale=pt_BR","article_published_time":"2026-08-31T21:00:00+00:00","article_modified_time":"2026-08-31T21:20:04+00:00","og_image":[{"width":900,"height":600,"url":"http:\/\/sudoesteacontece.com.br\/wp-content\/uploads\/2026\/08\/Homem-morre-apos-passar-mal-dentro-de-onibus-em-Vitoria-da-Conquista.jpg","type":"image\/jpeg"}],"author":"Reda\u00e7\u00e3o","twitter_card":"summary_large_image","twitter_misc":{"Escrito por":"Reda\u00e7\u00e3o","Est. tempo de leitura":"2 minutos"},"schema":{"@context":"https:\/\/schema.org","@graph":[{"@type":"Article","@id":"https:\/\/sudoesteacontece.com.br\/?p=28777#article","isPartOf":{"@id":"https:\/\/sudoesteacontece.com.br\/?p=28777"},"author":{"name":"Reda\u00e7\u00e3o","@id":"https:\/\/sudoesteacontece.com.br\/#\/schema\/person\/a4f22429c1d0923ef8f7d43343f8dc38"},"headline":"Homem morre ap\u00f3s passar mal dentro de \u00f4nibus em Vit\u00f3ria da Conquista","datePublished":"2026-08-31T21:00:00+00:00","dateModified":"2026-08-31T21:20:04+00:00","mainEntityOfPage":{"@id":"https:\/\/sudoesteacontece.com.br\/?p=28777"},"wordCount":231,"commentCount":0,"publisher":{"@id":"https:\/\/sudoesteacontece.com.br\/#organization"},"image":{"@id":"https:\/\/sudoesteacontece.com.br\/?p=28777#primaryimage"},"thumbnailUrl":"https:\/\/sudoesteacontece.com.br\/wp-content\/uploads\/2026\/08\/Homem-morre-apos-passar-mal-dentro-de-onibus-em-Vitoria-da-Conquista.jpg","articleSection":["Acidente","Cidades"],"inLanguage":"pt-BR","potentialAction":[{"@type":"CommentAction","name":"Comment","target":["https:\/\/sudoesteacontece.com.br\/?p=28777#respond"]}]},{"@type":"WebPage","@id":"https:\/\/sudoesteacontece.com.br\/?p=28777","url":"https:\/\/sudoesteacontece.com.br\/?p=28777","name":"Homem morre ap\u00f3s passar mal dentro de \u00f4nibus em Vit\u00f3ria da Conquista - Sudoesteacontece","isPartOf":{"@id":"https:\/\/sudoesteacontece.com.br\/#website"},"primaryImageOfPage":{"@id":"https:\/\/sudoesteacontece.com.br\/?p=28777#primaryimage"},"image":{"@id":"https:\/\/sudoesteacontece.com.br\/?p=28777#primaryimage"},"thumbnailUrl":"https:\/\/sudoesteacontece.com.br\/wp-content\/uploads\/2026\/08\/Homem-morre-apos-passar-mal-dentro-de-onibus-em-Vitoria-da-Conquista.jpg","datePublished":"2026-08-31T21:00:00+00:00","dateModified":"2026-08-31T21:20:04+00:00","breadcrumb":{"@id":"https:\/\/sudoesteacontece.com.br\/?p=28777#breadcrumb"},"inLanguage":"pt-BR","potentialAction":[{"@type":"ReadAction","target":["https:\/\/sudoesteacontece.com.br\/?p=28777"]}]},{"@type":"ImageObject","inLanguage":"pt-BR","@id":"https:\/\/sudoesteacontece.com.br\/?p=28777#primaryimage","url":"https:\/\/sudoesteacontece.com.br\/wp-content\/uploads\/2026\/08\/Homem-morre-apos-passar-mal-dentro-de-onibus-em-Vitoria-da-Conquista.jpg","contentUrl":"https:\/\/sudoesteacontece.com.br\/wp-content\/uploads\/2026\/08\/Homem-morre-apos-passar-mal-dentro-de-onibus-em-Vitoria-da-Conquista.jpg","width":900,"height":600},{"@type":"BreadcrumbList","@id":"https:\/\/sudoesteacontece.com.br\/?p=28777#breadcrumb","itemListElement":[{"@type":"ListItem","position":1,"name":"In\u00edcio","item":"https:\/\/sudoesteacontece.com.br\/"},{"@type":"ListItem","position":2,"name":"Homem morre ap\u00f3s passar mal dentro de \u00f4nibus em Vit\u00f3ria da Conquista"}]},{"@type":"WebSite","@id":"https:\/\/sudoesteacontece.com.br\/#website","url":"https:\/\/sudoesteacontece.com.br\/","name":"Sudoesteacontece","description":"","publisher":{"@id":"https:\/\/sudoesteacontece.com.br\/#organization"},"potentialAction":[{"@type":"SearchAction","target":{"@type":"EntryPoint","urlTemplate":"https:\/\/sudoesteacontece.com.br\/?s={search_term_string}"},"query-input":{"@type":"PropertyValueSpecification","valueRequired":true,"valueName":"search_term_string"}}],"inLanguage":"pt-BR"},{"@type":"Organization","@id":"https:\/\/sudoesteacontece.com.br\/#organization","name":"Sudoesteacontece","url":"https:\/\/sudoesteacontece.com.br\/","logo":{"@type":"ImageObject","inLanguage":"pt-BR","@id":"https:\/\/sudoesteacontece.com.br\/#\/schema\/logo\/image\/","url":"https:\/\/sudoesteacontece.com.br\/wp-content\/uploads\/2025\/12\/cropped-logo-2-180x180-1.png","contentUrl":"https:\/\/sudoesteacontece.com.br\/wp-content\/uploads\/2025\/12\/cropped-logo-2-180x180-1.png","width":180,"height":180,"caption":"Sudoesteacontece"},"image":{"@id":"https:\/\/sudoesteacontece.com.br\/#\/schema\/logo\/image\/"},"sameAs":["https:\/\/www.facebook.com\/sudoesteacontece\/?locale=pt_BR"]},{"@type":"Person","@id":"https:\/\/sudoesteacontece.com.br\/#\/schema\/person\/a4f22429c1d0923ef8f7d43343f8dc38","name":"Reda\u00e7\u00e3o","image":{"@type":"ImageObject","inLanguage":"pt-BR","@id":"https:\/\/sudoesteacontece.com.br\/#\/schema\/person\/image\/","url":"https:\/\/secure.gravatar.com\/avatar\/c3a5b3c93f268a709c25a2df414c629a96fb3b1b4bf97a94fb3f72e54ae76903?s=96&d=mm&r=g","contentUrl":"https:\/\/secure.gravatar.com\/avatar\/c3a5b3c93f268a709c25a2df414c629a96fb3b1b4bf97a94fb3f72e54ae76903?s=96&d=mm&r=g","caption":"Reda\u00e7\u00e3o"},"url":"https:\/\/sudoesteacontece.com.br\/?author=4"}]}},"_links":{"self":[{"href":"https:\/\/sudoesteacontece.com.br\/index.php?rest_route=\/wp\/v2\/posts\/28777","targetHints":{"allow":["GET"]}}],"collection":[{"href":"https:\/\/sudoesteacontece.com.br\/index.php?rest_route=\/wp\/v2\/posts"}],"about":[{"href":"https:\/\/sudoesteacontece.com.br\/index.php?rest_route=\/wp\/v2\/types\/post"}],"author":[{"embeddable":true,"href":"https:\/\/sudoesteacontece.com.br\/index.php?rest_route=\/wp\/v2\/users\/4"}],"replies":[{"embeddable":true,"href":"https:\/\/sudoesteacontece.com.br\/index.php?rest_route=%2Fwp%2Fv2%2Fcomments&post=28777"}],"version-history":[{"count":1,"href":"https:\/\/sudoesteacontece.com.br\/index.php?rest_route=\/wp\/v2\/posts\/28777\/revisions"}],"predecessor-version":[{"id":28797,"href":"https:\/\/sudoesteacontece.com.br\/index.php?rest_route=\/wp\/v2\/posts\/28777\/revisions\/28797"}],"wp:featuredmedia":[{"embeddable":true,"href":"https:\/\/sudoesteacontece.com.br\/index.php?rest_route=\/wp\/v2\/media\/28792"}],"wp:attachment":[{"href":"https:\/\/sudoesteacontece.com.br\/index.php?rest_route=%2Fwp%2Fv2%2Fmedia&parent=28777"}],"wp:term":[{"taxonomy":"category","embeddable":true,"href":"https:\/\/sudoesteacontece.com.br\/index.php?rest_route=%2Fwp%2Fv2%2Fcategories&post=28777"},{"taxonomy":"post_tag","embeddable":true,"href":"https:\/\/sudoesteacontece.com.br\/index.php?rest_route=%2Fwp%2Fv2%2Ftags&post=28777"}],"curies":[{"name":"wp","href":"https:\/\/api.w.org\/{rel}","templated":true}]}}