{"id":28779,"date":"2026-08-31T17:54:45","date_gmt":"2026-08-31T20:54:45","guid":{"rendered":"https:\/\/sudoesteacontece.com.br\/?p=28779"},"modified":"2026-08-31T17:54:51","modified_gmt":"2026-08-31T20:54:51","slug":"morre-a-segunda-vitima-apos-explosao-destruir-tres-casas-na-bahia","status":"publish","type":"post","link":"https:\/\/sudoesteacontece.com.br\/?p=28779","title":{"rendered":"Morre a segunda v\u00edtima ap\u00f3s explos\u00e3o destruir tr\u00eas casas na Bahia"},"content":{"rendered":"\n<figure class=\"wp-block-image size-full\"><img fetchpriority=\"high\" decoding=\"async\" width=\"900\" height=\"600\" src=\"http:\/\/sudoesteacontece.com.br\/wp-content\/uploads\/2026\/08\/Morre-a-segunda-vitima-apos-explosao-destruir-tres-casas-na-Bahia.jpg\" alt=\"\" class=\"wp-image-28820\" srcset=\"https:\/\/sudoesteacontece.com.br\/wp-content\/uploads\/2026\/08\/Morre-a-segunda-vitima-apos-explosao-destruir-tres-casas-na-Bahia.jpg 900w, https:\/\/sudoesteacontece.com.br\/wp-content\/uploads\/2026\/08\/Morre-a-segunda-vitima-apos-explosao-destruir-tres-casas-na-Bahia-300x200.jpg 300w, https:\/\/sudoesteacontece.com.br\/wp-content\/uploads\/2026\/08\/Morre-a-segunda-vitima-apos-explosao-destruir-tres-casas-na-Bahia-768x512.jpg 768w\" sizes=\"(max-width: 900px) 100vw, 900px\" \/><\/figure>\n\n\n\n<p class=\"wp-block-paragraph\">Morreu na madrugada deste domingo (30) Thalita Santos Andrade, de 14 anos, segunda v\u00edtima da explos\u00e3o que destruiu tr\u00eas casas na localidade do Casco, em Santo Ant\u00f4nio de Jesus, no Rec\u00f4ncavo Baiano. O acidente ocorreu em 19 de agosto. A adolescente estava internada no Hospital Geral do Estado (HGE), em Salvador, para onde havia sido transferida ap\u00f3s o incidente.<\/p>\n\n\n\n<p class=\"wp-block-paragraph\">Segundo as informa\u00e7\u00f5es divulgadas sobre o caso, Thalita foi levada para Salvador junto com a m\u00e3e, Diana Guimar\u00e3es, de 42 anos. A mulher n\u00e3o resistiu aos ferimentos provocados pela explos\u00e3o e morreu na \u00faltima ter\u00e7a-feira (25). Com a morte da adolescente, duas das v\u00edtimas que estavam internadas ap\u00f3s a ocorr\u00eancia n\u00e3o sobreviveram.<\/p>\n\n\n\n<p class=\"wp-block-paragraph\">Durante o per\u00edodo de tratamento, Thalita completou 14 anos no hospital, em 24 de agosto. Familiares e amigos organizaram campanhas para arrecadar sangue e recursos destinados ao tratamento da adolescente. A mobiliza\u00e7\u00e3o tamb\u00e9m contou com o apoio de moradores de Santo Ant\u00f4nio de Jesus e de munic\u00edpios da regi\u00e3o.<\/p>\n\n\n\n<p class=\"wp-block-paragraph\">Al\u00e9m de Thalita e da m\u00e3e, uma terceira v\u00edtima, uma crian\u00e7a, tamb\u00e9m foi socorrida ap\u00f3s a explos\u00e3o. Ela permaneceu internada no Hospital Regional de Santo Ant\u00f4nio de Jesus. At\u00e9 o momento, n\u00e3o foram divulgadas informa\u00e7\u00f5es sobre o estado de sa\u00fade da crian\u00e7a ou sobre eventual alta m\u00e9dica.<\/p>\n\n\n\n<p class=\"wp-block-paragraph\">Ap\u00f3s a confirma\u00e7\u00e3o da morte de Thalita, familiares e amigos voltaram a manifestar solidariedade \u00e0 fam\u00edlia. A explos\u00e3o atingiu tr\u00eas im\u00f3veis na localidade do Casco e provocou uma mobiliza\u00e7\u00e3o das equipes de atendimento e da comunidade.<\/p>\n\n\n\n<p class=\"wp-block-paragraph\">At\u00e9 a \u00faltima atualiza\u00e7\u00e3o, n\u00e3o havia informa\u00e7\u00f5es sobre o hor\u00e1rio e o local do vel\u00f3rio e do sepultamento da adolescente. As circunst\u00e2ncias relacionadas \u00e0 explos\u00e3o e aos danos provocados pelo acidente n\u00e3o foram detalhadas nas informa\u00e7\u00f5es divulgadas sobre o caso.<\/p>\n","protected":false},"excerpt":{"rendered":"<p>Morreu na madrugada deste domingo (30) Thalita Santos Andrade, de 14 anos, segunda v\u00edtima da explos\u00e3o que destruiu tr\u00eas casas na localidade do Casco, em Santo Ant\u00f4nio de Jesus, no Rec\u00f4ncavo Baiano. O acidente ocorreu em 19 de agosto. A adolescente estava internada no Hospital Geral do Estado (HGE), em Salvador, para onde havia sido transferida ap\u00f3s o incidente. Segundo as informa\u00e7\u00f5es divulgadas sobre o caso, Thalita foi levada para Salvador junto com a m\u00e3e, Diana Guimar\u00e3es, de 42 anos. A mulher n\u00e3o resistiu aos ferimentos provocados pela explos\u00e3o e morreu na \u00faltima ter\u00e7a-feira (25). Com a morte da adolescente, duas das v\u00edtimas que estavam internadas ap\u00f3s a ocorr\u00eancia n\u00e3o sobreviveram. Durante o per\u00edodo de tratamento, Thalita completou 14 anos no hospital, em 24 de agosto. Familiares e amigos organizaram campanhas para arrecadar sangue e recursos destinados ao tratamento da adolescente. A mobiliza\u00e7\u00e3o tamb\u00e9m contou com o apoio de moradores de Santo Ant\u00f4nio de Jesus e de munic\u00edpios da regi\u00e3o. Al\u00e9m de Thalita e da m\u00e3e, uma terceira v\u00edtima, uma crian\u00e7a, tamb\u00e9m foi socorrida ap\u00f3s a explos\u00e3o. Ela permaneceu internada no Hospital Regional de Santo Ant\u00f4nio de Jesus. At\u00e9 o momento, n\u00e3o foram divulgadas informa\u00e7\u00f5es sobre o estado de sa\u00fade da crian\u00e7a ou sobre eventual alta m\u00e9dica. Ap\u00f3s a confirma\u00e7\u00e3o da morte de Thalita, familiares e amigos voltaram a manifestar solidariedade \u00e0 fam\u00edlia. A explos\u00e3o atingiu tr\u00eas im\u00f3veis na localidade do Casco e provocou uma mobiliza\u00e7\u00e3o das equipes de atendimento e da comunidade. At\u00e9 a \u00faltima atualiza\u00e7\u00e3o, n\u00e3o havia informa\u00e7\u00f5es sobre o hor\u00e1rio e o local do vel\u00f3rio e do sepultamento da adolescente. As circunst\u00e2ncias relacionadas \u00e0 explos\u00e3o e aos danos provocados pelo acidente n\u00e3o foram detalhadas nas informa\u00e7\u00f5es divulgadas sobre o caso.<\/p>\n","protected":false},"author":4,"featured_media":0,"comment_status":"open","ping_status":"open","sticky":false,"template":"","format":"standard","meta":{"footnotes":""},"categories":[4],"tags":[],"class_list":["post-28779","post","type-post","status-publish","format-standard","hentry","category-cidades"],"yoast_head":"<!-- This site is optimized with the Yoast SEO plugin v26.5 - https:\/\/yoast.com\/wordpress\/plugins\/seo\/ -->\n<title>Morre a segunda v\u00edtima ap\u00f3s explos\u00e3o destruir tr\u00eas casas na Bahia - Sudoesteacontece<\/title>\n<meta name=\"robots\" content=\"index, follow, max-snippet:-1, max-image-preview:large, max-video-preview:-1\" \/>\n<link rel=\"canonical\" href=\"https:\/\/sudoesteacontece.com.br\/?p=28779\" \/>\n<meta property=\"og:locale\" content=\"pt_BR\" \/>\n<meta property=\"og:type\" content=\"article\" \/>\n<meta property=\"og:title\" content=\"Morre a segunda v\u00edtima ap\u00f3s explos\u00e3o destruir tr\u00eas casas na Bahia - Sudoesteacontece\" \/>\n<meta property=\"og:description\" content=\"Morreu na madrugada deste domingo (30) Thalita Santos Andrade, de 14 anos, segunda v\u00edtima da explos\u00e3o que destruiu tr\u00eas casas na localidade do Casco, em Santo Ant\u00f4nio de Jesus, no Rec\u00f4ncavo Baiano. O acidente ocorreu em 19 de agosto. A adolescente estava internada no Hospital Geral do Estado (HGE), em Salvador, para onde havia sido transferida ap\u00f3s o incidente. Segundo as informa\u00e7\u00f5es divulgadas sobre o caso, Thalita foi levada para Salvador junto com a m\u00e3e, Diana Guimar\u00e3es, de 42 anos. A mulher n\u00e3o resistiu aos ferimentos provocados pela explos\u00e3o e morreu na \u00faltima ter\u00e7a-feira (25). Com a morte da adolescente, duas das v\u00edtimas que estavam internadas ap\u00f3s a ocorr\u00eancia n\u00e3o sobreviveram. Durante o per\u00edodo de tratamento, Thalita completou 14 anos no hospital, em 24 de agosto. Familiares e amigos organizaram campanhas para arrecadar sangue e recursos destinados ao tratamento da adolescente. A mobiliza\u00e7\u00e3o tamb\u00e9m contou com o apoio de moradores de Santo Ant\u00f4nio de Jesus e de munic\u00edpios da regi\u00e3o. Al\u00e9m de Thalita e da m\u00e3e, uma terceira v\u00edtima, uma crian\u00e7a, tamb\u00e9m foi socorrida ap\u00f3s a explos\u00e3o. Ela permaneceu internada no Hospital Regional de Santo Ant\u00f4nio de Jesus. At\u00e9 o momento, n\u00e3o foram divulgadas informa\u00e7\u00f5es sobre o estado de sa\u00fade da crian\u00e7a ou sobre eventual alta m\u00e9dica. Ap\u00f3s a confirma\u00e7\u00e3o da morte de Thalita, familiares e amigos voltaram a manifestar solidariedade \u00e0 fam\u00edlia. A explos\u00e3o atingiu tr\u00eas im\u00f3veis na localidade do Casco e provocou uma mobiliza\u00e7\u00e3o das equipes de atendimento e da comunidade. At\u00e9 a \u00faltima atualiza\u00e7\u00e3o, n\u00e3o havia informa\u00e7\u00f5es sobre o hor\u00e1rio e o local do vel\u00f3rio e do sepultamento da adolescente. As circunst\u00e2ncias relacionadas \u00e0 explos\u00e3o e aos danos provocados pelo acidente n\u00e3o foram detalhadas nas informa\u00e7\u00f5es divulgadas sobre o caso.\" \/>\n<meta property=\"og:url\" content=\"https:\/\/sudoesteacontece.com.br\/?p=28779\" \/>\n<meta property=\"og:site_name\" content=\"Sudoesteacontece\" \/>\n<meta property=\"article:publisher\" content=\"https:\/\/www.facebook.com\/sudoesteacontece\/?locale=pt_BR\" \/>\n<meta property=\"article:published_time\" content=\"2026-08-31T20:54:45+00:00\" \/>\n<meta property=\"article:modified_time\" content=\"2026-08-31T20:54:51+00:00\" \/>\n<meta property=\"og:image\" content=\"https:\/\/sudoesteacontece.com.br\/wp-content\/uploads\/2026\/08\/Morre-a-segunda-vitima-apos-explosao-destruir-tres-casas-na-Bahia.jpg\" \/>\n\t<meta property=\"og:image:width\" content=\"900\" \/>\n\t<meta property=\"og:image:height\" content=\"600\" \/>\n\t<meta property=\"og:image:type\" content=\"image\/jpeg\" \/>\n<meta name=\"author\" content=\"Reda\u00e7\u00e3o\" \/>\n<meta name=\"twitter:card\" content=\"summary_large_image\" \/>\n<meta name=\"twitter:label1\" content=\"Escrito por\" \/>\n\t<meta name=\"twitter:data1\" content=\"Reda\u00e7\u00e3o\" \/>\n\t<meta name=\"twitter:label2\" content=\"Est. tempo de leitura\" \/>\n\t<meta name=\"twitter:data2\" content=\"2 minutos\" \/>\n<script type=\"application\/ld+json\" class=\"yoast-schema-graph\">{\"@context\":\"https:\/\/schema.org\",\"@graph\":[{\"@type\":\"Article\",\"@id\":\"https:\/\/sudoesteacontece.com.br\/?p=28779#article\",\"isPartOf\":{\"@id\":\"https:\/\/sudoesteacontece.com.br\/?p=28779\"},\"author\":{\"name\":\"Reda\u00e7\u00e3o\",\"@id\":\"https:\/\/sudoesteacontece.com.br\/#\/schema\/person\/a4f22429c1d0923ef8f7d43343f8dc38\"},\"headline\":\"Morre a segunda v\u00edtima ap\u00f3s explos\u00e3o destruir tr\u00eas casas na Bahia\",\"datePublished\":\"2026-08-31T20:54:45+00:00\",\"dateModified\":\"2026-08-31T20:54:51+00:00\",\"mainEntityOfPage\":{\"@id\":\"https:\/\/sudoesteacontece.com.br\/?p=28779\"},\"wordCount\":340,\"commentCount\":0,\"publisher\":{\"@id\":\"https:\/\/sudoesteacontece.com.br\/#organization\"},\"image\":{\"@id\":\"https:\/\/sudoesteacontece.com.br\/?p=28779#primaryimage\"},\"thumbnailUrl\":\"http:\/\/sudoesteacontece.com.br\/wp-content\/uploads\/2026\/08\/Morre-a-segunda-vitima-apos-explosao-destruir-tres-casas-na-Bahia.jpg\",\"articleSection\":[\"Cidades\"],\"inLanguage\":\"pt-BR\",\"potentialAction\":[{\"@type\":\"CommentAction\",\"name\":\"Comment\",\"target\":[\"https:\/\/sudoesteacontece.com.br\/?p=28779#respond\"]}]},{\"@type\":\"WebPage\",\"@id\":\"https:\/\/sudoesteacontece.com.br\/?p=28779\",\"url\":\"https:\/\/sudoesteacontece.com.br\/?p=28779\",\"name\":\"Morre a segunda v\u00edtima ap\u00f3s explos\u00e3o destruir tr\u00eas casas na Bahia - Sudoesteacontece\",\"isPartOf\":{\"@id\":\"https:\/\/sudoesteacontece.com.br\/#website\"},\"primaryImageOfPage\":{\"@id\":\"https:\/\/sudoesteacontece.com.br\/?p=28779#primaryimage\"},\"image\":{\"@id\":\"https:\/\/sudoesteacontece.com.br\/?p=28779#primaryimage\"},\"thumbnailUrl\":\"http:\/\/sudoesteacontece.com.br\/wp-content\/uploads\/2026\/08\/Morre-a-segunda-vitima-apos-explosao-destruir-tres-casas-na-Bahia.jpg\",\"datePublished\":\"2026-08-31T20:54:45+00:00\",\"dateModified\":\"2026-08-31T20:54:51+00:00\",\"breadcrumb\":{\"@id\":\"https:\/\/sudoesteacontece.com.br\/?p=28779#breadcrumb\"},\"inLanguage\":\"pt-BR\",\"potentialAction\":[{\"@type\":\"ReadAction\",\"target\":[\"https:\/\/sudoesteacontece.com.br\/?p=28779\"]}]},{\"@type\":\"ImageObject\",\"inLanguage\":\"pt-BR\",\"@id\":\"https:\/\/sudoesteacontece.com.br\/?p=28779#primaryimage\",\"url\":\"https:\/\/sudoesteacontece.com.br\/wp-content\/uploads\/2026\/08\/Morre-a-segunda-vitima-apos-explosao-destruir-tres-casas-na-Bahia.jpg\",\"contentUrl\":\"https:\/\/sudoesteacontece.com.br\/wp-content\/uploads\/2026\/08\/Morre-a-segunda-vitima-apos-explosao-destruir-tres-casas-na-Bahia.jpg\",\"width\":900,\"height\":600},{\"@type\":\"BreadcrumbList\",\"@id\":\"https:\/\/sudoesteacontece.com.br\/?p=28779#breadcrumb\",\"itemListElement\":[{\"@type\":\"ListItem\",\"position\":1,\"name\":\"In\u00edcio\",\"item\":\"https:\/\/sudoesteacontece.com.br\/\"},{\"@type\":\"ListItem\",\"position\":2,\"name\":\"Morre a segunda v\u00edtima ap\u00f3s explos\u00e3o destruir tr\u00eas casas na Bahia\"}]},{\"@type\":\"WebSite\",\"@id\":\"https:\/\/sudoesteacontece.com.br\/#website\",\"url\":\"https:\/\/sudoesteacontece.com.br\/\",\"name\":\"Sudoesteacontece\",\"description\":\"\",\"publisher\":{\"@id\":\"https:\/\/sudoesteacontece.com.br\/#organization\"},\"potentialAction\":[{\"@type\":\"SearchAction\",\"target\":{\"@type\":\"EntryPoint\",\"urlTemplate\":\"https:\/\/sudoesteacontece.com.br\/?s={search_term_string}\"},\"query-input\":{\"@type\":\"PropertyValueSpecification\",\"valueRequired\":true,\"valueName\":\"search_term_string\"}}],\"inLanguage\":\"pt-BR\"},{\"@type\":\"Organization\",\"@id\":\"https:\/\/sudoesteacontece.com.br\/#organization\",\"name\":\"Sudoesteacontece\",\"url\":\"https:\/\/sudoesteacontece.com.br\/\",\"logo\":{\"@type\":\"ImageObject\",\"inLanguage\":\"pt-BR\",\"@id\":\"https:\/\/sudoesteacontece.com.br\/#\/schema\/logo\/image\/\",\"url\":\"https:\/\/sudoesteacontece.com.br\/wp-content\/uploads\/2025\/12\/cropped-logo-2-180x180-1.png\",\"contentUrl\":\"https:\/\/sudoesteacontece.com.br\/wp-content\/uploads\/2025\/12\/cropped-logo-2-180x180-1.png\",\"width\":180,\"height\":180,\"caption\":\"Sudoesteacontece\"},\"image\":{\"@id\":\"https:\/\/sudoesteacontece.com.br\/#\/schema\/logo\/image\/\"},\"sameAs\":[\"https:\/\/www.facebook.com\/sudoesteacontece\/?locale=pt_BR\"]},{\"@type\":\"Person\",\"@id\":\"https:\/\/sudoesteacontece.com.br\/#\/schema\/person\/a4f22429c1d0923ef8f7d43343f8dc38\",\"name\":\"Reda\u00e7\u00e3o\",\"image\":{\"@type\":\"ImageObject\",\"inLanguage\":\"pt-BR\",\"@id\":\"https:\/\/sudoesteacontece.com.br\/#\/schema\/person\/image\/\",\"url\":\"https:\/\/secure.gravatar.com\/avatar\/c3a5b3c93f268a709c25a2df414c629a96fb3b1b4bf97a94fb3f72e54ae76903?s=96&d=mm&r=g\",\"contentUrl\":\"https:\/\/secure.gravatar.com\/avatar\/c3a5b3c93f268a709c25a2df414c629a96fb3b1b4bf97a94fb3f72e54ae76903?s=96&d=mm&r=g\",\"caption\":\"Reda\u00e7\u00e3o\"},\"url\":\"https:\/\/sudoesteacontece.com.br\/?author=4\"}]}<\/script>\n<!-- \/ Yoast SEO plugin. -->","yoast_head_json":{"title":"Morre a segunda v\u00edtima ap\u00f3s explos\u00e3o destruir tr\u00eas casas na Bahia - Sudoesteacontece","robots":{"index":"index","follow":"follow","max-snippet":"max-snippet:-1","max-image-preview":"max-image-preview:large","max-video-preview":"max-video-preview:-1"},"canonical":"https:\/\/sudoesteacontece.com.br\/?p=28779","og_locale":"pt_BR","og_type":"article","og_title":"Morre a segunda v\u00edtima ap\u00f3s explos\u00e3o destruir tr\u00eas casas na Bahia - Sudoesteacontece","og_description":"Morreu na madrugada deste domingo (30) Thalita Santos Andrade, de 14 anos, segunda v\u00edtima da explos\u00e3o que destruiu tr\u00eas casas na localidade do Casco, em Santo Ant\u00f4nio de Jesus, no Rec\u00f4ncavo Baiano. O acidente ocorreu em 19 de agosto. A adolescente estava internada no Hospital Geral do Estado (HGE), em Salvador, para onde havia sido transferida ap\u00f3s o incidente. Segundo as informa\u00e7\u00f5es divulgadas sobre o caso, Thalita foi levada para Salvador junto com a m\u00e3e, Diana Guimar\u00e3es, de 42 anos. A mulher n\u00e3o resistiu aos ferimentos provocados pela explos\u00e3o e morreu na \u00faltima ter\u00e7a-feira (25). Com a morte da adolescente, duas das v\u00edtimas que estavam internadas ap\u00f3s a ocorr\u00eancia n\u00e3o sobreviveram. Durante o per\u00edodo de tratamento, Thalita completou 14 anos no hospital, em 24 de agosto. Familiares e amigos organizaram campanhas para arrecadar sangue e recursos destinados ao tratamento da adolescente. A mobiliza\u00e7\u00e3o tamb\u00e9m contou com o apoio de moradores de Santo Ant\u00f4nio de Jesus e de munic\u00edpios da regi\u00e3o. Al\u00e9m de Thalita e da m\u00e3e, uma terceira v\u00edtima, uma crian\u00e7a, tamb\u00e9m foi socorrida ap\u00f3s a explos\u00e3o. Ela permaneceu internada no Hospital Regional de Santo Ant\u00f4nio de Jesus. At\u00e9 o momento, n\u00e3o foram divulgadas informa\u00e7\u00f5es sobre o estado de sa\u00fade da crian\u00e7a ou sobre eventual alta m\u00e9dica. Ap\u00f3s a confirma\u00e7\u00e3o da morte de Thalita, familiares e amigos voltaram a manifestar solidariedade \u00e0 fam\u00edlia. A explos\u00e3o atingiu tr\u00eas im\u00f3veis na localidade do Casco e provocou uma mobiliza\u00e7\u00e3o das equipes de atendimento e da comunidade. At\u00e9 a \u00faltima atualiza\u00e7\u00e3o, n\u00e3o havia informa\u00e7\u00f5es sobre o hor\u00e1rio e o local do vel\u00f3rio e do sepultamento da adolescente. As circunst\u00e2ncias relacionadas \u00e0 explos\u00e3o e aos danos provocados pelo acidente n\u00e3o foram detalhadas nas informa\u00e7\u00f5es divulgadas sobre o caso.","og_url":"https:\/\/sudoesteacontece.com.br\/?p=28779","og_site_name":"Sudoesteacontece","article_publisher":"https:\/\/www.facebook.com\/sudoesteacontece\/?locale=pt_BR","article_published_time":"2026-08-31T20:54:45+00:00","article_modified_time":"2026-08-31T20:54:51+00:00","og_image":[{"width":900,"height":600,"url":"https:\/\/sudoesteacontece.com.br\/wp-content\/uploads\/2026\/08\/Morre-a-segunda-vitima-apos-explosao-destruir-tres-casas-na-Bahia.jpg","type":"image\/jpeg"}],"author":"Reda\u00e7\u00e3o","twitter_card":"summary_large_image","twitter_misc":{"Escrito por":"Reda\u00e7\u00e3o","Est. tempo de leitura":"2 minutos"},"schema":{"@context":"https:\/\/schema.org","@graph":[{"@type":"Article","@id":"https:\/\/sudoesteacontece.com.br\/?p=28779#article","isPartOf":{"@id":"https:\/\/sudoesteacontece.com.br\/?p=28779"},"author":{"name":"Reda\u00e7\u00e3o","@id":"https:\/\/sudoesteacontece.com.br\/#\/schema\/person\/a4f22429c1d0923ef8f7d43343f8dc38"},"headline":"Morre a segunda v\u00edtima ap\u00f3s explos\u00e3o destruir tr\u00eas casas na Bahia","datePublished":"2026-08-31T20:54:45+00:00","dateModified":"2026-08-31T20:54:51+00:00","mainEntityOfPage":{"@id":"https:\/\/sudoesteacontece.com.br\/?p=28779"},"wordCount":340,"commentCount":0,"publisher":{"@id":"https:\/\/sudoesteacontece.com.br\/#organization"},"image":{"@id":"https:\/\/sudoesteacontece.com.br\/?p=28779#primaryimage"},"thumbnailUrl":"http:\/\/sudoesteacontece.com.br\/wp-content\/uploads\/2026\/08\/Morre-a-segunda-vitima-apos-explosao-destruir-tres-casas-na-Bahia.jpg","articleSection":["Cidades"],"inLanguage":"pt-BR","potentialAction":[{"@type":"CommentAction","name":"Comment","target":["https:\/\/sudoesteacontece.com.br\/?p=28779#respond"]}]},{"@type":"WebPage","@id":"https:\/\/sudoesteacontece.com.br\/?p=28779","url":"https:\/\/sudoesteacontece.com.br\/?p=28779","name":"Morre a segunda v\u00edtima ap\u00f3s explos\u00e3o destruir tr\u00eas casas na Bahia - Sudoesteacontece","isPartOf":{"@id":"https:\/\/sudoesteacontece.com.br\/#website"},"primaryImageOfPage":{"@id":"https:\/\/sudoesteacontece.com.br\/?p=28779#primaryimage"},"image":{"@id":"https:\/\/sudoesteacontece.com.br\/?p=28779#primaryimage"},"thumbnailUrl":"http:\/\/sudoesteacontece.com.br\/wp-content\/uploads\/2026\/08\/Morre-a-segunda-vitima-apos-explosao-destruir-tres-casas-na-Bahia.jpg","datePublished":"2026-08-31T20:54:45+00:00","dateModified":"2026-08-31T20:54:51+00:00","breadcrumb":{"@id":"https:\/\/sudoesteacontece.com.br\/?p=28779#breadcrumb"},"inLanguage":"pt-BR","potentialAction":[{"@type":"ReadAction","target":["https:\/\/sudoesteacontece.com.br\/?p=28779"]}]},{"@type":"ImageObject","inLanguage":"pt-BR","@id":"https:\/\/sudoesteacontece.com.br\/?p=28779#primaryimage","url":"https:\/\/sudoesteacontece.com.br\/wp-content\/uploads\/2026\/08\/Morre-a-segunda-vitima-apos-explosao-destruir-tres-casas-na-Bahia.jpg","contentUrl":"https:\/\/sudoesteacontece.com.br\/wp-content\/uploads\/2026\/08\/Morre-a-segunda-vitima-apos-explosao-destruir-tres-casas-na-Bahia.jpg","width":900,"height":600},{"@type":"BreadcrumbList","@id":"https:\/\/sudoesteacontece.com.br\/?p=28779#breadcrumb","itemListElement":[{"@type":"ListItem","position":1,"name":"In\u00edcio","item":"https:\/\/sudoesteacontece.com.br\/"},{"@type":"ListItem","position":2,"name":"Morre a segunda v\u00edtima ap\u00f3s explos\u00e3o destruir tr\u00eas casas na Bahia"}]},{"@type":"WebSite","@id":"https:\/\/sudoesteacontece.com.br\/#website","url":"https:\/\/sudoesteacontece.com.br\/","name":"Sudoesteacontece","description":"","publisher":{"@id":"https:\/\/sudoesteacontece.com.br\/#organization"},"potentialAction":[{"@type":"SearchAction","target":{"@type":"EntryPoint","urlTemplate":"https:\/\/sudoesteacontece.com.br\/?s={search_term_string}"},"query-input":{"@type":"PropertyValueSpecification","valueRequired":true,"valueName":"search_term_string"}}],"inLanguage":"pt-BR"},{"@type":"Organization","@id":"https:\/\/sudoesteacontece.com.br\/#organization","name":"Sudoesteacontece","url":"https:\/\/sudoesteacontece.com.br\/","logo":{"@type":"ImageObject","inLanguage":"pt-BR","@id":"https:\/\/sudoesteacontece.com.br\/#\/schema\/logo\/image\/","url":"https:\/\/sudoesteacontece.com.br\/wp-content\/uploads\/2025\/12\/cropped-logo-2-180x180-1.png","contentUrl":"https:\/\/sudoesteacontece.com.br\/wp-content\/uploads\/2025\/12\/cropped-logo-2-180x180-1.png","width":180,"height":180,"caption":"Sudoesteacontece"},"image":{"@id":"https:\/\/sudoesteacontece.com.br\/#\/schema\/logo\/image\/"},"sameAs":["https:\/\/www.facebook.com\/sudoesteacontece\/?locale=pt_BR"]},{"@type":"Person","@id":"https:\/\/sudoesteacontece.com.br\/#\/schema\/person\/a4f22429c1d0923ef8f7d43343f8dc38","name":"Reda\u00e7\u00e3o","image":{"@type":"ImageObject","inLanguage":"pt-BR","@id":"https:\/\/sudoesteacontece.com.br\/#\/schema\/person\/image\/","url":"https:\/\/secure.gravatar.com\/avatar\/c3a5b3c93f268a709c25a2df414c629a96fb3b1b4bf97a94fb3f72e54ae76903?s=96&d=mm&r=g","contentUrl":"https:\/\/secure.gravatar.com\/avatar\/c3a5b3c93f268a709c25a2df414c629a96fb3b1b4bf97a94fb3f72e54ae76903?s=96&d=mm&r=g","caption":"Reda\u00e7\u00e3o"},"url":"https:\/\/sudoesteacontece.com.br\/?author=4"}]}},"_links":{"self":[{"href":"https:\/\/sudoesteacontece.com.br\/index.php?rest_route=\/wp\/v2\/posts\/28779","targetHints":{"allow":["GET"]}}],"collection":[{"href":"https:\/\/sudoesteacontece.com.br\/index.php?rest_route=\/wp\/v2\/posts"}],"about":[{"href":"https:\/\/sudoesteacontece.com.br\/index.php?rest_route=\/wp\/v2\/types\/post"}],"author":[{"embeddable":true,"href":"https:\/\/sudoesteacontece.com.br\/index.php?rest_route=\/wp\/v2\/users\/4"}],"replies":[{"embeddable":true,"href":"https:\/\/sudoesteacontece.com.br\/index.php?rest_route=%2Fwp%2Fv2%2Fcomments&post=28779"}],"version-history":[{"count":1,"href":"https:\/\/sudoesteacontece.com.br\/index.php?rest_route=\/wp\/v2\/posts\/28779\/revisions"}],"predecessor-version":[{"id":28827,"href":"https:\/\/sudoesteacontece.com.br\/index.php?rest_route=\/wp\/v2\/posts\/28779\/revisions\/28827"}],"wp:attachment":[{"href":"https:\/\/sudoesteacontece.com.br\/index.php?rest_route=%2Fwp%2Fv2%2Fmedia&parent=28779"}],"wp:term":[{"taxonomy":"category","embeddable":true,"href":"https:\/\/sudoesteacontece.com.br\/index.php?rest_route=%2Fwp%2Fv2%2Fcategories&post=28779"},{"taxonomy":"post_tag","embeddable":true,"href":"https:\/\/sudoesteacontece.com.br\/index.php?rest_route=%2Fwp%2Fv2%2Ftags&post=28779"}],"curies":[{"name":"wp","href":"https:\/\/api.w.org\/{rel}","templated":true}]}}