{"id":28780,"date":"2026-08-31T17:54:57","date_gmt":"2026-08-31T20:54:57","guid":{"rendered":"https:\/\/sudoesteacontece.com.br\/?p=28780"},"modified":"2026-08-31T17:55:02","modified_gmt":"2026-08-31T20:55:02","slug":"carreta-da-cultura-fica-cinco-dias-em-vitoria-da-conquista-em-acao-do-tre","status":"publish","type":"post","link":"https:\/\/sudoesteacontece.com.br\/?p=28780","title":{"rendered":"Carreta da Cultura fica cinco dias em Vit\u00f3ria da Conquista em a\u00e7\u00e3o do TRE"},"content":{"rendered":"\n<figure class=\"wp-block-image size-full\"><img fetchpriority=\"high\" decoding=\"async\" width=\"900\" height=\"600\" src=\"http:\/\/sudoesteacontece.com.br\/wp-content\/uploads\/2026\/08\/Carreta-da-Cultura-fica-cinco-dias-em-Vitoria-da-Conquista-em-acao-do-TRE.jpg\" alt=\"\" class=\"wp-image-28821\" srcset=\"https:\/\/sudoesteacontece.com.br\/wp-content\/uploads\/2026\/08\/Carreta-da-Cultura-fica-cinco-dias-em-Vitoria-da-Conquista-em-acao-do-TRE.jpg 900w, https:\/\/sudoesteacontece.com.br\/wp-content\/uploads\/2026\/08\/Carreta-da-Cultura-fica-cinco-dias-em-Vitoria-da-Conquista-em-acao-do-TRE-300x200.jpg 300w, https:\/\/sudoesteacontece.com.br\/wp-content\/uploads\/2026\/08\/Carreta-da-Cultura-fica-cinco-dias-em-Vitoria-da-Conquista-em-acao-do-TRE-768x512.jpg 768w\" sizes=\"(max-width: 900px) 100vw, 900px\" \/><\/figure>\n\n\n\n<p class=\"wp-block-paragraph\">A Carreta da Cultura est\u00e1 estacionada na Pra\u00e7a 9 de Novembro, no Centro de Vit\u00f3ria da Conquista, para uma a\u00e7\u00e3o do Tribunal Regional Eleitoral da Bahia (TRE-BA). O equipamento permanecer\u00e1 no local durante cinco dias, conforme informa\u00e7\u00f5es da Secretaria Municipal de Cultura. A iniciativa ocorre no per\u00edodo de aten\u00e7\u00e3o \u00e0s Elei\u00e7\u00f5es 2026.<\/p>\n\n\n\n<p class=\"wp-block-paragraph\">Com estrutura voltada para apresenta\u00e7\u00f5es art\u00edsticas, o ve\u00edculo possui 30 m\u00b2 de palco, camarim climatizado, sanit\u00e1rio e frigobar. O espa\u00e7o foi projetado para oferecer condi\u00e7\u00f5es adequadas aos artistas durante as atividades realizadas no munic\u00edpio.<\/p>\n\n\n\n<p class=\"wp-block-paragraph\">Al\u00e9m disso, a estrutura conta com recursos de acessibilidade para facilitar o acesso de pessoas com defici\u00eancia. A Carreta da Cultura possui elevador e escada avi\u00f4nica, permitindo a entrada de cadeirantes no espa\u00e7o destinado \u00e0s atividades.<\/p>\n\n\n\n<p class=\"wp-block-paragraph\">Tamb\u00e9m fazem parte da estrutura uma sala t\u00e9cnica para opera\u00e7\u00e3o de som e ilumina\u00e7\u00e3o e um gerador pr\u00f3prio de energia. O equipamento permite o funcionamento da carreta mesmo em localidades que n\u00e3o contam com acesso regular \u00e0 rede el\u00e9trica.<\/p>\n\n\n\n<p class=\"wp-block-paragraph\">Durante a perman\u00eancia em Vit\u00f3ria da Conquista, a estrutura ficar\u00e1 dispon\u00edvel na Pra\u00e7a 9 de Novembro dentro da programa\u00e7\u00e3o relacionada \u00e0 a\u00e7\u00e3o do TRE-BA. A iniciativa ocorre em um momento de prepara\u00e7\u00e3o e mobiliza\u00e7\u00e3o para as Elei\u00e7\u00f5es 2026.<\/p>\n","protected":false},"excerpt":{"rendered":"<p>A Carreta da Cultura est\u00e1 estacionada na Pra\u00e7a 9 de Novembro, no Centro de Vit\u00f3ria da Conquista, para uma a\u00e7\u00e3o do Tribunal Regional Eleitoral da Bahia (TRE-BA). O equipamento permanecer\u00e1 no local durante cinco dias, conforme informa\u00e7\u00f5es da Secretaria Municipal de Cultura. A iniciativa ocorre no per\u00edodo de aten\u00e7\u00e3o \u00e0s Elei\u00e7\u00f5es 2026. Com estrutura voltada para apresenta\u00e7\u00f5es art\u00edsticas, o ve\u00edculo possui 30 m\u00b2 de palco, camarim climatizado, sanit\u00e1rio e frigobar. O espa\u00e7o foi projetado para oferecer condi\u00e7\u00f5es adequadas aos artistas durante as atividades realizadas no munic\u00edpio. Al\u00e9m disso, a estrutura conta com recursos de acessibilidade para facilitar o acesso de pessoas com defici\u00eancia. A Carreta da Cultura possui elevador e escada avi\u00f4nica, permitindo a entrada de cadeirantes no espa\u00e7o destinado \u00e0s atividades. Tamb\u00e9m fazem parte da estrutura uma sala t\u00e9cnica para opera\u00e7\u00e3o de som e ilumina\u00e7\u00e3o e um gerador pr\u00f3prio de energia. O equipamento permite o funcionamento da carreta mesmo em localidades que n\u00e3o contam com acesso regular \u00e0 rede el\u00e9trica. Durante a perman\u00eancia em Vit\u00f3ria da Conquista, a estrutura ficar\u00e1 dispon\u00edvel na Pra\u00e7a 9 de Novembro dentro da programa\u00e7\u00e3o relacionada \u00e0 a\u00e7\u00e3o do TRE-BA. A iniciativa ocorre em um momento de prepara\u00e7\u00e3o e mobiliza\u00e7\u00e3o para as Elei\u00e7\u00f5es 2026.<\/p>\n","protected":false},"author":4,"featured_media":0,"comment_status":"open","ping_status":"open","sticky":false,"template":"","format":"standard","meta":{"footnotes":""},"categories":[4],"tags":[],"class_list":["post-28780","post","type-post","status-publish","format-standard","hentry","category-cidades"],"yoast_head":"<!-- This site is optimized with the Yoast SEO plugin v26.5 - https:\/\/yoast.com\/wordpress\/plugins\/seo\/ -->\n<title>Carreta da Cultura fica cinco dias em Vit\u00f3ria da Conquista em a\u00e7\u00e3o do TRE - Sudoesteacontece<\/title>\n<meta name=\"robots\" content=\"index, follow, max-snippet:-1, max-image-preview:large, max-video-preview:-1\" \/>\n<link rel=\"canonical\" href=\"https:\/\/sudoesteacontece.com.br\/?p=28780\" \/>\n<meta property=\"og:locale\" content=\"pt_BR\" \/>\n<meta property=\"og:type\" content=\"article\" \/>\n<meta property=\"og:title\" content=\"Carreta da Cultura fica cinco dias em Vit\u00f3ria da Conquista em a\u00e7\u00e3o do TRE - Sudoesteacontece\" \/>\n<meta property=\"og:description\" content=\"A Carreta da Cultura est\u00e1 estacionada na Pra\u00e7a 9 de Novembro, no Centro de Vit\u00f3ria da Conquista, para uma a\u00e7\u00e3o do Tribunal Regional Eleitoral da Bahia (TRE-BA). O equipamento permanecer\u00e1 no local durante cinco dias, conforme informa\u00e7\u00f5es da Secretaria Municipal de Cultura. A iniciativa ocorre no per\u00edodo de aten\u00e7\u00e3o \u00e0s Elei\u00e7\u00f5es 2026. Com estrutura voltada para apresenta\u00e7\u00f5es art\u00edsticas, o ve\u00edculo possui 30 m\u00b2 de palco, camarim climatizado, sanit\u00e1rio e frigobar. O espa\u00e7o foi projetado para oferecer condi\u00e7\u00f5es adequadas aos artistas durante as atividades realizadas no munic\u00edpio. Al\u00e9m disso, a estrutura conta com recursos de acessibilidade para facilitar o acesso de pessoas com defici\u00eancia. A Carreta da Cultura possui elevador e escada avi\u00f4nica, permitindo a entrada de cadeirantes no espa\u00e7o destinado \u00e0s atividades. Tamb\u00e9m fazem parte da estrutura uma sala t\u00e9cnica para opera\u00e7\u00e3o de som e ilumina\u00e7\u00e3o e um gerador pr\u00f3prio de energia. O equipamento permite o funcionamento da carreta mesmo em localidades que n\u00e3o contam com acesso regular \u00e0 rede el\u00e9trica. Durante a perman\u00eancia em Vit\u00f3ria da Conquista, a estrutura ficar\u00e1 dispon\u00edvel na Pra\u00e7a 9 de Novembro dentro da programa\u00e7\u00e3o relacionada \u00e0 a\u00e7\u00e3o do TRE-BA. A iniciativa ocorre em um momento de prepara\u00e7\u00e3o e mobiliza\u00e7\u00e3o para as Elei\u00e7\u00f5es 2026.\" \/>\n<meta property=\"og:url\" content=\"https:\/\/sudoesteacontece.com.br\/?p=28780\" \/>\n<meta property=\"og:site_name\" content=\"Sudoesteacontece\" \/>\n<meta property=\"article:publisher\" content=\"https:\/\/www.facebook.com\/sudoesteacontece\/?locale=pt_BR\" \/>\n<meta property=\"article:published_time\" content=\"2026-08-31T20:54:57+00:00\" \/>\n<meta property=\"article:modified_time\" content=\"2026-08-31T20:55:02+00:00\" \/>\n<meta property=\"og:image\" content=\"https:\/\/sudoesteacontece.com.br\/wp-content\/uploads\/2026\/08\/Carreta-da-Cultura-fica-cinco-dias-em-Vitoria-da-Conquista-em-acao-do-TRE.jpg\" \/>\n\t<meta property=\"og:image:width\" content=\"900\" \/>\n\t<meta property=\"og:image:height\" content=\"600\" \/>\n\t<meta property=\"og:image:type\" content=\"image\/jpeg\" \/>\n<meta name=\"author\" content=\"Reda\u00e7\u00e3o\" \/>\n<meta name=\"twitter:card\" content=\"summary_large_image\" \/>\n<meta name=\"twitter:label1\" content=\"Escrito por\" \/>\n\t<meta name=\"twitter:data1\" content=\"Reda\u00e7\u00e3o\" \/>\n\t<meta name=\"twitter:label2\" content=\"Est. tempo de leitura\" \/>\n\t<meta name=\"twitter:data2\" content=\"2 minutos\" \/>\n<script type=\"application\/ld+json\" class=\"yoast-schema-graph\">{\"@context\":\"https:\/\/schema.org\",\"@graph\":[{\"@type\":\"Article\",\"@id\":\"https:\/\/sudoesteacontece.com.br\/?p=28780#article\",\"isPartOf\":{\"@id\":\"https:\/\/sudoesteacontece.com.br\/?p=28780\"},\"author\":{\"name\":\"Reda\u00e7\u00e3o\",\"@id\":\"https:\/\/sudoesteacontece.com.br\/#\/schema\/person\/a4f22429c1d0923ef8f7d43343f8dc38\"},\"headline\":\"Carreta da Cultura fica cinco dias em Vit\u00f3ria da Conquista em a\u00e7\u00e3o do TRE\",\"datePublished\":\"2026-08-31T20:54:57+00:00\",\"dateModified\":\"2026-08-31T20:55:02+00:00\",\"mainEntityOfPage\":{\"@id\":\"https:\/\/sudoesteacontece.com.br\/?p=28780\"},\"wordCount\":242,\"commentCount\":0,\"publisher\":{\"@id\":\"https:\/\/sudoesteacontece.com.br\/#organization\"},\"image\":{\"@id\":\"https:\/\/sudoesteacontece.com.br\/?p=28780#primaryimage\"},\"thumbnailUrl\":\"http:\/\/sudoesteacontece.com.br\/wp-content\/uploads\/2026\/08\/Carreta-da-Cultura-fica-cinco-dias-em-Vitoria-da-Conquista-em-acao-do-TRE.jpg\",\"articleSection\":[\"Cidades\"],\"inLanguage\":\"pt-BR\",\"potentialAction\":[{\"@type\":\"CommentAction\",\"name\":\"Comment\",\"target\":[\"https:\/\/sudoesteacontece.com.br\/?p=28780#respond\"]}]},{\"@type\":\"WebPage\",\"@id\":\"https:\/\/sudoesteacontece.com.br\/?p=28780\",\"url\":\"https:\/\/sudoesteacontece.com.br\/?p=28780\",\"name\":\"Carreta da Cultura fica cinco dias em Vit\u00f3ria da Conquista em a\u00e7\u00e3o do TRE - Sudoesteacontece\",\"isPartOf\":{\"@id\":\"https:\/\/sudoesteacontece.com.br\/#website\"},\"primaryImageOfPage\":{\"@id\":\"https:\/\/sudoesteacontece.com.br\/?p=28780#primaryimage\"},\"image\":{\"@id\":\"https:\/\/sudoesteacontece.com.br\/?p=28780#primaryimage\"},\"thumbnailUrl\":\"http:\/\/sudoesteacontece.com.br\/wp-content\/uploads\/2026\/08\/Carreta-da-Cultura-fica-cinco-dias-em-Vitoria-da-Conquista-em-acao-do-TRE.jpg\",\"datePublished\":\"2026-08-31T20:54:57+00:00\",\"dateModified\":\"2026-08-31T20:55:02+00:00\",\"breadcrumb\":{\"@id\":\"https:\/\/sudoesteacontece.com.br\/?p=28780#breadcrumb\"},\"inLanguage\":\"pt-BR\",\"potentialAction\":[{\"@type\":\"ReadAction\",\"target\":[\"https:\/\/sudoesteacontece.com.br\/?p=28780\"]}]},{\"@type\":\"ImageObject\",\"inLanguage\":\"pt-BR\",\"@id\":\"https:\/\/sudoesteacontece.com.br\/?p=28780#primaryimage\",\"url\":\"https:\/\/sudoesteacontece.com.br\/wp-content\/uploads\/2026\/08\/Carreta-da-Cultura-fica-cinco-dias-em-Vitoria-da-Conquista-em-acao-do-TRE.jpg\",\"contentUrl\":\"https:\/\/sudoesteacontece.com.br\/wp-content\/uploads\/2026\/08\/Carreta-da-Cultura-fica-cinco-dias-em-Vitoria-da-Conquista-em-acao-do-TRE.jpg\",\"width\":900,\"height\":600},{\"@type\":\"BreadcrumbList\",\"@id\":\"https:\/\/sudoesteacontece.com.br\/?p=28780#breadcrumb\",\"itemListElement\":[{\"@type\":\"ListItem\",\"position\":1,\"name\":\"In\u00edcio\",\"item\":\"https:\/\/sudoesteacontece.com.br\/\"},{\"@type\":\"ListItem\",\"position\":2,\"name\":\"Carreta da Cultura fica cinco dias em Vit\u00f3ria da Conquista em a\u00e7\u00e3o do TRE\"}]},{\"@type\":\"WebSite\",\"@id\":\"https:\/\/sudoesteacontece.com.br\/#website\",\"url\":\"https:\/\/sudoesteacontece.com.br\/\",\"name\":\"Sudoesteacontece\",\"description\":\"\",\"publisher\":{\"@id\":\"https:\/\/sudoesteacontece.com.br\/#organization\"},\"potentialAction\":[{\"@type\":\"SearchAction\",\"target\":{\"@type\":\"EntryPoint\",\"urlTemplate\":\"https:\/\/sudoesteacontece.com.br\/?s={search_term_string}\"},\"query-input\":{\"@type\":\"PropertyValueSpecification\",\"valueRequired\":true,\"valueName\":\"search_term_string\"}}],\"inLanguage\":\"pt-BR\"},{\"@type\":\"Organization\",\"@id\":\"https:\/\/sudoesteacontece.com.br\/#organization\",\"name\":\"Sudoesteacontece\",\"url\":\"https:\/\/sudoesteacontece.com.br\/\",\"logo\":{\"@type\":\"ImageObject\",\"inLanguage\":\"pt-BR\",\"@id\":\"https:\/\/sudoesteacontece.com.br\/#\/schema\/logo\/image\/\",\"url\":\"https:\/\/sudoesteacontece.com.br\/wp-content\/uploads\/2025\/12\/cropped-logo-2-180x180-1.png\",\"contentUrl\":\"https:\/\/sudoesteacontece.com.br\/wp-content\/uploads\/2025\/12\/cropped-logo-2-180x180-1.png\",\"width\":180,\"height\":180,\"caption\":\"Sudoesteacontece\"},\"image\":{\"@id\":\"https:\/\/sudoesteacontece.com.br\/#\/schema\/logo\/image\/\"},\"sameAs\":[\"https:\/\/www.facebook.com\/sudoesteacontece\/?locale=pt_BR\"]},{\"@type\":\"Person\",\"@id\":\"https:\/\/sudoesteacontece.com.br\/#\/schema\/person\/a4f22429c1d0923ef8f7d43343f8dc38\",\"name\":\"Reda\u00e7\u00e3o\",\"image\":{\"@type\":\"ImageObject\",\"inLanguage\":\"pt-BR\",\"@id\":\"https:\/\/sudoesteacontece.com.br\/#\/schema\/person\/image\/\",\"url\":\"https:\/\/secure.gravatar.com\/avatar\/c3a5b3c93f268a709c25a2df414c629a96fb3b1b4bf97a94fb3f72e54ae76903?s=96&d=mm&r=g\",\"contentUrl\":\"https:\/\/secure.gravatar.com\/avatar\/c3a5b3c93f268a709c25a2df414c629a96fb3b1b4bf97a94fb3f72e54ae76903?s=96&d=mm&r=g\",\"caption\":\"Reda\u00e7\u00e3o\"},\"url\":\"https:\/\/sudoesteacontece.com.br\/?author=4\"}]}<\/script>\n<!-- \/ Yoast SEO plugin. -->","yoast_head_json":{"title":"Carreta da Cultura fica cinco dias em Vit\u00f3ria da Conquista em a\u00e7\u00e3o do TRE - Sudoesteacontece","robots":{"index":"index","follow":"follow","max-snippet":"max-snippet:-1","max-image-preview":"max-image-preview:large","max-video-preview":"max-video-preview:-1"},"canonical":"https:\/\/sudoesteacontece.com.br\/?p=28780","og_locale":"pt_BR","og_type":"article","og_title":"Carreta da Cultura fica cinco dias em Vit\u00f3ria da Conquista em a\u00e7\u00e3o do TRE - Sudoesteacontece","og_description":"A Carreta da Cultura est\u00e1 estacionada na Pra\u00e7a 9 de Novembro, no Centro de Vit\u00f3ria da Conquista, para uma a\u00e7\u00e3o do Tribunal Regional Eleitoral da Bahia (TRE-BA). O equipamento permanecer\u00e1 no local durante cinco dias, conforme informa\u00e7\u00f5es da Secretaria Municipal de Cultura. A iniciativa ocorre no per\u00edodo de aten\u00e7\u00e3o \u00e0s Elei\u00e7\u00f5es 2026. Com estrutura voltada para apresenta\u00e7\u00f5es art\u00edsticas, o ve\u00edculo possui 30 m\u00b2 de palco, camarim climatizado, sanit\u00e1rio e frigobar. O espa\u00e7o foi projetado para oferecer condi\u00e7\u00f5es adequadas aos artistas durante as atividades realizadas no munic\u00edpio. Al\u00e9m disso, a estrutura conta com recursos de acessibilidade para facilitar o acesso de pessoas com defici\u00eancia. A Carreta da Cultura possui elevador e escada avi\u00f4nica, permitindo a entrada de cadeirantes no espa\u00e7o destinado \u00e0s atividades. Tamb\u00e9m fazem parte da estrutura uma sala t\u00e9cnica para opera\u00e7\u00e3o de som e ilumina\u00e7\u00e3o e um gerador pr\u00f3prio de energia. O equipamento permite o funcionamento da carreta mesmo em localidades que n\u00e3o contam com acesso regular \u00e0 rede el\u00e9trica. Durante a perman\u00eancia em Vit\u00f3ria da Conquista, a estrutura ficar\u00e1 dispon\u00edvel na Pra\u00e7a 9 de Novembro dentro da programa\u00e7\u00e3o relacionada \u00e0 a\u00e7\u00e3o do TRE-BA. A iniciativa ocorre em um momento de prepara\u00e7\u00e3o e mobiliza\u00e7\u00e3o para as Elei\u00e7\u00f5es 2026.","og_url":"https:\/\/sudoesteacontece.com.br\/?p=28780","og_site_name":"Sudoesteacontece","article_publisher":"https:\/\/www.facebook.com\/sudoesteacontece\/?locale=pt_BR","article_published_time":"2026-08-31T20:54:57+00:00","article_modified_time":"2026-08-31T20:55:02+00:00","og_image":[{"width":900,"height":600,"url":"https:\/\/sudoesteacontece.com.br\/wp-content\/uploads\/2026\/08\/Carreta-da-Cultura-fica-cinco-dias-em-Vitoria-da-Conquista-em-acao-do-TRE.jpg","type":"image\/jpeg"}],"author":"Reda\u00e7\u00e3o","twitter_card":"summary_large_image","twitter_misc":{"Escrito por":"Reda\u00e7\u00e3o","Est. tempo de leitura":"2 minutos"},"schema":{"@context":"https:\/\/schema.org","@graph":[{"@type":"Article","@id":"https:\/\/sudoesteacontece.com.br\/?p=28780#article","isPartOf":{"@id":"https:\/\/sudoesteacontece.com.br\/?p=28780"},"author":{"name":"Reda\u00e7\u00e3o","@id":"https:\/\/sudoesteacontece.com.br\/#\/schema\/person\/a4f22429c1d0923ef8f7d43343f8dc38"},"headline":"Carreta da Cultura fica cinco dias em Vit\u00f3ria da Conquista em a\u00e7\u00e3o do TRE","datePublished":"2026-08-31T20:54:57+00:00","dateModified":"2026-08-31T20:55:02+00:00","mainEntityOfPage":{"@id":"https:\/\/sudoesteacontece.com.br\/?p=28780"},"wordCount":242,"commentCount":0,"publisher":{"@id":"https:\/\/sudoesteacontece.com.br\/#organization"},"image":{"@id":"https:\/\/sudoesteacontece.com.br\/?p=28780#primaryimage"},"thumbnailUrl":"http:\/\/sudoesteacontece.com.br\/wp-content\/uploads\/2026\/08\/Carreta-da-Cultura-fica-cinco-dias-em-Vitoria-da-Conquista-em-acao-do-TRE.jpg","articleSection":["Cidades"],"inLanguage":"pt-BR","potentialAction":[{"@type":"CommentAction","name":"Comment","target":["https:\/\/sudoesteacontece.com.br\/?p=28780#respond"]}]},{"@type":"WebPage","@id":"https:\/\/sudoesteacontece.com.br\/?p=28780","url":"https:\/\/sudoesteacontece.com.br\/?p=28780","name":"Carreta da Cultura fica cinco dias em Vit\u00f3ria da Conquista em a\u00e7\u00e3o do TRE - Sudoesteacontece","isPartOf":{"@id":"https:\/\/sudoesteacontece.com.br\/#website"},"primaryImageOfPage":{"@id":"https:\/\/sudoesteacontece.com.br\/?p=28780#primaryimage"},"image":{"@id":"https:\/\/sudoesteacontece.com.br\/?p=28780#primaryimage"},"thumbnailUrl":"http:\/\/sudoesteacontece.com.br\/wp-content\/uploads\/2026\/08\/Carreta-da-Cultura-fica-cinco-dias-em-Vitoria-da-Conquista-em-acao-do-TRE.jpg","datePublished":"2026-08-31T20:54:57+00:00","dateModified":"2026-08-31T20:55:02+00:00","breadcrumb":{"@id":"https:\/\/sudoesteacontece.com.br\/?p=28780#breadcrumb"},"inLanguage":"pt-BR","potentialAction":[{"@type":"ReadAction","target":["https:\/\/sudoesteacontece.com.br\/?p=28780"]}]},{"@type":"ImageObject","inLanguage":"pt-BR","@id":"https:\/\/sudoesteacontece.com.br\/?p=28780#primaryimage","url":"https:\/\/sudoesteacontece.com.br\/wp-content\/uploads\/2026\/08\/Carreta-da-Cultura-fica-cinco-dias-em-Vitoria-da-Conquista-em-acao-do-TRE.jpg","contentUrl":"https:\/\/sudoesteacontece.com.br\/wp-content\/uploads\/2026\/08\/Carreta-da-Cultura-fica-cinco-dias-em-Vitoria-da-Conquista-em-acao-do-TRE.jpg","width":900,"height":600},{"@type":"BreadcrumbList","@id":"https:\/\/sudoesteacontece.com.br\/?p=28780#breadcrumb","itemListElement":[{"@type":"ListItem","position":1,"name":"In\u00edcio","item":"https:\/\/sudoesteacontece.com.br\/"},{"@type":"ListItem","position":2,"name":"Carreta da Cultura fica cinco dias em Vit\u00f3ria da Conquista em a\u00e7\u00e3o do TRE"}]},{"@type":"WebSite","@id":"https:\/\/sudoesteacontece.com.br\/#website","url":"https:\/\/sudoesteacontece.com.br\/","name":"Sudoesteacontece","description":"","publisher":{"@id":"https:\/\/sudoesteacontece.com.br\/#organization"},"potentialAction":[{"@type":"SearchAction","target":{"@type":"EntryPoint","urlTemplate":"https:\/\/sudoesteacontece.com.br\/?s={search_term_string}"},"query-input":{"@type":"PropertyValueSpecification","valueRequired":true,"valueName":"search_term_string"}}],"inLanguage":"pt-BR"},{"@type":"Organization","@id":"https:\/\/sudoesteacontece.com.br\/#organization","name":"Sudoesteacontece","url":"https:\/\/sudoesteacontece.com.br\/","logo":{"@type":"ImageObject","inLanguage":"pt-BR","@id":"https:\/\/sudoesteacontece.com.br\/#\/schema\/logo\/image\/","url":"https:\/\/sudoesteacontece.com.br\/wp-content\/uploads\/2025\/12\/cropped-logo-2-180x180-1.png","contentUrl":"https:\/\/sudoesteacontece.com.br\/wp-content\/uploads\/2025\/12\/cropped-logo-2-180x180-1.png","width":180,"height":180,"caption":"Sudoesteacontece"},"image":{"@id":"https:\/\/sudoesteacontece.com.br\/#\/schema\/logo\/image\/"},"sameAs":["https:\/\/www.facebook.com\/sudoesteacontece\/?locale=pt_BR"]},{"@type":"Person","@id":"https:\/\/sudoesteacontece.com.br\/#\/schema\/person\/a4f22429c1d0923ef8f7d43343f8dc38","name":"Reda\u00e7\u00e3o","image":{"@type":"ImageObject","inLanguage":"pt-BR","@id":"https:\/\/sudoesteacontece.com.br\/#\/schema\/person\/image\/","url":"https:\/\/secure.gravatar.com\/avatar\/c3a5b3c93f268a709c25a2df414c629a96fb3b1b4bf97a94fb3f72e54ae76903?s=96&d=mm&r=g","contentUrl":"https:\/\/secure.gravatar.com\/avatar\/c3a5b3c93f268a709c25a2df414c629a96fb3b1b4bf97a94fb3f72e54ae76903?s=96&d=mm&r=g","caption":"Reda\u00e7\u00e3o"},"url":"https:\/\/sudoesteacontece.com.br\/?author=4"}]}},"_links":{"self":[{"href":"https:\/\/sudoesteacontece.com.br\/index.php?rest_route=\/wp\/v2\/posts\/28780","targetHints":{"allow":["GET"]}}],"collection":[{"href":"https:\/\/sudoesteacontece.com.br\/index.php?rest_route=\/wp\/v2\/posts"}],"about":[{"href":"https:\/\/sudoesteacontece.com.br\/index.php?rest_route=\/wp\/v2\/types\/post"}],"author":[{"embeddable":true,"href":"https:\/\/sudoesteacontece.com.br\/index.php?rest_route=\/wp\/v2\/users\/4"}],"replies":[{"embeddable":true,"href":"https:\/\/sudoesteacontece.com.br\/index.php?rest_route=%2Fwp%2Fv2%2Fcomments&post=28780"}],"version-history":[{"count":1,"href":"https:\/\/sudoesteacontece.com.br\/index.php?rest_route=\/wp\/v2\/posts\/28780\/revisions"}],"predecessor-version":[{"id":28828,"href":"https:\/\/sudoesteacontece.com.br\/index.php?rest_route=\/wp\/v2\/posts\/28780\/revisions\/28828"}],"wp:attachment":[{"href":"https:\/\/sudoesteacontece.com.br\/index.php?rest_route=%2Fwp%2Fv2%2Fmedia&parent=28780"}],"wp:term":[{"taxonomy":"category","embeddable":true,"href":"https:\/\/sudoesteacontece.com.br\/index.php?rest_route=%2Fwp%2Fv2%2Fcategories&post=28780"},{"taxonomy":"post_tag","embeddable":true,"href":"https:\/\/sudoesteacontece.com.br\/index.php?rest_route=%2Fwp%2Fv2%2Ftags&post=28780"}],"curies":[{"name":"wp","href":"https:\/\/api.w.org\/{rel}","templated":true}]}}