{"id":28784,"date":"2026-08-31T17:55:32","date_gmt":"2026-08-31T20:55:32","guid":{"rendered":"https:\/\/sudoesteacontece.com.br\/?p=28784"},"modified":"2026-08-31T17:55:37","modified_gmt":"2026-08-31T20:55:37","slug":"prefeito-de-marau-surpreende-e-declara-apoio-a-jeronimo-diante-dos-filhos-de-coronel","status":"publish","type":"post","link":"https:\/\/sudoesteacontece.com.br\/?p=28784","title":{"rendered":"Prefeito de Mara\u00fa surpreende e declara apoio a Jer\u00f4nimo diante dos filhos de Coronel"},"content":{"rendered":"\n<figure class=\"wp-block-image size-full\"><img fetchpriority=\"high\" decoding=\"async\" width=\"900\" height=\"600\" src=\"http:\/\/sudoesteacontece.com.br\/wp-content\/uploads\/2026\/08\/Prefeito-de-Marau-surpreende-e-declara-apoio-a-Jeronimo-diante-dos-filhos-de-Coronel.jpg\" alt=\"\" class=\"wp-image-28823\" srcset=\"https:\/\/sudoesteacontece.com.br\/wp-content\/uploads\/2026\/08\/Prefeito-de-Marau-surpreende-e-declara-apoio-a-Jeronimo-diante-dos-filhos-de-Coronel.jpg 900w, https:\/\/sudoesteacontece.com.br\/wp-content\/uploads\/2026\/08\/Prefeito-de-Marau-surpreende-e-declara-apoio-a-Jeronimo-diante-dos-filhos-de-Coronel-300x200.jpg 300w, https:\/\/sudoesteacontece.com.br\/wp-content\/uploads\/2026\/08\/Prefeito-de-Marau-surpreende-e-declara-apoio-a-Jeronimo-diante-dos-filhos-de-Coronel-768x512.jpg 768w\" sizes=\"(max-width: 900px) 100vw, 900px\" \/><\/figure>\n\n\n\n<p class=\"wp-block-paragraph\">O prefeito de Mara\u00fa, Dr. Ravan (PSD), declarou neste domingo (30) apoio \u00e0 reelei\u00e7\u00e3o do governador Jer\u00f4nimo Rodrigues (PT) durante um ato pol\u00edtico realizado na sede do munic\u00edpio. A manifesta\u00e7\u00e3o ocorreu na presen\u00e7a dos deputados Diego Coronel (Republicanos) e Angelo Coronel Filho (Republicanos), filhos do senador Angelo Coronel.<\/p>\n\n\n\n<p class=\"wp-block-paragraph\">Durante o evento, Ravan confirmou o alinhamento com Jer\u00f4nimo para a disputa pelo Governo da Bahia. Ao mesmo tempo, o prefeito manteve o apoio \u00e0s candidaturas de Diego Coronel para a C\u00e2mara dos Deputados e de Angelo Coronel Filho para a Assembleia Legislativa da Bahia.<\/p>\n\n\n\n<p class=\"wp-block-paragraph\">Al\u00e9m disso, o gestor municipal reafirmou seu apoio ao senador Angelo Coronel, que integra a chapa majorit\u00e1ria de ACM Neto (Uni\u00e3o). A posi\u00e7\u00e3o anunciada pelo prefeito estabelece diferentes apoios dentro da composi\u00e7\u00e3o pol\u00edtica para as elei\u00e7\u00f5es de 2026.<\/p>\n\n\n\n<p class=\"wp-block-paragraph\">Segundo Ravan, o apoio a Angelo Coronel ocorre em raz\u00e3o da atua\u00e7\u00e3o do senador em defesa dos munic\u00edpios. O prefeito afirmou que Coronel fez hist\u00f3ria como \u201co parlamentar mais municipalista\u201d que j\u00e1 passou pelo Senado Federal.<\/p>\n\n\n\n<p class=\"wp-block-paragraph\">Sobre Jer\u00f4nimo Rodrigues, o prefeito classificou o governador como \u201co melhor governador da hist\u00f3ria da Bahia e da hist\u00f3ria contempor\u00e2nea do munic\u00edpio de Mara\u00fa\u201d. Ravan tamb\u00e9m afirmou que pretende trabalhar para ampliar a vota\u00e7\u00e3o do petista na cidade.<\/p>\n\n\n\n<p class=\"wp-block-paragraph\">Ao final do discurso, o prefeito declarou que pretende contribuir para que Jer\u00f4nimo obtenha, em Mara\u00fa, uma vota\u00e7\u00e3o expressiva na elei\u00e7\u00e3o. O apoio foi anunciado durante a agenda pol\u00edtica que reuniu lideran\u00e7as locais e os dois filhos do senador Angelo Coronel.<\/p>\n","protected":false},"excerpt":{"rendered":"<p>O prefeito de Mara\u00fa, Dr. Ravan (PSD), declarou neste domingo (30) apoio \u00e0 reelei\u00e7\u00e3o do governador Jer\u00f4nimo Rodrigues (PT) durante um ato pol\u00edtico realizado na sede do munic\u00edpio. A manifesta\u00e7\u00e3o ocorreu na presen\u00e7a dos deputados Diego Coronel (Republicanos) e Angelo Coronel Filho (Republicanos), filhos do senador Angelo Coronel. Durante o evento, Ravan confirmou o alinhamento com Jer\u00f4nimo para a disputa pelo Governo da Bahia. Ao mesmo tempo, o prefeito manteve o apoio \u00e0s candidaturas de Diego Coronel para a C\u00e2mara dos Deputados e de Angelo Coronel Filho para a Assembleia Legislativa da Bahia. Al\u00e9m disso, o gestor municipal reafirmou seu apoio ao senador Angelo Coronel, que integra a chapa majorit\u00e1ria de ACM Neto (Uni\u00e3o). A posi\u00e7\u00e3o anunciada pelo prefeito estabelece diferentes apoios dentro da composi\u00e7\u00e3o pol\u00edtica para as elei\u00e7\u00f5es de 2026. Segundo Ravan, o apoio a Angelo Coronel ocorre em raz\u00e3o da atua\u00e7\u00e3o do senador em defesa dos munic\u00edpios. O prefeito afirmou que Coronel fez hist\u00f3ria como \u201co parlamentar mais municipalista\u201d que j\u00e1 passou pelo Senado Federal. Sobre Jer\u00f4nimo Rodrigues, o prefeito classificou o governador como \u201co melhor governador da hist\u00f3ria da Bahia e da hist\u00f3ria contempor\u00e2nea do munic\u00edpio de Mara\u00fa\u201d. Ravan tamb\u00e9m afirmou que pretende trabalhar para ampliar a vota\u00e7\u00e3o do petista na cidade. Ao final do discurso, o prefeito declarou que pretende contribuir para que Jer\u00f4nimo obtenha, em Mara\u00fa, uma vota\u00e7\u00e3o expressiva na elei\u00e7\u00e3o. O apoio foi anunciado durante a agenda pol\u00edtica que reuniu lideran\u00e7as locais e os dois filhos do senador Angelo Coronel.<\/p>\n","protected":false},"author":4,"featured_media":0,"comment_status":"open","ping_status":"open","sticky":false,"template":"","format":"standard","meta":{"footnotes":""},"categories":[7,58,6],"tags":[],"class_list":["post-28784","post","type-post","status-publish","format-standard","hentry","category-bahia","category-eleicoes-2026","category-politica"],"yoast_head":"<!-- This site is optimized with the Yoast SEO plugin v26.5 - https:\/\/yoast.com\/wordpress\/plugins\/seo\/ -->\n<title>Prefeito de Mara\u00fa surpreende e declara apoio a Jer\u00f4nimo diante dos filhos de Coronel - Sudoesteacontece<\/title>\n<meta name=\"robots\" content=\"index, follow, max-snippet:-1, max-image-preview:large, max-video-preview:-1\" \/>\n<link rel=\"canonical\" href=\"https:\/\/sudoesteacontece.com.br\/?p=28784\" \/>\n<meta property=\"og:locale\" content=\"pt_BR\" \/>\n<meta property=\"og:type\" content=\"article\" \/>\n<meta property=\"og:title\" content=\"Prefeito de Mara\u00fa surpreende e declara apoio a Jer\u00f4nimo diante dos filhos de Coronel - Sudoesteacontece\" \/>\n<meta property=\"og:description\" content=\"O prefeito de Mara\u00fa, Dr. Ravan (PSD), declarou neste domingo (30) apoio \u00e0 reelei\u00e7\u00e3o do governador Jer\u00f4nimo Rodrigues (PT) durante um ato pol\u00edtico realizado na sede do munic\u00edpio. A manifesta\u00e7\u00e3o ocorreu na presen\u00e7a dos deputados Diego Coronel (Republicanos) e Angelo Coronel Filho (Republicanos), filhos do senador Angelo Coronel. Durante o evento, Ravan confirmou o alinhamento com Jer\u00f4nimo para a disputa pelo Governo da Bahia. Ao mesmo tempo, o prefeito manteve o apoio \u00e0s candidaturas de Diego Coronel para a C\u00e2mara dos Deputados e de Angelo Coronel Filho para a Assembleia Legislativa da Bahia. Al\u00e9m disso, o gestor municipal reafirmou seu apoio ao senador Angelo Coronel, que integra a chapa majorit\u00e1ria de ACM Neto (Uni\u00e3o). A posi\u00e7\u00e3o anunciada pelo prefeito estabelece diferentes apoios dentro da composi\u00e7\u00e3o pol\u00edtica para as elei\u00e7\u00f5es de 2026. Segundo Ravan, o apoio a Angelo Coronel ocorre em raz\u00e3o da atua\u00e7\u00e3o do senador em defesa dos munic\u00edpios. O prefeito afirmou que Coronel fez hist\u00f3ria como \u201co parlamentar mais municipalista\u201d que j\u00e1 passou pelo Senado Federal. Sobre Jer\u00f4nimo Rodrigues, o prefeito classificou o governador como \u201co melhor governador da hist\u00f3ria da Bahia e da hist\u00f3ria contempor\u00e2nea do munic\u00edpio de Mara\u00fa\u201d. Ravan tamb\u00e9m afirmou que pretende trabalhar para ampliar a vota\u00e7\u00e3o do petista na cidade. Ao final do discurso, o prefeito declarou que pretende contribuir para que Jer\u00f4nimo obtenha, em Mara\u00fa, uma vota\u00e7\u00e3o expressiva na elei\u00e7\u00e3o. O apoio foi anunciado durante a agenda pol\u00edtica que reuniu lideran\u00e7as locais e os dois filhos do senador Angelo Coronel.\" \/>\n<meta property=\"og:url\" content=\"https:\/\/sudoesteacontece.com.br\/?p=28784\" \/>\n<meta property=\"og:site_name\" content=\"Sudoesteacontece\" \/>\n<meta property=\"article:publisher\" content=\"https:\/\/www.facebook.com\/sudoesteacontece\/?locale=pt_BR\" \/>\n<meta property=\"article:published_time\" content=\"2026-08-31T20:55:32+00:00\" \/>\n<meta property=\"article:modified_time\" content=\"2026-08-31T20:55:37+00:00\" \/>\n<meta property=\"og:image\" content=\"https:\/\/sudoesteacontece.com.br\/wp-content\/uploads\/2026\/08\/Prefeito-de-Marau-surpreende-e-declara-apoio-a-Jeronimo-diante-dos-filhos-de-Coronel.jpg\" \/>\n\t<meta property=\"og:image:width\" content=\"900\" \/>\n\t<meta property=\"og:image:height\" content=\"600\" \/>\n\t<meta property=\"og:image:type\" content=\"image\/jpeg\" \/>\n<meta name=\"author\" content=\"Reda\u00e7\u00e3o\" \/>\n<meta name=\"twitter:card\" content=\"summary_large_image\" \/>\n<meta name=\"twitter:label1\" content=\"Escrito por\" \/>\n\t<meta name=\"twitter:data1\" content=\"Reda\u00e7\u00e3o\" \/>\n\t<meta name=\"twitter:label2\" content=\"Est. tempo de leitura\" \/>\n\t<meta name=\"twitter:data2\" content=\"2 minutos\" \/>\n<script type=\"application\/ld+json\" class=\"yoast-schema-graph\">{\"@context\":\"https:\/\/schema.org\",\"@graph\":[{\"@type\":\"Article\",\"@id\":\"https:\/\/sudoesteacontece.com.br\/?p=28784#article\",\"isPartOf\":{\"@id\":\"https:\/\/sudoesteacontece.com.br\/?p=28784\"},\"author\":{\"name\":\"Reda\u00e7\u00e3o\",\"@id\":\"https:\/\/sudoesteacontece.com.br\/#\/schema\/person\/a4f22429c1d0923ef8f7d43343f8dc38\"},\"headline\":\"Prefeito de Mara\u00fa surpreende e declara apoio a Jer\u00f4nimo diante dos filhos de Coronel\",\"datePublished\":\"2026-08-31T20:55:32+00:00\",\"dateModified\":\"2026-08-31T20:55:37+00:00\",\"mainEntityOfPage\":{\"@id\":\"https:\/\/sudoesteacontece.com.br\/?p=28784\"},\"wordCount\":289,\"commentCount\":0,\"publisher\":{\"@id\":\"https:\/\/sudoesteacontece.com.br\/#organization\"},\"image\":{\"@id\":\"https:\/\/sudoesteacontece.com.br\/?p=28784#primaryimage\"},\"thumbnailUrl\":\"http:\/\/sudoesteacontece.com.br\/wp-content\/uploads\/2026\/08\/Prefeito-de-Marau-surpreende-e-declara-apoio-a-Jeronimo-diante-dos-filhos-de-Coronel.jpg\",\"articleSection\":[\"Bahia\",\"Elei\u00e7\u00f5es 2026\",\"Pol\u00edtica\"],\"inLanguage\":\"pt-BR\",\"potentialAction\":[{\"@type\":\"CommentAction\",\"name\":\"Comment\",\"target\":[\"https:\/\/sudoesteacontece.com.br\/?p=28784#respond\"]}]},{\"@type\":\"WebPage\",\"@id\":\"https:\/\/sudoesteacontece.com.br\/?p=28784\",\"url\":\"https:\/\/sudoesteacontece.com.br\/?p=28784\",\"name\":\"Prefeito de Mara\u00fa surpreende e declara apoio a Jer\u00f4nimo diante dos filhos de Coronel - Sudoesteacontece\",\"isPartOf\":{\"@id\":\"https:\/\/sudoesteacontece.com.br\/#website\"},\"primaryImageOfPage\":{\"@id\":\"https:\/\/sudoesteacontece.com.br\/?p=28784#primaryimage\"},\"image\":{\"@id\":\"https:\/\/sudoesteacontece.com.br\/?p=28784#primaryimage\"},\"thumbnailUrl\":\"http:\/\/sudoesteacontece.com.br\/wp-content\/uploads\/2026\/08\/Prefeito-de-Marau-surpreende-e-declara-apoio-a-Jeronimo-diante-dos-filhos-de-Coronel.jpg\",\"datePublished\":\"2026-08-31T20:55:32+00:00\",\"dateModified\":\"2026-08-31T20:55:37+00:00\",\"breadcrumb\":{\"@id\":\"https:\/\/sudoesteacontece.com.br\/?p=28784#breadcrumb\"},\"inLanguage\":\"pt-BR\",\"potentialAction\":[{\"@type\":\"ReadAction\",\"target\":[\"https:\/\/sudoesteacontece.com.br\/?p=28784\"]}]},{\"@type\":\"ImageObject\",\"inLanguage\":\"pt-BR\",\"@id\":\"https:\/\/sudoesteacontece.com.br\/?p=28784#primaryimage\",\"url\":\"https:\/\/sudoesteacontece.com.br\/wp-content\/uploads\/2026\/08\/Prefeito-de-Marau-surpreende-e-declara-apoio-a-Jeronimo-diante-dos-filhos-de-Coronel.jpg\",\"contentUrl\":\"https:\/\/sudoesteacontece.com.br\/wp-content\/uploads\/2026\/08\/Prefeito-de-Marau-surpreende-e-declara-apoio-a-Jeronimo-diante-dos-filhos-de-Coronel.jpg\",\"width\":900,\"height\":600},{\"@type\":\"BreadcrumbList\",\"@id\":\"https:\/\/sudoesteacontece.com.br\/?p=28784#breadcrumb\",\"itemListElement\":[{\"@type\":\"ListItem\",\"position\":1,\"name\":\"In\u00edcio\",\"item\":\"https:\/\/sudoesteacontece.com.br\/\"},{\"@type\":\"ListItem\",\"position\":2,\"name\":\"Prefeito de Mara\u00fa surpreende e declara apoio a Jer\u00f4nimo diante dos filhos de Coronel\"}]},{\"@type\":\"WebSite\",\"@id\":\"https:\/\/sudoesteacontece.com.br\/#website\",\"url\":\"https:\/\/sudoesteacontece.com.br\/\",\"name\":\"Sudoesteacontece\",\"description\":\"\",\"publisher\":{\"@id\":\"https:\/\/sudoesteacontece.com.br\/#organization\"},\"potentialAction\":[{\"@type\":\"SearchAction\",\"target\":{\"@type\":\"EntryPoint\",\"urlTemplate\":\"https:\/\/sudoesteacontece.com.br\/?s={search_term_string}\"},\"query-input\":{\"@type\":\"PropertyValueSpecification\",\"valueRequired\":true,\"valueName\":\"search_term_string\"}}],\"inLanguage\":\"pt-BR\"},{\"@type\":\"Organization\",\"@id\":\"https:\/\/sudoesteacontece.com.br\/#organization\",\"name\":\"Sudoesteacontece\",\"url\":\"https:\/\/sudoesteacontece.com.br\/\",\"logo\":{\"@type\":\"ImageObject\",\"inLanguage\":\"pt-BR\",\"@id\":\"https:\/\/sudoesteacontece.com.br\/#\/schema\/logo\/image\/\",\"url\":\"https:\/\/sudoesteacontece.com.br\/wp-content\/uploads\/2025\/12\/cropped-logo-2-180x180-1.png\",\"contentUrl\":\"https:\/\/sudoesteacontece.com.br\/wp-content\/uploads\/2025\/12\/cropped-logo-2-180x180-1.png\",\"width\":180,\"height\":180,\"caption\":\"Sudoesteacontece\"},\"image\":{\"@id\":\"https:\/\/sudoesteacontece.com.br\/#\/schema\/logo\/image\/\"},\"sameAs\":[\"https:\/\/www.facebook.com\/sudoesteacontece\/?locale=pt_BR\"]},{\"@type\":\"Person\",\"@id\":\"https:\/\/sudoesteacontece.com.br\/#\/schema\/person\/a4f22429c1d0923ef8f7d43343f8dc38\",\"name\":\"Reda\u00e7\u00e3o\",\"image\":{\"@type\":\"ImageObject\",\"inLanguage\":\"pt-BR\",\"@id\":\"https:\/\/sudoesteacontece.com.br\/#\/schema\/person\/image\/\",\"url\":\"https:\/\/secure.gravatar.com\/avatar\/c3a5b3c93f268a709c25a2df414c629a96fb3b1b4bf97a94fb3f72e54ae76903?s=96&d=mm&r=g\",\"contentUrl\":\"https:\/\/secure.gravatar.com\/avatar\/c3a5b3c93f268a709c25a2df414c629a96fb3b1b4bf97a94fb3f72e54ae76903?s=96&d=mm&r=g\",\"caption\":\"Reda\u00e7\u00e3o\"},\"url\":\"https:\/\/sudoesteacontece.com.br\/?author=4\"}]}<\/script>\n<!-- \/ Yoast SEO plugin. -->","yoast_head_json":{"title":"Prefeito de Mara\u00fa surpreende e declara apoio a Jer\u00f4nimo diante dos filhos de Coronel - Sudoesteacontece","robots":{"index":"index","follow":"follow","max-snippet":"max-snippet:-1","max-image-preview":"max-image-preview:large","max-video-preview":"max-video-preview:-1"},"canonical":"https:\/\/sudoesteacontece.com.br\/?p=28784","og_locale":"pt_BR","og_type":"article","og_title":"Prefeito de Mara\u00fa surpreende e declara apoio a Jer\u00f4nimo diante dos filhos de Coronel - Sudoesteacontece","og_description":"O prefeito de Mara\u00fa, Dr. Ravan (PSD), declarou neste domingo (30) apoio \u00e0 reelei\u00e7\u00e3o do governador Jer\u00f4nimo Rodrigues (PT) durante um ato pol\u00edtico realizado na sede do munic\u00edpio. A manifesta\u00e7\u00e3o ocorreu na presen\u00e7a dos deputados Diego Coronel (Republicanos) e Angelo Coronel Filho (Republicanos), filhos do senador Angelo Coronel. Durante o evento, Ravan confirmou o alinhamento com Jer\u00f4nimo para a disputa pelo Governo da Bahia. Ao mesmo tempo, o prefeito manteve o apoio \u00e0s candidaturas de Diego Coronel para a C\u00e2mara dos Deputados e de Angelo Coronel Filho para a Assembleia Legislativa da Bahia. Al\u00e9m disso, o gestor municipal reafirmou seu apoio ao senador Angelo Coronel, que integra a chapa majorit\u00e1ria de ACM Neto (Uni\u00e3o). A posi\u00e7\u00e3o anunciada pelo prefeito estabelece diferentes apoios dentro da composi\u00e7\u00e3o pol\u00edtica para as elei\u00e7\u00f5es de 2026. Segundo Ravan, o apoio a Angelo Coronel ocorre em raz\u00e3o da atua\u00e7\u00e3o do senador em defesa dos munic\u00edpios. O prefeito afirmou que Coronel fez hist\u00f3ria como \u201co parlamentar mais municipalista\u201d que j\u00e1 passou pelo Senado Federal. Sobre Jer\u00f4nimo Rodrigues, o prefeito classificou o governador como \u201co melhor governador da hist\u00f3ria da Bahia e da hist\u00f3ria contempor\u00e2nea do munic\u00edpio de Mara\u00fa\u201d. Ravan tamb\u00e9m afirmou que pretende trabalhar para ampliar a vota\u00e7\u00e3o do petista na cidade. Ao final do discurso, o prefeito declarou que pretende contribuir para que Jer\u00f4nimo obtenha, em Mara\u00fa, uma vota\u00e7\u00e3o expressiva na elei\u00e7\u00e3o. O apoio foi anunciado durante a agenda pol\u00edtica que reuniu lideran\u00e7as locais e os dois filhos do senador Angelo Coronel.","og_url":"https:\/\/sudoesteacontece.com.br\/?p=28784","og_site_name":"Sudoesteacontece","article_publisher":"https:\/\/www.facebook.com\/sudoesteacontece\/?locale=pt_BR","article_published_time":"2026-08-31T20:55:32+00:00","article_modified_time":"2026-08-31T20:55:37+00:00","og_image":[{"width":900,"height":600,"url":"https:\/\/sudoesteacontece.com.br\/wp-content\/uploads\/2026\/08\/Prefeito-de-Marau-surpreende-e-declara-apoio-a-Jeronimo-diante-dos-filhos-de-Coronel.jpg","type":"image\/jpeg"}],"author":"Reda\u00e7\u00e3o","twitter_card":"summary_large_image","twitter_misc":{"Escrito por":"Reda\u00e7\u00e3o","Est. tempo de leitura":"2 minutos"},"schema":{"@context":"https:\/\/schema.org","@graph":[{"@type":"Article","@id":"https:\/\/sudoesteacontece.com.br\/?p=28784#article","isPartOf":{"@id":"https:\/\/sudoesteacontece.com.br\/?p=28784"},"author":{"name":"Reda\u00e7\u00e3o","@id":"https:\/\/sudoesteacontece.com.br\/#\/schema\/person\/a4f22429c1d0923ef8f7d43343f8dc38"},"headline":"Prefeito de Mara\u00fa surpreende e declara apoio a Jer\u00f4nimo diante dos filhos de Coronel","datePublished":"2026-08-31T20:55:32+00:00","dateModified":"2026-08-31T20:55:37+00:00","mainEntityOfPage":{"@id":"https:\/\/sudoesteacontece.com.br\/?p=28784"},"wordCount":289,"commentCount":0,"publisher":{"@id":"https:\/\/sudoesteacontece.com.br\/#organization"},"image":{"@id":"https:\/\/sudoesteacontece.com.br\/?p=28784#primaryimage"},"thumbnailUrl":"http:\/\/sudoesteacontece.com.br\/wp-content\/uploads\/2026\/08\/Prefeito-de-Marau-surpreende-e-declara-apoio-a-Jeronimo-diante-dos-filhos-de-Coronel.jpg","articleSection":["Bahia","Elei\u00e7\u00f5es 2026","Pol\u00edtica"],"inLanguage":"pt-BR","potentialAction":[{"@type":"CommentAction","name":"Comment","target":["https:\/\/sudoesteacontece.com.br\/?p=28784#respond"]}]},{"@type":"WebPage","@id":"https:\/\/sudoesteacontece.com.br\/?p=28784","url":"https:\/\/sudoesteacontece.com.br\/?p=28784","name":"Prefeito de Mara\u00fa surpreende e declara apoio a Jer\u00f4nimo diante dos filhos de Coronel - Sudoesteacontece","isPartOf":{"@id":"https:\/\/sudoesteacontece.com.br\/#website"},"primaryImageOfPage":{"@id":"https:\/\/sudoesteacontece.com.br\/?p=28784#primaryimage"},"image":{"@id":"https:\/\/sudoesteacontece.com.br\/?p=28784#primaryimage"},"thumbnailUrl":"http:\/\/sudoesteacontece.com.br\/wp-content\/uploads\/2026\/08\/Prefeito-de-Marau-surpreende-e-declara-apoio-a-Jeronimo-diante-dos-filhos-de-Coronel.jpg","datePublished":"2026-08-31T20:55:32+00:00","dateModified":"2026-08-31T20:55:37+00:00","breadcrumb":{"@id":"https:\/\/sudoesteacontece.com.br\/?p=28784#breadcrumb"},"inLanguage":"pt-BR","potentialAction":[{"@type":"ReadAction","target":["https:\/\/sudoesteacontece.com.br\/?p=28784"]}]},{"@type":"ImageObject","inLanguage":"pt-BR","@id":"https:\/\/sudoesteacontece.com.br\/?p=28784#primaryimage","url":"https:\/\/sudoesteacontece.com.br\/wp-content\/uploads\/2026\/08\/Prefeito-de-Marau-surpreende-e-declara-apoio-a-Jeronimo-diante-dos-filhos-de-Coronel.jpg","contentUrl":"https:\/\/sudoesteacontece.com.br\/wp-content\/uploads\/2026\/08\/Prefeito-de-Marau-surpreende-e-declara-apoio-a-Jeronimo-diante-dos-filhos-de-Coronel.jpg","width":900,"height":600},{"@type":"BreadcrumbList","@id":"https:\/\/sudoesteacontece.com.br\/?p=28784#breadcrumb","itemListElement":[{"@type":"ListItem","position":1,"name":"In\u00edcio","item":"https:\/\/sudoesteacontece.com.br\/"},{"@type":"ListItem","position":2,"name":"Prefeito de Mara\u00fa surpreende e declara apoio a Jer\u00f4nimo diante dos filhos de Coronel"}]},{"@type":"WebSite","@id":"https:\/\/sudoesteacontece.com.br\/#website","url":"https:\/\/sudoesteacontece.com.br\/","name":"Sudoesteacontece","description":"","publisher":{"@id":"https:\/\/sudoesteacontece.com.br\/#organization"},"potentialAction":[{"@type":"SearchAction","target":{"@type":"EntryPoint","urlTemplate":"https:\/\/sudoesteacontece.com.br\/?s={search_term_string}"},"query-input":{"@type":"PropertyValueSpecification","valueRequired":true,"valueName":"search_term_string"}}],"inLanguage":"pt-BR"},{"@type":"Organization","@id":"https:\/\/sudoesteacontece.com.br\/#organization","name":"Sudoesteacontece","url":"https:\/\/sudoesteacontece.com.br\/","logo":{"@type":"ImageObject","inLanguage":"pt-BR","@id":"https:\/\/sudoesteacontece.com.br\/#\/schema\/logo\/image\/","url":"https:\/\/sudoesteacontece.com.br\/wp-content\/uploads\/2025\/12\/cropped-logo-2-180x180-1.png","contentUrl":"https:\/\/sudoesteacontece.com.br\/wp-content\/uploads\/2025\/12\/cropped-logo-2-180x180-1.png","width":180,"height":180,"caption":"Sudoesteacontece"},"image":{"@id":"https:\/\/sudoesteacontece.com.br\/#\/schema\/logo\/image\/"},"sameAs":["https:\/\/www.facebook.com\/sudoesteacontece\/?locale=pt_BR"]},{"@type":"Person","@id":"https:\/\/sudoesteacontece.com.br\/#\/schema\/person\/a4f22429c1d0923ef8f7d43343f8dc38","name":"Reda\u00e7\u00e3o","image":{"@type":"ImageObject","inLanguage":"pt-BR","@id":"https:\/\/sudoesteacontece.com.br\/#\/schema\/person\/image\/","url":"https:\/\/secure.gravatar.com\/avatar\/c3a5b3c93f268a709c25a2df414c629a96fb3b1b4bf97a94fb3f72e54ae76903?s=96&d=mm&r=g","contentUrl":"https:\/\/secure.gravatar.com\/avatar\/c3a5b3c93f268a709c25a2df414c629a96fb3b1b4bf97a94fb3f72e54ae76903?s=96&d=mm&r=g","caption":"Reda\u00e7\u00e3o"},"url":"https:\/\/sudoesteacontece.com.br\/?author=4"}]}},"_links":{"self":[{"href":"https:\/\/sudoesteacontece.com.br\/index.php?rest_route=\/wp\/v2\/posts\/28784","targetHints":{"allow":["GET"]}}],"collection":[{"href":"https:\/\/sudoesteacontece.com.br\/index.php?rest_route=\/wp\/v2\/posts"}],"about":[{"href":"https:\/\/sudoesteacontece.com.br\/index.php?rest_route=\/wp\/v2\/types\/post"}],"author":[{"embeddable":true,"href":"https:\/\/sudoesteacontece.com.br\/index.php?rest_route=\/wp\/v2\/users\/4"}],"replies":[{"embeddable":true,"href":"https:\/\/sudoesteacontece.com.br\/index.php?rest_route=%2Fwp%2Fv2%2Fcomments&post=28784"}],"version-history":[{"count":1,"href":"https:\/\/sudoesteacontece.com.br\/index.php?rest_route=\/wp\/v2\/posts\/28784\/revisions"}],"predecessor-version":[{"id":28830,"href":"https:\/\/sudoesteacontece.com.br\/index.php?rest_route=\/wp\/v2\/posts\/28784\/revisions\/28830"}],"wp:attachment":[{"href":"https:\/\/sudoesteacontece.com.br\/index.php?rest_route=%2Fwp%2Fv2%2Fmedia&parent=28784"}],"wp:term":[{"taxonomy":"category","embeddable":true,"href":"https:\/\/sudoesteacontece.com.br\/index.php?rest_route=%2Fwp%2Fv2%2Fcategories&post=28784"},{"taxonomy":"post_tag","embeddable":true,"href":"https:\/\/sudoesteacontece.com.br\/index.php?rest_route=%2Fwp%2Fv2%2Ftags&post=28784"}],"curies":[{"name":"wp","href":"https:\/\/api.w.org\/{rel}","templated":true}]}}