{"id":28785,"date":"2026-08-31T17:55:43","date_gmt":"2026-08-31T20:55:43","guid":{"rendered":"https:\/\/sudoesteacontece.com.br\/?p=28785"},"modified":"2026-08-31T17:55:49","modified_gmt":"2026-08-31T20:55:49","slug":"empresario-e-outro-homem-sao-mortos-a-tiros-em-pontos-proximos-de-jacobina","status":"publish","type":"post","link":"https:\/\/sudoesteacontece.com.br\/?p=28785","title":{"rendered":"Empres\u00e1rio e outro homem s\u00e3o mortos a tiros em pontos pr\u00f3ximos de Jacobina"},"content":{"rendered":"\n<figure class=\"wp-block-image size-full\"><img fetchpriority=\"high\" decoding=\"async\" width=\"900\" height=\"600\" src=\"http:\/\/sudoesteacontece.com.br\/wp-content\/uploads\/2026\/08\/Empresario-e-outro-homem-sao-mortos-a-tiros-em-pontos-proximos-de-Jacobina.jpg\" alt=\"\" class=\"wp-image-28824\" srcset=\"https:\/\/sudoesteacontece.com.br\/wp-content\/uploads\/2026\/08\/Empresario-e-outro-homem-sao-mortos-a-tiros-em-pontos-proximos-de-Jacobina.jpg 900w, https:\/\/sudoesteacontece.com.br\/wp-content\/uploads\/2026\/08\/Empresario-e-outro-homem-sao-mortos-a-tiros-em-pontos-proximos-de-Jacobina-300x200.jpg 300w, https:\/\/sudoesteacontece.com.br\/wp-content\/uploads\/2026\/08\/Empresario-e-outro-homem-sao-mortos-a-tiros-em-pontos-proximos-de-Jacobina-768x512.jpg 768w\" sizes=\"(max-width: 900px) 100vw, 900px\" \/><\/figure>\n\n\n\n<p class=\"wp-block-paragraph\">Dois homens foram mortos a tiros na manh\u00e3 deste s\u00e1bado (29), em ocorr\u00eancias distintas registradas no mesmo bairro, na regi\u00e3o central de Jacobina, no centro-norte da Bahia. Os crimes aconteceram a cerca de 600 metros de dist\u00e2ncia e s\u00e3o investigados pela Pol\u00edcia Civil. As v\u00edtimas foram identificadas como Paulo Henrique Bezerra de Andrade, de 40 anos, e Paulo Andr\u00e9 Correia Santos, de 47.<\/p>\n\n\n\n<p class=\"wp-block-paragraph\">O empres\u00e1rio Paulo Henrique foi assassinado na Rua Alice Barros de Figueiredo, onde mantinha uma lanchonete especializada em empadas. Segundo testemunhas, um homem armado entrou no estabelecimento e efetuou disparos contra o comerciante. O empres\u00e1rio n\u00e3o resistiu aos ferimentos e morreu no local.<\/p>\n\n\n\n<p class=\"wp-block-paragraph\">Pouco depois, a aproximadamente 600 metros dali, outro homic\u00eddio foi registrado na Rua Ana Nery. Paulo Andr\u00e9 Correia Santos, de 47 anos, tamb\u00e9m foi atingido por disparos de arma de fogo. Ele morreu no local, segundo as informa\u00e7\u00f5es divulgadas sobre a ocorr\u00eancia.<\/p>\n\n\n\n<p class=\"wp-block-paragraph\">Equipes policiais foram mobilizadas ap\u00f3s os dois assassinatos e realizaram os procedimentos iniciais nos locais. A per\u00edcia foi acionada para analisar as cenas dos crimes, enquanto os corpos foram encaminhados para os procedimentos legais.<\/p>\n\n\n\n<p class=\"wp-block-paragraph\">De acordo com a Pol\u00edcia Civil, a 1\u00aa Delegacia Territorial de Jacobina conduz as investiga\u00e7\u00f5es. Depoimentos de testemunhas e imagens de c\u00e2meras instaladas em estabelecimentos da regi\u00e3o dever\u00e3o ser analisados pelos investigadores.<\/p>\n\n\n\n<p class=\"wp-block-paragraph\">At\u00e9 o momento, n\u00e3o foram divulgadas informa\u00e7\u00f5es sobre suspeitos presos ou identificados. A pol\u00edcia tamb\u00e9m n\u00e3o informou se existe alguma rela\u00e7\u00e3o entre os dois homic\u00eddios. As circunst\u00e2ncias e poss\u00edveis motiva\u00e7\u00f5es dos crimes ser\u00e3o apuradas durante a investiga\u00e7\u00e3o.<\/p>\n","protected":false},"excerpt":{"rendered":"<p>Dois homens foram mortos a tiros na manh\u00e3 deste s\u00e1bado (29), em ocorr\u00eancias distintas registradas no mesmo bairro, na regi\u00e3o central de Jacobina, no centro-norte da Bahia. Os crimes aconteceram a cerca de 600 metros de dist\u00e2ncia e s\u00e3o investigados pela Pol\u00edcia Civil. As v\u00edtimas foram identificadas como Paulo Henrique Bezerra de Andrade, de 40 anos, e Paulo Andr\u00e9 Correia Santos, de 47. O empres\u00e1rio Paulo Henrique foi assassinado na Rua Alice Barros de Figueiredo, onde mantinha uma lanchonete especializada em empadas. Segundo testemunhas, um homem armado entrou no estabelecimento e efetuou disparos contra o comerciante. O empres\u00e1rio n\u00e3o resistiu aos ferimentos e morreu no local. Pouco depois, a aproximadamente 600 metros dali, outro homic\u00eddio foi registrado na Rua Ana Nery. Paulo Andr\u00e9 Correia Santos, de 47 anos, tamb\u00e9m foi atingido por disparos de arma de fogo. Ele morreu no local, segundo as informa\u00e7\u00f5es divulgadas sobre a ocorr\u00eancia. Equipes policiais foram mobilizadas ap\u00f3s os dois assassinatos e realizaram os procedimentos iniciais nos locais. A per\u00edcia foi acionada para analisar as cenas dos crimes, enquanto os corpos foram encaminhados para os procedimentos legais. De acordo com a Pol\u00edcia Civil, a 1\u00aa Delegacia Territorial de Jacobina conduz as investiga\u00e7\u00f5es. Depoimentos de testemunhas e imagens de c\u00e2meras instaladas em estabelecimentos da regi\u00e3o dever\u00e3o ser analisados pelos investigadores. At\u00e9 o momento, n\u00e3o foram divulgadas informa\u00e7\u00f5es sobre suspeitos presos ou identificados. A pol\u00edcia tamb\u00e9m n\u00e3o informou se existe alguma rela\u00e7\u00e3o entre os dois homic\u00eddios. As circunst\u00e2ncias e poss\u00edveis motiva\u00e7\u00f5es dos crimes ser\u00e3o apuradas durante a investiga\u00e7\u00e3o.<\/p>\n","protected":false},"author":1,"featured_media":0,"comment_status":"open","ping_status":"open","sticky":false,"template":"","format":"standard","meta":{"footnotes":""},"categories":[4,3],"tags":[],"class_list":["post-28785","post","type-post","status-publish","format-standard","hentry","category-cidades","category-policia"],"yoast_head":"<!-- This site is optimized with the Yoast SEO plugin v26.5 - https:\/\/yoast.com\/wordpress\/plugins\/seo\/ -->\n<title>Empres\u00e1rio e outro homem s\u00e3o mortos a tiros em pontos pr\u00f3ximos de Jacobina - Sudoesteacontece<\/title>\n<meta name=\"robots\" content=\"index, follow, max-snippet:-1, max-image-preview:large, max-video-preview:-1\" \/>\n<link rel=\"canonical\" href=\"https:\/\/sudoesteacontece.com.br\/?p=28785\" \/>\n<meta property=\"og:locale\" content=\"pt_BR\" \/>\n<meta property=\"og:type\" content=\"article\" \/>\n<meta property=\"og:title\" content=\"Empres\u00e1rio e outro homem s\u00e3o mortos a tiros em pontos pr\u00f3ximos de Jacobina - Sudoesteacontece\" \/>\n<meta property=\"og:description\" content=\"Dois homens foram mortos a tiros na manh\u00e3 deste s\u00e1bado (29), em ocorr\u00eancias distintas registradas no mesmo bairro, na regi\u00e3o central de Jacobina, no centro-norte da Bahia. Os crimes aconteceram a cerca de 600 metros de dist\u00e2ncia e s\u00e3o investigados pela Pol\u00edcia Civil. As v\u00edtimas foram identificadas como Paulo Henrique Bezerra de Andrade, de 40 anos, e Paulo Andr\u00e9 Correia Santos, de 47. O empres\u00e1rio Paulo Henrique foi assassinado na Rua Alice Barros de Figueiredo, onde mantinha uma lanchonete especializada em empadas. Segundo testemunhas, um homem armado entrou no estabelecimento e efetuou disparos contra o comerciante. O empres\u00e1rio n\u00e3o resistiu aos ferimentos e morreu no local. Pouco depois, a aproximadamente 600 metros dali, outro homic\u00eddio foi registrado na Rua Ana Nery. Paulo Andr\u00e9 Correia Santos, de 47 anos, tamb\u00e9m foi atingido por disparos de arma de fogo. Ele morreu no local, segundo as informa\u00e7\u00f5es divulgadas sobre a ocorr\u00eancia. Equipes policiais foram mobilizadas ap\u00f3s os dois assassinatos e realizaram os procedimentos iniciais nos locais. A per\u00edcia foi acionada para analisar as cenas dos crimes, enquanto os corpos foram encaminhados para os procedimentos legais. De acordo com a Pol\u00edcia Civil, a 1\u00aa Delegacia Territorial de Jacobina conduz as investiga\u00e7\u00f5es. Depoimentos de testemunhas e imagens de c\u00e2meras instaladas em estabelecimentos da regi\u00e3o dever\u00e3o ser analisados pelos investigadores. At\u00e9 o momento, n\u00e3o foram divulgadas informa\u00e7\u00f5es sobre suspeitos presos ou identificados. A pol\u00edcia tamb\u00e9m n\u00e3o informou se existe alguma rela\u00e7\u00e3o entre os dois homic\u00eddios. As circunst\u00e2ncias e poss\u00edveis motiva\u00e7\u00f5es dos crimes ser\u00e3o apuradas durante a investiga\u00e7\u00e3o.\" \/>\n<meta property=\"og:url\" content=\"https:\/\/sudoesteacontece.com.br\/?p=28785\" \/>\n<meta property=\"og:site_name\" content=\"Sudoesteacontece\" \/>\n<meta property=\"article:publisher\" content=\"https:\/\/www.facebook.com\/sudoesteacontece\/?locale=pt_BR\" \/>\n<meta property=\"article:published_time\" content=\"2026-08-31T20:55:43+00:00\" \/>\n<meta property=\"article:modified_time\" content=\"2026-08-31T20:55:49+00:00\" \/>\n<meta property=\"og:image\" content=\"https:\/\/sudoesteacontece.com.br\/wp-content\/uploads\/2026\/08\/Empresario-e-outro-homem-sao-mortos-a-tiros-em-pontos-proximos-de-Jacobina.jpg\" \/>\n\t<meta property=\"og:image:width\" content=\"900\" \/>\n\t<meta property=\"og:image:height\" content=\"600\" \/>\n\t<meta property=\"og:image:type\" content=\"image\/jpeg\" \/>\n<meta name=\"author\" content=\"sudoesteacontece\" \/>\n<meta name=\"twitter:card\" content=\"summary_large_image\" \/>\n<meta name=\"twitter:label1\" content=\"Escrito por\" \/>\n\t<meta name=\"twitter:data1\" content=\"sudoesteacontece\" \/>\n\t<meta name=\"twitter:label2\" content=\"Est. tempo de leitura\" \/>\n\t<meta name=\"twitter:data2\" content=\"2 minutos\" \/>\n<script type=\"application\/ld+json\" class=\"yoast-schema-graph\">{\"@context\":\"https:\/\/schema.org\",\"@graph\":[{\"@type\":\"Article\",\"@id\":\"https:\/\/sudoesteacontece.com.br\/?p=28785#article\",\"isPartOf\":{\"@id\":\"https:\/\/sudoesteacontece.com.br\/?p=28785\"},\"author\":{\"name\":\"sudoesteacontece\",\"@id\":\"https:\/\/sudoesteacontece.com.br\/#\/schema\/person\/f4b00cd0a26ac17646f19707cdceb2ce\"},\"headline\":\"Empres\u00e1rio e outro homem s\u00e3o mortos a tiros em pontos pr\u00f3ximos de Jacobina\",\"datePublished\":\"2026-08-31T20:55:43+00:00\",\"dateModified\":\"2026-08-31T20:55:49+00:00\",\"mainEntityOfPage\":{\"@id\":\"https:\/\/sudoesteacontece.com.br\/?p=28785\"},\"wordCount\":293,\"commentCount\":0,\"publisher\":{\"@id\":\"https:\/\/sudoesteacontece.com.br\/#organization\"},\"image\":{\"@id\":\"https:\/\/sudoesteacontece.com.br\/?p=28785#primaryimage\"},\"thumbnailUrl\":\"http:\/\/sudoesteacontece.com.br\/wp-content\/uploads\/2026\/08\/Empresario-e-outro-homem-sao-mortos-a-tiros-em-pontos-proximos-de-Jacobina.jpg\",\"articleSection\":[\"Cidades\",\"Pol\u00edcia\"],\"inLanguage\":\"pt-BR\",\"potentialAction\":[{\"@type\":\"CommentAction\",\"name\":\"Comment\",\"target\":[\"https:\/\/sudoesteacontece.com.br\/?p=28785#respond\"]}]},{\"@type\":\"WebPage\",\"@id\":\"https:\/\/sudoesteacontece.com.br\/?p=28785\",\"url\":\"https:\/\/sudoesteacontece.com.br\/?p=28785\",\"name\":\"Empres\u00e1rio e outro homem s\u00e3o mortos a tiros em pontos pr\u00f3ximos de Jacobina - Sudoesteacontece\",\"isPartOf\":{\"@id\":\"https:\/\/sudoesteacontece.com.br\/#website\"},\"primaryImageOfPage\":{\"@id\":\"https:\/\/sudoesteacontece.com.br\/?p=28785#primaryimage\"},\"image\":{\"@id\":\"https:\/\/sudoesteacontece.com.br\/?p=28785#primaryimage\"},\"thumbnailUrl\":\"http:\/\/sudoesteacontece.com.br\/wp-content\/uploads\/2026\/08\/Empresario-e-outro-homem-sao-mortos-a-tiros-em-pontos-proximos-de-Jacobina.jpg\",\"datePublished\":\"2026-08-31T20:55:43+00:00\",\"dateModified\":\"2026-08-31T20:55:49+00:00\",\"breadcrumb\":{\"@id\":\"https:\/\/sudoesteacontece.com.br\/?p=28785#breadcrumb\"},\"inLanguage\":\"pt-BR\",\"potentialAction\":[{\"@type\":\"ReadAction\",\"target\":[\"https:\/\/sudoesteacontece.com.br\/?p=28785\"]}]},{\"@type\":\"ImageObject\",\"inLanguage\":\"pt-BR\",\"@id\":\"https:\/\/sudoesteacontece.com.br\/?p=28785#primaryimage\",\"url\":\"https:\/\/sudoesteacontece.com.br\/wp-content\/uploads\/2026\/08\/Empresario-e-outro-homem-sao-mortos-a-tiros-em-pontos-proximos-de-Jacobina.jpg\",\"contentUrl\":\"https:\/\/sudoesteacontece.com.br\/wp-content\/uploads\/2026\/08\/Empresario-e-outro-homem-sao-mortos-a-tiros-em-pontos-proximos-de-Jacobina.jpg\",\"width\":900,\"height\":600},{\"@type\":\"BreadcrumbList\",\"@id\":\"https:\/\/sudoesteacontece.com.br\/?p=28785#breadcrumb\",\"itemListElement\":[{\"@type\":\"ListItem\",\"position\":1,\"name\":\"In\u00edcio\",\"item\":\"https:\/\/sudoesteacontece.com.br\/\"},{\"@type\":\"ListItem\",\"position\":2,\"name\":\"Empres\u00e1rio e outro homem s\u00e3o mortos a tiros em pontos pr\u00f3ximos de Jacobina\"}]},{\"@type\":\"WebSite\",\"@id\":\"https:\/\/sudoesteacontece.com.br\/#website\",\"url\":\"https:\/\/sudoesteacontece.com.br\/\",\"name\":\"Sudoesteacontece\",\"description\":\"\",\"publisher\":{\"@id\":\"https:\/\/sudoesteacontece.com.br\/#organization\"},\"potentialAction\":[{\"@type\":\"SearchAction\",\"target\":{\"@type\":\"EntryPoint\",\"urlTemplate\":\"https:\/\/sudoesteacontece.com.br\/?s={search_term_string}\"},\"query-input\":{\"@type\":\"PropertyValueSpecification\",\"valueRequired\":true,\"valueName\":\"search_term_string\"}}],\"inLanguage\":\"pt-BR\"},{\"@type\":\"Organization\",\"@id\":\"https:\/\/sudoesteacontece.com.br\/#organization\",\"name\":\"Sudoesteacontece\",\"url\":\"https:\/\/sudoesteacontece.com.br\/\",\"logo\":{\"@type\":\"ImageObject\",\"inLanguage\":\"pt-BR\",\"@id\":\"https:\/\/sudoesteacontece.com.br\/#\/schema\/logo\/image\/\",\"url\":\"https:\/\/sudoesteacontece.com.br\/wp-content\/uploads\/2025\/12\/cropped-logo-2-180x180-1.png\",\"contentUrl\":\"https:\/\/sudoesteacontece.com.br\/wp-content\/uploads\/2025\/12\/cropped-logo-2-180x180-1.png\",\"width\":180,\"height\":180,\"caption\":\"Sudoesteacontece\"},\"image\":{\"@id\":\"https:\/\/sudoesteacontece.com.br\/#\/schema\/logo\/image\/\"},\"sameAs\":[\"https:\/\/www.facebook.com\/sudoesteacontece\/?locale=pt_BR\"]},{\"@type\":\"Person\",\"@id\":\"https:\/\/sudoesteacontece.com.br\/#\/schema\/person\/f4b00cd0a26ac17646f19707cdceb2ce\",\"name\":\"sudoesteacontece\",\"image\":{\"@type\":\"ImageObject\",\"inLanguage\":\"pt-BR\",\"@id\":\"https:\/\/sudoesteacontece.com.br\/#\/schema\/person\/image\/\",\"url\":\"https:\/\/secure.gravatar.com\/avatar\/704557d1f79b454f041f9e5935f2b0e8393614e97e537fc508d1d628292cacfd?s=96&d=mm&r=g\",\"contentUrl\":\"https:\/\/secure.gravatar.com\/avatar\/704557d1f79b454f041f9e5935f2b0e8393614e97e537fc508d1d628292cacfd?s=96&d=mm&r=g\",\"caption\":\"sudoesteacontece\"},\"sameAs\":[\"http:\/\/sudoesteacontece.com.br\"],\"url\":\"https:\/\/sudoesteacontece.com.br\/?author=1\"}]}<\/script>\n<!-- \/ Yoast SEO plugin. -->","yoast_head_json":{"title":"Empres\u00e1rio e outro homem s\u00e3o mortos a tiros em pontos pr\u00f3ximos de Jacobina - Sudoesteacontece","robots":{"index":"index","follow":"follow","max-snippet":"max-snippet:-1","max-image-preview":"max-image-preview:large","max-video-preview":"max-video-preview:-1"},"canonical":"https:\/\/sudoesteacontece.com.br\/?p=28785","og_locale":"pt_BR","og_type":"article","og_title":"Empres\u00e1rio e outro homem s\u00e3o mortos a tiros em pontos pr\u00f3ximos de Jacobina - Sudoesteacontece","og_description":"Dois homens foram mortos a tiros na manh\u00e3 deste s\u00e1bado (29), em ocorr\u00eancias distintas registradas no mesmo bairro, na regi\u00e3o central de Jacobina, no centro-norte da Bahia. Os crimes aconteceram a cerca de 600 metros de dist\u00e2ncia e s\u00e3o investigados pela Pol\u00edcia Civil. As v\u00edtimas foram identificadas como Paulo Henrique Bezerra de Andrade, de 40 anos, e Paulo Andr\u00e9 Correia Santos, de 47. O empres\u00e1rio Paulo Henrique foi assassinado na Rua Alice Barros de Figueiredo, onde mantinha uma lanchonete especializada em empadas. Segundo testemunhas, um homem armado entrou no estabelecimento e efetuou disparos contra o comerciante. O empres\u00e1rio n\u00e3o resistiu aos ferimentos e morreu no local. Pouco depois, a aproximadamente 600 metros dali, outro homic\u00eddio foi registrado na Rua Ana Nery. Paulo Andr\u00e9 Correia Santos, de 47 anos, tamb\u00e9m foi atingido por disparos de arma de fogo. Ele morreu no local, segundo as informa\u00e7\u00f5es divulgadas sobre a ocorr\u00eancia. Equipes policiais foram mobilizadas ap\u00f3s os dois assassinatos e realizaram os procedimentos iniciais nos locais. A per\u00edcia foi acionada para analisar as cenas dos crimes, enquanto os corpos foram encaminhados para os procedimentos legais. De acordo com a Pol\u00edcia Civil, a 1\u00aa Delegacia Territorial de Jacobina conduz as investiga\u00e7\u00f5es. Depoimentos de testemunhas e imagens de c\u00e2meras instaladas em estabelecimentos da regi\u00e3o dever\u00e3o ser analisados pelos investigadores. At\u00e9 o momento, n\u00e3o foram divulgadas informa\u00e7\u00f5es sobre suspeitos presos ou identificados. A pol\u00edcia tamb\u00e9m n\u00e3o informou se existe alguma rela\u00e7\u00e3o entre os dois homic\u00eddios. As circunst\u00e2ncias e poss\u00edveis motiva\u00e7\u00f5es dos crimes ser\u00e3o apuradas durante a investiga\u00e7\u00e3o.","og_url":"https:\/\/sudoesteacontece.com.br\/?p=28785","og_site_name":"Sudoesteacontece","article_publisher":"https:\/\/www.facebook.com\/sudoesteacontece\/?locale=pt_BR","article_published_time":"2026-08-31T20:55:43+00:00","article_modified_time":"2026-08-31T20:55:49+00:00","og_image":[{"width":900,"height":600,"url":"https:\/\/sudoesteacontece.com.br\/wp-content\/uploads\/2026\/08\/Empresario-e-outro-homem-sao-mortos-a-tiros-em-pontos-proximos-de-Jacobina.jpg","type":"image\/jpeg"}],"author":"sudoesteacontece","twitter_card":"summary_large_image","twitter_misc":{"Escrito por":"sudoesteacontece","Est. tempo de leitura":"2 minutos"},"schema":{"@context":"https:\/\/schema.org","@graph":[{"@type":"Article","@id":"https:\/\/sudoesteacontece.com.br\/?p=28785#article","isPartOf":{"@id":"https:\/\/sudoesteacontece.com.br\/?p=28785"},"author":{"name":"sudoesteacontece","@id":"https:\/\/sudoesteacontece.com.br\/#\/schema\/person\/f4b00cd0a26ac17646f19707cdceb2ce"},"headline":"Empres\u00e1rio e outro homem s\u00e3o mortos a tiros em pontos pr\u00f3ximos de Jacobina","datePublished":"2026-08-31T20:55:43+00:00","dateModified":"2026-08-31T20:55:49+00:00","mainEntityOfPage":{"@id":"https:\/\/sudoesteacontece.com.br\/?p=28785"},"wordCount":293,"commentCount":0,"publisher":{"@id":"https:\/\/sudoesteacontece.com.br\/#organization"},"image":{"@id":"https:\/\/sudoesteacontece.com.br\/?p=28785#primaryimage"},"thumbnailUrl":"http:\/\/sudoesteacontece.com.br\/wp-content\/uploads\/2026\/08\/Empresario-e-outro-homem-sao-mortos-a-tiros-em-pontos-proximos-de-Jacobina.jpg","articleSection":["Cidades","Pol\u00edcia"],"inLanguage":"pt-BR","potentialAction":[{"@type":"CommentAction","name":"Comment","target":["https:\/\/sudoesteacontece.com.br\/?p=28785#respond"]}]},{"@type":"WebPage","@id":"https:\/\/sudoesteacontece.com.br\/?p=28785","url":"https:\/\/sudoesteacontece.com.br\/?p=28785","name":"Empres\u00e1rio e outro homem s\u00e3o mortos a tiros em pontos pr\u00f3ximos de Jacobina - Sudoesteacontece","isPartOf":{"@id":"https:\/\/sudoesteacontece.com.br\/#website"},"primaryImageOfPage":{"@id":"https:\/\/sudoesteacontece.com.br\/?p=28785#primaryimage"},"image":{"@id":"https:\/\/sudoesteacontece.com.br\/?p=28785#primaryimage"},"thumbnailUrl":"http:\/\/sudoesteacontece.com.br\/wp-content\/uploads\/2026\/08\/Empresario-e-outro-homem-sao-mortos-a-tiros-em-pontos-proximos-de-Jacobina.jpg","datePublished":"2026-08-31T20:55:43+00:00","dateModified":"2026-08-31T20:55:49+00:00","breadcrumb":{"@id":"https:\/\/sudoesteacontece.com.br\/?p=28785#breadcrumb"},"inLanguage":"pt-BR","potentialAction":[{"@type":"ReadAction","target":["https:\/\/sudoesteacontece.com.br\/?p=28785"]}]},{"@type":"ImageObject","inLanguage":"pt-BR","@id":"https:\/\/sudoesteacontece.com.br\/?p=28785#primaryimage","url":"https:\/\/sudoesteacontece.com.br\/wp-content\/uploads\/2026\/08\/Empresario-e-outro-homem-sao-mortos-a-tiros-em-pontos-proximos-de-Jacobina.jpg","contentUrl":"https:\/\/sudoesteacontece.com.br\/wp-content\/uploads\/2026\/08\/Empresario-e-outro-homem-sao-mortos-a-tiros-em-pontos-proximos-de-Jacobina.jpg","width":900,"height":600},{"@type":"BreadcrumbList","@id":"https:\/\/sudoesteacontece.com.br\/?p=28785#breadcrumb","itemListElement":[{"@type":"ListItem","position":1,"name":"In\u00edcio","item":"https:\/\/sudoesteacontece.com.br\/"},{"@type":"ListItem","position":2,"name":"Empres\u00e1rio e outro homem s\u00e3o mortos a tiros em pontos pr\u00f3ximos de Jacobina"}]},{"@type":"WebSite","@id":"https:\/\/sudoesteacontece.com.br\/#website","url":"https:\/\/sudoesteacontece.com.br\/","name":"Sudoesteacontece","description":"","publisher":{"@id":"https:\/\/sudoesteacontece.com.br\/#organization"},"potentialAction":[{"@type":"SearchAction","target":{"@type":"EntryPoint","urlTemplate":"https:\/\/sudoesteacontece.com.br\/?s={search_term_string}"},"query-input":{"@type":"PropertyValueSpecification","valueRequired":true,"valueName":"search_term_string"}}],"inLanguage":"pt-BR"},{"@type":"Organization","@id":"https:\/\/sudoesteacontece.com.br\/#organization","name":"Sudoesteacontece","url":"https:\/\/sudoesteacontece.com.br\/","logo":{"@type":"ImageObject","inLanguage":"pt-BR","@id":"https:\/\/sudoesteacontece.com.br\/#\/schema\/logo\/image\/","url":"https:\/\/sudoesteacontece.com.br\/wp-content\/uploads\/2025\/12\/cropped-logo-2-180x180-1.png","contentUrl":"https:\/\/sudoesteacontece.com.br\/wp-content\/uploads\/2025\/12\/cropped-logo-2-180x180-1.png","width":180,"height":180,"caption":"Sudoesteacontece"},"image":{"@id":"https:\/\/sudoesteacontece.com.br\/#\/schema\/logo\/image\/"},"sameAs":["https:\/\/www.facebook.com\/sudoesteacontece\/?locale=pt_BR"]},{"@type":"Person","@id":"https:\/\/sudoesteacontece.com.br\/#\/schema\/person\/f4b00cd0a26ac17646f19707cdceb2ce","name":"sudoesteacontece","image":{"@type":"ImageObject","inLanguage":"pt-BR","@id":"https:\/\/sudoesteacontece.com.br\/#\/schema\/person\/image\/","url":"https:\/\/secure.gravatar.com\/avatar\/704557d1f79b454f041f9e5935f2b0e8393614e97e537fc508d1d628292cacfd?s=96&d=mm&r=g","contentUrl":"https:\/\/secure.gravatar.com\/avatar\/704557d1f79b454f041f9e5935f2b0e8393614e97e537fc508d1d628292cacfd?s=96&d=mm&r=g","caption":"sudoesteacontece"},"sameAs":["http:\/\/sudoesteacontece.com.br"],"url":"https:\/\/sudoesteacontece.com.br\/?author=1"}]}},"_links":{"self":[{"href":"https:\/\/sudoesteacontece.com.br\/index.php?rest_route=\/wp\/v2\/posts\/28785","targetHints":{"allow":["GET"]}}],"collection":[{"href":"https:\/\/sudoesteacontece.com.br\/index.php?rest_route=\/wp\/v2\/posts"}],"about":[{"href":"https:\/\/sudoesteacontece.com.br\/index.php?rest_route=\/wp\/v2\/types\/post"}],"author":[{"embeddable":true,"href":"https:\/\/sudoesteacontece.com.br\/index.php?rest_route=\/wp\/v2\/users\/1"}],"replies":[{"embeddable":true,"href":"https:\/\/sudoesteacontece.com.br\/index.php?rest_route=%2Fwp%2Fv2%2Fcomments&post=28785"}],"version-history":[{"count":1,"href":"https:\/\/sudoesteacontece.com.br\/index.php?rest_route=\/wp\/v2\/posts\/28785\/revisions"}],"predecessor-version":[{"id":28831,"href":"https:\/\/sudoesteacontece.com.br\/index.php?rest_route=\/wp\/v2\/posts\/28785\/revisions\/28831"}],"wp:attachment":[{"href":"https:\/\/sudoesteacontece.com.br\/index.php?rest_route=%2Fwp%2Fv2%2Fmedia&parent=28785"}],"wp:term":[{"taxonomy":"category","embeddable":true,"href":"https:\/\/sudoesteacontece.com.br\/index.php?rest_route=%2Fwp%2Fv2%2Fcategories&post=28785"},{"taxonomy":"post_tag","embeddable":true,"href":"https:\/\/sudoesteacontece.com.br\/index.php?rest_route=%2Fwp%2Fv2%2Ftags&post=28785"}],"curies":[{"name":"wp","href":"https:\/\/api.w.org\/{rel}","templated":true}]}}