{"id":28788,"date":"2026-08-31T17:56:17","date_gmt":"2026-08-31T20:56:17","guid":{"rendered":"https:\/\/sudoesteacontece.com.br\/?p=28788"},"modified":"2026-08-31T17:56:22","modified_gmt":"2026-08-31T20:56:22","slug":"caminhonete-bate-na-traseira-de-carro-e-condutor-deixa-local-na-br-030","status":"publish","type":"post","link":"https:\/\/sudoesteacontece.com.br\/?p=28788","title":{"rendered":"Caminhonete bate na traseira de carro e condutor deixa local na BR-030"},"content":{"rendered":"\n<figure class=\"wp-block-image size-full\"><img fetchpriority=\"high\" decoding=\"async\" width=\"900\" height=\"600\" src=\"http:\/\/sudoesteacontece.com.br\/wp-content\/uploads\/2026\/08\/Caminhonete-bate-na-traseira-de-carro-e-condutor-deixa-local-na-BR-030.jpg\" alt=\"\" class=\"wp-image-28826\" srcset=\"https:\/\/sudoesteacontece.com.br\/wp-content\/uploads\/2026\/08\/Caminhonete-bate-na-traseira-de-carro-e-condutor-deixa-local-na-BR-030.jpg 900w, https:\/\/sudoesteacontece.com.br\/wp-content\/uploads\/2026\/08\/Caminhonete-bate-na-traseira-de-carro-e-condutor-deixa-local-na-BR-030-300x200.jpg 300w, https:\/\/sudoesteacontece.com.br\/wp-content\/uploads\/2026\/08\/Caminhonete-bate-na-traseira-de-carro-e-condutor-deixa-local-na-BR-030-768x512.jpg 768w\" sizes=\"(max-width: 900px) 100vw, 900px\" \/><\/figure>\n\n\n\n<p class=\"wp-block-paragraph\">Uma colis\u00e3o traseira entre uma caminhonete e um carro foi registrada na noite deste domingo (30), no km 384 da BR-030, em Guanambi, no sudoeste da Bahia. O acidente aconteceu por volta das 19h28 e provocou danos materiais nos dois ve\u00edculos. N\u00e3o houve registro de pessoas feridas na ocorr\u00eancia.<\/p>\n\n\n\n<p class=\"wp-block-paragraph\">Segundo a Pol\u00edcia Militar, uma equipe foi acionada pelo Centro Integrado de Comunica\u00e7\u00e3o (CICOM) para atender ao sinistro de tr\u00e2nsito. Ao chegar ao trecho, os policiais constataram que uma Chevrolet S10 branca havia atingido a parte traseira direita de um Fiat Palio preto.<\/p>\n\n\n\n<p class=\"wp-block-paragraph\">Com o impacto, os ve\u00edculos apresentaram danos em diferentes componentes. Foram registrados preju\u00edzos na lataria, roda, farol e sistema de suspens\u00e3o dos autom\u00f3veis envolvidos na colis\u00e3o.<\/p>\n\n\n\n<p class=\"wp-block-paragraph\">De acordo com as informa\u00e7\u00f5es registradas pela ocorr\u00eancia, o condutor da caminhonete deixou o local antes da chegada da equipe policial. N\u00e3o foram divulgadas informa\u00e7\u00f5es sobre a identidade do motorista nem sobre as circunst\u00e2ncias que antecederam a batida.<\/p>\n\n\n\n<p class=\"wp-block-paragraph\">Para reduzir os riscos aos demais usu\u00e1rios da rodovia, os policiais realizaram o isolamento e a sinaliza\u00e7\u00e3o do trecho onde ocorreu o acidente. A equipe tamb\u00e9m registrou a ocorr\u00eancia e adotou as medidas necess\u00e1rias para garantir a seguran\u00e7a no local.<\/p>\n\n\n\n<p class=\"wp-block-paragraph\">Posteriormente, a Chevrolet S10 foi removida para um p\u00e1tio credenciado. O ve\u00edculo permanecer\u00e1 no local \u00e0 disposi\u00e7\u00e3o das autoridades para os procedimentos e medidas administrativas cab\u00edveis relacionados \u00e0 ocorr\u00eancia.<\/p>\n","protected":false},"excerpt":{"rendered":"<p>Uma colis\u00e3o traseira entre uma caminhonete e um carro foi registrada na noite deste domingo (30), no km 384 da BR-030, em Guanambi, no sudoeste da Bahia. O acidente aconteceu por volta das 19h28 e provocou danos materiais nos dois ve\u00edculos. N\u00e3o houve registro de pessoas feridas na ocorr\u00eancia. Segundo a Pol\u00edcia Militar, uma equipe foi acionada pelo Centro Integrado de Comunica\u00e7\u00e3o (CICOM) para atender ao sinistro de tr\u00e2nsito. Ao chegar ao trecho, os policiais constataram que uma Chevrolet S10 branca havia atingido a parte traseira direita de um Fiat Palio preto. Com o impacto, os ve\u00edculos apresentaram danos em diferentes componentes. Foram registrados preju\u00edzos na lataria, roda, farol e sistema de suspens\u00e3o dos autom\u00f3veis envolvidos na colis\u00e3o. De acordo com as informa\u00e7\u00f5es registradas pela ocorr\u00eancia, o condutor da caminhonete deixou o local antes da chegada da equipe policial. N\u00e3o foram divulgadas informa\u00e7\u00f5es sobre a identidade do motorista nem sobre as circunst\u00e2ncias que antecederam a batida. Para reduzir os riscos aos demais usu\u00e1rios da rodovia, os policiais realizaram o isolamento e a sinaliza\u00e7\u00e3o do trecho onde ocorreu o acidente. A equipe tamb\u00e9m registrou a ocorr\u00eancia e adotou as medidas necess\u00e1rias para garantir a seguran\u00e7a no local. Posteriormente, a Chevrolet S10 foi removida para um p\u00e1tio credenciado. O ve\u00edculo permanecer\u00e1 no local \u00e0 disposi\u00e7\u00e3o das autoridades para os procedimentos e medidas administrativas cab\u00edveis relacionados \u00e0 ocorr\u00eancia.<\/p>\n","protected":false},"author":4,"featured_media":0,"comment_status":"open","ping_status":"open","sticky":false,"template":"","format":"standard","meta":{"footnotes":""},"categories":[5,17],"tags":[],"class_list":["post-28788","post","type-post","status-publish","format-standard","hentry","category-acidente","category-guanambi"],"yoast_head":"<!-- This site is optimized with the Yoast SEO plugin v26.5 - https:\/\/yoast.com\/wordpress\/plugins\/seo\/ -->\n<title>Caminhonete bate na traseira de carro e condutor deixa local na BR-030 - Sudoesteacontece<\/title>\n<meta name=\"robots\" content=\"index, follow, max-snippet:-1, max-image-preview:large, max-video-preview:-1\" \/>\n<link rel=\"canonical\" href=\"https:\/\/sudoesteacontece.com.br\/?p=28788\" \/>\n<meta property=\"og:locale\" content=\"pt_BR\" \/>\n<meta property=\"og:type\" content=\"article\" \/>\n<meta property=\"og:title\" content=\"Caminhonete bate na traseira de carro e condutor deixa local na BR-030 - Sudoesteacontece\" \/>\n<meta property=\"og:description\" content=\"Uma colis\u00e3o traseira entre uma caminhonete e um carro foi registrada na noite deste domingo (30), no km 384 da BR-030, em Guanambi, no sudoeste da Bahia. O acidente aconteceu por volta das 19h28 e provocou danos materiais nos dois ve\u00edculos. N\u00e3o houve registro de pessoas feridas na ocorr\u00eancia. Segundo a Pol\u00edcia Militar, uma equipe foi acionada pelo Centro Integrado de Comunica\u00e7\u00e3o (CICOM) para atender ao sinistro de tr\u00e2nsito. Ao chegar ao trecho, os policiais constataram que uma Chevrolet S10 branca havia atingido a parte traseira direita de um Fiat Palio preto. Com o impacto, os ve\u00edculos apresentaram danos em diferentes componentes. Foram registrados preju\u00edzos na lataria, roda, farol e sistema de suspens\u00e3o dos autom\u00f3veis envolvidos na colis\u00e3o. De acordo com as informa\u00e7\u00f5es registradas pela ocorr\u00eancia, o condutor da caminhonete deixou o local antes da chegada da equipe policial. N\u00e3o foram divulgadas informa\u00e7\u00f5es sobre a identidade do motorista nem sobre as circunst\u00e2ncias que antecederam a batida. Para reduzir os riscos aos demais usu\u00e1rios da rodovia, os policiais realizaram o isolamento e a sinaliza\u00e7\u00e3o do trecho onde ocorreu o acidente. A equipe tamb\u00e9m registrou a ocorr\u00eancia e adotou as medidas necess\u00e1rias para garantir a seguran\u00e7a no local. Posteriormente, a Chevrolet S10 foi removida para um p\u00e1tio credenciado. O ve\u00edculo permanecer\u00e1 no local \u00e0 disposi\u00e7\u00e3o das autoridades para os procedimentos e medidas administrativas cab\u00edveis relacionados \u00e0 ocorr\u00eancia.\" \/>\n<meta property=\"og:url\" content=\"https:\/\/sudoesteacontece.com.br\/?p=28788\" \/>\n<meta property=\"og:site_name\" content=\"Sudoesteacontece\" \/>\n<meta property=\"article:publisher\" content=\"https:\/\/www.facebook.com\/sudoesteacontece\/?locale=pt_BR\" \/>\n<meta property=\"article:published_time\" content=\"2026-08-31T20:56:17+00:00\" \/>\n<meta property=\"article:modified_time\" content=\"2026-08-31T20:56:22+00:00\" \/>\n<meta property=\"og:image\" content=\"https:\/\/sudoesteacontece.com.br\/wp-content\/uploads\/2026\/08\/Caminhonete-bate-na-traseira-de-carro-e-condutor-deixa-local-na-BR-030.jpg\" \/>\n\t<meta property=\"og:image:width\" content=\"900\" \/>\n\t<meta property=\"og:image:height\" content=\"600\" \/>\n\t<meta property=\"og:image:type\" content=\"image\/jpeg\" \/>\n<meta name=\"author\" content=\"Reda\u00e7\u00e3o\" \/>\n<meta name=\"twitter:card\" content=\"summary_large_image\" \/>\n<meta name=\"twitter:label1\" content=\"Escrito por\" \/>\n\t<meta name=\"twitter:data1\" content=\"Reda\u00e7\u00e3o\" \/>\n\t<meta name=\"twitter:label2\" content=\"Est. tempo de leitura\" \/>\n\t<meta name=\"twitter:data2\" content=\"2 minutos\" \/>\n<script type=\"application\/ld+json\" class=\"yoast-schema-graph\">{\"@context\":\"https:\/\/schema.org\",\"@graph\":[{\"@type\":\"Article\",\"@id\":\"https:\/\/sudoesteacontece.com.br\/?p=28788#article\",\"isPartOf\":{\"@id\":\"https:\/\/sudoesteacontece.com.br\/?p=28788\"},\"author\":{\"name\":\"Reda\u00e7\u00e3o\",\"@id\":\"https:\/\/sudoesteacontece.com.br\/#\/schema\/person\/a4f22429c1d0923ef8f7d43343f8dc38\"},\"headline\":\"Caminhonete bate na traseira de carro e condutor deixa local na BR-030\",\"datePublished\":\"2026-08-31T20:56:17+00:00\",\"dateModified\":\"2026-08-31T20:56:22+00:00\",\"mainEntityOfPage\":{\"@id\":\"https:\/\/sudoesteacontece.com.br\/?p=28788\"},\"wordCount\":261,\"commentCount\":0,\"publisher\":{\"@id\":\"https:\/\/sudoesteacontece.com.br\/#organization\"},\"image\":{\"@id\":\"https:\/\/sudoesteacontece.com.br\/?p=28788#primaryimage\"},\"thumbnailUrl\":\"http:\/\/sudoesteacontece.com.br\/wp-content\/uploads\/2026\/08\/Caminhonete-bate-na-traseira-de-carro-e-condutor-deixa-local-na-BR-030.jpg\",\"articleSection\":[\"Acidente\",\"Guanambi\"],\"inLanguage\":\"pt-BR\",\"potentialAction\":[{\"@type\":\"CommentAction\",\"name\":\"Comment\",\"target\":[\"https:\/\/sudoesteacontece.com.br\/?p=28788#respond\"]}]},{\"@type\":\"WebPage\",\"@id\":\"https:\/\/sudoesteacontece.com.br\/?p=28788\",\"url\":\"https:\/\/sudoesteacontece.com.br\/?p=28788\",\"name\":\"Caminhonete bate na traseira de carro e condutor deixa local na BR-030 - Sudoesteacontece\",\"isPartOf\":{\"@id\":\"https:\/\/sudoesteacontece.com.br\/#website\"},\"primaryImageOfPage\":{\"@id\":\"https:\/\/sudoesteacontece.com.br\/?p=28788#primaryimage\"},\"image\":{\"@id\":\"https:\/\/sudoesteacontece.com.br\/?p=28788#primaryimage\"},\"thumbnailUrl\":\"http:\/\/sudoesteacontece.com.br\/wp-content\/uploads\/2026\/08\/Caminhonete-bate-na-traseira-de-carro-e-condutor-deixa-local-na-BR-030.jpg\",\"datePublished\":\"2026-08-31T20:56:17+00:00\",\"dateModified\":\"2026-08-31T20:56:22+00:00\",\"breadcrumb\":{\"@id\":\"https:\/\/sudoesteacontece.com.br\/?p=28788#breadcrumb\"},\"inLanguage\":\"pt-BR\",\"potentialAction\":[{\"@type\":\"ReadAction\",\"target\":[\"https:\/\/sudoesteacontece.com.br\/?p=28788\"]}]},{\"@type\":\"ImageObject\",\"inLanguage\":\"pt-BR\",\"@id\":\"https:\/\/sudoesteacontece.com.br\/?p=28788#primaryimage\",\"url\":\"https:\/\/sudoesteacontece.com.br\/wp-content\/uploads\/2026\/08\/Caminhonete-bate-na-traseira-de-carro-e-condutor-deixa-local-na-BR-030.jpg\",\"contentUrl\":\"https:\/\/sudoesteacontece.com.br\/wp-content\/uploads\/2026\/08\/Caminhonete-bate-na-traseira-de-carro-e-condutor-deixa-local-na-BR-030.jpg\",\"width\":900,\"height\":600},{\"@type\":\"BreadcrumbList\",\"@id\":\"https:\/\/sudoesteacontece.com.br\/?p=28788#breadcrumb\",\"itemListElement\":[{\"@type\":\"ListItem\",\"position\":1,\"name\":\"In\u00edcio\",\"item\":\"https:\/\/sudoesteacontece.com.br\/\"},{\"@type\":\"ListItem\",\"position\":2,\"name\":\"Caminhonete bate na traseira de carro e condutor deixa local na BR-030\"}]},{\"@type\":\"WebSite\",\"@id\":\"https:\/\/sudoesteacontece.com.br\/#website\",\"url\":\"https:\/\/sudoesteacontece.com.br\/\",\"name\":\"Sudoesteacontece\",\"description\":\"\",\"publisher\":{\"@id\":\"https:\/\/sudoesteacontece.com.br\/#organization\"},\"potentialAction\":[{\"@type\":\"SearchAction\",\"target\":{\"@type\":\"EntryPoint\",\"urlTemplate\":\"https:\/\/sudoesteacontece.com.br\/?s={search_term_string}\"},\"query-input\":{\"@type\":\"PropertyValueSpecification\",\"valueRequired\":true,\"valueName\":\"search_term_string\"}}],\"inLanguage\":\"pt-BR\"},{\"@type\":\"Organization\",\"@id\":\"https:\/\/sudoesteacontece.com.br\/#organization\",\"name\":\"Sudoesteacontece\",\"url\":\"https:\/\/sudoesteacontece.com.br\/\",\"logo\":{\"@type\":\"ImageObject\",\"inLanguage\":\"pt-BR\",\"@id\":\"https:\/\/sudoesteacontece.com.br\/#\/schema\/logo\/image\/\",\"url\":\"https:\/\/sudoesteacontece.com.br\/wp-content\/uploads\/2025\/12\/cropped-logo-2-180x180-1.png\",\"contentUrl\":\"https:\/\/sudoesteacontece.com.br\/wp-content\/uploads\/2025\/12\/cropped-logo-2-180x180-1.png\",\"width\":180,\"height\":180,\"caption\":\"Sudoesteacontece\"},\"image\":{\"@id\":\"https:\/\/sudoesteacontece.com.br\/#\/schema\/logo\/image\/\"},\"sameAs\":[\"https:\/\/www.facebook.com\/sudoesteacontece\/?locale=pt_BR\"]},{\"@type\":\"Person\",\"@id\":\"https:\/\/sudoesteacontece.com.br\/#\/schema\/person\/a4f22429c1d0923ef8f7d43343f8dc38\",\"name\":\"Reda\u00e7\u00e3o\",\"image\":{\"@type\":\"ImageObject\",\"inLanguage\":\"pt-BR\",\"@id\":\"https:\/\/sudoesteacontece.com.br\/#\/schema\/person\/image\/\",\"url\":\"https:\/\/secure.gravatar.com\/avatar\/c3a5b3c93f268a709c25a2df414c629a96fb3b1b4bf97a94fb3f72e54ae76903?s=96&d=mm&r=g\",\"contentUrl\":\"https:\/\/secure.gravatar.com\/avatar\/c3a5b3c93f268a709c25a2df414c629a96fb3b1b4bf97a94fb3f72e54ae76903?s=96&d=mm&r=g\",\"caption\":\"Reda\u00e7\u00e3o\"},\"url\":\"https:\/\/sudoesteacontece.com.br\/?author=4\"}]}<\/script>\n<!-- \/ Yoast SEO plugin. -->","yoast_head_json":{"title":"Caminhonete bate na traseira de carro e condutor deixa local na BR-030 - Sudoesteacontece","robots":{"index":"index","follow":"follow","max-snippet":"max-snippet:-1","max-image-preview":"max-image-preview:large","max-video-preview":"max-video-preview:-1"},"canonical":"https:\/\/sudoesteacontece.com.br\/?p=28788","og_locale":"pt_BR","og_type":"article","og_title":"Caminhonete bate na traseira de carro e condutor deixa local na BR-030 - Sudoesteacontece","og_description":"Uma colis\u00e3o traseira entre uma caminhonete e um carro foi registrada na noite deste domingo (30), no km 384 da BR-030, em Guanambi, no sudoeste da Bahia. O acidente aconteceu por volta das 19h28 e provocou danos materiais nos dois ve\u00edculos. N\u00e3o houve registro de pessoas feridas na ocorr\u00eancia. Segundo a Pol\u00edcia Militar, uma equipe foi acionada pelo Centro Integrado de Comunica\u00e7\u00e3o (CICOM) para atender ao sinistro de tr\u00e2nsito. Ao chegar ao trecho, os policiais constataram que uma Chevrolet S10 branca havia atingido a parte traseira direita de um Fiat Palio preto. Com o impacto, os ve\u00edculos apresentaram danos em diferentes componentes. Foram registrados preju\u00edzos na lataria, roda, farol e sistema de suspens\u00e3o dos autom\u00f3veis envolvidos na colis\u00e3o. De acordo com as informa\u00e7\u00f5es registradas pela ocorr\u00eancia, o condutor da caminhonete deixou o local antes da chegada da equipe policial. N\u00e3o foram divulgadas informa\u00e7\u00f5es sobre a identidade do motorista nem sobre as circunst\u00e2ncias que antecederam a batida. Para reduzir os riscos aos demais usu\u00e1rios da rodovia, os policiais realizaram o isolamento e a sinaliza\u00e7\u00e3o do trecho onde ocorreu o acidente. A equipe tamb\u00e9m registrou a ocorr\u00eancia e adotou as medidas necess\u00e1rias para garantir a seguran\u00e7a no local. Posteriormente, a Chevrolet S10 foi removida para um p\u00e1tio credenciado. O ve\u00edculo permanecer\u00e1 no local \u00e0 disposi\u00e7\u00e3o das autoridades para os procedimentos e medidas administrativas cab\u00edveis relacionados \u00e0 ocorr\u00eancia.","og_url":"https:\/\/sudoesteacontece.com.br\/?p=28788","og_site_name":"Sudoesteacontece","article_publisher":"https:\/\/www.facebook.com\/sudoesteacontece\/?locale=pt_BR","article_published_time":"2026-08-31T20:56:17+00:00","article_modified_time":"2026-08-31T20:56:22+00:00","og_image":[{"width":900,"height":600,"url":"https:\/\/sudoesteacontece.com.br\/wp-content\/uploads\/2026\/08\/Caminhonete-bate-na-traseira-de-carro-e-condutor-deixa-local-na-BR-030.jpg","type":"image\/jpeg"}],"author":"Reda\u00e7\u00e3o","twitter_card":"summary_large_image","twitter_misc":{"Escrito por":"Reda\u00e7\u00e3o","Est. tempo de leitura":"2 minutos"},"schema":{"@context":"https:\/\/schema.org","@graph":[{"@type":"Article","@id":"https:\/\/sudoesteacontece.com.br\/?p=28788#article","isPartOf":{"@id":"https:\/\/sudoesteacontece.com.br\/?p=28788"},"author":{"name":"Reda\u00e7\u00e3o","@id":"https:\/\/sudoesteacontece.com.br\/#\/schema\/person\/a4f22429c1d0923ef8f7d43343f8dc38"},"headline":"Caminhonete bate na traseira de carro e condutor deixa local na BR-030","datePublished":"2026-08-31T20:56:17+00:00","dateModified":"2026-08-31T20:56:22+00:00","mainEntityOfPage":{"@id":"https:\/\/sudoesteacontece.com.br\/?p=28788"},"wordCount":261,"commentCount":0,"publisher":{"@id":"https:\/\/sudoesteacontece.com.br\/#organization"},"image":{"@id":"https:\/\/sudoesteacontece.com.br\/?p=28788#primaryimage"},"thumbnailUrl":"http:\/\/sudoesteacontece.com.br\/wp-content\/uploads\/2026\/08\/Caminhonete-bate-na-traseira-de-carro-e-condutor-deixa-local-na-BR-030.jpg","articleSection":["Acidente","Guanambi"],"inLanguage":"pt-BR","potentialAction":[{"@type":"CommentAction","name":"Comment","target":["https:\/\/sudoesteacontece.com.br\/?p=28788#respond"]}]},{"@type":"WebPage","@id":"https:\/\/sudoesteacontece.com.br\/?p=28788","url":"https:\/\/sudoesteacontece.com.br\/?p=28788","name":"Caminhonete bate na traseira de carro e condutor deixa local na BR-030 - Sudoesteacontece","isPartOf":{"@id":"https:\/\/sudoesteacontece.com.br\/#website"},"primaryImageOfPage":{"@id":"https:\/\/sudoesteacontece.com.br\/?p=28788#primaryimage"},"image":{"@id":"https:\/\/sudoesteacontece.com.br\/?p=28788#primaryimage"},"thumbnailUrl":"http:\/\/sudoesteacontece.com.br\/wp-content\/uploads\/2026\/08\/Caminhonete-bate-na-traseira-de-carro-e-condutor-deixa-local-na-BR-030.jpg","datePublished":"2026-08-31T20:56:17+00:00","dateModified":"2026-08-31T20:56:22+00:00","breadcrumb":{"@id":"https:\/\/sudoesteacontece.com.br\/?p=28788#breadcrumb"},"inLanguage":"pt-BR","potentialAction":[{"@type":"ReadAction","target":["https:\/\/sudoesteacontece.com.br\/?p=28788"]}]},{"@type":"ImageObject","inLanguage":"pt-BR","@id":"https:\/\/sudoesteacontece.com.br\/?p=28788#primaryimage","url":"https:\/\/sudoesteacontece.com.br\/wp-content\/uploads\/2026\/08\/Caminhonete-bate-na-traseira-de-carro-e-condutor-deixa-local-na-BR-030.jpg","contentUrl":"https:\/\/sudoesteacontece.com.br\/wp-content\/uploads\/2026\/08\/Caminhonete-bate-na-traseira-de-carro-e-condutor-deixa-local-na-BR-030.jpg","width":900,"height":600},{"@type":"BreadcrumbList","@id":"https:\/\/sudoesteacontece.com.br\/?p=28788#breadcrumb","itemListElement":[{"@type":"ListItem","position":1,"name":"In\u00edcio","item":"https:\/\/sudoesteacontece.com.br\/"},{"@type":"ListItem","position":2,"name":"Caminhonete bate na traseira de carro e condutor deixa local na BR-030"}]},{"@type":"WebSite","@id":"https:\/\/sudoesteacontece.com.br\/#website","url":"https:\/\/sudoesteacontece.com.br\/","name":"Sudoesteacontece","description":"","publisher":{"@id":"https:\/\/sudoesteacontece.com.br\/#organization"},"potentialAction":[{"@type":"SearchAction","target":{"@type":"EntryPoint","urlTemplate":"https:\/\/sudoesteacontece.com.br\/?s={search_term_string}"},"query-input":{"@type":"PropertyValueSpecification","valueRequired":true,"valueName":"search_term_string"}}],"inLanguage":"pt-BR"},{"@type":"Organization","@id":"https:\/\/sudoesteacontece.com.br\/#organization","name":"Sudoesteacontece","url":"https:\/\/sudoesteacontece.com.br\/","logo":{"@type":"ImageObject","inLanguage":"pt-BR","@id":"https:\/\/sudoesteacontece.com.br\/#\/schema\/logo\/image\/","url":"https:\/\/sudoesteacontece.com.br\/wp-content\/uploads\/2025\/12\/cropped-logo-2-180x180-1.png","contentUrl":"https:\/\/sudoesteacontece.com.br\/wp-content\/uploads\/2025\/12\/cropped-logo-2-180x180-1.png","width":180,"height":180,"caption":"Sudoesteacontece"},"image":{"@id":"https:\/\/sudoesteacontece.com.br\/#\/schema\/logo\/image\/"},"sameAs":["https:\/\/www.facebook.com\/sudoesteacontece\/?locale=pt_BR"]},{"@type":"Person","@id":"https:\/\/sudoesteacontece.com.br\/#\/schema\/person\/a4f22429c1d0923ef8f7d43343f8dc38","name":"Reda\u00e7\u00e3o","image":{"@type":"ImageObject","inLanguage":"pt-BR","@id":"https:\/\/sudoesteacontece.com.br\/#\/schema\/person\/image\/","url":"https:\/\/secure.gravatar.com\/avatar\/c3a5b3c93f268a709c25a2df414c629a96fb3b1b4bf97a94fb3f72e54ae76903?s=96&d=mm&r=g","contentUrl":"https:\/\/secure.gravatar.com\/avatar\/c3a5b3c93f268a709c25a2df414c629a96fb3b1b4bf97a94fb3f72e54ae76903?s=96&d=mm&r=g","caption":"Reda\u00e7\u00e3o"},"url":"https:\/\/sudoesteacontece.com.br\/?author=4"}]}},"_links":{"self":[{"href":"https:\/\/sudoesteacontece.com.br\/index.php?rest_route=\/wp\/v2\/posts\/28788","targetHints":{"allow":["GET"]}}],"collection":[{"href":"https:\/\/sudoesteacontece.com.br\/index.php?rest_route=\/wp\/v2\/posts"}],"about":[{"href":"https:\/\/sudoesteacontece.com.br\/index.php?rest_route=\/wp\/v2\/types\/post"}],"author":[{"embeddable":true,"href":"https:\/\/sudoesteacontece.com.br\/index.php?rest_route=\/wp\/v2\/users\/4"}],"replies":[{"embeddable":true,"href":"https:\/\/sudoesteacontece.com.br\/index.php?rest_route=%2Fwp%2Fv2%2Fcomments&post=28788"}],"version-history":[{"count":1,"href":"https:\/\/sudoesteacontece.com.br\/index.php?rest_route=\/wp\/v2\/posts\/28788\/revisions"}],"predecessor-version":[{"id":28833,"href":"https:\/\/sudoesteacontece.com.br\/index.php?rest_route=\/wp\/v2\/posts\/28788\/revisions\/28833"}],"wp:attachment":[{"href":"https:\/\/sudoesteacontece.com.br\/index.php?rest_route=%2Fwp%2Fv2%2Fmedia&parent=28788"}],"wp:term":[{"taxonomy":"category","embeddable":true,"href":"https:\/\/sudoesteacontece.com.br\/index.php?rest_route=%2Fwp%2Fv2%2Fcategories&post=28788"},{"taxonomy":"post_tag","embeddable":true,"href":"https:\/\/sudoesteacontece.com.br\/index.php?rest_route=%2Fwp%2Fv2%2Ftags&post=28788"}],"curies":[{"name":"wp","href":"https:\/\/api.w.org\/{rel}","templated":true}]}}