{"id":28838,"date":"2026-08-31T18:15:59","date_gmt":"2026-08-31T21:15:59","guid":{"rendered":"https:\/\/sudoesteacontece.com.br\/?p=28838"},"modified":"2026-08-31T18:16:04","modified_gmt":"2026-08-31T21:16:04","slug":"denuncia-ao-tcm-aponta-possiveis-irregularidades-na-camara-de-riacho-de-santana","status":"publish","type":"post","link":"https:\/\/sudoesteacontece.com.br\/?p=28838","title":{"rendered":"Den\u00fancia ao TCM aponta poss\u00edveis irregularidades na C\u00e2mara de Riacho de Santana"},"content":{"rendered":"\n<figure class=\"wp-block-image size-full\"><img fetchpriority=\"high\" decoding=\"async\" width=\"900\" height=\"600\" src=\"http:\/\/sudoesteacontece.com.br\/wp-content\/uploads\/2026\/08\/789303677_2469217430154660_2422139176815890977_n.jpeg\" alt=\"\" class=\"wp-image-28863\" srcset=\"https:\/\/sudoesteacontece.com.br\/wp-content\/uploads\/2026\/08\/789303677_2469217430154660_2422139176815890977_n.jpeg 900w, https:\/\/sudoesteacontece.com.br\/wp-content\/uploads\/2026\/08\/789303677_2469217430154660_2422139176815890977_n-300x200.jpeg 300w, https:\/\/sudoesteacontece.com.br\/wp-content\/uploads\/2026\/08\/789303677_2469217430154660_2422139176815890977_n-768x512.jpeg 768w\" sizes=\"(max-width: 900px) 100vw, 900px\" \/><\/figure>\n\n\n\n<p class=\"wp-block-paragraph\">Uma den\u00fancia encaminhada ao Tribunal de Contas dos Munic\u00edpios da Bahia (TCM-BA) aponta poss\u00edveis irregularidades em licita\u00e7\u00f5es, contrata\u00e7\u00f5es diretas e na folha de pagamento da C\u00e2mara Municipal de Riacho de Santana. Segundo o documento, as despesas questionadas ultrapassam R$ 11,9 milh\u00f5es e correspondem ao per\u00edodo entre mar\u00e7o de 2024 e junho de 2026.<\/p>\n\n\n\n<p class=\"wp-block-paragraph\">Entre os pontos apresentados est\u00e3o o aumento do quadro de servidores e varia\u00e7\u00f5es consideradas at\u00edpicas nos subs\u00eddios pagos aos vereadores. A den\u00fancia tamb\u00e9m menciona movimenta\u00e7\u00f5es relacionadas a exonera\u00e7\u00f5es e posteriores nomea\u00e7\u00f5es de pessoas para fun\u00e7\u00f5es na estrutura administrativa do Legislativo municipal.<\/p>\n\n\n\n<p class=\"wp-block-paragraph\">Outro questionamento envolve um poss\u00edvel fracionamento de despesas e a realiza\u00e7\u00e3o de contrata\u00e7\u00f5es diretas que, segundo a den\u00fancia, poderiam ter ultrapassado os limites estabelecidos para a dispensa de licita\u00e7\u00e3o. O documento encaminhado ao \u00f3rg\u00e3o de controle solicita que os procedimentos adotados pela C\u00e2mara sejam analisados.<\/p>\n\n\n\n<p class=\"wp-block-paragraph\">Tamb\u00e9m foram levantados questionamentos sobre a concentra\u00e7\u00e3o de despesas em servi\u00e7os de consultoria e tecnologia da informa\u00e7\u00e3o. A den\u00fancia cita ainda contrata\u00e7\u00f5es realizadas por inexigibilidade envolvendo empresas que teriam sido constitu\u00eddas recentemente.<\/p>\n\n\n\n<p class=\"wp-block-paragraph\">Diante dos apontamentos, foram solicitadas ao TCM-BA provid\u00eancias para apurar os fatos. Entre as medidas requeridas est\u00e3o a realiza\u00e7\u00e3o de auditoria, a intima\u00e7\u00e3o da C\u00e2mara Municipal para apresentar esclarecimentos e, caso sejam identificados elementos suficientes, a ado\u00e7\u00e3o de medidas cautelares.<\/p>\n\n\n\n<p class=\"wp-block-paragraph\">At\u00e9 o momento, os fatos relatados na den\u00fancia n\u00e3o representam irregularidades comprovadas. Eventual investiga\u00e7\u00e3o dever\u00e1 analisar os documentos e procedimentos citados, assegurando aos envolvidos o direito ao contradit\u00f3rio e \u00e0 ampla defesa.<\/p>\n","protected":false},"excerpt":{"rendered":"<p>Uma den\u00fancia encaminhada ao Tribunal de Contas dos Munic\u00edpios da Bahia (TCM-BA) aponta poss\u00edveis irregularidades em licita\u00e7\u00f5es, contrata\u00e7\u00f5es diretas e na folha de pagamento da C\u00e2mara Municipal de Riacho de Santana. Segundo o documento, as despesas questionadas ultrapassam R$ 11,9 milh\u00f5es e correspondem ao per\u00edodo entre mar\u00e7o de 2024 e junho de 2026. Entre os pontos apresentados est\u00e3o o aumento do quadro de servidores e varia\u00e7\u00f5es consideradas at\u00edpicas nos subs\u00eddios pagos aos vereadores. A den\u00fancia tamb\u00e9m menciona movimenta\u00e7\u00f5es relacionadas a exonera\u00e7\u00f5es e posteriores nomea\u00e7\u00f5es de pessoas para fun\u00e7\u00f5es na estrutura administrativa do Legislativo municipal. Outro questionamento envolve um poss\u00edvel fracionamento de despesas e a realiza\u00e7\u00e3o de contrata\u00e7\u00f5es diretas que, segundo a den\u00fancia, poderiam ter ultrapassado os limites estabelecidos para a dispensa de licita\u00e7\u00e3o. O documento encaminhado ao \u00f3rg\u00e3o de controle solicita que os procedimentos adotados pela C\u00e2mara sejam analisados. Tamb\u00e9m foram levantados questionamentos sobre a concentra\u00e7\u00e3o de despesas em servi\u00e7os de consultoria e tecnologia da informa\u00e7\u00e3o. A den\u00fancia cita ainda contrata\u00e7\u00f5es realizadas por inexigibilidade envolvendo empresas que teriam sido constitu\u00eddas recentemente. Diante dos apontamentos, foram solicitadas ao TCM-BA provid\u00eancias para apurar os fatos. Entre as medidas requeridas est\u00e3o a realiza\u00e7\u00e3o de auditoria, a intima\u00e7\u00e3o da C\u00e2mara Municipal para apresentar esclarecimentos e, caso sejam identificados elementos suficientes, a ado\u00e7\u00e3o de medidas cautelares. At\u00e9 o momento, os fatos relatados na den\u00fancia n\u00e3o representam irregularidades comprovadas. Eventual investiga\u00e7\u00e3o dever\u00e1 analisar os documentos e procedimentos citados, assegurando aos envolvidos o direito ao contradit\u00f3rio e \u00e0 ampla defesa.<\/p>\n","protected":false},"author":4,"featured_media":0,"comment_status":"open","ping_status":"open","sticky":false,"template":"","format":"standard","meta":{"footnotes":""},"categories":[4,13,6,71],"tags":[],"class_list":["post-28838","post","type-post","status-publish","format-standard","hentry","category-cidades","category-justica","category-politica","category-riacho-de-santana"],"yoast_head":"<!-- This site is optimized with the Yoast SEO plugin v26.5 - https:\/\/yoast.com\/wordpress\/plugins\/seo\/ -->\n<title>Den\u00fancia ao TCM aponta poss\u00edveis irregularidades na C\u00e2mara de Riacho de Santana - Sudoesteacontece<\/title>\n<meta name=\"robots\" content=\"index, follow, max-snippet:-1, max-image-preview:large, max-video-preview:-1\" \/>\n<link rel=\"canonical\" href=\"https:\/\/sudoesteacontece.com.br\/?p=28838\" \/>\n<meta property=\"og:locale\" content=\"pt_BR\" \/>\n<meta property=\"og:type\" content=\"article\" \/>\n<meta property=\"og:title\" content=\"Den\u00fancia ao TCM aponta poss\u00edveis irregularidades na C\u00e2mara de Riacho de Santana - Sudoesteacontece\" \/>\n<meta property=\"og:description\" content=\"Uma den\u00fancia encaminhada ao Tribunal de Contas dos Munic\u00edpios da Bahia (TCM-BA) aponta poss\u00edveis irregularidades em licita\u00e7\u00f5es, contrata\u00e7\u00f5es diretas e na folha de pagamento da C\u00e2mara Municipal de Riacho de Santana. Segundo o documento, as despesas questionadas ultrapassam R$ 11,9 milh\u00f5es e correspondem ao per\u00edodo entre mar\u00e7o de 2024 e junho de 2026. Entre os pontos apresentados est\u00e3o o aumento do quadro de servidores e varia\u00e7\u00f5es consideradas at\u00edpicas nos subs\u00eddios pagos aos vereadores. A den\u00fancia tamb\u00e9m menciona movimenta\u00e7\u00f5es relacionadas a exonera\u00e7\u00f5es e posteriores nomea\u00e7\u00f5es de pessoas para fun\u00e7\u00f5es na estrutura administrativa do Legislativo municipal. Outro questionamento envolve um poss\u00edvel fracionamento de despesas e a realiza\u00e7\u00e3o de contrata\u00e7\u00f5es diretas que, segundo a den\u00fancia, poderiam ter ultrapassado os limites estabelecidos para a dispensa de licita\u00e7\u00e3o. O documento encaminhado ao \u00f3rg\u00e3o de controle solicita que os procedimentos adotados pela C\u00e2mara sejam analisados. Tamb\u00e9m foram levantados questionamentos sobre a concentra\u00e7\u00e3o de despesas em servi\u00e7os de consultoria e tecnologia da informa\u00e7\u00e3o. A den\u00fancia cita ainda contrata\u00e7\u00f5es realizadas por inexigibilidade envolvendo empresas que teriam sido constitu\u00eddas recentemente. Diante dos apontamentos, foram solicitadas ao TCM-BA provid\u00eancias para apurar os fatos. Entre as medidas requeridas est\u00e3o a realiza\u00e7\u00e3o de auditoria, a intima\u00e7\u00e3o da C\u00e2mara Municipal para apresentar esclarecimentos e, caso sejam identificados elementos suficientes, a ado\u00e7\u00e3o de medidas cautelares. At\u00e9 o momento, os fatos relatados na den\u00fancia n\u00e3o representam irregularidades comprovadas. Eventual investiga\u00e7\u00e3o dever\u00e1 analisar os documentos e procedimentos citados, assegurando aos envolvidos o direito ao contradit\u00f3rio e \u00e0 ampla defesa.\" \/>\n<meta property=\"og:url\" content=\"https:\/\/sudoesteacontece.com.br\/?p=28838\" \/>\n<meta property=\"og:site_name\" content=\"Sudoesteacontece\" \/>\n<meta property=\"article:publisher\" content=\"https:\/\/www.facebook.com\/sudoesteacontece\/?locale=pt_BR\" \/>\n<meta property=\"article:published_time\" content=\"2026-08-31T21:15:59+00:00\" \/>\n<meta property=\"article:modified_time\" content=\"2026-08-31T21:16:04+00:00\" \/>\n<meta property=\"og:image\" content=\"https:\/\/sudoesteacontece.com.br\/wp-content\/uploads\/2026\/08\/789303677_2469217430154660_2422139176815890977_n.jpeg\" \/>\n\t<meta property=\"og:image:width\" content=\"900\" \/>\n\t<meta property=\"og:image:height\" content=\"600\" \/>\n\t<meta property=\"og:image:type\" content=\"image\/jpeg\" \/>\n<meta name=\"author\" content=\"Reda\u00e7\u00e3o\" \/>\n<meta name=\"twitter:card\" content=\"summary_large_image\" \/>\n<meta name=\"twitter:label1\" content=\"Escrito por\" \/>\n\t<meta name=\"twitter:data1\" content=\"Reda\u00e7\u00e3o\" \/>\n\t<meta name=\"twitter:label2\" content=\"Est. tempo de leitura\" \/>\n\t<meta name=\"twitter:data2\" content=\"2 minutos\" \/>\n<script type=\"application\/ld+json\" class=\"yoast-schema-graph\">{\"@context\":\"https:\/\/schema.org\",\"@graph\":[{\"@type\":\"Article\",\"@id\":\"https:\/\/sudoesteacontece.com.br\/?p=28838#article\",\"isPartOf\":{\"@id\":\"https:\/\/sudoesteacontece.com.br\/?p=28838\"},\"author\":{\"name\":\"Reda\u00e7\u00e3o\",\"@id\":\"https:\/\/sudoesteacontece.com.br\/#\/schema\/person\/a4f22429c1d0923ef8f7d43343f8dc38\"},\"headline\":\"Den\u00fancia ao TCM aponta poss\u00edveis irregularidades na C\u00e2mara de Riacho de Santana\",\"datePublished\":\"2026-08-31T21:15:59+00:00\",\"dateModified\":\"2026-08-31T21:16:04+00:00\",\"mainEntityOfPage\":{\"@id\":\"https:\/\/sudoesteacontece.com.br\/?p=28838\"},\"wordCount\":297,\"commentCount\":0,\"publisher\":{\"@id\":\"https:\/\/sudoesteacontece.com.br\/#organization\"},\"image\":{\"@id\":\"https:\/\/sudoesteacontece.com.br\/?p=28838#primaryimage\"},\"thumbnailUrl\":\"http:\/\/sudoesteacontece.com.br\/wp-content\/uploads\/2026\/08\/789303677_2469217430154660_2422139176815890977_n.jpeg\",\"articleSection\":[\"Cidades\",\"Justi\u00e7a\",\"Pol\u00edtica\",\"Riacho de Santana\"],\"inLanguage\":\"pt-BR\",\"potentialAction\":[{\"@type\":\"CommentAction\",\"name\":\"Comment\",\"target\":[\"https:\/\/sudoesteacontece.com.br\/?p=28838#respond\"]}]},{\"@type\":\"WebPage\",\"@id\":\"https:\/\/sudoesteacontece.com.br\/?p=28838\",\"url\":\"https:\/\/sudoesteacontece.com.br\/?p=28838\",\"name\":\"Den\u00fancia ao TCM aponta poss\u00edveis irregularidades na C\u00e2mara de Riacho de Santana - Sudoesteacontece\",\"isPartOf\":{\"@id\":\"https:\/\/sudoesteacontece.com.br\/#website\"},\"primaryImageOfPage\":{\"@id\":\"https:\/\/sudoesteacontece.com.br\/?p=28838#primaryimage\"},\"image\":{\"@id\":\"https:\/\/sudoesteacontece.com.br\/?p=28838#primaryimage\"},\"thumbnailUrl\":\"http:\/\/sudoesteacontece.com.br\/wp-content\/uploads\/2026\/08\/789303677_2469217430154660_2422139176815890977_n.jpeg\",\"datePublished\":\"2026-08-31T21:15:59+00:00\",\"dateModified\":\"2026-08-31T21:16:04+00:00\",\"breadcrumb\":{\"@id\":\"https:\/\/sudoesteacontece.com.br\/?p=28838#breadcrumb\"},\"inLanguage\":\"pt-BR\",\"potentialAction\":[{\"@type\":\"ReadAction\",\"target\":[\"https:\/\/sudoesteacontece.com.br\/?p=28838\"]}]},{\"@type\":\"ImageObject\",\"inLanguage\":\"pt-BR\",\"@id\":\"https:\/\/sudoesteacontece.com.br\/?p=28838#primaryimage\",\"url\":\"https:\/\/sudoesteacontece.com.br\/wp-content\/uploads\/2026\/08\/789303677_2469217430154660_2422139176815890977_n.jpeg\",\"contentUrl\":\"https:\/\/sudoesteacontece.com.br\/wp-content\/uploads\/2026\/08\/789303677_2469217430154660_2422139176815890977_n.jpeg\",\"width\":900,\"height\":600},{\"@type\":\"BreadcrumbList\",\"@id\":\"https:\/\/sudoesteacontece.com.br\/?p=28838#breadcrumb\",\"itemListElement\":[{\"@type\":\"ListItem\",\"position\":1,\"name\":\"In\u00edcio\",\"item\":\"https:\/\/sudoesteacontece.com.br\/\"},{\"@type\":\"ListItem\",\"position\":2,\"name\":\"Den\u00fancia ao TCM aponta poss\u00edveis irregularidades na C\u00e2mara de Riacho de Santana\"}]},{\"@type\":\"WebSite\",\"@id\":\"https:\/\/sudoesteacontece.com.br\/#website\",\"url\":\"https:\/\/sudoesteacontece.com.br\/\",\"name\":\"Sudoesteacontece\",\"description\":\"\",\"publisher\":{\"@id\":\"https:\/\/sudoesteacontece.com.br\/#organization\"},\"potentialAction\":[{\"@type\":\"SearchAction\",\"target\":{\"@type\":\"EntryPoint\",\"urlTemplate\":\"https:\/\/sudoesteacontece.com.br\/?s={search_term_string}\"},\"query-input\":{\"@type\":\"PropertyValueSpecification\",\"valueRequired\":true,\"valueName\":\"search_term_string\"}}],\"inLanguage\":\"pt-BR\"},{\"@type\":\"Organization\",\"@id\":\"https:\/\/sudoesteacontece.com.br\/#organization\",\"name\":\"Sudoesteacontece\",\"url\":\"https:\/\/sudoesteacontece.com.br\/\",\"logo\":{\"@type\":\"ImageObject\",\"inLanguage\":\"pt-BR\",\"@id\":\"https:\/\/sudoesteacontece.com.br\/#\/schema\/logo\/image\/\",\"url\":\"https:\/\/sudoesteacontece.com.br\/wp-content\/uploads\/2025\/12\/cropped-logo-2-180x180-1.png\",\"contentUrl\":\"https:\/\/sudoesteacontece.com.br\/wp-content\/uploads\/2025\/12\/cropped-logo-2-180x180-1.png\",\"width\":180,\"height\":180,\"caption\":\"Sudoesteacontece\"},\"image\":{\"@id\":\"https:\/\/sudoesteacontece.com.br\/#\/schema\/logo\/image\/\"},\"sameAs\":[\"https:\/\/www.facebook.com\/sudoesteacontece\/?locale=pt_BR\"]},{\"@type\":\"Person\",\"@id\":\"https:\/\/sudoesteacontece.com.br\/#\/schema\/person\/a4f22429c1d0923ef8f7d43343f8dc38\",\"name\":\"Reda\u00e7\u00e3o\",\"image\":{\"@type\":\"ImageObject\",\"inLanguage\":\"pt-BR\",\"@id\":\"https:\/\/sudoesteacontece.com.br\/#\/schema\/person\/image\/\",\"url\":\"https:\/\/secure.gravatar.com\/avatar\/c3a5b3c93f268a709c25a2df414c629a96fb3b1b4bf97a94fb3f72e54ae76903?s=96&d=mm&r=g\",\"contentUrl\":\"https:\/\/secure.gravatar.com\/avatar\/c3a5b3c93f268a709c25a2df414c629a96fb3b1b4bf97a94fb3f72e54ae76903?s=96&d=mm&r=g\",\"caption\":\"Reda\u00e7\u00e3o\"},\"url\":\"https:\/\/sudoesteacontece.com.br\/?author=4\"}]}<\/script>\n<!-- \/ Yoast SEO plugin. -->","yoast_head_json":{"title":"Den\u00fancia ao TCM aponta poss\u00edveis irregularidades na C\u00e2mara de Riacho de Santana - Sudoesteacontece","robots":{"index":"index","follow":"follow","max-snippet":"max-snippet:-1","max-image-preview":"max-image-preview:large","max-video-preview":"max-video-preview:-1"},"canonical":"https:\/\/sudoesteacontece.com.br\/?p=28838","og_locale":"pt_BR","og_type":"article","og_title":"Den\u00fancia ao TCM aponta poss\u00edveis irregularidades na C\u00e2mara de Riacho de Santana - Sudoesteacontece","og_description":"Uma den\u00fancia encaminhada ao Tribunal de Contas dos Munic\u00edpios da Bahia (TCM-BA) aponta poss\u00edveis irregularidades em licita\u00e7\u00f5es, contrata\u00e7\u00f5es diretas e na folha de pagamento da C\u00e2mara Municipal de Riacho de Santana. Segundo o documento, as despesas questionadas ultrapassam R$ 11,9 milh\u00f5es e correspondem ao per\u00edodo entre mar\u00e7o de 2024 e junho de 2026. Entre os pontos apresentados est\u00e3o o aumento do quadro de servidores e varia\u00e7\u00f5es consideradas at\u00edpicas nos subs\u00eddios pagos aos vereadores. A den\u00fancia tamb\u00e9m menciona movimenta\u00e7\u00f5es relacionadas a exonera\u00e7\u00f5es e posteriores nomea\u00e7\u00f5es de pessoas para fun\u00e7\u00f5es na estrutura administrativa do Legislativo municipal. Outro questionamento envolve um poss\u00edvel fracionamento de despesas e a realiza\u00e7\u00e3o de contrata\u00e7\u00f5es diretas que, segundo a den\u00fancia, poderiam ter ultrapassado os limites estabelecidos para a dispensa de licita\u00e7\u00e3o. O documento encaminhado ao \u00f3rg\u00e3o de controle solicita que os procedimentos adotados pela C\u00e2mara sejam analisados. Tamb\u00e9m foram levantados questionamentos sobre a concentra\u00e7\u00e3o de despesas em servi\u00e7os de consultoria e tecnologia da informa\u00e7\u00e3o. A den\u00fancia cita ainda contrata\u00e7\u00f5es realizadas por inexigibilidade envolvendo empresas que teriam sido constitu\u00eddas recentemente. Diante dos apontamentos, foram solicitadas ao TCM-BA provid\u00eancias para apurar os fatos. Entre as medidas requeridas est\u00e3o a realiza\u00e7\u00e3o de auditoria, a intima\u00e7\u00e3o da C\u00e2mara Municipal para apresentar esclarecimentos e, caso sejam identificados elementos suficientes, a ado\u00e7\u00e3o de medidas cautelares. At\u00e9 o momento, os fatos relatados na den\u00fancia n\u00e3o representam irregularidades comprovadas. Eventual investiga\u00e7\u00e3o dever\u00e1 analisar os documentos e procedimentos citados, assegurando aos envolvidos o direito ao contradit\u00f3rio e \u00e0 ampla defesa.","og_url":"https:\/\/sudoesteacontece.com.br\/?p=28838","og_site_name":"Sudoesteacontece","article_publisher":"https:\/\/www.facebook.com\/sudoesteacontece\/?locale=pt_BR","article_published_time":"2026-08-31T21:15:59+00:00","article_modified_time":"2026-08-31T21:16:04+00:00","og_image":[{"width":900,"height":600,"url":"https:\/\/sudoesteacontece.com.br\/wp-content\/uploads\/2026\/08\/789303677_2469217430154660_2422139176815890977_n.jpeg","type":"image\/jpeg"}],"author":"Reda\u00e7\u00e3o","twitter_card":"summary_large_image","twitter_misc":{"Escrito por":"Reda\u00e7\u00e3o","Est. tempo de leitura":"2 minutos"},"schema":{"@context":"https:\/\/schema.org","@graph":[{"@type":"Article","@id":"https:\/\/sudoesteacontece.com.br\/?p=28838#article","isPartOf":{"@id":"https:\/\/sudoesteacontece.com.br\/?p=28838"},"author":{"name":"Reda\u00e7\u00e3o","@id":"https:\/\/sudoesteacontece.com.br\/#\/schema\/person\/a4f22429c1d0923ef8f7d43343f8dc38"},"headline":"Den\u00fancia ao TCM aponta poss\u00edveis irregularidades na C\u00e2mara de Riacho de Santana","datePublished":"2026-08-31T21:15:59+00:00","dateModified":"2026-08-31T21:16:04+00:00","mainEntityOfPage":{"@id":"https:\/\/sudoesteacontece.com.br\/?p=28838"},"wordCount":297,"commentCount":0,"publisher":{"@id":"https:\/\/sudoesteacontece.com.br\/#organization"},"image":{"@id":"https:\/\/sudoesteacontece.com.br\/?p=28838#primaryimage"},"thumbnailUrl":"http:\/\/sudoesteacontece.com.br\/wp-content\/uploads\/2026\/08\/789303677_2469217430154660_2422139176815890977_n.jpeg","articleSection":["Cidades","Justi\u00e7a","Pol\u00edtica","Riacho de Santana"],"inLanguage":"pt-BR","potentialAction":[{"@type":"CommentAction","name":"Comment","target":["https:\/\/sudoesteacontece.com.br\/?p=28838#respond"]}]},{"@type":"WebPage","@id":"https:\/\/sudoesteacontece.com.br\/?p=28838","url":"https:\/\/sudoesteacontece.com.br\/?p=28838","name":"Den\u00fancia ao TCM aponta poss\u00edveis irregularidades na C\u00e2mara de Riacho de Santana - Sudoesteacontece","isPartOf":{"@id":"https:\/\/sudoesteacontece.com.br\/#website"},"primaryImageOfPage":{"@id":"https:\/\/sudoesteacontece.com.br\/?p=28838#primaryimage"},"image":{"@id":"https:\/\/sudoesteacontece.com.br\/?p=28838#primaryimage"},"thumbnailUrl":"http:\/\/sudoesteacontece.com.br\/wp-content\/uploads\/2026\/08\/789303677_2469217430154660_2422139176815890977_n.jpeg","datePublished":"2026-08-31T21:15:59+00:00","dateModified":"2026-08-31T21:16:04+00:00","breadcrumb":{"@id":"https:\/\/sudoesteacontece.com.br\/?p=28838#breadcrumb"},"inLanguage":"pt-BR","potentialAction":[{"@type":"ReadAction","target":["https:\/\/sudoesteacontece.com.br\/?p=28838"]}]},{"@type":"ImageObject","inLanguage":"pt-BR","@id":"https:\/\/sudoesteacontece.com.br\/?p=28838#primaryimage","url":"https:\/\/sudoesteacontece.com.br\/wp-content\/uploads\/2026\/08\/789303677_2469217430154660_2422139176815890977_n.jpeg","contentUrl":"https:\/\/sudoesteacontece.com.br\/wp-content\/uploads\/2026\/08\/789303677_2469217430154660_2422139176815890977_n.jpeg","width":900,"height":600},{"@type":"BreadcrumbList","@id":"https:\/\/sudoesteacontece.com.br\/?p=28838#breadcrumb","itemListElement":[{"@type":"ListItem","position":1,"name":"In\u00edcio","item":"https:\/\/sudoesteacontece.com.br\/"},{"@type":"ListItem","position":2,"name":"Den\u00fancia ao TCM aponta poss\u00edveis irregularidades na C\u00e2mara de Riacho de Santana"}]},{"@type":"WebSite","@id":"https:\/\/sudoesteacontece.com.br\/#website","url":"https:\/\/sudoesteacontece.com.br\/","name":"Sudoesteacontece","description":"","publisher":{"@id":"https:\/\/sudoesteacontece.com.br\/#organization"},"potentialAction":[{"@type":"SearchAction","target":{"@type":"EntryPoint","urlTemplate":"https:\/\/sudoesteacontece.com.br\/?s={search_term_string}"},"query-input":{"@type":"PropertyValueSpecification","valueRequired":true,"valueName":"search_term_string"}}],"inLanguage":"pt-BR"},{"@type":"Organization","@id":"https:\/\/sudoesteacontece.com.br\/#organization","name":"Sudoesteacontece","url":"https:\/\/sudoesteacontece.com.br\/","logo":{"@type":"ImageObject","inLanguage":"pt-BR","@id":"https:\/\/sudoesteacontece.com.br\/#\/schema\/logo\/image\/","url":"https:\/\/sudoesteacontece.com.br\/wp-content\/uploads\/2025\/12\/cropped-logo-2-180x180-1.png","contentUrl":"https:\/\/sudoesteacontece.com.br\/wp-content\/uploads\/2025\/12\/cropped-logo-2-180x180-1.png","width":180,"height":180,"caption":"Sudoesteacontece"},"image":{"@id":"https:\/\/sudoesteacontece.com.br\/#\/schema\/logo\/image\/"},"sameAs":["https:\/\/www.facebook.com\/sudoesteacontece\/?locale=pt_BR"]},{"@type":"Person","@id":"https:\/\/sudoesteacontece.com.br\/#\/schema\/person\/a4f22429c1d0923ef8f7d43343f8dc38","name":"Reda\u00e7\u00e3o","image":{"@type":"ImageObject","inLanguage":"pt-BR","@id":"https:\/\/sudoesteacontece.com.br\/#\/schema\/person\/image\/","url":"https:\/\/secure.gravatar.com\/avatar\/c3a5b3c93f268a709c25a2df414c629a96fb3b1b4bf97a94fb3f72e54ae76903?s=96&d=mm&r=g","contentUrl":"https:\/\/secure.gravatar.com\/avatar\/c3a5b3c93f268a709c25a2df414c629a96fb3b1b4bf97a94fb3f72e54ae76903?s=96&d=mm&r=g","caption":"Reda\u00e7\u00e3o"},"url":"https:\/\/sudoesteacontece.com.br\/?author=4"}]}},"_links":{"self":[{"href":"https:\/\/sudoesteacontece.com.br\/index.php?rest_route=\/wp\/v2\/posts\/28838","targetHints":{"allow":["GET"]}}],"collection":[{"href":"https:\/\/sudoesteacontece.com.br\/index.php?rest_route=\/wp\/v2\/posts"}],"about":[{"href":"https:\/\/sudoesteacontece.com.br\/index.php?rest_route=\/wp\/v2\/types\/post"}],"author":[{"embeddable":true,"href":"https:\/\/sudoesteacontece.com.br\/index.php?rest_route=\/wp\/v2\/users\/4"}],"replies":[{"embeddable":true,"href":"https:\/\/sudoesteacontece.com.br\/index.php?rest_route=%2Fwp%2Fv2%2Fcomments&post=28838"}],"version-history":[{"count":1,"href":"https:\/\/sudoesteacontece.com.br\/index.php?rest_route=\/wp\/v2\/posts\/28838\/revisions"}],"predecessor-version":[{"id":28870,"href":"https:\/\/sudoesteacontece.com.br\/index.php?rest_route=\/wp\/v2\/posts\/28838\/revisions\/28870"}],"wp:attachment":[{"href":"https:\/\/sudoesteacontece.com.br\/index.php?rest_route=%2Fwp%2Fv2%2Fmedia&parent=28838"}],"wp:term":[{"taxonomy":"category","embeddable":true,"href":"https:\/\/sudoesteacontece.com.br\/index.php?rest_route=%2Fwp%2Fv2%2Fcategories&post=28838"},{"taxonomy":"post_tag","embeddable":true,"href":"https:\/\/sudoesteacontece.com.br\/index.php?rest_route=%2Fwp%2Fv2%2Ftags&post=28838"}],"curies":[{"name":"wp","href":"https:\/\/api.w.org\/{rel}","templated":true}]}}