{"id":28840,"date":"2026-08-31T18:16:53","date_gmt":"2026-08-31T21:16:53","guid":{"rendered":"https:\/\/sudoesteacontece.com.br\/?p=28840"},"modified":"2026-08-31T18:16:58","modified_gmt":"2026-08-31T21:16:58","slug":"menina-de-9-anos-morre-afogada-no-rio-sao-francisco-em-malhada","status":"publish","type":"post","link":"https:\/\/sudoesteacontece.com.br\/?p=28840","title":{"rendered":"Menina de 9 anos morre afogada no Rio S\u00e3o Francisco em Malhada"},"content":{"rendered":"\n<figure class=\"wp-block-image size-full\"><img fetchpriority=\"high\" decoding=\"async\" width=\"900\" height=\"600\" src=\"http:\/\/sudoesteacontece.com.br\/wp-content\/uploads\/2026\/08\/Menina-de-9-anos-morre-afogada-no-Rio-Sao-Francisco-em-Malhada.jpg\" alt=\"\" class=\"wp-image-28866\" srcset=\"https:\/\/sudoesteacontece.com.br\/wp-content\/uploads\/2026\/08\/Menina-de-9-anos-morre-afogada-no-Rio-Sao-Francisco-em-Malhada.jpg 900w, https:\/\/sudoesteacontece.com.br\/wp-content\/uploads\/2026\/08\/Menina-de-9-anos-morre-afogada-no-Rio-Sao-Francisco-em-Malhada-300x200.jpg 300w, https:\/\/sudoesteacontece.com.br\/wp-content\/uploads\/2026\/08\/Menina-de-9-anos-morre-afogada-no-Rio-Sao-Francisco-em-Malhada-768x512.jpg 768w\" sizes=\"(max-width: 900px) 100vw, 900px\" \/><\/figure>\n\n\n\n<p class=\"wp-block-paragraph\">Uma menina de 9 anos morreu ap\u00f3s se afogar no Rio S\u00e3o Francisco, na zona rural de Malhada, no sudoeste da Bahia. Rayssa Brito dos Santos desapareceu na tarde deste domingo (30), enquanto tomava banho no rio acompanhada de outras pessoas. O afogamento aconteceu por volta das 15h, na comunidade Quilombo de Tom\u00e9-Nunes.<\/p>\n\n\n\n<p class=\"wp-block-paragraph\">Segundo informa\u00e7\u00f5es registradas pela Pol\u00edcia Civil, a crian\u00e7a estava no rio quando se afogou. Ap\u00f3s o desaparecimento, foram realizadas buscas para localizar a menina. O corpo foi encontrado somente na manh\u00e3 desta segunda-feira (31), \u00e0s margens do S\u00e3o Francisco, na mesma comunidade onde ocorreu o afogamento.<\/p>\n\n\n\n<p class=\"wp-block-paragraph\">Familiares e moradores acompanharam as buscas realizadas na regi\u00e3o ap\u00f3s o desaparecimento. A localiza\u00e7\u00e3o ocorreu por volta das 7h desta segunda-feira, quando o corpo de Rayssa foi encontrado pr\u00f3ximo \u00e0s margens do rio. As circunst\u00e2ncias do afogamento ser\u00e3o consideradas nos procedimentos adotados pelas autoridades.<\/p>\n\n\n\n<p class=\"wp-block-paragraph\">Depois da localiza\u00e7\u00e3o, foi solicitada a realiza\u00e7\u00e3o de per\u00edcia no local. Tamb\u00e9m foi determinado o encaminhamento do corpo para exame de necropsia, procedimento que dever\u00e1 auxiliar na documenta\u00e7\u00e3o das circunst\u00e2ncias relacionadas \u00e0 morte da crian\u00e7a.<\/p>\n\n\n\n<p class=\"wp-block-paragraph\">At\u00e9 o momento, n\u00e3o foram divulgadas outras informa\u00e7\u00f5es sobre o vel\u00f3rio e o sepultamento de Rayssa. O caso foi registrado e os procedimentos necess\u00e1rios dever\u00e3o ser realizados pelas autoridades respons\u00e1veis pela ocorr\u00eancia.<\/p>\n","protected":false},"excerpt":{"rendered":"<p>Uma menina de 9 anos morreu ap\u00f3s se afogar no Rio S\u00e3o Francisco, na zona rural de Malhada, no sudoeste da Bahia. Rayssa Brito dos Santos desapareceu na tarde deste domingo (30), enquanto tomava banho no rio acompanhada de outras pessoas. O afogamento aconteceu por volta das 15h, na comunidade Quilombo de Tom\u00e9-Nunes. Segundo informa\u00e7\u00f5es registradas pela Pol\u00edcia Civil, a crian\u00e7a estava no rio quando se afogou. Ap\u00f3s o desaparecimento, foram realizadas buscas para localizar a menina. O corpo foi encontrado somente na manh\u00e3 desta segunda-feira (31), \u00e0s margens do S\u00e3o Francisco, na mesma comunidade onde ocorreu o afogamento. Familiares e moradores acompanharam as buscas realizadas na regi\u00e3o ap\u00f3s o desaparecimento. A localiza\u00e7\u00e3o ocorreu por volta das 7h desta segunda-feira, quando o corpo de Rayssa foi encontrado pr\u00f3ximo \u00e0s margens do rio. As circunst\u00e2ncias do afogamento ser\u00e3o consideradas nos procedimentos adotados pelas autoridades. Depois da localiza\u00e7\u00e3o, foi solicitada a realiza\u00e7\u00e3o de per\u00edcia no local. Tamb\u00e9m foi determinado o encaminhamento do corpo para exame de necropsia, procedimento que dever\u00e1 auxiliar na documenta\u00e7\u00e3o das circunst\u00e2ncias relacionadas \u00e0 morte da crian\u00e7a. At\u00e9 o momento, n\u00e3o foram divulgadas outras informa\u00e7\u00f5es sobre o vel\u00f3rio e o sepultamento de Rayssa. O caso foi registrado e os procedimentos necess\u00e1rios dever\u00e3o ser realizados pelas autoridades respons\u00e1veis pela ocorr\u00eancia.<\/p>\n","protected":false},"author":4,"featured_media":0,"comment_status":"open","ping_status":"open","sticky":false,"template":"","format":"standard","meta":{"footnotes":""},"categories":[5,4,9,3],"tags":[],"class_list":["post-28840","post","type-post","status-publish","format-standard","hentry","category-acidente","category-cidades","category-malhada","category-policia"],"yoast_head":"<!-- This site is optimized with the Yoast SEO plugin v26.5 - https:\/\/yoast.com\/wordpress\/plugins\/seo\/ -->\n<title>Menina de 9 anos morre afogada no Rio S\u00e3o Francisco em Malhada - Sudoesteacontece<\/title>\n<meta name=\"robots\" content=\"index, follow, max-snippet:-1, max-image-preview:large, max-video-preview:-1\" \/>\n<link rel=\"canonical\" href=\"https:\/\/sudoesteacontece.com.br\/?p=28840\" \/>\n<meta property=\"og:locale\" content=\"pt_BR\" \/>\n<meta property=\"og:type\" content=\"article\" \/>\n<meta property=\"og:title\" content=\"Menina de 9 anos morre afogada no Rio S\u00e3o Francisco em Malhada - Sudoesteacontece\" \/>\n<meta property=\"og:description\" content=\"Uma menina de 9 anos morreu ap\u00f3s se afogar no Rio S\u00e3o Francisco, na zona rural de Malhada, no sudoeste da Bahia. Rayssa Brito dos Santos desapareceu na tarde deste domingo (30), enquanto tomava banho no rio acompanhada de outras pessoas. O afogamento aconteceu por volta das 15h, na comunidade Quilombo de Tom\u00e9-Nunes. Segundo informa\u00e7\u00f5es registradas pela Pol\u00edcia Civil, a crian\u00e7a estava no rio quando se afogou. Ap\u00f3s o desaparecimento, foram realizadas buscas para localizar a menina. O corpo foi encontrado somente na manh\u00e3 desta segunda-feira (31), \u00e0s margens do S\u00e3o Francisco, na mesma comunidade onde ocorreu o afogamento. Familiares e moradores acompanharam as buscas realizadas na regi\u00e3o ap\u00f3s o desaparecimento. A localiza\u00e7\u00e3o ocorreu por volta das 7h desta segunda-feira, quando o corpo de Rayssa foi encontrado pr\u00f3ximo \u00e0s margens do rio. As circunst\u00e2ncias do afogamento ser\u00e3o consideradas nos procedimentos adotados pelas autoridades. Depois da localiza\u00e7\u00e3o, foi solicitada a realiza\u00e7\u00e3o de per\u00edcia no local. Tamb\u00e9m foi determinado o encaminhamento do corpo para exame de necropsia, procedimento que dever\u00e1 auxiliar na documenta\u00e7\u00e3o das circunst\u00e2ncias relacionadas \u00e0 morte da crian\u00e7a. At\u00e9 o momento, n\u00e3o foram divulgadas outras informa\u00e7\u00f5es sobre o vel\u00f3rio e o sepultamento de Rayssa. O caso foi registrado e os procedimentos necess\u00e1rios dever\u00e3o ser realizados pelas autoridades respons\u00e1veis pela ocorr\u00eancia.\" \/>\n<meta property=\"og:url\" content=\"https:\/\/sudoesteacontece.com.br\/?p=28840\" \/>\n<meta property=\"og:site_name\" content=\"Sudoesteacontece\" \/>\n<meta property=\"article:publisher\" content=\"https:\/\/www.facebook.com\/sudoesteacontece\/?locale=pt_BR\" \/>\n<meta property=\"article:published_time\" content=\"2026-08-31T21:16:53+00:00\" \/>\n<meta property=\"article:modified_time\" content=\"2026-08-31T21:16:58+00:00\" \/>\n<meta property=\"og:image\" content=\"https:\/\/sudoesteacontece.com.br\/wp-content\/uploads\/2026\/08\/Menina-de-9-anos-morre-afogada-no-Rio-Sao-Francisco-em-Malhada.jpg\" \/>\n\t<meta property=\"og:image:width\" content=\"900\" \/>\n\t<meta property=\"og:image:height\" content=\"600\" \/>\n\t<meta property=\"og:image:type\" content=\"image\/jpeg\" \/>\n<meta name=\"author\" content=\"Reda\u00e7\u00e3o\" \/>\n<meta name=\"twitter:card\" content=\"summary_large_image\" \/>\n<meta name=\"twitter:label1\" content=\"Escrito por\" \/>\n\t<meta name=\"twitter:data1\" content=\"Reda\u00e7\u00e3o\" \/>\n\t<meta name=\"twitter:label2\" content=\"Est. tempo de leitura\" \/>\n\t<meta name=\"twitter:data2\" content=\"2 minutos\" \/>\n<script type=\"application\/ld+json\" class=\"yoast-schema-graph\">{\"@context\":\"https:\/\/schema.org\",\"@graph\":[{\"@type\":\"Article\",\"@id\":\"https:\/\/sudoesteacontece.com.br\/?p=28840#article\",\"isPartOf\":{\"@id\":\"https:\/\/sudoesteacontece.com.br\/?p=28840\"},\"author\":{\"name\":\"Reda\u00e7\u00e3o\",\"@id\":\"https:\/\/sudoesteacontece.com.br\/#\/schema\/person\/a4f22429c1d0923ef8f7d43343f8dc38\"},\"headline\":\"Menina de 9 anos morre afogada no Rio S\u00e3o Francisco em Malhada\",\"datePublished\":\"2026-08-31T21:16:53+00:00\",\"dateModified\":\"2026-08-31T21:16:58+00:00\",\"mainEntityOfPage\":{\"@id\":\"https:\/\/sudoesteacontece.com.br\/?p=28840\"},\"wordCount\":246,\"commentCount\":0,\"publisher\":{\"@id\":\"https:\/\/sudoesteacontece.com.br\/#organization\"},\"image\":{\"@id\":\"https:\/\/sudoesteacontece.com.br\/?p=28840#primaryimage\"},\"thumbnailUrl\":\"http:\/\/sudoesteacontece.com.br\/wp-content\/uploads\/2026\/08\/Menina-de-9-anos-morre-afogada-no-Rio-Sao-Francisco-em-Malhada.jpg\",\"articleSection\":[\"Acidente\",\"Cidades\",\"Malhada\",\"Pol\u00edcia\"],\"inLanguage\":\"pt-BR\",\"potentialAction\":[{\"@type\":\"CommentAction\",\"name\":\"Comment\",\"target\":[\"https:\/\/sudoesteacontece.com.br\/?p=28840#respond\"]}]},{\"@type\":\"WebPage\",\"@id\":\"https:\/\/sudoesteacontece.com.br\/?p=28840\",\"url\":\"https:\/\/sudoesteacontece.com.br\/?p=28840\",\"name\":\"Menina de 9 anos morre afogada no Rio S\u00e3o Francisco em Malhada - Sudoesteacontece\",\"isPartOf\":{\"@id\":\"https:\/\/sudoesteacontece.com.br\/#website\"},\"primaryImageOfPage\":{\"@id\":\"https:\/\/sudoesteacontece.com.br\/?p=28840#primaryimage\"},\"image\":{\"@id\":\"https:\/\/sudoesteacontece.com.br\/?p=28840#primaryimage\"},\"thumbnailUrl\":\"http:\/\/sudoesteacontece.com.br\/wp-content\/uploads\/2026\/08\/Menina-de-9-anos-morre-afogada-no-Rio-Sao-Francisco-em-Malhada.jpg\",\"datePublished\":\"2026-08-31T21:16:53+00:00\",\"dateModified\":\"2026-08-31T21:16:58+00:00\",\"breadcrumb\":{\"@id\":\"https:\/\/sudoesteacontece.com.br\/?p=28840#breadcrumb\"},\"inLanguage\":\"pt-BR\",\"potentialAction\":[{\"@type\":\"ReadAction\",\"target\":[\"https:\/\/sudoesteacontece.com.br\/?p=28840\"]}]},{\"@type\":\"ImageObject\",\"inLanguage\":\"pt-BR\",\"@id\":\"https:\/\/sudoesteacontece.com.br\/?p=28840#primaryimage\",\"url\":\"https:\/\/sudoesteacontece.com.br\/wp-content\/uploads\/2026\/08\/Menina-de-9-anos-morre-afogada-no-Rio-Sao-Francisco-em-Malhada.jpg\",\"contentUrl\":\"https:\/\/sudoesteacontece.com.br\/wp-content\/uploads\/2026\/08\/Menina-de-9-anos-morre-afogada-no-Rio-Sao-Francisco-em-Malhada.jpg\",\"width\":900,\"height\":600},{\"@type\":\"BreadcrumbList\",\"@id\":\"https:\/\/sudoesteacontece.com.br\/?p=28840#breadcrumb\",\"itemListElement\":[{\"@type\":\"ListItem\",\"position\":1,\"name\":\"In\u00edcio\",\"item\":\"https:\/\/sudoesteacontece.com.br\/\"},{\"@type\":\"ListItem\",\"position\":2,\"name\":\"Menina de 9 anos morre afogada no Rio S\u00e3o Francisco em Malhada\"}]},{\"@type\":\"WebSite\",\"@id\":\"https:\/\/sudoesteacontece.com.br\/#website\",\"url\":\"https:\/\/sudoesteacontece.com.br\/\",\"name\":\"Sudoesteacontece\",\"description\":\"\",\"publisher\":{\"@id\":\"https:\/\/sudoesteacontece.com.br\/#organization\"},\"potentialAction\":[{\"@type\":\"SearchAction\",\"target\":{\"@type\":\"EntryPoint\",\"urlTemplate\":\"https:\/\/sudoesteacontece.com.br\/?s={search_term_string}\"},\"query-input\":{\"@type\":\"PropertyValueSpecification\",\"valueRequired\":true,\"valueName\":\"search_term_string\"}}],\"inLanguage\":\"pt-BR\"},{\"@type\":\"Organization\",\"@id\":\"https:\/\/sudoesteacontece.com.br\/#organization\",\"name\":\"Sudoesteacontece\",\"url\":\"https:\/\/sudoesteacontece.com.br\/\",\"logo\":{\"@type\":\"ImageObject\",\"inLanguage\":\"pt-BR\",\"@id\":\"https:\/\/sudoesteacontece.com.br\/#\/schema\/logo\/image\/\",\"url\":\"https:\/\/sudoesteacontece.com.br\/wp-content\/uploads\/2025\/12\/cropped-logo-2-180x180-1.png\",\"contentUrl\":\"https:\/\/sudoesteacontece.com.br\/wp-content\/uploads\/2025\/12\/cropped-logo-2-180x180-1.png\",\"width\":180,\"height\":180,\"caption\":\"Sudoesteacontece\"},\"image\":{\"@id\":\"https:\/\/sudoesteacontece.com.br\/#\/schema\/logo\/image\/\"},\"sameAs\":[\"https:\/\/www.facebook.com\/sudoesteacontece\/?locale=pt_BR\"]},{\"@type\":\"Person\",\"@id\":\"https:\/\/sudoesteacontece.com.br\/#\/schema\/person\/a4f22429c1d0923ef8f7d43343f8dc38\",\"name\":\"Reda\u00e7\u00e3o\",\"image\":{\"@type\":\"ImageObject\",\"inLanguage\":\"pt-BR\",\"@id\":\"https:\/\/sudoesteacontece.com.br\/#\/schema\/person\/image\/\",\"url\":\"https:\/\/secure.gravatar.com\/avatar\/c3a5b3c93f268a709c25a2df414c629a96fb3b1b4bf97a94fb3f72e54ae76903?s=96&d=mm&r=g\",\"contentUrl\":\"https:\/\/secure.gravatar.com\/avatar\/c3a5b3c93f268a709c25a2df414c629a96fb3b1b4bf97a94fb3f72e54ae76903?s=96&d=mm&r=g\",\"caption\":\"Reda\u00e7\u00e3o\"},\"url\":\"https:\/\/sudoesteacontece.com.br\/?author=4\"}]}<\/script>\n<!-- \/ Yoast SEO plugin. -->","yoast_head_json":{"title":"Menina de 9 anos morre afogada no Rio S\u00e3o Francisco em Malhada - Sudoesteacontece","robots":{"index":"index","follow":"follow","max-snippet":"max-snippet:-1","max-image-preview":"max-image-preview:large","max-video-preview":"max-video-preview:-1"},"canonical":"https:\/\/sudoesteacontece.com.br\/?p=28840","og_locale":"pt_BR","og_type":"article","og_title":"Menina de 9 anos morre afogada no Rio S\u00e3o Francisco em Malhada - Sudoesteacontece","og_description":"Uma menina de 9 anos morreu ap\u00f3s se afogar no Rio S\u00e3o Francisco, na zona rural de Malhada, no sudoeste da Bahia. Rayssa Brito dos Santos desapareceu na tarde deste domingo (30), enquanto tomava banho no rio acompanhada de outras pessoas. O afogamento aconteceu por volta das 15h, na comunidade Quilombo de Tom\u00e9-Nunes. Segundo informa\u00e7\u00f5es registradas pela Pol\u00edcia Civil, a crian\u00e7a estava no rio quando se afogou. Ap\u00f3s o desaparecimento, foram realizadas buscas para localizar a menina. O corpo foi encontrado somente na manh\u00e3 desta segunda-feira (31), \u00e0s margens do S\u00e3o Francisco, na mesma comunidade onde ocorreu o afogamento. Familiares e moradores acompanharam as buscas realizadas na regi\u00e3o ap\u00f3s o desaparecimento. A localiza\u00e7\u00e3o ocorreu por volta das 7h desta segunda-feira, quando o corpo de Rayssa foi encontrado pr\u00f3ximo \u00e0s margens do rio. As circunst\u00e2ncias do afogamento ser\u00e3o consideradas nos procedimentos adotados pelas autoridades. Depois da localiza\u00e7\u00e3o, foi solicitada a realiza\u00e7\u00e3o de per\u00edcia no local. Tamb\u00e9m foi determinado o encaminhamento do corpo para exame de necropsia, procedimento que dever\u00e1 auxiliar na documenta\u00e7\u00e3o das circunst\u00e2ncias relacionadas \u00e0 morte da crian\u00e7a. At\u00e9 o momento, n\u00e3o foram divulgadas outras informa\u00e7\u00f5es sobre o vel\u00f3rio e o sepultamento de Rayssa. O caso foi registrado e os procedimentos necess\u00e1rios dever\u00e3o ser realizados pelas autoridades respons\u00e1veis pela ocorr\u00eancia.","og_url":"https:\/\/sudoesteacontece.com.br\/?p=28840","og_site_name":"Sudoesteacontece","article_publisher":"https:\/\/www.facebook.com\/sudoesteacontece\/?locale=pt_BR","article_published_time":"2026-08-31T21:16:53+00:00","article_modified_time":"2026-08-31T21:16:58+00:00","og_image":[{"width":900,"height":600,"url":"https:\/\/sudoesteacontece.com.br\/wp-content\/uploads\/2026\/08\/Menina-de-9-anos-morre-afogada-no-Rio-Sao-Francisco-em-Malhada.jpg","type":"image\/jpeg"}],"author":"Reda\u00e7\u00e3o","twitter_card":"summary_large_image","twitter_misc":{"Escrito por":"Reda\u00e7\u00e3o","Est. tempo de leitura":"2 minutos"},"schema":{"@context":"https:\/\/schema.org","@graph":[{"@type":"Article","@id":"https:\/\/sudoesteacontece.com.br\/?p=28840#article","isPartOf":{"@id":"https:\/\/sudoesteacontece.com.br\/?p=28840"},"author":{"name":"Reda\u00e7\u00e3o","@id":"https:\/\/sudoesteacontece.com.br\/#\/schema\/person\/a4f22429c1d0923ef8f7d43343f8dc38"},"headline":"Menina de 9 anos morre afogada no Rio S\u00e3o Francisco em Malhada","datePublished":"2026-08-31T21:16:53+00:00","dateModified":"2026-08-31T21:16:58+00:00","mainEntityOfPage":{"@id":"https:\/\/sudoesteacontece.com.br\/?p=28840"},"wordCount":246,"commentCount":0,"publisher":{"@id":"https:\/\/sudoesteacontece.com.br\/#organization"},"image":{"@id":"https:\/\/sudoesteacontece.com.br\/?p=28840#primaryimage"},"thumbnailUrl":"http:\/\/sudoesteacontece.com.br\/wp-content\/uploads\/2026\/08\/Menina-de-9-anos-morre-afogada-no-Rio-Sao-Francisco-em-Malhada.jpg","articleSection":["Acidente","Cidades","Malhada","Pol\u00edcia"],"inLanguage":"pt-BR","potentialAction":[{"@type":"CommentAction","name":"Comment","target":["https:\/\/sudoesteacontece.com.br\/?p=28840#respond"]}]},{"@type":"WebPage","@id":"https:\/\/sudoesteacontece.com.br\/?p=28840","url":"https:\/\/sudoesteacontece.com.br\/?p=28840","name":"Menina de 9 anos morre afogada no Rio S\u00e3o Francisco em Malhada - Sudoesteacontece","isPartOf":{"@id":"https:\/\/sudoesteacontece.com.br\/#website"},"primaryImageOfPage":{"@id":"https:\/\/sudoesteacontece.com.br\/?p=28840#primaryimage"},"image":{"@id":"https:\/\/sudoesteacontece.com.br\/?p=28840#primaryimage"},"thumbnailUrl":"http:\/\/sudoesteacontece.com.br\/wp-content\/uploads\/2026\/08\/Menina-de-9-anos-morre-afogada-no-Rio-Sao-Francisco-em-Malhada.jpg","datePublished":"2026-08-31T21:16:53+00:00","dateModified":"2026-08-31T21:16:58+00:00","breadcrumb":{"@id":"https:\/\/sudoesteacontece.com.br\/?p=28840#breadcrumb"},"inLanguage":"pt-BR","potentialAction":[{"@type":"ReadAction","target":["https:\/\/sudoesteacontece.com.br\/?p=28840"]}]},{"@type":"ImageObject","inLanguage":"pt-BR","@id":"https:\/\/sudoesteacontece.com.br\/?p=28840#primaryimage","url":"https:\/\/sudoesteacontece.com.br\/wp-content\/uploads\/2026\/08\/Menina-de-9-anos-morre-afogada-no-Rio-Sao-Francisco-em-Malhada.jpg","contentUrl":"https:\/\/sudoesteacontece.com.br\/wp-content\/uploads\/2026\/08\/Menina-de-9-anos-morre-afogada-no-Rio-Sao-Francisco-em-Malhada.jpg","width":900,"height":600},{"@type":"BreadcrumbList","@id":"https:\/\/sudoesteacontece.com.br\/?p=28840#breadcrumb","itemListElement":[{"@type":"ListItem","position":1,"name":"In\u00edcio","item":"https:\/\/sudoesteacontece.com.br\/"},{"@type":"ListItem","position":2,"name":"Menina de 9 anos morre afogada no Rio S\u00e3o Francisco em Malhada"}]},{"@type":"WebSite","@id":"https:\/\/sudoesteacontece.com.br\/#website","url":"https:\/\/sudoesteacontece.com.br\/","name":"Sudoesteacontece","description":"","publisher":{"@id":"https:\/\/sudoesteacontece.com.br\/#organization"},"potentialAction":[{"@type":"SearchAction","target":{"@type":"EntryPoint","urlTemplate":"https:\/\/sudoesteacontece.com.br\/?s={search_term_string}"},"query-input":{"@type":"PropertyValueSpecification","valueRequired":true,"valueName":"search_term_string"}}],"inLanguage":"pt-BR"},{"@type":"Organization","@id":"https:\/\/sudoesteacontece.com.br\/#organization","name":"Sudoesteacontece","url":"https:\/\/sudoesteacontece.com.br\/","logo":{"@type":"ImageObject","inLanguage":"pt-BR","@id":"https:\/\/sudoesteacontece.com.br\/#\/schema\/logo\/image\/","url":"https:\/\/sudoesteacontece.com.br\/wp-content\/uploads\/2025\/12\/cropped-logo-2-180x180-1.png","contentUrl":"https:\/\/sudoesteacontece.com.br\/wp-content\/uploads\/2025\/12\/cropped-logo-2-180x180-1.png","width":180,"height":180,"caption":"Sudoesteacontece"},"image":{"@id":"https:\/\/sudoesteacontece.com.br\/#\/schema\/logo\/image\/"},"sameAs":["https:\/\/www.facebook.com\/sudoesteacontece\/?locale=pt_BR"]},{"@type":"Person","@id":"https:\/\/sudoesteacontece.com.br\/#\/schema\/person\/a4f22429c1d0923ef8f7d43343f8dc38","name":"Reda\u00e7\u00e3o","image":{"@type":"ImageObject","inLanguage":"pt-BR","@id":"https:\/\/sudoesteacontece.com.br\/#\/schema\/person\/image\/","url":"https:\/\/secure.gravatar.com\/avatar\/c3a5b3c93f268a709c25a2df414c629a96fb3b1b4bf97a94fb3f72e54ae76903?s=96&d=mm&r=g","contentUrl":"https:\/\/secure.gravatar.com\/avatar\/c3a5b3c93f268a709c25a2df414c629a96fb3b1b4bf97a94fb3f72e54ae76903?s=96&d=mm&r=g","caption":"Reda\u00e7\u00e3o"},"url":"https:\/\/sudoesteacontece.com.br\/?author=4"}]}},"_links":{"self":[{"href":"https:\/\/sudoesteacontece.com.br\/index.php?rest_route=\/wp\/v2\/posts\/28840","targetHints":{"allow":["GET"]}}],"collection":[{"href":"https:\/\/sudoesteacontece.com.br\/index.php?rest_route=\/wp\/v2\/posts"}],"about":[{"href":"https:\/\/sudoesteacontece.com.br\/index.php?rest_route=\/wp\/v2\/types\/post"}],"author":[{"embeddable":true,"href":"https:\/\/sudoesteacontece.com.br\/index.php?rest_route=\/wp\/v2\/users\/4"}],"replies":[{"embeddable":true,"href":"https:\/\/sudoesteacontece.com.br\/index.php?rest_route=%2Fwp%2Fv2%2Fcomments&post=28840"}],"version-history":[{"count":1,"href":"https:\/\/sudoesteacontece.com.br\/index.php?rest_route=\/wp\/v2\/posts\/28840\/revisions"}],"predecessor-version":[{"id":28873,"href":"https:\/\/sudoesteacontece.com.br\/index.php?rest_route=\/wp\/v2\/posts\/28840\/revisions\/28873"}],"wp:attachment":[{"href":"https:\/\/sudoesteacontece.com.br\/index.php?rest_route=%2Fwp%2Fv2%2Fmedia&parent=28840"}],"wp:term":[{"taxonomy":"category","embeddable":true,"href":"https:\/\/sudoesteacontece.com.br\/index.php?rest_route=%2Fwp%2Fv2%2Fcategories&post=28840"},{"taxonomy":"post_tag","embeddable":true,"href":"https:\/\/sudoesteacontece.com.br\/index.php?rest_route=%2Fwp%2Fv2%2Ftags&post=28840"}],"curies":[{"name":"wp","href":"https:\/\/api.w.org\/{rel}","templated":true}]}}