{"id":28842,"date":"2026-08-31T18:17:26","date_gmt":"2026-08-31T21:17:26","guid":{"rendered":"https:\/\/sudoesteacontece.com.br\/?p=28842"},"modified":"2026-08-31T18:17:32","modified_gmt":"2026-08-31T21:17:32","slug":"rui-costa-acusa-joao-roma-de-esconder-flavio-bolsonaro-na-campanha","status":"publish","type":"post","link":"https:\/\/sudoesteacontece.com.br\/?p=28842","title":{"rendered":"Rui Costa acusa Jo\u00e3o Roma de esconder Fl\u00e1vio Bolsonaro na campanha"},"content":{"rendered":"\n<figure class=\"wp-block-image size-full\"><img fetchpriority=\"high\" decoding=\"async\" width=\"900\" height=\"600\" src=\"http:\/\/sudoesteacontece.com.br\/wp-content\/uploads\/2026\/08\/Rui-Costa-acusa-Joao-Roma-de-esconder-Flavio-Bolsonaro-na-campanha.jpg\" alt=\"\" class=\"wp-image-28868\" srcset=\"https:\/\/sudoesteacontece.com.br\/wp-content\/uploads\/2026\/08\/Rui-Costa-acusa-Joao-Roma-de-esconder-Flavio-Bolsonaro-na-campanha.jpg 900w, https:\/\/sudoesteacontece.com.br\/wp-content\/uploads\/2026\/08\/Rui-Costa-acusa-Joao-Roma-de-esconder-Flavio-Bolsonaro-na-campanha-300x200.jpg 300w, https:\/\/sudoesteacontece.com.br\/wp-content\/uploads\/2026\/08\/Rui-Costa-acusa-Joao-Roma-de-esconder-Flavio-Bolsonaro-na-campanha-768x512.jpg 768w\" sizes=\"(max-width: 900px) 100vw, 900px\" \/><\/figure>\n\n\n\n<p class=\"wp-block-paragraph\">O candidato ao Senado Rui Costa (PT) acusou Jo\u00e3o Roma (PL) de n\u00e3o mencionar Fl\u00e1vio Bolsonaro (PL) em seu primeiro programa eleitoral na televis\u00e3o. A declara\u00e7\u00e3o foi feita nesta segunda-feira (31), durante entrevista \u00e0 R\u00e1dio Salvador FM, em meio \u00e0s articula\u00e7\u00f5es para as elei\u00e7\u00f5es na Bahia.<\/p>\n\n\n\n<p class=\"wp-block-paragraph\">Segundo Rui, a aus\u00eancia do nome do candidato \u00e0 Presid\u00eancia contrariaria o posicionamento pol\u00edtico de Jo\u00e3o Roma, que se apresenta como bolsonarista. O petista afirmou que a estrat\u00e9gia adotada no programa eleitoral chamou sua aten\u00e7\u00e3o e questionou se Fl\u00e1vio Bolsonaro teria conhecimento da situa\u00e7\u00e3o.<\/p>\n\n\n\n<p class=\"wp-block-paragraph\">Na avalia\u00e7\u00e3o do candidato petista, a disputa pelas duas vagas ao Senado poder\u00e1 colocar em lados opostos os grupos pol\u00edticos ligados ao presidente Luiz In\u00e1cio Lula da Silva (PT) e ao senador Fl\u00e1vio Bolsonaro. Rui afirmou que os eleitores ter\u00e3o condi\u00e7\u00f5es de identificar os alinhamentos nacionais dos candidatos.<\/p>\n\n\n\n<p class=\"wp-block-paragraph\">\u201cO povo vai escolher entre dois senadores do time do Fl\u00e1vio Bolsonaro e dois senadores do time de Lula. Est\u00e1 f\u00e1cil decidir\u201d, declarou Rui Costa durante a entrevista. Ele tamb\u00e9m defendeu que os eleitores comparem a atua\u00e7\u00e3o dos candidatos antes de definir o voto.<\/p>\n\n\n\n<p class=\"wp-block-paragraph\">Ao comentar seu grupo pol\u00edtico, o candidato afirmou que a avalia\u00e7\u00e3o das a\u00e7\u00f5es realizadas em favor da Bahia seria suficiente para orientar a escolha do eleitor. Rui disse ainda acreditar na vit\u00f3ria de sua chapa na disputa pelas cadeiras do Senado.<\/p>\n\n\n\n<p class=\"wp-block-paragraph\">Sobre a elei\u00e7\u00e3o para o Governo da Bahia, Rui reconheceu que o cen\u00e1rio est\u00e1 mais equilibrado. Apesar disso, o petista demonstrou confian\u00e7a na vit\u00f3ria de seu grupo no primeiro turno, marcado para 4 de outubro.<\/p>\n\n\n\n<p class=\"wp-block-paragraph\">A declara\u00e7\u00e3o ocorre durante o per\u00edodo de campanha eleitoral, quando os candidatos intensificam a apresenta\u00e7\u00e3o de propostas e a defesa de seus respectivos grupos pol\u00edticos. A disputa pelo Senado na Bahia ter\u00e1 duas vagas em jogo nas elei\u00e7\u00f5es de 2026.<\/p>\n","protected":false},"excerpt":{"rendered":"<p>O candidato ao Senado Rui Costa (PT) acusou Jo\u00e3o Roma (PL) de n\u00e3o mencionar Fl\u00e1vio Bolsonaro (PL) em seu primeiro programa eleitoral na televis\u00e3o. A declara\u00e7\u00e3o foi feita nesta segunda-feira (31), durante entrevista \u00e0 R\u00e1dio Salvador FM, em meio \u00e0s articula\u00e7\u00f5es para as elei\u00e7\u00f5es na Bahia. Segundo Rui, a aus\u00eancia do nome do candidato \u00e0 Presid\u00eancia contrariaria o posicionamento pol\u00edtico de Jo\u00e3o Roma, que se apresenta como bolsonarista. O petista afirmou que a estrat\u00e9gia adotada no programa eleitoral chamou sua aten\u00e7\u00e3o e questionou se Fl\u00e1vio Bolsonaro teria conhecimento da situa\u00e7\u00e3o. Na avalia\u00e7\u00e3o do candidato petista, a disputa pelas duas vagas ao Senado poder\u00e1 colocar em lados opostos os grupos pol\u00edticos ligados ao presidente Luiz In\u00e1cio Lula da Silva (PT) e ao senador Fl\u00e1vio Bolsonaro. Rui afirmou que os eleitores ter\u00e3o condi\u00e7\u00f5es de identificar os alinhamentos nacionais dos candidatos. \u201cO povo vai escolher entre dois senadores do time do Fl\u00e1vio Bolsonaro e dois senadores do time de Lula. Est\u00e1 f\u00e1cil decidir\u201d, declarou Rui Costa durante a entrevista. Ele tamb\u00e9m defendeu que os eleitores comparem a atua\u00e7\u00e3o dos candidatos antes de definir o voto. Ao comentar seu grupo pol\u00edtico, o candidato afirmou que a avalia\u00e7\u00e3o das a\u00e7\u00f5es realizadas em favor da Bahia seria suficiente para orientar a escolha do eleitor. Rui disse ainda acreditar na vit\u00f3ria de sua chapa na disputa pelas cadeiras do Senado. Sobre a elei\u00e7\u00e3o para o Governo da Bahia, Rui reconheceu que o cen\u00e1rio est\u00e1 mais equilibrado. Apesar disso, o petista demonstrou confian\u00e7a na vit\u00f3ria de seu grupo no primeiro turno, marcado para 4 de outubro. A declara\u00e7\u00e3o ocorre durante o per\u00edodo de campanha eleitoral, quando os candidatos intensificam a apresenta\u00e7\u00e3o de propostas e a defesa de seus respectivos grupos pol\u00edticos. A disputa pelo Senado na Bahia ter\u00e1 duas vagas em jogo nas elei\u00e7\u00f5es de 2026.<\/p>\n","protected":false},"author":4,"featured_media":0,"comment_status":"open","ping_status":"open","sticky":false,"template":"","format":"standard","meta":{"footnotes":""},"categories":[7,58,6],"tags":[],"class_list":["post-28842","post","type-post","status-publish","format-standard","hentry","category-bahia","category-eleicoes-2026","category-politica"],"yoast_head":"<!-- This site is optimized with the Yoast SEO plugin v26.5 - https:\/\/yoast.com\/wordpress\/plugins\/seo\/ -->\n<title>Rui Costa acusa Jo\u00e3o Roma de esconder Fl\u00e1vio Bolsonaro na campanha - Sudoesteacontece<\/title>\n<meta name=\"robots\" content=\"index, follow, max-snippet:-1, max-image-preview:large, max-video-preview:-1\" \/>\n<link rel=\"canonical\" href=\"https:\/\/sudoesteacontece.com.br\/?p=28842\" \/>\n<meta property=\"og:locale\" content=\"pt_BR\" \/>\n<meta property=\"og:type\" content=\"article\" \/>\n<meta property=\"og:title\" content=\"Rui Costa acusa Jo\u00e3o Roma de esconder Fl\u00e1vio Bolsonaro na campanha - Sudoesteacontece\" \/>\n<meta property=\"og:description\" content=\"O candidato ao Senado Rui Costa (PT) acusou Jo\u00e3o Roma (PL) de n\u00e3o mencionar Fl\u00e1vio Bolsonaro (PL) em seu primeiro programa eleitoral na televis\u00e3o. A declara\u00e7\u00e3o foi feita nesta segunda-feira (31), durante entrevista \u00e0 R\u00e1dio Salvador FM, em meio \u00e0s articula\u00e7\u00f5es para as elei\u00e7\u00f5es na Bahia. Segundo Rui, a aus\u00eancia do nome do candidato \u00e0 Presid\u00eancia contrariaria o posicionamento pol\u00edtico de Jo\u00e3o Roma, que se apresenta como bolsonarista. O petista afirmou que a estrat\u00e9gia adotada no programa eleitoral chamou sua aten\u00e7\u00e3o e questionou se Fl\u00e1vio Bolsonaro teria conhecimento da situa\u00e7\u00e3o. Na avalia\u00e7\u00e3o do candidato petista, a disputa pelas duas vagas ao Senado poder\u00e1 colocar em lados opostos os grupos pol\u00edticos ligados ao presidente Luiz In\u00e1cio Lula da Silva (PT) e ao senador Fl\u00e1vio Bolsonaro. Rui afirmou que os eleitores ter\u00e3o condi\u00e7\u00f5es de identificar os alinhamentos nacionais dos candidatos. \u201cO povo vai escolher entre dois senadores do time do Fl\u00e1vio Bolsonaro e dois senadores do time de Lula. Est\u00e1 f\u00e1cil decidir\u201d, declarou Rui Costa durante a entrevista. Ele tamb\u00e9m defendeu que os eleitores comparem a atua\u00e7\u00e3o dos candidatos antes de definir o voto. Ao comentar seu grupo pol\u00edtico, o candidato afirmou que a avalia\u00e7\u00e3o das a\u00e7\u00f5es realizadas em favor da Bahia seria suficiente para orientar a escolha do eleitor. Rui disse ainda acreditar na vit\u00f3ria de sua chapa na disputa pelas cadeiras do Senado. Sobre a elei\u00e7\u00e3o para o Governo da Bahia, Rui reconheceu que o cen\u00e1rio est\u00e1 mais equilibrado. Apesar disso, o petista demonstrou confian\u00e7a na vit\u00f3ria de seu grupo no primeiro turno, marcado para 4 de outubro. A declara\u00e7\u00e3o ocorre durante o per\u00edodo de campanha eleitoral, quando os candidatos intensificam a apresenta\u00e7\u00e3o de propostas e a defesa de seus respectivos grupos pol\u00edticos. A disputa pelo Senado na Bahia ter\u00e1 duas vagas em jogo nas elei\u00e7\u00f5es de 2026.\" \/>\n<meta property=\"og:url\" content=\"https:\/\/sudoesteacontece.com.br\/?p=28842\" \/>\n<meta property=\"og:site_name\" content=\"Sudoesteacontece\" \/>\n<meta property=\"article:publisher\" content=\"https:\/\/www.facebook.com\/sudoesteacontece\/?locale=pt_BR\" \/>\n<meta property=\"article:published_time\" content=\"2026-08-31T21:17:26+00:00\" \/>\n<meta property=\"article:modified_time\" content=\"2026-08-31T21:17:32+00:00\" \/>\n<meta property=\"og:image\" content=\"https:\/\/sudoesteacontece.com.br\/wp-content\/uploads\/2026\/08\/Rui-Costa-acusa-Joao-Roma-de-esconder-Flavio-Bolsonaro-na-campanha.jpg\" \/>\n\t<meta property=\"og:image:width\" content=\"900\" \/>\n\t<meta property=\"og:image:height\" content=\"600\" \/>\n\t<meta property=\"og:image:type\" content=\"image\/jpeg\" \/>\n<meta name=\"author\" content=\"Reda\u00e7\u00e3o\" \/>\n<meta name=\"twitter:card\" content=\"summary_large_image\" \/>\n<meta name=\"twitter:label1\" content=\"Escrito por\" \/>\n\t<meta name=\"twitter:data1\" content=\"Reda\u00e7\u00e3o\" \/>\n\t<meta name=\"twitter:label2\" content=\"Est. tempo de leitura\" \/>\n\t<meta name=\"twitter:data2\" content=\"2 minutos\" \/>\n<script type=\"application\/ld+json\" class=\"yoast-schema-graph\">{\"@context\":\"https:\/\/schema.org\",\"@graph\":[{\"@type\":\"Article\",\"@id\":\"https:\/\/sudoesteacontece.com.br\/?p=28842#article\",\"isPartOf\":{\"@id\":\"https:\/\/sudoesteacontece.com.br\/?p=28842\"},\"author\":{\"name\":\"Reda\u00e7\u00e3o\",\"@id\":\"https:\/\/sudoesteacontece.com.br\/#\/schema\/person\/a4f22429c1d0923ef8f7d43343f8dc38\"},\"headline\":\"Rui Costa acusa Jo\u00e3o Roma de esconder Fl\u00e1vio Bolsonaro na campanha\",\"datePublished\":\"2026-08-31T21:17:26+00:00\",\"dateModified\":\"2026-08-31T21:17:32+00:00\",\"mainEntityOfPage\":{\"@id\":\"https:\/\/sudoesteacontece.com.br\/?p=28842\"},\"wordCount\":345,\"commentCount\":0,\"publisher\":{\"@id\":\"https:\/\/sudoesteacontece.com.br\/#organization\"},\"image\":{\"@id\":\"https:\/\/sudoesteacontece.com.br\/?p=28842#primaryimage\"},\"thumbnailUrl\":\"http:\/\/sudoesteacontece.com.br\/wp-content\/uploads\/2026\/08\/Rui-Costa-acusa-Joao-Roma-de-esconder-Flavio-Bolsonaro-na-campanha.jpg\",\"articleSection\":[\"Bahia\",\"Elei\u00e7\u00f5es 2026\",\"Pol\u00edtica\"],\"inLanguage\":\"pt-BR\",\"potentialAction\":[{\"@type\":\"CommentAction\",\"name\":\"Comment\",\"target\":[\"https:\/\/sudoesteacontece.com.br\/?p=28842#respond\"]}]},{\"@type\":\"WebPage\",\"@id\":\"https:\/\/sudoesteacontece.com.br\/?p=28842\",\"url\":\"https:\/\/sudoesteacontece.com.br\/?p=28842\",\"name\":\"Rui Costa acusa Jo\u00e3o Roma de esconder Fl\u00e1vio Bolsonaro na campanha - Sudoesteacontece\",\"isPartOf\":{\"@id\":\"https:\/\/sudoesteacontece.com.br\/#website\"},\"primaryImageOfPage\":{\"@id\":\"https:\/\/sudoesteacontece.com.br\/?p=28842#primaryimage\"},\"image\":{\"@id\":\"https:\/\/sudoesteacontece.com.br\/?p=28842#primaryimage\"},\"thumbnailUrl\":\"http:\/\/sudoesteacontece.com.br\/wp-content\/uploads\/2026\/08\/Rui-Costa-acusa-Joao-Roma-de-esconder-Flavio-Bolsonaro-na-campanha.jpg\",\"datePublished\":\"2026-08-31T21:17:26+00:00\",\"dateModified\":\"2026-08-31T21:17:32+00:00\",\"breadcrumb\":{\"@id\":\"https:\/\/sudoesteacontece.com.br\/?p=28842#breadcrumb\"},\"inLanguage\":\"pt-BR\",\"potentialAction\":[{\"@type\":\"ReadAction\",\"target\":[\"https:\/\/sudoesteacontece.com.br\/?p=28842\"]}]},{\"@type\":\"ImageObject\",\"inLanguage\":\"pt-BR\",\"@id\":\"https:\/\/sudoesteacontece.com.br\/?p=28842#primaryimage\",\"url\":\"https:\/\/sudoesteacontece.com.br\/wp-content\/uploads\/2026\/08\/Rui-Costa-acusa-Joao-Roma-de-esconder-Flavio-Bolsonaro-na-campanha.jpg\",\"contentUrl\":\"https:\/\/sudoesteacontece.com.br\/wp-content\/uploads\/2026\/08\/Rui-Costa-acusa-Joao-Roma-de-esconder-Flavio-Bolsonaro-na-campanha.jpg\",\"width\":900,\"height\":600},{\"@type\":\"BreadcrumbList\",\"@id\":\"https:\/\/sudoesteacontece.com.br\/?p=28842#breadcrumb\",\"itemListElement\":[{\"@type\":\"ListItem\",\"position\":1,\"name\":\"In\u00edcio\",\"item\":\"https:\/\/sudoesteacontece.com.br\/\"},{\"@type\":\"ListItem\",\"position\":2,\"name\":\"Rui Costa acusa Jo\u00e3o Roma de esconder Fl\u00e1vio Bolsonaro na campanha\"}]},{\"@type\":\"WebSite\",\"@id\":\"https:\/\/sudoesteacontece.com.br\/#website\",\"url\":\"https:\/\/sudoesteacontece.com.br\/\",\"name\":\"Sudoesteacontece\",\"description\":\"\",\"publisher\":{\"@id\":\"https:\/\/sudoesteacontece.com.br\/#organization\"},\"potentialAction\":[{\"@type\":\"SearchAction\",\"target\":{\"@type\":\"EntryPoint\",\"urlTemplate\":\"https:\/\/sudoesteacontece.com.br\/?s={search_term_string}\"},\"query-input\":{\"@type\":\"PropertyValueSpecification\",\"valueRequired\":true,\"valueName\":\"search_term_string\"}}],\"inLanguage\":\"pt-BR\"},{\"@type\":\"Organization\",\"@id\":\"https:\/\/sudoesteacontece.com.br\/#organization\",\"name\":\"Sudoesteacontece\",\"url\":\"https:\/\/sudoesteacontece.com.br\/\",\"logo\":{\"@type\":\"ImageObject\",\"inLanguage\":\"pt-BR\",\"@id\":\"https:\/\/sudoesteacontece.com.br\/#\/schema\/logo\/image\/\",\"url\":\"https:\/\/sudoesteacontece.com.br\/wp-content\/uploads\/2025\/12\/cropped-logo-2-180x180-1.png\",\"contentUrl\":\"https:\/\/sudoesteacontece.com.br\/wp-content\/uploads\/2025\/12\/cropped-logo-2-180x180-1.png\",\"width\":180,\"height\":180,\"caption\":\"Sudoesteacontece\"},\"image\":{\"@id\":\"https:\/\/sudoesteacontece.com.br\/#\/schema\/logo\/image\/\"},\"sameAs\":[\"https:\/\/www.facebook.com\/sudoesteacontece\/?locale=pt_BR\"]},{\"@type\":\"Person\",\"@id\":\"https:\/\/sudoesteacontece.com.br\/#\/schema\/person\/a4f22429c1d0923ef8f7d43343f8dc38\",\"name\":\"Reda\u00e7\u00e3o\",\"image\":{\"@type\":\"ImageObject\",\"inLanguage\":\"pt-BR\",\"@id\":\"https:\/\/sudoesteacontece.com.br\/#\/schema\/person\/image\/\",\"url\":\"https:\/\/secure.gravatar.com\/avatar\/c3a5b3c93f268a709c25a2df414c629a96fb3b1b4bf97a94fb3f72e54ae76903?s=96&d=mm&r=g\",\"contentUrl\":\"https:\/\/secure.gravatar.com\/avatar\/c3a5b3c93f268a709c25a2df414c629a96fb3b1b4bf97a94fb3f72e54ae76903?s=96&d=mm&r=g\",\"caption\":\"Reda\u00e7\u00e3o\"},\"url\":\"https:\/\/sudoesteacontece.com.br\/?author=4\"}]}<\/script>\n<!-- \/ Yoast SEO plugin. -->","yoast_head_json":{"title":"Rui Costa acusa Jo\u00e3o Roma de esconder Fl\u00e1vio Bolsonaro na campanha - Sudoesteacontece","robots":{"index":"index","follow":"follow","max-snippet":"max-snippet:-1","max-image-preview":"max-image-preview:large","max-video-preview":"max-video-preview:-1"},"canonical":"https:\/\/sudoesteacontece.com.br\/?p=28842","og_locale":"pt_BR","og_type":"article","og_title":"Rui Costa acusa Jo\u00e3o Roma de esconder Fl\u00e1vio Bolsonaro na campanha - Sudoesteacontece","og_description":"O candidato ao Senado Rui Costa (PT) acusou Jo\u00e3o Roma (PL) de n\u00e3o mencionar Fl\u00e1vio Bolsonaro (PL) em seu primeiro programa eleitoral na televis\u00e3o. A declara\u00e7\u00e3o foi feita nesta segunda-feira (31), durante entrevista \u00e0 R\u00e1dio Salvador FM, em meio \u00e0s articula\u00e7\u00f5es para as elei\u00e7\u00f5es na Bahia. Segundo Rui, a aus\u00eancia do nome do candidato \u00e0 Presid\u00eancia contrariaria o posicionamento pol\u00edtico de Jo\u00e3o Roma, que se apresenta como bolsonarista. O petista afirmou que a estrat\u00e9gia adotada no programa eleitoral chamou sua aten\u00e7\u00e3o e questionou se Fl\u00e1vio Bolsonaro teria conhecimento da situa\u00e7\u00e3o. Na avalia\u00e7\u00e3o do candidato petista, a disputa pelas duas vagas ao Senado poder\u00e1 colocar em lados opostos os grupos pol\u00edticos ligados ao presidente Luiz In\u00e1cio Lula da Silva (PT) e ao senador Fl\u00e1vio Bolsonaro. Rui afirmou que os eleitores ter\u00e3o condi\u00e7\u00f5es de identificar os alinhamentos nacionais dos candidatos. \u201cO povo vai escolher entre dois senadores do time do Fl\u00e1vio Bolsonaro e dois senadores do time de Lula. Est\u00e1 f\u00e1cil decidir\u201d, declarou Rui Costa durante a entrevista. Ele tamb\u00e9m defendeu que os eleitores comparem a atua\u00e7\u00e3o dos candidatos antes de definir o voto. Ao comentar seu grupo pol\u00edtico, o candidato afirmou que a avalia\u00e7\u00e3o das a\u00e7\u00f5es realizadas em favor da Bahia seria suficiente para orientar a escolha do eleitor. Rui disse ainda acreditar na vit\u00f3ria de sua chapa na disputa pelas cadeiras do Senado. Sobre a elei\u00e7\u00e3o para o Governo da Bahia, Rui reconheceu que o cen\u00e1rio est\u00e1 mais equilibrado. Apesar disso, o petista demonstrou confian\u00e7a na vit\u00f3ria de seu grupo no primeiro turno, marcado para 4 de outubro. A declara\u00e7\u00e3o ocorre durante o per\u00edodo de campanha eleitoral, quando os candidatos intensificam a apresenta\u00e7\u00e3o de propostas e a defesa de seus respectivos grupos pol\u00edticos. A disputa pelo Senado na Bahia ter\u00e1 duas vagas em jogo nas elei\u00e7\u00f5es de 2026.","og_url":"https:\/\/sudoesteacontece.com.br\/?p=28842","og_site_name":"Sudoesteacontece","article_publisher":"https:\/\/www.facebook.com\/sudoesteacontece\/?locale=pt_BR","article_published_time":"2026-08-31T21:17:26+00:00","article_modified_time":"2026-08-31T21:17:32+00:00","og_image":[{"width":900,"height":600,"url":"https:\/\/sudoesteacontece.com.br\/wp-content\/uploads\/2026\/08\/Rui-Costa-acusa-Joao-Roma-de-esconder-Flavio-Bolsonaro-na-campanha.jpg","type":"image\/jpeg"}],"author":"Reda\u00e7\u00e3o","twitter_card":"summary_large_image","twitter_misc":{"Escrito por":"Reda\u00e7\u00e3o","Est. tempo de leitura":"2 minutos"},"schema":{"@context":"https:\/\/schema.org","@graph":[{"@type":"Article","@id":"https:\/\/sudoesteacontece.com.br\/?p=28842#article","isPartOf":{"@id":"https:\/\/sudoesteacontece.com.br\/?p=28842"},"author":{"name":"Reda\u00e7\u00e3o","@id":"https:\/\/sudoesteacontece.com.br\/#\/schema\/person\/a4f22429c1d0923ef8f7d43343f8dc38"},"headline":"Rui Costa acusa Jo\u00e3o Roma de esconder Fl\u00e1vio Bolsonaro na campanha","datePublished":"2026-08-31T21:17:26+00:00","dateModified":"2026-08-31T21:17:32+00:00","mainEntityOfPage":{"@id":"https:\/\/sudoesteacontece.com.br\/?p=28842"},"wordCount":345,"commentCount":0,"publisher":{"@id":"https:\/\/sudoesteacontece.com.br\/#organization"},"image":{"@id":"https:\/\/sudoesteacontece.com.br\/?p=28842#primaryimage"},"thumbnailUrl":"http:\/\/sudoesteacontece.com.br\/wp-content\/uploads\/2026\/08\/Rui-Costa-acusa-Joao-Roma-de-esconder-Flavio-Bolsonaro-na-campanha.jpg","articleSection":["Bahia","Elei\u00e7\u00f5es 2026","Pol\u00edtica"],"inLanguage":"pt-BR","potentialAction":[{"@type":"CommentAction","name":"Comment","target":["https:\/\/sudoesteacontece.com.br\/?p=28842#respond"]}]},{"@type":"WebPage","@id":"https:\/\/sudoesteacontece.com.br\/?p=28842","url":"https:\/\/sudoesteacontece.com.br\/?p=28842","name":"Rui Costa acusa Jo\u00e3o Roma de esconder Fl\u00e1vio Bolsonaro na campanha - Sudoesteacontece","isPartOf":{"@id":"https:\/\/sudoesteacontece.com.br\/#website"},"primaryImageOfPage":{"@id":"https:\/\/sudoesteacontece.com.br\/?p=28842#primaryimage"},"image":{"@id":"https:\/\/sudoesteacontece.com.br\/?p=28842#primaryimage"},"thumbnailUrl":"http:\/\/sudoesteacontece.com.br\/wp-content\/uploads\/2026\/08\/Rui-Costa-acusa-Joao-Roma-de-esconder-Flavio-Bolsonaro-na-campanha.jpg","datePublished":"2026-08-31T21:17:26+00:00","dateModified":"2026-08-31T21:17:32+00:00","breadcrumb":{"@id":"https:\/\/sudoesteacontece.com.br\/?p=28842#breadcrumb"},"inLanguage":"pt-BR","potentialAction":[{"@type":"ReadAction","target":["https:\/\/sudoesteacontece.com.br\/?p=28842"]}]},{"@type":"ImageObject","inLanguage":"pt-BR","@id":"https:\/\/sudoesteacontece.com.br\/?p=28842#primaryimage","url":"https:\/\/sudoesteacontece.com.br\/wp-content\/uploads\/2026\/08\/Rui-Costa-acusa-Joao-Roma-de-esconder-Flavio-Bolsonaro-na-campanha.jpg","contentUrl":"https:\/\/sudoesteacontece.com.br\/wp-content\/uploads\/2026\/08\/Rui-Costa-acusa-Joao-Roma-de-esconder-Flavio-Bolsonaro-na-campanha.jpg","width":900,"height":600},{"@type":"BreadcrumbList","@id":"https:\/\/sudoesteacontece.com.br\/?p=28842#breadcrumb","itemListElement":[{"@type":"ListItem","position":1,"name":"In\u00edcio","item":"https:\/\/sudoesteacontece.com.br\/"},{"@type":"ListItem","position":2,"name":"Rui Costa acusa Jo\u00e3o Roma de esconder Fl\u00e1vio Bolsonaro na campanha"}]},{"@type":"WebSite","@id":"https:\/\/sudoesteacontece.com.br\/#website","url":"https:\/\/sudoesteacontece.com.br\/","name":"Sudoesteacontece","description":"","publisher":{"@id":"https:\/\/sudoesteacontece.com.br\/#organization"},"potentialAction":[{"@type":"SearchAction","target":{"@type":"EntryPoint","urlTemplate":"https:\/\/sudoesteacontece.com.br\/?s={search_term_string}"},"query-input":{"@type":"PropertyValueSpecification","valueRequired":true,"valueName":"search_term_string"}}],"inLanguage":"pt-BR"},{"@type":"Organization","@id":"https:\/\/sudoesteacontece.com.br\/#organization","name":"Sudoesteacontece","url":"https:\/\/sudoesteacontece.com.br\/","logo":{"@type":"ImageObject","inLanguage":"pt-BR","@id":"https:\/\/sudoesteacontece.com.br\/#\/schema\/logo\/image\/","url":"https:\/\/sudoesteacontece.com.br\/wp-content\/uploads\/2025\/12\/cropped-logo-2-180x180-1.png","contentUrl":"https:\/\/sudoesteacontece.com.br\/wp-content\/uploads\/2025\/12\/cropped-logo-2-180x180-1.png","width":180,"height":180,"caption":"Sudoesteacontece"},"image":{"@id":"https:\/\/sudoesteacontece.com.br\/#\/schema\/logo\/image\/"},"sameAs":["https:\/\/www.facebook.com\/sudoesteacontece\/?locale=pt_BR"]},{"@type":"Person","@id":"https:\/\/sudoesteacontece.com.br\/#\/schema\/person\/a4f22429c1d0923ef8f7d43343f8dc38","name":"Reda\u00e7\u00e3o","image":{"@type":"ImageObject","inLanguage":"pt-BR","@id":"https:\/\/sudoesteacontece.com.br\/#\/schema\/person\/image\/","url":"https:\/\/secure.gravatar.com\/avatar\/c3a5b3c93f268a709c25a2df414c629a96fb3b1b4bf97a94fb3f72e54ae76903?s=96&d=mm&r=g","contentUrl":"https:\/\/secure.gravatar.com\/avatar\/c3a5b3c93f268a709c25a2df414c629a96fb3b1b4bf97a94fb3f72e54ae76903?s=96&d=mm&r=g","caption":"Reda\u00e7\u00e3o"},"url":"https:\/\/sudoesteacontece.com.br\/?author=4"}]}},"_links":{"self":[{"href":"https:\/\/sudoesteacontece.com.br\/index.php?rest_route=\/wp\/v2\/posts\/28842","targetHints":{"allow":["GET"]}}],"collection":[{"href":"https:\/\/sudoesteacontece.com.br\/index.php?rest_route=\/wp\/v2\/posts"}],"about":[{"href":"https:\/\/sudoesteacontece.com.br\/index.php?rest_route=\/wp\/v2\/types\/post"}],"author":[{"embeddable":true,"href":"https:\/\/sudoesteacontece.com.br\/index.php?rest_route=\/wp\/v2\/users\/4"}],"replies":[{"embeddable":true,"href":"https:\/\/sudoesteacontece.com.br\/index.php?rest_route=%2Fwp%2Fv2%2Fcomments&post=28842"}],"version-history":[{"count":1,"href":"https:\/\/sudoesteacontece.com.br\/index.php?rest_route=\/wp\/v2\/posts\/28842\/revisions"}],"predecessor-version":[{"id":28875,"href":"https:\/\/sudoesteacontece.com.br\/index.php?rest_route=\/wp\/v2\/posts\/28842\/revisions\/28875"}],"wp:attachment":[{"href":"https:\/\/sudoesteacontece.com.br\/index.php?rest_route=%2Fwp%2Fv2%2Fmedia&parent=28842"}],"wp:term":[{"taxonomy":"category","embeddable":true,"href":"https:\/\/sudoesteacontece.com.br\/index.php?rest_route=%2Fwp%2Fv2%2Fcategories&post=28842"},{"taxonomy":"post_tag","embeddable":true,"href":"https:\/\/sudoesteacontece.com.br\/index.php?rest_route=%2Fwp%2Fv2%2Ftags&post=28842"}],"curies":[{"name":"wp","href":"https:\/\/api.w.org\/{rel}","templated":true}]}}