{"id":28843,"date":"2026-08-31T18:17:43","date_gmt":"2026-08-31T21:17:43","guid":{"rendered":"https:\/\/sudoesteacontece.com.br\/?p=28843"},"modified":"2026-08-31T18:17:49","modified_gmt":"2026-08-31T21:17:49","slug":"candidatoa-deputado-estadual-denuncia-agressao-de-pm-durante-motociata-em-alagoinhas","status":"publish","type":"post","link":"https:\/\/sudoesteacontece.com.br\/?p=28843","title":{"rendered":"Candidatoa deputado estadual denuncia agress\u00e3o de PM durante motociata em Alagoinhas"},"content":{"rendered":"\n<figure class=\"wp-block-image size-full\"><img fetchpriority=\"high\" decoding=\"async\" width=\"900\" height=\"600\" src=\"http:\/\/sudoesteacontece.com.br\/wp-content\/uploads\/2026\/08\/Candidatoa-deputado-estadual-denuncia-agressao-de-PM-durante-motociata-em-Alagoinhas.jpg\" alt=\"\" class=\"wp-image-28869\" srcset=\"https:\/\/sudoesteacontece.com.br\/wp-content\/uploads\/2026\/08\/Candidatoa-deputado-estadual-denuncia-agressao-de-PM-durante-motociata-em-Alagoinhas.jpg 900w, https:\/\/sudoesteacontece.com.br\/wp-content\/uploads\/2026\/08\/Candidatoa-deputado-estadual-denuncia-agressao-de-PM-durante-motociata-em-Alagoinhas-300x200.jpg 300w, https:\/\/sudoesteacontece.com.br\/wp-content\/uploads\/2026\/08\/Candidatoa-deputado-estadual-denuncia-agressao-de-PM-durante-motociata-em-Alagoinhas-768x512.jpg 768w\" sizes=\"(max-width: 900px) 100vw, 900px\" \/><\/figure>\n\n\n\n<p class=\"wp-block-paragraph\">O candidato a deputado estadual Thiancle Ara\u00fajo (TH) afirmou ter sido agredido por policiais militares durante uma motociata realizada no domingo (30), em Alagoinhas, na Bahia. Segundo ele, o evento reuniu mais de 150 participantes e ocorreu ao lado do candidato a deputado federal Marcola.<\/p>\n\n\n\n<p class=\"wp-block-paragraph\">De acordo com Thiancle, a organiza\u00e7\u00e3o havia comunicado previamente o evento ao comando da Pol\u00edcia Militar e o carro de som utilizado estava dentro das normas eleitorais. O candidato, que tamb\u00e9m \u00e9 advogado, afirmou que os policiais n\u00e3o solicitaram sua identifica\u00e7\u00e3o antes da abordagem.<\/p>\n\n\n\n<p class=\"wp-block-paragraph\">Durante a ocorr\u00eancia, Thiancle relatou que tentou esclarecer a situa\u00e7\u00e3o, mas acabou retirado \u00e0 for\u00e7a da motocicleta e agredido pelos agentes. Ele tamb\u00e9m afirmou considerar que o epis\u00f3dio estaria relacionado a outras situa\u00e7\u00f5es que, segundo seu relato, caracterizariam persegui\u00e7\u00e3o por sua atua\u00e7\u00e3o pol\u00edtica.<\/p>\n\n\n\n<p class=\"wp-block-paragraph\">Ap\u00f3s a abordagem, o candidato foi conduzido a uma unidade policial em Alagoinhas. Segundo Thiancle, representantes da Ordem dos Advogados do Brasil (OAB) prestaram assist\u00eancia durante o procedimento, enquanto medidas legais estariam sendo adotadas para apurar a conduta dos policiais envolvidos.<\/p>\n\n\n\n<p class=\"wp-block-paragraph\">Por outro lado, a Pol\u00edcia Militar da Bahia apresentou uma vers\u00e3o diferente para a ocorr\u00eancia. Em nota, a corpora\u00e7\u00e3o informou que policiais do 4\u00ba BPM foram acionados pelo CICOM para verificar den\u00fancias de dire\u00e7\u00e3o perigosa e poss\u00edveis infra\u00e7\u00f5es de tr\u00e2nsito nas proximidades da antiga pista de pouso da Heineken.<\/p>\n\n\n\n<p class=\"wp-block-paragraph\">Segundo a PM, durante o deslocamento, os agentes encontraram motocicletas com altera\u00e7\u00f5es no escapamento, aus\u00eancia de placa e placas parcialmente encobertas. A corpora\u00e7\u00e3o afirmou que determinou a parada dos ve\u00edculos para fiscaliza\u00e7\u00e3o, mas um dos condutores teria se recusado a cumprir as ordens policiais.<\/p>\n\n\n\n<p class=\"wp-block-paragraph\">Conforme o relato da PM, o condutor se identificou verbalmente como advogado e afirmou que n\u00e3o deixaria a motocicleta. A corpora\u00e7\u00e3o declarou ainda que houve resist\u00eancia \u00e0 abordagem e ofensas contra os policiais, sendo necess\u00e1ria a conten\u00e7\u00e3o e o uso de algemas.<\/p>\n\n\n\n<p class=\"wp-block-paragraph\">O homem foi encaminhado \u00e0 Delegacia Territorial de Alagoinhas, onde a ocorr\u00eancia foi registrada por meio do Termo Circunstanciado de Ocorr\u00eancia (TCO) n\u00ba 22444\/2026. A Pol\u00edcia Militar afirmou que a abordagem ocorreu durante uma a\u00e7\u00e3o de fiscaliza\u00e7\u00e3o e preserva\u00e7\u00e3o da ordem p\u00fablica.<\/p>\n\n\n\n<p class=\"wp-block-paragraph\">Thiancle informou que pretende divulgar grava\u00e7\u00f5es que, segundo sua equipe, registraram a abordagem e as agress\u00f5es. O candidato tamb\u00e9m cobra a apura\u00e7\u00e3o dos fatos pelo Comando-Geral da Pol\u00edcia Militar da Bahia, enquanto a corpora\u00e7\u00e3o defende a atua\u00e7\u00e3o dos agentes dentro das atribui\u00e7\u00f5es legais.<\/p>\n","protected":false},"excerpt":{"rendered":"<p>O candidato a deputado estadual Thiancle Ara\u00fajo (TH) afirmou ter sido agredido por policiais militares durante uma motociata realizada no domingo (30), em Alagoinhas, na Bahia. Segundo ele, o evento reuniu mais de 150 participantes e ocorreu ao lado do candidato a deputado federal Marcola. De acordo com Thiancle, a organiza\u00e7\u00e3o havia comunicado previamente o evento ao comando da Pol\u00edcia Militar e o carro de som utilizado estava dentro das normas eleitorais. O candidato, que tamb\u00e9m \u00e9 advogado, afirmou que os policiais n\u00e3o solicitaram sua identifica\u00e7\u00e3o antes da abordagem. Durante a ocorr\u00eancia, Thiancle relatou que tentou esclarecer a situa\u00e7\u00e3o, mas acabou retirado \u00e0 for\u00e7a da motocicleta e agredido pelos agentes. Ele tamb\u00e9m afirmou considerar que o epis\u00f3dio estaria relacionado a outras situa\u00e7\u00f5es que, segundo seu relato, caracterizariam persegui\u00e7\u00e3o por sua atua\u00e7\u00e3o pol\u00edtica. Ap\u00f3s a abordagem, o candidato foi conduzido a uma unidade policial em Alagoinhas. Segundo Thiancle, representantes da Ordem dos Advogados do Brasil (OAB) prestaram assist\u00eancia durante o procedimento, enquanto medidas legais estariam sendo adotadas para apurar a conduta dos policiais envolvidos. Por outro lado, a Pol\u00edcia Militar da Bahia apresentou uma vers\u00e3o diferente para a ocorr\u00eancia. Em nota, a corpora\u00e7\u00e3o informou que policiais do 4\u00ba BPM foram acionados pelo CICOM para verificar den\u00fancias de dire\u00e7\u00e3o perigosa e poss\u00edveis infra\u00e7\u00f5es de tr\u00e2nsito nas proximidades da antiga pista de pouso da Heineken. Segundo a PM, durante o deslocamento, os agentes encontraram motocicletas com altera\u00e7\u00f5es no escapamento, aus\u00eancia de placa e placas parcialmente encobertas. A corpora\u00e7\u00e3o afirmou que determinou a parada dos ve\u00edculos para fiscaliza\u00e7\u00e3o, mas um dos condutores teria se recusado a cumprir as ordens policiais. Conforme o relato da PM, o condutor se identificou verbalmente como advogado e afirmou que n\u00e3o deixaria a motocicleta. A corpora\u00e7\u00e3o declarou ainda que houve resist\u00eancia \u00e0 abordagem e ofensas contra os policiais, sendo necess\u00e1ria a conten\u00e7\u00e3o e o uso de algemas. O homem foi encaminhado \u00e0 Delegacia Territorial de Alagoinhas, onde a ocorr\u00eancia foi registrada por meio do Termo Circunstanciado de Ocorr\u00eancia (TCO) n\u00ba 22444\/2026. A Pol\u00edcia Militar afirmou que a abordagem ocorreu durante uma a\u00e7\u00e3o de fiscaliza\u00e7\u00e3o e preserva\u00e7\u00e3o da ordem p\u00fablica. Thiancle informou que pretende divulgar grava\u00e7\u00f5es que, segundo sua equipe, registraram a abordagem e as agress\u00f5es. O candidato tamb\u00e9m cobra a apura\u00e7\u00e3o dos fatos pelo Comando-Geral da Pol\u00edcia Militar da Bahia, enquanto a corpora\u00e7\u00e3o defende a atua\u00e7\u00e3o dos agentes dentro das atribui\u00e7\u00f5es legais.<\/p>\n","protected":false},"author":4,"featured_media":0,"comment_status":"open","ping_status":"open","sticky":false,"template":"","format":"standard","meta":{"footnotes":""},"categories":[7,58,3,6],"tags":[],"class_list":["post-28843","post","type-post","status-publish","format-standard","hentry","category-bahia","category-eleicoes-2026","category-policia","category-politica"],"yoast_head":"<!-- This site is optimized with the Yoast SEO plugin v26.5 - https:\/\/yoast.com\/wordpress\/plugins\/seo\/ -->\n<title>Candidatoa deputado estadual denuncia agress\u00e3o de PM durante motociata em Alagoinhas - Sudoesteacontece<\/title>\n<meta name=\"robots\" content=\"index, follow, max-snippet:-1, max-image-preview:large, max-video-preview:-1\" \/>\n<link rel=\"canonical\" href=\"https:\/\/sudoesteacontece.com.br\/?p=28843\" \/>\n<meta property=\"og:locale\" content=\"pt_BR\" \/>\n<meta property=\"og:type\" content=\"article\" \/>\n<meta property=\"og:title\" content=\"Candidatoa deputado estadual denuncia agress\u00e3o de PM durante motociata em Alagoinhas - Sudoesteacontece\" \/>\n<meta property=\"og:description\" content=\"O candidato a deputado estadual Thiancle Ara\u00fajo (TH) afirmou ter sido agredido por policiais militares durante uma motociata realizada no domingo (30), em Alagoinhas, na Bahia. Segundo ele, o evento reuniu mais de 150 participantes e ocorreu ao lado do candidato a deputado federal Marcola. De acordo com Thiancle, a organiza\u00e7\u00e3o havia comunicado previamente o evento ao comando da Pol\u00edcia Militar e o carro de som utilizado estava dentro das normas eleitorais. O candidato, que tamb\u00e9m \u00e9 advogado, afirmou que os policiais n\u00e3o solicitaram sua identifica\u00e7\u00e3o antes da abordagem. Durante a ocorr\u00eancia, Thiancle relatou que tentou esclarecer a situa\u00e7\u00e3o, mas acabou retirado \u00e0 for\u00e7a da motocicleta e agredido pelos agentes. Ele tamb\u00e9m afirmou considerar que o epis\u00f3dio estaria relacionado a outras situa\u00e7\u00f5es que, segundo seu relato, caracterizariam persegui\u00e7\u00e3o por sua atua\u00e7\u00e3o pol\u00edtica. Ap\u00f3s a abordagem, o candidato foi conduzido a uma unidade policial em Alagoinhas. Segundo Thiancle, representantes da Ordem dos Advogados do Brasil (OAB) prestaram assist\u00eancia durante o procedimento, enquanto medidas legais estariam sendo adotadas para apurar a conduta dos policiais envolvidos. Por outro lado, a Pol\u00edcia Militar da Bahia apresentou uma vers\u00e3o diferente para a ocorr\u00eancia. Em nota, a corpora\u00e7\u00e3o informou que policiais do 4\u00ba BPM foram acionados pelo CICOM para verificar den\u00fancias de dire\u00e7\u00e3o perigosa e poss\u00edveis infra\u00e7\u00f5es de tr\u00e2nsito nas proximidades da antiga pista de pouso da Heineken. Segundo a PM, durante o deslocamento, os agentes encontraram motocicletas com altera\u00e7\u00f5es no escapamento, aus\u00eancia de placa e placas parcialmente encobertas. A corpora\u00e7\u00e3o afirmou que determinou a parada dos ve\u00edculos para fiscaliza\u00e7\u00e3o, mas um dos condutores teria se recusado a cumprir as ordens policiais. Conforme o relato da PM, o condutor se identificou verbalmente como advogado e afirmou que n\u00e3o deixaria a motocicleta. A corpora\u00e7\u00e3o declarou ainda que houve resist\u00eancia \u00e0 abordagem e ofensas contra os policiais, sendo necess\u00e1ria a conten\u00e7\u00e3o e o uso de algemas. O homem foi encaminhado \u00e0 Delegacia Territorial de Alagoinhas, onde a ocorr\u00eancia foi registrada por meio do Termo Circunstanciado de Ocorr\u00eancia (TCO) n\u00ba 22444\/2026. A Pol\u00edcia Militar afirmou que a abordagem ocorreu durante uma a\u00e7\u00e3o de fiscaliza\u00e7\u00e3o e preserva\u00e7\u00e3o da ordem p\u00fablica. Thiancle informou que pretende divulgar grava\u00e7\u00f5es que, segundo sua equipe, registraram a abordagem e as agress\u00f5es. O candidato tamb\u00e9m cobra a apura\u00e7\u00e3o dos fatos pelo Comando-Geral da Pol\u00edcia Militar da Bahia, enquanto a corpora\u00e7\u00e3o defende a atua\u00e7\u00e3o dos agentes dentro das atribui\u00e7\u00f5es legais.\" \/>\n<meta property=\"og:url\" content=\"https:\/\/sudoesteacontece.com.br\/?p=28843\" \/>\n<meta property=\"og:site_name\" content=\"Sudoesteacontece\" \/>\n<meta property=\"article:publisher\" content=\"https:\/\/www.facebook.com\/sudoesteacontece\/?locale=pt_BR\" \/>\n<meta property=\"article:published_time\" content=\"2026-08-31T21:17:43+00:00\" \/>\n<meta property=\"article:modified_time\" content=\"2026-08-31T21:17:49+00:00\" \/>\n<meta property=\"og:image\" content=\"https:\/\/sudoesteacontece.com.br\/wp-content\/uploads\/2026\/08\/Candidatoa-deputado-estadual-denuncia-agressao-de-PM-durante-motociata-em-Alagoinhas.jpg\" \/>\n\t<meta property=\"og:image:width\" content=\"900\" \/>\n\t<meta property=\"og:image:height\" content=\"600\" \/>\n\t<meta property=\"og:image:type\" content=\"image\/jpeg\" \/>\n<meta name=\"author\" content=\"Reda\u00e7\u00e3o\" \/>\n<meta name=\"twitter:card\" content=\"summary_large_image\" \/>\n<meta name=\"twitter:label1\" content=\"Escrito por\" \/>\n\t<meta name=\"twitter:data1\" content=\"Reda\u00e7\u00e3o\" \/>\n\t<meta name=\"twitter:label2\" content=\"Est. tempo de leitura\" \/>\n\t<meta name=\"twitter:data2\" content=\"3 minutos\" \/>\n<script type=\"application\/ld+json\" class=\"yoast-schema-graph\">{\"@context\":\"https:\/\/schema.org\",\"@graph\":[{\"@type\":\"Article\",\"@id\":\"https:\/\/sudoesteacontece.com.br\/?p=28843#article\",\"isPartOf\":{\"@id\":\"https:\/\/sudoesteacontece.com.br\/?p=28843\"},\"author\":{\"name\":\"Reda\u00e7\u00e3o\",\"@id\":\"https:\/\/sudoesteacontece.com.br\/#\/schema\/person\/a4f22429c1d0923ef8f7d43343f8dc38\"},\"headline\":\"Candidatoa deputado estadual denuncia agress\u00e3o de PM durante motociata em Alagoinhas\",\"datePublished\":\"2026-08-31T21:17:43+00:00\",\"dateModified\":\"2026-08-31T21:17:49+00:00\",\"mainEntityOfPage\":{\"@id\":\"https:\/\/sudoesteacontece.com.br\/?p=28843\"},\"wordCount\":448,\"commentCount\":0,\"publisher\":{\"@id\":\"https:\/\/sudoesteacontece.com.br\/#organization\"},\"image\":{\"@id\":\"https:\/\/sudoesteacontece.com.br\/?p=28843#primaryimage\"},\"thumbnailUrl\":\"http:\/\/sudoesteacontece.com.br\/wp-content\/uploads\/2026\/08\/Candidatoa-deputado-estadual-denuncia-agressao-de-PM-durante-motociata-em-Alagoinhas.jpg\",\"articleSection\":[\"Bahia\",\"Elei\u00e7\u00f5es 2026\",\"Pol\u00edcia\",\"Pol\u00edtica\"],\"inLanguage\":\"pt-BR\",\"potentialAction\":[{\"@type\":\"CommentAction\",\"name\":\"Comment\",\"target\":[\"https:\/\/sudoesteacontece.com.br\/?p=28843#respond\"]}]},{\"@type\":\"WebPage\",\"@id\":\"https:\/\/sudoesteacontece.com.br\/?p=28843\",\"url\":\"https:\/\/sudoesteacontece.com.br\/?p=28843\",\"name\":\"Candidatoa deputado estadual denuncia agress\u00e3o de PM durante motociata em Alagoinhas - Sudoesteacontece\",\"isPartOf\":{\"@id\":\"https:\/\/sudoesteacontece.com.br\/#website\"},\"primaryImageOfPage\":{\"@id\":\"https:\/\/sudoesteacontece.com.br\/?p=28843#primaryimage\"},\"image\":{\"@id\":\"https:\/\/sudoesteacontece.com.br\/?p=28843#primaryimage\"},\"thumbnailUrl\":\"http:\/\/sudoesteacontece.com.br\/wp-content\/uploads\/2026\/08\/Candidatoa-deputado-estadual-denuncia-agressao-de-PM-durante-motociata-em-Alagoinhas.jpg\",\"datePublished\":\"2026-08-31T21:17:43+00:00\",\"dateModified\":\"2026-08-31T21:17:49+00:00\",\"breadcrumb\":{\"@id\":\"https:\/\/sudoesteacontece.com.br\/?p=28843#breadcrumb\"},\"inLanguage\":\"pt-BR\",\"potentialAction\":[{\"@type\":\"ReadAction\",\"target\":[\"https:\/\/sudoesteacontece.com.br\/?p=28843\"]}]},{\"@type\":\"ImageObject\",\"inLanguage\":\"pt-BR\",\"@id\":\"https:\/\/sudoesteacontece.com.br\/?p=28843#primaryimage\",\"url\":\"https:\/\/sudoesteacontece.com.br\/wp-content\/uploads\/2026\/08\/Candidatoa-deputado-estadual-denuncia-agressao-de-PM-durante-motociata-em-Alagoinhas.jpg\",\"contentUrl\":\"https:\/\/sudoesteacontece.com.br\/wp-content\/uploads\/2026\/08\/Candidatoa-deputado-estadual-denuncia-agressao-de-PM-durante-motociata-em-Alagoinhas.jpg\",\"width\":900,\"height\":600},{\"@type\":\"BreadcrumbList\",\"@id\":\"https:\/\/sudoesteacontece.com.br\/?p=28843#breadcrumb\",\"itemListElement\":[{\"@type\":\"ListItem\",\"position\":1,\"name\":\"In\u00edcio\",\"item\":\"https:\/\/sudoesteacontece.com.br\/\"},{\"@type\":\"ListItem\",\"position\":2,\"name\":\"Candidatoa deputado estadual denuncia agress\u00e3o de PM durante motociata em Alagoinhas\"}]},{\"@type\":\"WebSite\",\"@id\":\"https:\/\/sudoesteacontece.com.br\/#website\",\"url\":\"https:\/\/sudoesteacontece.com.br\/\",\"name\":\"Sudoesteacontece\",\"description\":\"\",\"publisher\":{\"@id\":\"https:\/\/sudoesteacontece.com.br\/#organization\"},\"potentialAction\":[{\"@type\":\"SearchAction\",\"target\":{\"@type\":\"EntryPoint\",\"urlTemplate\":\"https:\/\/sudoesteacontece.com.br\/?s={search_term_string}\"},\"query-input\":{\"@type\":\"PropertyValueSpecification\",\"valueRequired\":true,\"valueName\":\"search_term_string\"}}],\"inLanguage\":\"pt-BR\"},{\"@type\":\"Organization\",\"@id\":\"https:\/\/sudoesteacontece.com.br\/#organization\",\"name\":\"Sudoesteacontece\",\"url\":\"https:\/\/sudoesteacontece.com.br\/\",\"logo\":{\"@type\":\"ImageObject\",\"inLanguage\":\"pt-BR\",\"@id\":\"https:\/\/sudoesteacontece.com.br\/#\/schema\/logo\/image\/\",\"url\":\"https:\/\/sudoesteacontece.com.br\/wp-content\/uploads\/2025\/12\/cropped-logo-2-180x180-1.png\",\"contentUrl\":\"https:\/\/sudoesteacontece.com.br\/wp-content\/uploads\/2025\/12\/cropped-logo-2-180x180-1.png\",\"width\":180,\"height\":180,\"caption\":\"Sudoesteacontece\"},\"image\":{\"@id\":\"https:\/\/sudoesteacontece.com.br\/#\/schema\/logo\/image\/\"},\"sameAs\":[\"https:\/\/www.facebook.com\/sudoesteacontece\/?locale=pt_BR\"]},{\"@type\":\"Person\",\"@id\":\"https:\/\/sudoesteacontece.com.br\/#\/schema\/person\/a4f22429c1d0923ef8f7d43343f8dc38\",\"name\":\"Reda\u00e7\u00e3o\",\"image\":{\"@type\":\"ImageObject\",\"inLanguage\":\"pt-BR\",\"@id\":\"https:\/\/sudoesteacontece.com.br\/#\/schema\/person\/image\/\",\"url\":\"https:\/\/secure.gravatar.com\/avatar\/c3a5b3c93f268a709c25a2df414c629a96fb3b1b4bf97a94fb3f72e54ae76903?s=96&d=mm&r=g\",\"contentUrl\":\"https:\/\/secure.gravatar.com\/avatar\/c3a5b3c93f268a709c25a2df414c629a96fb3b1b4bf97a94fb3f72e54ae76903?s=96&d=mm&r=g\",\"caption\":\"Reda\u00e7\u00e3o\"},\"url\":\"https:\/\/sudoesteacontece.com.br\/?author=4\"}]}<\/script>\n<!-- \/ Yoast SEO plugin. -->","yoast_head_json":{"title":"Candidatoa deputado estadual denuncia agress\u00e3o de PM durante motociata em Alagoinhas - Sudoesteacontece","robots":{"index":"index","follow":"follow","max-snippet":"max-snippet:-1","max-image-preview":"max-image-preview:large","max-video-preview":"max-video-preview:-1"},"canonical":"https:\/\/sudoesteacontece.com.br\/?p=28843","og_locale":"pt_BR","og_type":"article","og_title":"Candidatoa deputado estadual denuncia agress\u00e3o de PM durante motociata em Alagoinhas - Sudoesteacontece","og_description":"O candidato a deputado estadual Thiancle Ara\u00fajo (TH) afirmou ter sido agredido por policiais militares durante uma motociata realizada no domingo (30), em Alagoinhas, na Bahia. Segundo ele, o evento reuniu mais de 150 participantes e ocorreu ao lado do candidato a deputado federal Marcola. De acordo com Thiancle, a organiza\u00e7\u00e3o havia comunicado previamente o evento ao comando da Pol\u00edcia Militar e o carro de som utilizado estava dentro das normas eleitorais. O candidato, que tamb\u00e9m \u00e9 advogado, afirmou que os policiais n\u00e3o solicitaram sua identifica\u00e7\u00e3o antes da abordagem. Durante a ocorr\u00eancia, Thiancle relatou que tentou esclarecer a situa\u00e7\u00e3o, mas acabou retirado \u00e0 for\u00e7a da motocicleta e agredido pelos agentes. Ele tamb\u00e9m afirmou considerar que o epis\u00f3dio estaria relacionado a outras situa\u00e7\u00f5es que, segundo seu relato, caracterizariam persegui\u00e7\u00e3o por sua atua\u00e7\u00e3o pol\u00edtica. Ap\u00f3s a abordagem, o candidato foi conduzido a uma unidade policial em Alagoinhas. Segundo Thiancle, representantes da Ordem dos Advogados do Brasil (OAB) prestaram assist\u00eancia durante o procedimento, enquanto medidas legais estariam sendo adotadas para apurar a conduta dos policiais envolvidos. Por outro lado, a Pol\u00edcia Militar da Bahia apresentou uma vers\u00e3o diferente para a ocorr\u00eancia. Em nota, a corpora\u00e7\u00e3o informou que policiais do 4\u00ba BPM foram acionados pelo CICOM para verificar den\u00fancias de dire\u00e7\u00e3o perigosa e poss\u00edveis infra\u00e7\u00f5es de tr\u00e2nsito nas proximidades da antiga pista de pouso da Heineken. Segundo a PM, durante o deslocamento, os agentes encontraram motocicletas com altera\u00e7\u00f5es no escapamento, aus\u00eancia de placa e placas parcialmente encobertas. A corpora\u00e7\u00e3o afirmou que determinou a parada dos ve\u00edculos para fiscaliza\u00e7\u00e3o, mas um dos condutores teria se recusado a cumprir as ordens policiais. Conforme o relato da PM, o condutor se identificou verbalmente como advogado e afirmou que n\u00e3o deixaria a motocicleta. A corpora\u00e7\u00e3o declarou ainda que houve resist\u00eancia \u00e0 abordagem e ofensas contra os policiais, sendo necess\u00e1ria a conten\u00e7\u00e3o e o uso de algemas. O homem foi encaminhado \u00e0 Delegacia Territorial de Alagoinhas, onde a ocorr\u00eancia foi registrada por meio do Termo Circunstanciado de Ocorr\u00eancia (TCO) n\u00ba 22444\/2026. A Pol\u00edcia Militar afirmou que a abordagem ocorreu durante uma a\u00e7\u00e3o de fiscaliza\u00e7\u00e3o e preserva\u00e7\u00e3o da ordem p\u00fablica. Thiancle informou que pretende divulgar grava\u00e7\u00f5es que, segundo sua equipe, registraram a abordagem e as agress\u00f5es. O candidato tamb\u00e9m cobra a apura\u00e7\u00e3o dos fatos pelo Comando-Geral da Pol\u00edcia Militar da Bahia, enquanto a corpora\u00e7\u00e3o defende a atua\u00e7\u00e3o dos agentes dentro das atribui\u00e7\u00f5es legais.","og_url":"https:\/\/sudoesteacontece.com.br\/?p=28843","og_site_name":"Sudoesteacontece","article_publisher":"https:\/\/www.facebook.com\/sudoesteacontece\/?locale=pt_BR","article_published_time":"2026-08-31T21:17:43+00:00","article_modified_time":"2026-08-31T21:17:49+00:00","og_image":[{"width":900,"height":600,"url":"https:\/\/sudoesteacontece.com.br\/wp-content\/uploads\/2026\/08\/Candidatoa-deputado-estadual-denuncia-agressao-de-PM-durante-motociata-em-Alagoinhas.jpg","type":"image\/jpeg"}],"author":"Reda\u00e7\u00e3o","twitter_card":"summary_large_image","twitter_misc":{"Escrito por":"Reda\u00e7\u00e3o","Est. tempo de leitura":"3 minutos"},"schema":{"@context":"https:\/\/schema.org","@graph":[{"@type":"Article","@id":"https:\/\/sudoesteacontece.com.br\/?p=28843#article","isPartOf":{"@id":"https:\/\/sudoesteacontece.com.br\/?p=28843"},"author":{"name":"Reda\u00e7\u00e3o","@id":"https:\/\/sudoesteacontece.com.br\/#\/schema\/person\/a4f22429c1d0923ef8f7d43343f8dc38"},"headline":"Candidatoa deputado estadual denuncia agress\u00e3o de PM durante motociata em Alagoinhas","datePublished":"2026-08-31T21:17:43+00:00","dateModified":"2026-08-31T21:17:49+00:00","mainEntityOfPage":{"@id":"https:\/\/sudoesteacontece.com.br\/?p=28843"},"wordCount":448,"commentCount":0,"publisher":{"@id":"https:\/\/sudoesteacontece.com.br\/#organization"},"image":{"@id":"https:\/\/sudoesteacontece.com.br\/?p=28843#primaryimage"},"thumbnailUrl":"http:\/\/sudoesteacontece.com.br\/wp-content\/uploads\/2026\/08\/Candidatoa-deputado-estadual-denuncia-agressao-de-PM-durante-motociata-em-Alagoinhas.jpg","articleSection":["Bahia","Elei\u00e7\u00f5es 2026","Pol\u00edcia","Pol\u00edtica"],"inLanguage":"pt-BR","potentialAction":[{"@type":"CommentAction","name":"Comment","target":["https:\/\/sudoesteacontece.com.br\/?p=28843#respond"]}]},{"@type":"WebPage","@id":"https:\/\/sudoesteacontece.com.br\/?p=28843","url":"https:\/\/sudoesteacontece.com.br\/?p=28843","name":"Candidatoa deputado estadual denuncia agress\u00e3o de PM durante motociata em Alagoinhas - Sudoesteacontece","isPartOf":{"@id":"https:\/\/sudoesteacontece.com.br\/#website"},"primaryImageOfPage":{"@id":"https:\/\/sudoesteacontece.com.br\/?p=28843#primaryimage"},"image":{"@id":"https:\/\/sudoesteacontece.com.br\/?p=28843#primaryimage"},"thumbnailUrl":"http:\/\/sudoesteacontece.com.br\/wp-content\/uploads\/2026\/08\/Candidatoa-deputado-estadual-denuncia-agressao-de-PM-durante-motociata-em-Alagoinhas.jpg","datePublished":"2026-08-31T21:17:43+00:00","dateModified":"2026-08-31T21:17:49+00:00","breadcrumb":{"@id":"https:\/\/sudoesteacontece.com.br\/?p=28843#breadcrumb"},"inLanguage":"pt-BR","potentialAction":[{"@type":"ReadAction","target":["https:\/\/sudoesteacontece.com.br\/?p=28843"]}]},{"@type":"ImageObject","inLanguage":"pt-BR","@id":"https:\/\/sudoesteacontece.com.br\/?p=28843#primaryimage","url":"https:\/\/sudoesteacontece.com.br\/wp-content\/uploads\/2026\/08\/Candidatoa-deputado-estadual-denuncia-agressao-de-PM-durante-motociata-em-Alagoinhas.jpg","contentUrl":"https:\/\/sudoesteacontece.com.br\/wp-content\/uploads\/2026\/08\/Candidatoa-deputado-estadual-denuncia-agressao-de-PM-durante-motociata-em-Alagoinhas.jpg","width":900,"height":600},{"@type":"BreadcrumbList","@id":"https:\/\/sudoesteacontece.com.br\/?p=28843#breadcrumb","itemListElement":[{"@type":"ListItem","position":1,"name":"In\u00edcio","item":"https:\/\/sudoesteacontece.com.br\/"},{"@type":"ListItem","position":2,"name":"Candidatoa deputado estadual denuncia agress\u00e3o de PM durante motociata em Alagoinhas"}]},{"@type":"WebSite","@id":"https:\/\/sudoesteacontece.com.br\/#website","url":"https:\/\/sudoesteacontece.com.br\/","name":"Sudoesteacontece","description":"","publisher":{"@id":"https:\/\/sudoesteacontece.com.br\/#organization"},"potentialAction":[{"@type":"SearchAction","target":{"@type":"EntryPoint","urlTemplate":"https:\/\/sudoesteacontece.com.br\/?s={search_term_string}"},"query-input":{"@type":"PropertyValueSpecification","valueRequired":true,"valueName":"search_term_string"}}],"inLanguage":"pt-BR"},{"@type":"Organization","@id":"https:\/\/sudoesteacontece.com.br\/#organization","name":"Sudoesteacontece","url":"https:\/\/sudoesteacontece.com.br\/","logo":{"@type":"ImageObject","inLanguage":"pt-BR","@id":"https:\/\/sudoesteacontece.com.br\/#\/schema\/logo\/image\/","url":"https:\/\/sudoesteacontece.com.br\/wp-content\/uploads\/2025\/12\/cropped-logo-2-180x180-1.png","contentUrl":"https:\/\/sudoesteacontece.com.br\/wp-content\/uploads\/2025\/12\/cropped-logo-2-180x180-1.png","width":180,"height":180,"caption":"Sudoesteacontece"},"image":{"@id":"https:\/\/sudoesteacontece.com.br\/#\/schema\/logo\/image\/"},"sameAs":["https:\/\/www.facebook.com\/sudoesteacontece\/?locale=pt_BR"]},{"@type":"Person","@id":"https:\/\/sudoesteacontece.com.br\/#\/schema\/person\/a4f22429c1d0923ef8f7d43343f8dc38","name":"Reda\u00e7\u00e3o","image":{"@type":"ImageObject","inLanguage":"pt-BR","@id":"https:\/\/sudoesteacontece.com.br\/#\/schema\/person\/image\/","url":"https:\/\/secure.gravatar.com\/avatar\/c3a5b3c93f268a709c25a2df414c629a96fb3b1b4bf97a94fb3f72e54ae76903?s=96&d=mm&r=g","contentUrl":"https:\/\/secure.gravatar.com\/avatar\/c3a5b3c93f268a709c25a2df414c629a96fb3b1b4bf97a94fb3f72e54ae76903?s=96&d=mm&r=g","caption":"Reda\u00e7\u00e3o"},"url":"https:\/\/sudoesteacontece.com.br\/?author=4"}]}},"_links":{"self":[{"href":"https:\/\/sudoesteacontece.com.br\/index.php?rest_route=\/wp\/v2\/posts\/28843","targetHints":{"allow":["GET"]}}],"collection":[{"href":"https:\/\/sudoesteacontece.com.br\/index.php?rest_route=\/wp\/v2\/posts"}],"about":[{"href":"https:\/\/sudoesteacontece.com.br\/index.php?rest_route=\/wp\/v2\/types\/post"}],"author":[{"embeddable":true,"href":"https:\/\/sudoesteacontece.com.br\/index.php?rest_route=\/wp\/v2\/users\/4"}],"replies":[{"embeddable":true,"href":"https:\/\/sudoesteacontece.com.br\/index.php?rest_route=%2Fwp%2Fv2%2Fcomments&post=28843"}],"version-history":[{"count":1,"href":"https:\/\/sudoesteacontece.com.br\/index.php?rest_route=\/wp\/v2\/posts\/28843\/revisions"}],"predecessor-version":[{"id":28876,"href":"https:\/\/sudoesteacontece.com.br\/index.php?rest_route=\/wp\/v2\/posts\/28843\/revisions\/28876"}],"wp:attachment":[{"href":"https:\/\/sudoesteacontece.com.br\/index.php?rest_route=%2Fwp%2Fv2%2Fmedia&parent=28843"}],"wp:term":[{"taxonomy":"category","embeddable":true,"href":"https:\/\/sudoesteacontece.com.br\/index.php?rest_route=%2Fwp%2Fv2%2Fcategories&post=28843"},{"taxonomy":"post_tag","embeddable":true,"href":"https:\/\/sudoesteacontece.com.br\/index.php?rest_route=%2Fwp%2Fv2%2Ftags&post=28843"}],"curies":[{"name":"wp","href":"https:\/\/api.w.org\/{rel}","templated":true}]}}