{"id":28844,"date":"2026-08-31T16:59:00","date_gmt":"2026-08-31T19:59:00","guid":{"rendered":"https:\/\/sudoesteacontece.com.br\/?p=28844"},"modified":"2026-08-31T18:21:46","modified_gmt":"2026-08-31T21:21:46","slug":"brumado-entra-em-alerta-do-inmet-por-baixa-umidade-nesta-segunda-feira","status":"publish","type":"post","link":"https:\/\/sudoesteacontece.com.br\/?p=28844","title":{"rendered":"Brumado entra em alerta do Inmet por baixa umidade nesta segunda-feira"},"content":{"rendered":"\n<figure class=\"wp-block-image size-full\"><img fetchpriority=\"high\" decoding=\"async\" width=\"900\" height=\"600\" src=\"http:\/\/sudoesteacontece.com.br\/wp-content\/uploads\/2026\/08\/brumado-cidade-1-2.jpg\" alt=\"\" class=\"wp-image-28877\" srcset=\"https:\/\/sudoesteacontece.com.br\/wp-content\/uploads\/2026\/08\/brumado-cidade-1-2.jpg 900w, https:\/\/sudoesteacontece.com.br\/wp-content\/uploads\/2026\/08\/brumado-cidade-1-2-300x200.jpg 300w, https:\/\/sudoesteacontece.com.br\/wp-content\/uploads\/2026\/08\/brumado-cidade-1-2-768x512.jpg 768w\" sizes=\"(max-width: 900px) 100vw, 900px\" \/><\/figure>\n\n\n\n<p class=\"wp-block-paragraph\">Brumado est\u00e1 entre os munic\u00edpios da Bahia inclu\u00eddos em um aviso de baixa umidade emitido pelo Instituto Nacional de Meteorologia (Inmet) nesta segunda-feira (31). O alerta, classificado como de perigo potencial, come\u00e7ou \u00e0s 9h30 e permanece v\u00e1lido at\u00e9 as 23h. Durante esse intervalo, a umidade relativa do ar deve ficar entre 30% e 20%, aumentando a necessidade de cuidados, principalmente nos per\u00edodos mais secos do dia.<\/p>\n\n\n\n<p class=\"wp-block-paragraph\">Segundo o Inmet, a redu\u00e7\u00e3o dos n\u00edveis de umidade pode provocar impactos \u00e0 sa\u00fade e elevar o risco de inc\u00eandios florestais. O aviso abrange Brumado e outras cidades baianas, que devem permanecer sob aten\u00e7\u00e3o enquanto as condi\u00e7\u00f5es meteorol\u00f3gicas previstas estiverem presentes. O instituto recomenda medidas preventivas para reduzir os efeitos provocados pelo ar mais seco durante o per\u00edodo de vig\u00eancia do alerta.<\/p>\n\n\n\n<p class=\"wp-block-paragraph\">Entre as orienta\u00e7\u00f5es est\u00e1 o aumento da ingest\u00e3o de l\u00edquidos ao longo do dia, especialmente nos hor\u00e1rios em que a umidade estiver mais baixa. O \u00f3rg\u00e3o tamb\u00e9m recomenda evitar atividades f\u00edsicas que exijam esfor\u00e7o intenso durante os per\u00edodos mais secos. A exposi\u00e7\u00e3o direta ao sol deve ser reduzida nos hor\u00e1rios de temperaturas mais elevadas, como forma de diminuir os efeitos das condi\u00e7\u00f5es clim\u00e1ticas.<\/p>\n\n\n\n<p class=\"wp-block-paragraph\">Al\u00e9m disso, a popula\u00e7\u00e3o deve ficar atenta \u00e0s condi\u00e7\u00f5es do tempo enquanto o aviso estiver em vigor. A previs\u00e3o do Inmet estabelece o encerramento do alerta \u00e0s 23h desta segunda-feira (31). At\u00e9 esse hor\u00e1rio, Brumado e os demais munic\u00edpios inclu\u00eddos no comunicado permanecem sujeitos aos efeitos associados \u00e0 baixa umidade registrada na regi\u00e3o.<\/p>\n","protected":false},"excerpt":{"rendered":"<p>Brumado est\u00e1 entre os munic\u00edpios da Bahia inclu\u00eddos em um aviso de baixa umidade emitido pelo Instituto Nacional de Meteorologia (Inmet) nesta segunda-feira (31). O alerta, classificado como de perigo potencial, come\u00e7ou \u00e0s 9h30 e permanece v\u00e1lido at\u00e9 as 23h. Durante esse intervalo, a umidade relativa do ar deve ficar entre 30% e 20%, aumentando a necessidade de cuidados, principalmente nos per\u00edodos mais secos do dia. Segundo o Inmet, a redu\u00e7\u00e3o dos n\u00edveis de umidade pode provocar impactos \u00e0 sa\u00fade e elevar o risco de inc\u00eandios florestais. O aviso abrange Brumado e outras cidades baianas, que devem permanecer sob aten\u00e7\u00e3o enquanto as condi\u00e7\u00f5es meteorol\u00f3gicas previstas estiverem presentes. O instituto recomenda medidas preventivas para reduzir os efeitos provocados pelo ar mais seco durante o per\u00edodo de vig\u00eancia do alerta. Entre as orienta\u00e7\u00f5es est\u00e1 o aumento da ingest\u00e3o de l\u00edquidos ao longo do dia, especialmente nos hor\u00e1rios em que a umidade estiver mais baixa. O \u00f3rg\u00e3o tamb\u00e9m recomenda evitar atividades f\u00edsicas que exijam esfor\u00e7o intenso durante os per\u00edodos mais secos. A exposi\u00e7\u00e3o direta ao sol deve ser reduzida nos hor\u00e1rios de temperaturas mais elevadas, como forma de diminuir os efeitos das condi\u00e7\u00f5es clim\u00e1ticas. Al\u00e9m disso, a popula\u00e7\u00e3o deve ficar atenta \u00e0s condi\u00e7\u00f5es do tempo enquanto o aviso estiver em vigor. A previs\u00e3o do Inmet estabelece o encerramento do alerta \u00e0s 23h desta segunda-feira (31). At\u00e9 esse hor\u00e1rio, Brumado e os demais munic\u00edpios inclu\u00eddos no comunicado permanecem sujeitos aos efeitos associados \u00e0 baixa umidade registrada na regi\u00e3o.<\/p>\n","protected":false},"author":4,"featured_media":0,"comment_status":"open","ping_status":"open","sticky":false,"template":"","format":"standard","meta":{"footnotes":""},"categories":[10,4],"tags":[],"class_list":["post-28844","post","type-post","status-publish","format-standard","hentry","category-brumado","category-cidades"],"yoast_head":"<!-- This site is optimized with the Yoast SEO plugin v26.5 - https:\/\/yoast.com\/wordpress\/plugins\/seo\/ -->\n<title>Brumado entra em alerta do Inmet por baixa umidade nesta segunda-feira - Sudoesteacontece<\/title>\n<meta name=\"robots\" content=\"index, follow, max-snippet:-1, max-image-preview:large, max-video-preview:-1\" \/>\n<link rel=\"canonical\" href=\"https:\/\/sudoesteacontece.com.br\/?p=28844\" \/>\n<meta property=\"og:locale\" content=\"pt_BR\" \/>\n<meta property=\"og:type\" content=\"article\" \/>\n<meta property=\"og:title\" content=\"Brumado entra em alerta do Inmet por baixa umidade nesta segunda-feira - Sudoesteacontece\" \/>\n<meta property=\"og:description\" content=\"Brumado est\u00e1 entre os munic\u00edpios da Bahia inclu\u00eddos em um aviso de baixa umidade emitido pelo Instituto Nacional de Meteorologia (Inmet) nesta segunda-feira (31). O alerta, classificado como de perigo potencial, come\u00e7ou \u00e0s 9h30 e permanece v\u00e1lido at\u00e9 as 23h. Durante esse intervalo, a umidade relativa do ar deve ficar entre 30% e 20%, aumentando a necessidade de cuidados, principalmente nos per\u00edodos mais secos do dia. Segundo o Inmet, a redu\u00e7\u00e3o dos n\u00edveis de umidade pode provocar impactos \u00e0 sa\u00fade e elevar o risco de inc\u00eandios florestais. O aviso abrange Brumado e outras cidades baianas, que devem permanecer sob aten\u00e7\u00e3o enquanto as condi\u00e7\u00f5es meteorol\u00f3gicas previstas estiverem presentes. O instituto recomenda medidas preventivas para reduzir os efeitos provocados pelo ar mais seco durante o per\u00edodo de vig\u00eancia do alerta. Entre as orienta\u00e7\u00f5es est\u00e1 o aumento da ingest\u00e3o de l\u00edquidos ao longo do dia, especialmente nos hor\u00e1rios em que a umidade estiver mais baixa. O \u00f3rg\u00e3o tamb\u00e9m recomenda evitar atividades f\u00edsicas que exijam esfor\u00e7o intenso durante os per\u00edodos mais secos. A exposi\u00e7\u00e3o direta ao sol deve ser reduzida nos hor\u00e1rios de temperaturas mais elevadas, como forma de diminuir os efeitos das condi\u00e7\u00f5es clim\u00e1ticas. Al\u00e9m disso, a popula\u00e7\u00e3o deve ficar atenta \u00e0s condi\u00e7\u00f5es do tempo enquanto o aviso estiver em vigor. A previs\u00e3o do Inmet estabelece o encerramento do alerta \u00e0s 23h desta segunda-feira (31). At\u00e9 esse hor\u00e1rio, Brumado e os demais munic\u00edpios inclu\u00eddos no comunicado permanecem sujeitos aos efeitos associados \u00e0 baixa umidade registrada na regi\u00e3o.\" \/>\n<meta property=\"og:url\" content=\"https:\/\/sudoesteacontece.com.br\/?p=28844\" \/>\n<meta property=\"og:site_name\" content=\"Sudoesteacontece\" \/>\n<meta property=\"article:publisher\" content=\"https:\/\/www.facebook.com\/sudoesteacontece\/?locale=pt_BR\" \/>\n<meta property=\"article:published_time\" content=\"2026-08-31T19:59:00+00:00\" \/>\n<meta property=\"article:modified_time\" content=\"2026-08-31T21:21:46+00:00\" \/>\n<meta property=\"og:image\" content=\"https:\/\/sudoesteacontece.com.br\/wp-content\/uploads\/2026\/08\/brumado-cidade-1-2.jpg\" \/>\n\t<meta property=\"og:image:width\" content=\"900\" \/>\n\t<meta property=\"og:image:height\" content=\"600\" \/>\n\t<meta property=\"og:image:type\" content=\"image\/jpeg\" \/>\n<meta name=\"author\" content=\"Reda\u00e7\u00e3o\" \/>\n<meta name=\"twitter:card\" content=\"summary_large_image\" \/>\n<meta name=\"twitter:label1\" content=\"Escrito por\" \/>\n\t<meta name=\"twitter:data1\" content=\"Reda\u00e7\u00e3o\" \/>\n\t<meta name=\"twitter:label2\" content=\"Est. tempo de leitura\" \/>\n\t<meta name=\"twitter:data2\" content=\"2 minutos\" \/>\n<script type=\"application\/ld+json\" class=\"yoast-schema-graph\">{\"@context\":\"https:\/\/schema.org\",\"@graph\":[{\"@type\":\"Article\",\"@id\":\"https:\/\/sudoesteacontece.com.br\/?p=28844#article\",\"isPartOf\":{\"@id\":\"https:\/\/sudoesteacontece.com.br\/?p=28844\"},\"author\":{\"name\":\"Reda\u00e7\u00e3o\",\"@id\":\"https:\/\/sudoesteacontece.com.br\/#\/schema\/person\/a4f22429c1d0923ef8f7d43343f8dc38\"},\"headline\":\"Brumado entra em alerta do Inmet por baixa umidade nesta segunda-feira\",\"datePublished\":\"2026-08-31T19:59:00+00:00\",\"dateModified\":\"2026-08-31T21:21:46+00:00\",\"mainEntityOfPage\":{\"@id\":\"https:\/\/sudoesteacontece.com.br\/?p=28844\"},\"wordCount\":284,\"commentCount\":0,\"publisher\":{\"@id\":\"https:\/\/sudoesteacontece.com.br\/#organization\"},\"image\":{\"@id\":\"https:\/\/sudoesteacontece.com.br\/?p=28844#primaryimage\"},\"thumbnailUrl\":\"http:\/\/sudoesteacontece.com.br\/wp-content\/uploads\/2026\/08\/brumado-cidade-1-2.jpg\",\"articleSection\":[\"Brumado\",\"Cidades\"],\"inLanguage\":\"pt-BR\",\"potentialAction\":[{\"@type\":\"CommentAction\",\"name\":\"Comment\",\"target\":[\"https:\/\/sudoesteacontece.com.br\/?p=28844#respond\"]}]},{\"@type\":\"WebPage\",\"@id\":\"https:\/\/sudoesteacontece.com.br\/?p=28844\",\"url\":\"https:\/\/sudoesteacontece.com.br\/?p=28844\",\"name\":\"Brumado entra em alerta do Inmet por baixa umidade nesta segunda-feira - Sudoesteacontece\",\"isPartOf\":{\"@id\":\"https:\/\/sudoesteacontece.com.br\/#website\"},\"primaryImageOfPage\":{\"@id\":\"https:\/\/sudoesteacontece.com.br\/?p=28844#primaryimage\"},\"image\":{\"@id\":\"https:\/\/sudoesteacontece.com.br\/?p=28844#primaryimage\"},\"thumbnailUrl\":\"http:\/\/sudoesteacontece.com.br\/wp-content\/uploads\/2026\/08\/brumado-cidade-1-2.jpg\",\"datePublished\":\"2026-08-31T19:59:00+00:00\",\"dateModified\":\"2026-08-31T21:21:46+00:00\",\"breadcrumb\":{\"@id\":\"https:\/\/sudoesteacontece.com.br\/?p=28844#breadcrumb\"},\"inLanguage\":\"pt-BR\",\"potentialAction\":[{\"@type\":\"ReadAction\",\"target\":[\"https:\/\/sudoesteacontece.com.br\/?p=28844\"]}]},{\"@type\":\"ImageObject\",\"inLanguage\":\"pt-BR\",\"@id\":\"https:\/\/sudoesteacontece.com.br\/?p=28844#primaryimage\",\"url\":\"https:\/\/sudoesteacontece.com.br\/wp-content\/uploads\/2026\/08\/brumado-cidade-1-2.jpg\",\"contentUrl\":\"https:\/\/sudoesteacontece.com.br\/wp-content\/uploads\/2026\/08\/brumado-cidade-1-2.jpg\",\"width\":900,\"height\":600},{\"@type\":\"BreadcrumbList\",\"@id\":\"https:\/\/sudoesteacontece.com.br\/?p=28844#breadcrumb\",\"itemListElement\":[{\"@type\":\"ListItem\",\"position\":1,\"name\":\"In\u00edcio\",\"item\":\"https:\/\/sudoesteacontece.com.br\/\"},{\"@type\":\"ListItem\",\"position\":2,\"name\":\"Brumado entra em alerta do Inmet por baixa umidade nesta segunda-feira\"}]},{\"@type\":\"WebSite\",\"@id\":\"https:\/\/sudoesteacontece.com.br\/#website\",\"url\":\"https:\/\/sudoesteacontece.com.br\/\",\"name\":\"Sudoesteacontece\",\"description\":\"\",\"publisher\":{\"@id\":\"https:\/\/sudoesteacontece.com.br\/#organization\"},\"potentialAction\":[{\"@type\":\"SearchAction\",\"target\":{\"@type\":\"EntryPoint\",\"urlTemplate\":\"https:\/\/sudoesteacontece.com.br\/?s={search_term_string}\"},\"query-input\":{\"@type\":\"PropertyValueSpecification\",\"valueRequired\":true,\"valueName\":\"search_term_string\"}}],\"inLanguage\":\"pt-BR\"},{\"@type\":\"Organization\",\"@id\":\"https:\/\/sudoesteacontece.com.br\/#organization\",\"name\":\"Sudoesteacontece\",\"url\":\"https:\/\/sudoesteacontece.com.br\/\",\"logo\":{\"@type\":\"ImageObject\",\"inLanguage\":\"pt-BR\",\"@id\":\"https:\/\/sudoesteacontece.com.br\/#\/schema\/logo\/image\/\",\"url\":\"https:\/\/sudoesteacontece.com.br\/wp-content\/uploads\/2025\/12\/cropped-logo-2-180x180-1.png\",\"contentUrl\":\"https:\/\/sudoesteacontece.com.br\/wp-content\/uploads\/2025\/12\/cropped-logo-2-180x180-1.png\",\"width\":180,\"height\":180,\"caption\":\"Sudoesteacontece\"},\"image\":{\"@id\":\"https:\/\/sudoesteacontece.com.br\/#\/schema\/logo\/image\/\"},\"sameAs\":[\"https:\/\/www.facebook.com\/sudoesteacontece\/?locale=pt_BR\"]},{\"@type\":\"Person\",\"@id\":\"https:\/\/sudoesteacontece.com.br\/#\/schema\/person\/a4f22429c1d0923ef8f7d43343f8dc38\",\"name\":\"Reda\u00e7\u00e3o\",\"image\":{\"@type\":\"ImageObject\",\"inLanguage\":\"pt-BR\",\"@id\":\"https:\/\/sudoesteacontece.com.br\/#\/schema\/person\/image\/\",\"url\":\"https:\/\/secure.gravatar.com\/avatar\/c3a5b3c93f268a709c25a2df414c629a96fb3b1b4bf97a94fb3f72e54ae76903?s=96&d=mm&r=g\",\"contentUrl\":\"https:\/\/secure.gravatar.com\/avatar\/c3a5b3c93f268a709c25a2df414c629a96fb3b1b4bf97a94fb3f72e54ae76903?s=96&d=mm&r=g\",\"caption\":\"Reda\u00e7\u00e3o\"},\"url\":\"https:\/\/sudoesteacontece.com.br\/?author=4\"}]}<\/script>\n<!-- \/ Yoast SEO plugin. -->","yoast_head_json":{"title":"Brumado entra em alerta do Inmet por baixa umidade nesta segunda-feira - Sudoesteacontece","robots":{"index":"index","follow":"follow","max-snippet":"max-snippet:-1","max-image-preview":"max-image-preview:large","max-video-preview":"max-video-preview:-1"},"canonical":"https:\/\/sudoesteacontece.com.br\/?p=28844","og_locale":"pt_BR","og_type":"article","og_title":"Brumado entra em alerta do Inmet por baixa umidade nesta segunda-feira - Sudoesteacontece","og_description":"Brumado est\u00e1 entre os munic\u00edpios da Bahia inclu\u00eddos em um aviso de baixa umidade emitido pelo Instituto Nacional de Meteorologia (Inmet) nesta segunda-feira (31). O alerta, classificado como de perigo potencial, come\u00e7ou \u00e0s 9h30 e permanece v\u00e1lido at\u00e9 as 23h. Durante esse intervalo, a umidade relativa do ar deve ficar entre 30% e 20%, aumentando a necessidade de cuidados, principalmente nos per\u00edodos mais secos do dia. Segundo o Inmet, a redu\u00e7\u00e3o dos n\u00edveis de umidade pode provocar impactos \u00e0 sa\u00fade e elevar o risco de inc\u00eandios florestais. O aviso abrange Brumado e outras cidades baianas, que devem permanecer sob aten\u00e7\u00e3o enquanto as condi\u00e7\u00f5es meteorol\u00f3gicas previstas estiverem presentes. O instituto recomenda medidas preventivas para reduzir os efeitos provocados pelo ar mais seco durante o per\u00edodo de vig\u00eancia do alerta. Entre as orienta\u00e7\u00f5es est\u00e1 o aumento da ingest\u00e3o de l\u00edquidos ao longo do dia, especialmente nos hor\u00e1rios em que a umidade estiver mais baixa. O \u00f3rg\u00e3o tamb\u00e9m recomenda evitar atividades f\u00edsicas que exijam esfor\u00e7o intenso durante os per\u00edodos mais secos. A exposi\u00e7\u00e3o direta ao sol deve ser reduzida nos hor\u00e1rios de temperaturas mais elevadas, como forma de diminuir os efeitos das condi\u00e7\u00f5es clim\u00e1ticas. Al\u00e9m disso, a popula\u00e7\u00e3o deve ficar atenta \u00e0s condi\u00e7\u00f5es do tempo enquanto o aviso estiver em vigor. A previs\u00e3o do Inmet estabelece o encerramento do alerta \u00e0s 23h desta segunda-feira (31). At\u00e9 esse hor\u00e1rio, Brumado e os demais munic\u00edpios inclu\u00eddos no comunicado permanecem sujeitos aos efeitos associados \u00e0 baixa umidade registrada na regi\u00e3o.","og_url":"https:\/\/sudoesteacontece.com.br\/?p=28844","og_site_name":"Sudoesteacontece","article_publisher":"https:\/\/www.facebook.com\/sudoesteacontece\/?locale=pt_BR","article_published_time":"2026-08-31T19:59:00+00:00","article_modified_time":"2026-08-31T21:21:46+00:00","og_image":[{"width":900,"height":600,"url":"https:\/\/sudoesteacontece.com.br\/wp-content\/uploads\/2026\/08\/brumado-cidade-1-2.jpg","type":"image\/jpeg"}],"author":"Reda\u00e7\u00e3o","twitter_card":"summary_large_image","twitter_misc":{"Escrito por":"Reda\u00e7\u00e3o","Est. tempo de leitura":"2 minutos"},"schema":{"@context":"https:\/\/schema.org","@graph":[{"@type":"Article","@id":"https:\/\/sudoesteacontece.com.br\/?p=28844#article","isPartOf":{"@id":"https:\/\/sudoesteacontece.com.br\/?p=28844"},"author":{"name":"Reda\u00e7\u00e3o","@id":"https:\/\/sudoesteacontece.com.br\/#\/schema\/person\/a4f22429c1d0923ef8f7d43343f8dc38"},"headline":"Brumado entra em alerta do Inmet por baixa umidade nesta segunda-feira","datePublished":"2026-08-31T19:59:00+00:00","dateModified":"2026-08-31T21:21:46+00:00","mainEntityOfPage":{"@id":"https:\/\/sudoesteacontece.com.br\/?p=28844"},"wordCount":284,"commentCount":0,"publisher":{"@id":"https:\/\/sudoesteacontece.com.br\/#organization"},"image":{"@id":"https:\/\/sudoesteacontece.com.br\/?p=28844#primaryimage"},"thumbnailUrl":"http:\/\/sudoesteacontece.com.br\/wp-content\/uploads\/2026\/08\/brumado-cidade-1-2.jpg","articleSection":["Brumado","Cidades"],"inLanguage":"pt-BR","potentialAction":[{"@type":"CommentAction","name":"Comment","target":["https:\/\/sudoesteacontece.com.br\/?p=28844#respond"]}]},{"@type":"WebPage","@id":"https:\/\/sudoesteacontece.com.br\/?p=28844","url":"https:\/\/sudoesteacontece.com.br\/?p=28844","name":"Brumado entra em alerta do Inmet por baixa umidade nesta segunda-feira - Sudoesteacontece","isPartOf":{"@id":"https:\/\/sudoesteacontece.com.br\/#website"},"primaryImageOfPage":{"@id":"https:\/\/sudoesteacontece.com.br\/?p=28844#primaryimage"},"image":{"@id":"https:\/\/sudoesteacontece.com.br\/?p=28844#primaryimage"},"thumbnailUrl":"http:\/\/sudoesteacontece.com.br\/wp-content\/uploads\/2026\/08\/brumado-cidade-1-2.jpg","datePublished":"2026-08-31T19:59:00+00:00","dateModified":"2026-08-31T21:21:46+00:00","breadcrumb":{"@id":"https:\/\/sudoesteacontece.com.br\/?p=28844#breadcrumb"},"inLanguage":"pt-BR","potentialAction":[{"@type":"ReadAction","target":["https:\/\/sudoesteacontece.com.br\/?p=28844"]}]},{"@type":"ImageObject","inLanguage":"pt-BR","@id":"https:\/\/sudoesteacontece.com.br\/?p=28844#primaryimage","url":"https:\/\/sudoesteacontece.com.br\/wp-content\/uploads\/2026\/08\/brumado-cidade-1-2.jpg","contentUrl":"https:\/\/sudoesteacontece.com.br\/wp-content\/uploads\/2026\/08\/brumado-cidade-1-2.jpg","width":900,"height":600},{"@type":"BreadcrumbList","@id":"https:\/\/sudoesteacontece.com.br\/?p=28844#breadcrumb","itemListElement":[{"@type":"ListItem","position":1,"name":"In\u00edcio","item":"https:\/\/sudoesteacontece.com.br\/"},{"@type":"ListItem","position":2,"name":"Brumado entra em alerta do Inmet por baixa umidade nesta segunda-feira"}]},{"@type":"WebSite","@id":"https:\/\/sudoesteacontece.com.br\/#website","url":"https:\/\/sudoesteacontece.com.br\/","name":"Sudoesteacontece","description":"","publisher":{"@id":"https:\/\/sudoesteacontece.com.br\/#organization"},"potentialAction":[{"@type":"SearchAction","target":{"@type":"EntryPoint","urlTemplate":"https:\/\/sudoesteacontece.com.br\/?s={search_term_string}"},"query-input":{"@type":"PropertyValueSpecification","valueRequired":true,"valueName":"search_term_string"}}],"inLanguage":"pt-BR"},{"@type":"Organization","@id":"https:\/\/sudoesteacontece.com.br\/#organization","name":"Sudoesteacontece","url":"https:\/\/sudoesteacontece.com.br\/","logo":{"@type":"ImageObject","inLanguage":"pt-BR","@id":"https:\/\/sudoesteacontece.com.br\/#\/schema\/logo\/image\/","url":"https:\/\/sudoesteacontece.com.br\/wp-content\/uploads\/2025\/12\/cropped-logo-2-180x180-1.png","contentUrl":"https:\/\/sudoesteacontece.com.br\/wp-content\/uploads\/2025\/12\/cropped-logo-2-180x180-1.png","width":180,"height":180,"caption":"Sudoesteacontece"},"image":{"@id":"https:\/\/sudoesteacontece.com.br\/#\/schema\/logo\/image\/"},"sameAs":["https:\/\/www.facebook.com\/sudoesteacontece\/?locale=pt_BR"]},{"@type":"Person","@id":"https:\/\/sudoesteacontece.com.br\/#\/schema\/person\/a4f22429c1d0923ef8f7d43343f8dc38","name":"Reda\u00e7\u00e3o","image":{"@type":"ImageObject","inLanguage":"pt-BR","@id":"https:\/\/sudoesteacontece.com.br\/#\/schema\/person\/image\/","url":"https:\/\/secure.gravatar.com\/avatar\/c3a5b3c93f268a709c25a2df414c629a96fb3b1b4bf97a94fb3f72e54ae76903?s=96&d=mm&r=g","contentUrl":"https:\/\/secure.gravatar.com\/avatar\/c3a5b3c93f268a709c25a2df414c629a96fb3b1b4bf97a94fb3f72e54ae76903?s=96&d=mm&r=g","caption":"Reda\u00e7\u00e3o"},"url":"https:\/\/sudoesteacontece.com.br\/?author=4"}]}},"_links":{"self":[{"href":"https:\/\/sudoesteacontece.com.br\/index.php?rest_route=\/wp\/v2\/posts\/28844","targetHints":{"allow":["GET"]}}],"collection":[{"href":"https:\/\/sudoesteacontece.com.br\/index.php?rest_route=\/wp\/v2\/posts"}],"about":[{"href":"https:\/\/sudoesteacontece.com.br\/index.php?rest_route=\/wp\/v2\/types\/post"}],"author":[{"embeddable":true,"href":"https:\/\/sudoesteacontece.com.br\/index.php?rest_route=\/wp\/v2\/users\/4"}],"replies":[{"embeddable":true,"href":"https:\/\/sudoesteacontece.com.br\/index.php?rest_route=%2Fwp%2Fv2%2Fcomments&post=28844"}],"version-history":[{"count":1,"href":"https:\/\/sudoesteacontece.com.br\/index.php?rest_route=\/wp\/v2\/posts\/28844\/revisions"}],"predecessor-version":[{"id":28879,"href":"https:\/\/sudoesteacontece.com.br\/index.php?rest_route=\/wp\/v2\/posts\/28844\/revisions\/28879"}],"wp:attachment":[{"href":"https:\/\/sudoesteacontece.com.br\/index.php?rest_route=%2Fwp%2Fv2%2Fmedia&parent=28844"}],"wp:term":[{"taxonomy":"category","embeddable":true,"href":"https:\/\/sudoesteacontece.com.br\/index.php?rest_route=%2Fwp%2Fv2%2Fcategories&post=28844"},{"taxonomy":"post_tag","embeddable":true,"href":"https:\/\/sudoesteacontece.com.br\/index.php?rest_route=%2Fwp%2Fv2%2Ftags&post=28844"}],"curies":[{"name":"wp","href":"https:\/\/api.w.org\/{rel}","templated":true}]}}