{"id":28845,"date":"2026-08-31T18:22:11","date_gmt":"2026-08-31T21:22:11","guid":{"rendered":"https:\/\/sudoesteacontece.com.br\/?p=28845"},"modified":"2026-08-31T18:22:18","modified_gmt":"2026-08-31T21:22:18","slug":"comerciante-de-vitoria-da-conquista-morre-aos-85-anos-e-deixa-trajetoria-no-comercio","status":"publish","type":"post","link":"https:\/\/sudoesteacontece.com.br\/?p=28845","title":{"rendered":"Comerciante de Vit\u00f3ria da Conquista morre aos 85 anos e deixa trajet\u00f3ria no com\u00e9rcio"},"content":{"rendered":"\n<figure class=\"wp-block-image size-full\"><img fetchpriority=\"high\" decoding=\"async\" width=\"900\" height=\"600\" src=\"http:\/\/sudoesteacontece.com.br\/wp-content\/uploads\/2026\/08\/Comerciante-de-Vitoria-da-Conquista-morre-aos-85-anos-e-deixa-trajetoria-no-comercio.jpg\" alt=\"\" class=\"wp-image-28880\" srcset=\"https:\/\/sudoesteacontece.com.br\/wp-content\/uploads\/2026\/08\/Comerciante-de-Vitoria-da-Conquista-morre-aos-85-anos-e-deixa-trajetoria-no-comercio.jpg 900w, https:\/\/sudoesteacontece.com.br\/wp-content\/uploads\/2026\/08\/Comerciante-de-Vitoria-da-Conquista-morre-aos-85-anos-e-deixa-trajetoria-no-comercio-300x200.jpg 300w, https:\/\/sudoesteacontece.com.br\/wp-content\/uploads\/2026\/08\/Comerciante-de-Vitoria-da-Conquista-morre-aos-85-anos-e-deixa-trajetoria-no-comercio-768x512.jpg 768w\" sizes=\"(max-width: 900px) 100vw, 900px\" \/><\/figure>\n\n\n\n<p class=\"wp-block-paragraph\">A comerciante Aida Maria Cruz Tourinho da Silva, de 85 anos, morreu nesta segunda-feira (31), no Hospital S\u00e3o Vicente, em Vit\u00f3ria da Conquista, no sudoeste da Bahia. Ela ficou conhecida pela atua\u00e7\u00e3o no com\u00e9rcio local e por comandar as lojas Aida Noivas e Exclusiva. A causa da morte n\u00e3o foi informada nas informa\u00e7\u00f5es divulgadas sobre o falecimento.<\/p>\n\n\n\n<p class=\"wp-block-paragraph\">Durante a vida profissional, Aida construiu uma trajet\u00f3ria ligada ao com\u00e9rcio de Vit\u00f3ria da Conquista. \u00c0 frente dos dois estabelecimentos que levavam sua marca, manteve atua\u00e7\u00e3o por v\u00e1rios anos e ficou conhecida entre clientes e pessoas ligadas ao setor empresarial do munic\u00edpio.<\/p>\n\n\n\n<p class=\"wp-block-paragraph\">Segundo as informa\u00e7\u00f5es sobre a despedida, o falecimento ocorreu no Hospital S\u00e3o Vicente, onde Aida estava internada. Familiares e amigos se re\u00fanem para prestar as \u00faltimas homenagens \u00e0 comerciante, que manteve sua atividade profissional vinculada ao com\u00e9rcio conquistense durante grande parte de sua trajet\u00f3ria.<\/p>\n\n\n\n<p class=\"wp-block-paragraph\">Nesta segunda-feira (31), o vel\u00f3rio \u00e9 realizado no Sal\u00e3o de Vel\u00f3rio San Marcos, em Vit\u00f3ria da Conquista. A cerim\u00f4nia re\u00fane familiares, amigos e pessoas que acompanharam a trajet\u00f3ria da comerciante na cidade ao longo dos anos.<\/p>\n\n\n\n<p class=\"wp-block-paragraph\">Por fim, o sepultamento est\u00e1 previsto para esta ter\u00e7a-feira (1\u00ba), \u00e0s 15h, no Cemit\u00e9rio Parque da Cidade. A programa\u00e7\u00e3o das cerim\u00f4nias foi definida pela fam\u00edlia, que organiza os \u00faltimos momentos de despedida de Aida Maria Cruz Tourinho da Silva.<\/p>\n","protected":false},"excerpt":{"rendered":"<p>A comerciante Aida Maria Cruz Tourinho da Silva, de 85 anos, morreu nesta segunda-feira (31), no Hospital S\u00e3o Vicente, em Vit\u00f3ria da Conquista, no sudoeste da Bahia. Ela ficou conhecida pela atua\u00e7\u00e3o no com\u00e9rcio local e por comandar as lojas Aida Noivas e Exclusiva. A causa da morte n\u00e3o foi informada nas informa\u00e7\u00f5es divulgadas sobre o falecimento. Durante a vida profissional, Aida construiu uma trajet\u00f3ria ligada ao com\u00e9rcio de Vit\u00f3ria da Conquista. \u00c0 frente dos dois estabelecimentos que levavam sua marca, manteve atua\u00e7\u00e3o por v\u00e1rios anos e ficou conhecida entre clientes e pessoas ligadas ao setor empresarial do munic\u00edpio. Segundo as informa\u00e7\u00f5es sobre a despedida, o falecimento ocorreu no Hospital S\u00e3o Vicente, onde Aida estava internada. Familiares e amigos se re\u00fanem para prestar as \u00faltimas homenagens \u00e0 comerciante, que manteve sua atividade profissional vinculada ao com\u00e9rcio conquistense durante grande parte de sua trajet\u00f3ria. Nesta segunda-feira (31), o vel\u00f3rio \u00e9 realizado no Sal\u00e3o de Vel\u00f3rio San Marcos, em Vit\u00f3ria da Conquista. A cerim\u00f4nia re\u00fane familiares, amigos e pessoas que acompanharam a trajet\u00f3ria da comerciante na cidade ao longo dos anos. Por fim, o sepultamento est\u00e1 previsto para esta ter\u00e7a-feira (1\u00ba), \u00e0s 15h, no Cemit\u00e9rio Parque da Cidade. A programa\u00e7\u00e3o das cerim\u00f4nias foi definida pela fam\u00edlia, que organiza os \u00faltimos momentos de despedida de Aida Maria Cruz Tourinho da Silva.<\/p>\n","protected":false},"author":4,"featured_media":0,"comment_status":"open","ping_status":"open","sticky":false,"template":"","format":"standard","meta":{"footnotes":""},"categories":[4],"tags":[],"class_list":["post-28845","post","type-post","status-publish","format-standard","hentry","category-cidades"],"yoast_head":"<!-- This site is optimized with the Yoast SEO plugin v26.5 - https:\/\/yoast.com\/wordpress\/plugins\/seo\/ -->\n<title>Comerciante de Vit\u00f3ria da Conquista morre aos 85 anos e deixa trajet\u00f3ria no com\u00e9rcio - Sudoesteacontece<\/title>\n<meta name=\"robots\" content=\"index, follow, max-snippet:-1, max-image-preview:large, max-video-preview:-1\" \/>\n<link rel=\"canonical\" href=\"https:\/\/sudoesteacontece.com.br\/?p=28845\" \/>\n<meta property=\"og:locale\" content=\"pt_BR\" \/>\n<meta property=\"og:type\" content=\"article\" \/>\n<meta property=\"og:title\" content=\"Comerciante de Vit\u00f3ria da Conquista morre aos 85 anos e deixa trajet\u00f3ria no com\u00e9rcio - Sudoesteacontece\" \/>\n<meta property=\"og:description\" content=\"A comerciante Aida Maria Cruz Tourinho da Silva, de 85 anos, morreu nesta segunda-feira (31), no Hospital S\u00e3o Vicente, em Vit\u00f3ria da Conquista, no sudoeste da Bahia. Ela ficou conhecida pela atua\u00e7\u00e3o no com\u00e9rcio local e por comandar as lojas Aida Noivas e Exclusiva. A causa da morte n\u00e3o foi informada nas informa\u00e7\u00f5es divulgadas sobre o falecimento. Durante a vida profissional, Aida construiu uma trajet\u00f3ria ligada ao com\u00e9rcio de Vit\u00f3ria da Conquista. \u00c0 frente dos dois estabelecimentos que levavam sua marca, manteve atua\u00e7\u00e3o por v\u00e1rios anos e ficou conhecida entre clientes e pessoas ligadas ao setor empresarial do munic\u00edpio. Segundo as informa\u00e7\u00f5es sobre a despedida, o falecimento ocorreu no Hospital S\u00e3o Vicente, onde Aida estava internada. Familiares e amigos se re\u00fanem para prestar as \u00faltimas homenagens \u00e0 comerciante, que manteve sua atividade profissional vinculada ao com\u00e9rcio conquistense durante grande parte de sua trajet\u00f3ria. Nesta segunda-feira (31), o vel\u00f3rio \u00e9 realizado no Sal\u00e3o de Vel\u00f3rio San Marcos, em Vit\u00f3ria da Conquista. A cerim\u00f4nia re\u00fane familiares, amigos e pessoas que acompanharam a trajet\u00f3ria da comerciante na cidade ao longo dos anos. Por fim, o sepultamento est\u00e1 previsto para esta ter\u00e7a-feira (1\u00ba), \u00e0s 15h, no Cemit\u00e9rio Parque da Cidade. A programa\u00e7\u00e3o das cerim\u00f4nias foi definida pela fam\u00edlia, que organiza os \u00faltimos momentos de despedida de Aida Maria Cruz Tourinho da Silva.\" \/>\n<meta property=\"og:url\" content=\"https:\/\/sudoesteacontece.com.br\/?p=28845\" \/>\n<meta property=\"og:site_name\" content=\"Sudoesteacontece\" \/>\n<meta property=\"article:publisher\" content=\"https:\/\/www.facebook.com\/sudoesteacontece\/?locale=pt_BR\" \/>\n<meta property=\"article:published_time\" content=\"2026-08-31T21:22:11+00:00\" \/>\n<meta property=\"article:modified_time\" content=\"2026-08-31T21:22:18+00:00\" \/>\n<meta property=\"og:image\" content=\"https:\/\/sudoesteacontece.com.br\/wp-content\/uploads\/2026\/08\/Comerciante-de-Vitoria-da-Conquista-morre-aos-85-anos-e-deixa-trajetoria-no-comercio.jpg\" \/>\n\t<meta property=\"og:image:width\" content=\"900\" \/>\n\t<meta property=\"og:image:height\" content=\"600\" \/>\n\t<meta property=\"og:image:type\" content=\"image\/jpeg\" \/>\n<meta name=\"author\" content=\"Reda\u00e7\u00e3o\" \/>\n<meta name=\"twitter:card\" content=\"summary_large_image\" \/>\n<meta name=\"twitter:label1\" content=\"Escrito por\" \/>\n\t<meta name=\"twitter:data1\" content=\"Reda\u00e7\u00e3o\" \/>\n\t<meta name=\"twitter:label2\" content=\"Est. tempo de leitura\" \/>\n\t<meta name=\"twitter:data2\" content=\"2 minutos\" \/>\n<script type=\"application\/ld+json\" class=\"yoast-schema-graph\">{\"@context\":\"https:\/\/schema.org\",\"@graph\":[{\"@type\":\"Article\",\"@id\":\"https:\/\/sudoesteacontece.com.br\/?p=28845#article\",\"isPartOf\":{\"@id\":\"https:\/\/sudoesteacontece.com.br\/?p=28845\"},\"author\":{\"name\":\"Reda\u00e7\u00e3o\",\"@id\":\"https:\/\/sudoesteacontece.com.br\/#\/schema\/person\/a4f22429c1d0923ef8f7d43343f8dc38\"},\"headline\":\"Comerciante de Vit\u00f3ria da Conquista morre aos 85 anos e deixa trajet\u00f3ria no com\u00e9rcio\",\"datePublished\":\"2026-08-31T21:22:11+00:00\",\"dateModified\":\"2026-08-31T21:22:18+00:00\",\"mainEntityOfPage\":{\"@id\":\"https:\/\/sudoesteacontece.com.br\/?p=28845\"},\"wordCount\":256,\"commentCount\":0,\"publisher\":{\"@id\":\"https:\/\/sudoesteacontece.com.br\/#organization\"},\"image\":{\"@id\":\"https:\/\/sudoesteacontece.com.br\/?p=28845#primaryimage\"},\"thumbnailUrl\":\"http:\/\/sudoesteacontece.com.br\/wp-content\/uploads\/2026\/08\/Comerciante-de-Vitoria-da-Conquista-morre-aos-85-anos-e-deixa-trajetoria-no-comercio.jpg\",\"articleSection\":[\"Cidades\"],\"inLanguage\":\"pt-BR\",\"potentialAction\":[{\"@type\":\"CommentAction\",\"name\":\"Comment\",\"target\":[\"https:\/\/sudoesteacontece.com.br\/?p=28845#respond\"]}]},{\"@type\":\"WebPage\",\"@id\":\"https:\/\/sudoesteacontece.com.br\/?p=28845\",\"url\":\"https:\/\/sudoesteacontece.com.br\/?p=28845\",\"name\":\"Comerciante de Vit\u00f3ria da Conquista morre aos 85 anos e deixa trajet\u00f3ria no com\u00e9rcio - Sudoesteacontece\",\"isPartOf\":{\"@id\":\"https:\/\/sudoesteacontece.com.br\/#website\"},\"primaryImageOfPage\":{\"@id\":\"https:\/\/sudoesteacontece.com.br\/?p=28845#primaryimage\"},\"image\":{\"@id\":\"https:\/\/sudoesteacontece.com.br\/?p=28845#primaryimage\"},\"thumbnailUrl\":\"http:\/\/sudoesteacontece.com.br\/wp-content\/uploads\/2026\/08\/Comerciante-de-Vitoria-da-Conquista-morre-aos-85-anos-e-deixa-trajetoria-no-comercio.jpg\",\"datePublished\":\"2026-08-31T21:22:11+00:00\",\"dateModified\":\"2026-08-31T21:22:18+00:00\",\"breadcrumb\":{\"@id\":\"https:\/\/sudoesteacontece.com.br\/?p=28845#breadcrumb\"},\"inLanguage\":\"pt-BR\",\"potentialAction\":[{\"@type\":\"ReadAction\",\"target\":[\"https:\/\/sudoesteacontece.com.br\/?p=28845\"]}]},{\"@type\":\"ImageObject\",\"inLanguage\":\"pt-BR\",\"@id\":\"https:\/\/sudoesteacontece.com.br\/?p=28845#primaryimage\",\"url\":\"https:\/\/sudoesteacontece.com.br\/wp-content\/uploads\/2026\/08\/Comerciante-de-Vitoria-da-Conquista-morre-aos-85-anos-e-deixa-trajetoria-no-comercio.jpg\",\"contentUrl\":\"https:\/\/sudoesteacontece.com.br\/wp-content\/uploads\/2026\/08\/Comerciante-de-Vitoria-da-Conquista-morre-aos-85-anos-e-deixa-trajetoria-no-comercio.jpg\",\"width\":900,\"height\":600},{\"@type\":\"BreadcrumbList\",\"@id\":\"https:\/\/sudoesteacontece.com.br\/?p=28845#breadcrumb\",\"itemListElement\":[{\"@type\":\"ListItem\",\"position\":1,\"name\":\"In\u00edcio\",\"item\":\"https:\/\/sudoesteacontece.com.br\/\"},{\"@type\":\"ListItem\",\"position\":2,\"name\":\"Comerciante de Vit\u00f3ria da Conquista morre aos 85 anos e deixa trajet\u00f3ria no com\u00e9rcio\"}]},{\"@type\":\"WebSite\",\"@id\":\"https:\/\/sudoesteacontece.com.br\/#website\",\"url\":\"https:\/\/sudoesteacontece.com.br\/\",\"name\":\"Sudoesteacontece\",\"description\":\"\",\"publisher\":{\"@id\":\"https:\/\/sudoesteacontece.com.br\/#organization\"},\"potentialAction\":[{\"@type\":\"SearchAction\",\"target\":{\"@type\":\"EntryPoint\",\"urlTemplate\":\"https:\/\/sudoesteacontece.com.br\/?s={search_term_string}\"},\"query-input\":{\"@type\":\"PropertyValueSpecification\",\"valueRequired\":true,\"valueName\":\"search_term_string\"}}],\"inLanguage\":\"pt-BR\"},{\"@type\":\"Organization\",\"@id\":\"https:\/\/sudoesteacontece.com.br\/#organization\",\"name\":\"Sudoesteacontece\",\"url\":\"https:\/\/sudoesteacontece.com.br\/\",\"logo\":{\"@type\":\"ImageObject\",\"inLanguage\":\"pt-BR\",\"@id\":\"https:\/\/sudoesteacontece.com.br\/#\/schema\/logo\/image\/\",\"url\":\"https:\/\/sudoesteacontece.com.br\/wp-content\/uploads\/2025\/12\/cropped-logo-2-180x180-1.png\",\"contentUrl\":\"https:\/\/sudoesteacontece.com.br\/wp-content\/uploads\/2025\/12\/cropped-logo-2-180x180-1.png\",\"width\":180,\"height\":180,\"caption\":\"Sudoesteacontece\"},\"image\":{\"@id\":\"https:\/\/sudoesteacontece.com.br\/#\/schema\/logo\/image\/\"},\"sameAs\":[\"https:\/\/www.facebook.com\/sudoesteacontece\/?locale=pt_BR\"]},{\"@type\":\"Person\",\"@id\":\"https:\/\/sudoesteacontece.com.br\/#\/schema\/person\/a4f22429c1d0923ef8f7d43343f8dc38\",\"name\":\"Reda\u00e7\u00e3o\",\"image\":{\"@type\":\"ImageObject\",\"inLanguage\":\"pt-BR\",\"@id\":\"https:\/\/sudoesteacontece.com.br\/#\/schema\/person\/image\/\",\"url\":\"https:\/\/secure.gravatar.com\/avatar\/c3a5b3c93f268a709c25a2df414c629a96fb3b1b4bf97a94fb3f72e54ae76903?s=96&d=mm&r=g\",\"contentUrl\":\"https:\/\/secure.gravatar.com\/avatar\/c3a5b3c93f268a709c25a2df414c629a96fb3b1b4bf97a94fb3f72e54ae76903?s=96&d=mm&r=g\",\"caption\":\"Reda\u00e7\u00e3o\"},\"url\":\"https:\/\/sudoesteacontece.com.br\/?author=4\"}]}<\/script>\n<!-- \/ Yoast SEO plugin. -->","yoast_head_json":{"title":"Comerciante de Vit\u00f3ria da Conquista morre aos 85 anos e deixa trajet\u00f3ria no com\u00e9rcio - Sudoesteacontece","robots":{"index":"index","follow":"follow","max-snippet":"max-snippet:-1","max-image-preview":"max-image-preview:large","max-video-preview":"max-video-preview:-1"},"canonical":"https:\/\/sudoesteacontece.com.br\/?p=28845","og_locale":"pt_BR","og_type":"article","og_title":"Comerciante de Vit\u00f3ria da Conquista morre aos 85 anos e deixa trajet\u00f3ria no com\u00e9rcio - Sudoesteacontece","og_description":"A comerciante Aida Maria Cruz Tourinho da Silva, de 85 anos, morreu nesta segunda-feira (31), no Hospital S\u00e3o Vicente, em Vit\u00f3ria da Conquista, no sudoeste da Bahia. Ela ficou conhecida pela atua\u00e7\u00e3o no com\u00e9rcio local e por comandar as lojas Aida Noivas e Exclusiva. A causa da morte n\u00e3o foi informada nas informa\u00e7\u00f5es divulgadas sobre o falecimento. Durante a vida profissional, Aida construiu uma trajet\u00f3ria ligada ao com\u00e9rcio de Vit\u00f3ria da Conquista. \u00c0 frente dos dois estabelecimentos que levavam sua marca, manteve atua\u00e7\u00e3o por v\u00e1rios anos e ficou conhecida entre clientes e pessoas ligadas ao setor empresarial do munic\u00edpio. Segundo as informa\u00e7\u00f5es sobre a despedida, o falecimento ocorreu no Hospital S\u00e3o Vicente, onde Aida estava internada. Familiares e amigos se re\u00fanem para prestar as \u00faltimas homenagens \u00e0 comerciante, que manteve sua atividade profissional vinculada ao com\u00e9rcio conquistense durante grande parte de sua trajet\u00f3ria. Nesta segunda-feira (31), o vel\u00f3rio \u00e9 realizado no Sal\u00e3o de Vel\u00f3rio San Marcos, em Vit\u00f3ria da Conquista. A cerim\u00f4nia re\u00fane familiares, amigos e pessoas que acompanharam a trajet\u00f3ria da comerciante na cidade ao longo dos anos. Por fim, o sepultamento est\u00e1 previsto para esta ter\u00e7a-feira (1\u00ba), \u00e0s 15h, no Cemit\u00e9rio Parque da Cidade. A programa\u00e7\u00e3o das cerim\u00f4nias foi definida pela fam\u00edlia, que organiza os \u00faltimos momentos de despedida de Aida Maria Cruz Tourinho da Silva.","og_url":"https:\/\/sudoesteacontece.com.br\/?p=28845","og_site_name":"Sudoesteacontece","article_publisher":"https:\/\/www.facebook.com\/sudoesteacontece\/?locale=pt_BR","article_published_time":"2026-08-31T21:22:11+00:00","article_modified_time":"2026-08-31T21:22:18+00:00","og_image":[{"width":900,"height":600,"url":"https:\/\/sudoesteacontece.com.br\/wp-content\/uploads\/2026\/08\/Comerciante-de-Vitoria-da-Conquista-morre-aos-85-anos-e-deixa-trajetoria-no-comercio.jpg","type":"image\/jpeg"}],"author":"Reda\u00e7\u00e3o","twitter_card":"summary_large_image","twitter_misc":{"Escrito por":"Reda\u00e7\u00e3o","Est. tempo de leitura":"2 minutos"},"schema":{"@context":"https:\/\/schema.org","@graph":[{"@type":"Article","@id":"https:\/\/sudoesteacontece.com.br\/?p=28845#article","isPartOf":{"@id":"https:\/\/sudoesteacontece.com.br\/?p=28845"},"author":{"name":"Reda\u00e7\u00e3o","@id":"https:\/\/sudoesteacontece.com.br\/#\/schema\/person\/a4f22429c1d0923ef8f7d43343f8dc38"},"headline":"Comerciante de Vit\u00f3ria da Conquista morre aos 85 anos e deixa trajet\u00f3ria no com\u00e9rcio","datePublished":"2026-08-31T21:22:11+00:00","dateModified":"2026-08-31T21:22:18+00:00","mainEntityOfPage":{"@id":"https:\/\/sudoesteacontece.com.br\/?p=28845"},"wordCount":256,"commentCount":0,"publisher":{"@id":"https:\/\/sudoesteacontece.com.br\/#organization"},"image":{"@id":"https:\/\/sudoesteacontece.com.br\/?p=28845#primaryimage"},"thumbnailUrl":"http:\/\/sudoesteacontece.com.br\/wp-content\/uploads\/2026\/08\/Comerciante-de-Vitoria-da-Conquista-morre-aos-85-anos-e-deixa-trajetoria-no-comercio.jpg","articleSection":["Cidades"],"inLanguage":"pt-BR","potentialAction":[{"@type":"CommentAction","name":"Comment","target":["https:\/\/sudoesteacontece.com.br\/?p=28845#respond"]}]},{"@type":"WebPage","@id":"https:\/\/sudoesteacontece.com.br\/?p=28845","url":"https:\/\/sudoesteacontece.com.br\/?p=28845","name":"Comerciante de Vit\u00f3ria da Conquista morre aos 85 anos e deixa trajet\u00f3ria no com\u00e9rcio - Sudoesteacontece","isPartOf":{"@id":"https:\/\/sudoesteacontece.com.br\/#website"},"primaryImageOfPage":{"@id":"https:\/\/sudoesteacontece.com.br\/?p=28845#primaryimage"},"image":{"@id":"https:\/\/sudoesteacontece.com.br\/?p=28845#primaryimage"},"thumbnailUrl":"http:\/\/sudoesteacontece.com.br\/wp-content\/uploads\/2026\/08\/Comerciante-de-Vitoria-da-Conquista-morre-aos-85-anos-e-deixa-trajetoria-no-comercio.jpg","datePublished":"2026-08-31T21:22:11+00:00","dateModified":"2026-08-31T21:22:18+00:00","breadcrumb":{"@id":"https:\/\/sudoesteacontece.com.br\/?p=28845#breadcrumb"},"inLanguage":"pt-BR","potentialAction":[{"@type":"ReadAction","target":["https:\/\/sudoesteacontece.com.br\/?p=28845"]}]},{"@type":"ImageObject","inLanguage":"pt-BR","@id":"https:\/\/sudoesteacontece.com.br\/?p=28845#primaryimage","url":"https:\/\/sudoesteacontece.com.br\/wp-content\/uploads\/2026\/08\/Comerciante-de-Vitoria-da-Conquista-morre-aos-85-anos-e-deixa-trajetoria-no-comercio.jpg","contentUrl":"https:\/\/sudoesteacontece.com.br\/wp-content\/uploads\/2026\/08\/Comerciante-de-Vitoria-da-Conquista-morre-aos-85-anos-e-deixa-trajetoria-no-comercio.jpg","width":900,"height":600},{"@type":"BreadcrumbList","@id":"https:\/\/sudoesteacontece.com.br\/?p=28845#breadcrumb","itemListElement":[{"@type":"ListItem","position":1,"name":"In\u00edcio","item":"https:\/\/sudoesteacontece.com.br\/"},{"@type":"ListItem","position":2,"name":"Comerciante de Vit\u00f3ria da Conquista morre aos 85 anos e deixa trajet\u00f3ria no com\u00e9rcio"}]},{"@type":"WebSite","@id":"https:\/\/sudoesteacontece.com.br\/#website","url":"https:\/\/sudoesteacontece.com.br\/","name":"Sudoesteacontece","description":"","publisher":{"@id":"https:\/\/sudoesteacontece.com.br\/#organization"},"potentialAction":[{"@type":"SearchAction","target":{"@type":"EntryPoint","urlTemplate":"https:\/\/sudoesteacontece.com.br\/?s={search_term_string}"},"query-input":{"@type":"PropertyValueSpecification","valueRequired":true,"valueName":"search_term_string"}}],"inLanguage":"pt-BR"},{"@type":"Organization","@id":"https:\/\/sudoesteacontece.com.br\/#organization","name":"Sudoesteacontece","url":"https:\/\/sudoesteacontece.com.br\/","logo":{"@type":"ImageObject","inLanguage":"pt-BR","@id":"https:\/\/sudoesteacontece.com.br\/#\/schema\/logo\/image\/","url":"https:\/\/sudoesteacontece.com.br\/wp-content\/uploads\/2025\/12\/cropped-logo-2-180x180-1.png","contentUrl":"https:\/\/sudoesteacontece.com.br\/wp-content\/uploads\/2025\/12\/cropped-logo-2-180x180-1.png","width":180,"height":180,"caption":"Sudoesteacontece"},"image":{"@id":"https:\/\/sudoesteacontece.com.br\/#\/schema\/logo\/image\/"},"sameAs":["https:\/\/www.facebook.com\/sudoesteacontece\/?locale=pt_BR"]},{"@type":"Person","@id":"https:\/\/sudoesteacontece.com.br\/#\/schema\/person\/a4f22429c1d0923ef8f7d43343f8dc38","name":"Reda\u00e7\u00e3o","image":{"@type":"ImageObject","inLanguage":"pt-BR","@id":"https:\/\/sudoesteacontece.com.br\/#\/schema\/person\/image\/","url":"https:\/\/secure.gravatar.com\/avatar\/c3a5b3c93f268a709c25a2df414c629a96fb3b1b4bf97a94fb3f72e54ae76903?s=96&d=mm&r=g","contentUrl":"https:\/\/secure.gravatar.com\/avatar\/c3a5b3c93f268a709c25a2df414c629a96fb3b1b4bf97a94fb3f72e54ae76903?s=96&d=mm&r=g","caption":"Reda\u00e7\u00e3o"},"url":"https:\/\/sudoesteacontece.com.br\/?author=4"}]}},"_links":{"self":[{"href":"https:\/\/sudoesteacontece.com.br\/index.php?rest_route=\/wp\/v2\/posts\/28845","targetHints":{"allow":["GET"]}}],"collection":[{"href":"https:\/\/sudoesteacontece.com.br\/index.php?rest_route=\/wp\/v2\/posts"}],"about":[{"href":"https:\/\/sudoesteacontece.com.br\/index.php?rest_route=\/wp\/v2\/types\/post"}],"author":[{"embeddable":true,"href":"https:\/\/sudoesteacontece.com.br\/index.php?rest_route=\/wp\/v2\/users\/4"}],"replies":[{"embeddable":true,"href":"https:\/\/sudoesteacontece.com.br\/index.php?rest_route=%2Fwp%2Fv2%2Fcomments&post=28845"}],"version-history":[{"count":1,"href":"https:\/\/sudoesteacontece.com.br\/index.php?rest_route=\/wp\/v2\/posts\/28845\/revisions"}],"predecessor-version":[{"id":28881,"href":"https:\/\/sudoesteacontece.com.br\/index.php?rest_route=\/wp\/v2\/posts\/28845\/revisions\/28881"}],"wp:attachment":[{"href":"https:\/\/sudoesteacontece.com.br\/index.php?rest_route=%2Fwp%2Fv2%2Fmedia&parent=28845"}],"wp:term":[{"taxonomy":"category","embeddable":true,"href":"https:\/\/sudoesteacontece.com.br\/index.php?rest_route=%2Fwp%2Fv2%2Fcategories&post=28845"},{"taxonomy":"post_tag","embeddable":true,"href":"https:\/\/sudoesteacontece.com.br\/index.php?rest_route=%2Fwp%2Fv2%2Ftags&post=28845"}],"curies":[{"name":"wp","href":"https:\/\/api.w.org\/{rel}","templated":true}]}}