{"id":28846,"date":"2026-08-31T15:59:00","date_gmt":"2026-08-31T18:59:00","guid":{"rendered":"https:\/\/sudoesteacontece.com.br\/?p=28846"},"modified":"2026-08-31T18:09:12","modified_gmt":"2026-08-31T21:09:12","slug":"projeto-contra-violencia-domestica-realiza-primeira-capacitacao-no-forum-de-brumado","status":"publish","type":"post","link":"https:\/\/sudoesteacontece.com.br\/?p=28846","title":{"rendered":"Projeto contra viol\u00eancia dom\u00e9stica realiza primeira capacita\u00e7\u00e3o no F\u00f3rum de Brumado"},"content":{"rendered":"\n<figure class=\"wp-block-image size-full\"><img fetchpriority=\"high\" decoding=\"async\" width=\"900\" height=\"600\" src=\"http:\/\/sudoesteacontece.com.br\/wp-content\/uploads\/2026\/08\/Projeto-contra-violencia-domestica-realiza-primeira-capacitacao-no-Forum-de-Brumado.jpg\" alt=\"\" class=\"wp-image-28856\" srcset=\"https:\/\/sudoesteacontece.com.br\/wp-content\/uploads\/2026\/08\/Projeto-contra-violencia-domestica-realiza-primeira-capacitacao-no-Forum-de-Brumado.jpg 900w, https:\/\/sudoesteacontece.com.br\/wp-content\/uploads\/2026\/08\/Projeto-contra-violencia-domestica-realiza-primeira-capacitacao-no-Forum-de-Brumado-300x200.jpg 300w, https:\/\/sudoesteacontece.com.br\/wp-content\/uploads\/2026\/08\/Projeto-contra-violencia-domestica-realiza-primeira-capacitacao-no-Forum-de-Brumado-768x512.jpg 768w\" sizes=\"(max-width: 900px) 100vw, 900px\" \/><\/figure>\n\n\n\n<p class=\"wp-block-paragraph\">O projeto \u201cAntes que Seja Tarde\u201d realizou sua primeira capacita\u00e7\u00e3o na sexta-feira (28), no F\u00f3rum de Brumado, com foco na preven\u00e7\u00e3o da viol\u00eancia dom\u00e9stica. A iniciativa \u00e9 promovida pelo Conselho Comunit\u00e1rio de Seguran\u00e7a (CONSEG) e reuniu profissionais do Judici\u00e1rio, da Pol\u00edcia Militar e da Psicologia. O encontro buscou estimular a reflex\u00e3o, a responsabiliza\u00e7\u00e3o e o di\u00e1logo como formas de enfrentar situa\u00e7\u00f5es de viol\u00eancia nas rela\u00e7\u00f5es familiares e afetivas.<\/p>\n\n\n\n<p class=\"wp-block-paragraph\">Durante a programa\u00e7\u00e3o, o juiz Genivaldo, da Vara Criminal de Brumado, participou das atividades e apoiou a realiza\u00e7\u00e3o da capacita\u00e7\u00e3o. Servidores do Cart\u00f3rio da Vara Criminal tamb\u00e9m estiveram envolvidos na organiza\u00e7\u00e3o e execu\u00e7\u00e3o do encontro. A proposta foi criar um espa\u00e7o de escuta e conscientiza\u00e7\u00e3o, ampliando a discuss\u00e3o sobre a necessidade de prevenir novos epis\u00f3dios de viol\u00eancia dentro de ambientes familiares.<\/p>\n\n\n\n<p class=\"wp-block-paragraph\">Na ocasi\u00e3o, o major Anderson apresentou a perspectiva da Pol\u00edcia Militar sobre o enfrentamento da viol\u00eancia dom\u00e9stica. A abordagem foi direcionada especialmente aos homens e tratou de responsabilidade e preven\u00e7\u00e3o. A participa\u00e7\u00e3o do oficial integrou a proposta do projeto de estimular uma reflex\u00e3o sobre comportamentos e atitudes que podem contribuir para a interrup\u00e7\u00e3o de ciclos de viol\u00eancia.<\/p>\n\n\n\n<p class=\"wp-block-paragraph\">Al\u00e9m disso, a psic\u00f3loga Alana conduziu a abordagem t\u00e9cnica da capacita\u00e7\u00e3o. As atividades foram estruturadas para incentivar o di\u00e1logo e a reflex\u00e3o entre os participantes sobre situa\u00e7\u00f5es relacionadas \u00e0 viol\u00eancia dom\u00e9stica. Ao final do encontro, os presentes receberam a cartilha \u201cAntes que Seja Tarde\u201d, produzida pela Dra. Ludimila, com informa\u00e7\u00f5es e orienta\u00e7\u00f5es voltadas \u00e0 preven\u00e7\u00e3o.<\/p>\n\n\n\n<p class=\"wp-block-paragraph\">Segundo os organizadores, a primeira atividade teve avalia\u00e7\u00e3o positiva e refor\u00e7ou o car\u00e1ter coletivo da iniciativa. O projeto tamb\u00e9m conta com a participa\u00e7\u00e3o dos diretores do CONSEG, Dra. Ludimila e Dr. L\u00edlio, que atuaram na constru\u00e7\u00e3o da proposta desde o in\u00edcio. A iniciativa pretende ampliar a\u00e7\u00f5es educativas e preventivas para estimular o di\u00e1logo e a responsabiliza\u00e7\u00e3o antes que situa\u00e7\u00f5es de agress\u00e3o se agravem.<\/p>\n","protected":false},"excerpt":{"rendered":"<p>O projeto \u201cAntes que Seja Tarde\u201d realizou sua primeira capacita\u00e7\u00e3o na sexta-feira (28), no F\u00f3rum de Brumado, com foco na preven\u00e7\u00e3o da viol\u00eancia dom\u00e9stica. A iniciativa \u00e9 promovida pelo Conselho Comunit\u00e1rio de Seguran\u00e7a (CONSEG) e reuniu profissionais do Judici\u00e1rio, da Pol\u00edcia Militar e da Psicologia. O encontro buscou estimular a reflex\u00e3o, a responsabiliza\u00e7\u00e3o e o di\u00e1logo como formas de enfrentar situa\u00e7\u00f5es de viol\u00eancia nas rela\u00e7\u00f5es familiares e afetivas. Durante a programa\u00e7\u00e3o, o juiz Genivaldo, da Vara Criminal de Brumado, participou das atividades e apoiou a realiza\u00e7\u00e3o da capacita\u00e7\u00e3o. Servidores do Cart\u00f3rio da Vara Criminal tamb\u00e9m estiveram envolvidos na organiza\u00e7\u00e3o e execu\u00e7\u00e3o do encontro. A proposta foi criar um espa\u00e7o de escuta e conscientiza\u00e7\u00e3o, ampliando a discuss\u00e3o sobre a necessidade de prevenir novos epis\u00f3dios de viol\u00eancia dentro de ambientes familiares. Na ocasi\u00e3o, o major Anderson apresentou a perspectiva da Pol\u00edcia Militar sobre o enfrentamento da viol\u00eancia dom\u00e9stica. A abordagem foi direcionada especialmente aos homens e tratou de responsabilidade e preven\u00e7\u00e3o. A participa\u00e7\u00e3o do oficial integrou a proposta do projeto de estimular uma reflex\u00e3o sobre comportamentos e atitudes que podem contribuir para a interrup\u00e7\u00e3o de ciclos de viol\u00eancia. Al\u00e9m disso, a psic\u00f3loga Alana conduziu a abordagem t\u00e9cnica da capacita\u00e7\u00e3o. As atividades foram estruturadas para incentivar o di\u00e1logo e a reflex\u00e3o entre os participantes sobre situa\u00e7\u00f5es relacionadas \u00e0 viol\u00eancia dom\u00e9stica. Ao final do encontro, os presentes receberam a cartilha \u201cAntes que Seja Tarde\u201d, produzida pela Dra. Ludimila, com informa\u00e7\u00f5es e orienta\u00e7\u00f5es voltadas \u00e0 preven\u00e7\u00e3o. Segundo os organizadores, a primeira atividade teve avalia\u00e7\u00e3o positiva e refor\u00e7ou o car\u00e1ter coletivo da iniciativa. O projeto tamb\u00e9m conta com a participa\u00e7\u00e3o dos diretores do CONSEG, Dra. Ludimila e Dr. L\u00edlio, que atuaram na constru\u00e7\u00e3o da proposta desde o in\u00edcio. A iniciativa pretende ampliar a\u00e7\u00f5es educativas e preventivas para estimular o di\u00e1logo e a responsabiliza\u00e7\u00e3o antes que situa\u00e7\u00f5es de agress\u00e3o se agravem.<\/p>\n","protected":false},"author":4,"featured_media":28856,"comment_status":"open","ping_status":"open","sticky":false,"template":"","format":"standard","meta":{"footnotes":""},"categories":[10,4,13,3,6],"tags":[],"class_list":["post-28846","post","type-post","status-publish","format-standard","has-post-thumbnail","hentry","category-brumado","category-cidades","category-justica","category-policia","category-politica"],"yoast_head":"<!-- This site is optimized with the Yoast SEO plugin v26.5 - https:\/\/yoast.com\/wordpress\/plugins\/seo\/ -->\n<title>Projeto contra viol\u00eancia dom\u00e9stica realiza primeira capacita\u00e7\u00e3o no F\u00f3rum de Brumado - Sudoesteacontece<\/title>\n<meta name=\"robots\" content=\"index, follow, max-snippet:-1, max-image-preview:large, max-video-preview:-1\" \/>\n<link rel=\"canonical\" href=\"https:\/\/sudoesteacontece.com.br\/?p=28846\" \/>\n<meta property=\"og:locale\" content=\"pt_BR\" \/>\n<meta property=\"og:type\" content=\"article\" \/>\n<meta property=\"og:title\" content=\"Projeto contra viol\u00eancia dom\u00e9stica realiza primeira capacita\u00e7\u00e3o no F\u00f3rum de Brumado - Sudoesteacontece\" \/>\n<meta property=\"og:description\" content=\"O projeto \u201cAntes que Seja Tarde\u201d realizou sua primeira capacita\u00e7\u00e3o na sexta-feira (28), no F\u00f3rum de Brumado, com foco na preven\u00e7\u00e3o da viol\u00eancia dom\u00e9stica. A iniciativa \u00e9 promovida pelo Conselho Comunit\u00e1rio de Seguran\u00e7a (CONSEG) e reuniu profissionais do Judici\u00e1rio, da Pol\u00edcia Militar e da Psicologia. O encontro buscou estimular a reflex\u00e3o, a responsabiliza\u00e7\u00e3o e o di\u00e1logo como formas de enfrentar situa\u00e7\u00f5es de viol\u00eancia nas rela\u00e7\u00f5es familiares e afetivas. Durante a programa\u00e7\u00e3o, o juiz Genivaldo, da Vara Criminal de Brumado, participou das atividades e apoiou a realiza\u00e7\u00e3o da capacita\u00e7\u00e3o. Servidores do Cart\u00f3rio da Vara Criminal tamb\u00e9m estiveram envolvidos na organiza\u00e7\u00e3o e execu\u00e7\u00e3o do encontro. A proposta foi criar um espa\u00e7o de escuta e conscientiza\u00e7\u00e3o, ampliando a discuss\u00e3o sobre a necessidade de prevenir novos epis\u00f3dios de viol\u00eancia dentro de ambientes familiares. Na ocasi\u00e3o, o major Anderson apresentou a perspectiva da Pol\u00edcia Militar sobre o enfrentamento da viol\u00eancia dom\u00e9stica. A abordagem foi direcionada especialmente aos homens e tratou de responsabilidade e preven\u00e7\u00e3o. A participa\u00e7\u00e3o do oficial integrou a proposta do projeto de estimular uma reflex\u00e3o sobre comportamentos e atitudes que podem contribuir para a interrup\u00e7\u00e3o de ciclos de viol\u00eancia. Al\u00e9m disso, a psic\u00f3loga Alana conduziu a abordagem t\u00e9cnica da capacita\u00e7\u00e3o. As atividades foram estruturadas para incentivar o di\u00e1logo e a reflex\u00e3o entre os participantes sobre situa\u00e7\u00f5es relacionadas \u00e0 viol\u00eancia dom\u00e9stica. Ao final do encontro, os presentes receberam a cartilha \u201cAntes que Seja Tarde\u201d, produzida pela Dra. Ludimila, com informa\u00e7\u00f5es e orienta\u00e7\u00f5es voltadas \u00e0 preven\u00e7\u00e3o. Segundo os organizadores, a primeira atividade teve avalia\u00e7\u00e3o positiva e refor\u00e7ou o car\u00e1ter coletivo da iniciativa. O projeto tamb\u00e9m conta com a participa\u00e7\u00e3o dos diretores do CONSEG, Dra. Ludimila e Dr. L\u00edlio, que atuaram na constru\u00e7\u00e3o da proposta desde o in\u00edcio. A iniciativa pretende ampliar a\u00e7\u00f5es educativas e preventivas para estimular o di\u00e1logo e a responsabiliza\u00e7\u00e3o antes que situa\u00e7\u00f5es de agress\u00e3o se agravem.\" \/>\n<meta property=\"og:url\" content=\"https:\/\/sudoesteacontece.com.br\/?p=28846\" \/>\n<meta property=\"og:site_name\" content=\"Sudoesteacontece\" \/>\n<meta property=\"article:publisher\" content=\"https:\/\/www.facebook.com\/sudoesteacontece\/?locale=pt_BR\" \/>\n<meta property=\"article:published_time\" content=\"2026-08-31T18:59:00+00:00\" \/>\n<meta property=\"article:modified_time\" content=\"2026-08-31T21:09:12+00:00\" \/>\n<meta property=\"og:image\" content=\"http:\/\/sudoesteacontece.com.br\/wp-content\/uploads\/2026\/08\/Projeto-contra-violencia-domestica-realiza-primeira-capacitacao-no-Forum-de-Brumado.jpg\" \/>\n\t<meta property=\"og:image:width\" content=\"900\" \/>\n\t<meta property=\"og:image:height\" content=\"600\" \/>\n\t<meta property=\"og:image:type\" content=\"image\/jpeg\" \/>\n<meta name=\"author\" content=\"Reda\u00e7\u00e3o\" \/>\n<meta name=\"twitter:card\" content=\"summary_large_image\" \/>\n<meta name=\"twitter:label1\" content=\"Escrito por\" \/>\n\t<meta name=\"twitter:data1\" content=\"Reda\u00e7\u00e3o\" \/>\n\t<meta name=\"twitter:label2\" content=\"Est. tempo de leitura\" \/>\n\t<meta name=\"twitter:data2\" content=\"3 minutos\" \/>\n<script type=\"application\/ld+json\" class=\"yoast-schema-graph\">{\"@context\":\"https:\/\/schema.org\",\"@graph\":[{\"@type\":\"Article\",\"@id\":\"https:\/\/sudoesteacontece.com.br\/?p=28846#article\",\"isPartOf\":{\"@id\":\"https:\/\/sudoesteacontece.com.br\/?p=28846\"},\"author\":{\"name\":\"Reda\u00e7\u00e3o\",\"@id\":\"https:\/\/sudoesteacontece.com.br\/#\/schema\/person\/a4f22429c1d0923ef8f7d43343f8dc38\"},\"headline\":\"Projeto contra viol\u00eancia dom\u00e9stica realiza primeira capacita\u00e7\u00e3o no F\u00f3rum de Brumado\",\"datePublished\":\"2026-08-31T18:59:00+00:00\",\"dateModified\":\"2026-08-31T21:09:12+00:00\",\"mainEntityOfPage\":{\"@id\":\"https:\/\/sudoesteacontece.com.br\/?p=28846\"},\"wordCount\":376,\"commentCount\":0,\"publisher\":{\"@id\":\"https:\/\/sudoesteacontece.com.br\/#organization\"},\"image\":{\"@id\":\"https:\/\/sudoesteacontece.com.br\/?p=28846#primaryimage\"},\"thumbnailUrl\":\"https:\/\/sudoesteacontece.com.br\/wp-content\/uploads\/2026\/08\/Projeto-contra-violencia-domestica-realiza-primeira-capacitacao-no-Forum-de-Brumado.jpg\",\"articleSection\":[\"Brumado\",\"Cidades\",\"Justi\u00e7a\",\"Pol\u00edcia\",\"Pol\u00edtica\"],\"inLanguage\":\"pt-BR\",\"potentialAction\":[{\"@type\":\"CommentAction\",\"name\":\"Comment\",\"target\":[\"https:\/\/sudoesteacontece.com.br\/?p=28846#respond\"]}]},{\"@type\":\"WebPage\",\"@id\":\"https:\/\/sudoesteacontece.com.br\/?p=28846\",\"url\":\"https:\/\/sudoesteacontece.com.br\/?p=28846\",\"name\":\"Projeto contra viol\u00eancia dom\u00e9stica realiza primeira capacita\u00e7\u00e3o no F\u00f3rum de Brumado - Sudoesteacontece\",\"isPartOf\":{\"@id\":\"https:\/\/sudoesteacontece.com.br\/#website\"},\"primaryImageOfPage\":{\"@id\":\"https:\/\/sudoesteacontece.com.br\/?p=28846#primaryimage\"},\"image\":{\"@id\":\"https:\/\/sudoesteacontece.com.br\/?p=28846#primaryimage\"},\"thumbnailUrl\":\"https:\/\/sudoesteacontece.com.br\/wp-content\/uploads\/2026\/08\/Projeto-contra-violencia-domestica-realiza-primeira-capacitacao-no-Forum-de-Brumado.jpg\",\"datePublished\":\"2026-08-31T18:59:00+00:00\",\"dateModified\":\"2026-08-31T21:09:12+00:00\",\"breadcrumb\":{\"@id\":\"https:\/\/sudoesteacontece.com.br\/?p=28846#breadcrumb\"},\"inLanguage\":\"pt-BR\",\"potentialAction\":[{\"@type\":\"ReadAction\",\"target\":[\"https:\/\/sudoesteacontece.com.br\/?p=28846\"]}]},{\"@type\":\"ImageObject\",\"inLanguage\":\"pt-BR\",\"@id\":\"https:\/\/sudoesteacontece.com.br\/?p=28846#primaryimage\",\"url\":\"https:\/\/sudoesteacontece.com.br\/wp-content\/uploads\/2026\/08\/Projeto-contra-violencia-domestica-realiza-primeira-capacitacao-no-Forum-de-Brumado.jpg\",\"contentUrl\":\"https:\/\/sudoesteacontece.com.br\/wp-content\/uploads\/2026\/08\/Projeto-contra-violencia-domestica-realiza-primeira-capacitacao-no-Forum-de-Brumado.jpg\",\"width\":900,\"height\":600},{\"@type\":\"BreadcrumbList\",\"@id\":\"https:\/\/sudoesteacontece.com.br\/?p=28846#breadcrumb\",\"itemListElement\":[{\"@type\":\"ListItem\",\"position\":1,\"name\":\"In\u00edcio\",\"item\":\"https:\/\/sudoesteacontece.com.br\/\"},{\"@type\":\"ListItem\",\"position\":2,\"name\":\"Projeto contra viol\u00eancia dom\u00e9stica realiza primeira capacita\u00e7\u00e3o no F\u00f3rum de Brumado\"}]},{\"@type\":\"WebSite\",\"@id\":\"https:\/\/sudoesteacontece.com.br\/#website\",\"url\":\"https:\/\/sudoesteacontece.com.br\/\",\"name\":\"Sudoesteacontece\",\"description\":\"\",\"publisher\":{\"@id\":\"https:\/\/sudoesteacontece.com.br\/#organization\"},\"potentialAction\":[{\"@type\":\"SearchAction\",\"target\":{\"@type\":\"EntryPoint\",\"urlTemplate\":\"https:\/\/sudoesteacontece.com.br\/?s={search_term_string}\"},\"query-input\":{\"@type\":\"PropertyValueSpecification\",\"valueRequired\":true,\"valueName\":\"search_term_string\"}}],\"inLanguage\":\"pt-BR\"},{\"@type\":\"Organization\",\"@id\":\"https:\/\/sudoesteacontece.com.br\/#organization\",\"name\":\"Sudoesteacontece\",\"url\":\"https:\/\/sudoesteacontece.com.br\/\",\"logo\":{\"@type\":\"ImageObject\",\"inLanguage\":\"pt-BR\",\"@id\":\"https:\/\/sudoesteacontece.com.br\/#\/schema\/logo\/image\/\",\"url\":\"https:\/\/sudoesteacontece.com.br\/wp-content\/uploads\/2025\/12\/cropped-logo-2-180x180-1.png\",\"contentUrl\":\"https:\/\/sudoesteacontece.com.br\/wp-content\/uploads\/2025\/12\/cropped-logo-2-180x180-1.png\",\"width\":180,\"height\":180,\"caption\":\"Sudoesteacontece\"},\"image\":{\"@id\":\"https:\/\/sudoesteacontece.com.br\/#\/schema\/logo\/image\/\"},\"sameAs\":[\"https:\/\/www.facebook.com\/sudoesteacontece\/?locale=pt_BR\"]},{\"@type\":\"Person\",\"@id\":\"https:\/\/sudoesteacontece.com.br\/#\/schema\/person\/a4f22429c1d0923ef8f7d43343f8dc38\",\"name\":\"Reda\u00e7\u00e3o\",\"image\":{\"@type\":\"ImageObject\",\"inLanguage\":\"pt-BR\",\"@id\":\"https:\/\/sudoesteacontece.com.br\/#\/schema\/person\/image\/\",\"url\":\"https:\/\/secure.gravatar.com\/avatar\/c3a5b3c93f268a709c25a2df414c629a96fb3b1b4bf97a94fb3f72e54ae76903?s=96&d=mm&r=g\",\"contentUrl\":\"https:\/\/secure.gravatar.com\/avatar\/c3a5b3c93f268a709c25a2df414c629a96fb3b1b4bf97a94fb3f72e54ae76903?s=96&d=mm&r=g\",\"caption\":\"Reda\u00e7\u00e3o\"},\"url\":\"https:\/\/sudoesteacontece.com.br\/?author=4\"}]}<\/script>\n<!-- \/ Yoast SEO plugin. -->","yoast_head_json":{"title":"Projeto contra viol\u00eancia dom\u00e9stica realiza primeira capacita\u00e7\u00e3o no F\u00f3rum de Brumado - Sudoesteacontece","robots":{"index":"index","follow":"follow","max-snippet":"max-snippet:-1","max-image-preview":"max-image-preview:large","max-video-preview":"max-video-preview:-1"},"canonical":"https:\/\/sudoesteacontece.com.br\/?p=28846","og_locale":"pt_BR","og_type":"article","og_title":"Projeto contra viol\u00eancia dom\u00e9stica realiza primeira capacita\u00e7\u00e3o no F\u00f3rum de Brumado - Sudoesteacontece","og_description":"O projeto \u201cAntes que Seja Tarde\u201d realizou sua primeira capacita\u00e7\u00e3o na sexta-feira (28), no F\u00f3rum de Brumado, com foco na preven\u00e7\u00e3o da viol\u00eancia dom\u00e9stica. A iniciativa \u00e9 promovida pelo Conselho Comunit\u00e1rio de Seguran\u00e7a (CONSEG) e reuniu profissionais do Judici\u00e1rio, da Pol\u00edcia Militar e da Psicologia. O encontro buscou estimular a reflex\u00e3o, a responsabiliza\u00e7\u00e3o e o di\u00e1logo como formas de enfrentar situa\u00e7\u00f5es de viol\u00eancia nas rela\u00e7\u00f5es familiares e afetivas. Durante a programa\u00e7\u00e3o, o juiz Genivaldo, da Vara Criminal de Brumado, participou das atividades e apoiou a realiza\u00e7\u00e3o da capacita\u00e7\u00e3o. Servidores do Cart\u00f3rio da Vara Criminal tamb\u00e9m estiveram envolvidos na organiza\u00e7\u00e3o e execu\u00e7\u00e3o do encontro. A proposta foi criar um espa\u00e7o de escuta e conscientiza\u00e7\u00e3o, ampliando a discuss\u00e3o sobre a necessidade de prevenir novos epis\u00f3dios de viol\u00eancia dentro de ambientes familiares. Na ocasi\u00e3o, o major Anderson apresentou a perspectiva da Pol\u00edcia Militar sobre o enfrentamento da viol\u00eancia dom\u00e9stica. A abordagem foi direcionada especialmente aos homens e tratou de responsabilidade e preven\u00e7\u00e3o. A participa\u00e7\u00e3o do oficial integrou a proposta do projeto de estimular uma reflex\u00e3o sobre comportamentos e atitudes que podem contribuir para a interrup\u00e7\u00e3o de ciclos de viol\u00eancia. Al\u00e9m disso, a psic\u00f3loga Alana conduziu a abordagem t\u00e9cnica da capacita\u00e7\u00e3o. As atividades foram estruturadas para incentivar o di\u00e1logo e a reflex\u00e3o entre os participantes sobre situa\u00e7\u00f5es relacionadas \u00e0 viol\u00eancia dom\u00e9stica. Ao final do encontro, os presentes receberam a cartilha \u201cAntes que Seja Tarde\u201d, produzida pela Dra. Ludimila, com informa\u00e7\u00f5es e orienta\u00e7\u00f5es voltadas \u00e0 preven\u00e7\u00e3o. Segundo os organizadores, a primeira atividade teve avalia\u00e7\u00e3o positiva e refor\u00e7ou o car\u00e1ter coletivo da iniciativa. O projeto tamb\u00e9m conta com a participa\u00e7\u00e3o dos diretores do CONSEG, Dra. Ludimila e Dr. L\u00edlio, que atuaram na constru\u00e7\u00e3o da proposta desde o in\u00edcio. A iniciativa pretende ampliar a\u00e7\u00f5es educativas e preventivas para estimular o di\u00e1logo e a responsabiliza\u00e7\u00e3o antes que situa\u00e7\u00f5es de agress\u00e3o se agravem.","og_url":"https:\/\/sudoesteacontece.com.br\/?p=28846","og_site_name":"Sudoesteacontece","article_publisher":"https:\/\/www.facebook.com\/sudoesteacontece\/?locale=pt_BR","article_published_time":"2026-08-31T18:59:00+00:00","article_modified_time":"2026-08-31T21:09:12+00:00","og_image":[{"width":900,"height":600,"url":"http:\/\/sudoesteacontece.com.br\/wp-content\/uploads\/2026\/08\/Projeto-contra-violencia-domestica-realiza-primeira-capacitacao-no-Forum-de-Brumado.jpg","type":"image\/jpeg"}],"author":"Reda\u00e7\u00e3o","twitter_card":"summary_large_image","twitter_misc":{"Escrito por":"Reda\u00e7\u00e3o","Est. tempo de leitura":"3 minutos"},"schema":{"@context":"https:\/\/schema.org","@graph":[{"@type":"Article","@id":"https:\/\/sudoesteacontece.com.br\/?p=28846#article","isPartOf":{"@id":"https:\/\/sudoesteacontece.com.br\/?p=28846"},"author":{"name":"Reda\u00e7\u00e3o","@id":"https:\/\/sudoesteacontece.com.br\/#\/schema\/person\/a4f22429c1d0923ef8f7d43343f8dc38"},"headline":"Projeto contra viol\u00eancia dom\u00e9stica realiza primeira capacita\u00e7\u00e3o no F\u00f3rum de Brumado","datePublished":"2026-08-31T18:59:00+00:00","dateModified":"2026-08-31T21:09:12+00:00","mainEntityOfPage":{"@id":"https:\/\/sudoesteacontece.com.br\/?p=28846"},"wordCount":376,"commentCount":0,"publisher":{"@id":"https:\/\/sudoesteacontece.com.br\/#organization"},"image":{"@id":"https:\/\/sudoesteacontece.com.br\/?p=28846#primaryimage"},"thumbnailUrl":"https:\/\/sudoesteacontece.com.br\/wp-content\/uploads\/2026\/08\/Projeto-contra-violencia-domestica-realiza-primeira-capacitacao-no-Forum-de-Brumado.jpg","articleSection":["Brumado","Cidades","Justi\u00e7a","Pol\u00edcia","Pol\u00edtica"],"inLanguage":"pt-BR","potentialAction":[{"@type":"CommentAction","name":"Comment","target":["https:\/\/sudoesteacontece.com.br\/?p=28846#respond"]}]},{"@type":"WebPage","@id":"https:\/\/sudoesteacontece.com.br\/?p=28846","url":"https:\/\/sudoesteacontece.com.br\/?p=28846","name":"Projeto contra viol\u00eancia dom\u00e9stica realiza primeira capacita\u00e7\u00e3o no F\u00f3rum de Brumado - Sudoesteacontece","isPartOf":{"@id":"https:\/\/sudoesteacontece.com.br\/#website"},"primaryImageOfPage":{"@id":"https:\/\/sudoesteacontece.com.br\/?p=28846#primaryimage"},"image":{"@id":"https:\/\/sudoesteacontece.com.br\/?p=28846#primaryimage"},"thumbnailUrl":"https:\/\/sudoesteacontece.com.br\/wp-content\/uploads\/2026\/08\/Projeto-contra-violencia-domestica-realiza-primeira-capacitacao-no-Forum-de-Brumado.jpg","datePublished":"2026-08-31T18:59:00+00:00","dateModified":"2026-08-31T21:09:12+00:00","breadcrumb":{"@id":"https:\/\/sudoesteacontece.com.br\/?p=28846#breadcrumb"},"inLanguage":"pt-BR","potentialAction":[{"@type":"ReadAction","target":["https:\/\/sudoesteacontece.com.br\/?p=28846"]}]},{"@type":"ImageObject","inLanguage":"pt-BR","@id":"https:\/\/sudoesteacontece.com.br\/?p=28846#primaryimage","url":"https:\/\/sudoesteacontece.com.br\/wp-content\/uploads\/2026\/08\/Projeto-contra-violencia-domestica-realiza-primeira-capacitacao-no-Forum-de-Brumado.jpg","contentUrl":"https:\/\/sudoesteacontece.com.br\/wp-content\/uploads\/2026\/08\/Projeto-contra-violencia-domestica-realiza-primeira-capacitacao-no-Forum-de-Brumado.jpg","width":900,"height":600},{"@type":"BreadcrumbList","@id":"https:\/\/sudoesteacontece.com.br\/?p=28846#breadcrumb","itemListElement":[{"@type":"ListItem","position":1,"name":"In\u00edcio","item":"https:\/\/sudoesteacontece.com.br\/"},{"@type":"ListItem","position":2,"name":"Projeto contra viol\u00eancia dom\u00e9stica realiza primeira capacita\u00e7\u00e3o no F\u00f3rum de Brumado"}]},{"@type":"WebSite","@id":"https:\/\/sudoesteacontece.com.br\/#website","url":"https:\/\/sudoesteacontece.com.br\/","name":"Sudoesteacontece","description":"","publisher":{"@id":"https:\/\/sudoesteacontece.com.br\/#organization"},"potentialAction":[{"@type":"SearchAction","target":{"@type":"EntryPoint","urlTemplate":"https:\/\/sudoesteacontece.com.br\/?s={search_term_string}"},"query-input":{"@type":"PropertyValueSpecification","valueRequired":true,"valueName":"search_term_string"}}],"inLanguage":"pt-BR"},{"@type":"Organization","@id":"https:\/\/sudoesteacontece.com.br\/#organization","name":"Sudoesteacontece","url":"https:\/\/sudoesteacontece.com.br\/","logo":{"@type":"ImageObject","inLanguage":"pt-BR","@id":"https:\/\/sudoesteacontece.com.br\/#\/schema\/logo\/image\/","url":"https:\/\/sudoesteacontece.com.br\/wp-content\/uploads\/2025\/12\/cropped-logo-2-180x180-1.png","contentUrl":"https:\/\/sudoesteacontece.com.br\/wp-content\/uploads\/2025\/12\/cropped-logo-2-180x180-1.png","width":180,"height":180,"caption":"Sudoesteacontece"},"image":{"@id":"https:\/\/sudoesteacontece.com.br\/#\/schema\/logo\/image\/"},"sameAs":["https:\/\/www.facebook.com\/sudoesteacontece\/?locale=pt_BR"]},{"@type":"Person","@id":"https:\/\/sudoesteacontece.com.br\/#\/schema\/person\/a4f22429c1d0923ef8f7d43343f8dc38","name":"Reda\u00e7\u00e3o","image":{"@type":"ImageObject","inLanguage":"pt-BR","@id":"https:\/\/sudoesteacontece.com.br\/#\/schema\/person\/image\/","url":"https:\/\/secure.gravatar.com\/avatar\/c3a5b3c93f268a709c25a2df414c629a96fb3b1b4bf97a94fb3f72e54ae76903?s=96&d=mm&r=g","contentUrl":"https:\/\/secure.gravatar.com\/avatar\/c3a5b3c93f268a709c25a2df414c629a96fb3b1b4bf97a94fb3f72e54ae76903?s=96&d=mm&r=g","caption":"Reda\u00e7\u00e3o"},"url":"https:\/\/sudoesteacontece.com.br\/?author=4"}]}},"_links":{"self":[{"href":"https:\/\/sudoesteacontece.com.br\/index.php?rest_route=\/wp\/v2\/posts\/28846","targetHints":{"allow":["GET"]}}],"collection":[{"href":"https:\/\/sudoesteacontece.com.br\/index.php?rest_route=\/wp\/v2\/posts"}],"about":[{"href":"https:\/\/sudoesteacontece.com.br\/index.php?rest_route=\/wp\/v2\/types\/post"}],"author":[{"embeddable":true,"href":"https:\/\/sudoesteacontece.com.br\/index.php?rest_route=\/wp\/v2\/users\/4"}],"replies":[{"embeddable":true,"href":"https:\/\/sudoesteacontece.com.br\/index.php?rest_route=%2Fwp%2Fv2%2Fcomments&post=28846"}],"version-history":[{"count":1,"href":"https:\/\/sudoesteacontece.com.br\/index.php?rest_route=\/wp\/v2\/posts\/28846\/revisions"}],"predecessor-version":[{"id":28857,"href":"https:\/\/sudoesteacontece.com.br\/index.php?rest_route=\/wp\/v2\/posts\/28846\/revisions\/28857"}],"wp:featuredmedia":[{"embeddable":true,"href":"https:\/\/sudoesteacontece.com.br\/index.php?rest_route=\/wp\/v2\/media\/28856"}],"wp:attachment":[{"href":"https:\/\/sudoesteacontece.com.br\/index.php?rest_route=%2Fwp%2Fv2%2Fmedia&parent=28846"}],"wp:term":[{"taxonomy":"category","embeddable":true,"href":"https:\/\/sudoesteacontece.com.br\/index.php?rest_route=%2Fwp%2Fv2%2Fcategories&post=28846"},{"taxonomy":"post_tag","embeddable":true,"href":"https:\/\/sudoesteacontece.com.br\/index.php?rest_route=%2Fwp%2Fv2%2Ftags&post=28846"}],"curies":[{"name":"wp","href":"https:\/\/api.w.org\/{rel}","templated":true}]}}