{"id":28847,"date":"2026-08-31T18:22:45","date_gmt":"2026-08-31T21:22:45","guid":{"rendered":"https:\/\/sudoesteacontece.com.br\/?p=28847"},"modified":"2026-08-31T18:22:50","modified_gmt":"2026-08-31T21:22:50","slug":"precos-e-dividas-viram-maior-ameaca-a-lula-na-disputa-pela-reeleicao","status":"publish","type":"post","link":"https:\/\/sudoesteacontece.com.br\/?p=28847","title":{"rendered":"Pre\u00e7os e d\u00edvidas viram maior amea\u00e7a a Lula na disputa pela reelei\u00e7\u00e3o"},"content":{"rendered":"\n<figure class=\"wp-block-image size-full\"><img fetchpriority=\"high\" decoding=\"async\" width=\"900\" height=\"600\" src=\"http:\/\/sudoesteacontece.com.br\/wp-content\/uploads\/2026\/08\/Estudo-aponta-que-aprovacao-de-Lula-e-a-mais-sensivel-a-inflacao-e-ao-desemprego-em-30-anos-1.jpg\" alt=\"\" class=\"wp-image-28882\" srcset=\"https:\/\/sudoesteacontece.com.br\/wp-content\/uploads\/2026\/08\/Estudo-aponta-que-aprovacao-de-Lula-e-a-mais-sensivel-a-inflacao-e-ao-desemprego-em-30-anos-1.jpg 900w, https:\/\/sudoesteacontece.com.br\/wp-content\/uploads\/2026\/08\/Estudo-aponta-que-aprovacao-de-Lula-e-a-mais-sensivel-a-inflacao-e-ao-desemprego-em-30-anos-1-300x200.jpg 300w, https:\/\/sudoesteacontece.com.br\/wp-content\/uploads\/2026\/08\/Estudo-aponta-que-aprovacao-de-Lula-e-a-mais-sensivel-a-inflacao-e-ao-desemprego-em-30-anos-1-768x512.jpg 768w\" sizes=\"(max-width: 900px) 100vw, 900px\" \/><\/figure>\n\n\n\n<p class=\"wp-block-paragraph\">Aliados do presidente Luiz In\u00e1cio Lula da Silva avaliam que a percep\u00e7\u00e3o dos eleitores sobre pre\u00e7os e endividamento representa um risco maior para a campanha de 2026 do que as acusa\u00e7\u00f5es envolvendo seu filho F\u00e1bio Lu\u00eds, o Lulinha. O tema econ\u00f4mico ganhou espa\u00e7o na disputa com o senador Fl\u00e1vio Bolsonaro e passou a ser explorado pelo advers\u00e1rio em discursos e redes sociais.<\/p>\n\n\n\n<p class=\"wp-block-paragraph\">Enquanto o governo destaca resultados como o baixo desemprego e a infla\u00e7\u00e3o controlada, integrantes da base reconhecem dificuldades para transformar esses indicadores em ganhos percebidos pela popula\u00e7\u00e3o. A taxa b\u00e1sica de juros, atualmente em 14% ao ano, pressiona o or\u00e7amento de fam\u00edlias e empresas e dificulta a melhora da percep\u00e7\u00e3o econ\u00f4mica, segundo aliados do presidente.<\/p>\n\n\n\n<p class=\"wp-block-paragraph\">Nos \u00faltimos dias, Fl\u00e1vio Bolsonaro intensificou os ataques relacionados ao custo dos alimentos e ao endividamento. O senador tamb\u00e9m passou a explorar a crise do Grupo Casas Bahia como exemplo dos efeitos dos juros elevados sobre empresas. A d\u00edvida p\u00fablica brasileira chegou a 82,5% do Produto Interno Bruto (PIB), indicador utilizado pelos advers\u00e1rios para questionar a condu\u00e7\u00e3o da economia.<\/p>\n\n\n\n<p class=\"wp-block-paragraph\">Paralelamente, o pre\u00e7o dos alimentos provocou uma disputa de v\u00eddeos entre integrantes das duas campanhas. Fl\u00e1vio visitou um Armaz\u00e9m Solid\u00e1rio em S\u00e3o Paulo e associou a alta dos pre\u00e7os \u00e0 gest\u00e3o de Lula. O deputado Nikolas Ferreira tamb\u00e9m publicou conte\u00fado sobre o valor do caf\u00e9, enquanto integrantes do governo apresentaram pre\u00e7os diferentes para rebater as cr\u00edticas.<\/p>\n\n\n\n<p class=\"wp-block-paragraph\">Al\u00e9m da ofensiva p\u00fablica, respons\u00e1veis pelas redes sociais da campanha petista identificaram perfis que, segundo eles, estariam reproduzindo conte\u00fados semelhantes aos discursos de Fl\u00e1vio sobre os pre\u00e7os nos supermercados. A equipe de Lula pretende solicitar investiga\u00e7\u00e3o \u00e0 Justi\u00e7a Eleitoral, sob a alega\u00e7\u00e3o de que pode existir uma rede organizada para disseminar informa\u00e7\u00f5es falsas.<\/p>\n\n\n\n<p class=\"wp-block-paragraph\">Em outra frente, as acusa\u00e7\u00f5es contra Lulinha tamb\u00e9m permanecem no debate pol\u00edtico. Ele \u00e9 acusado de suposta atua\u00e7\u00e3o com a lobista Roberta Luchsinger para tentar vender medicamentos \u00e0 base de canabidiol ao Minist\u00e9rio da Sa\u00fade. F\u00e1bio Lu\u00eds nega irregularidades, e pol\u00edticos dos dois grupos avaliam que, com as informa\u00e7\u00f5es dispon\u00edveis, o caso tende mais a dificultar a conquista de novos eleitores do que provocar uma perda significativa de votos.<\/p>\n\n\n\n<p class=\"wp-block-paragraph\">Por fim, aliados de Lula defendem que a campanha concentre esfor\u00e7os em indicadores econ\u00f4micos pr\u00f3ximos da realidade cotidiana, como desemprego de aproximadamente 5,4%, aumento da renda e infla\u00e7\u00e3o acumulada considerada relativamente baixa. No Datafolha, Lula aparece com 39% no primeiro turno, contra 33% de Fl\u00e1vio, enquanto no segundo turno marca 47% contra 43%, dentro do empate t\u00e9cnico.<\/p>\n","protected":false},"excerpt":{"rendered":"<p>Aliados do presidente Luiz In\u00e1cio Lula da Silva avaliam que a percep\u00e7\u00e3o dos eleitores sobre pre\u00e7os e endividamento representa um risco maior para a campanha de 2026 do que as acusa\u00e7\u00f5es envolvendo seu filho F\u00e1bio Lu\u00eds, o Lulinha. O tema econ\u00f4mico ganhou espa\u00e7o na disputa com o senador Fl\u00e1vio Bolsonaro e passou a ser explorado pelo advers\u00e1rio em discursos e redes sociais. Enquanto o governo destaca resultados como o baixo desemprego e a infla\u00e7\u00e3o controlada, integrantes da base reconhecem dificuldades para transformar esses indicadores em ganhos percebidos pela popula\u00e7\u00e3o. A taxa b\u00e1sica de juros, atualmente em 14% ao ano, pressiona o or\u00e7amento de fam\u00edlias e empresas e dificulta a melhora da percep\u00e7\u00e3o econ\u00f4mica, segundo aliados do presidente. Nos \u00faltimos dias, Fl\u00e1vio Bolsonaro intensificou os ataques relacionados ao custo dos alimentos e ao endividamento. O senador tamb\u00e9m passou a explorar a crise do Grupo Casas Bahia como exemplo dos efeitos dos juros elevados sobre empresas. A d\u00edvida p\u00fablica brasileira chegou a 82,5% do Produto Interno Bruto (PIB), indicador utilizado pelos advers\u00e1rios para questionar a condu\u00e7\u00e3o da economia. Paralelamente, o pre\u00e7o dos alimentos provocou uma disputa de v\u00eddeos entre integrantes das duas campanhas. Fl\u00e1vio visitou um Armaz\u00e9m Solid\u00e1rio em S\u00e3o Paulo e associou a alta dos pre\u00e7os \u00e0 gest\u00e3o de Lula. O deputado Nikolas Ferreira tamb\u00e9m publicou conte\u00fado sobre o valor do caf\u00e9, enquanto integrantes do governo apresentaram pre\u00e7os diferentes para rebater as cr\u00edticas. Al\u00e9m da ofensiva p\u00fablica, respons\u00e1veis pelas redes sociais da campanha petista identificaram perfis que, segundo eles, estariam reproduzindo conte\u00fados semelhantes aos discursos de Fl\u00e1vio sobre os pre\u00e7os nos supermercados. A equipe de Lula pretende solicitar investiga\u00e7\u00e3o \u00e0 Justi\u00e7a Eleitoral, sob a alega\u00e7\u00e3o de que pode existir uma rede organizada para disseminar informa\u00e7\u00f5es falsas. Em outra frente, as acusa\u00e7\u00f5es contra Lulinha tamb\u00e9m permanecem no debate pol\u00edtico. Ele \u00e9 acusado de suposta atua\u00e7\u00e3o com a lobista Roberta Luchsinger para tentar vender medicamentos \u00e0 base de canabidiol ao Minist\u00e9rio da Sa\u00fade. F\u00e1bio Lu\u00eds nega irregularidades, e pol\u00edticos dos dois grupos avaliam que, com as informa\u00e7\u00f5es dispon\u00edveis, o caso tende mais a dificultar a conquista de novos eleitores do que provocar uma perda significativa de votos. Por fim, aliados de Lula defendem que a campanha concentre esfor\u00e7os em indicadores econ\u00f4micos pr\u00f3ximos da realidade cotidiana, como desemprego de aproximadamente 5,4%, aumento da renda e infla\u00e7\u00e3o acumulada considerada relativamente baixa. No Datafolha, Lula aparece com 39% no primeiro turno, contra 33% de Fl\u00e1vio, enquanto no segundo turno marca 47% contra 43%, dentro do empate t\u00e9cnico.<\/p>\n","protected":false},"author":4,"featured_media":0,"comment_status":"open","ping_status":"open","sticky":false,"template":"","format":"standard","meta":{"footnotes":""},"categories":[53,58,6],"tags":[],"class_list":["post-28847","post","type-post","status-publish","format-standard","hentry","category-brasil","category-eleicoes-2026","category-politica"],"yoast_head":"<!-- This site is optimized with the Yoast SEO plugin v26.5 - https:\/\/yoast.com\/wordpress\/plugins\/seo\/ -->\n<title>Pre\u00e7os e d\u00edvidas viram maior amea\u00e7a a Lula na disputa pela reelei\u00e7\u00e3o - Sudoesteacontece<\/title>\n<meta name=\"robots\" content=\"index, follow, max-snippet:-1, max-image-preview:large, max-video-preview:-1\" \/>\n<link rel=\"canonical\" href=\"https:\/\/sudoesteacontece.com.br\/?p=28847\" \/>\n<meta property=\"og:locale\" content=\"pt_BR\" \/>\n<meta property=\"og:type\" content=\"article\" \/>\n<meta property=\"og:title\" content=\"Pre\u00e7os e d\u00edvidas viram maior amea\u00e7a a Lula na disputa pela reelei\u00e7\u00e3o - Sudoesteacontece\" \/>\n<meta property=\"og:description\" content=\"Aliados do presidente Luiz In\u00e1cio Lula da Silva avaliam que a percep\u00e7\u00e3o dos eleitores sobre pre\u00e7os e endividamento representa um risco maior para a campanha de 2026 do que as acusa\u00e7\u00f5es envolvendo seu filho F\u00e1bio Lu\u00eds, o Lulinha. O tema econ\u00f4mico ganhou espa\u00e7o na disputa com o senador Fl\u00e1vio Bolsonaro e passou a ser explorado pelo advers\u00e1rio em discursos e redes sociais. Enquanto o governo destaca resultados como o baixo desemprego e a infla\u00e7\u00e3o controlada, integrantes da base reconhecem dificuldades para transformar esses indicadores em ganhos percebidos pela popula\u00e7\u00e3o. A taxa b\u00e1sica de juros, atualmente em 14% ao ano, pressiona o or\u00e7amento de fam\u00edlias e empresas e dificulta a melhora da percep\u00e7\u00e3o econ\u00f4mica, segundo aliados do presidente. Nos \u00faltimos dias, Fl\u00e1vio Bolsonaro intensificou os ataques relacionados ao custo dos alimentos e ao endividamento. O senador tamb\u00e9m passou a explorar a crise do Grupo Casas Bahia como exemplo dos efeitos dos juros elevados sobre empresas. A d\u00edvida p\u00fablica brasileira chegou a 82,5% do Produto Interno Bruto (PIB), indicador utilizado pelos advers\u00e1rios para questionar a condu\u00e7\u00e3o da economia. Paralelamente, o pre\u00e7o dos alimentos provocou uma disputa de v\u00eddeos entre integrantes das duas campanhas. Fl\u00e1vio visitou um Armaz\u00e9m Solid\u00e1rio em S\u00e3o Paulo e associou a alta dos pre\u00e7os \u00e0 gest\u00e3o de Lula. O deputado Nikolas Ferreira tamb\u00e9m publicou conte\u00fado sobre o valor do caf\u00e9, enquanto integrantes do governo apresentaram pre\u00e7os diferentes para rebater as cr\u00edticas. Al\u00e9m da ofensiva p\u00fablica, respons\u00e1veis pelas redes sociais da campanha petista identificaram perfis que, segundo eles, estariam reproduzindo conte\u00fados semelhantes aos discursos de Fl\u00e1vio sobre os pre\u00e7os nos supermercados. A equipe de Lula pretende solicitar investiga\u00e7\u00e3o \u00e0 Justi\u00e7a Eleitoral, sob a alega\u00e7\u00e3o de que pode existir uma rede organizada para disseminar informa\u00e7\u00f5es falsas. Em outra frente, as acusa\u00e7\u00f5es contra Lulinha tamb\u00e9m permanecem no debate pol\u00edtico. Ele \u00e9 acusado de suposta atua\u00e7\u00e3o com a lobista Roberta Luchsinger para tentar vender medicamentos \u00e0 base de canabidiol ao Minist\u00e9rio da Sa\u00fade. F\u00e1bio Lu\u00eds nega irregularidades, e pol\u00edticos dos dois grupos avaliam que, com as informa\u00e7\u00f5es dispon\u00edveis, o caso tende mais a dificultar a conquista de novos eleitores do que provocar uma perda significativa de votos. Por fim, aliados de Lula defendem que a campanha concentre esfor\u00e7os em indicadores econ\u00f4micos pr\u00f3ximos da realidade cotidiana, como desemprego de aproximadamente 5,4%, aumento da renda e infla\u00e7\u00e3o acumulada considerada relativamente baixa. No Datafolha, Lula aparece com 39% no primeiro turno, contra 33% de Fl\u00e1vio, enquanto no segundo turno marca 47% contra 43%, dentro do empate t\u00e9cnico.\" \/>\n<meta property=\"og:url\" content=\"https:\/\/sudoesteacontece.com.br\/?p=28847\" \/>\n<meta property=\"og:site_name\" content=\"Sudoesteacontece\" \/>\n<meta property=\"article:publisher\" content=\"https:\/\/www.facebook.com\/sudoesteacontece\/?locale=pt_BR\" \/>\n<meta property=\"article:published_time\" content=\"2026-08-31T21:22:45+00:00\" \/>\n<meta property=\"article:modified_time\" content=\"2026-08-31T21:22:50+00:00\" \/>\n<meta property=\"og:image\" content=\"https:\/\/sudoesteacontece.com.br\/wp-content\/uploads\/2026\/08\/Estudo-aponta-que-aprovacao-de-Lula-e-a-mais-sensivel-a-inflacao-e-ao-desemprego-em-30-anos-1.jpg\" \/>\n\t<meta property=\"og:image:width\" content=\"900\" \/>\n\t<meta property=\"og:image:height\" content=\"600\" \/>\n\t<meta property=\"og:image:type\" content=\"image\/jpeg\" \/>\n<meta name=\"author\" content=\"Reda\u00e7\u00e3o\" \/>\n<meta name=\"twitter:card\" content=\"summary_large_image\" \/>\n<meta name=\"twitter:label1\" content=\"Escrito por\" \/>\n\t<meta name=\"twitter:data1\" content=\"Reda\u00e7\u00e3o\" \/>\n\t<meta name=\"twitter:label2\" content=\"Est. tempo de leitura\" \/>\n\t<meta name=\"twitter:data2\" content=\"3 minutos\" \/>\n<script type=\"application\/ld+json\" class=\"yoast-schema-graph\">{\"@context\":\"https:\/\/schema.org\",\"@graph\":[{\"@type\":\"Article\",\"@id\":\"https:\/\/sudoesteacontece.com.br\/?p=28847#article\",\"isPartOf\":{\"@id\":\"https:\/\/sudoesteacontece.com.br\/?p=28847\"},\"author\":{\"name\":\"Reda\u00e7\u00e3o\",\"@id\":\"https:\/\/sudoesteacontece.com.br\/#\/schema\/person\/a4f22429c1d0923ef8f7d43343f8dc38\"},\"headline\":\"Pre\u00e7os e d\u00edvidas viram maior amea\u00e7a a Lula na disputa pela reelei\u00e7\u00e3o\",\"datePublished\":\"2026-08-31T21:22:45+00:00\",\"dateModified\":\"2026-08-31T21:22:50+00:00\",\"mainEntityOfPage\":{\"@id\":\"https:\/\/sudoesteacontece.com.br\/?p=28847\"},\"wordCount\":477,\"commentCount\":0,\"publisher\":{\"@id\":\"https:\/\/sudoesteacontece.com.br\/#organization\"},\"image\":{\"@id\":\"https:\/\/sudoesteacontece.com.br\/?p=28847#primaryimage\"},\"thumbnailUrl\":\"http:\/\/sudoesteacontece.com.br\/wp-content\/uploads\/2026\/08\/Estudo-aponta-que-aprovacao-de-Lula-e-a-mais-sensivel-a-inflacao-e-ao-desemprego-em-30-anos-1.jpg\",\"articleSection\":[\"Brasil\",\"Elei\u00e7\u00f5es 2026\",\"Pol\u00edtica\"],\"inLanguage\":\"pt-BR\",\"potentialAction\":[{\"@type\":\"CommentAction\",\"name\":\"Comment\",\"target\":[\"https:\/\/sudoesteacontece.com.br\/?p=28847#respond\"]}]},{\"@type\":\"WebPage\",\"@id\":\"https:\/\/sudoesteacontece.com.br\/?p=28847\",\"url\":\"https:\/\/sudoesteacontece.com.br\/?p=28847\",\"name\":\"Pre\u00e7os e d\u00edvidas viram maior amea\u00e7a a Lula na disputa pela reelei\u00e7\u00e3o - Sudoesteacontece\",\"isPartOf\":{\"@id\":\"https:\/\/sudoesteacontece.com.br\/#website\"},\"primaryImageOfPage\":{\"@id\":\"https:\/\/sudoesteacontece.com.br\/?p=28847#primaryimage\"},\"image\":{\"@id\":\"https:\/\/sudoesteacontece.com.br\/?p=28847#primaryimage\"},\"thumbnailUrl\":\"http:\/\/sudoesteacontece.com.br\/wp-content\/uploads\/2026\/08\/Estudo-aponta-que-aprovacao-de-Lula-e-a-mais-sensivel-a-inflacao-e-ao-desemprego-em-30-anos-1.jpg\",\"datePublished\":\"2026-08-31T21:22:45+00:00\",\"dateModified\":\"2026-08-31T21:22:50+00:00\",\"breadcrumb\":{\"@id\":\"https:\/\/sudoesteacontece.com.br\/?p=28847#breadcrumb\"},\"inLanguage\":\"pt-BR\",\"potentialAction\":[{\"@type\":\"ReadAction\",\"target\":[\"https:\/\/sudoesteacontece.com.br\/?p=28847\"]}]},{\"@type\":\"ImageObject\",\"inLanguage\":\"pt-BR\",\"@id\":\"https:\/\/sudoesteacontece.com.br\/?p=28847#primaryimage\",\"url\":\"https:\/\/sudoesteacontece.com.br\/wp-content\/uploads\/2026\/08\/Estudo-aponta-que-aprovacao-de-Lula-e-a-mais-sensivel-a-inflacao-e-ao-desemprego-em-30-anos-1.jpg\",\"contentUrl\":\"https:\/\/sudoesteacontece.com.br\/wp-content\/uploads\/2026\/08\/Estudo-aponta-que-aprovacao-de-Lula-e-a-mais-sensivel-a-inflacao-e-ao-desemprego-em-30-anos-1.jpg\",\"width\":900,\"height\":600},{\"@type\":\"BreadcrumbList\",\"@id\":\"https:\/\/sudoesteacontece.com.br\/?p=28847#breadcrumb\",\"itemListElement\":[{\"@type\":\"ListItem\",\"position\":1,\"name\":\"In\u00edcio\",\"item\":\"https:\/\/sudoesteacontece.com.br\/\"},{\"@type\":\"ListItem\",\"position\":2,\"name\":\"Pre\u00e7os e d\u00edvidas viram maior amea\u00e7a a Lula na disputa pela reelei\u00e7\u00e3o\"}]},{\"@type\":\"WebSite\",\"@id\":\"https:\/\/sudoesteacontece.com.br\/#website\",\"url\":\"https:\/\/sudoesteacontece.com.br\/\",\"name\":\"Sudoesteacontece\",\"description\":\"\",\"publisher\":{\"@id\":\"https:\/\/sudoesteacontece.com.br\/#organization\"},\"potentialAction\":[{\"@type\":\"SearchAction\",\"target\":{\"@type\":\"EntryPoint\",\"urlTemplate\":\"https:\/\/sudoesteacontece.com.br\/?s={search_term_string}\"},\"query-input\":{\"@type\":\"PropertyValueSpecification\",\"valueRequired\":true,\"valueName\":\"search_term_string\"}}],\"inLanguage\":\"pt-BR\"},{\"@type\":\"Organization\",\"@id\":\"https:\/\/sudoesteacontece.com.br\/#organization\",\"name\":\"Sudoesteacontece\",\"url\":\"https:\/\/sudoesteacontece.com.br\/\",\"logo\":{\"@type\":\"ImageObject\",\"inLanguage\":\"pt-BR\",\"@id\":\"https:\/\/sudoesteacontece.com.br\/#\/schema\/logo\/image\/\",\"url\":\"https:\/\/sudoesteacontece.com.br\/wp-content\/uploads\/2025\/12\/cropped-logo-2-180x180-1.png\",\"contentUrl\":\"https:\/\/sudoesteacontece.com.br\/wp-content\/uploads\/2025\/12\/cropped-logo-2-180x180-1.png\",\"width\":180,\"height\":180,\"caption\":\"Sudoesteacontece\"},\"image\":{\"@id\":\"https:\/\/sudoesteacontece.com.br\/#\/schema\/logo\/image\/\"},\"sameAs\":[\"https:\/\/www.facebook.com\/sudoesteacontece\/?locale=pt_BR\"]},{\"@type\":\"Person\",\"@id\":\"https:\/\/sudoesteacontece.com.br\/#\/schema\/person\/a4f22429c1d0923ef8f7d43343f8dc38\",\"name\":\"Reda\u00e7\u00e3o\",\"image\":{\"@type\":\"ImageObject\",\"inLanguage\":\"pt-BR\",\"@id\":\"https:\/\/sudoesteacontece.com.br\/#\/schema\/person\/image\/\",\"url\":\"https:\/\/secure.gravatar.com\/avatar\/c3a5b3c93f268a709c25a2df414c629a96fb3b1b4bf97a94fb3f72e54ae76903?s=96&d=mm&r=g\",\"contentUrl\":\"https:\/\/secure.gravatar.com\/avatar\/c3a5b3c93f268a709c25a2df414c629a96fb3b1b4bf97a94fb3f72e54ae76903?s=96&d=mm&r=g\",\"caption\":\"Reda\u00e7\u00e3o\"},\"url\":\"https:\/\/sudoesteacontece.com.br\/?author=4\"}]}<\/script>\n<!-- \/ Yoast SEO plugin. -->","yoast_head_json":{"title":"Pre\u00e7os e d\u00edvidas viram maior amea\u00e7a a Lula na disputa pela reelei\u00e7\u00e3o - Sudoesteacontece","robots":{"index":"index","follow":"follow","max-snippet":"max-snippet:-1","max-image-preview":"max-image-preview:large","max-video-preview":"max-video-preview:-1"},"canonical":"https:\/\/sudoesteacontece.com.br\/?p=28847","og_locale":"pt_BR","og_type":"article","og_title":"Pre\u00e7os e d\u00edvidas viram maior amea\u00e7a a Lula na disputa pela reelei\u00e7\u00e3o - Sudoesteacontece","og_description":"Aliados do presidente Luiz In\u00e1cio Lula da Silva avaliam que a percep\u00e7\u00e3o dos eleitores sobre pre\u00e7os e endividamento representa um risco maior para a campanha de 2026 do que as acusa\u00e7\u00f5es envolvendo seu filho F\u00e1bio Lu\u00eds, o Lulinha. O tema econ\u00f4mico ganhou espa\u00e7o na disputa com o senador Fl\u00e1vio Bolsonaro e passou a ser explorado pelo advers\u00e1rio em discursos e redes sociais. Enquanto o governo destaca resultados como o baixo desemprego e a infla\u00e7\u00e3o controlada, integrantes da base reconhecem dificuldades para transformar esses indicadores em ganhos percebidos pela popula\u00e7\u00e3o. A taxa b\u00e1sica de juros, atualmente em 14% ao ano, pressiona o or\u00e7amento de fam\u00edlias e empresas e dificulta a melhora da percep\u00e7\u00e3o econ\u00f4mica, segundo aliados do presidente. Nos \u00faltimos dias, Fl\u00e1vio Bolsonaro intensificou os ataques relacionados ao custo dos alimentos e ao endividamento. O senador tamb\u00e9m passou a explorar a crise do Grupo Casas Bahia como exemplo dos efeitos dos juros elevados sobre empresas. A d\u00edvida p\u00fablica brasileira chegou a 82,5% do Produto Interno Bruto (PIB), indicador utilizado pelos advers\u00e1rios para questionar a condu\u00e7\u00e3o da economia. Paralelamente, o pre\u00e7o dos alimentos provocou uma disputa de v\u00eddeos entre integrantes das duas campanhas. Fl\u00e1vio visitou um Armaz\u00e9m Solid\u00e1rio em S\u00e3o Paulo e associou a alta dos pre\u00e7os \u00e0 gest\u00e3o de Lula. O deputado Nikolas Ferreira tamb\u00e9m publicou conte\u00fado sobre o valor do caf\u00e9, enquanto integrantes do governo apresentaram pre\u00e7os diferentes para rebater as cr\u00edticas. Al\u00e9m da ofensiva p\u00fablica, respons\u00e1veis pelas redes sociais da campanha petista identificaram perfis que, segundo eles, estariam reproduzindo conte\u00fados semelhantes aos discursos de Fl\u00e1vio sobre os pre\u00e7os nos supermercados. A equipe de Lula pretende solicitar investiga\u00e7\u00e3o \u00e0 Justi\u00e7a Eleitoral, sob a alega\u00e7\u00e3o de que pode existir uma rede organizada para disseminar informa\u00e7\u00f5es falsas. Em outra frente, as acusa\u00e7\u00f5es contra Lulinha tamb\u00e9m permanecem no debate pol\u00edtico. Ele \u00e9 acusado de suposta atua\u00e7\u00e3o com a lobista Roberta Luchsinger para tentar vender medicamentos \u00e0 base de canabidiol ao Minist\u00e9rio da Sa\u00fade. F\u00e1bio Lu\u00eds nega irregularidades, e pol\u00edticos dos dois grupos avaliam que, com as informa\u00e7\u00f5es dispon\u00edveis, o caso tende mais a dificultar a conquista de novos eleitores do que provocar uma perda significativa de votos. Por fim, aliados de Lula defendem que a campanha concentre esfor\u00e7os em indicadores econ\u00f4micos pr\u00f3ximos da realidade cotidiana, como desemprego de aproximadamente 5,4%, aumento da renda e infla\u00e7\u00e3o acumulada considerada relativamente baixa. No Datafolha, Lula aparece com 39% no primeiro turno, contra 33% de Fl\u00e1vio, enquanto no segundo turno marca 47% contra 43%, dentro do empate t\u00e9cnico.","og_url":"https:\/\/sudoesteacontece.com.br\/?p=28847","og_site_name":"Sudoesteacontece","article_publisher":"https:\/\/www.facebook.com\/sudoesteacontece\/?locale=pt_BR","article_published_time":"2026-08-31T21:22:45+00:00","article_modified_time":"2026-08-31T21:22:50+00:00","og_image":[{"width":900,"height":600,"url":"https:\/\/sudoesteacontece.com.br\/wp-content\/uploads\/2026\/08\/Estudo-aponta-que-aprovacao-de-Lula-e-a-mais-sensivel-a-inflacao-e-ao-desemprego-em-30-anos-1.jpg","type":"image\/jpeg"}],"author":"Reda\u00e7\u00e3o","twitter_card":"summary_large_image","twitter_misc":{"Escrito por":"Reda\u00e7\u00e3o","Est. tempo de leitura":"3 minutos"},"schema":{"@context":"https:\/\/schema.org","@graph":[{"@type":"Article","@id":"https:\/\/sudoesteacontece.com.br\/?p=28847#article","isPartOf":{"@id":"https:\/\/sudoesteacontece.com.br\/?p=28847"},"author":{"name":"Reda\u00e7\u00e3o","@id":"https:\/\/sudoesteacontece.com.br\/#\/schema\/person\/a4f22429c1d0923ef8f7d43343f8dc38"},"headline":"Pre\u00e7os e d\u00edvidas viram maior amea\u00e7a a Lula na disputa pela reelei\u00e7\u00e3o","datePublished":"2026-08-31T21:22:45+00:00","dateModified":"2026-08-31T21:22:50+00:00","mainEntityOfPage":{"@id":"https:\/\/sudoesteacontece.com.br\/?p=28847"},"wordCount":477,"commentCount":0,"publisher":{"@id":"https:\/\/sudoesteacontece.com.br\/#organization"},"image":{"@id":"https:\/\/sudoesteacontece.com.br\/?p=28847#primaryimage"},"thumbnailUrl":"http:\/\/sudoesteacontece.com.br\/wp-content\/uploads\/2026\/08\/Estudo-aponta-que-aprovacao-de-Lula-e-a-mais-sensivel-a-inflacao-e-ao-desemprego-em-30-anos-1.jpg","articleSection":["Brasil","Elei\u00e7\u00f5es 2026","Pol\u00edtica"],"inLanguage":"pt-BR","potentialAction":[{"@type":"CommentAction","name":"Comment","target":["https:\/\/sudoesteacontece.com.br\/?p=28847#respond"]}]},{"@type":"WebPage","@id":"https:\/\/sudoesteacontece.com.br\/?p=28847","url":"https:\/\/sudoesteacontece.com.br\/?p=28847","name":"Pre\u00e7os e d\u00edvidas viram maior amea\u00e7a a Lula na disputa pela reelei\u00e7\u00e3o - Sudoesteacontece","isPartOf":{"@id":"https:\/\/sudoesteacontece.com.br\/#website"},"primaryImageOfPage":{"@id":"https:\/\/sudoesteacontece.com.br\/?p=28847#primaryimage"},"image":{"@id":"https:\/\/sudoesteacontece.com.br\/?p=28847#primaryimage"},"thumbnailUrl":"http:\/\/sudoesteacontece.com.br\/wp-content\/uploads\/2026\/08\/Estudo-aponta-que-aprovacao-de-Lula-e-a-mais-sensivel-a-inflacao-e-ao-desemprego-em-30-anos-1.jpg","datePublished":"2026-08-31T21:22:45+00:00","dateModified":"2026-08-31T21:22:50+00:00","breadcrumb":{"@id":"https:\/\/sudoesteacontece.com.br\/?p=28847#breadcrumb"},"inLanguage":"pt-BR","potentialAction":[{"@type":"ReadAction","target":["https:\/\/sudoesteacontece.com.br\/?p=28847"]}]},{"@type":"ImageObject","inLanguage":"pt-BR","@id":"https:\/\/sudoesteacontece.com.br\/?p=28847#primaryimage","url":"https:\/\/sudoesteacontece.com.br\/wp-content\/uploads\/2026\/08\/Estudo-aponta-que-aprovacao-de-Lula-e-a-mais-sensivel-a-inflacao-e-ao-desemprego-em-30-anos-1.jpg","contentUrl":"https:\/\/sudoesteacontece.com.br\/wp-content\/uploads\/2026\/08\/Estudo-aponta-que-aprovacao-de-Lula-e-a-mais-sensivel-a-inflacao-e-ao-desemprego-em-30-anos-1.jpg","width":900,"height":600},{"@type":"BreadcrumbList","@id":"https:\/\/sudoesteacontece.com.br\/?p=28847#breadcrumb","itemListElement":[{"@type":"ListItem","position":1,"name":"In\u00edcio","item":"https:\/\/sudoesteacontece.com.br\/"},{"@type":"ListItem","position":2,"name":"Pre\u00e7os e d\u00edvidas viram maior amea\u00e7a a Lula na disputa pela reelei\u00e7\u00e3o"}]},{"@type":"WebSite","@id":"https:\/\/sudoesteacontece.com.br\/#website","url":"https:\/\/sudoesteacontece.com.br\/","name":"Sudoesteacontece","description":"","publisher":{"@id":"https:\/\/sudoesteacontece.com.br\/#organization"},"potentialAction":[{"@type":"SearchAction","target":{"@type":"EntryPoint","urlTemplate":"https:\/\/sudoesteacontece.com.br\/?s={search_term_string}"},"query-input":{"@type":"PropertyValueSpecification","valueRequired":true,"valueName":"search_term_string"}}],"inLanguage":"pt-BR"},{"@type":"Organization","@id":"https:\/\/sudoesteacontece.com.br\/#organization","name":"Sudoesteacontece","url":"https:\/\/sudoesteacontece.com.br\/","logo":{"@type":"ImageObject","inLanguage":"pt-BR","@id":"https:\/\/sudoesteacontece.com.br\/#\/schema\/logo\/image\/","url":"https:\/\/sudoesteacontece.com.br\/wp-content\/uploads\/2025\/12\/cropped-logo-2-180x180-1.png","contentUrl":"https:\/\/sudoesteacontece.com.br\/wp-content\/uploads\/2025\/12\/cropped-logo-2-180x180-1.png","width":180,"height":180,"caption":"Sudoesteacontece"},"image":{"@id":"https:\/\/sudoesteacontece.com.br\/#\/schema\/logo\/image\/"},"sameAs":["https:\/\/www.facebook.com\/sudoesteacontece\/?locale=pt_BR"]},{"@type":"Person","@id":"https:\/\/sudoesteacontece.com.br\/#\/schema\/person\/a4f22429c1d0923ef8f7d43343f8dc38","name":"Reda\u00e7\u00e3o","image":{"@type":"ImageObject","inLanguage":"pt-BR","@id":"https:\/\/sudoesteacontece.com.br\/#\/schema\/person\/image\/","url":"https:\/\/secure.gravatar.com\/avatar\/c3a5b3c93f268a709c25a2df414c629a96fb3b1b4bf97a94fb3f72e54ae76903?s=96&d=mm&r=g","contentUrl":"https:\/\/secure.gravatar.com\/avatar\/c3a5b3c93f268a709c25a2df414c629a96fb3b1b4bf97a94fb3f72e54ae76903?s=96&d=mm&r=g","caption":"Reda\u00e7\u00e3o"},"url":"https:\/\/sudoesteacontece.com.br\/?author=4"}]}},"_links":{"self":[{"href":"https:\/\/sudoesteacontece.com.br\/index.php?rest_route=\/wp\/v2\/posts\/28847","targetHints":{"allow":["GET"]}}],"collection":[{"href":"https:\/\/sudoesteacontece.com.br\/index.php?rest_route=\/wp\/v2\/posts"}],"about":[{"href":"https:\/\/sudoesteacontece.com.br\/index.php?rest_route=\/wp\/v2\/types\/post"}],"author":[{"embeddable":true,"href":"https:\/\/sudoesteacontece.com.br\/index.php?rest_route=\/wp\/v2\/users\/4"}],"replies":[{"embeddable":true,"href":"https:\/\/sudoesteacontece.com.br\/index.php?rest_route=%2Fwp%2Fv2%2Fcomments&post=28847"}],"version-history":[{"count":1,"href":"https:\/\/sudoesteacontece.com.br\/index.php?rest_route=\/wp\/v2\/posts\/28847\/revisions"}],"predecessor-version":[{"id":28883,"href":"https:\/\/sudoesteacontece.com.br\/index.php?rest_route=\/wp\/v2\/posts\/28847\/revisions\/28883"}],"wp:attachment":[{"href":"https:\/\/sudoesteacontece.com.br\/index.php?rest_route=%2Fwp%2Fv2%2Fmedia&parent=28847"}],"wp:term":[{"taxonomy":"category","embeddable":true,"href":"https:\/\/sudoesteacontece.com.br\/index.php?rest_route=%2Fwp%2Fv2%2Fcategories&post=28847"},{"taxonomy":"post_tag","embeddable":true,"href":"https:\/\/sudoesteacontece.com.br\/index.php?rest_route=%2Fwp%2Fv2%2Ftags&post=28847"}],"curies":[{"name":"wp","href":"https:\/\/api.w.org\/{rel}","templated":true}]}}