{"id":28848,"date":"2026-08-31T18:12:31","date_gmt":"2026-08-31T21:12:31","guid":{"rendered":"https:\/\/sudoesteacontece.com.br\/?p=28848"},"modified":"2026-08-31T18:12:36","modified_gmt":"2026-08-31T21:12:36","slug":"bombeiro-relata-resgate-dos-corpos-das-quatro-criancas-que-morreram-em-acude-de-paramirim","status":"publish","type":"post","link":"https:\/\/sudoesteacontece.com.br\/?p=28848","title":{"rendered":"Bombeiro relata resgate dos corpos das quatro crian\u00e7as que morreram em a\u00e7ude de Paramirim"},"content":{"rendered":"\n<figure class=\"wp-block-image size-full\"><img fetchpriority=\"high\" decoding=\"async\" width=\"900\" height=\"600\" src=\"http:\/\/sudoesteacontece.com.br\/wp-content\/uploads\/2026\/08\/Bombeiro-relata-resgate-dos-corpos-das-quatro-criancas-que-morreram-em-acude-de-Paramirim.jpg\" alt=\"\" class=\"wp-image-28859\" srcset=\"https:\/\/sudoesteacontece.com.br\/wp-content\/uploads\/2026\/08\/Bombeiro-relata-resgate-dos-corpos-das-quatro-criancas-que-morreram-em-acude-de-Paramirim.jpg 900w, https:\/\/sudoesteacontece.com.br\/wp-content\/uploads\/2026\/08\/Bombeiro-relata-resgate-dos-corpos-das-quatro-criancas-que-morreram-em-acude-de-Paramirim-300x200.jpg 300w, https:\/\/sudoesteacontece.com.br\/wp-content\/uploads\/2026\/08\/Bombeiro-relata-resgate-dos-corpos-das-quatro-criancas-que-morreram-em-acude-de-Paramirim-768x512.jpg 768w\" sizes=\"(max-width: 900px) 100vw, 900px\" \/><\/figure>\n\n\n\n<p class=\"wp-block-paragraph\">Quatro crian\u00e7as morreram afogadas ap\u00f3s uma embarca\u00e7\u00e3o improvisada afundar em um a\u00e7ude na zona rural de Paramirim, no sudoeste da Bahia. As v\u00edtimas eram os irm\u00e3os Jeferson Davi da Silva Oliveira, de 9 anos, Jacson Diego Silva Oliveira, de 6, e Jos\u00e9 Diogo da Silva Oliveira, de 3. O primo Lorenzo Almeida Cardoso, de 8 anos, tamb\u00e9m morreu no acidente ocorrido na comunidade de Salina Branca.<\/p>\n\n\n\n<p class=\"wp-block-paragraph\">Segundo o sargento Marcos Cordeiro, mergulhador do 7\u00ba Batalh\u00e3o de Bombeiros Militar (BBM), as crian\u00e7as n\u00e3o sabiam nadar. Em entrevista nesta segunda-feira (31), ele relatou que o grupo estava em uma estrutura improvisada quando a embarca\u00e7\u00e3o afundou no meio do a\u00e7ude. O militar participou diretamente das buscas e do trabalho de localiza\u00e7\u00e3o das v\u00edtimas.<\/p>\n\n\n\n<p class=\"wp-block-paragraph\">Durante a opera\u00e7\u00e3o, o sargento destacou que a embarca\u00e7\u00e3o utilizada pelas crian\u00e7as apresentava condi\u00e7\u00f5es inadequadas para navega\u00e7\u00e3o. Conforme o relato, a estrutura improvisada se assemelhava a um cocho usado para alimentar animais ou a uma esp\u00e9cie de banheira grande, sem caracter\u00edsticas apropriadas para transportar pessoas.<\/p>\n\n\n\n<p class=\"wp-block-paragraph\">Al\u00e9m disso, Cordeiro ressaltou que as crian\u00e7as deveriam utilizar coletes salva-vidas durante a atividade. De acordo com o mergulhador, o equipamento poderia manter as v\u00edtimas na superf\u00edcie mesmo em caso de tombamento da embarca\u00e7\u00e3o, permitindo que permanecessem vis\u00edveis at\u00e9 a chegada do socorro.<\/p>\n\n\n\n<p class=\"wp-block-paragraph\">Ap\u00f3s horas de buscas e utiliza\u00e7\u00e3o de t\u00e9cnicas de mergulho, os bombeiros localizaram os corpos no a\u00e7ude da comunidade de Salina Branca. A equipe do 7\u00ba BBM, com sede em Vit\u00f3ria da Conquista, retirou gradualmente as v\u00edtimas da \u00e1gua e as encaminhou para a margem.<\/p>\n\n\n\n<p class=\"wp-block-paragraph\">Posteriormente, os corpos foram deixados \u00e0 margem do a\u00e7ude para a remo\u00e7\u00e3o pelo Departamento de Pol\u00edcia T\u00e9cnica (DPT). O trabalho dos bombeiros encerrou uma opera\u00e7\u00e3o marcada pelas dificuldades provocadas pelas condi\u00e7\u00f5es do local e pela necessidade de buscas submersas.<\/p>\n","protected":false},"excerpt":{"rendered":"<p>Quatro crian\u00e7as morreram afogadas ap\u00f3s uma embarca\u00e7\u00e3o improvisada afundar em um a\u00e7ude na zona rural de Paramirim, no sudoeste da Bahia. As v\u00edtimas eram os irm\u00e3os Jeferson Davi da Silva Oliveira, de 9 anos, Jacson Diego Silva Oliveira, de 6, e Jos\u00e9 Diogo da Silva Oliveira, de 3. O primo Lorenzo Almeida Cardoso, de 8 anos, tamb\u00e9m morreu no acidente ocorrido na comunidade de Salina Branca. Segundo o sargento Marcos Cordeiro, mergulhador do 7\u00ba Batalh\u00e3o de Bombeiros Militar (BBM), as crian\u00e7as n\u00e3o sabiam nadar. Em entrevista nesta segunda-feira (31), ele relatou que o grupo estava em uma estrutura improvisada quando a embarca\u00e7\u00e3o afundou no meio do a\u00e7ude. O militar participou diretamente das buscas e do trabalho de localiza\u00e7\u00e3o das v\u00edtimas. Durante a opera\u00e7\u00e3o, o sargento destacou que a embarca\u00e7\u00e3o utilizada pelas crian\u00e7as apresentava condi\u00e7\u00f5es inadequadas para navega\u00e7\u00e3o. Conforme o relato, a estrutura improvisada se assemelhava a um cocho usado para alimentar animais ou a uma esp\u00e9cie de banheira grande, sem caracter\u00edsticas apropriadas para transportar pessoas. Al\u00e9m disso, Cordeiro ressaltou que as crian\u00e7as deveriam utilizar coletes salva-vidas durante a atividade. De acordo com o mergulhador, o equipamento poderia manter as v\u00edtimas na superf\u00edcie mesmo em caso de tombamento da embarca\u00e7\u00e3o, permitindo que permanecessem vis\u00edveis at\u00e9 a chegada do socorro. Ap\u00f3s horas de buscas e utiliza\u00e7\u00e3o de t\u00e9cnicas de mergulho, os bombeiros localizaram os corpos no a\u00e7ude da comunidade de Salina Branca. A equipe do 7\u00ba BBM, com sede em Vit\u00f3ria da Conquista, retirou gradualmente as v\u00edtimas da \u00e1gua e as encaminhou para a margem. Posteriormente, os corpos foram deixados \u00e0 margem do a\u00e7ude para a remo\u00e7\u00e3o pelo Departamento de Pol\u00edcia T\u00e9cnica (DPT). O trabalho dos bombeiros encerrou uma opera\u00e7\u00e3o marcada pelas dificuldades provocadas pelas condi\u00e7\u00f5es do local e pela necessidade de buscas submersas.<\/p>\n","protected":false},"author":4,"featured_media":0,"comment_status":"open","ping_status":"open","sticky":false,"template":"","format":"standard","meta":{"footnotes":""},"categories":[4,50,3],"tags":[],"class_list":["post-28848","post","type-post","status-publish","format-standard","hentry","category-cidades","category-paramirim","category-policia"],"yoast_head":"<!-- This site is optimized with the Yoast SEO plugin v26.5 - https:\/\/yoast.com\/wordpress\/plugins\/seo\/ -->\n<title>Bombeiro relata resgate dos corpos das quatro crian\u00e7as que morreram em a\u00e7ude de Paramirim - Sudoesteacontece<\/title>\n<meta name=\"robots\" content=\"index, follow, max-snippet:-1, max-image-preview:large, max-video-preview:-1\" \/>\n<link rel=\"canonical\" href=\"https:\/\/sudoesteacontece.com.br\/?p=28848\" \/>\n<meta property=\"og:locale\" content=\"pt_BR\" \/>\n<meta property=\"og:type\" content=\"article\" \/>\n<meta property=\"og:title\" content=\"Bombeiro relata resgate dos corpos das quatro crian\u00e7as que morreram em a\u00e7ude de Paramirim - Sudoesteacontece\" \/>\n<meta property=\"og:description\" content=\"Quatro crian\u00e7as morreram afogadas ap\u00f3s uma embarca\u00e7\u00e3o improvisada afundar em um a\u00e7ude na zona rural de Paramirim, no sudoeste da Bahia. As v\u00edtimas eram os irm\u00e3os Jeferson Davi da Silva Oliveira, de 9 anos, Jacson Diego Silva Oliveira, de 6, e Jos\u00e9 Diogo da Silva Oliveira, de 3. O primo Lorenzo Almeida Cardoso, de 8 anos, tamb\u00e9m morreu no acidente ocorrido na comunidade de Salina Branca. Segundo o sargento Marcos Cordeiro, mergulhador do 7\u00ba Batalh\u00e3o de Bombeiros Militar (BBM), as crian\u00e7as n\u00e3o sabiam nadar. Em entrevista nesta segunda-feira (31), ele relatou que o grupo estava em uma estrutura improvisada quando a embarca\u00e7\u00e3o afundou no meio do a\u00e7ude. O militar participou diretamente das buscas e do trabalho de localiza\u00e7\u00e3o das v\u00edtimas. Durante a opera\u00e7\u00e3o, o sargento destacou que a embarca\u00e7\u00e3o utilizada pelas crian\u00e7as apresentava condi\u00e7\u00f5es inadequadas para navega\u00e7\u00e3o. Conforme o relato, a estrutura improvisada se assemelhava a um cocho usado para alimentar animais ou a uma esp\u00e9cie de banheira grande, sem caracter\u00edsticas apropriadas para transportar pessoas. Al\u00e9m disso, Cordeiro ressaltou que as crian\u00e7as deveriam utilizar coletes salva-vidas durante a atividade. De acordo com o mergulhador, o equipamento poderia manter as v\u00edtimas na superf\u00edcie mesmo em caso de tombamento da embarca\u00e7\u00e3o, permitindo que permanecessem vis\u00edveis at\u00e9 a chegada do socorro. Ap\u00f3s horas de buscas e utiliza\u00e7\u00e3o de t\u00e9cnicas de mergulho, os bombeiros localizaram os corpos no a\u00e7ude da comunidade de Salina Branca. A equipe do 7\u00ba BBM, com sede em Vit\u00f3ria da Conquista, retirou gradualmente as v\u00edtimas da \u00e1gua e as encaminhou para a margem. Posteriormente, os corpos foram deixados \u00e0 margem do a\u00e7ude para a remo\u00e7\u00e3o pelo Departamento de Pol\u00edcia T\u00e9cnica (DPT). O trabalho dos bombeiros encerrou uma opera\u00e7\u00e3o marcada pelas dificuldades provocadas pelas condi\u00e7\u00f5es do local e pela necessidade de buscas submersas.\" \/>\n<meta property=\"og:url\" content=\"https:\/\/sudoesteacontece.com.br\/?p=28848\" \/>\n<meta property=\"og:site_name\" content=\"Sudoesteacontece\" \/>\n<meta property=\"article:publisher\" content=\"https:\/\/www.facebook.com\/sudoesteacontece\/?locale=pt_BR\" \/>\n<meta property=\"article:published_time\" content=\"2026-08-31T21:12:31+00:00\" \/>\n<meta property=\"article:modified_time\" content=\"2026-08-31T21:12:36+00:00\" \/>\n<meta property=\"og:image\" content=\"https:\/\/sudoesteacontece.com.br\/wp-content\/uploads\/2026\/08\/Bombeiro-relata-resgate-dos-corpos-das-quatro-criancas-que-morreram-em-acude-de-Paramirim.jpg\" \/>\n\t<meta property=\"og:image:width\" content=\"900\" \/>\n\t<meta property=\"og:image:height\" content=\"600\" \/>\n\t<meta property=\"og:image:type\" content=\"image\/jpeg\" \/>\n<meta name=\"author\" content=\"Reda\u00e7\u00e3o\" \/>\n<meta name=\"twitter:card\" content=\"summary_large_image\" \/>\n<meta name=\"twitter:label1\" content=\"Escrito por\" \/>\n\t<meta name=\"twitter:data1\" content=\"Reda\u00e7\u00e3o\" \/>\n\t<meta name=\"twitter:label2\" content=\"Est. tempo de leitura\" \/>\n\t<meta name=\"twitter:data2\" content=\"2 minutos\" \/>\n<script type=\"application\/ld+json\" class=\"yoast-schema-graph\">{\"@context\":\"https:\/\/schema.org\",\"@graph\":[{\"@type\":\"Article\",\"@id\":\"https:\/\/sudoesteacontece.com.br\/?p=28848#article\",\"isPartOf\":{\"@id\":\"https:\/\/sudoesteacontece.com.br\/?p=28848\"},\"author\":{\"name\":\"Reda\u00e7\u00e3o\",\"@id\":\"https:\/\/sudoesteacontece.com.br\/#\/schema\/person\/a4f22429c1d0923ef8f7d43343f8dc38\"},\"headline\":\"Bombeiro relata resgate dos corpos das quatro crian\u00e7as que morreram em a\u00e7ude de Paramirim\",\"datePublished\":\"2026-08-31T21:12:31+00:00\",\"dateModified\":\"2026-08-31T21:12:36+00:00\",\"mainEntityOfPage\":{\"@id\":\"https:\/\/sudoesteacontece.com.br\/?p=28848\"},\"wordCount\":339,\"commentCount\":0,\"publisher\":{\"@id\":\"https:\/\/sudoesteacontece.com.br\/#organization\"},\"image\":{\"@id\":\"https:\/\/sudoesteacontece.com.br\/?p=28848#primaryimage\"},\"thumbnailUrl\":\"http:\/\/sudoesteacontece.com.br\/wp-content\/uploads\/2026\/08\/Bombeiro-relata-resgate-dos-corpos-das-quatro-criancas-que-morreram-em-acude-de-Paramirim.jpg\",\"articleSection\":[\"Cidades\",\"Paramirim\",\"Pol\u00edcia\"],\"inLanguage\":\"pt-BR\",\"potentialAction\":[{\"@type\":\"CommentAction\",\"name\":\"Comment\",\"target\":[\"https:\/\/sudoesteacontece.com.br\/?p=28848#respond\"]}]},{\"@type\":\"WebPage\",\"@id\":\"https:\/\/sudoesteacontece.com.br\/?p=28848\",\"url\":\"https:\/\/sudoesteacontece.com.br\/?p=28848\",\"name\":\"Bombeiro relata resgate dos corpos das quatro crian\u00e7as que morreram em a\u00e7ude de Paramirim - Sudoesteacontece\",\"isPartOf\":{\"@id\":\"https:\/\/sudoesteacontece.com.br\/#website\"},\"primaryImageOfPage\":{\"@id\":\"https:\/\/sudoesteacontece.com.br\/?p=28848#primaryimage\"},\"image\":{\"@id\":\"https:\/\/sudoesteacontece.com.br\/?p=28848#primaryimage\"},\"thumbnailUrl\":\"http:\/\/sudoesteacontece.com.br\/wp-content\/uploads\/2026\/08\/Bombeiro-relata-resgate-dos-corpos-das-quatro-criancas-que-morreram-em-acude-de-Paramirim.jpg\",\"datePublished\":\"2026-08-31T21:12:31+00:00\",\"dateModified\":\"2026-08-31T21:12:36+00:00\",\"breadcrumb\":{\"@id\":\"https:\/\/sudoesteacontece.com.br\/?p=28848#breadcrumb\"},\"inLanguage\":\"pt-BR\",\"potentialAction\":[{\"@type\":\"ReadAction\",\"target\":[\"https:\/\/sudoesteacontece.com.br\/?p=28848\"]}]},{\"@type\":\"ImageObject\",\"inLanguage\":\"pt-BR\",\"@id\":\"https:\/\/sudoesteacontece.com.br\/?p=28848#primaryimage\",\"url\":\"https:\/\/sudoesteacontece.com.br\/wp-content\/uploads\/2026\/08\/Bombeiro-relata-resgate-dos-corpos-das-quatro-criancas-que-morreram-em-acude-de-Paramirim.jpg\",\"contentUrl\":\"https:\/\/sudoesteacontece.com.br\/wp-content\/uploads\/2026\/08\/Bombeiro-relata-resgate-dos-corpos-das-quatro-criancas-que-morreram-em-acude-de-Paramirim.jpg\",\"width\":900,\"height\":600},{\"@type\":\"BreadcrumbList\",\"@id\":\"https:\/\/sudoesteacontece.com.br\/?p=28848#breadcrumb\",\"itemListElement\":[{\"@type\":\"ListItem\",\"position\":1,\"name\":\"In\u00edcio\",\"item\":\"https:\/\/sudoesteacontece.com.br\/\"},{\"@type\":\"ListItem\",\"position\":2,\"name\":\"Bombeiro relata resgate dos corpos das quatro crian\u00e7as que morreram em a\u00e7ude de Paramirim\"}]},{\"@type\":\"WebSite\",\"@id\":\"https:\/\/sudoesteacontece.com.br\/#website\",\"url\":\"https:\/\/sudoesteacontece.com.br\/\",\"name\":\"Sudoesteacontece\",\"description\":\"\",\"publisher\":{\"@id\":\"https:\/\/sudoesteacontece.com.br\/#organization\"},\"potentialAction\":[{\"@type\":\"SearchAction\",\"target\":{\"@type\":\"EntryPoint\",\"urlTemplate\":\"https:\/\/sudoesteacontece.com.br\/?s={search_term_string}\"},\"query-input\":{\"@type\":\"PropertyValueSpecification\",\"valueRequired\":true,\"valueName\":\"search_term_string\"}}],\"inLanguage\":\"pt-BR\"},{\"@type\":\"Organization\",\"@id\":\"https:\/\/sudoesteacontece.com.br\/#organization\",\"name\":\"Sudoesteacontece\",\"url\":\"https:\/\/sudoesteacontece.com.br\/\",\"logo\":{\"@type\":\"ImageObject\",\"inLanguage\":\"pt-BR\",\"@id\":\"https:\/\/sudoesteacontece.com.br\/#\/schema\/logo\/image\/\",\"url\":\"https:\/\/sudoesteacontece.com.br\/wp-content\/uploads\/2025\/12\/cropped-logo-2-180x180-1.png\",\"contentUrl\":\"https:\/\/sudoesteacontece.com.br\/wp-content\/uploads\/2025\/12\/cropped-logo-2-180x180-1.png\",\"width\":180,\"height\":180,\"caption\":\"Sudoesteacontece\"},\"image\":{\"@id\":\"https:\/\/sudoesteacontece.com.br\/#\/schema\/logo\/image\/\"},\"sameAs\":[\"https:\/\/www.facebook.com\/sudoesteacontece\/?locale=pt_BR\"]},{\"@type\":\"Person\",\"@id\":\"https:\/\/sudoesteacontece.com.br\/#\/schema\/person\/a4f22429c1d0923ef8f7d43343f8dc38\",\"name\":\"Reda\u00e7\u00e3o\",\"image\":{\"@type\":\"ImageObject\",\"inLanguage\":\"pt-BR\",\"@id\":\"https:\/\/sudoesteacontece.com.br\/#\/schema\/person\/image\/\",\"url\":\"https:\/\/secure.gravatar.com\/avatar\/c3a5b3c93f268a709c25a2df414c629a96fb3b1b4bf97a94fb3f72e54ae76903?s=96&d=mm&r=g\",\"contentUrl\":\"https:\/\/secure.gravatar.com\/avatar\/c3a5b3c93f268a709c25a2df414c629a96fb3b1b4bf97a94fb3f72e54ae76903?s=96&d=mm&r=g\",\"caption\":\"Reda\u00e7\u00e3o\"},\"url\":\"https:\/\/sudoesteacontece.com.br\/?author=4\"}]}<\/script>\n<!-- \/ Yoast SEO plugin. -->","yoast_head_json":{"title":"Bombeiro relata resgate dos corpos das quatro crian\u00e7as que morreram em a\u00e7ude de Paramirim - Sudoesteacontece","robots":{"index":"index","follow":"follow","max-snippet":"max-snippet:-1","max-image-preview":"max-image-preview:large","max-video-preview":"max-video-preview:-1"},"canonical":"https:\/\/sudoesteacontece.com.br\/?p=28848","og_locale":"pt_BR","og_type":"article","og_title":"Bombeiro relata resgate dos corpos das quatro crian\u00e7as que morreram em a\u00e7ude de Paramirim - Sudoesteacontece","og_description":"Quatro crian\u00e7as morreram afogadas ap\u00f3s uma embarca\u00e7\u00e3o improvisada afundar em um a\u00e7ude na zona rural de Paramirim, no sudoeste da Bahia. As v\u00edtimas eram os irm\u00e3os Jeferson Davi da Silva Oliveira, de 9 anos, Jacson Diego Silva Oliveira, de 6, e Jos\u00e9 Diogo da Silva Oliveira, de 3. O primo Lorenzo Almeida Cardoso, de 8 anos, tamb\u00e9m morreu no acidente ocorrido na comunidade de Salina Branca. Segundo o sargento Marcos Cordeiro, mergulhador do 7\u00ba Batalh\u00e3o de Bombeiros Militar (BBM), as crian\u00e7as n\u00e3o sabiam nadar. Em entrevista nesta segunda-feira (31), ele relatou que o grupo estava em uma estrutura improvisada quando a embarca\u00e7\u00e3o afundou no meio do a\u00e7ude. O militar participou diretamente das buscas e do trabalho de localiza\u00e7\u00e3o das v\u00edtimas. Durante a opera\u00e7\u00e3o, o sargento destacou que a embarca\u00e7\u00e3o utilizada pelas crian\u00e7as apresentava condi\u00e7\u00f5es inadequadas para navega\u00e7\u00e3o. Conforme o relato, a estrutura improvisada se assemelhava a um cocho usado para alimentar animais ou a uma esp\u00e9cie de banheira grande, sem caracter\u00edsticas apropriadas para transportar pessoas. Al\u00e9m disso, Cordeiro ressaltou que as crian\u00e7as deveriam utilizar coletes salva-vidas durante a atividade. De acordo com o mergulhador, o equipamento poderia manter as v\u00edtimas na superf\u00edcie mesmo em caso de tombamento da embarca\u00e7\u00e3o, permitindo que permanecessem vis\u00edveis at\u00e9 a chegada do socorro. Ap\u00f3s horas de buscas e utiliza\u00e7\u00e3o de t\u00e9cnicas de mergulho, os bombeiros localizaram os corpos no a\u00e7ude da comunidade de Salina Branca. A equipe do 7\u00ba BBM, com sede em Vit\u00f3ria da Conquista, retirou gradualmente as v\u00edtimas da \u00e1gua e as encaminhou para a margem. Posteriormente, os corpos foram deixados \u00e0 margem do a\u00e7ude para a remo\u00e7\u00e3o pelo Departamento de Pol\u00edcia T\u00e9cnica (DPT). O trabalho dos bombeiros encerrou uma opera\u00e7\u00e3o marcada pelas dificuldades provocadas pelas condi\u00e7\u00f5es do local e pela necessidade de buscas submersas.","og_url":"https:\/\/sudoesteacontece.com.br\/?p=28848","og_site_name":"Sudoesteacontece","article_publisher":"https:\/\/www.facebook.com\/sudoesteacontece\/?locale=pt_BR","article_published_time":"2026-08-31T21:12:31+00:00","article_modified_time":"2026-08-31T21:12:36+00:00","og_image":[{"width":900,"height":600,"url":"https:\/\/sudoesteacontece.com.br\/wp-content\/uploads\/2026\/08\/Bombeiro-relata-resgate-dos-corpos-das-quatro-criancas-que-morreram-em-acude-de-Paramirim.jpg","type":"image\/jpeg"}],"author":"Reda\u00e7\u00e3o","twitter_card":"summary_large_image","twitter_misc":{"Escrito por":"Reda\u00e7\u00e3o","Est. tempo de leitura":"2 minutos"},"schema":{"@context":"https:\/\/schema.org","@graph":[{"@type":"Article","@id":"https:\/\/sudoesteacontece.com.br\/?p=28848#article","isPartOf":{"@id":"https:\/\/sudoesteacontece.com.br\/?p=28848"},"author":{"name":"Reda\u00e7\u00e3o","@id":"https:\/\/sudoesteacontece.com.br\/#\/schema\/person\/a4f22429c1d0923ef8f7d43343f8dc38"},"headline":"Bombeiro relata resgate dos corpos das quatro crian\u00e7as que morreram em a\u00e7ude de Paramirim","datePublished":"2026-08-31T21:12:31+00:00","dateModified":"2026-08-31T21:12:36+00:00","mainEntityOfPage":{"@id":"https:\/\/sudoesteacontece.com.br\/?p=28848"},"wordCount":339,"commentCount":0,"publisher":{"@id":"https:\/\/sudoesteacontece.com.br\/#organization"},"image":{"@id":"https:\/\/sudoesteacontece.com.br\/?p=28848#primaryimage"},"thumbnailUrl":"http:\/\/sudoesteacontece.com.br\/wp-content\/uploads\/2026\/08\/Bombeiro-relata-resgate-dos-corpos-das-quatro-criancas-que-morreram-em-acude-de-Paramirim.jpg","articleSection":["Cidades","Paramirim","Pol\u00edcia"],"inLanguage":"pt-BR","potentialAction":[{"@type":"CommentAction","name":"Comment","target":["https:\/\/sudoesteacontece.com.br\/?p=28848#respond"]}]},{"@type":"WebPage","@id":"https:\/\/sudoesteacontece.com.br\/?p=28848","url":"https:\/\/sudoesteacontece.com.br\/?p=28848","name":"Bombeiro relata resgate dos corpos das quatro crian\u00e7as que morreram em a\u00e7ude de Paramirim - Sudoesteacontece","isPartOf":{"@id":"https:\/\/sudoesteacontece.com.br\/#website"},"primaryImageOfPage":{"@id":"https:\/\/sudoesteacontece.com.br\/?p=28848#primaryimage"},"image":{"@id":"https:\/\/sudoesteacontece.com.br\/?p=28848#primaryimage"},"thumbnailUrl":"http:\/\/sudoesteacontece.com.br\/wp-content\/uploads\/2026\/08\/Bombeiro-relata-resgate-dos-corpos-das-quatro-criancas-que-morreram-em-acude-de-Paramirim.jpg","datePublished":"2026-08-31T21:12:31+00:00","dateModified":"2026-08-31T21:12:36+00:00","breadcrumb":{"@id":"https:\/\/sudoesteacontece.com.br\/?p=28848#breadcrumb"},"inLanguage":"pt-BR","potentialAction":[{"@type":"ReadAction","target":["https:\/\/sudoesteacontece.com.br\/?p=28848"]}]},{"@type":"ImageObject","inLanguage":"pt-BR","@id":"https:\/\/sudoesteacontece.com.br\/?p=28848#primaryimage","url":"https:\/\/sudoesteacontece.com.br\/wp-content\/uploads\/2026\/08\/Bombeiro-relata-resgate-dos-corpos-das-quatro-criancas-que-morreram-em-acude-de-Paramirim.jpg","contentUrl":"https:\/\/sudoesteacontece.com.br\/wp-content\/uploads\/2026\/08\/Bombeiro-relata-resgate-dos-corpos-das-quatro-criancas-que-morreram-em-acude-de-Paramirim.jpg","width":900,"height":600},{"@type":"BreadcrumbList","@id":"https:\/\/sudoesteacontece.com.br\/?p=28848#breadcrumb","itemListElement":[{"@type":"ListItem","position":1,"name":"In\u00edcio","item":"https:\/\/sudoesteacontece.com.br\/"},{"@type":"ListItem","position":2,"name":"Bombeiro relata resgate dos corpos das quatro crian\u00e7as que morreram em a\u00e7ude de Paramirim"}]},{"@type":"WebSite","@id":"https:\/\/sudoesteacontece.com.br\/#website","url":"https:\/\/sudoesteacontece.com.br\/","name":"Sudoesteacontece","description":"","publisher":{"@id":"https:\/\/sudoesteacontece.com.br\/#organization"},"potentialAction":[{"@type":"SearchAction","target":{"@type":"EntryPoint","urlTemplate":"https:\/\/sudoesteacontece.com.br\/?s={search_term_string}"},"query-input":{"@type":"PropertyValueSpecification","valueRequired":true,"valueName":"search_term_string"}}],"inLanguage":"pt-BR"},{"@type":"Organization","@id":"https:\/\/sudoesteacontece.com.br\/#organization","name":"Sudoesteacontece","url":"https:\/\/sudoesteacontece.com.br\/","logo":{"@type":"ImageObject","inLanguage":"pt-BR","@id":"https:\/\/sudoesteacontece.com.br\/#\/schema\/logo\/image\/","url":"https:\/\/sudoesteacontece.com.br\/wp-content\/uploads\/2025\/12\/cropped-logo-2-180x180-1.png","contentUrl":"https:\/\/sudoesteacontece.com.br\/wp-content\/uploads\/2025\/12\/cropped-logo-2-180x180-1.png","width":180,"height":180,"caption":"Sudoesteacontece"},"image":{"@id":"https:\/\/sudoesteacontece.com.br\/#\/schema\/logo\/image\/"},"sameAs":["https:\/\/www.facebook.com\/sudoesteacontece\/?locale=pt_BR"]},{"@type":"Person","@id":"https:\/\/sudoesteacontece.com.br\/#\/schema\/person\/a4f22429c1d0923ef8f7d43343f8dc38","name":"Reda\u00e7\u00e3o","image":{"@type":"ImageObject","inLanguage":"pt-BR","@id":"https:\/\/sudoesteacontece.com.br\/#\/schema\/person\/image\/","url":"https:\/\/secure.gravatar.com\/avatar\/c3a5b3c93f268a709c25a2df414c629a96fb3b1b4bf97a94fb3f72e54ae76903?s=96&d=mm&r=g","contentUrl":"https:\/\/secure.gravatar.com\/avatar\/c3a5b3c93f268a709c25a2df414c629a96fb3b1b4bf97a94fb3f72e54ae76903?s=96&d=mm&r=g","caption":"Reda\u00e7\u00e3o"},"url":"https:\/\/sudoesteacontece.com.br\/?author=4"}]}},"_links":{"self":[{"href":"https:\/\/sudoesteacontece.com.br\/index.php?rest_route=\/wp\/v2\/posts\/28848","targetHints":{"allow":["GET"]}}],"collection":[{"href":"https:\/\/sudoesteacontece.com.br\/index.php?rest_route=\/wp\/v2\/posts"}],"about":[{"href":"https:\/\/sudoesteacontece.com.br\/index.php?rest_route=\/wp\/v2\/types\/post"}],"author":[{"embeddable":true,"href":"https:\/\/sudoesteacontece.com.br\/index.php?rest_route=\/wp\/v2\/users\/4"}],"replies":[{"embeddable":true,"href":"https:\/\/sudoesteacontece.com.br\/index.php?rest_route=%2Fwp%2Fv2%2Fcomments&post=28848"}],"version-history":[{"count":1,"href":"https:\/\/sudoesteacontece.com.br\/index.php?rest_route=\/wp\/v2\/posts\/28848\/revisions"}],"predecessor-version":[{"id":28861,"href":"https:\/\/sudoesteacontece.com.br\/index.php?rest_route=\/wp\/v2\/posts\/28848\/revisions\/28861"}],"wp:attachment":[{"href":"https:\/\/sudoesteacontece.com.br\/index.php?rest_route=%2Fwp%2Fv2%2Fmedia&parent=28848"}],"wp:term":[{"taxonomy":"category","embeddable":true,"href":"https:\/\/sudoesteacontece.com.br\/index.php?rest_route=%2Fwp%2Fv2%2Fcategories&post=28848"},{"taxonomy":"post_tag","embeddable":true,"href":"https:\/\/sudoesteacontece.com.br\/index.php?rest_route=%2Fwp%2Fv2%2Ftags&post=28848"}],"curies":[{"name":"wp","href":"https:\/\/api.w.org\/{rel}","templated":true}]}}