{"id":28850,"date":"2026-08-31T18:24:06","date_gmt":"2026-08-31T21:24:06","guid":{"rendered":"https:\/\/sudoesteacontece.com.br\/?p=28850"},"modified":"2026-08-31T18:24:11","modified_gmt":"2026-08-31T21:24:11","slug":"ativista-desafia-candidatos-a-tomar-cafe-ao-lado-de-esgoto-em-macaubas","status":"publish","type":"post","link":"https:\/\/sudoesteacontece.com.br\/?p=28850","title":{"rendered":"Ativista desafia candidatos a tomar caf\u00e9 ao lado de esgoto em Maca\u00fabas"},"content":{"rendered":"\n<figure class=\"wp-block-image size-full\"><img fetchpriority=\"high\" decoding=\"async\" width=\"900\" height=\"600\" src=\"http:\/\/sudoesteacontece.com.br\/wp-content\/uploads\/2026\/08\/Ativista-desafia-candidatos-a-tomar-cafe-ao-lado-de-esgoto-em-Macaubas.jpg\" alt=\"\" class=\"wp-image-28885\" srcset=\"https:\/\/sudoesteacontece.com.br\/wp-content\/uploads\/2026\/08\/Ativista-desafia-candidatos-a-tomar-cafe-ao-lado-de-esgoto-em-Macaubas.jpg 900w, https:\/\/sudoesteacontece.com.br\/wp-content\/uploads\/2026\/08\/Ativista-desafia-candidatos-a-tomar-cafe-ao-lado-de-esgoto-em-Macaubas-300x200.jpg 300w, https:\/\/sudoesteacontece.com.br\/wp-content\/uploads\/2026\/08\/Ativista-desafia-candidatos-a-tomar-cafe-ao-lado-de-esgoto-em-Macaubas-768x512.jpg 768w\" sizes=\"(max-width: 900px) 100vw, 900px\" \/><\/figure>\n\n\n\n<p class=\"wp-block-paragraph\">O ativista Joe Kallif voltou a cobrar solu\u00e7\u00f5es para os problemas de saneamento b\u00e1sico em Maca\u00fabas, no sudoeste da Bahia. Em um v\u00eddeo gravado \u00e0s margens do rio Coit\u00e9, pr\u00f3ximo \u00e0 pr\u00f3pria resid\u00eancia, ele denunciou a presen\u00e7a de esgoto a c\u00e9u aberto e convocou candidatos das elei\u00e7\u00f5es de 2026 a conhecerem a situa\u00e7\u00e3o. Kallif tamb\u00e9m pediu acompanhamento da popula\u00e7\u00e3o sobre os prazos previstos para a implanta\u00e7\u00e3o do sistema de esgotamento sanit\u00e1rio.<\/p>\n\n\n\n<p class=\"wp-block-paragraph\">Segundo o ativista, o rio Coit\u00e9 passou por uma transforma\u00e7\u00e3o ao longo dos anos. Ele afirmou que o local, onde anteriormente havia \u00e1gua considerada cristalina, atualmente recebe esgoto. Na grava\u00e7\u00e3o, Kallif declarou que a situa\u00e7\u00e3o n\u00e3o se restringe ao trecho pr\u00f3ximo \u00e0 sua casa e afirmou que o lan\u00e7amento de res\u00edduos a c\u00e9u aberto ocorre em diferentes pontos de Maca\u00fabas.<\/p>\n\n\n\n<p class=\"wp-block-paragraph\">Durante o pronunciamento, Kallif criticou o uso do saneamento b\u00e1sico apenas como tema de campanha eleitoral. Para ele, os candidatos precisam apresentar compromissos concretos e a comunidade deve acompanhar o cumprimento dos prazos estabelecidos para o sistema de esgotamento sanit\u00e1rio. O ativista afirmou que o projeto tem previs\u00e3o contratual para ficar pronto at\u00e9 janeiro de 2027.<\/p>\n\n\n\n<p class=\"wp-block-paragraph\">Al\u00e9m disso, Joe Kallif responsabilizou gestores p\u00fablicos pela falta de solu\u00e7\u00f5es para problemas ambientais acumulados no munic\u00edpio. Ele citou tamb\u00e9m a situa\u00e7\u00e3o do lix\u00e3o e afirmou que a fuma\u00e7a gerada no local representa outro problema enfrentado pelos moradores. Na avalia\u00e7\u00e3o apresentada no v\u00eddeo, a demora em enfrentar essas quest\u00f5es afeta diretamente a popula\u00e7\u00e3o e a qualidade ambiental da cidade.<\/p>\n\n\n\n<p class=\"wp-block-paragraph\">Por fim, o ativista fez um convite aos candidatos e \u00e0s pessoas que criticam suas cobran\u00e7as para visitarem o trecho afetado pelo esgoto. Em tom ir\u00f4nico, prop\u00f4s que os pol\u00edticos tomassem um caf\u00e9 da tarde em sua casa, diante das condi\u00e7\u00f5es registradas no local. A iniciativa, segundo ele, busca chamar aten\u00e7\u00e3o para o problema e estimular a comunidade a cobrar medidas efetivas.<\/p>\n","protected":false},"excerpt":{"rendered":"<p>O ativista Joe Kallif voltou a cobrar solu\u00e7\u00f5es para os problemas de saneamento b\u00e1sico em Maca\u00fabas, no sudoeste da Bahia. Em um v\u00eddeo gravado \u00e0s margens do rio Coit\u00e9, pr\u00f3ximo \u00e0 pr\u00f3pria resid\u00eancia, ele denunciou a presen\u00e7a de esgoto a c\u00e9u aberto e convocou candidatos das elei\u00e7\u00f5es de 2026 a conhecerem a situa\u00e7\u00e3o. Kallif tamb\u00e9m pediu acompanhamento da popula\u00e7\u00e3o sobre os prazos previstos para a implanta\u00e7\u00e3o do sistema de esgotamento sanit\u00e1rio. Segundo o ativista, o rio Coit\u00e9 passou por uma transforma\u00e7\u00e3o ao longo dos anos. Ele afirmou que o local, onde anteriormente havia \u00e1gua considerada cristalina, atualmente recebe esgoto. Na grava\u00e7\u00e3o, Kallif declarou que a situa\u00e7\u00e3o n\u00e3o se restringe ao trecho pr\u00f3ximo \u00e0 sua casa e afirmou que o lan\u00e7amento de res\u00edduos a c\u00e9u aberto ocorre em diferentes pontos de Maca\u00fabas. Durante o pronunciamento, Kallif criticou o uso do saneamento b\u00e1sico apenas como tema de campanha eleitoral. Para ele, os candidatos precisam apresentar compromissos concretos e a comunidade deve acompanhar o cumprimento dos prazos estabelecidos para o sistema de esgotamento sanit\u00e1rio. O ativista afirmou que o projeto tem previs\u00e3o contratual para ficar pronto at\u00e9 janeiro de 2027. Al\u00e9m disso, Joe Kallif responsabilizou gestores p\u00fablicos pela falta de solu\u00e7\u00f5es para problemas ambientais acumulados no munic\u00edpio. Ele citou tamb\u00e9m a situa\u00e7\u00e3o do lix\u00e3o e afirmou que a fuma\u00e7a gerada no local representa outro problema enfrentado pelos moradores. Na avalia\u00e7\u00e3o apresentada no v\u00eddeo, a demora em enfrentar essas quest\u00f5es afeta diretamente a popula\u00e7\u00e3o e a qualidade ambiental da cidade. Por fim, o ativista fez um convite aos candidatos e \u00e0s pessoas que criticam suas cobran\u00e7as para visitarem o trecho afetado pelo esgoto. Em tom ir\u00f4nico, prop\u00f4s que os pol\u00edticos tomassem um caf\u00e9 da tarde em sua casa, diante das condi\u00e7\u00f5es registradas no local. A iniciativa, segundo ele, busca chamar aten\u00e7\u00e3o para o problema e estimular a comunidade a cobrar medidas efetivas.<\/p>\n","protected":false},"author":4,"featured_media":0,"comment_status":"open","ping_status":"open","sticky":false,"template":"","format":"standard","meta":{"footnotes":""},"categories":[4,58,46,6],"tags":[],"class_list":["post-28850","post","type-post","status-publish","format-standard","hentry","category-cidades","category-eleicoes-2026","category-macaubas","category-politica"],"yoast_head":"<!-- This site is optimized with the Yoast SEO plugin v26.5 - https:\/\/yoast.com\/wordpress\/plugins\/seo\/ -->\n<title>Ativista desafia candidatos a tomar caf\u00e9 ao lado de esgoto em Maca\u00fabas - Sudoesteacontece<\/title>\n<meta name=\"robots\" content=\"index, follow, max-snippet:-1, max-image-preview:large, max-video-preview:-1\" \/>\n<link rel=\"canonical\" href=\"https:\/\/sudoesteacontece.com.br\/?p=28850\" \/>\n<meta property=\"og:locale\" content=\"pt_BR\" \/>\n<meta property=\"og:type\" content=\"article\" \/>\n<meta property=\"og:title\" content=\"Ativista desafia candidatos a tomar caf\u00e9 ao lado de esgoto em Maca\u00fabas - Sudoesteacontece\" \/>\n<meta property=\"og:description\" content=\"O ativista Joe Kallif voltou a cobrar solu\u00e7\u00f5es para os problemas de saneamento b\u00e1sico em Maca\u00fabas, no sudoeste da Bahia. Em um v\u00eddeo gravado \u00e0s margens do rio Coit\u00e9, pr\u00f3ximo \u00e0 pr\u00f3pria resid\u00eancia, ele denunciou a presen\u00e7a de esgoto a c\u00e9u aberto e convocou candidatos das elei\u00e7\u00f5es de 2026 a conhecerem a situa\u00e7\u00e3o. Kallif tamb\u00e9m pediu acompanhamento da popula\u00e7\u00e3o sobre os prazos previstos para a implanta\u00e7\u00e3o do sistema de esgotamento sanit\u00e1rio. Segundo o ativista, o rio Coit\u00e9 passou por uma transforma\u00e7\u00e3o ao longo dos anos. Ele afirmou que o local, onde anteriormente havia \u00e1gua considerada cristalina, atualmente recebe esgoto. Na grava\u00e7\u00e3o, Kallif declarou que a situa\u00e7\u00e3o n\u00e3o se restringe ao trecho pr\u00f3ximo \u00e0 sua casa e afirmou que o lan\u00e7amento de res\u00edduos a c\u00e9u aberto ocorre em diferentes pontos de Maca\u00fabas. Durante o pronunciamento, Kallif criticou o uso do saneamento b\u00e1sico apenas como tema de campanha eleitoral. Para ele, os candidatos precisam apresentar compromissos concretos e a comunidade deve acompanhar o cumprimento dos prazos estabelecidos para o sistema de esgotamento sanit\u00e1rio. O ativista afirmou que o projeto tem previs\u00e3o contratual para ficar pronto at\u00e9 janeiro de 2027. Al\u00e9m disso, Joe Kallif responsabilizou gestores p\u00fablicos pela falta de solu\u00e7\u00f5es para problemas ambientais acumulados no munic\u00edpio. Ele citou tamb\u00e9m a situa\u00e7\u00e3o do lix\u00e3o e afirmou que a fuma\u00e7a gerada no local representa outro problema enfrentado pelos moradores. Na avalia\u00e7\u00e3o apresentada no v\u00eddeo, a demora em enfrentar essas quest\u00f5es afeta diretamente a popula\u00e7\u00e3o e a qualidade ambiental da cidade. Por fim, o ativista fez um convite aos candidatos e \u00e0s pessoas que criticam suas cobran\u00e7as para visitarem o trecho afetado pelo esgoto. Em tom ir\u00f4nico, prop\u00f4s que os pol\u00edticos tomassem um caf\u00e9 da tarde em sua casa, diante das condi\u00e7\u00f5es registradas no local. A iniciativa, segundo ele, busca chamar aten\u00e7\u00e3o para o problema e estimular a comunidade a cobrar medidas efetivas.\" \/>\n<meta property=\"og:url\" content=\"https:\/\/sudoesteacontece.com.br\/?p=28850\" \/>\n<meta property=\"og:site_name\" content=\"Sudoesteacontece\" \/>\n<meta property=\"article:publisher\" content=\"https:\/\/www.facebook.com\/sudoesteacontece\/?locale=pt_BR\" \/>\n<meta property=\"article:published_time\" content=\"2026-08-31T21:24:06+00:00\" \/>\n<meta property=\"article:modified_time\" content=\"2026-08-31T21:24:11+00:00\" \/>\n<meta property=\"og:image\" content=\"https:\/\/sudoesteacontece.com.br\/wp-content\/uploads\/2026\/08\/Ativista-desafia-candidatos-a-tomar-cafe-ao-lado-de-esgoto-em-Macaubas.jpg\" \/>\n\t<meta property=\"og:image:width\" content=\"900\" \/>\n\t<meta property=\"og:image:height\" content=\"600\" \/>\n\t<meta property=\"og:image:type\" content=\"image\/jpeg\" \/>\n<meta name=\"author\" content=\"Reda\u00e7\u00e3o\" \/>\n<meta name=\"twitter:card\" content=\"summary_large_image\" \/>\n<meta name=\"twitter:label1\" content=\"Escrito por\" \/>\n\t<meta name=\"twitter:data1\" content=\"Reda\u00e7\u00e3o\" \/>\n\t<meta name=\"twitter:label2\" content=\"Est. tempo de leitura\" \/>\n\t<meta name=\"twitter:data2\" content=\"2 minutos\" \/>\n<script type=\"application\/ld+json\" class=\"yoast-schema-graph\">{\"@context\":\"https:\/\/schema.org\",\"@graph\":[{\"@type\":\"Article\",\"@id\":\"https:\/\/sudoesteacontece.com.br\/?p=28850#article\",\"isPartOf\":{\"@id\":\"https:\/\/sudoesteacontece.com.br\/?p=28850\"},\"author\":{\"name\":\"Reda\u00e7\u00e3o\",\"@id\":\"https:\/\/sudoesteacontece.com.br\/#\/schema\/person\/a4f22429c1d0923ef8f7d43343f8dc38\"},\"headline\":\"Ativista desafia candidatos a tomar caf\u00e9 ao lado de esgoto em Maca\u00fabas\",\"datePublished\":\"2026-08-31T21:24:06+00:00\",\"dateModified\":\"2026-08-31T21:24:11+00:00\",\"mainEntityOfPage\":{\"@id\":\"https:\/\/sudoesteacontece.com.br\/?p=28850\"},\"wordCount\":362,\"commentCount\":0,\"publisher\":{\"@id\":\"https:\/\/sudoesteacontece.com.br\/#organization\"},\"image\":{\"@id\":\"https:\/\/sudoesteacontece.com.br\/?p=28850#primaryimage\"},\"thumbnailUrl\":\"http:\/\/sudoesteacontece.com.br\/wp-content\/uploads\/2026\/08\/Ativista-desafia-candidatos-a-tomar-cafe-ao-lado-de-esgoto-em-Macaubas.jpg\",\"articleSection\":[\"Cidades\",\"Elei\u00e7\u00f5es 2026\",\"Maca\u00fabas\",\"Pol\u00edtica\"],\"inLanguage\":\"pt-BR\",\"potentialAction\":[{\"@type\":\"CommentAction\",\"name\":\"Comment\",\"target\":[\"https:\/\/sudoesteacontece.com.br\/?p=28850#respond\"]}]},{\"@type\":\"WebPage\",\"@id\":\"https:\/\/sudoesteacontece.com.br\/?p=28850\",\"url\":\"https:\/\/sudoesteacontece.com.br\/?p=28850\",\"name\":\"Ativista desafia candidatos a tomar caf\u00e9 ao lado de esgoto em Maca\u00fabas - Sudoesteacontece\",\"isPartOf\":{\"@id\":\"https:\/\/sudoesteacontece.com.br\/#website\"},\"primaryImageOfPage\":{\"@id\":\"https:\/\/sudoesteacontece.com.br\/?p=28850#primaryimage\"},\"image\":{\"@id\":\"https:\/\/sudoesteacontece.com.br\/?p=28850#primaryimage\"},\"thumbnailUrl\":\"http:\/\/sudoesteacontece.com.br\/wp-content\/uploads\/2026\/08\/Ativista-desafia-candidatos-a-tomar-cafe-ao-lado-de-esgoto-em-Macaubas.jpg\",\"datePublished\":\"2026-08-31T21:24:06+00:00\",\"dateModified\":\"2026-08-31T21:24:11+00:00\",\"breadcrumb\":{\"@id\":\"https:\/\/sudoesteacontece.com.br\/?p=28850#breadcrumb\"},\"inLanguage\":\"pt-BR\",\"potentialAction\":[{\"@type\":\"ReadAction\",\"target\":[\"https:\/\/sudoesteacontece.com.br\/?p=28850\"]}]},{\"@type\":\"ImageObject\",\"inLanguage\":\"pt-BR\",\"@id\":\"https:\/\/sudoesteacontece.com.br\/?p=28850#primaryimage\",\"url\":\"https:\/\/sudoesteacontece.com.br\/wp-content\/uploads\/2026\/08\/Ativista-desafia-candidatos-a-tomar-cafe-ao-lado-de-esgoto-em-Macaubas.jpg\",\"contentUrl\":\"https:\/\/sudoesteacontece.com.br\/wp-content\/uploads\/2026\/08\/Ativista-desafia-candidatos-a-tomar-cafe-ao-lado-de-esgoto-em-Macaubas.jpg\",\"width\":900,\"height\":600},{\"@type\":\"BreadcrumbList\",\"@id\":\"https:\/\/sudoesteacontece.com.br\/?p=28850#breadcrumb\",\"itemListElement\":[{\"@type\":\"ListItem\",\"position\":1,\"name\":\"In\u00edcio\",\"item\":\"https:\/\/sudoesteacontece.com.br\/\"},{\"@type\":\"ListItem\",\"position\":2,\"name\":\"Ativista desafia candidatos a tomar caf\u00e9 ao lado de esgoto em Maca\u00fabas\"}]},{\"@type\":\"WebSite\",\"@id\":\"https:\/\/sudoesteacontece.com.br\/#website\",\"url\":\"https:\/\/sudoesteacontece.com.br\/\",\"name\":\"Sudoesteacontece\",\"description\":\"\",\"publisher\":{\"@id\":\"https:\/\/sudoesteacontece.com.br\/#organization\"},\"potentialAction\":[{\"@type\":\"SearchAction\",\"target\":{\"@type\":\"EntryPoint\",\"urlTemplate\":\"https:\/\/sudoesteacontece.com.br\/?s={search_term_string}\"},\"query-input\":{\"@type\":\"PropertyValueSpecification\",\"valueRequired\":true,\"valueName\":\"search_term_string\"}}],\"inLanguage\":\"pt-BR\"},{\"@type\":\"Organization\",\"@id\":\"https:\/\/sudoesteacontece.com.br\/#organization\",\"name\":\"Sudoesteacontece\",\"url\":\"https:\/\/sudoesteacontece.com.br\/\",\"logo\":{\"@type\":\"ImageObject\",\"inLanguage\":\"pt-BR\",\"@id\":\"https:\/\/sudoesteacontece.com.br\/#\/schema\/logo\/image\/\",\"url\":\"https:\/\/sudoesteacontece.com.br\/wp-content\/uploads\/2025\/12\/cropped-logo-2-180x180-1.png\",\"contentUrl\":\"https:\/\/sudoesteacontece.com.br\/wp-content\/uploads\/2025\/12\/cropped-logo-2-180x180-1.png\",\"width\":180,\"height\":180,\"caption\":\"Sudoesteacontece\"},\"image\":{\"@id\":\"https:\/\/sudoesteacontece.com.br\/#\/schema\/logo\/image\/\"},\"sameAs\":[\"https:\/\/www.facebook.com\/sudoesteacontece\/?locale=pt_BR\"]},{\"@type\":\"Person\",\"@id\":\"https:\/\/sudoesteacontece.com.br\/#\/schema\/person\/a4f22429c1d0923ef8f7d43343f8dc38\",\"name\":\"Reda\u00e7\u00e3o\",\"image\":{\"@type\":\"ImageObject\",\"inLanguage\":\"pt-BR\",\"@id\":\"https:\/\/sudoesteacontece.com.br\/#\/schema\/person\/image\/\",\"url\":\"https:\/\/secure.gravatar.com\/avatar\/c3a5b3c93f268a709c25a2df414c629a96fb3b1b4bf97a94fb3f72e54ae76903?s=96&d=mm&r=g\",\"contentUrl\":\"https:\/\/secure.gravatar.com\/avatar\/c3a5b3c93f268a709c25a2df414c629a96fb3b1b4bf97a94fb3f72e54ae76903?s=96&d=mm&r=g\",\"caption\":\"Reda\u00e7\u00e3o\"},\"url\":\"https:\/\/sudoesteacontece.com.br\/?author=4\"}]}<\/script>\n<!-- \/ Yoast SEO plugin. -->","yoast_head_json":{"title":"Ativista desafia candidatos a tomar caf\u00e9 ao lado de esgoto em Maca\u00fabas - Sudoesteacontece","robots":{"index":"index","follow":"follow","max-snippet":"max-snippet:-1","max-image-preview":"max-image-preview:large","max-video-preview":"max-video-preview:-1"},"canonical":"https:\/\/sudoesteacontece.com.br\/?p=28850","og_locale":"pt_BR","og_type":"article","og_title":"Ativista desafia candidatos a tomar caf\u00e9 ao lado de esgoto em Maca\u00fabas - Sudoesteacontece","og_description":"O ativista Joe Kallif voltou a cobrar solu\u00e7\u00f5es para os problemas de saneamento b\u00e1sico em Maca\u00fabas, no sudoeste da Bahia. Em um v\u00eddeo gravado \u00e0s margens do rio Coit\u00e9, pr\u00f3ximo \u00e0 pr\u00f3pria resid\u00eancia, ele denunciou a presen\u00e7a de esgoto a c\u00e9u aberto e convocou candidatos das elei\u00e7\u00f5es de 2026 a conhecerem a situa\u00e7\u00e3o. Kallif tamb\u00e9m pediu acompanhamento da popula\u00e7\u00e3o sobre os prazos previstos para a implanta\u00e7\u00e3o do sistema de esgotamento sanit\u00e1rio. Segundo o ativista, o rio Coit\u00e9 passou por uma transforma\u00e7\u00e3o ao longo dos anos. Ele afirmou que o local, onde anteriormente havia \u00e1gua considerada cristalina, atualmente recebe esgoto. Na grava\u00e7\u00e3o, Kallif declarou que a situa\u00e7\u00e3o n\u00e3o se restringe ao trecho pr\u00f3ximo \u00e0 sua casa e afirmou que o lan\u00e7amento de res\u00edduos a c\u00e9u aberto ocorre em diferentes pontos de Maca\u00fabas. Durante o pronunciamento, Kallif criticou o uso do saneamento b\u00e1sico apenas como tema de campanha eleitoral. Para ele, os candidatos precisam apresentar compromissos concretos e a comunidade deve acompanhar o cumprimento dos prazos estabelecidos para o sistema de esgotamento sanit\u00e1rio. O ativista afirmou que o projeto tem previs\u00e3o contratual para ficar pronto at\u00e9 janeiro de 2027. Al\u00e9m disso, Joe Kallif responsabilizou gestores p\u00fablicos pela falta de solu\u00e7\u00f5es para problemas ambientais acumulados no munic\u00edpio. Ele citou tamb\u00e9m a situa\u00e7\u00e3o do lix\u00e3o e afirmou que a fuma\u00e7a gerada no local representa outro problema enfrentado pelos moradores. Na avalia\u00e7\u00e3o apresentada no v\u00eddeo, a demora em enfrentar essas quest\u00f5es afeta diretamente a popula\u00e7\u00e3o e a qualidade ambiental da cidade. Por fim, o ativista fez um convite aos candidatos e \u00e0s pessoas que criticam suas cobran\u00e7as para visitarem o trecho afetado pelo esgoto. Em tom ir\u00f4nico, prop\u00f4s que os pol\u00edticos tomassem um caf\u00e9 da tarde em sua casa, diante das condi\u00e7\u00f5es registradas no local. A iniciativa, segundo ele, busca chamar aten\u00e7\u00e3o para o problema e estimular a comunidade a cobrar medidas efetivas.","og_url":"https:\/\/sudoesteacontece.com.br\/?p=28850","og_site_name":"Sudoesteacontece","article_publisher":"https:\/\/www.facebook.com\/sudoesteacontece\/?locale=pt_BR","article_published_time":"2026-08-31T21:24:06+00:00","article_modified_time":"2026-08-31T21:24:11+00:00","og_image":[{"width":900,"height":600,"url":"https:\/\/sudoesteacontece.com.br\/wp-content\/uploads\/2026\/08\/Ativista-desafia-candidatos-a-tomar-cafe-ao-lado-de-esgoto-em-Macaubas.jpg","type":"image\/jpeg"}],"author":"Reda\u00e7\u00e3o","twitter_card":"summary_large_image","twitter_misc":{"Escrito por":"Reda\u00e7\u00e3o","Est. tempo de leitura":"2 minutos"},"schema":{"@context":"https:\/\/schema.org","@graph":[{"@type":"Article","@id":"https:\/\/sudoesteacontece.com.br\/?p=28850#article","isPartOf":{"@id":"https:\/\/sudoesteacontece.com.br\/?p=28850"},"author":{"name":"Reda\u00e7\u00e3o","@id":"https:\/\/sudoesteacontece.com.br\/#\/schema\/person\/a4f22429c1d0923ef8f7d43343f8dc38"},"headline":"Ativista desafia candidatos a tomar caf\u00e9 ao lado de esgoto em Maca\u00fabas","datePublished":"2026-08-31T21:24:06+00:00","dateModified":"2026-08-31T21:24:11+00:00","mainEntityOfPage":{"@id":"https:\/\/sudoesteacontece.com.br\/?p=28850"},"wordCount":362,"commentCount":0,"publisher":{"@id":"https:\/\/sudoesteacontece.com.br\/#organization"},"image":{"@id":"https:\/\/sudoesteacontece.com.br\/?p=28850#primaryimage"},"thumbnailUrl":"http:\/\/sudoesteacontece.com.br\/wp-content\/uploads\/2026\/08\/Ativista-desafia-candidatos-a-tomar-cafe-ao-lado-de-esgoto-em-Macaubas.jpg","articleSection":["Cidades","Elei\u00e7\u00f5es 2026","Maca\u00fabas","Pol\u00edtica"],"inLanguage":"pt-BR","potentialAction":[{"@type":"CommentAction","name":"Comment","target":["https:\/\/sudoesteacontece.com.br\/?p=28850#respond"]}]},{"@type":"WebPage","@id":"https:\/\/sudoesteacontece.com.br\/?p=28850","url":"https:\/\/sudoesteacontece.com.br\/?p=28850","name":"Ativista desafia candidatos a tomar caf\u00e9 ao lado de esgoto em Maca\u00fabas - Sudoesteacontece","isPartOf":{"@id":"https:\/\/sudoesteacontece.com.br\/#website"},"primaryImageOfPage":{"@id":"https:\/\/sudoesteacontece.com.br\/?p=28850#primaryimage"},"image":{"@id":"https:\/\/sudoesteacontece.com.br\/?p=28850#primaryimage"},"thumbnailUrl":"http:\/\/sudoesteacontece.com.br\/wp-content\/uploads\/2026\/08\/Ativista-desafia-candidatos-a-tomar-cafe-ao-lado-de-esgoto-em-Macaubas.jpg","datePublished":"2026-08-31T21:24:06+00:00","dateModified":"2026-08-31T21:24:11+00:00","breadcrumb":{"@id":"https:\/\/sudoesteacontece.com.br\/?p=28850#breadcrumb"},"inLanguage":"pt-BR","potentialAction":[{"@type":"ReadAction","target":["https:\/\/sudoesteacontece.com.br\/?p=28850"]}]},{"@type":"ImageObject","inLanguage":"pt-BR","@id":"https:\/\/sudoesteacontece.com.br\/?p=28850#primaryimage","url":"https:\/\/sudoesteacontece.com.br\/wp-content\/uploads\/2026\/08\/Ativista-desafia-candidatos-a-tomar-cafe-ao-lado-de-esgoto-em-Macaubas.jpg","contentUrl":"https:\/\/sudoesteacontece.com.br\/wp-content\/uploads\/2026\/08\/Ativista-desafia-candidatos-a-tomar-cafe-ao-lado-de-esgoto-em-Macaubas.jpg","width":900,"height":600},{"@type":"BreadcrumbList","@id":"https:\/\/sudoesteacontece.com.br\/?p=28850#breadcrumb","itemListElement":[{"@type":"ListItem","position":1,"name":"In\u00edcio","item":"https:\/\/sudoesteacontece.com.br\/"},{"@type":"ListItem","position":2,"name":"Ativista desafia candidatos a tomar caf\u00e9 ao lado de esgoto em Maca\u00fabas"}]},{"@type":"WebSite","@id":"https:\/\/sudoesteacontece.com.br\/#website","url":"https:\/\/sudoesteacontece.com.br\/","name":"Sudoesteacontece","description":"","publisher":{"@id":"https:\/\/sudoesteacontece.com.br\/#organization"},"potentialAction":[{"@type":"SearchAction","target":{"@type":"EntryPoint","urlTemplate":"https:\/\/sudoesteacontece.com.br\/?s={search_term_string}"},"query-input":{"@type":"PropertyValueSpecification","valueRequired":true,"valueName":"search_term_string"}}],"inLanguage":"pt-BR"},{"@type":"Organization","@id":"https:\/\/sudoesteacontece.com.br\/#organization","name":"Sudoesteacontece","url":"https:\/\/sudoesteacontece.com.br\/","logo":{"@type":"ImageObject","inLanguage":"pt-BR","@id":"https:\/\/sudoesteacontece.com.br\/#\/schema\/logo\/image\/","url":"https:\/\/sudoesteacontece.com.br\/wp-content\/uploads\/2025\/12\/cropped-logo-2-180x180-1.png","contentUrl":"https:\/\/sudoesteacontece.com.br\/wp-content\/uploads\/2025\/12\/cropped-logo-2-180x180-1.png","width":180,"height":180,"caption":"Sudoesteacontece"},"image":{"@id":"https:\/\/sudoesteacontece.com.br\/#\/schema\/logo\/image\/"},"sameAs":["https:\/\/www.facebook.com\/sudoesteacontece\/?locale=pt_BR"]},{"@type":"Person","@id":"https:\/\/sudoesteacontece.com.br\/#\/schema\/person\/a4f22429c1d0923ef8f7d43343f8dc38","name":"Reda\u00e7\u00e3o","image":{"@type":"ImageObject","inLanguage":"pt-BR","@id":"https:\/\/sudoesteacontece.com.br\/#\/schema\/person\/image\/","url":"https:\/\/secure.gravatar.com\/avatar\/c3a5b3c93f268a709c25a2df414c629a96fb3b1b4bf97a94fb3f72e54ae76903?s=96&d=mm&r=g","contentUrl":"https:\/\/secure.gravatar.com\/avatar\/c3a5b3c93f268a709c25a2df414c629a96fb3b1b4bf97a94fb3f72e54ae76903?s=96&d=mm&r=g","caption":"Reda\u00e7\u00e3o"},"url":"https:\/\/sudoesteacontece.com.br\/?author=4"}]}},"_links":{"self":[{"href":"https:\/\/sudoesteacontece.com.br\/index.php?rest_route=\/wp\/v2\/posts\/28850","targetHints":{"allow":["GET"]}}],"collection":[{"href":"https:\/\/sudoesteacontece.com.br\/index.php?rest_route=\/wp\/v2\/posts"}],"about":[{"href":"https:\/\/sudoesteacontece.com.br\/index.php?rest_route=\/wp\/v2\/types\/post"}],"author":[{"embeddable":true,"href":"https:\/\/sudoesteacontece.com.br\/index.php?rest_route=\/wp\/v2\/users\/4"}],"replies":[{"embeddable":true,"href":"https:\/\/sudoesteacontece.com.br\/index.php?rest_route=%2Fwp%2Fv2%2Fcomments&post=28850"}],"version-history":[{"count":1,"href":"https:\/\/sudoesteacontece.com.br\/index.php?rest_route=\/wp\/v2\/posts\/28850\/revisions"}],"predecessor-version":[{"id":28886,"href":"https:\/\/sudoesteacontece.com.br\/index.php?rest_route=\/wp\/v2\/posts\/28850\/revisions\/28886"}],"wp:attachment":[{"href":"https:\/\/sudoesteacontece.com.br\/index.php?rest_route=%2Fwp%2Fv2%2Fmedia&parent=28850"}],"wp:term":[{"taxonomy":"category","embeddable":true,"href":"https:\/\/sudoesteacontece.com.br\/index.php?rest_route=%2Fwp%2Fv2%2Fcategories&post=28850"},{"taxonomy":"post_tag","embeddable":true,"href":"https:\/\/sudoesteacontece.com.br\/index.php?rest_route=%2Fwp%2Fv2%2Ftags&post=28850"}],"curies":[{"name":"wp","href":"https:\/\/api.w.org\/{rel}","templated":true}]}}