{"id":28851,"date":"2026-08-31T18:24:34","date_gmt":"2026-08-31T21:24:34","guid":{"rendered":"https:\/\/sudoesteacontece.com.br\/?p=28851"},"modified":"2026-08-31T18:24:39","modified_gmt":"2026-08-31T21:24:39","slug":"brumado-ganha-nova-recepcao-e-brinquedoteca-na-policlinica-manoel-fernandes","status":"publish","type":"post","link":"https:\/\/sudoesteacontece.com.br\/?p=28851","title":{"rendered":"Brumado ganha nova recep\u00e7\u00e3o e brinquedoteca na Policl\u00ednica Manoel Fernandes"},"content":{"rendered":"\n<figure class=\"wp-block-image size-full\"><img fetchpriority=\"high\" decoding=\"async\" width=\"900\" height=\"600\" src=\"http:\/\/sudoesteacontece.com.br\/wp-content\/uploads\/2026\/08\/Brumado-ganha-nova-recepcao-e-brinquedoteca-na-Policlinica-Manoel-Fernandes.jpg\" alt=\"\" class=\"wp-image-28887\" srcset=\"https:\/\/sudoesteacontece.com.br\/wp-content\/uploads\/2026\/08\/Brumado-ganha-nova-recepcao-e-brinquedoteca-na-Policlinica-Manoel-Fernandes.jpg 900w, https:\/\/sudoesteacontece.com.br\/wp-content\/uploads\/2026\/08\/Brumado-ganha-nova-recepcao-e-brinquedoteca-na-Policlinica-Manoel-Fernandes-300x200.jpg 300w, https:\/\/sudoesteacontece.com.br\/wp-content\/uploads\/2026\/08\/Brumado-ganha-nova-recepcao-e-brinquedoteca-na-Policlinica-Manoel-Fernandes-768x512.jpg 768w\" sizes=\"(max-width: 900px) 100vw, 900px\" \/><\/figure>\n\n\n\n<p class=\"wp-block-paragraph\">O prefeito de Brumado, Fabr\u00edcio Abrantes, inaugurou no s\u00e1bado (29) a nova recep\u00e7\u00e3o e a brinquedoteca da Policl\u00ednica Municipal Manoel Fernandes. A interven\u00e7\u00e3o renovou a \u00e1rea de entrada da unidade e criou um espa\u00e7o espec\u00edfico para crian\u00e7as que acompanham familiares ou aguardam atendimento. Segundo a administra\u00e7\u00e3o municipal, a medida busca ampliar o conforto e o acolhimento de pacientes e acompanhantes durante a perman\u00eancia no servi\u00e7o de sa\u00fade.<\/p>\n\n\n\n<p class=\"wp-block-paragraph\">Durante a solenidade, participaram o vice-prefeito Dr. Marlucinho, o presidente da C\u00e2mara de Vereadores, Rubens Ara\u00fajo, a primeira-dama Abiara Dias, al\u00e9m de representantes do governo municipal e moradores. A entrega integra as a\u00e7\u00f5es de melhoria da estrutura da policl\u00ednica e modifica o ambiente destinado \u00e0 recep\u00e7\u00e3o dos usu\u00e1rios da unidade.<\/p>\n\n\n\n<p class=\"wp-block-paragraph\">Com a reforma, a entrada da Policl\u00ednica Manoel Fernandes passou a contar com uma estrutura renovada para receber pacientes. O espa\u00e7o foi planejado para oferecer condi\u00e7\u00f5es mais confort\u00e1veis desde a chegada \u00e0 unidade, buscando tornar o atendimento mais organizado e acolhedor para quem utiliza os servi\u00e7os municipais de sa\u00fade.<\/p>\n\n\n\n<p class=\"wp-block-paragraph\">Outra novidade \u00e9 a brinquedoteca, criada para atender crian\u00e7as que acompanham familiares ou aguardam consultas e procedimentos. O ambiente oferece um espa\u00e7o pr\u00f3prio para o p\u00fablico infantil e pretende tornar a perman\u00eancia das fam\u00edlias na unidade mais tranquila, especialmente durante per\u00edodos de espera pelo atendimento.<\/p>\n\n\n\n<p class=\"wp-block-paragraph\">Segundo Fabr\u00edcio Abrantes, os investimentos tamb\u00e9m devem considerar os ambientes onde os usu\u00e1rios s\u00e3o recebidos pela rede municipal. O prefeito afirmou que a nova estrutura foi planejada para ampliar o conforto e a dignidade das fam\u00edlias, al\u00e9m de contribuir para a humaniza\u00e7\u00e3o do atendimento oferecido na unidade de sa\u00fade.<\/p>\n","protected":false},"excerpt":{"rendered":"<p>O prefeito de Brumado, Fabr\u00edcio Abrantes, inaugurou no s\u00e1bado (29) a nova recep\u00e7\u00e3o e a brinquedoteca da Policl\u00ednica Municipal Manoel Fernandes. A interven\u00e7\u00e3o renovou a \u00e1rea de entrada da unidade e criou um espa\u00e7o espec\u00edfico para crian\u00e7as que acompanham familiares ou aguardam atendimento. Segundo a administra\u00e7\u00e3o municipal, a medida busca ampliar o conforto e o acolhimento de pacientes e acompanhantes durante a perman\u00eancia no servi\u00e7o de sa\u00fade. Durante a solenidade, participaram o vice-prefeito Dr. Marlucinho, o presidente da C\u00e2mara de Vereadores, Rubens Ara\u00fajo, a primeira-dama Abiara Dias, al\u00e9m de representantes do governo municipal e moradores. A entrega integra as a\u00e7\u00f5es de melhoria da estrutura da policl\u00ednica e modifica o ambiente destinado \u00e0 recep\u00e7\u00e3o dos usu\u00e1rios da unidade. Com a reforma, a entrada da Policl\u00ednica Manoel Fernandes passou a contar com uma estrutura renovada para receber pacientes. O espa\u00e7o foi planejado para oferecer condi\u00e7\u00f5es mais confort\u00e1veis desde a chegada \u00e0 unidade, buscando tornar o atendimento mais organizado e acolhedor para quem utiliza os servi\u00e7os municipais de sa\u00fade. Outra novidade \u00e9 a brinquedoteca, criada para atender crian\u00e7as que acompanham familiares ou aguardam consultas e procedimentos. O ambiente oferece um espa\u00e7o pr\u00f3prio para o p\u00fablico infantil e pretende tornar a perman\u00eancia das fam\u00edlias na unidade mais tranquila, especialmente durante per\u00edodos de espera pelo atendimento. Segundo Fabr\u00edcio Abrantes, os investimentos tamb\u00e9m devem considerar os ambientes onde os usu\u00e1rios s\u00e3o recebidos pela rede municipal. O prefeito afirmou que a nova estrutura foi planejada para ampliar o conforto e a dignidade das fam\u00edlias, al\u00e9m de contribuir para a humaniza\u00e7\u00e3o do atendimento oferecido na unidade de sa\u00fade.<\/p>\n","protected":false},"author":4,"featured_media":0,"comment_status":"open","ping_status":"open","sticky":false,"template":"","format":"standard","meta":{"footnotes":""},"categories":[10,4,6,45],"tags":[],"class_list":["post-28851","post","type-post","status-publish","format-standard","hentry","category-brumado","category-cidades","category-politica","category-saude"],"yoast_head":"<!-- This site is optimized with the Yoast SEO plugin v26.5 - https:\/\/yoast.com\/wordpress\/plugins\/seo\/ -->\n<title>Brumado ganha nova recep\u00e7\u00e3o e brinquedoteca na Policl\u00ednica Manoel Fernandes - Sudoesteacontece<\/title>\n<meta name=\"robots\" content=\"index, follow, max-snippet:-1, max-image-preview:large, max-video-preview:-1\" \/>\n<link rel=\"canonical\" href=\"https:\/\/sudoesteacontece.com.br\/?p=28851\" \/>\n<meta property=\"og:locale\" content=\"pt_BR\" \/>\n<meta property=\"og:type\" content=\"article\" \/>\n<meta property=\"og:title\" content=\"Brumado ganha nova recep\u00e7\u00e3o e brinquedoteca na Policl\u00ednica Manoel Fernandes - Sudoesteacontece\" \/>\n<meta property=\"og:description\" content=\"O prefeito de Brumado, Fabr\u00edcio Abrantes, inaugurou no s\u00e1bado (29) a nova recep\u00e7\u00e3o e a brinquedoteca da Policl\u00ednica Municipal Manoel Fernandes. A interven\u00e7\u00e3o renovou a \u00e1rea de entrada da unidade e criou um espa\u00e7o espec\u00edfico para crian\u00e7as que acompanham familiares ou aguardam atendimento. Segundo a administra\u00e7\u00e3o municipal, a medida busca ampliar o conforto e o acolhimento de pacientes e acompanhantes durante a perman\u00eancia no servi\u00e7o de sa\u00fade. Durante a solenidade, participaram o vice-prefeito Dr. Marlucinho, o presidente da C\u00e2mara de Vereadores, Rubens Ara\u00fajo, a primeira-dama Abiara Dias, al\u00e9m de representantes do governo municipal e moradores. A entrega integra as a\u00e7\u00f5es de melhoria da estrutura da policl\u00ednica e modifica o ambiente destinado \u00e0 recep\u00e7\u00e3o dos usu\u00e1rios da unidade. Com a reforma, a entrada da Policl\u00ednica Manoel Fernandes passou a contar com uma estrutura renovada para receber pacientes. O espa\u00e7o foi planejado para oferecer condi\u00e7\u00f5es mais confort\u00e1veis desde a chegada \u00e0 unidade, buscando tornar o atendimento mais organizado e acolhedor para quem utiliza os servi\u00e7os municipais de sa\u00fade. Outra novidade \u00e9 a brinquedoteca, criada para atender crian\u00e7as que acompanham familiares ou aguardam consultas e procedimentos. O ambiente oferece um espa\u00e7o pr\u00f3prio para o p\u00fablico infantil e pretende tornar a perman\u00eancia das fam\u00edlias na unidade mais tranquila, especialmente durante per\u00edodos de espera pelo atendimento. Segundo Fabr\u00edcio Abrantes, os investimentos tamb\u00e9m devem considerar os ambientes onde os usu\u00e1rios s\u00e3o recebidos pela rede municipal. O prefeito afirmou que a nova estrutura foi planejada para ampliar o conforto e a dignidade das fam\u00edlias, al\u00e9m de contribuir para a humaniza\u00e7\u00e3o do atendimento oferecido na unidade de sa\u00fade.\" \/>\n<meta property=\"og:url\" content=\"https:\/\/sudoesteacontece.com.br\/?p=28851\" \/>\n<meta property=\"og:site_name\" content=\"Sudoesteacontece\" \/>\n<meta property=\"article:publisher\" content=\"https:\/\/www.facebook.com\/sudoesteacontece\/?locale=pt_BR\" \/>\n<meta property=\"article:published_time\" content=\"2026-08-31T21:24:34+00:00\" \/>\n<meta property=\"article:modified_time\" content=\"2026-08-31T21:24:39+00:00\" \/>\n<meta property=\"og:image\" content=\"https:\/\/sudoesteacontece.com.br\/wp-content\/uploads\/2026\/08\/Brumado-ganha-nova-recepcao-e-brinquedoteca-na-Policlinica-Manoel-Fernandes.jpg\" \/>\n\t<meta property=\"og:image:width\" content=\"900\" \/>\n\t<meta property=\"og:image:height\" content=\"600\" \/>\n\t<meta property=\"og:image:type\" content=\"image\/jpeg\" \/>\n<meta name=\"author\" content=\"Reda\u00e7\u00e3o\" \/>\n<meta name=\"twitter:card\" content=\"summary_large_image\" \/>\n<meta name=\"twitter:label1\" content=\"Escrito por\" \/>\n\t<meta name=\"twitter:data1\" content=\"Reda\u00e7\u00e3o\" \/>\n\t<meta name=\"twitter:label2\" content=\"Est. tempo de leitura\" \/>\n\t<meta name=\"twitter:data2\" content=\"2 minutos\" \/>\n<script type=\"application\/ld+json\" class=\"yoast-schema-graph\">{\"@context\":\"https:\/\/schema.org\",\"@graph\":[{\"@type\":\"Article\",\"@id\":\"https:\/\/sudoesteacontece.com.br\/?p=28851#article\",\"isPartOf\":{\"@id\":\"https:\/\/sudoesteacontece.com.br\/?p=28851\"},\"author\":{\"name\":\"Reda\u00e7\u00e3o\",\"@id\":\"https:\/\/sudoesteacontece.com.br\/#\/schema\/person\/a4f22429c1d0923ef8f7d43343f8dc38\"},\"headline\":\"Brumado ganha nova recep\u00e7\u00e3o e brinquedoteca na Policl\u00ednica Manoel Fernandes\",\"datePublished\":\"2026-08-31T21:24:34+00:00\",\"dateModified\":\"2026-08-31T21:24:39+00:00\",\"mainEntityOfPage\":{\"@id\":\"https:\/\/sudoesteacontece.com.br\/?p=28851\"},\"wordCount\":308,\"commentCount\":0,\"publisher\":{\"@id\":\"https:\/\/sudoesteacontece.com.br\/#organization\"},\"image\":{\"@id\":\"https:\/\/sudoesteacontece.com.br\/?p=28851#primaryimage\"},\"thumbnailUrl\":\"http:\/\/sudoesteacontece.com.br\/wp-content\/uploads\/2026\/08\/Brumado-ganha-nova-recepcao-e-brinquedoteca-na-Policlinica-Manoel-Fernandes.jpg\",\"articleSection\":[\"Brumado\",\"Cidades\",\"Pol\u00edtica\",\"Sa\u00fade\"],\"inLanguage\":\"pt-BR\",\"potentialAction\":[{\"@type\":\"CommentAction\",\"name\":\"Comment\",\"target\":[\"https:\/\/sudoesteacontece.com.br\/?p=28851#respond\"]}]},{\"@type\":\"WebPage\",\"@id\":\"https:\/\/sudoesteacontece.com.br\/?p=28851\",\"url\":\"https:\/\/sudoesteacontece.com.br\/?p=28851\",\"name\":\"Brumado ganha nova recep\u00e7\u00e3o e brinquedoteca na Policl\u00ednica Manoel Fernandes - Sudoesteacontece\",\"isPartOf\":{\"@id\":\"https:\/\/sudoesteacontece.com.br\/#website\"},\"primaryImageOfPage\":{\"@id\":\"https:\/\/sudoesteacontece.com.br\/?p=28851#primaryimage\"},\"image\":{\"@id\":\"https:\/\/sudoesteacontece.com.br\/?p=28851#primaryimage\"},\"thumbnailUrl\":\"http:\/\/sudoesteacontece.com.br\/wp-content\/uploads\/2026\/08\/Brumado-ganha-nova-recepcao-e-brinquedoteca-na-Policlinica-Manoel-Fernandes.jpg\",\"datePublished\":\"2026-08-31T21:24:34+00:00\",\"dateModified\":\"2026-08-31T21:24:39+00:00\",\"breadcrumb\":{\"@id\":\"https:\/\/sudoesteacontece.com.br\/?p=28851#breadcrumb\"},\"inLanguage\":\"pt-BR\",\"potentialAction\":[{\"@type\":\"ReadAction\",\"target\":[\"https:\/\/sudoesteacontece.com.br\/?p=28851\"]}]},{\"@type\":\"ImageObject\",\"inLanguage\":\"pt-BR\",\"@id\":\"https:\/\/sudoesteacontece.com.br\/?p=28851#primaryimage\",\"url\":\"https:\/\/sudoesteacontece.com.br\/wp-content\/uploads\/2026\/08\/Brumado-ganha-nova-recepcao-e-brinquedoteca-na-Policlinica-Manoel-Fernandes.jpg\",\"contentUrl\":\"https:\/\/sudoesteacontece.com.br\/wp-content\/uploads\/2026\/08\/Brumado-ganha-nova-recepcao-e-brinquedoteca-na-Policlinica-Manoel-Fernandes.jpg\",\"width\":900,\"height\":600},{\"@type\":\"BreadcrumbList\",\"@id\":\"https:\/\/sudoesteacontece.com.br\/?p=28851#breadcrumb\",\"itemListElement\":[{\"@type\":\"ListItem\",\"position\":1,\"name\":\"In\u00edcio\",\"item\":\"https:\/\/sudoesteacontece.com.br\/\"},{\"@type\":\"ListItem\",\"position\":2,\"name\":\"Brumado ganha nova recep\u00e7\u00e3o e brinquedoteca na Policl\u00ednica Manoel Fernandes\"}]},{\"@type\":\"WebSite\",\"@id\":\"https:\/\/sudoesteacontece.com.br\/#website\",\"url\":\"https:\/\/sudoesteacontece.com.br\/\",\"name\":\"Sudoesteacontece\",\"description\":\"\",\"publisher\":{\"@id\":\"https:\/\/sudoesteacontece.com.br\/#organization\"},\"potentialAction\":[{\"@type\":\"SearchAction\",\"target\":{\"@type\":\"EntryPoint\",\"urlTemplate\":\"https:\/\/sudoesteacontece.com.br\/?s={search_term_string}\"},\"query-input\":{\"@type\":\"PropertyValueSpecification\",\"valueRequired\":true,\"valueName\":\"search_term_string\"}}],\"inLanguage\":\"pt-BR\"},{\"@type\":\"Organization\",\"@id\":\"https:\/\/sudoesteacontece.com.br\/#organization\",\"name\":\"Sudoesteacontece\",\"url\":\"https:\/\/sudoesteacontece.com.br\/\",\"logo\":{\"@type\":\"ImageObject\",\"inLanguage\":\"pt-BR\",\"@id\":\"https:\/\/sudoesteacontece.com.br\/#\/schema\/logo\/image\/\",\"url\":\"https:\/\/sudoesteacontece.com.br\/wp-content\/uploads\/2025\/12\/cropped-logo-2-180x180-1.png\",\"contentUrl\":\"https:\/\/sudoesteacontece.com.br\/wp-content\/uploads\/2025\/12\/cropped-logo-2-180x180-1.png\",\"width\":180,\"height\":180,\"caption\":\"Sudoesteacontece\"},\"image\":{\"@id\":\"https:\/\/sudoesteacontece.com.br\/#\/schema\/logo\/image\/\"},\"sameAs\":[\"https:\/\/www.facebook.com\/sudoesteacontece\/?locale=pt_BR\"]},{\"@type\":\"Person\",\"@id\":\"https:\/\/sudoesteacontece.com.br\/#\/schema\/person\/a4f22429c1d0923ef8f7d43343f8dc38\",\"name\":\"Reda\u00e7\u00e3o\",\"image\":{\"@type\":\"ImageObject\",\"inLanguage\":\"pt-BR\",\"@id\":\"https:\/\/sudoesteacontece.com.br\/#\/schema\/person\/image\/\",\"url\":\"https:\/\/secure.gravatar.com\/avatar\/c3a5b3c93f268a709c25a2df414c629a96fb3b1b4bf97a94fb3f72e54ae76903?s=96&d=mm&r=g\",\"contentUrl\":\"https:\/\/secure.gravatar.com\/avatar\/c3a5b3c93f268a709c25a2df414c629a96fb3b1b4bf97a94fb3f72e54ae76903?s=96&d=mm&r=g\",\"caption\":\"Reda\u00e7\u00e3o\"},\"url\":\"https:\/\/sudoesteacontece.com.br\/?author=4\"}]}<\/script>\n<!-- \/ Yoast SEO plugin. -->","yoast_head_json":{"title":"Brumado ganha nova recep\u00e7\u00e3o e brinquedoteca na Policl\u00ednica Manoel Fernandes - Sudoesteacontece","robots":{"index":"index","follow":"follow","max-snippet":"max-snippet:-1","max-image-preview":"max-image-preview:large","max-video-preview":"max-video-preview:-1"},"canonical":"https:\/\/sudoesteacontece.com.br\/?p=28851","og_locale":"pt_BR","og_type":"article","og_title":"Brumado ganha nova recep\u00e7\u00e3o e brinquedoteca na Policl\u00ednica Manoel Fernandes - Sudoesteacontece","og_description":"O prefeito de Brumado, Fabr\u00edcio Abrantes, inaugurou no s\u00e1bado (29) a nova recep\u00e7\u00e3o e a brinquedoteca da Policl\u00ednica Municipal Manoel Fernandes. A interven\u00e7\u00e3o renovou a \u00e1rea de entrada da unidade e criou um espa\u00e7o espec\u00edfico para crian\u00e7as que acompanham familiares ou aguardam atendimento. Segundo a administra\u00e7\u00e3o municipal, a medida busca ampliar o conforto e o acolhimento de pacientes e acompanhantes durante a perman\u00eancia no servi\u00e7o de sa\u00fade. Durante a solenidade, participaram o vice-prefeito Dr. Marlucinho, o presidente da C\u00e2mara de Vereadores, Rubens Ara\u00fajo, a primeira-dama Abiara Dias, al\u00e9m de representantes do governo municipal e moradores. A entrega integra as a\u00e7\u00f5es de melhoria da estrutura da policl\u00ednica e modifica o ambiente destinado \u00e0 recep\u00e7\u00e3o dos usu\u00e1rios da unidade. Com a reforma, a entrada da Policl\u00ednica Manoel Fernandes passou a contar com uma estrutura renovada para receber pacientes. O espa\u00e7o foi planejado para oferecer condi\u00e7\u00f5es mais confort\u00e1veis desde a chegada \u00e0 unidade, buscando tornar o atendimento mais organizado e acolhedor para quem utiliza os servi\u00e7os municipais de sa\u00fade. Outra novidade \u00e9 a brinquedoteca, criada para atender crian\u00e7as que acompanham familiares ou aguardam consultas e procedimentos. O ambiente oferece um espa\u00e7o pr\u00f3prio para o p\u00fablico infantil e pretende tornar a perman\u00eancia das fam\u00edlias na unidade mais tranquila, especialmente durante per\u00edodos de espera pelo atendimento. Segundo Fabr\u00edcio Abrantes, os investimentos tamb\u00e9m devem considerar os ambientes onde os usu\u00e1rios s\u00e3o recebidos pela rede municipal. O prefeito afirmou que a nova estrutura foi planejada para ampliar o conforto e a dignidade das fam\u00edlias, al\u00e9m de contribuir para a humaniza\u00e7\u00e3o do atendimento oferecido na unidade de sa\u00fade.","og_url":"https:\/\/sudoesteacontece.com.br\/?p=28851","og_site_name":"Sudoesteacontece","article_publisher":"https:\/\/www.facebook.com\/sudoesteacontece\/?locale=pt_BR","article_published_time":"2026-08-31T21:24:34+00:00","article_modified_time":"2026-08-31T21:24:39+00:00","og_image":[{"width":900,"height":600,"url":"https:\/\/sudoesteacontece.com.br\/wp-content\/uploads\/2026\/08\/Brumado-ganha-nova-recepcao-e-brinquedoteca-na-Policlinica-Manoel-Fernandes.jpg","type":"image\/jpeg"}],"author":"Reda\u00e7\u00e3o","twitter_card":"summary_large_image","twitter_misc":{"Escrito por":"Reda\u00e7\u00e3o","Est. tempo de leitura":"2 minutos"},"schema":{"@context":"https:\/\/schema.org","@graph":[{"@type":"Article","@id":"https:\/\/sudoesteacontece.com.br\/?p=28851#article","isPartOf":{"@id":"https:\/\/sudoesteacontece.com.br\/?p=28851"},"author":{"name":"Reda\u00e7\u00e3o","@id":"https:\/\/sudoesteacontece.com.br\/#\/schema\/person\/a4f22429c1d0923ef8f7d43343f8dc38"},"headline":"Brumado ganha nova recep\u00e7\u00e3o e brinquedoteca na Policl\u00ednica Manoel Fernandes","datePublished":"2026-08-31T21:24:34+00:00","dateModified":"2026-08-31T21:24:39+00:00","mainEntityOfPage":{"@id":"https:\/\/sudoesteacontece.com.br\/?p=28851"},"wordCount":308,"commentCount":0,"publisher":{"@id":"https:\/\/sudoesteacontece.com.br\/#organization"},"image":{"@id":"https:\/\/sudoesteacontece.com.br\/?p=28851#primaryimage"},"thumbnailUrl":"http:\/\/sudoesteacontece.com.br\/wp-content\/uploads\/2026\/08\/Brumado-ganha-nova-recepcao-e-brinquedoteca-na-Policlinica-Manoel-Fernandes.jpg","articleSection":["Brumado","Cidades","Pol\u00edtica","Sa\u00fade"],"inLanguage":"pt-BR","potentialAction":[{"@type":"CommentAction","name":"Comment","target":["https:\/\/sudoesteacontece.com.br\/?p=28851#respond"]}]},{"@type":"WebPage","@id":"https:\/\/sudoesteacontece.com.br\/?p=28851","url":"https:\/\/sudoesteacontece.com.br\/?p=28851","name":"Brumado ganha nova recep\u00e7\u00e3o e brinquedoteca na Policl\u00ednica Manoel Fernandes - Sudoesteacontece","isPartOf":{"@id":"https:\/\/sudoesteacontece.com.br\/#website"},"primaryImageOfPage":{"@id":"https:\/\/sudoesteacontece.com.br\/?p=28851#primaryimage"},"image":{"@id":"https:\/\/sudoesteacontece.com.br\/?p=28851#primaryimage"},"thumbnailUrl":"http:\/\/sudoesteacontece.com.br\/wp-content\/uploads\/2026\/08\/Brumado-ganha-nova-recepcao-e-brinquedoteca-na-Policlinica-Manoel-Fernandes.jpg","datePublished":"2026-08-31T21:24:34+00:00","dateModified":"2026-08-31T21:24:39+00:00","breadcrumb":{"@id":"https:\/\/sudoesteacontece.com.br\/?p=28851#breadcrumb"},"inLanguage":"pt-BR","potentialAction":[{"@type":"ReadAction","target":["https:\/\/sudoesteacontece.com.br\/?p=28851"]}]},{"@type":"ImageObject","inLanguage":"pt-BR","@id":"https:\/\/sudoesteacontece.com.br\/?p=28851#primaryimage","url":"https:\/\/sudoesteacontece.com.br\/wp-content\/uploads\/2026\/08\/Brumado-ganha-nova-recepcao-e-brinquedoteca-na-Policlinica-Manoel-Fernandes.jpg","contentUrl":"https:\/\/sudoesteacontece.com.br\/wp-content\/uploads\/2026\/08\/Brumado-ganha-nova-recepcao-e-brinquedoteca-na-Policlinica-Manoel-Fernandes.jpg","width":900,"height":600},{"@type":"BreadcrumbList","@id":"https:\/\/sudoesteacontece.com.br\/?p=28851#breadcrumb","itemListElement":[{"@type":"ListItem","position":1,"name":"In\u00edcio","item":"https:\/\/sudoesteacontece.com.br\/"},{"@type":"ListItem","position":2,"name":"Brumado ganha nova recep\u00e7\u00e3o e brinquedoteca na Policl\u00ednica Manoel Fernandes"}]},{"@type":"WebSite","@id":"https:\/\/sudoesteacontece.com.br\/#website","url":"https:\/\/sudoesteacontece.com.br\/","name":"Sudoesteacontece","description":"","publisher":{"@id":"https:\/\/sudoesteacontece.com.br\/#organization"},"potentialAction":[{"@type":"SearchAction","target":{"@type":"EntryPoint","urlTemplate":"https:\/\/sudoesteacontece.com.br\/?s={search_term_string}"},"query-input":{"@type":"PropertyValueSpecification","valueRequired":true,"valueName":"search_term_string"}}],"inLanguage":"pt-BR"},{"@type":"Organization","@id":"https:\/\/sudoesteacontece.com.br\/#organization","name":"Sudoesteacontece","url":"https:\/\/sudoesteacontece.com.br\/","logo":{"@type":"ImageObject","inLanguage":"pt-BR","@id":"https:\/\/sudoesteacontece.com.br\/#\/schema\/logo\/image\/","url":"https:\/\/sudoesteacontece.com.br\/wp-content\/uploads\/2025\/12\/cropped-logo-2-180x180-1.png","contentUrl":"https:\/\/sudoesteacontece.com.br\/wp-content\/uploads\/2025\/12\/cropped-logo-2-180x180-1.png","width":180,"height":180,"caption":"Sudoesteacontece"},"image":{"@id":"https:\/\/sudoesteacontece.com.br\/#\/schema\/logo\/image\/"},"sameAs":["https:\/\/www.facebook.com\/sudoesteacontece\/?locale=pt_BR"]},{"@type":"Person","@id":"https:\/\/sudoesteacontece.com.br\/#\/schema\/person\/a4f22429c1d0923ef8f7d43343f8dc38","name":"Reda\u00e7\u00e3o","image":{"@type":"ImageObject","inLanguage":"pt-BR","@id":"https:\/\/sudoesteacontece.com.br\/#\/schema\/person\/image\/","url":"https:\/\/secure.gravatar.com\/avatar\/c3a5b3c93f268a709c25a2df414c629a96fb3b1b4bf97a94fb3f72e54ae76903?s=96&d=mm&r=g","contentUrl":"https:\/\/secure.gravatar.com\/avatar\/c3a5b3c93f268a709c25a2df414c629a96fb3b1b4bf97a94fb3f72e54ae76903?s=96&d=mm&r=g","caption":"Reda\u00e7\u00e3o"},"url":"https:\/\/sudoesteacontece.com.br\/?author=4"}]}},"_links":{"self":[{"href":"https:\/\/sudoesteacontece.com.br\/index.php?rest_route=\/wp\/v2\/posts\/28851","targetHints":{"allow":["GET"]}}],"collection":[{"href":"https:\/\/sudoesteacontece.com.br\/index.php?rest_route=\/wp\/v2\/posts"}],"about":[{"href":"https:\/\/sudoesteacontece.com.br\/index.php?rest_route=\/wp\/v2\/types\/post"}],"author":[{"embeddable":true,"href":"https:\/\/sudoesteacontece.com.br\/index.php?rest_route=\/wp\/v2\/users\/4"}],"replies":[{"embeddable":true,"href":"https:\/\/sudoesteacontece.com.br\/index.php?rest_route=%2Fwp%2Fv2%2Fcomments&post=28851"}],"version-history":[{"count":1,"href":"https:\/\/sudoesteacontece.com.br\/index.php?rest_route=\/wp\/v2\/posts\/28851\/revisions"}],"predecessor-version":[{"id":28888,"href":"https:\/\/sudoesteacontece.com.br\/index.php?rest_route=\/wp\/v2\/posts\/28851\/revisions\/28888"}],"wp:attachment":[{"href":"https:\/\/sudoesteacontece.com.br\/index.php?rest_route=%2Fwp%2Fv2%2Fmedia&parent=28851"}],"wp:term":[{"taxonomy":"category","embeddable":true,"href":"https:\/\/sudoesteacontece.com.br\/index.php?rest_route=%2Fwp%2Fv2%2Fcategories&post=28851"},{"taxonomy":"post_tag","embeddable":true,"href":"https:\/\/sudoesteacontece.com.br\/index.php?rest_route=%2Fwp%2Fv2%2Ftags&post=28851"}],"curies":[{"name":"wp","href":"https:\/\/api.w.org\/{rel}","templated":true}]}}