{"id":28853,"date":"2026-08-31T18:25:43","date_gmt":"2026-08-31T21:25:43","guid":{"rendered":"https:\/\/sudoesteacontece.com.br\/?p=28853"},"modified":"2026-08-31T18:25:48","modified_gmt":"2026-08-31T21:25:48","slug":"estudantes-de-brumado-discutem-el-nino-e-riscos-das-mudancas-climaticas","status":"publish","type":"post","link":"https:\/\/sudoesteacontece.com.br\/?p=28853","title":{"rendered":"Estudantes de Brumado discutem El Ni\u00f1o e riscos das mudan\u00e7as clim\u00e1ticas"},"content":{"rendered":"\n<figure class=\"wp-block-image size-full\"><img fetchpriority=\"high\" decoding=\"async\" width=\"900\" height=\"600\" src=\"http:\/\/sudoesteacontece.com.br\/wp-content\/uploads\/2026\/08\/Estudantes-de-Brumado-discutem-El-Nino-e-riscos-das-mudancas-climaticas.jpg\" alt=\"\" class=\"wp-image-28890\" srcset=\"https:\/\/sudoesteacontece.com.br\/wp-content\/uploads\/2026\/08\/Estudantes-de-Brumado-discutem-El-Nino-e-riscos-das-mudancas-climaticas.jpg 900w, https:\/\/sudoesteacontece.com.br\/wp-content\/uploads\/2026\/08\/Estudantes-de-Brumado-discutem-El-Nino-e-riscos-das-mudancas-climaticas-300x200.jpg 300w, https:\/\/sudoesteacontece.com.br\/wp-content\/uploads\/2026\/08\/Estudantes-de-Brumado-discutem-El-Nino-e-riscos-das-mudancas-climaticas-768x512.jpg 768w\" sizes=\"(max-width: 900px) 100vw, 900px\" \/><\/figure>\n\n\n\n<p class=\"wp-block-paragraph\">Estudantes da rede municipal de Brumado participaram, na sexta-feira (28), de uma atividade de Educa\u00e7\u00e3o Ambiental sobre eventos extremos associados ao fen\u00f4meno El Ni\u00f1o. A programa\u00e7\u00e3o tamb\u00e9m abordou mudan\u00e7as clim\u00e1ticas, aquecimento global e desertifica\u00e7\u00e3o, com foco na prepara\u00e7\u00e3o e adapta\u00e7\u00e3o diante de poss\u00edveis impactos ambientais. A iniciativa reuniu alunos vinculados ao N\u00facleo de Cidadania dos Adolescentes (NUCA).<\/p>\n\n\n\n<p class=\"wp-block-paragraph\">Promovido pela Secretaria Municipal de Agricultura, Recursos H\u00eddricos e Meio Ambiente (SEMAR), o encontro ocorreu por meio da Divis\u00e3o de Educa\u00e7\u00e3o Ambiental. A atividade foi realizada ap\u00f3s um convite da Secretaria Municipal de Educa\u00e7\u00e3o (SEMED) e teve como objetivo ampliar o conhecimento dos estudantes sobre fen\u00f4menos clim\u00e1ticos e suas poss\u00edveis consequ\u00eancias para o Semi\u00e1rido brasileiro.<\/p>\n\n\n\n<p class=\"wp-block-paragraph\">Durante a programa\u00e7\u00e3o, o coordenador da Divis\u00e3o de Educa\u00e7\u00e3o Ambiental, Jorge Val\u00e9rio Rocha Gomes, conduziu uma exposi\u00e7\u00e3o com o tema \u201cEventos Extremos do El Ni\u00f1o: Preven\u00e7\u00e3o e Adapta\u00e7\u00e3o\u201d. A apresenta\u00e7\u00e3o tratou das caracter\u00edsticas do fen\u00f4meno e das medidas que podem contribuir para preparar a popula\u00e7\u00e3o diante de altera\u00e7\u00f5es nas condi\u00e7\u00f5es clim\u00e1ticas.<\/p>\n\n\n\n<p class=\"wp-block-paragraph\">Na sequ\u00eancia, os estudantes foram divididos em grupos para discutir os poss\u00edveis impactos relacionados ao El Ni\u00f1o. Os participantes tamb\u00e9m elaboraram e apresentaram propostas de a\u00e7\u00f5es voltadas \u00e0 preven\u00e7\u00e3o e \u00e0 adapta\u00e7\u00e3o, considerando os desafios que podem surgir diante de eventos clim\u00e1ticos extremos.<\/p>\n\n\n\n<p class=\"wp-block-paragraph\">Al\u00e9m disso, a atividade abordou a rela\u00e7\u00e3o entre o El Ni\u00f1o e o aquecimento global. Os estudantes tamb\u00e9m discutiram as caracter\u00edsticas f\u00edsicas do Semi\u00e1rido brasileiro e o processo de desertifica\u00e7\u00e3o, ampliando o debate sobre fatores ambientais que afetam diretamente a regi\u00e3o onde vivem.<\/p>\n\n\n\n<p class=\"wp-block-paragraph\">Por fim, a iniciativa buscou aproximar os estudantes de temas relacionados \u00e0 preserva\u00e7\u00e3o ambiental e \u00e0 compreens\u00e3o das mudan\u00e7as no clima. A programa\u00e7\u00e3o combinou exposi\u00e7\u00e3o e atividades coletivas para estimular a participa\u00e7\u00e3o dos alunos na discuss\u00e3o sobre preven\u00e7\u00e3o e adapta\u00e7\u00e3o aos desafios ambientais.<\/p>\n","protected":false},"excerpt":{"rendered":"<p>Estudantes da rede municipal de Brumado participaram, na sexta-feira (28), de uma atividade de Educa\u00e7\u00e3o Ambiental sobre eventos extremos associados ao fen\u00f4meno El Ni\u00f1o. A programa\u00e7\u00e3o tamb\u00e9m abordou mudan\u00e7as clim\u00e1ticas, aquecimento global e desertifica\u00e7\u00e3o, com foco na prepara\u00e7\u00e3o e adapta\u00e7\u00e3o diante de poss\u00edveis impactos ambientais. A iniciativa reuniu alunos vinculados ao N\u00facleo de Cidadania dos Adolescentes (NUCA). Promovido pela Secretaria Municipal de Agricultura, Recursos H\u00eddricos e Meio Ambiente (SEMAR), o encontro ocorreu por meio da Divis\u00e3o de Educa\u00e7\u00e3o Ambiental. A atividade foi realizada ap\u00f3s um convite da Secretaria Municipal de Educa\u00e7\u00e3o (SEMED) e teve como objetivo ampliar o conhecimento dos estudantes sobre fen\u00f4menos clim\u00e1ticos e suas poss\u00edveis consequ\u00eancias para o Semi\u00e1rido brasileiro. Durante a programa\u00e7\u00e3o, o coordenador da Divis\u00e3o de Educa\u00e7\u00e3o Ambiental, Jorge Val\u00e9rio Rocha Gomes, conduziu uma exposi\u00e7\u00e3o com o tema \u201cEventos Extremos do El Ni\u00f1o: Preven\u00e7\u00e3o e Adapta\u00e7\u00e3o\u201d. A apresenta\u00e7\u00e3o tratou das caracter\u00edsticas do fen\u00f4meno e das medidas que podem contribuir para preparar a popula\u00e7\u00e3o diante de altera\u00e7\u00f5es nas condi\u00e7\u00f5es clim\u00e1ticas. Na sequ\u00eancia, os estudantes foram divididos em grupos para discutir os poss\u00edveis impactos relacionados ao El Ni\u00f1o. Os participantes tamb\u00e9m elaboraram e apresentaram propostas de a\u00e7\u00f5es voltadas \u00e0 preven\u00e7\u00e3o e \u00e0 adapta\u00e7\u00e3o, considerando os desafios que podem surgir diante de eventos clim\u00e1ticos extremos. Al\u00e9m disso, a atividade abordou a rela\u00e7\u00e3o entre o El Ni\u00f1o e o aquecimento global. Os estudantes tamb\u00e9m discutiram as caracter\u00edsticas f\u00edsicas do Semi\u00e1rido brasileiro e o processo de desertifica\u00e7\u00e3o, ampliando o debate sobre fatores ambientais que afetam diretamente a regi\u00e3o onde vivem. Por fim, a iniciativa buscou aproximar os estudantes de temas relacionados \u00e0 preserva\u00e7\u00e3o ambiental e \u00e0 compreens\u00e3o das mudan\u00e7as no clima. A programa\u00e7\u00e3o combinou exposi\u00e7\u00e3o e atividades coletivas para estimular a participa\u00e7\u00e3o dos alunos na discuss\u00e3o sobre preven\u00e7\u00e3o e adapta\u00e7\u00e3o aos desafios ambientais.<\/p>\n","protected":false},"author":4,"featured_media":0,"comment_status":"open","ping_status":"open","sticky":false,"template":"","format":"standard","meta":{"footnotes":""},"categories":[10,4,43,6],"tags":[],"class_list":["post-28853","post","type-post","status-publish","format-standard","hentry","category-brumado","category-cidades","category-educacao","category-politica"],"yoast_head":"<!-- This site is optimized with the Yoast SEO plugin v26.5 - https:\/\/yoast.com\/wordpress\/plugins\/seo\/ -->\n<title>Estudantes de Brumado discutem El Ni\u00f1o e riscos das mudan\u00e7as clim\u00e1ticas - Sudoesteacontece<\/title>\n<meta name=\"robots\" content=\"index, follow, max-snippet:-1, max-image-preview:large, max-video-preview:-1\" \/>\n<link rel=\"canonical\" href=\"https:\/\/sudoesteacontece.com.br\/?p=28853\" \/>\n<meta property=\"og:locale\" content=\"pt_BR\" \/>\n<meta property=\"og:type\" content=\"article\" \/>\n<meta property=\"og:title\" content=\"Estudantes de Brumado discutem El Ni\u00f1o e riscos das mudan\u00e7as clim\u00e1ticas - Sudoesteacontece\" \/>\n<meta property=\"og:description\" content=\"Estudantes da rede municipal de Brumado participaram, na sexta-feira (28), de uma atividade de Educa\u00e7\u00e3o Ambiental sobre eventos extremos associados ao fen\u00f4meno El Ni\u00f1o. A programa\u00e7\u00e3o tamb\u00e9m abordou mudan\u00e7as clim\u00e1ticas, aquecimento global e desertifica\u00e7\u00e3o, com foco na prepara\u00e7\u00e3o e adapta\u00e7\u00e3o diante de poss\u00edveis impactos ambientais. A iniciativa reuniu alunos vinculados ao N\u00facleo de Cidadania dos Adolescentes (NUCA). Promovido pela Secretaria Municipal de Agricultura, Recursos H\u00eddricos e Meio Ambiente (SEMAR), o encontro ocorreu por meio da Divis\u00e3o de Educa\u00e7\u00e3o Ambiental. A atividade foi realizada ap\u00f3s um convite da Secretaria Municipal de Educa\u00e7\u00e3o (SEMED) e teve como objetivo ampliar o conhecimento dos estudantes sobre fen\u00f4menos clim\u00e1ticos e suas poss\u00edveis consequ\u00eancias para o Semi\u00e1rido brasileiro. Durante a programa\u00e7\u00e3o, o coordenador da Divis\u00e3o de Educa\u00e7\u00e3o Ambiental, Jorge Val\u00e9rio Rocha Gomes, conduziu uma exposi\u00e7\u00e3o com o tema \u201cEventos Extremos do El Ni\u00f1o: Preven\u00e7\u00e3o e Adapta\u00e7\u00e3o\u201d. A apresenta\u00e7\u00e3o tratou das caracter\u00edsticas do fen\u00f4meno e das medidas que podem contribuir para preparar a popula\u00e7\u00e3o diante de altera\u00e7\u00f5es nas condi\u00e7\u00f5es clim\u00e1ticas. Na sequ\u00eancia, os estudantes foram divididos em grupos para discutir os poss\u00edveis impactos relacionados ao El Ni\u00f1o. Os participantes tamb\u00e9m elaboraram e apresentaram propostas de a\u00e7\u00f5es voltadas \u00e0 preven\u00e7\u00e3o e \u00e0 adapta\u00e7\u00e3o, considerando os desafios que podem surgir diante de eventos clim\u00e1ticos extremos. Al\u00e9m disso, a atividade abordou a rela\u00e7\u00e3o entre o El Ni\u00f1o e o aquecimento global. Os estudantes tamb\u00e9m discutiram as caracter\u00edsticas f\u00edsicas do Semi\u00e1rido brasileiro e o processo de desertifica\u00e7\u00e3o, ampliando o debate sobre fatores ambientais que afetam diretamente a regi\u00e3o onde vivem. Por fim, a iniciativa buscou aproximar os estudantes de temas relacionados \u00e0 preserva\u00e7\u00e3o ambiental e \u00e0 compreens\u00e3o das mudan\u00e7as no clima. A programa\u00e7\u00e3o combinou exposi\u00e7\u00e3o e atividades coletivas para estimular a participa\u00e7\u00e3o dos alunos na discuss\u00e3o sobre preven\u00e7\u00e3o e adapta\u00e7\u00e3o aos desafios ambientais.\" \/>\n<meta property=\"og:url\" content=\"https:\/\/sudoesteacontece.com.br\/?p=28853\" \/>\n<meta property=\"og:site_name\" content=\"Sudoesteacontece\" \/>\n<meta property=\"article:publisher\" content=\"https:\/\/www.facebook.com\/sudoesteacontece\/?locale=pt_BR\" \/>\n<meta property=\"article:published_time\" content=\"2026-08-31T21:25:43+00:00\" \/>\n<meta property=\"article:modified_time\" content=\"2026-08-31T21:25:48+00:00\" \/>\n<meta property=\"og:image\" content=\"https:\/\/sudoesteacontece.com.br\/wp-content\/uploads\/2026\/08\/Estudantes-de-Brumado-discutem-El-Nino-e-riscos-das-mudancas-climaticas.jpg\" \/>\n\t<meta property=\"og:image:width\" content=\"900\" \/>\n\t<meta property=\"og:image:height\" content=\"600\" \/>\n\t<meta property=\"og:image:type\" content=\"image\/jpeg\" \/>\n<meta name=\"author\" content=\"Reda\u00e7\u00e3o\" \/>\n<meta name=\"twitter:card\" content=\"summary_large_image\" \/>\n<meta name=\"twitter:label1\" content=\"Escrito por\" \/>\n\t<meta name=\"twitter:data1\" content=\"Reda\u00e7\u00e3o\" \/>\n\t<meta name=\"twitter:label2\" content=\"Est. tempo de leitura\" \/>\n\t<meta name=\"twitter:data2\" content=\"2 minutos\" \/>\n<script type=\"application\/ld+json\" class=\"yoast-schema-graph\">{\"@context\":\"https:\/\/schema.org\",\"@graph\":[{\"@type\":\"Article\",\"@id\":\"https:\/\/sudoesteacontece.com.br\/?p=28853#article\",\"isPartOf\":{\"@id\":\"https:\/\/sudoesteacontece.com.br\/?p=28853\"},\"author\":{\"name\":\"Reda\u00e7\u00e3o\",\"@id\":\"https:\/\/sudoesteacontece.com.br\/#\/schema\/person\/a4f22429c1d0923ef8f7d43343f8dc38\"},\"headline\":\"Estudantes de Brumado discutem El Ni\u00f1o e riscos das mudan\u00e7as clim\u00e1ticas\",\"datePublished\":\"2026-08-31T21:25:43+00:00\",\"dateModified\":\"2026-08-31T21:25:48+00:00\",\"mainEntityOfPage\":{\"@id\":\"https:\/\/sudoesteacontece.com.br\/?p=28853\"},\"wordCount\":364,\"commentCount\":0,\"publisher\":{\"@id\":\"https:\/\/sudoesteacontece.com.br\/#organization\"},\"image\":{\"@id\":\"https:\/\/sudoesteacontece.com.br\/?p=28853#primaryimage\"},\"thumbnailUrl\":\"http:\/\/sudoesteacontece.com.br\/wp-content\/uploads\/2026\/08\/Estudantes-de-Brumado-discutem-El-Nino-e-riscos-das-mudancas-climaticas.jpg\",\"articleSection\":[\"Brumado\",\"Cidades\",\"Educa\u00e7\u00e3o\",\"Pol\u00edtica\"],\"inLanguage\":\"pt-BR\",\"potentialAction\":[{\"@type\":\"CommentAction\",\"name\":\"Comment\",\"target\":[\"https:\/\/sudoesteacontece.com.br\/?p=28853#respond\"]}]},{\"@type\":\"WebPage\",\"@id\":\"https:\/\/sudoesteacontece.com.br\/?p=28853\",\"url\":\"https:\/\/sudoesteacontece.com.br\/?p=28853\",\"name\":\"Estudantes de Brumado discutem El Ni\u00f1o e riscos das mudan\u00e7as clim\u00e1ticas - Sudoesteacontece\",\"isPartOf\":{\"@id\":\"https:\/\/sudoesteacontece.com.br\/#website\"},\"primaryImageOfPage\":{\"@id\":\"https:\/\/sudoesteacontece.com.br\/?p=28853#primaryimage\"},\"image\":{\"@id\":\"https:\/\/sudoesteacontece.com.br\/?p=28853#primaryimage\"},\"thumbnailUrl\":\"http:\/\/sudoesteacontece.com.br\/wp-content\/uploads\/2026\/08\/Estudantes-de-Brumado-discutem-El-Nino-e-riscos-das-mudancas-climaticas.jpg\",\"datePublished\":\"2026-08-31T21:25:43+00:00\",\"dateModified\":\"2026-08-31T21:25:48+00:00\",\"breadcrumb\":{\"@id\":\"https:\/\/sudoesteacontece.com.br\/?p=28853#breadcrumb\"},\"inLanguage\":\"pt-BR\",\"potentialAction\":[{\"@type\":\"ReadAction\",\"target\":[\"https:\/\/sudoesteacontece.com.br\/?p=28853\"]}]},{\"@type\":\"ImageObject\",\"inLanguage\":\"pt-BR\",\"@id\":\"https:\/\/sudoesteacontece.com.br\/?p=28853#primaryimage\",\"url\":\"https:\/\/sudoesteacontece.com.br\/wp-content\/uploads\/2026\/08\/Estudantes-de-Brumado-discutem-El-Nino-e-riscos-das-mudancas-climaticas.jpg\",\"contentUrl\":\"https:\/\/sudoesteacontece.com.br\/wp-content\/uploads\/2026\/08\/Estudantes-de-Brumado-discutem-El-Nino-e-riscos-das-mudancas-climaticas.jpg\",\"width\":900,\"height\":600},{\"@type\":\"BreadcrumbList\",\"@id\":\"https:\/\/sudoesteacontece.com.br\/?p=28853#breadcrumb\",\"itemListElement\":[{\"@type\":\"ListItem\",\"position\":1,\"name\":\"In\u00edcio\",\"item\":\"https:\/\/sudoesteacontece.com.br\/\"},{\"@type\":\"ListItem\",\"position\":2,\"name\":\"Estudantes de Brumado discutem El Ni\u00f1o e riscos das mudan\u00e7as clim\u00e1ticas\"}]},{\"@type\":\"WebSite\",\"@id\":\"https:\/\/sudoesteacontece.com.br\/#website\",\"url\":\"https:\/\/sudoesteacontece.com.br\/\",\"name\":\"Sudoesteacontece\",\"description\":\"\",\"publisher\":{\"@id\":\"https:\/\/sudoesteacontece.com.br\/#organization\"},\"potentialAction\":[{\"@type\":\"SearchAction\",\"target\":{\"@type\":\"EntryPoint\",\"urlTemplate\":\"https:\/\/sudoesteacontece.com.br\/?s={search_term_string}\"},\"query-input\":{\"@type\":\"PropertyValueSpecification\",\"valueRequired\":true,\"valueName\":\"search_term_string\"}}],\"inLanguage\":\"pt-BR\"},{\"@type\":\"Organization\",\"@id\":\"https:\/\/sudoesteacontece.com.br\/#organization\",\"name\":\"Sudoesteacontece\",\"url\":\"https:\/\/sudoesteacontece.com.br\/\",\"logo\":{\"@type\":\"ImageObject\",\"inLanguage\":\"pt-BR\",\"@id\":\"https:\/\/sudoesteacontece.com.br\/#\/schema\/logo\/image\/\",\"url\":\"https:\/\/sudoesteacontece.com.br\/wp-content\/uploads\/2025\/12\/cropped-logo-2-180x180-1.png\",\"contentUrl\":\"https:\/\/sudoesteacontece.com.br\/wp-content\/uploads\/2025\/12\/cropped-logo-2-180x180-1.png\",\"width\":180,\"height\":180,\"caption\":\"Sudoesteacontece\"},\"image\":{\"@id\":\"https:\/\/sudoesteacontece.com.br\/#\/schema\/logo\/image\/\"},\"sameAs\":[\"https:\/\/www.facebook.com\/sudoesteacontece\/?locale=pt_BR\"]},{\"@type\":\"Person\",\"@id\":\"https:\/\/sudoesteacontece.com.br\/#\/schema\/person\/a4f22429c1d0923ef8f7d43343f8dc38\",\"name\":\"Reda\u00e7\u00e3o\",\"image\":{\"@type\":\"ImageObject\",\"inLanguage\":\"pt-BR\",\"@id\":\"https:\/\/sudoesteacontece.com.br\/#\/schema\/person\/image\/\",\"url\":\"https:\/\/secure.gravatar.com\/avatar\/c3a5b3c93f268a709c25a2df414c629a96fb3b1b4bf97a94fb3f72e54ae76903?s=96&d=mm&r=g\",\"contentUrl\":\"https:\/\/secure.gravatar.com\/avatar\/c3a5b3c93f268a709c25a2df414c629a96fb3b1b4bf97a94fb3f72e54ae76903?s=96&d=mm&r=g\",\"caption\":\"Reda\u00e7\u00e3o\"},\"url\":\"https:\/\/sudoesteacontece.com.br\/?author=4\"}]}<\/script>\n<!-- \/ Yoast SEO plugin. -->","yoast_head_json":{"title":"Estudantes de Brumado discutem El Ni\u00f1o e riscos das mudan\u00e7as clim\u00e1ticas - Sudoesteacontece","robots":{"index":"index","follow":"follow","max-snippet":"max-snippet:-1","max-image-preview":"max-image-preview:large","max-video-preview":"max-video-preview:-1"},"canonical":"https:\/\/sudoesteacontece.com.br\/?p=28853","og_locale":"pt_BR","og_type":"article","og_title":"Estudantes de Brumado discutem El Ni\u00f1o e riscos das mudan\u00e7as clim\u00e1ticas - Sudoesteacontece","og_description":"Estudantes da rede municipal de Brumado participaram, na sexta-feira (28), de uma atividade de Educa\u00e7\u00e3o Ambiental sobre eventos extremos associados ao fen\u00f4meno El Ni\u00f1o. A programa\u00e7\u00e3o tamb\u00e9m abordou mudan\u00e7as clim\u00e1ticas, aquecimento global e desertifica\u00e7\u00e3o, com foco na prepara\u00e7\u00e3o e adapta\u00e7\u00e3o diante de poss\u00edveis impactos ambientais. A iniciativa reuniu alunos vinculados ao N\u00facleo de Cidadania dos Adolescentes (NUCA). Promovido pela Secretaria Municipal de Agricultura, Recursos H\u00eddricos e Meio Ambiente (SEMAR), o encontro ocorreu por meio da Divis\u00e3o de Educa\u00e7\u00e3o Ambiental. A atividade foi realizada ap\u00f3s um convite da Secretaria Municipal de Educa\u00e7\u00e3o (SEMED) e teve como objetivo ampliar o conhecimento dos estudantes sobre fen\u00f4menos clim\u00e1ticos e suas poss\u00edveis consequ\u00eancias para o Semi\u00e1rido brasileiro. Durante a programa\u00e7\u00e3o, o coordenador da Divis\u00e3o de Educa\u00e7\u00e3o Ambiental, Jorge Val\u00e9rio Rocha Gomes, conduziu uma exposi\u00e7\u00e3o com o tema \u201cEventos Extremos do El Ni\u00f1o: Preven\u00e7\u00e3o e Adapta\u00e7\u00e3o\u201d. A apresenta\u00e7\u00e3o tratou das caracter\u00edsticas do fen\u00f4meno e das medidas que podem contribuir para preparar a popula\u00e7\u00e3o diante de altera\u00e7\u00f5es nas condi\u00e7\u00f5es clim\u00e1ticas. Na sequ\u00eancia, os estudantes foram divididos em grupos para discutir os poss\u00edveis impactos relacionados ao El Ni\u00f1o. Os participantes tamb\u00e9m elaboraram e apresentaram propostas de a\u00e7\u00f5es voltadas \u00e0 preven\u00e7\u00e3o e \u00e0 adapta\u00e7\u00e3o, considerando os desafios que podem surgir diante de eventos clim\u00e1ticos extremos. Al\u00e9m disso, a atividade abordou a rela\u00e7\u00e3o entre o El Ni\u00f1o e o aquecimento global. Os estudantes tamb\u00e9m discutiram as caracter\u00edsticas f\u00edsicas do Semi\u00e1rido brasileiro e o processo de desertifica\u00e7\u00e3o, ampliando o debate sobre fatores ambientais que afetam diretamente a regi\u00e3o onde vivem. Por fim, a iniciativa buscou aproximar os estudantes de temas relacionados \u00e0 preserva\u00e7\u00e3o ambiental e \u00e0 compreens\u00e3o das mudan\u00e7as no clima. A programa\u00e7\u00e3o combinou exposi\u00e7\u00e3o e atividades coletivas para estimular a participa\u00e7\u00e3o dos alunos na discuss\u00e3o sobre preven\u00e7\u00e3o e adapta\u00e7\u00e3o aos desafios ambientais.","og_url":"https:\/\/sudoesteacontece.com.br\/?p=28853","og_site_name":"Sudoesteacontece","article_publisher":"https:\/\/www.facebook.com\/sudoesteacontece\/?locale=pt_BR","article_published_time":"2026-08-31T21:25:43+00:00","article_modified_time":"2026-08-31T21:25:48+00:00","og_image":[{"width":900,"height":600,"url":"https:\/\/sudoesteacontece.com.br\/wp-content\/uploads\/2026\/08\/Estudantes-de-Brumado-discutem-El-Nino-e-riscos-das-mudancas-climaticas.jpg","type":"image\/jpeg"}],"author":"Reda\u00e7\u00e3o","twitter_card":"summary_large_image","twitter_misc":{"Escrito por":"Reda\u00e7\u00e3o","Est. tempo de leitura":"2 minutos"},"schema":{"@context":"https:\/\/schema.org","@graph":[{"@type":"Article","@id":"https:\/\/sudoesteacontece.com.br\/?p=28853#article","isPartOf":{"@id":"https:\/\/sudoesteacontece.com.br\/?p=28853"},"author":{"name":"Reda\u00e7\u00e3o","@id":"https:\/\/sudoesteacontece.com.br\/#\/schema\/person\/a4f22429c1d0923ef8f7d43343f8dc38"},"headline":"Estudantes de Brumado discutem El Ni\u00f1o e riscos das mudan\u00e7as clim\u00e1ticas","datePublished":"2026-08-31T21:25:43+00:00","dateModified":"2026-08-31T21:25:48+00:00","mainEntityOfPage":{"@id":"https:\/\/sudoesteacontece.com.br\/?p=28853"},"wordCount":364,"commentCount":0,"publisher":{"@id":"https:\/\/sudoesteacontece.com.br\/#organization"},"image":{"@id":"https:\/\/sudoesteacontece.com.br\/?p=28853#primaryimage"},"thumbnailUrl":"http:\/\/sudoesteacontece.com.br\/wp-content\/uploads\/2026\/08\/Estudantes-de-Brumado-discutem-El-Nino-e-riscos-das-mudancas-climaticas.jpg","articleSection":["Brumado","Cidades","Educa\u00e7\u00e3o","Pol\u00edtica"],"inLanguage":"pt-BR","potentialAction":[{"@type":"CommentAction","name":"Comment","target":["https:\/\/sudoesteacontece.com.br\/?p=28853#respond"]}]},{"@type":"WebPage","@id":"https:\/\/sudoesteacontece.com.br\/?p=28853","url":"https:\/\/sudoesteacontece.com.br\/?p=28853","name":"Estudantes de Brumado discutem El Ni\u00f1o e riscos das mudan\u00e7as clim\u00e1ticas - Sudoesteacontece","isPartOf":{"@id":"https:\/\/sudoesteacontece.com.br\/#website"},"primaryImageOfPage":{"@id":"https:\/\/sudoesteacontece.com.br\/?p=28853#primaryimage"},"image":{"@id":"https:\/\/sudoesteacontece.com.br\/?p=28853#primaryimage"},"thumbnailUrl":"http:\/\/sudoesteacontece.com.br\/wp-content\/uploads\/2026\/08\/Estudantes-de-Brumado-discutem-El-Nino-e-riscos-das-mudancas-climaticas.jpg","datePublished":"2026-08-31T21:25:43+00:00","dateModified":"2026-08-31T21:25:48+00:00","breadcrumb":{"@id":"https:\/\/sudoesteacontece.com.br\/?p=28853#breadcrumb"},"inLanguage":"pt-BR","potentialAction":[{"@type":"ReadAction","target":["https:\/\/sudoesteacontece.com.br\/?p=28853"]}]},{"@type":"ImageObject","inLanguage":"pt-BR","@id":"https:\/\/sudoesteacontece.com.br\/?p=28853#primaryimage","url":"https:\/\/sudoesteacontece.com.br\/wp-content\/uploads\/2026\/08\/Estudantes-de-Brumado-discutem-El-Nino-e-riscos-das-mudancas-climaticas.jpg","contentUrl":"https:\/\/sudoesteacontece.com.br\/wp-content\/uploads\/2026\/08\/Estudantes-de-Brumado-discutem-El-Nino-e-riscos-das-mudancas-climaticas.jpg","width":900,"height":600},{"@type":"BreadcrumbList","@id":"https:\/\/sudoesteacontece.com.br\/?p=28853#breadcrumb","itemListElement":[{"@type":"ListItem","position":1,"name":"In\u00edcio","item":"https:\/\/sudoesteacontece.com.br\/"},{"@type":"ListItem","position":2,"name":"Estudantes de Brumado discutem El Ni\u00f1o e riscos das mudan\u00e7as clim\u00e1ticas"}]},{"@type":"WebSite","@id":"https:\/\/sudoesteacontece.com.br\/#website","url":"https:\/\/sudoesteacontece.com.br\/","name":"Sudoesteacontece","description":"","publisher":{"@id":"https:\/\/sudoesteacontece.com.br\/#organization"},"potentialAction":[{"@type":"SearchAction","target":{"@type":"EntryPoint","urlTemplate":"https:\/\/sudoesteacontece.com.br\/?s={search_term_string}"},"query-input":{"@type":"PropertyValueSpecification","valueRequired":true,"valueName":"search_term_string"}}],"inLanguage":"pt-BR"},{"@type":"Organization","@id":"https:\/\/sudoesteacontece.com.br\/#organization","name":"Sudoesteacontece","url":"https:\/\/sudoesteacontece.com.br\/","logo":{"@type":"ImageObject","inLanguage":"pt-BR","@id":"https:\/\/sudoesteacontece.com.br\/#\/schema\/logo\/image\/","url":"https:\/\/sudoesteacontece.com.br\/wp-content\/uploads\/2025\/12\/cropped-logo-2-180x180-1.png","contentUrl":"https:\/\/sudoesteacontece.com.br\/wp-content\/uploads\/2025\/12\/cropped-logo-2-180x180-1.png","width":180,"height":180,"caption":"Sudoesteacontece"},"image":{"@id":"https:\/\/sudoesteacontece.com.br\/#\/schema\/logo\/image\/"},"sameAs":["https:\/\/www.facebook.com\/sudoesteacontece\/?locale=pt_BR"]},{"@type":"Person","@id":"https:\/\/sudoesteacontece.com.br\/#\/schema\/person\/a4f22429c1d0923ef8f7d43343f8dc38","name":"Reda\u00e7\u00e3o","image":{"@type":"ImageObject","inLanguage":"pt-BR","@id":"https:\/\/sudoesteacontece.com.br\/#\/schema\/person\/image\/","url":"https:\/\/secure.gravatar.com\/avatar\/c3a5b3c93f268a709c25a2df414c629a96fb3b1b4bf97a94fb3f72e54ae76903?s=96&d=mm&r=g","contentUrl":"https:\/\/secure.gravatar.com\/avatar\/c3a5b3c93f268a709c25a2df414c629a96fb3b1b4bf97a94fb3f72e54ae76903?s=96&d=mm&r=g","caption":"Reda\u00e7\u00e3o"},"url":"https:\/\/sudoesteacontece.com.br\/?author=4"}]}},"_links":{"self":[{"href":"https:\/\/sudoesteacontece.com.br\/index.php?rest_route=\/wp\/v2\/posts\/28853","targetHints":{"allow":["GET"]}}],"collection":[{"href":"https:\/\/sudoesteacontece.com.br\/index.php?rest_route=\/wp\/v2\/posts"}],"about":[{"href":"https:\/\/sudoesteacontece.com.br\/index.php?rest_route=\/wp\/v2\/types\/post"}],"author":[{"embeddable":true,"href":"https:\/\/sudoesteacontece.com.br\/index.php?rest_route=\/wp\/v2\/users\/4"}],"replies":[{"embeddable":true,"href":"https:\/\/sudoesteacontece.com.br\/index.php?rest_route=%2Fwp%2Fv2%2Fcomments&post=28853"}],"version-history":[{"count":1,"href":"https:\/\/sudoesteacontece.com.br\/index.php?rest_route=\/wp\/v2\/posts\/28853\/revisions"}],"predecessor-version":[{"id":28891,"href":"https:\/\/sudoesteacontece.com.br\/index.php?rest_route=\/wp\/v2\/posts\/28853\/revisions\/28891"}],"wp:attachment":[{"href":"https:\/\/sudoesteacontece.com.br\/index.php?rest_route=%2Fwp%2Fv2%2Fmedia&parent=28853"}],"wp:term":[{"taxonomy":"category","embeddable":true,"href":"https:\/\/sudoesteacontece.com.br\/index.php?rest_route=%2Fwp%2Fv2%2Fcategories&post=28853"},{"taxonomy":"post_tag","embeddable":true,"href":"https:\/\/sudoesteacontece.com.br\/index.php?rest_route=%2Fwp%2Fv2%2Ftags&post=28853"}],"curies":[{"name":"wp","href":"https:\/\/api.w.org\/{rel}","templated":true}]}}