{"id":28855,"date":"2026-08-31T18:26:41","date_gmt":"2026-08-31T21:26:41","guid":{"rendered":"https:\/\/sudoesteacontece.com.br\/?p=28855"},"modified":"2026-08-31T18:26:46","modified_gmt":"2026-08-31T21:26:46","slug":"pais-de-advogado-encontrado-morto-em-xique-xique-relatam-dor-e-cobram-esclarecimentos","status":"publish","type":"post","link":"https:\/\/sudoesteacontece.com.br\/?p=28855","title":{"rendered":"Pais de advogado encontrado morto em Xique-Xique relatam dor e cobram esclarecimentos"},"content":{"rendered":"\n<figure class=\"wp-block-image size-full\"><img fetchpriority=\"high\" decoding=\"async\" width=\"900\" height=\"600\" src=\"http:\/\/sudoesteacontece.com.br\/wp-content\/uploads\/2026\/08\/Pais-de-advogado-encontrado-morto-em-Xique-Xique-relatam-dor-e-cobram-esclarecimentos.jpg\" alt=\"\" class=\"wp-image-28894\" srcset=\"https:\/\/sudoesteacontece.com.br\/wp-content\/uploads\/2026\/08\/Pais-de-advogado-encontrado-morto-em-Xique-Xique-relatam-dor-e-cobram-esclarecimentos.jpg 900w, https:\/\/sudoesteacontece.com.br\/wp-content\/uploads\/2026\/08\/Pais-de-advogado-encontrado-morto-em-Xique-Xique-relatam-dor-e-cobram-esclarecimentos-300x200.jpg 300w, https:\/\/sudoesteacontece.com.br\/wp-content\/uploads\/2026\/08\/Pais-de-advogado-encontrado-morto-em-Xique-Xique-relatam-dor-e-cobram-esclarecimentos-768x512.jpg 768w\" sizes=\"(max-width: 900px) 100vw, 900px\" \/><\/figure>\n\n\n\n<p class=\"wp-block-paragraph\">O advogado Gabriel da Silva Alves, de 31 anos, foi sepultado no domingo (30), em Xique-Xique, no interior da Bahia, ap\u00f3s uma semana de buscas. O corpo foi encontrado no s\u00e1bado (29), por volta das 10h, em uma \u00e1rea de mata do munic\u00edpio, em avan\u00e7ado estado de decomposi\u00e7\u00e3o. A localiza\u00e7\u00e3o ocorreu depois que familiares e equipes de seguran\u00e7a encontraram outros pertences do advogado durante as buscas.<\/p>\n\n\n\n<p class=\"wp-block-paragraph\">Gabriel estava desaparecido desde s\u00e1bado (22), quando deixou de ser visto ap\u00f3s sair de um bar onde participava de uma confraterniza\u00e7\u00e3o com amigos. Segundo familiares, ele recebeu uma liga\u00e7\u00e3o durante o encontro, disse que iria a outro local e retornaria em seguida. O advogado deixou o estabelecimento em uma motocicleta e n\u00e3o foi mais localizado naquele momento.<\/p>\n\n\n\n<p class=\"wp-block-paragraph\">Durante a procura, a motocicleta de Gabriel foi encontrada na quinta-feira (27), dentro de uma cratera formada por antigas atividades de garimpo. Cerca de 200 metros do ponto, foram localizados os \u00f3culos do advogado e, posteriormente, um chinelo que pertenceria a ele. A sequ\u00eancia dos achados levou familiares a suspeitarem de uma poss\u00edvel luta corporal, hip\u00f3tese que n\u00e3o foi confirmada pelas autoridades.<\/p>\n\n\n\n<p class=\"wp-block-paragraph\">No local onde o corpo foi encontrado, equipes localizaram objetos atribu\u00eddos ao advogado, entre eles um celular danificado, documentos e um capacete. A \u00e1rea foi preservada para os trabalhos periciais. O cad\u00e1ver foi encaminhado para os procedimentos legais antes de ser liberado para a fam\u00edlia, que realizou o vel\u00f3rio no domingo, na Igreja Matriz de Xique-Xique.<\/p>\n\n\n\n<p class=\"wp-block-paragraph\">Segundo Maria de Lurdes, m\u00e3e de Gabriel, o filho mantinha comportamento pac\u00edfico e evitava conflitos. Em relato emocionado, ela afirmou que o advogado n\u00e3o gostava de viol\u00eancia, n\u00e3o costumava falar alto e defendia que discuss\u00f5es n\u00e3o resolviam problemas. A m\u00e3e tamb\u00e9m destacou a confian\u00e7a que Gabriel mantinha nas pessoas e a proximidade dele com familiares.<\/p>\n\n\n\n<p class=\"wp-block-paragraph\">Abalado, o pai, Belarmino Alves, descreveu a rotina do filho e afirmou que Gabriel era trabalhador, mantinha contato pr\u00f3ximo com a fam\u00edlia e costumava voltar para casa durante o expediente. Ele tamb\u00e9m relatou a dificuldade enfrentada pela fam\u00edlia para reconhecer o corpo devido ao estado de decomposi\u00e7\u00e3o e mencionou a suspeita de que o filho tenha sido levado para uma \u00e1rea isolada.<\/p>\n\n\n\n<p class=\"wp-block-paragraph\">Dois homens, identificados como Alan e Rom\u00e1rio, est\u00e3o presos no contexto das investiga\u00e7\u00f5es e s\u00e3o apontados como suspeitos do crime. A pol\u00edcia ainda apura as circunst\u00e2ncias da morte, o que aconteceu depois que Gabriel deixou o bar e a eventual motiva\u00e7\u00e3o. O caso permanece sob investiga\u00e7\u00e3o das autoridades respons\u00e1veis.<\/p>\n","protected":false},"excerpt":{"rendered":"<p>O advogado Gabriel da Silva Alves, de 31 anos, foi sepultado no domingo (30), em Xique-Xique, no interior da Bahia, ap\u00f3s uma semana de buscas. O corpo foi encontrado no s\u00e1bado (29), por volta das 10h, em uma \u00e1rea de mata do munic\u00edpio, em avan\u00e7ado estado de decomposi\u00e7\u00e3o. A localiza\u00e7\u00e3o ocorreu depois que familiares e equipes de seguran\u00e7a encontraram outros pertences do advogado durante as buscas. Gabriel estava desaparecido desde s\u00e1bado (22), quando deixou de ser visto ap\u00f3s sair de um bar onde participava de uma confraterniza\u00e7\u00e3o com amigos. Segundo familiares, ele recebeu uma liga\u00e7\u00e3o durante o encontro, disse que iria a outro local e retornaria em seguida. O advogado deixou o estabelecimento em uma motocicleta e n\u00e3o foi mais localizado naquele momento. Durante a procura, a motocicleta de Gabriel foi encontrada na quinta-feira (27), dentro de uma cratera formada por antigas atividades de garimpo. Cerca de 200 metros do ponto, foram localizados os \u00f3culos do advogado e, posteriormente, um chinelo que pertenceria a ele. A sequ\u00eancia dos achados levou familiares a suspeitarem de uma poss\u00edvel luta corporal, hip\u00f3tese que n\u00e3o foi confirmada pelas autoridades. No local onde o corpo foi encontrado, equipes localizaram objetos atribu\u00eddos ao advogado, entre eles um celular danificado, documentos e um capacete. A \u00e1rea foi preservada para os trabalhos periciais. O cad\u00e1ver foi encaminhado para os procedimentos legais antes de ser liberado para a fam\u00edlia, que realizou o vel\u00f3rio no domingo, na Igreja Matriz de Xique-Xique. Segundo Maria de Lurdes, m\u00e3e de Gabriel, o filho mantinha comportamento pac\u00edfico e evitava conflitos. Em relato emocionado, ela afirmou que o advogado n\u00e3o gostava de viol\u00eancia, n\u00e3o costumava falar alto e defendia que discuss\u00f5es n\u00e3o resolviam problemas. A m\u00e3e tamb\u00e9m destacou a confian\u00e7a que Gabriel mantinha nas pessoas e a proximidade dele com familiares. Abalado, o pai, Belarmino Alves, descreveu a rotina do filho e afirmou que Gabriel era trabalhador, mantinha contato pr\u00f3ximo com a fam\u00edlia e costumava voltar para casa durante o expediente. Ele tamb\u00e9m relatou a dificuldade enfrentada pela fam\u00edlia para reconhecer o corpo devido ao estado de decomposi\u00e7\u00e3o e mencionou a suspeita de que o filho tenha sido levado para uma \u00e1rea isolada. Dois homens, identificados como Alan e Rom\u00e1rio, est\u00e3o presos no contexto das investiga\u00e7\u00f5es e s\u00e3o apontados como suspeitos do crime. A pol\u00edcia ainda apura as circunst\u00e2ncias da morte, o que aconteceu depois que Gabriel deixou o bar e a eventual motiva\u00e7\u00e3o. O caso permanece sob investiga\u00e7\u00e3o das autoridades respons\u00e1veis.<\/p>\n","protected":false},"author":4,"featured_media":0,"comment_status":"open","ping_status":"open","sticky":false,"template":"","format":"standard","meta":{"footnotes":""},"categories":[7,4,3],"tags":[],"class_list":["post-28855","post","type-post","status-publish","format-standard","hentry","category-bahia","category-cidades","category-policia"],"yoast_head":"<!-- This site is optimized with the Yoast SEO plugin v26.5 - https:\/\/yoast.com\/wordpress\/plugins\/seo\/ -->\n<title>Pais de advogado encontrado morto em Xique-Xique relatam dor e cobram esclarecimentos - Sudoesteacontece<\/title>\n<meta name=\"robots\" content=\"index, follow, max-snippet:-1, max-image-preview:large, max-video-preview:-1\" \/>\n<link rel=\"canonical\" href=\"https:\/\/sudoesteacontece.com.br\/?p=28855\" \/>\n<meta property=\"og:locale\" content=\"pt_BR\" \/>\n<meta property=\"og:type\" content=\"article\" \/>\n<meta property=\"og:title\" content=\"Pais de advogado encontrado morto em Xique-Xique relatam dor e cobram esclarecimentos - Sudoesteacontece\" \/>\n<meta property=\"og:description\" content=\"O advogado Gabriel da Silva Alves, de 31 anos, foi sepultado no domingo (30), em Xique-Xique, no interior da Bahia, ap\u00f3s uma semana de buscas. O corpo foi encontrado no s\u00e1bado (29), por volta das 10h, em uma \u00e1rea de mata do munic\u00edpio, em avan\u00e7ado estado de decomposi\u00e7\u00e3o. A localiza\u00e7\u00e3o ocorreu depois que familiares e equipes de seguran\u00e7a encontraram outros pertences do advogado durante as buscas. Gabriel estava desaparecido desde s\u00e1bado (22), quando deixou de ser visto ap\u00f3s sair de um bar onde participava de uma confraterniza\u00e7\u00e3o com amigos. Segundo familiares, ele recebeu uma liga\u00e7\u00e3o durante o encontro, disse que iria a outro local e retornaria em seguida. O advogado deixou o estabelecimento em uma motocicleta e n\u00e3o foi mais localizado naquele momento. Durante a procura, a motocicleta de Gabriel foi encontrada na quinta-feira (27), dentro de uma cratera formada por antigas atividades de garimpo. Cerca de 200 metros do ponto, foram localizados os \u00f3culos do advogado e, posteriormente, um chinelo que pertenceria a ele. A sequ\u00eancia dos achados levou familiares a suspeitarem de uma poss\u00edvel luta corporal, hip\u00f3tese que n\u00e3o foi confirmada pelas autoridades. No local onde o corpo foi encontrado, equipes localizaram objetos atribu\u00eddos ao advogado, entre eles um celular danificado, documentos e um capacete. A \u00e1rea foi preservada para os trabalhos periciais. O cad\u00e1ver foi encaminhado para os procedimentos legais antes de ser liberado para a fam\u00edlia, que realizou o vel\u00f3rio no domingo, na Igreja Matriz de Xique-Xique. Segundo Maria de Lurdes, m\u00e3e de Gabriel, o filho mantinha comportamento pac\u00edfico e evitava conflitos. Em relato emocionado, ela afirmou que o advogado n\u00e3o gostava de viol\u00eancia, n\u00e3o costumava falar alto e defendia que discuss\u00f5es n\u00e3o resolviam problemas. A m\u00e3e tamb\u00e9m destacou a confian\u00e7a que Gabriel mantinha nas pessoas e a proximidade dele com familiares. Abalado, o pai, Belarmino Alves, descreveu a rotina do filho e afirmou que Gabriel era trabalhador, mantinha contato pr\u00f3ximo com a fam\u00edlia e costumava voltar para casa durante o expediente. Ele tamb\u00e9m relatou a dificuldade enfrentada pela fam\u00edlia para reconhecer o corpo devido ao estado de decomposi\u00e7\u00e3o e mencionou a suspeita de que o filho tenha sido levado para uma \u00e1rea isolada. Dois homens, identificados como Alan e Rom\u00e1rio, est\u00e3o presos no contexto das investiga\u00e7\u00f5es e s\u00e3o apontados como suspeitos do crime. A pol\u00edcia ainda apura as circunst\u00e2ncias da morte, o que aconteceu depois que Gabriel deixou o bar e a eventual motiva\u00e7\u00e3o. O caso permanece sob investiga\u00e7\u00e3o das autoridades respons\u00e1veis.\" \/>\n<meta property=\"og:url\" content=\"https:\/\/sudoesteacontece.com.br\/?p=28855\" \/>\n<meta property=\"og:site_name\" content=\"Sudoesteacontece\" \/>\n<meta property=\"article:publisher\" content=\"https:\/\/www.facebook.com\/sudoesteacontece\/?locale=pt_BR\" \/>\n<meta property=\"article:published_time\" content=\"2026-08-31T21:26:41+00:00\" \/>\n<meta property=\"article:modified_time\" content=\"2026-08-31T21:26:46+00:00\" \/>\n<meta property=\"og:image\" content=\"https:\/\/sudoesteacontece.com.br\/wp-content\/uploads\/2026\/08\/Pais-de-advogado-encontrado-morto-em-Xique-Xique-relatam-dor-e-cobram-esclarecimentos.jpg\" \/>\n\t<meta property=\"og:image:width\" content=\"900\" \/>\n\t<meta property=\"og:image:height\" content=\"600\" \/>\n\t<meta property=\"og:image:type\" content=\"image\/jpeg\" \/>\n<meta name=\"author\" content=\"Reda\u00e7\u00e3o\" \/>\n<meta name=\"twitter:card\" content=\"summary_large_image\" \/>\n<meta name=\"twitter:label1\" content=\"Escrito por\" \/>\n\t<meta name=\"twitter:data1\" content=\"Reda\u00e7\u00e3o\" \/>\n\t<meta name=\"twitter:label2\" content=\"Est. tempo de leitura\" \/>\n\t<meta name=\"twitter:data2\" content=\"3 minutos\" \/>\n<script type=\"application\/ld+json\" class=\"yoast-schema-graph\">{\"@context\":\"https:\/\/schema.org\",\"@graph\":[{\"@type\":\"Article\",\"@id\":\"https:\/\/sudoesteacontece.com.br\/?p=28855#article\",\"isPartOf\":{\"@id\":\"https:\/\/sudoesteacontece.com.br\/?p=28855\"},\"author\":{\"name\":\"Reda\u00e7\u00e3o\",\"@id\":\"https:\/\/sudoesteacontece.com.br\/#\/schema\/person\/a4f22429c1d0923ef8f7d43343f8dc38\"},\"headline\":\"Pais de advogado encontrado morto em Xique-Xique relatam dor e cobram esclarecimentos\",\"datePublished\":\"2026-08-31T21:26:41+00:00\",\"dateModified\":\"2026-08-31T21:26:46+00:00\",\"mainEntityOfPage\":{\"@id\":\"https:\/\/sudoesteacontece.com.br\/?p=28855\"},\"wordCount\":457,\"commentCount\":0,\"publisher\":{\"@id\":\"https:\/\/sudoesteacontece.com.br\/#organization\"},\"image\":{\"@id\":\"https:\/\/sudoesteacontece.com.br\/?p=28855#primaryimage\"},\"thumbnailUrl\":\"http:\/\/sudoesteacontece.com.br\/wp-content\/uploads\/2026\/08\/Pais-de-advogado-encontrado-morto-em-Xique-Xique-relatam-dor-e-cobram-esclarecimentos.jpg\",\"articleSection\":[\"Bahia\",\"Cidades\",\"Pol\u00edcia\"],\"inLanguage\":\"pt-BR\",\"potentialAction\":[{\"@type\":\"CommentAction\",\"name\":\"Comment\",\"target\":[\"https:\/\/sudoesteacontece.com.br\/?p=28855#respond\"]}]},{\"@type\":\"WebPage\",\"@id\":\"https:\/\/sudoesteacontece.com.br\/?p=28855\",\"url\":\"https:\/\/sudoesteacontece.com.br\/?p=28855\",\"name\":\"Pais de advogado encontrado morto em Xique-Xique relatam dor e cobram esclarecimentos - Sudoesteacontece\",\"isPartOf\":{\"@id\":\"https:\/\/sudoesteacontece.com.br\/#website\"},\"primaryImageOfPage\":{\"@id\":\"https:\/\/sudoesteacontece.com.br\/?p=28855#primaryimage\"},\"image\":{\"@id\":\"https:\/\/sudoesteacontece.com.br\/?p=28855#primaryimage\"},\"thumbnailUrl\":\"http:\/\/sudoesteacontece.com.br\/wp-content\/uploads\/2026\/08\/Pais-de-advogado-encontrado-morto-em-Xique-Xique-relatam-dor-e-cobram-esclarecimentos.jpg\",\"datePublished\":\"2026-08-31T21:26:41+00:00\",\"dateModified\":\"2026-08-31T21:26:46+00:00\",\"breadcrumb\":{\"@id\":\"https:\/\/sudoesteacontece.com.br\/?p=28855#breadcrumb\"},\"inLanguage\":\"pt-BR\",\"potentialAction\":[{\"@type\":\"ReadAction\",\"target\":[\"https:\/\/sudoesteacontece.com.br\/?p=28855\"]}]},{\"@type\":\"ImageObject\",\"inLanguage\":\"pt-BR\",\"@id\":\"https:\/\/sudoesteacontece.com.br\/?p=28855#primaryimage\",\"url\":\"https:\/\/sudoesteacontece.com.br\/wp-content\/uploads\/2026\/08\/Pais-de-advogado-encontrado-morto-em-Xique-Xique-relatam-dor-e-cobram-esclarecimentos.jpg\",\"contentUrl\":\"https:\/\/sudoesteacontece.com.br\/wp-content\/uploads\/2026\/08\/Pais-de-advogado-encontrado-morto-em-Xique-Xique-relatam-dor-e-cobram-esclarecimentos.jpg\",\"width\":900,\"height\":600},{\"@type\":\"BreadcrumbList\",\"@id\":\"https:\/\/sudoesteacontece.com.br\/?p=28855#breadcrumb\",\"itemListElement\":[{\"@type\":\"ListItem\",\"position\":1,\"name\":\"In\u00edcio\",\"item\":\"https:\/\/sudoesteacontece.com.br\/\"},{\"@type\":\"ListItem\",\"position\":2,\"name\":\"Pais de advogado encontrado morto em Xique-Xique relatam dor e cobram esclarecimentos\"}]},{\"@type\":\"WebSite\",\"@id\":\"https:\/\/sudoesteacontece.com.br\/#website\",\"url\":\"https:\/\/sudoesteacontece.com.br\/\",\"name\":\"Sudoesteacontece\",\"description\":\"\",\"publisher\":{\"@id\":\"https:\/\/sudoesteacontece.com.br\/#organization\"},\"potentialAction\":[{\"@type\":\"SearchAction\",\"target\":{\"@type\":\"EntryPoint\",\"urlTemplate\":\"https:\/\/sudoesteacontece.com.br\/?s={search_term_string}\"},\"query-input\":{\"@type\":\"PropertyValueSpecification\",\"valueRequired\":true,\"valueName\":\"search_term_string\"}}],\"inLanguage\":\"pt-BR\"},{\"@type\":\"Organization\",\"@id\":\"https:\/\/sudoesteacontece.com.br\/#organization\",\"name\":\"Sudoesteacontece\",\"url\":\"https:\/\/sudoesteacontece.com.br\/\",\"logo\":{\"@type\":\"ImageObject\",\"inLanguage\":\"pt-BR\",\"@id\":\"https:\/\/sudoesteacontece.com.br\/#\/schema\/logo\/image\/\",\"url\":\"https:\/\/sudoesteacontece.com.br\/wp-content\/uploads\/2025\/12\/cropped-logo-2-180x180-1.png\",\"contentUrl\":\"https:\/\/sudoesteacontece.com.br\/wp-content\/uploads\/2025\/12\/cropped-logo-2-180x180-1.png\",\"width\":180,\"height\":180,\"caption\":\"Sudoesteacontece\"},\"image\":{\"@id\":\"https:\/\/sudoesteacontece.com.br\/#\/schema\/logo\/image\/\"},\"sameAs\":[\"https:\/\/www.facebook.com\/sudoesteacontece\/?locale=pt_BR\"]},{\"@type\":\"Person\",\"@id\":\"https:\/\/sudoesteacontece.com.br\/#\/schema\/person\/a4f22429c1d0923ef8f7d43343f8dc38\",\"name\":\"Reda\u00e7\u00e3o\",\"image\":{\"@type\":\"ImageObject\",\"inLanguage\":\"pt-BR\",\"@id\":\"https:\/\/sudoesteacontece.com.br\/#\/schema\/person\/image\/\",\"url\":\"https:\/\/secure.gravatar.com\/avatar\/c3a5b3c93f268a709c25a2df414c629a96fb3b1b4bf97a94fb3f72e54ae76903?s=96&d=mm&r=g\",\"contentUrl\":\"https:\/\/secure.gravatar.com\/avatar\/c3a5b3c93f268a709c25a2df414c629a96fb3b1b4bf97a94fb3f72e54ae76903?s=96&d=mm&r=g\",\"caption\":\"Reda\u00e7\u00e3o\"},\"url\":\"https:\/\/sudoesteacontece.com.br\/?author=4\"}]}<\/script>\n<!-- \/ Yoast SEO plugin. -->","yoast_head_json":{"title":"Pais de advogado encontrado morto em Xique-Xique relatam dor e cobram esclarecimentos - Sudoesteacontece","robots":{"index":"index","follow":"follow","max-snippet":"max-snippet:-1","max-image-preview":"max-image-preview:large","max-video-preview":"max-video-preview:-1"},"canonical":"https:\/\/sudoesteacontece.com.br\/?p=28855","og_locale":"pt_BR","og_type":"article","og_title":"Pais de advogado encontrado morto em Xique-Xique relatam dor e cobram esclarecimentos - Sudoesteacontece","og_description":"O advogado Gabriel da Silva Alves, de 31 anos, foi sepultado no domingo (30), em Xique-Xique, no interior da Bahia, ap\u00f3s uma semana de buscas. O corpo foi encontrado no s\u00e1bado (29), por volta das 10h, em uma \u00e1rea de mata do munic\u00edpio, em avan\u00e7ado estado de decomposi\u00e7\u00e3o. A localiza\u00e7\u00e3o ocorreu depois que familiares e equipes de seguran\u00e7a encontraram outros pertences do advogado durante as buscas. Gabriel estava desaparecido desde s\u00e1bado (22), quando deixou de ser visto ap\u00f3s sair de um bar onde participava de uma confraterniza\u00e7\u00e3o com amigos. Segundo familiares, ele recebeu uma liga\u00e7\u00e3o durante o encontro, disse que iria a outro local e retornaria em seguida. O advogado deixou o estabelecimento em uma motocicleta e n\u00e3o foi mais localizado naquele momento. Durante a procura, a motocicleta de Gabriel foi encontrada na quinta-feira (27), dentro de uma cratera formada por antigas atividades de garimpo. Cerca de 200 metros do ponto, foram localizados os \u00f3culos do advogado e, posteriormente, um chinelo que pertenceria a ele. A sequ\u00eancia dos achados levou familiares a suspeitarem de uma poss\u00edvel luta corporal, hip\u00f3tese que n\u00e3o foi confirmada pelas autoridades. No local onde o corpo foi encontrado, equipes localizaram objetos atribu\u00eddos ao advogado, entre eles um celular danificado, documentos e um capacete. A \u00e1rea foi preservada para os trabalhos periciais. O cad\u00e1ver foi encaminhado para os procedimentos legais antes de ser liberado para a fam\u00edlia, que realizou o vel\u00f3rio no domingo, na Igreja Matriz de Xique-Xique. Segundo Maria de Lurdes, m\u00e3e de Gabriel, o filho mantinha comportamento pac\u00edfico e evitava conflitos. Em relato emocionado, ela afirmou que o advogado n\u00e3o gostava de viol\u00eancia, n\u00e3o costumava falar alto e defendia que discuss\u00f5es n\u00e3o resolviam problemas. A m\u00e3e tamb\u00e9m destacou a confian\u00e7a que Gabriel mantinha nas pessoas e a proximidade dele com familiares. Abalado, o pai, Belarmino Alves, descreveu a rotina do filho e afirmou que Gabriel era trabalhador, mantinha contato pr\u00f3ximo com a fam\u00edlia e costumava voltar para casa durante o expediente. Ele tamb\u00e9m relatou a dificuldade enfrentada pela fam\u00edlia para reconhecer o corpo devido ao estado de decomposi\u00e7\u00e3o e mencionou a suspeita de que o filho tenha sido levado para uma \u00e1rea isolada. Dois homens, identificados como Alan e Rom\u00e1rio, est\u00e3o presos no contexto das investiga\u00e7\u00f5es e s\u00e3o apontados como suspeitos do crime. A pol\u00edcia ainda apura as circunst\u00e2ncias da morte, o que aconteceu depois que Gabriel deixou o bar e a eventual motiva\u00e7\u00e3o. O caso permanece sob investiga\u00e7\u00e3o das autoridades respons\u00e1veis.","og_url":"https:\/\/sudoesteacontece.com.br\/?p=28855","og_site_name":"Sudoesteacontece","article_publisher":"https:\/\/www.facebook.com\/sudoesteacontece\/?locale=pt_BR","article_published_time":"2026-08-31T21:26:41+00:00","article_modified_time":"2026-08-31T21:26:46+00:00","og_image":[{"width":900,"height":600,"url":"https:\/\/sudoesteacontece.com.br\/wp-content\/uploads\/2026\/08\/Pais-de-advogado-encontrado-morto-em-Xique-Xique-relatam-dor-e-cobram-esclarecimentos.jpg","type":"image\/jpeg"}],"author":"Reda\u00e7\u00e3o","twitter_card":"summary_large_image","twitter_misc":{"Escrito por":"Reda\u00e7\u00e3o","Est. tempo de leitura":"3 minutos"},"schema":{"@context":"https:\/\/schema.org","@graph":[{"@type":"Article","@id":"https:\/\/sudoesteacontece.com.br\/?p=28855#article","isPartOf":{"@id":"https:\/\/sudoesteacontece.com.br\/?p=28855"},"author":{"name":"Reda\u00e7\u00e3o","@id":"https:\/\/sudoesteacontece.com.br\/#\/schema\/person\/a4f22429c1d0923ef8f7d43343f8dc38"},"headline":"Pais de advogado encontrado morto em Xique-Xique relatam dor e cobram esclarecimentos","datePublished":"2026-08-31T21:26:41+00:00","dateModified":"2026-08-31T21:26:46+00:00","mainEntityOfPage":{"@id":"https:\/\/sudoesteacontece.com.br\/?p=28855"},"wordCount":457,"commentCount":0,"publisher":{"@id":"https:\/\/sudoesteacontece.com.br\/#organization"},"image":{"@id":"https:\/\/sudoesteacontece.com.br\/?p=28855#primaryimage"},"thumbnailUrl":"http:\/\/sudoesteacontece.com.br\/wp-content\/uploads\/2026\/08\/Pais-de-advogado-encontrado-morto-em-Xique-Xique-relatam-dor-e-cobram-esclarecimentos.jpg","articleSection":["Bahia","Cidades","Pol\u00edcia"],"inLanguage":"pt-BR","potentialAction":[{"@type":"CommentAction","name":"Comment","target":["https:\/\/sudoesteacontece.com.br\/?p=28855#respond"]}]},{"@type":"WebPage","@id":"https:\/\/sudoesteacontece.com.br\/?p=28855","url":"https:\/\/sudoesteacontece.com.br\/?p=28855","name":"Pais de advogado encontrado morto em Xique-Xique relatam dor e cobram esclarecimentos - Sudoesteacontece","isPartOf":{"@id":"https:\/\/sudoesteacontece.com.br\/#website"},"primaryImageOfPage":{"@id":"https:\/\/sudoesteacontece.com.br\/?p=28855#primaryimage"},"image":{"@id":"https:\/\/sudoesteacontece.com.br\/?p=28855#primaryimage"},"thumbnailUrl":"http:\/\/sudoesteacontece.com.br\/wp-content\/uploads\/2026\/08\/Pais-de-advogado-encontrado-morto-em-Xique-Xique-relatam-dor-e-cobram-esclarecimentos.jpg","datePublished":"2026-08-31T21:26:41+00:00","dateModified":"2026-08-31T21:26:46+00:00","breadcrumb":{"@id":"https:\/\/sudoesteacontece.com.br\/?p=28855#breadcrumb"},"inLanguage":"pt-BR","potentialAction":[{"@type":"ReadAction","target":["https:\/\/sudoesteacontece.com.br\/?p=28855"]}]},{"@type":"ImageObject","inLanguage":"pt-BR","@id":"https:\/\/sudoesteacontece.com.br\/?p=28855#primaryimage","url":"https:\/\/sudoesteacontece.com.br\/wp-content\/uploads\/2026\/08\/Pais-de-advogado-encontrado-morto-em-Xique-Xique-relatam-dor-e-cobram-esclarecimentos.jpg","contentUrl":"https:\/\/sudoesteacontece.com.br\/wp-content\/uploads\/2026\/08\/Pais-de-advogado-encontrado-morto-em-Xique-Xique-relatam-dor-e-cobram-esclarecimentos.jpg","width":900,"height":600},{"@type":"BreadcrumbList","@id":"https:\/\/sudoesteacontece.com.br\/?p=28855#breadcrumb","itemListElement":[{"@type":"ListItem","position":1,"name":"In\u00edcio","item":"https:\/\/sudoesteacontece.com.br\/"},{"@type":"ListItem","position":2,"name":"Pais de advogado encontrado morto em Xique-Xique relatam dor e cobram esclarecimentos"}]},{"@type":"WebSite","@id":"https:\/\/sudoesteacontece.com.br\/#website","url":"https:\/\/sudoesteacontece.com.br\/","name":"Sudoesteacontece","description":"","publisher":{"@id":"https:\/\/sudoesteacontece.com.br\/#organization"},"potentialAction":[{"@type":"SearchAction","target":{"@type":"EntryPoint","urlTemplate":"https:\/\/sudoesteacontece.com.br\/?s={search_term_string}"},"query-input":{"@type":"PropertyValueSpecification","valueRequired":true,"valueName":"search_term_string"}}],"inLanguage":"pt-BR"},{"@type":"Organization","@id":"https:\/\/sudoesteacontece.com.br\/#organization","name":"Sudoesteacontece","url":"https:\/\/sudoesteacontece.com.br\/","logo":{"@type":"ImageObject","inLanguage":"pt-BR","@id":"https:\/\/sudoesteacontece.com.br\/#\/schema\/logo\/image\/","url":"https:\/\/sudoesteacontece.com.br\/wp-content\/uploads\/2025\/12\/cropped-logo-2-180x180-1.png","contentUrl":"https:\/\/sudoesteacontece.com.br\/wp-content\/uploads\/2025\/12\/cropped-logo-2-180x180-1.png","width":180,"height":180,"caption":"Sudoesteacontece"},"image":{"@id":"https:\/\/sudoesteacontece.com.br\/#\/schema\/logo\/image\/"},"sameAs":["https:\/\/www.facebook.com\/sudoesteacontece\/?locale=pt_BR"]},{"@type":"Person","@id":"https:\/\/sudoesteacontece.com.br\/#\/schema\/person\/a4f22429c1d0923ef8f7d43343f8dc38","name":"Reda\u00e7\u00e3o","image":{"@type":"ImageObject","inLanguage":"pt-BR","@id":"https:\/\/sudoesteacontece.com.br\/#\/schema\/person\/image\/","url":"https:\/\/secure.gravatar.com\/avatar\/c3a5b3c93f268a709c25a2df414c629a96fb3b1b4bf97a94fb3f72e54ae76903?s=96&d=mm&r=g","contentUrl":"https:\/\/secure.gravatar.com\/avatar\/c3a5b3c93f268a709c25a2df414c629a96fb3b1b4bf97a94fb3f72e54ae76903?s=96&d=mm&r=g","caption":"Reda\u00e7\u00e3o"},"url":"https:\/\/sudoesteacontece.com.br\/?author=4"}]}},"_links":{"self":[{"href":"https:\/\/sudoesteacontece.com.br\/index.php?rest_route=\/wp\/v2\/posts\/28855","targetHints":{"allow":["GET"]}}],"collection":[{"href":"https:\/\/sudoesteacontece.com.br\/index.php?rest_route=\/wp\/v2\/posts"}],"about":[{"href":"https:\/\/sudoesteacontece.com.br\/index.php?rest_route=\/wp\/v2\/types\/post"}],"author":[{"embeddable":true,"href":"https:\/\/sudoesteacontece.com.br\/index.php?rest_route=\/wp\/v2\/users\/4"}],"replies":[{"embeddable":true,"href":"https:\/\/sudoesteacontece.com.br\/index.php?rest_route=%2Fwp%2Fv2%2Fcomments&post=28855"}],"version-history":[{"count":1,"href":"https:\/\/sudoesteacontece.com.br\/index.php?rest_route=\/wp\/v2\/posts\/28855\/revisions"}],"predecessor-version":[{"id":28895,"href":"https:\/\/sudoesteacontece.com.br\/index.php?rest_route=\/wp\/v2\/posts\/28855\/revisions\/28895"}],"wp:attachment":[{"href":"https:\/\/sudoesteacontece.com.br\/index.php?rest_route=%2Fwp%2Fv2%2Fmedia&parent=28855"}],"wp:term":[{"taxonomy":"category","embeddable":true,"href":"https:\/\/sudoesteacontece.com.br\/index.php?rest_route=%2Fwp%2Fv2%2Fcategories&post=28855"},{"taxonomy":"post_tag","embeddable":true,"href":"https:\/\/sudoesteacontece.com.br\/index.php?rest_route=%2Fwp%2Fv2%2Ftags&post=28855"}],"curies":[{"name":"wp","href":"https:\/\/api.w.org\/{rel}","templated":true}]}}