{"id":28913,"date":"2026-09-01T12:18:22","date_gmt":"2026-09-01T15:18:22","guid":{"rendered":"https:\/\/sudoesteacontece.com.br\/?p=28913"},"modified":"2026-09-01T12:18:29","modified_gmt":"2026-09-01T15:18:29","slug":"paramirim-se-despede-de-quatro-criancas-mortas-em-tragedia-no-interior-da-bahia","status":"publish","type":"post","link":"https:\/\/sudoesteacontece.com.br\/?p=28913","title":{"rendered":"Paramirim se despede de quatro crian\u00e7as mortas em trag\u00e9dia no interior da Bahia"},"content":{"rendered":"\n<figure class=\"wp-block-image size-full\"><img fetchpriority=\"high\" decoding=\"async\" width=\"900\" height=\"600\" src=\"http:\/\/sudoesteacontece.com.br\/wp-content\/uploads\/2026\/09\/Paramirim-se-despede-de-quatro-criancas-mortas-em-tragedia-no-interior-da-Bahia.jpg\" alt=\"\" class=\"wp-image-28988\" srcset=\"https:\/\/sudoesteacontece.com.br\/wp-content\/uploads\/2026\/09\/Paramirim-se-despede-de-quatro-criancas-mortas-em-tragedia-no-interior-da-Bahia.jpg 900w, https:\/\/sudoesteacontece.com.br\/wp-content\/uploads\/2026\/09\/Paramirim-se-despede-de-quatro-criancas-mortas-em-tragedia-no-interior-da-Bahia-300x200.jpg 300w, https:\/\/sudoesteacontece.com.br\/wp-content\/uploads\/2026\/09\/Paramirim-se-despede-de-quatro-criancas-mortas-em-tragedia-no-interior-da-Bahia-768x512.jpg 768w\" sizes=\"(max-width: 900px) 100vw, 900px\" \/><\/figure>\n\n\n\n<p class=\"wp-block-paragraph\">Centenas de pessoas participaram nesta segunda-feira (31) das \u00faltimas homenagens \u00e0s quatro crian\u00e7as que morreram afogadas no domingo (30), na comunidade rural de Salina Branca, em Paramirim, no sudoeste da Bahia. Os corpos foram velados juntos e receberam ora\u00e7\u00f5es durante uma cerim\u00f4nia religiosa. Familiares, moradores e lideran\u00e7as da Igreja acompanharam o momento de despedida e prestaram solidariedade aos parentes das v\u00edtimas.<\/p>\n\n\n\n<p class=\"wp-block-paragraph\">Durante a cerim\u00f4nia, os caix\u00f5es brancos de Lorenzo Almeida, Jeferson Davi da Silva, Jakson Diego da Silva e Jos\u00e9 Diogo da Silva foram colocados lado a lado. O rito de encomenda\u00e7\u00e3o e ora\u00e7\u00e3o foi presidido pelo bispo da Diocese de Livramento de Nossa Senhora. Padres da regi\u00e3o tamb\u00e9m participaram e acompanharam os familiares durante as homenagens.<\/p>\n\n\n\n<p class=\"wp-block-paragraph\">Segundo as informa\u00e7\u00f5es sobre o acidente, as crian\u00e7as estavam brincando em um cocho utilizado em uma \u00e1rea de reservat\u00f3rio de \u00e1gua quando o objeto virou e afundou. Quatro delas morreram ap\u00f3s o afogamento. Uma quinta crian\u00e7a, de 11 anos, conseguiu nadar at\u00e9 a margem e sobreviveu ao acidente ocorrido na zona rural do munic\u00edpio.<\/p>\n\n\n\n<p class=\"wp-block-paragraph\">Na ocasi\u00e3o das despedidas, a Diocese de Livramento de Nossa Senhora e a Par\u00f3quia Santo Ant\u00f4nio de Paramirim divulgaram notas de pesar. As institui\u00e7\u00f5es religiosas manifestaram solidariedade \u00e0s fam\u00edlias e afirmaram que permaneceriam unidas aos parentes das v\u00edtimas em ora\u00e7\u00e3o e comunh\u00e3o diante da trag\u00e9dia.<\/p>\n\n\n\n<p class=\"wp-block-paragraph\">Por fim, o sepultamento reuniu moradores de Paramirim e mobilizou a comunidade local. As fam\u00edlias receberam manifesta\u00e7\u00f5es de solidariedade durante as homenagens, enquanto a cidade acompanhou o \u00faltimo adeus \u00e0s quatro crian\u00e7as da mesma fam\u00edlia.<\/p>\n","protected":false},"excerpt":{"rendered":"<p>Centenas de pessoas participaram nesta segunda-feira (31) das \u00faltimas homenagens \u00e0s quatro crian\u00e7as que morreram afogadas no domingo (30), na comunidade rural de Salina Branca, em Paramirim, no sudoeste da Bahia. Os corpos foram velados juntos e receberam ora\u00e7\u00f5es durante uma cerim\u00f4nia religiosa. Familiares, moradores e lideran\u00e7as da Igreja acompanharam o momento de despedida e prestaram solidariedade aos parentes das v\u00edtimas. Durante a cerim\u00f4nia, os caix\u00f5es brancos de Lorenzo Almeida, Jeferson Davi da Silva, Jakson Diego da Silva e Jos\u00e9 Diogo da Silva foram colocados lado a lado. O rito de encomenda\u00e7\u00e3o e ora\u00e7\u00e3o foi presidido pelo bispo da Diocese de Livramento de Nossa Senhora. Padres da regi\u00e3o tamb\u00e9m participaram e acompanharam os familiares durante as homenagens. Segundo as informa\u00e7\u00f5es sobre o acidente, as crian\u00e7as estavam brincando em um cocho utilizado em uma \u00e1rea de reservat\u00f3rio de \u00e1gua quando o objeto virou e afundou. Quatro delas morreram ap\u00f3s o afogamento. Uma quinta crian\u00e7a, de 11 anos, conseguiu nadar at\u00e9 a margem e sobreviveu ao acidente ocorrido na zona rural do munic\u00edpio. Na ocasi\u00e3o das despedidas, a Diocese de Livramento de Nossa Senhora e a Par\u00f3quia Santo Ant\u00f4nio de Paramirim divulgaram notas de pesar. As institui\u00e7\u00f5es religiosas manifestaram solidariedade \u00e0s fam\u00edlias e afirmaram que permaneceriam unidas aos parentes das v\u00edtimas em ora\u00e7\u00e3o e comunh\u00e3o diante da trag\u00e9dia. Por fim, o sepultamento reuniu moradores de Paramirim e mobilizou a comunidade local. As fam\u00edlias receberam manifesta\u00e7\u00f5es de solidariedade durante as homenagens, enquanto a cidade acompanhou o \u00faltimo adeus \u00e0s quatro crian\u00e7as da mesma fam\u00edlia.<\/p>\n","protected":false},"author":4,"featured_media":28988,"comment_status":"open","ping_status":"open","sticky":false,"template":"","format":"standard","meta":{"footnotes":""},"categories":[4,43,50,3],"tags":[],"class_list":["post-28913","post","type-post","status-publish","format-standard","has-post-thumbnail","hentry","category-cidades","category-educacao","category-paramirim","category-policia"],"yoast_head":"<!-- This site is optimized with the Yoast SEO plugin v26.5 - https:\/\/yoast.com\/wordpress\/plugins\/seo\/ -->\n<title>Paramirim se despede de quatro crian\u00e7as mortas em trag\u00e9dia no interior da Bahia - Sudoesteacontece<\/title>\n<meta name=\"robots\" content=\"index, follow, max-snippet:-1, max-image-preview:large, max-video-preview:-1\" \/>\n<link rel=\"canonical\" href=\"https:\/\/sudoesteacontece.com.br\/?p=28913\" \/>\n<meta property=\"og:locale\" content=\"pt_BR\" \/>\n<meta property=\"og:type\" content=\"article\" \/>\n<meta property=\"og:title\" content=\"Paramirim se despede de quatro crian\u00e7as mortas em trag\u00e9dia no interior da Bahia - Sudoesteacontece\" \/>\n<meta property=\"og:description\" content=\"Centenas de pessoas participaram nesta segunda-feira (31) das \u00faltimas homenagens \u00e0s quatro crian\u00e7as que morreram afogadas no domingo (30), na comunidade rural de Salina Branca, em Paramirim, no sudoeste da Bahia. Os corpos foram velados juntos e receberam ora\u00e7\u00f5es durante uma cerim\u00f4nia religiosa. Familiares, moradores e lideran\u00e7as da Igreja acompanharam o momento de despedida e prestaram solidariedade aos parentes das v\u00edtimas. Durante a cerim\u00f4nia, os caix\u00f5es brancos de Lorenzo Almeida, Jeferson Davi da Silva, Jakson Diego da Silva e Jos\u00e9 Diogo da Silva foram colocados lado a lado. O rito de encomenda\u00e7\u00e3o e ora\u00e7\u00e3o foi presidido pelo bispo da Diocese de Livramento de Nossa Senhora. Padres da regi\u00e3o tamb\u00e9m participaram e acompanharam os familiares durante as homenagens. Segundo as informa\u00e7\u00f5es sobre o acidente, as crian\u00e7as estavam brincando em um cocho utilizado em uma \u00e1rea de reservat\u00f3rio de \u00e1gua quando o objeto virou e afundou. Quatro delas morreram ap\u00f3s o afogamento. Uma quinta crian\u00e7a, de 11 anos, conseguiu nadar at\u00e9 a margem e sobreviveu ao acidente ocorrido na zona rural do munic\u00edpio. Na ocasi\u00e3o das despedidas, a Diocese de Livramento de Nossa Senhora e a Par\u00f3quia Santo Ant\u00f4nio de Paramirim divulgaram notas de pesar. As institui\u00e7\u00f5es religiosas manifestaram solidariedade \u00e0s fam\u00edlias e afirmaram que permaneceriam unidas aos parentes das v\u00edtimas em ora\u00e7\u00e3o e comunh\u00e3o diante da trag\u00e9dia. Por fim, o sepultamento reuniu moradores de Paramirim e mobilizou a comunidade local. As fam\u00edlias receberam manifesta\u00e7\u00f5es de solidariedade durante as homenagens, enquanto a cidade acompanhou o \u00faltimo adeus \u00e0s quatro crian\u00e7as da mesma fam\u00edlia.\" \/>\n<meta property=\"og:url\" content=\"https:\/\/sudoesteacontece.com.br\/?p=28913\" \/>\n<meta property=\"og:site_name\" content=\"Sudoesteacontece\" \/>\n<meta property=\"article:publisher\" content=\"https:\/\/www.facebook.com\/sudoesteacontece\/?locale=pt_BR\" \/>\n<meta property=\"article:published_time\" content=\"2026-09-01T15:18:22+00:00\" \/>\n<meta property=\"article:modified_time\" content=\"2026-09-01T15:18:29+00:00\" \/>\n<meta property=\"og:image\" content=\"http:\/\/sudoesteacontece.com.br\/wp-content\/uploads\/2026\/09\/Paramirim-se-despede-de-quatro-criancas-mortas-em-tragedia-no-interior-da-Bahia.jpg\" \/>\n\t<meta property=\"og:image:width\" content=\"900\" \/>\n\t<meta property=\"og:image:height\" content=\"600\" \/>\n\t<meta property=\"og:image:type\" content=\"image\/jpeg\" \/>\n<meta name=\"author\" content=\"Reda\u00e7\u00e3o\" \/>\n<meta name=\"twitter:card\" content=\"summary_large_image\" \/>\n<meta name=\"twitter:label1\" content=\"Escrito por\" \/>\n\t<meta name=\"twitter:data1\" content=\"Reda\u00e7\u00e3o\" \/>\n\t<meta name=\"twitter:label2\" content=\"Est. tempo de leitura\" \/>\n\t<meta name=\"twitter:data2\" content=\"2 minutos\" \/>\n<script type=\"application\/ld+json\" class=\"yoast-schema-graph\">{\"@context\":\"https:\/\/schema.org\",\"@graph\":[{\"@type\":\"Article\",\"@id\":\"https:\/\/sudoesteacontece.com.br\/?p=28913#article\",\"isPartOf\":{\"@id\":\"https:\/\/sudoesteacontece.com.br\/?p=28913\"},\"author\":{\"name\":\"Reda\u00e7\u00e3o\",\"@id\":\"https:\/\/sudoesteacontece.com.br\/#\/schema\/person\/a4f22429c1d0923ef8f7d43343f8dc38\"},\"headline\":\"Paramirim se despede de quatro crian\u00e7as mortas em trag\u00e9dia no interior da Bahia\",\"datePublished\":\"2026-09-01T15:18:22+00:00\",\"dateModified\":\"2026-09-01T15:18:29+00:00\",\"mainEntityOfPage\":{\"@id\":\"https:\/\/sudoesteacontece.com.br\/?p=28913\"},\"wordCount\":293,\"commentCount\":0,\"publisher\":{\"@id\":\"https:\/\/sudoesteacontece.com.br\/#organization\"},\"image\":{\"@id\":\"https:\/\/sudoesteacontece.com.br\/?p=28913#primaryimage\"},\"thumbnailUrl\":\"https:\/\/sudoesteacontece.com.br\/wp-content\/uploads\/2026\/09\/Paramirim-se-despede-de-quatro-criancas-mortas-em-tragedia-no-interior-da-Bahia.jpg\",\"articleSection\":[\"Cidades\",\"Educa\u00e7\u00e3o\",\"Paramirim\",\"Pol\u00edcia\"],\"inLanguage\":\"pt-BR\",\"potentialAction\":[{\"@type\":\"CommentAction\",\"name\":\"Comment\",\"target\":[\"https:\/\/sudoesteacontece.com.br\/?p=28913#respond\"]}]},{\"@type\":\"WebPage\",\"@id\":\"https:\/\/sudoesteacontece.com.br\/?p=28913\",\"url\":\"https:\/\/sudoesteacontece.com.br\/?p=28913\",\"name\":\"Paramirim se despede de quatro crian\u00e7as mortas em trag\u00e9dia no interior da Bahia - Sudoesteacontece\",\"isPartOf\":{\"@id\":\"https:\/\/sudoesteacontece.com.br\/#website\"},\"primaryImageOfPage\":{\"@id\":\"https:\/\/sudoesteacontece.com.br\/?p=28913#primaryimage\"},\"image\":{\"@id\":\"https:\/\/sudoesteacontece.com.br\/?p=28913#primaryimage\"},\"thumbnailUrl\":\"https:\/\/sudoesteacontece.com.br\/wp-content\/uploads\/2026\/09\/Paramirim-se-despede-de-quatro-criancas-mortas-em-tragedia-no-interior-da-Bahia.jpg\",\"datePublished\":\"2026-09-01T15:18:22+00:00\",\"dateModified\":\"2026-09-01T15:18:29+00:00\",\"breadcrumb\":{\"@id\":\"https:\/\/sudoesteacontece.com.br\/?p=28913#breadcrumb\"},\"inLanguage\":\"pt-BR\",\"potentialAction\":[{\"@type\":\"ReadAction\",\"target\":[\"https:\/\/sudoesteacontece.com.br\/?p=28913\"]}]},{\"@type\":\"ImageObject\",\"inLanguage\":\"pt-BR\",\"@id\":\"https:\/\/sudoesteacontece.com.br\/?p=28913#primaryimage\",\"url\":\"https:\/\/sudoesteacontece.com.br\/wp-content\/uploads\/2026\/09\/Paramirim-se-despede-de-quatro-criancas-mortas-em-tragedia-no-interior-da-Bahia.jpg\",\"contentUrl\":\"https:\/\/sudoesteacontece.com.br\/wp-content\/uploads\/2026\/09\/Paramirim-se-despede-de-quatro-criancas-mortas-em-tragedia-no-interior-da-Bahia.jpg\",\"width\":900,\"height\":600},{\"@type\":\"BreadcrumbList\",\"@id\":\"https:\/\/sudoesteacontece.com.br\/?p=28913#breadcrumb\",\"itemListElement\":[{\"@type\":\"ListItem\",\"position\":1,\"name\":\"In\u00edcio\",\"item\":\"https:\/\/sudoesteacontece.com.br\/\"},{\"@type\":\"ListItem\",\"position\":2,\"name\":\"Paramirim se despede de quatro crian\u00e7as mortas em trag\u00e9dia no interior da Bahia\"}]},{\"@type\":\"WebSite\",\"@id\":\"https:\/\/sudoesteacontece.com.br\/#website\",\"url\":\"https:\/\/sudoesteacontece.com.br\/\",\"name\":\"Sudoesteacontece\",\"description\":\"\",\"publisher\":{\"@id\":\"https:\/\/sudoesteacontece.com.br\/#organization\"},\"potentialAction\":[{\"@type\":\"SearchAction\",\"target\":{\"@type\":\"EntryPoint\",\"urlTemplate\":\"https:\/\/sudoesteacontece.com.br\/?s={search_term_string}\"},\"query-input\":{\"@type\":\"PropertyValueSpecification\",\"valueRequired\":true,\"valueName\":\"search_term_string\"}}],\"inLanguage\":\"pt-BR\"},{\"@type\":\"Organization\",\"@id\":\"https:\/\/sudoesteacontece.com.br\/#organization\",\"name\":\"Sudoesteacontece\",\"url\":\"https:\/\/sudoesteacontece.com.br\/\",\"logo\":{\"@type\":\"ImageObject\",\"inLanguage\":\"pt-BR\",\"@id\":\"https:\/\/sudoesteacontece.com.br\/#\/schema\/logo\/image\/\",\"url\":\"https:\/\/sudoesteacontece.com.br\/wp-content\/uploads\/2025\/12\/cropped-logo-2-180x180-1.png\",\"contentUrl\":\"https:\/\/sudoesteacontece.com.br\/wp-content\/uploads\/2025\/12\/cropped-logo-2-180x180-1.png\",\"width\":180,\"height\":180,\"caption\":\"Sudoesteacontece\"},\"image\":{\"@id\":\"https:\/\/sudoesteacontece.com.br\/#\/schema\/logo\/image\/\"},\"sameAs\":[\"https:\/\/www.facebook.com\/sudoesteacontece\/?locale=pt_BR\"]},{\"@type\":\"Person\",\"@id\":\"https:\/\/sudoesteacontece.com.br\/#\/schema\/person\/a4f22429c1d0923ef8f7d43343f8dc38\",\"name\":\"Reda\u00e7\u00e3o\",\"image\":{\"@type\":\"ImageObject\",\"inLanguage\":\"pt-BR\",\"@id\":\"https:\/\/sudoesteacontece.com.br\/#\/schema\/person\/image\/\",\"url\":\"https:\/\/secure.gravatar.com\/avatar\/c3a5b3c93f268a709c25a2df414c629a96fb3b1b4bf97a94fb3f72e54ae76903?s=96&d=mm&r=g\",\"contentUrl\":\"https:\/\/secure.gravatar.com\/avatar\/c3a5b3c93f268a709c25a2df414c629a96fb3b1b4bf97a94fb3f72e54ae76903?s=96&d=mm&r=g\",\"caption\":\"Reda\u00e7\u00e3o\"},\"url\":\"https:\/\/sudoesteacontece.com.br\/?author=4\"}]}<\/script>\n<!-- \/ Yoast SEO plugin. -->","yoast_head_json":{"title":"Paramirim se despede de quatro crian\u00e7as mortas em trag\u00e9dia no interior da Bahia - Sudoesteacontece","robots":{"index":"index","follow":"follow","max-snippet":"max-snippet:-1","max-image-preview":"max-image-preview:large","max-video-preview":"max-video-preview:-1"},"canonical":"https:\/\/sudoesteacontece.com.br\/?p=28913","og_locale":"pt_BR","og_type":"article","og_title":"Paramirim se despede de quatro crian\u00e7as mortas em trag\u00e9dia no interior da Bahia - Sudoesteacontece","og_description":"Centenas de pessoas participaram nesta segunda-feira (31) das \u00faltimas homenagens \u00e0s quatro crian\u00e7as que morreram afogadas no domingo (30), na comunidade rural de Salina Branca, em Paramirim, no sudoeste da Bahia. Os corpos foram velados juntos e receberam ora\u00e7\u00f5es durante uma cerim\u00f4nia religiosa. Familiares, moradores e lideran\u00e7as da Igreja acompanharam o momento de despedida e prestaram solidariedade aos parentes das v\u00edtimas. Durante a cerim\u00f4nia, os caix\u00f5es brancos de Lorenzo Almeida, Jeferson Davi da Silva, Jakson Diego da Silva e Jos\u00e9 Diogo da Silva foram colocados lado a lado. O rito de encomenda\u00e7\u00e3o e ora\u00e7\u00e3o foi presidido pelo bispo da Diocese de Livramento de Nossa Senhora. Padres da regi\u00e3o tamb\u00e9m participaram e acompanharam os familiares durante as homenagens. Segundo as informa\u00e7\u00f5es sobre o acidente, as crian\u00e7as estavam brincando em um cocho utilizado em uma \u00e1rea de reservat\u00f3rio de \u00e1gua quando o objeto virou e afundou. Quatro delas morreram ap\u00f3s o afogamento. Uma quinta crian\u00e7a, de 11 anos, conseguiu nadar at\u00e9 a margem e sobreviveu ao acidente ocorrido na zona rural do munic\u00edpio. Na ocasi\u00e3o das despedidas, a Diocese de Livramento de Nossa Senhora e a Par\u00f3quia Santo Ant\u00f4nio de Paramirim divulgaram notas de pesar. As institui\u00e7\u00f5es religiosas manifestaram solidariedade \u00e0s fam\u00edlias e afirmaram que permaneceriam unidas aos parentes das v\u00edtimas em ora\u00e7\u00e3o e comunh\u00e3o diante da trag\u00e9dia. Por fim, o sepultamento reuniu moradores de Paramirim e mobilizou a comunidade local. As fam\u00edlias receberam manifesta\u00e7\u00f5es de solidariedade durante as homenagens, enquanto a cidade acompanhou o \u00faltimo adeus \u00e0s quatro crian\u00e7as da mesma fam\u00edlia.","og_url":"https:\/\/sudoesteacontece.com.br\/?p=28913","og_site_name":"Sudoesteacontece","article_publisher":"https:\/\/www.facebook.com\/sudoesteacontece\/?locale=pt_BR","article_published_time":"2026-09-01T15:18:22+00:00","article_modified_time":"2026-09-01T15:18:29+00:00","og_image":[{"width":900,"height":600,"url":"http:\/\/sudoesteacontece.com.br\/wp-content\/uploads\/2026\/09\/Paramirim-se-despede-de-quatro-criancas-mortas-em-tragedia-no-interior-da-Bahia.jpg","type":"image\/jpeg"}],"author":"Reda\u00e7\u00e3o","twitter_card":"summary_large_image","twitter_misc":{"Escrito por":"Reda\u00e7\u00e3o","Est. tempo de leitura":"2 minutos"},"schema":{"@context":"https:\/\/schema.org","@graph":[{"@type":"Article","@id":"https:\/\/sudoesteacontece.com.br\/?p=28913#article","isPartOf":{"@id":"https:\/\/sudoesteacontece.com.br\/?p=28913"},"author":{"name":"Reda\u00e7\u00e3o","@id":"https:\/\/sudoesteacontece.com.br\/#\/schema\/person\/a4f22429c1d0923ef8f7d43343f8dc38"},"headline":"Paramirim se despede de quatro crian\u00e7as mortas em trag\u00e9dia no interior da Bahia","datePublished":"2026-09-01T15:18:22+00:00","dateModified":"2026-09-01T15:18:29+00:00","mainEntityOfPage":{"@id":"https:\/\/sudoesteacontece.com.br\/?p=28913"},"wordCount":293,"commentCount":0,"publisher":{"@id":"https:\/\/sudoesteacontece.com.br\/#organization"},"image":{"@id":"https:\/\/sudoesteacontece.com.br\/?p=28913#primaryimage"},"thumbnailUrl":"https:\/\/sudoesteacontece.com.br\/wp-content\/uploads\/2026\/09\/Paramirim-se-despede-de-quatro-criancas-mortas-em-tragedia-no-interior-da-Bahia.jpg","articleSection":["Cidades","Educa\u00e7\u00e3o","Paramirim","Pol\u00edcia"],"inLanguage":"pt-BR","potentialAction":[{"@type":"CommentAction","name":"Comment","target":["https:\/\/sudoesteacontece.com.br\/?p=28913#respond"]}]},{"@type":"WebPage","@id":"https:\/\/sudoesteacontece.com.br\/?p=28913","url":"https:\/\/sudoesteacontece.com.br\/?p=28913","name":"Paramirim se despede de quatro crian\u00e7as mortas em trag\u00e9dia no interior da Bahia - Sudoesteacontece","isPartOf":{"@id":"https:\/\/sudoesteacontece.com.br\/#website"},"primaryImageOfPage":{"@id":"https:\/\/sudoesteacontece.com.br\/?p=28913#primaryimage"},"image":{"@id":"https:\/\/sudoesteacontece.com.br\/?p=28913#primaryimage"},"thumbnailUrl":"https:\/\/sudoesteacontece.com.br\/wp-content\/uploads\/2026\/09\/Paramirim-se-despede-de-quatro-criancas-mortas-em-tragedia-no-interior-da-Bahia.jpg","datePublished":"2026-09-01T15:18:22+00:00","dateModified":"2026-09-01T15:18:29+00:00","breadcrumb":{"@id":"https:\/\/sudoesteacontece.com.br\/?p=28913#breadcrumb"},"inLanguage":"pt-BR","potentialAction":[{"@type":"ReadAction","target":["https:\/\/sudoesteacontece.com.br\/?p=28913"]}]},{"@type":"ImageObject","inLanguage":"pt-BR","@id":"https:\/\/sudoesteacontece.com.br\/?p=28913#primaryimage","url":"https:\/\/sudoesteacontece.com.br\/wp-content\/uploads\/2026\/09\/Paramirim-se-despede-de-quatro-criancas-mortas-em-tragedia-no-interior-da-Bahia.jpg","contentUrl":"https:\/\/sudoesteacontece.com.br\/wp-content\/uploads\/2026\/09\/Paramirim-se-despede-de-quatro-criancas-mortas-em-tragedia-no-interior-da-Bahia.jpg","width":900,"height":600},{"@type":"BreadcrumbList","@id":"https:\/\/sudoesteacontece.com.br\/?p=28913#breadcrumb","itemListElement":[{"@type":"ListItem","position":1,"name":"In\u00edcio","item":"https:\/\/sudoesteacontece.com.br\/"},{"@type":"ListItem","position":2,"name":"Paramirim se despede de quatro crian\u00e7as mortas em trag\u00e9dia no interior da Bahia"}]},{"@type":"WebSite","@id":"https:\/\/sudoesteacontece.com.br\/#website","url":"https:\/\/sudoesteacontece.com.br\/","name":"Sudoesteacontece","description":"","publisher":{"@id":"https:\/\/sudoesteacontece.com.br\/#organization"},"potentialAction":[{"@type":"SearchAction","target":{"@type":"EntryPoint","urlTemplate":"https:\/\/sudoesteacontece.com.br\/?s={search_term_string}"},"query-input":{"@type":"PropertyValueSpecification","valueRequired":true,"valueName":"search_term_string"}}],"inLanguage":"pt-BR"},{"@type":"Organization","@id":"https:\/\/sudoesteacontece.com.br\/#organization","name":"Sudoesteacontece","url":"https:\/\/sudoesteacontece.com.br\/","logo":{"@type":"ImageObject","inLanguage":"pt-BR","@id":"https:\/\/sudoesteacontece.com.br\/#\/schema\/logo\/image\/","url":"https:\/\/sudoesteacontece.com.br\/wp-content\/uploads\/2025\/12\/cropped-logo-2-180x180-1.png","contentUrl":"https:\/\/sudoesteacontece.com.br\/wp-content\/uploads\/2025\/12\/cropped-logo-2-180x180-1.png","width":180,"height":180,"caption":"Sudoesteacontece"},"image":{"@id":"https:\/\/sudoesteacontece.com.br\/#\/schema\/logo\/image\/"},"sameAs":["https:\/\/www.facebook.com\/sudoesteacontece\/?locale=pt_BR"]},{"@type":"Person","@id":"https:\/\/sudoesteacontece.com.br\/#\/schema\/person\/a4f22429c1d0923ef8f7d43343f8dc38","name":"Reda\u00e7\u00e3o","image":{"@type":"ImageObject","inLanguage":"pt-BR","@id":"https:\/\/sudoesteacontece.com.br\/#\/schema\/person\/image\/","url":"https:\/\/secure.gravatar.com\/avatar\/c3a5b3c93f268a709c25a2df414c629a96fb3b1b4bf97a94fb3f72e54ae76903?s=96&d=mm&r=g","contentUrl":"https:\/\/secure.gravatar.com\/avatar\/c3a5b3c93f268a709c25a2df414c629a96fb3b1b4bf97a94fb3f72e54ae76903?s=96&d=mm&r=g","caption":"Reda\u00e7\u00e3o"},"url":"https:\/\/sudoesteacontece.com.br\/?author=4"}]}},"_links":{"self":[{"href":"https:\/\/sudoesteacontece.com.br\/index.php?rest_route=\/wp\/v2\/posts\/28913","targetHints":{"allow":["GET"]}}],"collection":[{"href":"https:\/\/sudoesteacontece.com.br\/index.php?rest_route=\/wp\/v2\/posts"}],"about":[{"href":"https:\/\/sudoesteacontece.com.br\/index.php?rest_route=\/wp\/v2\/types\/post"}],"author":[{"embeddable":true,"href":"https:\/\/sudoesteacontece.com.br\/index.php?rest_route=\/wp\/v2\/users\/4"}],"replies":[{"embeddable":true,"href":"https:\/\/sudoesteacontece.com.br\/index.php?rest_route=%2Fwp%2Fv2%2Fcomments&post=28913"}],"version-history":[{"count":1,"href":"https:\/\/sudoesteacontece.com.br\/index.php?rest_route=\/wp\/v2\/posts\/28913\/revisions"}],"predecessor-version":[{"id":29004,"href":"https:\/\/sudoesteacontece.com.br\/index.php?rest_route=\/wp\/v2\/posts\/28913\/revisions\/29004"}],"wp:featuredmedia":[{"embeddable":true,"href":"https:\/\/sudoesteacontece.com.br\/index.php?rest_route=\/wp\/v2\/media\/28988"}],"wp:attachment":[{"href":"https:\/\/sudoesteacontece.com.br\/index.php?rest_route=%2Fwp%2Fv2%2Fmedia&parent=28913"}],"wp:term":[{"taxonomy":"category","embeddable":true,"href":"https:\/\/sudoesteacontece.com.br\/index.php?rest_route=%2Fwp%2Fv2%2Fcategories&post=28913"},{"taxonomy":"post_tag","embeddable":true,"href":"https:\/\/sudoesteacontece.com.br\/index.php?rest_route=%2Fwp%2Fv2%2Ftags&post=28913"}],"curies":[{"name":"wp","href":"https:\/\/api.w.org\/{rel}","templated":true}]}}