{"id":28917,"date":"2026-09-01T12:21:40","date_gmt":"2026-09-01T15:21:40","guid":{"rendered":"https:\/\/sudoesteacontece.com.br\/?p=28917"},"modified":"2026-09-01T12:21:45","modified_gmt":"2026-09-01T15:21:45","slug":"juiza-leandra-leal-recebera-maior-honraria-de-ipiau-por-atuacao-no-municipio","status":"publish","type":"post","link":"https:\/\/sudoesteacontece.com.br\/?p=28917","title":{"rendered":"Ju\u00edza Leandra Leal receber\u00e1 maior honraria de Ipia\u00fa por atua\u00e7\u00e3o no munic\u00edpio"},"content":{"rendered":"\n<figure class=\"wp-block-image size-full\"><img fetchpriority=\"high\" decoding=\"async\" width=\"900\" height=\"600\" src=\"http:\/\/sudoesteacontece.com.br\/wp-content\/uploads\/2026\/09\/Juiza-Leandra-Leal-recebera-maior-honraria-de-Ipiau-por-atuacao-no-municipio.jpg\" alt=\"\" class=\"wp-image-28982\" srcset=\"https:\/\/sudoesteacontece.com.br\/wp-content\/uploads\/2026\/09\/Juiza-Leandra-Leal-recebera-maior-honraria-de-Ipiau-por-atuacao-no-municipio.jpg 900w, https:\/\/sudoesteacontece.com.br\/wp-content\/uploads\/2026\/09\/Juiza-Leandra-Leal-recebera-maior-honraria-de-Ipiau-por-atuacao-no-municipio-300x200.jpg 300w, https:\/\/sudoesteacontece.com.br\/wp-content\/uploads\/2026\/09\/Juiza-Leandra-Leal-recebera-maior-honraria-de-Ipiau-por-atuacao-no-municipio-768x512.jpg 768w\" sizes=\"(max-width: 900px) 100vw, 900px\" \/><\/figure>\n\n\n\n<p class=\"wp-block-paragraph\">A ju\u00edza de Direito Leandra Leal Lopes receber\u00e1 o T\u00edtulo de Cidad\u00e3 Ipiauense e a Comenda Altino Cosme de Cerqueira, maior honraria concedida pelo munic\u00edpio. As homenagens foram propostas pelo vereador Lucas de Vav\u00e1 (PSD), por meio de um Projeto de Resolu\u00e7\u00e3o apresentado na C\u00e2mara Municipal. A iniciativa reconhece a trajet\u00f3ria da magistrada e os servi\u00e7os prestados \u00e0 comunidade durante mais de oito anos de atua\u00e7\u00e3o na cidade.<\/p>\n\n\n\n<p class=\"wp-block-paragraph\">Natural de Itabuna e criada em Buerarema, Leandra Leal ingressou na magistratura baiana em setembro de 2013. Antes de chegar a Ipia\u00fa, passou pelas comarcas de Itabuna, Camac\u00e3 e Camamu. Em abril de 2017, foi promovida para a Comarca de Ipia\u00fa, onde assumiu a titularidade da Vara Criminal. Durante o per\u00edodo, tamb\u00e9m fixou resid\u00eancia no munic\u00edpio e estabeleceu v\u00ednculo com a comunidade local.<\/p>\n\n\n\n<p class=\"wp-block-paragraph\">Al\u00e9m da atua\u00e7\u00e3o na Vara Criminal, a magistrada acumulou por mais de um ano as fun\u00e7\u00f5es da Vara C\u00edvel de Ipia\u00fa. Durante as elei\u00e7\u00f5es municipais de 2024, tamb\u00e9m teve participa\u00e7\u00e3o destacada na Justi\u00e7a Eleitoral. O trabalho desenvolvido ao longo desse per\u00edodo integra os motivos apresentados para a concess\u00e3o das duas homenagens aprovadas pelo Legislativo municipal.<\/p>\n\n\n\n<p class=\"wp-block-paragraph\">Mesmo ap\u00f3s a promo\u00e7\u00e3o para a Comarca de Jequi\u00e9, em outubro de 2025, Leandra permaneceu vinculada a Ipia\u00fa por determina\u00e7\u00e3o do Tribunal de Justi\u00e7a da Bahia. Desde ent\u00e3o, responde pelo Juizado Especial C\u00edvel e Criminal do munic\u00edpio. A fun\u00e7\u00e3o continua sendo exercida pela magistrada, que mant\u00e9m sua atua\u00e7\u00e3o jurisdicional na cidade.<\/p>\n\n\n\n<p class=\"wp-block-paragraph\">Conforme a proposta apresentada na C\u00e2mara, o reconhecimento ser\u00e1 formalizado em uma sess\u00e3o solene. A cerim\u00f4nia reunir\u00e1 representantes do Legislativo e autoridades para a entrega do T\u00edtulo de Cidad\u00e3 Ipiauense e da Comenda Altino Cosme de Cerqueira. A data da solenidade ainda ser\u00e1 definida pela Mesa Diretora da C\u00e2mara Municipal.<\/p>\n","protected":false},"excerpt":{"rendered":"<p>A ju\u00edza de Direito Leandra Leal Lopes receber\u00e1 o T\u00edtulo de Cidad\u00e3 Ipiauense e a Comenda Altino Cosme de Cerqueira, maior honraria concedida pelo munic\u00edpio. As homenagens foram propostas pelo vereador Lucas de Vav\u00e1 (PSD), por meio de um Projeto de Resolu\u00e7\u00e3o apresentado na C\u00e2mara Municipal. A iniciativa reconhece a trajet\u00f3ria da magistrada e os servi\u00e7os prestados \u00e0 comunidade durante mais de oito anos de atua\u00e7\u00e3o na cidade. Natural de Itabuna e criada em Buerarema, Leandra Leal ingressou na magistratura baiana em setembro de 2013. Antes de chegar a Ipia\u00fa, passou pelas comarcas de Itabuna, Camac\u00e3 e Camamu. Em abril de 2017, foi promovida para a Comarca de Ipia\u00fa, onde assumiu a titularidade da Vara Criminal. Durante o per\u00edodo, tamb\u00e9m fixou resid\u00eancia no munic\u00edpio e estabeleceu v\u00ednculo com a comunidade local. Al\u00e9m da atua\u00e7\u00e3o na Vara Criminal, a magistrada acumulou por mais de um ano as fun\u00e7\u00f5es da Vara C\u00edvel de Ipia\u00fa. Durante as elei\u00e7\u00f5es municipais de 2024, tamb\u00e9m teve participa\u00e7\u00e3o destacada na Justi\u00e7a Eleitoral. O trabalho desenvolvido ao longo desse per\u00edodo integra os motivos apresentados para a concess\u00e3o das duas homenagens aprovadas pelo Legislativo municipal. Mesmo ap\u00f3s a promo\u00e7\u00e3o para a Comarca de Jequi\u00e9, em outubro de 2025, Leandra permaneceu vinculada a Ipia\u00fa por determina\u00e7\u00e3o do Tribunal de Justi\u00e7a da Bahia. Desde ent\u00e3o, responde pelo Juizado Especial C\u00edvel e Criminal do munic\u00edpio. A fun\u00e7\u00e3o continua sendo exercida pela magistrada, que mant\u00e9m sua atua\u00e7\u00e3o jurisdicional na cidade. Conforme a proposta apresentada na C\u00e2mara, o reconhecimento ser\u00e1 formalizado em uma sess\u00e3o solene. A cerim\u00f4nia reunir\u00e1 representantes do Legislativo e autoridades para a entrega do T\u00edtulo de Cidad\u00e3 Ipiauense e da Comenda Altino Cosme de Cerqueira. A data da solenidade ainda ser\u00e1 definida pela Mesa Diretora da C\u00e2mara Municipal.<\/p>\n","protected":false},"author":4,"featured_media":0,"comment_status":"open","ping_status":"open","sticky":false,"template":"","format":"standard","meta":{"footnotes":""},"categories":[115,13],"tags":[],"class_list":["post-28917","post","type-post","status-publish","format-standard","hentry","category-ipiau","category-justica"],"yoast_head":"<!-- This site is optimized with the Yoast SEO plugin v26.5 - https:\/\/yoast.com\/wordpress\/plugins\/seo\/ -->\n<title>Ju\u00edza Leandra Leal receber\u00e1 maior honraria de Ipia\u00fa por atua\u00e7\u00e3o no munic\u00edpio - Sudoesteacontece<\/title>\n<meta name=\"robots\" content=\"index, follow, max-snippet:-1, max-image-preview:large, max-video-preview:-1\" \/>\n<link rel=\"canonical\" href=\"https:\/\/sudoesteacontece.com.br\/?p=28917\" \/>\n<meta property=\"og:locale\" content=\"pt_BR\" \/>\n<meta property=\"og:type\" content=\"article\" \/>\n<meta property=\"og:title\" content=\"Ju\u00edza Leandra Leal receber\u00e1 maior honraria de Ipia\u00fa por atua\u00e7\u00e3o no munic\u00edpio - Sudoesteacontece\" \/>\n<meta property=\"og:description\" content=\"A ju\u00edza de Direito Leandra Leal Lopes receber\u00e1 o T\u00edtulo de Cidad\u00e3 Ipiauense e a Comenda Altino Cosme de Cerqueira, maior honraria concedida pelo munic\u00edpio. As homenagens foram propostas pelo vereador Lucas de Vav\u00e1 (PSD), por meio de um Projeto de Resolu\u00e7\u00e3o apresentado na C\u00e2mara Municipal. A iniciativa reconhece a trajet\u00f3ria da magistrada e os servi\u00e7os prestados \u00e0 comunidade durante mais de oito anos de atua\u00e7\u00e3o na cidade. Natural de Itabuna e criada em Buerarema, Leandra Leal ingressou na magistratura baiana em setembro de 2013. Antes de chegar a Ipia\u00fa, passou pelas comarcas de Itabuna, Camac\u00e3 e Camamu. Em abril de 2017, foi promovida para a Comarca de Ipia\u00fa, onde assumiu a titularidade da Vara Criminal. Durante o per\u00edodo, tamb\u00e9m fixou resid\u00eancia no munic\u00edpio e estabeleceu v\u00ednculo com a comunidade local. Al\u00e9m da atua\u00e7\u00e3o na Vara Criminal, a magistrada acumulou por mais de um ano as fun\u00e7\u00f5es da Vara C\u00edvel de Ipia\u00fa. Durante as elei\u00e7\u00f5es municipais de 2024, tamb\u00e9m teve participa\u00e7\u00e3o destacada na Justi\u00e7a Eleitoral. O trabalho desenvolvido ao longo desse per\u00edodo integra os motivos apresentados para a concess\u00e3o das duas homenagens aprovadas pelo Legislativo municipal. Mesmo ap\u00f3s a promo\u00e7\u00e3o para a Comarca de Jequi\u00e9, em outubro de 2025, Leandra permaneceu vinculada a Ipia\u00fa por determina\u00e7\u00e3o do Tribunal de Justi\u00e7a da Bahia. Desde ent\u00e3o, responde pelo Juizado Especial C\u00edvel e Criminal do munic\u00edpio. A fun\u00e7\u00e3o continua sendo exercida pela magistrada, que mant\u00e9m sua atua\u00e7\u00e3o jurisdicional na cidade. Conforme a proposta apresentada na C\u00e2mara, o reconhecimento ser\u00e1 formalizado em uma sess\u00e3o solene. A cerim\u00f4nia reunir\u00e1 representantes do Legislativo e autoridades para a entrega do T\u00edtulo de Cidad\u00e3 Ipiauense e da Comenda Altino Cosme de Cerqueira. A data da solenidade ainda ser\u00e1 definida pela Mesa Diretora da C\u00e2mara Municipal.\" \/>\n<meta property=\"og:url\" content=\"https:\/\/sudoesteacontece.com.br\/?p=28917\" \/>\n<meta property=\"og:site_name\" content=\"Sudoesteacontece\" \/>\n<meta property=\"article:publisher\" content=\"https:\/\/www.facebook.com\/sudoesteacontece\/?locale=pt_BR\" \/>\n<meta property=\"article:published_time\" content=\"2026-09-01T15:21:40+00:00\" \/>\n<meta property=\"article:modified_time\" content=\"2026-09-01T15:21:45+00:00\" \/>\n<meta property=\"og:image\" content=\"https:\/\/sudoesteacontece.com.br\/wp-content\/uploads\/2026\/09\/Juiza-Leandra-Leal-recebera-maior-honraria-de-Ipiau-por-atuacao-no-municipio.jpg\" \/>\n\t<meta property=\"og:image:width\" content=\"900\" \/>\n\t<meta property=\"og:image:height\" content=\"600\" \/>\n\t<meta property=\"og:image:type\" content=\"image\/jpeg\" \/>\n<meta name=\"author\" content=\"Reda\u00e7\u00e3o\" \/>\n<meta name=\"twitter:card\" content=\"summary_large_image\" \/>\n<meta name=\"twitter:label1\" content=\"Escrito por\" \/>\n\t<meta name=\"twitter:data1\" content=\"Reda\u00e7\u00e3o\" \/>\n\t<meta name=\"twitter:label2\" content=\"Est. tempo de leitura\" \/>\n\t<meta name=\"twitter:data2\" content=\"2 minutos\" \/>\n<script type=\"application\/ld+json\" class=\"yoast-schema-graph\">{\"@context\":\"https:\/\/schema.org\",\"@graph\":[{\"@type\":\"Article\",\"@id\":\"https:\/\/sudoesteacontece.com.br\/?p=28917#article\",\"isPartOf\":{\"@id\":\"https:\/\/sudoesteacontece.com.br\/?p=28917\"},\"author\":{\"name\":\"Reda\u00e7\u00e3o\",\"@id\":\"https:\/\/sudoesteacontece.com.br\/#\/schema\/person\/a4f22429c1d0923ef8f7d43343f8dc38\"},\"headline\":\"Ju\u00edza Leandra Leal receber\u00e1 maior honraria de Ipia\u00fa por atua\u00e7\u00e3o no munic\u00edpio\",\"datePublished\":\"2026-09-01T15:21:40+00:00\",\"dateModified\":\"2026-09-01T15:21:45+00:00\",\"mainEntityOfPage\":{\"@id\":\"https:\/\/sudoesteacontece.com.br\/?p=28917\"},\"wordCount\":335,\"commentCount\":0,\"publisher\":{\"@id\":\"https:\/\/sudoesteacontece.com.br\/#organization\"},\"image\":{\"@id\":\"https:\/\/sudoesteacontece.com.br\/?p=28917#primaryimage\"},\"thumbnailUrl\":\"http:\/\/sudoesteacontece.com.br\/wp-content\/uploads\/2026\/09\/Juiza-Leandra-Leal-recebera-maior-honraria-de-Ipiau-por-atuacao-no-municipio.jpg\",\"articleSection\":[\"Ipia\u00fa\",\"Justi\u00e7a\"],\"inLanguage\":\"pt-BR\",\"potentialAction\":[{\"@type\":\"CommentAction\",\"name\":\"Comment\",\"target\":[\"https:\/\/sudoesteacontece.com.br\/?p=28917#respond\"]}]},{\"@type\":\"WebPage\",\"@id\":\"https:\/\/sudoesteacontece.com.br\/?p=28917\",\"url\":\"https:\/\/sudoesteacontece.com.br\/?p=28917\",\"name\":\"Ju\u00edza Leandra Leal receber\u00e1 maior honraria de Ipia\u00fa por atua\u00e7\u00e3o no munic\u00edpio - Sudoesteacontece\",\"isPartOf\":{\"@id\":\"https:\/\/sudoesteacontece.com.br\/#website\"},\"primaryImageOfPage\":{\"@id\":\"https:\/\/sudoesteacontece.com.br\/?p=28917#primaryimage\"},\"image\":{\"@id\":\"https:\/\/sudoesteacontece.com.br\/?p=28917#primaryimage\"},\"thumbnailUrl\":\"http:\/\/sudoesteacontece.com.br\/wp-content\/uploads\/2026\/09\/Juiza-Leandra-Leal-recebera-maior-honraria-de-Ipiau-por-atuacao-no-municipio.jpg\",\"datePublished\":\"2026-09-01T15:21:40+00:00\",\"dateModified\":\"2026-09-01T15:21:45+00:00\",\"breadcrumb\":{\"@id\":\"https:\/\/sudoesteacontece.com.br\/?p=28917#breadcrumb\"},\"inLanguage\":\"pt-BR\",\"potentialAction\":[{\"@type\":\"ReadAction\",\"target\":[\"https:\/\/sudoesteacontece.com.br\/?p=28917\"]}]},{\"@type\":\"ImageObject\",\"inLanguage\":\"pt-BR\",\"@id\":\"https:\/\/sudoesteacontece.com.br\/?p=28917#primaryimage\",\"url\":\"https:\/\/sudoesteacontece.com.br\/wp-content\/uploads\/2026\/09\/Juiza-Leandra-Leal-recebera-maior-honraria-de-Ipiau-por-atuacao-no-municipio.jpg\",\"contentUrl\":\"https:\/\/sudoesteacontece.com.br\/wp-content\/uploads\/2026\/09\/Juiza-Leandra-Leal-recebera-maior-honraria-de-Ipiau-por-atuacao-no-municipio.jpg\",\"width\":900,\"height\":600},{\"@type\":\"BreadcrumbList\",\"@id\":\"https:\/\/sudoesteacontece.com.br\/?p=28917#breadcrumb\",\"itemListElement\":[{\"@type\":\"ListItem\",\"position\":1,\"name\":\"In\u00edcio\",\"item\":\"https:\/\/sudoesteacontece.com.br\/\"},{\"@type\":\"ListItem\",\"position\":2,\"name\":\"Ju\u00edza Leandra Leal receber\u00e1 maior honraria de Ipia\u00fa por atua\u00e7\u00e3o no munic\u00edpio\"}]},{\"@type\":\"WebSite\",\"@id\":\"https:\/\/sudoesteacontece.com.br\/#website\",\"url\":\"https:\/\/sudoesteacontece.com.br\/\",\"name\":\"Sudoesteacontece\",\"description\":\"\",\"publisher\":{\"@id\":\"https:\/\/sudoesteacontece.com.br\/#organization\"},\"potentialAction\":[{\"@type\":\"SearchAction\",\"target\":{\"@type\":\"EntryPoint\",\"urlTemplate\":\"https:\/\/sudoesteacontece.com.br\/?s={search_term_string}\"},\"query-input\":{\"@type\":\"PropertyValueSpecification\",\"valueRequired\":true,\"valueName\":\"search_term_string\"}}],\"inLanguage\":\"pt-BR\"},{\"@type\":\"Organization\",\"@id\":\"https:\/\/sudoesteacontece.com.br\/#organization\",\"name\":\"Sudoesteacontece\",\"url\":\"https:\/\/sudoesteacontece.com.br\/\",\"logo\":{\"@type\":\"ImageObject\",\"inLanguage\":\"pt-BR\",\"@id\":\"https:\/\/sudoesteacontece.com.br\/#\/schema\/logo\/image\/\",\"url\":\"https:\/\/sudoesteacontece.com.br\/wp-content\/uploads\/2025\/12\/cropped-logo-2-180x180-1.png\",\"contentUrl\":\"https:\/\/sudoesteacontece.com.br\/wp-content\/uploads\/2025\/12\/cropped-logo-2-180x180-1.png\",\"width\":180,\"height\":180,\"caption\":\"Sudoesteacontece\"},\"image\":{\"@id\":\"https:\/\/sudoesteacontece.com.br\/#\/schema\/logo\/image\/\"},\"sameAs\":[\"https:\/\/www.facebook.com\/sudoesteacontece\/?locale=pt_BR\"]},{\"@type\":\"Person\",\"@id\":\"https:\/\/sudoesteacontece.com.br\/#\/schema\/person\/a4f22429c1d0923ef8f7d43343f8dc38\",\"name\":\"Reda\u00e7\u00e3o\",\"image\":{\"@type\":\"ImageObject\",\"inLanguage\":\"pt-BR\",\"@id\":\"https:\/\/sudoesteacontece.com.br\/#\/schema\/person\/image\/\",\"url\":\"https:\/\/secure.gravatar.com\/avatar\/c3a5b3c93f268a709c25a2df414c629a96fb3b1b4bf97a94fb3f72e54ae76903?s=96&d=mm&r=g\",\"contentUrl\":\"https:\/\/secure.gravatar.com\/avatar\/c3a5b3c93f268a709c25a2df414c629a96fb3b1b4bf97a94fb3f72e54ae76903?s=96&d=mm&r=g\",\"caption\":\"Reda\u00e7\u00e3o\"},\"url\":\"https:\/\/sudoesteacontece.com.br\/?author=4\"}]}<\/script>\n<!-- \/ Yoast SEO plugin. -->","yoast_head_json":{"title":"Ju\u00edza Leandra Leal receber\u00e1 maior honraria de Ipia\u00fa por atua\u00e7\u00e3o no munic\u00edpio - Sudoesteacontece","robots":{"index":"index","follow":"follow","max-snippet":"max-snippet:-1","max-image-preview":"max-image-preview:large","max-video-preview":"max-video-preview:-1"},"canonical":"https:\/\/sudoesteacontece.com.br\/?p=28917","og_locale":"pt_BR","og_type":"article","og_title":"Ju\u00edza Leandra Leal receber\u00e1 maior honraria de Ipia\u00fa por atua\u00e7\u00e3o no munic\u00edpio - Sudoesteacontece","og_description":"A ju\u00edza de Direito Leandra Leal Lopes receber\u00e1 o T\u00edtulo de Cidad\u00e3 Ipiauense e a Comenda Altino Cosme de Cerqueira, maior honraria concedida pelo munic\u00edpio. As homenagens foram propostas pelo vereador Lucas de Vav\u00e1 (PSD), por meio de um Projeto de Resolu\u00e7\u00e3o apresentado na C\u00e2mara Municipal. A iniciativa reconhece a trajet\u00f3ria da magistrada e os servi\u00e7os prestados \u00e0 comunidade durante mais de oito anos de atua\u00e7\u00e3o na cidade. Natural de Itabuna e criada em Buerarema, Leandra Leal ingressou na magistratura baiana em setembro de 2013. Antes de chegar a Ipia\u00fa, passou pelas comarcas de Itabuna, Camac\u00e3 e Camamu. Em abril de 2017, foi promovida para a Comarca de Ipia\u00fa, onde assumiu a titularidade da Vara Criminal. Durante o per\u00edodo, tamb\u00e9m fixou resid\u00eancia no munic\u00edpio e estabeleceu v\u00ednculo com a comunidade local. Al\u00e9m da atua\u00e7\u00e3o na Vara Criminal, a magistrada acumulou por mais de um ano as fun\u00e7\u00f5es da Vara C\u00edvel de Ipia\u00fa. Durante as elei\u00e7\u00f5es municipais de 2024, tamb\u00e9m teve participa\u00e7\u00e3o destacada na Justi\u00e7a Eleitoral. O trabalho desenvolvido ao longo desse per\u00edodo integra os motivos apresentados para a concess\u00e3o das duas homenagens aprovadas pelo Legislativo municipal. Mesmo ap\u00f3s a promo\u00e7\u00e3o para a Comarca de Jequi\u00e9, em outubro de 2025, Leandra permaneceu vinculada a Ipia\u00fa por determina\u00e7\u00e3o do Tribunal de Justi\u00e7a da Bahia. Desde ent\u00e3o, responde pelo Juizado Especial C\u00edvel e Criminal do munic\u00edpio. A fun\u00e7\u00e3o continua sendo exercida pela magistrada, que mant\u00e9m sua atua\u00e7\u00e3o jurisdicional na cidade. Conforme a proposta apresentada na C\u00e2mara, o reconhecimento ser\u00e1 formalizado em uma sess\u00e3o solene. A cerim\u00f4nia reunir\u00e1 representantes do Legislativo e autoridades para a entrega do T\u00edtulo de Cidad\u00e3 Ipiauense e da Comenda Altino Cosme de Cerqueira. A data da solenidade ainda ser\u00e1 definida pela Mesa Diretora da C\u00e2mara Municipal.","og_url":"https:\/\/sudoesteacontece.com.br\/?p=28917","og_site_name":"Sudoesteacontece","article_publisher":"https:\/\/www.facebook.com\/sudoesteacontece\/?locale=pt_BR","article_published_time":"2026-09-01T15:21:40+00:00","article_modified_time":"2026-09-01T15:21:45+00:00","og_image":[{"width":900,"height":600,"url":"https:\/\/sudoesteacontece.com.br\/wp-content\/uploads\/2026\/09\/Juiza-Leandra-Leal-recebera-maior-honraria-de-Ipiau-por-atuacao-no-municipio.jpg","type":"image\/jpeg"}],"author":"Reda\u00e7\u00e3o","twitter_card":"summary_large_image","twitter_misc":{"Escrito por":"Reda\u00e7\u00e3o","Est. tempo de leitura":"2 minutos"},"schema":{"@context":"https:\/\/schema.org","@graph":[{"@type":"Article","@id":"https:\/\/sudoesteacontece.com.br\/?p=28917#article","isPartOf":{"@id":"https:\/\/sudoesteacontece.com.br\/?p=28917"},"author":{"name":"Reda\u00e7\u00e3o","@id":"https:\/\/sudoesteacontece.com.br\/#\/schema\/person\/a4f22429c1d0923ef8f7d43343f8dc38"},"headline":"Ju\u00edza Leandra Leal receber\u00e1 maior honraria de Ipia\u00fa por atua\u00e7\u00e3o no munic\u00edpio","datePublished":"2026-09-01T15:21:40+00:00","dateModified":"2026-09-01T15:21:45+00:00","mainEntityOfPage":{"@id":"https:\/\/sudoesteacontece.com.br\/?p=28917"},"wordCount":335,"commentCount":0,"publisher":{"@id":"https:\/\/sudoesteacontece.com.br\/#organization"},"image":{"@id":"https:\/\/sudoesteacontece.com.br\/?p=28917#primaryimage"},"thumbnailUrl":"http:\/\/sudoesteacontece.com.br\/wp-content\/uploads\/2026\/09\/Juiza-Leandra-Leal-recebera-maior-honraria-de-Ipiau-por-atuacao-no-municipio.jpg","articleSection":["Ipia\u00fa","Justi\u00e7a"],"inLanguage":"pt-BR","potentialAction":[{"@type":"CommentAction","name":"Comment","target":["https:\/\/sudoesteacontece.com.br\/?p=28917#respond"]}]},{"@type":"WebPage","@id":"https:\/\/sudoesteacontece.com.br\/?p=28917","url":"https:\/\/sudoesteacontece.com.br\/?p=28917","name":"Ju\u00edza Leandra Leal receber\u00e1 maior honraria de Ipia\u00fa por atua\u00e7\u00e3o no munic\u00edpio - Sudoesteacontece","isPartOf":{"@id":"https:\/\/sudoesteacontece.com.br\/#website"},"primaryImageOfPage":{"@id":"https:\/\/sudoesteacontece.com.br\/?p=28917#primaryimage"},"image":{"@id":"https:\/\/sudoesteacontece.com.br\/?p=28917#primaryimage"},"thumbnailUrl":"http:\/\/sudoesteacontece.com.br\/wp-content\/uploads\/2026\/09\/Juiza-Leandra-Leal-recebera-maior-honraria-de-Ipiau-por-atuacao-no-municipio.jpg","datePublished":"2026-09-01T15:21:40+00:00","dateModified":"2026-09-01T15:21:45+00:00","breadcrumb":{"@id":"https:\/\/sudoesteacontece.com.br\/?p=28917#breadcrumb"},"inLanguage":"pt-BR","potentialAction":[{"@type":"ReadAction","target":["https:\/\/sudoesteacontece.com.br\/?p=28917"]}]},{"@type":"ImageObject","inLanguage":"pt-BR","@id":"https:\/\/sudoesteacontece.com.br\/?p=28917#primaryimage","url":"https:\/\/sudoesteacontece.com.br\/wp-content\/uploads\/2026\/09\/Juiza-Leandra-Leal-recebera-maior-honraria-de-Ipiau-por-atuacao-no-municipio.jpg","contentUrl":"https:\/\/sudoesteacontece.com.br\/wp-content\/uploads\/2026\/09\/Juiza-Leandra-Leal-recebera-maior-honraria-de-Ipiau-por-atuacao-no-municipio.jpg","width":900,"height":600},{"@type":"BreadcrumbList","@id":"https:\/\/sudoesteacontece.com.br\/?p=28917#breadcrumb","itemListElement":[{"@type":"ListItem","position":1,"name":"In\u00edcio","item":"https:\/\/sudoesteacontece.com.br\/"},{"@type":"ListItem","position":2,"name":"Ju\u00edza Leandra Leal receber\u00e1 maior honraria de Ipia\u00fa por atua\u00e7\u00e3o no munic\u00edpio"}]},{"@type":"WebSite","@id":"https:\/\/sudoesteacontece.com.br\/#website","url":"https:\/\/sudoesteacontece.com.br\/","name":"Sudoesteacontece","description":"","publisher":{"@id":"https:\/\/sudoesteacontece.com.br\/#organization"},"potentialAction":[{"@type":"SearchAction","target":{"@type":"EntryPoint","urlTemplate":"https:\/\/sudoesteacontece.com.br\/?s={search_term_string}"},"query-input":{"@type":"PropertyValueSpecification","valueRequired":true,"valueName":"search_term_string"}}],"inLanguage":"pt-BR"},{"@type":"Organization","@id":"https:\/\/sudoesteacontece.com.br\/#organization","name":"Sudoesteacontece","url":"https:\/\/sudoesteacontece.com.br\/","logo":{"@type":"ImageObject","inLanguage":"pt-BR","@id":"https:\/\/sudoesteacontece.com.br\/#\/schema\/logo\/image\/","url":"https:\/\/sudoesteacontece.com.br\/wp-content\/uploads\/2025\/12\/cropped-logo-2-180x180-1.png","contentUrl":"https:\/\/sudoesteacontece.com.br\/wp-content\/uploads\/2025\/12\/cropped-logo-2-180x180-1.png","width":180,"height":180,"caption":"Sudoesteacontece"},"image":{"@id":"https:\/\/sudoesteacontece.com.br\/#\/schema\/logo\/image\/"},"sameAs":["https:\/\/www.facebook.com\/sudoesteacontece\/?locale=pt_BR"]},{"@type":"Person","@id":"https:\/\/sudoesteacontece.com.br\/#\/schema\/person\/a4f22429c1d0923ef8f7d43343f8dc38","name":"Reda\u00e7\u00e3o","image":{"@type":"ImageObject","inLanguage":"pt-BR","@id":"https:\/\/sudoesteacontece.com.br\/#\/schema\/person\/image\/","url":"https:\/\/secure.gravatar.com\/avatar\/c3a5b3c93f268a709c25a2df414c629a96fb3b1b4bf97a94fb3f72e54ae76903?s=96&d=mm&r=g","contentUrl":"https:\/\/secure.gravatar.com\/avatar\/c3a5b3c93f268a709c25a2df414c629a96fb3b1b4bf97a94fb3f72e54ae76903?s=96&d=mm&r=g","caption":"Reda\u00e7\u00e3o"},"url":"https:\/\/sudoesteacontece.com.br\/?author=4"}]}},"_links":{"self":[{"href":"https:\/\/sudoesteacontece.com.br\/index.php?rest_route=\/wp\/v2\/posts\/28917","targetHints":{"allow":["GET"]}}],"collection":[{"href":"https:\/\/sudoesteacontece.com.br\/index.php?rest_route=\/wp\/v2\/posts"}],"about":[{"href":"https:\/\/sudoesteacontece.com.br\/index.php?rest_route=\/wp\/v2\/types\/post"}],"author":[{"embeddable":true,"href":"https:\/\/sudoesteacontece.com.br\/index.php?rest_route=\/wp\/v2\/users\/4"}],"replies":[{"embeddable":true,"href":"https:\/\/sudoesteacontece.com.br\/index.php?rest_route=%2Fwp%2Fv2%2Fcomments&post=28917"}],"version-history":[{"count":1,"href":"https:\/\/sudoesteacontece.com.br\/index.php?rest_route=\/wp\/v2\/posts\/28917\/revisions"}],"predecessor-version":[{"id":29009,"href":"https:\/\/sudoesteacontece.com.br\/index.php?rest_route=\/wp\/v2\/posts\/28917\/revisions\/29009"}],"wp:attachment":[{"href":"https:\/\/sudoesteacontece.com.br\/index.php?rest_route=%2Fwp%2Fv2%2Fmedia&parent=28917"}],"wp:term":[{"taxonomy":"category","embeddable":true,"href":"https:\/\/sudoesteacontece.com.br\/index.php?rest_route=%2Fwp%2Fv2%2Fcategories&post=28917"},{"taxonomy":"post_tag","embeddable":true,"href":"https:\/\/sudoesteacontece.com.br\/index.php?rest_route=%2Fwp%2Fv2%2Ftags&post=28917"}],"curies":[{"name":"wp","href":"https:\/\/api.w.org\/{rel}","templated":true}]}}