{"id":28926,"date":"2026-09-01T12:15:40","date_gmt":"2026-09-01T15:15:40","guid":{"rendered":"https:\/\/sudoesteacontece.com.br\/?p=28926"},"modified":"2026-09-01T12:15:46","modified_gmt":"2026-09-01T15:15:46","slug":"mp-cobra-mais-rigor-no-controle-de-diarias-da-camara-de-ipiau","status":"publish","type":"post","link":"https:\/\/sudoesteacontece.com.br\/?p=28926","title":{"rendered":"MP cobra mais rigor no controle de di\u00e1rias da C\u00e2mara de Ipia\u00fa"},"content":{"rendered":"\n<figure class=\"wp-block-image size-full\"><img fetchpriority=\"high\" decoding=\"async\" width=\"900\" height=\"600\" src=\"http:\/\/sudoesteacontece.com.br\/wp-content\/uploads\/2026\/09\/MP-cobra-mais-rigor-no-controle-de-diarias-da-Camara-de-Ipiau.jpg\" alt=\"\" class=\"wp-image-28985\" srcset=\"https:\/\/sudoesteacontece.com.br\/wp-content\/uploads\/2026\/09\/MP-cobra-mais-rigor-no-controle-de-diarias-da-Camara-de-Ipiau.jpg 900w, https:\/\/sudoesteacontece.com.br\/wp-content\/uploads\/2026\/09\/MP-cobra-mais-rigor-no-controle-de-diarias-da-Camara-de-Ipiau-300x200.jpg 300w, https:\/\/sudoesteacontece.com.br\/wp-content\/uploads\/2026\/09\/MP-cobra-mais-rigor-no-controle-de-diarias-da-Camara-de-Ipiau-768x512.jpg 768w\" sizes=\"(max-width: 900px) 100vw, 900px\" \/><\/figure>\n\n\n\n<p class=\"wp-block-paragraph\">O Minist\u00e9rio P\u00fablico da Bahia (MP-BA) recomendou que a C\u00e2mara de Vereadores de Ipia\u00fa aperfei\u00e7oe os procedimentos para concess\u00e3o, fiscaliza\u00e7\u00e3o e presta\u00e7\u00e3o de contas de di\u00e1rias pagas a vereadores e servidores. A orienta\u00e7\u00e3o consta na Recomenda\u00e7\u00e3o Ministerial n\u00ba 004\/2026, expedida pela 4\u00aa Promotoria de Justi\u00e7a de Ipia\u00fa. O documento foi encaminhado ao presidente do Legislativo, Edson Marques da Silva.<\/p>\n\n\n\n<p class=\"wp-block-paragraph\">Segundo o MP-BA, foram encontradas justificativas consideradas gen\u00e9ricas em alguns pedidos de viagem. Entre os exemplos citados est\u00e1 a express\u00e3o \u201cresolver demanda da C\u00e2mara\u201d, sem informa\u00e7\u00f5es detalhadas sobre o \u00f3rg\u00e3o visitado, as atividades realizadas ou os resultados obtidos. A falta dessas informa\u00e7\u00f5es dificulta a verifica\u00e7\u00e3o da finalidade institucional dos deslocamentos custeados pelo Legislativo.<\/p>\n\n\n\n<p class=\"wp-block-paragraph\">Al\u00e9m disso, a Superintend\u00eancia de Controle Interno da C\u00e2mara, respons\u00e1vel pela an\u00e1lise dos processos de pagamento do Legislativo, tamb\u00e9m havia apontado a necessidade de ampliar o detalhamento das informa\u00e7\u00f5es. A recomenda\u00e7\u00e3o busca estabelecer procedimentos mais claros para comprovar a finalidade das viagens e permitir o acompanhamento dos gastos p\u00fablicos.<\/p>\n\n\n\n<p class=\"wp-block-paragraph\">Entre as medidas indicadas pelo Minist\u00e9rio P\u00fablico est\u00e1 a exig\u00eancia de autoriza\u00e7\u00e3o pr\u00e9via e individualizada para cada di\u00e1ria concedida. O \u00f3rg\u00e3o tamb\u00e9m orientou a C\u00e2mara a registrar de forma objetiva a finalidade de cada viagem e exigir documentos capazes de comprovar efetivamente o deslocamento realizado pelo benefici\u00e1rio.<\/p>\n\n\n\n<p class=\"wp-block-paragraph\">Outra orienta\u00e7\u00e3o prev\u00ea o controle peri\u00f3dico dos valores pagos e da quantidade de dias de afastamento de cada vereador ou servidor beneficiado. O MP-BA tamb\u00e9m recomendou ampliar as informa\u00e7\u00f5es disponibilizadas no Portal da Transpar\u00eancia, permitindo maior acompanhamento dos gastos relacionados \u00e0s di\u00e1rias.<\/p>\n\n\n\n<p class=\"wp-block-paragraph\">A recomenda\u00e7\u00e3o foi assinada pela promotora de Justi\u00e7a Caroline Vianna Longhi, titular da 4\u00aa Promotoria de Justi\u00e7a de Ipia\u00fa. As provid\u00eancias indicadas t\u00eam como objetivo aperfei\u00e7oar os mecanismos de controle e presta\u00e7\u00e3o de contas dos recursos utilizados pelo Legislativo municipal em viagens de vereadores e servidores.<\/p>\n","protected":false},"excerpt":{"rendered":"<p>O Minist\u00e9rio P\u00fablico da Bahia (MP-BA) recomendou que a C\u00e2mara de Vereadores de Ipia\u00fa aperfei\u00e7oe os procedimentos para concess\u00e3o, fiscaliza\u00e7\u00e3o e presta\u00e7\u00e3o de contas de di\u00e1rias pagas a vereadores e servidores. A orienta\u00e7\u00e3o consta na Recomenda\u00e7\u00e3o Ministerial n\u00ba 004\/2026, expedida pela 4\u00aa Promotoria de Justi\u00e7a de Ipia\u00fa. O documento foi encaminhado ao presidente do Legislativo, Edson Marques da Silva. Segundo o MP-BA, foram encontradas justificativas consideradas gen\u00e9ricas em alguns pedidos de viagem. Entre os exemplos citados est\u00e1 a express\u00e3o \u201cresolver demanda da C\u00e2mara\u201d, sem informa\u00e7\u00f5es detalhadas sobre o \u00f3rg\u00e3o visitado, as atividades realizadas ou os resultados obtidos. A falta dessas informa\u00e7\u00f5es dificulta a verifica\u00e7\u00e3o da finalidade institucional dos deslocamentos custeados pelo Legislativo. Al\u00e9m disso, a Superintend\u00eancia de Controle Interno da C\u00e2mara, respons\u00e1vel pela an\u00e1lise dos processos de pagamento do Legislativo, tamb\u00e9m havia apontado a necessidade de ampliar o detalhamento das informa\u00e7\u00f5es. A recomenda\u00e7\u00e3o busca estabelecer procedimentos mais claros para comprovar a finalidade das viagens e permitir o acompanhamento dos gastos p\u00fablicos. Entre as medidas indicadas pelo Minist\u00e9rio P\u00fablico est\u00e1 a exig\u00eancia de autoriza\u00e7\u00e3o pr\u00e9via e individualizada para cada di\u00e1ria concedida. O \u00f3rg\u00e3o tamb\u00e9m orientou a C\u00e2mara a registrar de forma objetiva a finalidade de cada viagem e exigir documentos capazes de comprovar efetivamente o deslocamento realizado pelo benefici\u00e1rio. Outra orienta\u00e7\u00e3o prev\u00ea o controle peri\u00f3dico dos valores pagos e da quantidade de dias de afastamento de cada vereador ou servidor beneficiado. O MP-BA tamb\u00e9m recomendou ampliar as informa\u00e7\u00f5es disponibilizadas no Portal da Transpar\u00eancia, permitindo maior acompanhamento dos gastos relacionados \u00e0s di\u00e1rias. A recomenda\u00e7\u00e3o foi assinada pela promotora de Justi\u00e7a Caroline Vianna Longhi, titular da 4\u00aa Promotoria de Justi\u00e7a de Ipia\u00fa. As provid\u00eancias indicadas t\u00eam como objetivo aperfei\u00e7oar os mecanismos de controle e presta\u00e7\u00e3o de contas dos recursos utilizados pelo Legislativo municipal em viagens de vereadores e servidores.<\/p>\n","protected":false},"author":4,"featured_media":28985,"comment_status":"open","ping_status":"open","sticky":false,"template":"","format":"standard","meta":{"footnotes":""},"categories":[4,115,13,6],"tags":[],"class_list":["post-28926","post","type-post","status-publish","format-standard","has-post-thumbnail","hentry","category-cidades","category-ipiau","category-justica","category-politica"],"yoast_head":"<!-- This site is optimized with the Yoast SEO plugin v26.5 - https:\/\/yoast.com\/wordpress\/plugins\/seo\/ -->\n<title>MP cobra mais rigor no controle de di\u00e1rias da C\u00e2mara de Ipia\u00fa - Sudoesteacontece<\/title>\n<meta name=\"robots\" content=\"index, follow, max-snippet:-1, max-image-preview:large, max-video-preview:-1\" \/>\n<link rel=\"canonical\" href=\"https:\/\/sudoesteacontece.com.br\/?p=28926\" \/>\n<meta property=\"og:locale\" content=\"pt_BR\" \/>\n<meta property=\"og:type\" content=\"article\" \/>\n<meta property=\"og:title\" content=\"MP cobra mais rigor no controle de di\u00e1rias da C\u00e2mara de Ipia\u00fa - Sudoesteacontece\" \/>\n<meta property=\"og:description\" content=\"O Minist\u00e9rio P\u00fablico da Bahia (MP-BA) recomendou que a C\u00e2mara de Vereadores de Ipia\u00fa aperfei\u00e7oe os procedimentos para concess\u00e3o, fiscaliza\u00e7\u00e3o e presta\u00e7\u00e3o de contas de di\u00e1rias pagas a vereadores e servidores. A orienta\u00e7\u00e3o consta na Recomenda\u00e7\u00e3o Ministerial n\u00ba 004\/2026, expedida pela 4\u00aa Promotoria de Justi\u00e7a de Ipia\u00fa. O documento foi encaminhado ao presidente do Legislativo, Edson Marques da Silva. Segundo o MP-BA, foram encontradas justificativas consideradas gen\u00e9ricas em alguns pedidos de viagem. Entre os exemplos citados est\u00e1 a express\u00e3o \u201cresolver demanda da C\u00e2mara\u201d, sem informa\u00e7\u00f5es detalhadas sobre o \u00f3rg\u00e3o visitado, as atividades realizadas ou os resultados obtidos. A falta dessas informa\u00e7\u00f5es dificulta a verifica\u00e7\u00e3o da finalidade institucional dos deslocamentos custeados pelo Legislativo. Al\u00e9m disso, a Superintend\u00eancia de Controle Interno da C\u00e2mara, respons\u00e1vel pela an\u00e1lise dos processos de pagamento do Legislativo, tamb\u00e9m havia apontado a necessidade de ampliar o detalhamento das informa\u00e7\u00f5es. A recomenda\u00e7\u00e3o busca estabelecer procedimentos mais claros para comprovar a finalidade das viagens e permitir o acompanhamento dos gastos p\u00fablicos. Entre as medidas indicadas pelo Minist\u00e9rio P\u00fablico est\u00e1 a exig\u00eancia de autoriza\u00e7\u00e3o pr\u00e9via e individualizada para cada di\u00e1ria concedida. O \u00f3rg\u00e3o tamb\u00e9m orientou a C\u00e2mara a registrar de forma objetiva a finalidade de cada viagem e exigir documentos capazes de comprovar efetivamente o deslocamento realizado pelo benefici\u00e1rio. Outra orienta\u00e7\u00e3o prev\u00ea o controle peri\u00f3dico dos valores pagos e da quantidade de dias de afastamento de cada vereador ou servidor beneficiado. O MP-BA tamb\u00e9m recomendou ampliar as informa\u00e7\u00f5es disponibilizadas no Portal da Transpar\u00eancia, permitindo maior acompanhamento dos gastos relacionados \u00e0s di\u00e1rias. A recomenda\u00e7\u00e3o foi assinada pela promotora de Justi\u00e7a Caroline Vianna Longhi, titular da 4\u00aa Promotoria de Justi\u00e7a de Ipia\u00fa. As provid\u00eancias indicadas t\u00eam como objetivo aperfei\u00e7oar os mecanismos de controle e presta\u00e7\u00e3o de contas dos recursos utilizados pelo Legislativo municipal em viagens de vereadores e servidores.\" \/>\n<meta property=\"og:url\" content=\"https:\/\/sudoesteacontece.com.br\/?p=28926\" \/>\n<meta property=\"og:site_name\" content=\"Sudoesteacontece\" \/>\n<meta property=\"article:publisher\" content=\"https:\/\/www.facebook.com\/sudoesteacontece\/?locale=pt_BR\" \/>\n<meta property=\"article:published_time\" content=\"2026-09-01T15:15:40+00:00\" \/>\n<meta property=\"article:modified_time\" content=\"2026-09-01T15:15:46+00:00\" \/>\n<meta property=\"og:image\" content=\"http:\/\/sudoesteacontece.com.br\/wp-content\/uploads\/2026\/09\/MP-cobra-mais-rigor-no-controle-de-diarias-da-Camara-de-Ipiau.jpg\" \/>\n\t<meta property=\"og:image:width\" content=\"900\" \/>\n\t<meta property=\"og:image:height\" content=\"600\" \/>\n\t<meta property=\"og:image:type\" content=\"image\/jpeg\" \/>\n<meta name=\"author\" content=\"Reda\u00e7\u00e3o\" \/>\n<meta name=\"twitter:card\" content=\"summary_large_image\" \/>\n<meta name=\"twitter:label1\" content=\"Escrito por\" \/>\n\t<meta name=\"twitter:data1\" content=\"Reda\u00e7\u00e3o\" \/>\n\t<meta name=\"twitter:label2\" content=\"Est. tempo de leitura\" \/>\n\t<meta name=\"twitter:data2\" content=\"3 minutos\" \/>\n<script type=\"application\/ld+json\" class=\"yoast-schema-graph\">{\"@context\":\"https:\/\/schema.org\",\"@graph\":[{\"@type\":\"Article\",\"@id\":\"https:\/\/sudoesteacontece.com.br\/?p=28926#article\",\"isPartOf\":{\"@id\":\"https:\/\/sudoesteacontece.com.br\/?p=28926\"},\"author\":{\"name\":\"Reda\u00e7\u00e3o\",\"@id\":\"https:\/\/sudoesteacontece.com.br\/#\/schema\/person\/a4f22429c1d0923ef8f7d43343f8dc38\"},\"headline\":\"MP cobra mais rigor no controle de di\u00e1rias da C\u00e2mara de Ipia\u00fa\",\"datePublished\":\"2026-09-01T15:15:40+00:00\",\"dateModified\":\"2026-09-01T15:15:46+00:00\",\"mainEntityOfPage\":{\"@id\":\"https:\/\/sudoesteacontece.com.br\/?p=28926\"},\"wordCount\":357,\"commentCount\":0,\"publisher\":{\"@id\":\"https:\/\/sudoesteacontece.com.br\/#organization\"},\"image\":{\"@id\":\"https:\/\/sudoesteacontece.com.br\/?p=28926#primaryimage\"},\"thumbnailUrl\":\"https:\/\/sudoesteacontece.com.br\/wp-content\/uploads\/2026\/09\/MP-cobra-mais-rigor-no-controle-de-diarias-da-Camara-de-Ipiau.jpg\",\"articleSection\":[\"Cidades\",\"Ipia\u00fa\",\"Justi\u00e7a\",\"Pol\u00edtica\"],\"inLanguage\":\"pt-BR\",\"potentialAction\":[{\"@type\":\"CommentAction\",\"name\":\"Comment\",\"target\":[\"https:\/\/sudoesteacontece.com.br\/?p=28926#respond\"]}]},{\"@type\":\"WebPage\",\"@id\":\"https:\/\/sudoesteacontece.com.br\/?p=28926\",\"url\":\"https:\/\/sudoesteacontece.com.br\/?p=28926\",\"name\":\"MP cobra mais rigor no controle de di\u00e1rias da C\u00e2mara de Ipia\u00fa - Sudoesteacontece\",\"isPartOf\":{\"@id\":\"https:\/\/sudoesteacontece.com.br\/#website\"},\"primaryImageOfPage\":{\"@id\":\"https:\/\/sudoesteacontece.com.br\/?p=28926#primaryimage\"},\"image\":{\"@id\":\"https:\/\/sudoesteacontece.com.br\/?p=28926#primaryimage\"},\"thumbnailUrl\":\"https:\/\/sudoesteacontece.com.br\/wp-content\/uploads\/2026\/09\/MP-cobra-mais-rigor-no-controle-de-diarias-da-Camara-de-Ipiau.jpg\",\"datePublished\":\"2026-09-01T15:15:40+00:00\",\"dateModified\":\"2026-09-01T15:15:46+00:00\",\"breadcrumb\":{\"@id\":\"https:\/\/sudoesteacontece.com.br\/?p=28926#breadcrumb\"},\"inLanguage\":\"pt-BR\",\"potentialAction\":[{\"@type\":\"ReadAction\",\"target\":[\"https:\/\/sudoesteacontece.com.br\/?p=28926\"]}]},{\"@type\":\"ImageObject\",\"inLanguage\":\"pt-BR\",\"@id\":\"https:\/\/sudoesteacontece.com.br\/?p=28926#primaryimage\",\"url\":\"https:\/\/sudoesteacontece.com.br\/wp-content\/uploads\/2026\/09\/MP-cobra-mais-rigor-no-controle-de-diarias-da-Camara-de-Ipiau.jpg\",\"contentUrl\":\"https:\/\/sudoesteacontece.com.br\/wp-content\/uploads\/2026\/09\/MP-cobra-mais-rigor-no-controle-de-diarias-da-Camara-de-Ipiau.jpg\",\"width\":900,\"height\":600},{\"@type\":\"BreadcrumbList\",\"@id\":\"https:\/\/sudoesteacontece.com.br\/?p=28926#breadcrumb\",\"itemListElement\":[{\"@type\":\"ListItem\",\"position\":1,\"name\":\"In\u00edcio\",\"item\":\"https:\/\/sudoesteacontece.com.br\/\"},{\"@type\":\"ListItem\",\"position\":2,\"name\":\"MP cobra mais rigor no controle de di\u00e1rias da C\u00e2mara de Ipia\u00fa\"}]},{\"@type\":\"WebSite\",\"@id\":\"https:\/\/sudoesteacontece.com.br\/#website\",\"url\":\"https:\/\/sudoesteacontece.com.br\/\",\"name\":\"Sudoesteacontece\",\"description\":\"\",\"publisher\":{\"@id\":\"https:\/\/sudoesteacontece.com.br\/#organization\"},\"potentialAction\":[{\"@type\":\"SearchAction\",\"target\":{\"@type\":\"EntryPoint\",\"urlTemplate\":\"https:\/\/sudoesteacontece.com.br\/?s={search_term_string}\"},\"query-input\":{\"@type\":\"PropertyValueSpecification\",\"valueRequired\":true,\"valueName\":\"search_term_string\"}}],\"inLanguage\":\"pt-BR\"},{\"@type\":\"Organization\",\"@id\":\"https:\/\/sudoesteacontece.com.br\/#organization\",\"name\":\"Sudoesteacontece\",\"url\":\"https:\/\/sudoesteacontece.com.br\/\",\"logo\":{\"@type\":\"ImageObject\",\"inLanguage\":\"pt-BR\",\"@id\":\"https:\/\/sudoesteacontece.com.br\/#\/schema\/logo\/image\/\",\"url\":\"https:\/\/sudoesteacontece.com.br\/wp-content\/uploads\/2025\/12\/cropped-logo-2-180x180-1.png\",\"contentUrl\":\"https:\/\/sudoesteacontece.com.br\/wp-content\/uploads\/2025\/12\/cropped-logo-2-180x180-1.png\",\"width\":180,\"height\":180,\"caption\":\"Sudoesteacontece\"},\"image\":{\"@id\":\"https:\/\/sudoesteacontece.com.br\/#\/schema\/logo\/image\/\"},\"sameAs\":[\"https:\/\/www.facebook.com\/sudoesteacontece\/?locale=pt_BR\"]},{\"@type\":\"Person\",\"@id\":\"https:\/\/sudoesteacontece.com.br\/#\/schema\/person\/a4f22429c1d0923ef8f7d43343f8dc38\",\"name\":\"Reda\u00e7\u00e3o\",\"image\":{\"@type\":\"ImageObject\",\"inLanguage\":\"pt-BR\",\"@id\":\"https:\/\/sudoesteacontece.com.br\/#\/schema\/person\/image\/\",\"url\":\"https:\/\/secure.gravatar.com\/avatar\/c3a5b3c93f268a709c25a2df414c629a96fb3b1b4bf97a94fb3f72e54ae76903?s=96&d=mm&r=g\",\"contentUrl\":\"https:\/\/secure.gravatar.com\/avatar\/c3a5b3c93f268a709c25a2df414c629a96fb3b1b4bf97a94fb3f72e54ae76903?s=96&d=mm&r=g\",\"caption\":\"Reda\u00e7\u00e3o\"},\"url\":\"https:\/\/sudoesteacontece.com.br\/?author=4\"}]}<\/script>\n<!-- \/ Yoast SEO plugin. -->","yoast_head_json":{"title":"MP cobra mais rigor no controle de di\u00e1rias da C\u00e2mara de Ipia\u00fa - Sudoesteacontece","robots":{"index":"index","follow":"follow","max-snippet":"max-snippet:-1","max-image-preview":"max-image-preview:large","max-video-preview":"max-video-preview:-1"},"canonical":"https:\/\/sudoesteacontece.com.br\/?p=28926","og_locale":"pt_BR","og_type":"article","og_title":"MP cobra mais rigor no controle de di\u00e1rias da C\u00e2mara de Ipia\u00fa - Sudoesteacontece","og_description":"O Minist\u00e9rio P\u00fablico da Bahia (MP-BA) recomendou que a C\u00e2mara de Vereadores de Ipia\u00fa aperfei\u00e7oe os procedimentos para concess\u00e3o, fiscaliza\u00e7\u00e3o e presta\u00e7\u00e3o de contas de di\u00e1rias pagas a vereadores e servidores. A orienta\u00e7\u00e3o consta na Recomenda\u00e7\u00e3o Ministerial n\u00ba 004\/2026, expedida pela 4\u00aa Promotoria de Justi\u00e7a de Ipia\u00fa. O documento foi encaminhado ao presidente do Legislativo, Edson Marques da Silva. Segundo o MP-BA, foram encontradas justificativas consideradas gen\u00e9ricas em alguns pedidos de viagem. Entre os exemplos citados est\u00e1 a express\u00e3o \u201cresolver demanda da C\u00e2mara\u201d, sem informa\u00e7\u00f5es detalhadas sobre o \u00f3rg\u00e3o visitado, as atividades realizadas ou os resultados obtidos. A falta dessas informa\u00e7\u00f5es dificulta a verifica\u00e7\u00e3o da finalidade institucional dos deslocamentos custeados pelo Legislativo. Al\u00e9m disso, a Superintend\u00eancia de Controle Interno da C\u00e2mara, respons\u00e1vel pela an\u00e1lise dos processos de pagamento do Legislativo, tamb\u00e9m havia apontado a necessidade de ampliar o detalhamento das informa\u00e7\u00f5es. A recomenda\u00e7\u00e3o busca estabelecer procedimentos mais claros para comprovar a finalidade das viagens e permitir o acompanhamento dos gastos p\u00fablicos. Entre as medidas indicadas pelo Minist\u00e9rio P\u00fablico est\u00e1 a exig\u00eancia de autoriza\u00e7\u00e3o pr\u00e9via e individualizada para cada di\u00e1ria concedida. O \u00f3rg\u00e3o tamb\u00e9m orientou a C\u00e2mara a registrar de forma objetiva a finalidade de cada viagem e exigir documentos capazes de comprovar efetivamente o deslocamento realizado pelo benefici\u00e1rio. Outra orienta\u00e7\u00e3o prev\u00ea o controle peri\u00f3dico dos valores pagos e da quantidade de dias de afastamento de cada vereador ou servidor beneficiado. O MP-BA tamb\u00e9m recomendou ampliar as informa\u00e7\u00f5es disponibilizadas no Portal da Transpar\u00eancia, permitindo maior acompanhamento dos gastos relacionados \u00e0s di\u00e1rias. A recomenda\u00e7\u00e3o foi assinada pela promotora de Justi\u00e7a Caroline Vianna Longhi, titular da 4\u00aa Promotoria de Justi\u00e7a de Ipia\u00fa. As provid\u00eancias indicadas t\u00eam como objetivo aperfei\u00e7oar os mecanismos de controle e presta\u00e7\u00e3o de contas dos recursos utilizados pelo Legislativo municipal em viagens de vereadores e servidores.","og_url":"https:\/\/sudoesteacontece.com.br\/?p=28926","og_site_name":"Sudoesteacontece","article_publisher":"https:\/\/www.facebook.com\/sudoesteacontece\/?locale=pt_BR","article_published_time":"2026-09-01T15:15:40+00:00","article_modified_time":"2026-09-01T15:15:46+00:00","og_image":[{"width":900,"height":600,"url":"http:\/\/sudoesteacontece.com.br\/wp-content\/uploads\/2026\/09\/MP-cobra-mais-rigor-no-controle-de-diarias-da-Camara-de-Ipiau.jpg","type":"image\/jpeg"}],"author":"Reda\u00e7\u00e3o","twitter_card":"summary_large_image","twitter_misc":{"Escrito por":"Reda\u00e7\u00e3o","Est. tempo de leitura":"3 minutos"},"schema":{"@context":"https:\/\/schema.org","@graph":[{"@type":"Article","@id":"https:\/\/sudoesteacontece.com.br\/?p=28926#article","isPartOf":{"@id":"https:\/\/sudoesteacontece.com.br\/?p=28926"},"author":{"name":"Reda\u00e7\u00e3o","@id":"https:\/\/sudoesteacontece.com.br\/#\/schema\/person\/a4f22429c1d0923ef8f7d43343f8dc38"},"headline":"MP cobra mais rigor no controle de di\u00e1rias da C\u00e2mara de Ipia\u00fa","datePublished":"2026-09-01T15:15:40+00:00","dateModified":"2026-09-01T15:15:46+00:00","mainEntityOfPage":{"@id":"https:\/\/sudoesteacontece.com.br\/?p=28926"},"wordCount":357,"commentCount":0,"publisher":{"@id":"https:\/\/sudoesteacontece.com.br\/#organization"},"image":{"@id":"https:\/\/sudoesteacontece.com.br\/?p=28926#primaryimage"},"thumbnailUrl":"https:\/\/sudoesteacontece.com.br\/wp-content\/uploads\/2026\/09\/MP-cobra-mais-rigor-no-controle-de-diarias-da-Camara-de-Ipiau.jpg","articleSection":["Cidades","Ipia\u00fa","Justi\u00e7a","Pol\u00edtica"],"inLanguage":"pt-BR","potentialAction":[{"@type":"CommentAction","name":"Comment","target":["https:\/\/sudoesteacontece.com.br\/?p=28926#respond"]}]},{"@type":"WebPage","@id":"https:\/\/sudoesteacontece.com.br\/?p=28926","url":"https:\/\/sudoesteacontece.com.br\/?p=28926","name":"MP cobra mais rigor no controle de di\u00e1rias da C\u00e2mara de Ipia\u00fa - Sudoesteacontece","isPartOf":{"@id":"https:\/\/sudoesteacontece.com.br\/#website"},"primaryImageOfPage":{"@id":"https:\/\/sudoesteacontece.com.br\/?p=28926#primaryimage"},"image":{"@id":"https:\/\/sudoesteacontece.com.br\/?p=28926#primaryimage"},"thumbnailUrl":"https:\/\/sudoesteacontece.com.br\/wp-content\/uploads\/2026\/09\/MP-cobra-mais-rigor-no-controle-de-diarias-da-Camara-de-Ipiau.jpg","datePublished":"2026-09-01T15:15:40+00:00","dateModified":"2026-09-01T15:15:46+00:00","breadcrumb":{"@id":"https:\/\/sudoesteacontece.com.br\/?p=28926#breadcrumb"},"inLanguage":"pt-BR","potentialAction":[{"@type":"ReadAction","target":["https:\/\/sudoesteacontece.com.br\/?p=28926"]}]},{"@type":"ImageObject","inLanguage":"pt-BR","@id":"https:\/\/sudoesteacontece.com.br\/?p=28926#primaryimage","url":"https:\/\/sudoesteacontece.com.br\/wp-content\/uploads\/2026\/09\/MP-cobra-mais-rigor-no-controle-de-diarias-da-Camara-de-Ipiau.jpg","contentUrl":"https:\/\/sudoesteacontece.com.br\/wp-content\/uploads\/2026\/09\/MP-cobra-mais-rigor-no-controle-de-diarias-da-Camara-de-Ipiau.jpg","width":900,"height":600},{"@type":"BreadcrumbList","@id":"https:\/\/sudoesteacontece.com.br\/?p=28926#breadcrumb","itemListElement":[{"@type":"ListItem","position":1,"name":"In\u00edcio","item":"https:\/\/sudoesteacontece.com.br\/"},{"@type":"ListItem","position":2,"name":"MP cobra mais rigor no controle de di\u00e1rias da C\u00e2mara de Ipia\u00fa"}]},{"@type":"WebSite","@id":"https:\/\/sudoesteacontece.com.br\/#website","url":"https:\/\/sudoesteacontece.com.br\/","name":"Sudoesteacontece","description":"","publisher":{"@id":"https:\/\/sudoesteacontece.com.br\/#organization"},"potentialAction":[{"@type":"SearchAction","target":{"@type":"EntryPoint","urlTemplate":"https:\/\/sudoesteacontece.com.br\/?s={search_term_string}"},"query-input":{"@type":"PropertyValueSpecification","valueRequired":true,"valueName":"search_term_string"}}],"inLanguage":"pt-BR"},{"@type":"Organization","@id":"https:\/\/sudoesteacontece.com.br\/#organization","name":"Sudoesteacontece","url":"https:\/\/sudoesteacontece.com.br\/","logo":{"@type":"ImageObject","inLanguage":"pt-BR","@id":"https:\/\/sudoesteacontece.com.br\/#\/schema\/logo\/image\/","url":"https:\/\/sudoesteacontece.com.br\/wp-content\/uploads\/2025\/12\/cropped-logo-2-180x180-1.png","contentUrl":"https:\/\/sudoesteacontece.com.br\/wp-content\/uploads\/2025\/12\/cropped-logo-2-180x180-1.png","width":180,"height":180,"caption":"Sudoesteacontece"},"image":{"@id":"https:\/\/sudoesteacontece.com.br\/#\/schema\/logo\/image\/"},"sameAs":["https:\/\/www.facebook.com\/sudoesteacontece\/?locale=pt_BR"]},{"@type":"Person","@id":"https:\/\/sudoesteacontece.com.br\/#\/schema\/person\/a4f22429c1d0923ef8f7d43343f8dc38","name":"Reda\u00e7\u00e3o","image":{"@type":"ImageObject","inLanguage":"pt-BR","@id":"https:\/\/sudoesteacontece.com.br\/#\/schema\/person\/image\/","url":"https:\/\/secure.gravatar.com\/avatar\/c3a5b3c93f268a709c25a2df414c629a96fb3b1b4bf97a94fb3f72e54ae76903?s=96&d=mm&r=g","contentUrl":"https:\/\/secure.gravatar.com\/avatar\/c3a5b3c93f268a709c25a2df414c629a96fb3b1b4bf97a94fb3f72e54ae76903?s=96&d=mm&r=g","caption":"Reda\u00e7\u00e3o"},"url":"https:\/\/sudoesteacontece.com.br\/?author=4"}]}},"_links":{"self":[{"href":"https:\/\/sudoesteacontece.com.br\/index.php?rest_route=\/wp\/v2\/posts\/28926","targetHints":{"allow":["GET"]}}],"collection":[{"href":"https:\/\/sudoesteacontece.com.br\/index.php?rest_route=\/wp\/v2\/posts"}],"about":[{"href":"https:\/\/sudoesteacontece.com.br\/index.php?rest_route=\/wp\/v2\/types\/post"}],"author":[{"embeddable":true,"href":"https:\/\/sudoesteacontece.com.br\/index.php?rest_route=\/wp\/v2\/users\/4"}],"replies":[{"embeddable":true,"href":"https:\/\/sudoesteacontece.com.br\/index.php?rest_route=%2Fwp%2Fv2%2Fcomments&post=28926"}],"version-history":[{"count":1,"href":"https:\/\/sudoesteacontece.com.br\/index.php?rest_route=\/wp\/v2\/posts\/28926\/revisions"}],"predecessor-version":[{"id":29000,"href":"https:\/\/sudoesteacontece.com.br\/index.php?rest_route=\/wp\/v2\/posts\/28926\/revisions\/29000"}],"wp:featuredmedia":[{"embeddable":true,"href":"https:\/\/sudoesteacontece.com.br\/index.php?rest_route=\/wp\/v2\/media\/28985"}],"wp:attachment":[{"href":"https:\/\/sudoesteacontece.com.br\/index.php?rest_route=%2Fwp%2Fv2%2Fmedia&parent=28926"}],"wp:term":[{"taxonomy":"category","embeddable":true,"href":"https:\/\/sudoesteacontece.com.br\/index.php?rest_route=%2Fwp%2Fv2%2Fcategories&post=28926"},{"taxonomy":"post_tag","embeddable":true,"href":"https:\/\/sudoesteacontece.com.br\/index.php?rest_route=%2Fwp%2Fv2%2Ftags&post=28926"}],"curies":[{"name":"wp","href":"https:\/\/api.w.org\/{rel}","templated":true}]}}