{"id":28929,"date":"2026-09-01T12:17:26","date_gmt":"2026-09-01T15:17:26","guid":{"rendered":"https:\/\/sudoesteacontece.com.br\/?p=28929"},"modified":"2026-09-01T12:17:32","modified_gmt":"2026-09-01T15:17:32","slug":"incendio-em-serra-perto-de-condominios-assusta-moradores-em-barreiras","status":"publish","type":"post","link":"https:\/\/sudoesteacontece.com.br\/?p=28929","title":{"rendered":"Inc\u00eandio em serra perto de condom\u00ednios assusta moradores em Barreiras"},"content":{"rendered":"\n<figure class=\"wp-block-image size-full\"><img fetchpriority=\"high\" decoding=\"async\" width=\"900\" height=\"600\" src=\"http:\/\/sudoesteacontece.com.br\/wp-content\/uploads\/2026\/09\/Incendio-em-serra-perto-de-condominios-assusta-moradores-em-Barreiras.jpg\" alt=\"\" class=\"wp-image-28977\" srcset=\"https:\/\/sudoesteacontece.com.br\/wp-content\/uploads\/2026\/09\/Incendio-em-serra-perto-de-condominios-assusta-moradores-em-Barreiras.jpg 900w, https:\/\/sudoesteacontece.com.br\/wp-content\/uploads\/2026\/09\/Incendio-em-serra-perto-de-condominios-assusta-moradores-em-Barreiras-300x200.jpg 300w, https:\/\/sudoesteacontece.com.br\/wp-content\/uploads\/2026\/09\/Incendio-em-serra-perto-de-condominios-assusta-moradores-em-Barreiras-768x512.jpg 768w\" sizes=\"(max-width: 900px) 100vw, 900px\" \/><\/figure>\n\n\n\n<p class=\"wp-block-paragraph\">Um inc\u00eandio atingiu a Serra da Bandeira, em Barreiras, no oeste da Bahia, no domingo (30), e assustou moradores de \u00e1reas residenciais pr\u00f3ximas. As chamas alcan\u00e7aram uma regi\u00e3o de vegeta\u00e7\u00e3o localizada nas proximidades de condom\u00ednios. Cerca de 40 bombeiros participaram do combate ao fogo. O trecho mais pr\u00f3ximo das resid\u00eancias foi controlado pela equipe durante a opera\u00e7\u00e3o.<\/p>\n\n\n\n<p class=\"wp-block-paragraph\">Segundo o Corpo de Bombeiros, ainda n\u00e3o h\u00e1 informa\u00e7\u00f5es sobre o que provocou o inc\u00eandio. A corpora\u00e7\u00e3o informou que as condi\u00e7\u00f5es do local dificultaram o trabalho das equipes. O terreno da serra \u00e9 considerado \u00edngreme, pedregoso e de dif\u00edcil acesso. A baixa umidade do ar tamb\u00e9m contribuiu para aumentar a dificuldade no controle das chamas.<\/p>\n\n\n\n<p class=\"wp-block-paragraph\">Barreiras est\u00e1 entre os munic\u00edpios da Bahia inclu\u00eddos no alerta de baixa umidade emitido pelo Instituto Nacional de Meteorologia (Inmet). Nesta segunda-feira (31), os \u00edndices registrados na cidade variavam entre 20% e 12%. A Organiza\u00e7\u00e3o Mundial da Sa\u00fade (OMS) recomenda n\u00edveis de umidade entre 40% e 70%.<\/p>\n\n\n\n<p class=\"wp-block-paragraph\">Durante a ocorr\u00eancia, os bombeiros concentraram os esfor\u00e7os no combate \u00e0s chamas e na \u00e1rea pr\u00f3xima aos condom\u00ednios residenciais. O trecho considerado mais pr\u00f3ximo das moradias foi controlado. At\u00e9 o momento das informa\u00e7\u00f5es divulgadas, n\u00e3o havia registro de danos aos im\u00f3veis em raz\u00e3o do inc\u00eandio.<\/p>\n\n\n\n<p class=\"wp-block-paragraph\">Apesar do controle da \u00e1rea mais pr\u00f3xima \u00e0s resid\u00eancias, as condi\u00e7\u00f5es clim\u00e1ticas e as caracter\u00edsticas do terreno continuam sendo fatores considerados pelas equipes durante o atendimento. A causa do inc\u00eandio ainda n\u00e3o foi identificada pelo Corpo de Bombeiros.<\/p>\n","protected":false},"excerpt":{"rendered":"<p>Um inc\u00eandio atingiu a Serra da Bandeira, em Barreiras, no oeste da Bahia, no domingo (30), e assustou moradores de \u00e1reas residenciais pr\u00f3ximas. As chamas alcan\u00e7aram uma regi\u00e3o de vegeta\u00e7\u00e3o localizada nas proximidades de condom\u00ednios. Cerca de 40 bombeiros participaram do combate ao fogo. O trecho mais pr\u00f3ximo das resid\u00eancias foi controlado pela equipe durante a opera\u00e7\u00e3o. Segundo o Corpo de Bombeiros, ainda n\u00e3o h\u00e1 informa\u00e7\u00f5es sobre o que provocou o inc\u00eandio. A corpora\u00e7\u00e3o informou que as condi\u00e7\u00f5es do local dificultaram o trabalho das equipes. O terreno da serra \u00e9 considerado \u00edngreme, pedregoso e de dif\u00edcil acesso. A baixa umidade do ar tamb\u00e9m contribuiu para aumentar a dificuldade no controle das chamas. Barreiras est\u00e1 entre os munic\u00edpios da Bahia inclu\u00eddos no alerta de baixa umidade emitido pelo Instituto Nacional de Meteorologia (Inmet). Nesta segunda-feira (31), os \u00edndices registrados na cidade variavam entre 20% e 12%. A Organiza\u00e7\u00e3o Mundial da Sa\u00fade (OMS) recomenda n\u00edveis de umidade entre 40% e 70%. Durante a ocorr\u00eancia, os bombeiros concentraram os esfor\u00e7os no combate \u00e0s chamas e na \u00e1rea pr\u00f3xima aos condom\u00ednios residenciais. O trecho considerado mais pr\u00f3ximo das moradias foi controlado. At\u00e9 o momento das informa\u00e7\u00f5es divulgadas, n\u00e3o havia registro de danos aos im\u00f3veis em raz\u00e3o do inc\u00eandio. Apesar do controle da \u00e1rea mais pr\u00f3xima \u00e0s resid\u00eancias, as condi\u00e7\u00f5es clim\u00e1ticas e as caracter\u00edsticas do terreno continuam sendo fatores considerados pelas equipes durante o atendimento. A causa do inc\u00eandio ainda n\u00e3o foi identificada pelo Corpo de Bombeiros.<\/p>\n","protected":false},"author":4,"featured_media":0,"comment_status":"open","ping_status":"open","sticky":false,"template":"","format":"standard","meta":{"footnotes":""},"categories":[66,4],"tags":[],"class_list":["post-28929","post","type-post","status-publish","format-standard","hentry","category-barreiras","category-cidades"],"yoast_head":"<!-- This site is optimized with the Yoast SEO plugin v26.5 - https:\/\/yoast.com\/wordpress\/plugins\/seo\/ -->\n<title>Inc\u00eandio em serra perto de condom\u00ednios assusta moradores em Barreiras - Sudoesteacontece<\/title>\n<meta name=\"robots\" content=\"index, follow, max-snippet:-1, max-image-preview:large, max-video-preview:-1\" \/>\n<link rel=\"canonical\" href=\"https:\/\/sudoesteacontece.com.br\/?p=28929\" \/>\n<meta property=\"og:locale\" content=\"pt_BR\" \/>\n<meta property=\"og:type\" content=\"article\" \/>\n<meta property=\"og:title\" content=\"Inc\u00eandio em serra perto de condom\u00ednios assusta moradores em Barreiras - Sudoesteacontece\" \/>\n<meta property=\"og:description\" content=\"Um inc\u00eandio atingiu a Serra da Bandeira, em Barreiras, no oeste da Bahia, no domingo (30), e assustou moradores de \u00e1reas residenciais pr\u00f3ximas. As chamas alcan\u00e7aram uma regi\u00e3o de vegeta\u00e7\u00e3o localizada nas proximidades de condom\u00ednios. Cerca de 40 bombeiros participaram do combate ao fogo. O trecho mais pr\u00f3ximo das resid\u00eancias foi controlado pela equipe durante a opera\u00e7\u00e3o. Segundo o Corpo de Bombeiros, ainda n\u00e3o h\u00e1 informa\u00e7\u00f5es sobre o que provocou o inc\u00eandio. A corpora\u00e7\u00e3o informou que as condi\u00e7\u00f5es do local dificultaram o trabalho das equipes. O terreno da serra \u00e9 considerado \u00edngreme, pedregoso e de dif\u00edcil acesso. A baixa umidade do ar tamb\u00e9m contribuiu para aumentar a dificuldade no controle das chamas. Barreiras est\u00e1 entre os munic\u00edpios da Bahia inclu\u00eddos no alerta de baixa umidade emitido pelo Instituto Nacional de Meteorologia (Inmet). Nesta segunda-feira (31), os \u00edndices registrados na cidade variavam entre 20% e 12%. A Organiza\u00e7\u00e3o Mundial da Sa\u00fade (OMS) recomenda n\u00edveis de umidade entre 40% e 70%. Durante a ocorr\u00eancia, os bombeiros concentraram os esfor\u00e7os no combate \u00e0s chamas e na \u00e1rea pr\u00f3xima aos condom\u00ednios residenciais. O trecho considerado mais pr\u00f3ximo das moradias foi controlado. At\u00e9 o momento das informa\u00e7\u00f5es divulgadas, n\u00e3o havia registro de danos aos im\u00f3veis em raz\u00e3o do inc\u00eandio. Apesar do controle da \u00e1rea mais pr\u00f3xima \u00e0s resid\u00eancias, as condi\u00e7\u00f5es clim\u00e1ticas e as caracter\u00edsticas do terreno continuam sendo fatores considerados pelas equipes durante o atendimento. A causa do inc\u00eandio ainda n\u00e3o foi identificada pelo Corpo de Bombeiros.\" \/>\n<meta property=\"og:url\" content=\"https:\/\/sudoesteacontece.com.br\/?p=28929\" \/>\n<meta property=\"og:site_name\" content=\"Sudoesteacontece\" \/>\n<meta property=\"article:publisher\" content=\"https:\/\/www.facebook.com\/sudoesteacontece\/?locale=pt_BR\" \/>\n<meta property=\"article:published_time\" content=\"2026-09-01T15:17:26+00:00\" \/>\n<meta property=\"article:modified_time\" content=\"2026-09-01T15:17:32+00:00\" \/>\n<meta property=\"og:image\" content=\"https:\/\/sudoesteacontece.com.br\/wp-content\/uploads\/2026\/09\/Incendio-em-serra-perto-de-condominios-assusta-moradores-em-Barreiras.jpg\" \/>\n\t<meta property=\"og:image:width\" content=\"900\" \/>\n\t<meta property=\"og:image:height\" content=\"600\" \/>\n\t<meta property=\"og:image:type\" content=\"image\/jpeg\" \/>\n<meta name=\"author\" content=\"Reda\u00e7\u00e3o\" \/>\n<meta name=\"twitter:card\" content=\"summary_large_image\" \/>\n<meta name=\"twitter:label1\" content=\"Escrito por\" \/>\n\t<meta name=\"twitter:data1\" content=\"Reda\u00e7\u00e3o\" \/>\n\t<meta name=\"twitter:label2\" content=\"Est. tempo de leitura\" \/>\n\t<meta name=\"twitter:data2\" content=\"2 minutos\" \/>\n<script type=\"application\/ld+json\" class=\"yoast-schema-graph\">{\"@context\":\"https:\/\/schema.org\",\"@graph\":[{\"@type\":\"Article\",\"@id\":\"https:\/\/sudoesteacontece.com.br\/?p=28929#article\",\"isPartOf\":{\"@id\":\"https:\/\/sudoesteacontece.com.br\/?p=28929\"},\"author\":{\"name\":\"Reda\u00e7\u00e3o\",\"@id\":\"https:\/\/sudoesteacontece.com.br\/#\/schema\/person\/a4f22429c1d0923ef8f7d43343f8dc38\"},\"headline\":\"Inc\u00eandio em serra perto de condom\u00ednios assusta moradores em Barreiras\",\"datePublished\":\"2026-09-01T15:17:26+00:00\",\"dateModified\":\"2026-09-01T15:17:32+00:00\",\"mainEntityOfPage\":{\"@id\":\"https:\/\/sudoesteacontece.com.br\/?p=28929\"},\"wordCount\":284,\"commentCount\":0,\"publisher\":{\"@id\":\"https:\/\/sudoesteacontece.com.br\/#organization\"},\"image\":{\"@id\":\"https:\/\/sudoesteacontece.com.br\/?p=28929#primaryimage\"},\"thumbnailUrl\":\"http:\/\/sudoesteacontece.com.br\/wp-content\/uploads\/2026\/09\/Incendio-em-serra-perto-de-condominios-assusta-moradores-em-Barreiras.jpg\",\"articleSection\":[\"Barreiras\",\"Cidades\"],\"inLanguage\":\"pt-BR\",\"potentialAction\":[{\"@type\":\"CommentAction\",\"name\":\"Comment\",\"target\":[\"https:\/\/sudoesteacontece.com.br\/?p=28929#respond\"]}]},{\"@type\":\"WebPage\",\"@id\":\"https:\/\/sudoesteacontece.com.br\/?p=28929\",\"url\":\"https:\/\/sudoesteacontece.com.br\/?p=28929\",\"name\":\"Inc\u00eandio em serra perto de condom\u00ednios assusta moradores em Barreiras - Sudoesteacontece\",\"isPartOf\":{\"@id\":\"https:\/\/sudoesteacontece.com.br\/#website\"},\"primaryImageOfPage\":{\"@id\":\"https:\/\/sudoesteacontece.com.br\/?p=28929#primaryimage\"},\"image\":{\"@id\":\"https:\/\/sudoesteacontece.com.br\/?p=28929#primaryimage\"},\"thumbnailUrl\":\"http:\/\/sudoesteacontece.com.br\/wp-content\/uploads\/2026\/09\/Incendio-em-serra-perto-de-condominios-assusta-moradores-em-Barreiras.jpg\",\"datePublished\":\"2026-09-01T15:17:26+00:00\",\"dateModified\":\"2026-09-01T15:17:32+00:00\",\"breadcrumb\":{\"@id\":\"https:\/\/sudoesteacontece.com.br\/?p=28929#breadcrumb\"},\"inLanguage\":\"pt-BR\",\"potentialAction\":[{\"@type\":\"ReadAction\",\"target\":[\"https:\/\/sudoesteacontece.com.br\/?p=28929\"]}]},{\"@type\":\"ImageObject\",\"inLanguage\":\"pt-BR\",\"@id\":\"https:\/\/sudoesteacontece.com.br\/?p=28929#primaryimage\",\"url\":\"https:\/\/sudoesteacontece.com.br\/wp-content\/uploads\/2026\/09\/Incendio-em-serra-perto-de-condominios-assusta-moradores-em-Barreiras.jpg\",\"contentUrl\":\"https:\/\/sudoesteacontece.com.br\/wp-content\/uploads\/2026\/09\/Incendio-em-serra-perto-de-condominios-assusta-moradores-em-Barreiras.jpg\",\"width\":900,\"height\":600},{\"@type\":\"BreadcrumbList\",\"@id\":\"https:\/\/sudoesteacontece.com.br\/?p=28929#breadcrumb\",\"itemListElement\":[{\"@type\":\"ListItem\",\"position\":1,\"name\":\"In\u00edcio\",\"item\":\"https:\/\/sudoesteacontece.com.br\/\"},{\"@type\":\"ListItem\",\"position\":2,\"name\":\"Inc\u00eandio em serra perto de condom\u00ednios assusta moradores em Barreiras\"}]},{\"@type\":\"WebSite\",\"@id\":\"https:\/\/sudoesteacontece.com.br\/#website\",\"url\":\"https:\/\/sudoesteacontece.com.br\/\",\"name\":\"Sudoesteacontece\",\"description\":\"\",\"publisher\":{\"@id\":\"https:\/\/sudoesteacontece.com.br\/#organization\"},\"potentialAction\":[{\"@type\":\"SearchAction\",\"target\":{\"@type\":\"EntryPoint\",\"urlTemplate\":\"https:\/\/sudoesteacontece.com.br\/?s={search_term_string}\"},\"query-input\":{\"@type\":\"PropertyValueSpecification\",\"valueRequired\":true,\"valueName\":\"search_term_string\"}}],\"inLanguage\":\"pt-BR\"},{\"@type\":\"Organization\",\"@id\":\"https:\/\/sudoesteacontece.com.br\/#organization\",\"name\":\"Sudoesteacontece\",\"url\":\"https:\/\/sudoesteacontece.com.br\/\",\"logo\":{\"@type\":\"ImageObject\",\"inLanguage\":\"pt-BR\",\"@id\":\"https:\/\/sudoesteacontece.com.br\/#\/schema\/logo\/image\/\",\"url\":\"https:\/\/sudoesteacontece.com.br\/wp-content\/uploads\/2025\/12\/cropped-logo-2-180x180-1.png\",\"contentUrl\":\"https:\/\/sudoesteacontece.com.br\/wp-content\/uploads\/2025\/12\/cropped-logo-2-180x180-1.png\",\"width\":180,\"height\":180,\"caption\":\"Sudoesteacontece\"},\"image\":{\"@id\":\"https:\/\/sudoesteacontece.com.br\/#\/schema\/logo\/image\/\"},\"sameAs\":[\"https:\/\/www.facebook.com\/sudoesteacontece\/?locale=pt_BR\"]},{\"@type\":\"Person\",\"@id\":\"https:\/\/sudoesteacontece.com.br\/#\/schema\/person\/a4f22429c1d0923ef8f7d43343f8dc38\",\"name\":\"Reda\u00e7\u00e3o\",\"image\":{\"@type\":\"ImageObject\",\"inLanguage\":\"pt-BR\",\"@id\":\"https:\/\/sudoesteacontece.com.br\/#\/schema\/person\/image\/\",\"url\":\"https:\/\/secure.gravatar.com\/avatar\/c3a5b3c93f268a709c25a2df414c629a96fb3b1b4bf97a94fb3f72e54ae76903?s=96&d=mm&r=g\",\"contentUrl\":\"https:\/\/secure.gravatar.com\/avatar\/c3a5b3c93f268a709c25a2df414c629a96fb3b1b4bf97a94fb3f72e54ae76903?s=96&d=mm&r=g\",\"caption\":\"Reda\u00e7\u00e3o\"},\"url\":\"https:\/\/sudoesteacontece.com.br\/?author=4\"}]}<\/script>\n<!-- \/ Yoast SEO plugin. -->","yoast_head_json":{"title":"Inc\u00eandio em serra perto de condom\u00ednios assusta moradores em Barreiras - Sudoesteacontece","robots":{"index":"index","follow":"follow","max-snippet":"max-snippet:-1","max-image-preview":"max-image-preview:large","max-video-preview":"max-video-preview:-1"},"canonical":"https:\/\/sudoesteacontece.com.br\/?p=28929","og_locale":"pt_BR","og_type":"article","og_title":"Inc\u00eandio em serra perto de condom\u00ednios assusta moradores em Barreiras - Sudoesteacontece","og_description":"Um inc\u00eandio atingiu a Serra da Bandeira, em Barreiras, no oeste da Bahia, no domingo (30), e assustou moradores de \u00e1reas residenciais pr\u00f3ximas. As chamas alcan\u00e7aram uma regi\u00e3o de vegeta\u00e7\u00e3o localizada nas proximidades de condom\u00ednios. Cerca de 40 bombeiros participaram do combate ao fogo. O trecho mais pr\u00f3ximo das resid\u00eancias foi controlado pela equipe durante a opera\u00e7\u00e3o. Segundo o Corpo de Bombeiros, ainda n\u00e3o h\u00e1 informa\u00e7\u00f5es sobre o que provocou o inc\u00eandio. A corpora\u00e7\u00e3o informou que as condi\u00e7\u00f5es do local dificultaram o trabalho das equipes. O terreno da serra \u00e9 considerado \u00edngreme, pedregoso e de dif\u00edcil acesso. A baixa umidade do ar tamb\u00e9m contribuiu para aumentar a dificuldade no controle das chamas. Barreiras est\u00e1 entre os munic\u00edpios da Bahia inclu\u00eddos no alerta de baixa umidade emitido pelo Instituto Nacional de Meteorologia (Inmet). Nesta segunda-feira (31), os \u00edndices registrados na cidade variavam entre 20% e 12%. A Organiza\u00e7\u00e3o Mundial da Sa\u00fade (OMS) recomenda n\u00edveis de umidade entre 40% e 70%. Durante a ocorr\u00eancia, os bombeiros concentraram os esfor\u00e7os no combate \u00e0s chamas e na \u00e1rea pr\u00f3xima aos condom\u00ednios residenciais. O trecho considerado mais pr\u00f3ximo das moradias foi controlado. At\u00e9 o momento das informa\u00e7\u00f5es divulgadas, n\u00e3o havia registro de danos aos im\u00f3veis em raz\u00e3o do inc\u00eandio. Apesar do controle da \u00e1rea mais pr\u00f3xima \u00e0s resid\u00eancias, as condi\u00e7\u00f5es clim\u00e1ticas e as caracter\u00edsticas do terreno continuam sendo fatores considerados pelas equipes durante o atendimento. A causa do inc\u00eandio ainda n\u00e3o foi identificada pelo Corpo de Bombeiros.","og_url":"https:\/\/sudoesteacontece.com.br\/?p=28929","og_site_name":"Sudoesteacontece","article_publisher":"https:\/\/www.facebook.com\/sudoesteacontece\/?locale=pt_BR","article_published_time":"2026-09-01T15:17:26+00:00","article_modified_time":"2026-09-01T15:17:32+00:00","og_image":[{"width":900,"height":600,"url":"https:\/\/sudoesteacontece.com.br\/wp-content\/uploads\/2026\/09\/Incendio-em-serra-perto-de-condominios-assusta-moradores-em-Barreiras.jpg","type":"image\/jpeg"}],"author":"Reda\u00e7\u00e3o","twitter_card":"summary_large_image","twitter_misc":{"Escrito por":"Reda\u00e7\u00e3o","Est. tempo de leitura":"2 minutos"},"schema":{"@context":"https:\/\/schema.org","@graph":[{"@type":"Article","@id":"https:\/\/sudoesteacontece.com.br\/?p=28929#article","isPartOf":{"@id":"https:\/\/sudoesteacontece.com.br\/?p=28929"},"author":{"name":"Reda\u00e7\u00e3o","@id":"https:\/\/sudoesteacontece.com.br\/#\/schema\/person\/a4f22429c1d0923ef8f7d43343f8dc38"},"headline":"Inc\u00eandio em serra perto de condom\u00ednios assusta moradores em Barreiras","datePublished":"2026-09-01T15:17:26+00:00","dateModified":"2026-09-01T15:17:32+00:00","mainEntityOfPage":{"@id":"https:\/\/sudoesteacontece.com.br\/?p=28929"},"wordCount":284,"commentCount":0,"publisher":{"@id":"https:\/\/sudoesteacontece.com.br\/#organization"},"image":{"@id":"https:\/\/sudoesteacontece.com.br\/?p=28929#primaryimage"},"thumbnailUrl":"http:\/\/sudoesteacontece.com.br\/wp-content\/uploads\/2026\/09\/Incendio-em-serra-perto-de-condominios-assusta-moradores-em-Barreiras.jpg","articleSection":["Barreiras","Cidades"],"inLanguage":"pt-BR","potentialAction":[{"@type":"CommentAction","name":"Comment","target":["https:\/\/sudoesteacontece.com.br\/?p=28929#respond"]}]},{"@type":"WebPage","@id":"https:\/\/sudoesteacontece.com.br\/?p=28929","url":"https:\/\/sudoesteacontece.com.br\/?p=28929","name":"Inc\u00eandio em serra perto de condom\u00ednios assusta moradores em Barreiras - Sudoesteacontece","isPartOf":{"@id":"https:\/\/sudoesteacontece.com.br\/#website"},"primaryImageOfPage":{"@id":"https:\/\/sudoesteacontece.com.br\/?p=28929#primaryimage"},"image":{"@id":"https:\/\/sudoesteacontece.com.br\/?p=28929#primaryimage"},"thumbnailUrl":"http:\/\/sudoesteacontece.com.br\/wp-content\/uploads\/2026\/09\/Incendio-em-serra-perto-de-condominios-assusta-moradores-em-Barreiras.jpg","datePublished":"2026-09-01T15:17:26+00:00","dateModified":"2026-09-01T15:17:32+00:00","breadcrumb":{"@id":"https:\/\/sudoesteacontece.com.br\/?p=28929#breadcrumb"},"inLanguage":"pt-BR","potentialAction":[{"@type":"ReadAction","target":["https:\/\/sudoesteacontece.com.br\/?p=28929"]}]},{"@type":"ImageObject","inLanguage":"pt-BR","@id":"https:\/\/sudoesteacontece.com.br\/?p=28929#primaryimage","url":"https:\/\/sudoesteacontece.com.br\/wp-content\/uploads\/2026\/09\/Incendio-em-serra-perto-de-condominios-assusta-moradores-em-Barreiras.jpg","contentUrl":"https:\/\/sudoesteacontece.com.br\/wp-content\/uploads\/2026\/09\/Incendio-em-serra-perto-de-condominios-assusta-moradores-em-Barreiras.jpg","width":900,"height":600},{"@type":"BreadcrumbList","@id":"https:\/\/sudoesteacontece.com.br\/?p=28929#breadcrumb","itemListElement":[{"@type":"ListItem","position":1,"name":"In\u00edcio","item":"https:\/\/sudoesteacontece.com.br\/"},{"@type":"ListItem","position":2,"name":"Inc\u00eandio em serra perto de condom\u00ednios assusta moradores em Barreiras"}]},{"@type":"WebSite","@id":"https:\/\/sudoesteacontece.com.br\/#website","url":"https:\/\/sudoesteacontece.com.br\/","name":"Sudoesteacontece","description":"","publisher":{"@id":"https:\/\/sudoesteacontece.com.br\/#organization"},"potentialAction":[{"@type":"SearchAction","target":{"@type":"EntryPoint","urlTemplate":"https:\/\/sudoesteacontece.com.br\/?s={search_term_string}"},"query-input":{"@type":"PropertyValueSpecification","valueRequired":true,"valueName":"search_term_string"}}],"inLanguage":"pt-BR"},{"@type":"Organization","@id":"https:\/\/sudoesteacontece.com.br\/#organization","name":"Sudoesteacontece","url":"https:\/\/sudoesteacontece.com.br\/","logo":{"@type":"ImageObject","inLanguage":"pt-BR","@id":"https:\/\/sudoesteacontece.com.br\/#\/schema\/logo\/image\/","url":"https:\/\/sudoesteacontece.com.br\/wp-content\/uploads\/2025\/12\/cropped-logo-2-180x180-1.png","contentUrl":"https:\/\/sudoesteacontece.com.br\/wp-content\/uploads\/2025\/12\/cropped-logo-2-180x180-1.png","width":180,"height":180,"caption":"Sudoesteacontece"},"image":{"@id":"https:\/\/sudoesteacontece.com.br\/#\/schema\/logo\/image\/"},"sameAs":["https:\/\/www.facebook.com\/sudoesteacontece\/?locale=pt_BR"]},{"@type":"Person","@id":"https:\/\/sudoesteacontece.com.br\/#\/schema\/person\/a4f22429c1d0923ef8f7d43343f8dc38","name":"Reda\u00e7\u00e3o","image":{"@type":"ImageObject","inLanguage":"pt-BR","@id":"https:\/\/sudoesteacontece.com.br\/#\/schema\/person\/image\/","url":"https:\/\/secure.gravatar.com\/avatar\/c3a5b3c93f268a709c25a2df414c629a96fb3b1b4bf97a94fb3f72e54ae76903?s=96&d=mm&r=g","contentUrl":"https:\/\/secure.gravatar.com\/avatar\/c3a5b3c93f268a709c25a2df414c629a96fb3b1b4bf97a94fb3f72e54ae76903?s=96&d=mm&r=g","caption":"Reda\u00e7\u00e3o"},"url":"https:\/\/sudoesteacontece.com.br\/?author=4"}]}},"_links":{"self":[{"href":"https:\/\/sudoesteacontece.com.br\/index.php?rest_route=\/wp\/v2\/posts\/28929","targetHints":{"allow":["GET"]}}],"collection":[{"href":"https:\/\/sudoesteacontece.com.br\/index.php?rest_route=\/wp\/v2\/posts"}],"about":[{"href":"https:\/\/sudoesteacontece.com.br\/index.php?rest_route=\/wp\/v2\/types\/post"}],"author":[{"embeddable":true,"href":"https:\/\/sudoesteacontece.com.br\/index.php?rest_route=\/wp\/v2\/users\/4"}],"replies":[{"embeddable":true,"href":"https:\/\/sudoesteacontece.com.br\/index.php?rest_route=%2Fwp%2Fv2%2Fcomments&post=28929"}],"version-history":[{"count":1,"href":"https:\/\/sudoesteacontece.com.br\/index.php?rest_route=\/wp\/v2\/posts\/28929\/revisions"}],"predecessor-version":[{"id":29003,"href":"https:\/\/sudoesteacontece.com.br\/index.php?rest_route=\/wp\/v2\/posts\/28929\/revisions\/29003"}],"wp:attachment":[{"href":"https:\/\/sudoesteacontece.com.br\/index.php?rest_route=%2Fwp%2Fv2%2Fmedia&parent=28929"}],"wp:term":[{"taxonomy":"category","embeddable":true,"href":"https:\/\/sudoesteacontece.com.br\/index.php?rest_route=%2Fwp%2Fv2%2Fcategories&post=28929"},{"taxonomy":"post_tag","embeddable":true,"href":"https:\/\/sudoesteacontece.com.br\/index.php?rest_route=%2Fwp%2Fv2%2Ftags&post=28929"}],"curies":[{"name":"wp","href":"https:\/\/api.w.org\/{rel}","templated":true}]}}