{"id":28933,"date":"2026-09-01T12:27:23","date_gmt":"2026-09-01T15:27:23","guid":{"rendered":"https:\/\/sudoesteacontece.com.br\/?p=28933"},"modified":"2026-09-01T12:27:28","modified_gmt":"2026-09-01T15:27:28","slug":"crescimento-de-augusto-cury-nas-pesquisas-chama-atencao-do-mercado-financeiro","status":"publish","type":"post","link":"https:\/\/sudoesteacontece.com.br\/?p=28933","title":{"rendered":"Crescimento de Augusto Cury nas pesquisas chama aten\u00e7\u00e3o do mercado financeiro"},"content":{"rendered":"\n<figure class=\"wp-block-image size-full\"><img fetchpriority=\"high\" decoding=\"async\" width=\"900\" height=\"600\" src=\"http:\/\/sudoesteacontece.com.br\/wp-content\/uploads\/2026\/09\/Cury-dispara-e-chega-a-11-na-corrida-presidencial.jpg\" alt=\"\" class=\"wp-image-28966\" srcset=\"https:\/\/sudoesteacontece.com.br\/wp-content\/uploads\/2026\/09\/Cury-dispara-e-chega-a-11-na-corrida-presidencial.jpg 900w, https:\/\/sudoesteacontece.com.br\/wp-content\/uploads\/2026\/09\/Cury-dispara-e-chega-a-11-na-corrida-presidencial-300x200.jpg 300w, https:\/\/sudoesteacontece.com.br\/wp-content\/uploads\/2026\/09\/Cury-dispara-e-chega-a-11-na-corrida-presidencial-768x512.jpg 768w\" sizes=\"(max-width: 900px) 100vw, 900px\" \/><\/figure>\n\n\n\n<p class=\"wp-block-paragraph\">O avan\u00e7o de Augusto Cury (Avante) nas pesquisas de inten\u00e7\u00e3o de voto passou a despertar interesse de institui\u00e7\u00f5es financeiras. Integrantes da campanha do candidato receberam liga\u00e7\u00f5es e mensagens nesta segunda-feira (31), com convites para reuni\u00f5es. O movimento ocorreu ap\u00f3s levantamentos recentes indicarem crescimento de Cury na corrida eleitoral.<\/p>\n\n\n\n<p class=\"wp-block-paragraph\">Segundo as informa\u00e7\u00f5es divulgadas, representantes do mercado financeiro demonstraram interesse em conhecer as propostas do candidato para a \u00e1rea econ\u00f4mica. Tamb\u00e9m h\u00e1 questionamentos sobre os nomes que poderiam integrar um eventual governo. A movimenta\u00e7\u00e3o indica uma aproxima\u00e7\u00e3o de setores financeiros com a campanha diante do desempenho apresentado pelo candidato nas pesquisas.<\/p>\n\n\n\n<p class=\"wp-block-paragraph\">Nesta semana, a equipe de Cury avalia anunciar alguns colaboradores ligados \u00e0 \u00e1rea econ\u00f4mica. A estrat\u00e9gia tem como objetivo apresentar nomes que possam transmitir maior seguran\u00e7a aos setores produtivos. A campanha discute quais integrantes dever\u00e3o ser divulgados e como eles participar\u00e3o da formula\u00e7\u00e3o das propostas econ\u00f4micas.<\/p>\n\n\n\n<p class=\"wp-block-paragraph\">Entre os colaboradores que j\u00e1 auxiliam o candidato est\u00e1 Tirso Meirelles, presidente da Federa\u00e7\u00e3o da Agricultura do Estado de S\u00e3o Paulo. Ele participa das discuss\u00f5es relacionadas ao setor agr\u00edcola e integra o grupo que vem contribuindo com a elabora\u00e7\u00e3o de propostas para a campanha.<\/p>\n\n\n\n<p class=\"wp-block-paragraph\">Enquanto isso, a equipe de Augusto Cury acompanha os efeitos do crescimento registrado nos levantamentos eleitorais. O interesse demonstrado por institui\u00e7\u00f5es financeiras ocorre no momento em que a campanha avalia ampliar a apresenta\u00e7\u00e3o de sua equipe econ\u00f4mica e detalhar as propostas para um eventual governo.<\/p>\n","protected":false},"excerpt":{"rendered":"<p>O avan\u00e7o de Augusto Cury (Avante) nas pesquisas de inten\u00e7\u00e3o de voto passou a despertar interesse de institui\u00e7\u00f5es financeiras. Integrantes da campanha do candidato receberam liga\u00e7\u00f5es e mensagens nesta segunda-feira (31), com convites para reuni\u00f5es. O movimento ocorreu ap\u00f3s levantamentos recentes indicarem crescimento de Cury na corrida eleitoral. Segundo as informa\u00e7\u00f5es divulgadas, representantes do mercado financeiro demonstraram interesse em conhecer as propostas do candidato para a \u00e1rea econ\u00f4mica. Tamb\u00e9m h\u00e1 questionamentos sobre os nomes que poderiam integrar um eventual governo. A movimenta\u00e7\u00e3o indica uma aproxima\u00e7\u00e3o de setores financeiros com a campanha diante do desempenho apresentado pelo candidato nas pesquisas. Nesta semana, a equipe de Cury avalia anunciar alguns colaboradores ligados \u00e0 \u00e1rea econ\u00f4mica. A estrat\u00e9gia tem como objetivo apresentar nomes que possam transmitir maior seguran\u00e7a aos setores produtivos. A campanha discute quais integrantes dever\u00e3o ser divulgados e como eles participar\u00e3o da formula\u00e7\u00e3o das propostas econ\u00f4micas. Entre os colaboradores que j\u00e1 auxiliam o candidato est\u00e1 Tirso Meirelles, presidente da Federa\u00e7\u00e3o da Agricultura do Estado de S\u00e3o Paulo. Ele participa das discuss\u00f5es relacionadas ao setor agr\u00edcola e integra o grupo que vem contribuindo com a elabora\u00e7\u00e3o de propostas para a campanha. Enquanto isso, a equipe de Augusto Cury acompanha os efeitos do crescimento registrado nos levantamentos eleitorais. O interesse demonstrado por institui\u00e7\u00f5es financeiras ocorre no momento em que a campanha avalia ampliar a apresenta\u00e7\u00e3o de sua equipe econ\u00f4mica e detalhar as propostas para um eventual governo.<\/p>\n","protected":false},"author":4,"featured_media":0,"comment_status":"open","ping_status":"open","sticky":false,"template":"","format":"standard","meta":{"footnotes":""},"categories":[53,58,6],"tags":[],"class_list":["post-28933","post","type-post","status-publish","format-standard","hentry","category-brasil","category-eleicoes-2026","category-politica"],"yoast_head":"<!-- This site is optimized with the Yoast SEO plugin v26.5 - https:\/\/yoast.com\/wordpress\/plugins\/seo\/ -->\n<title>Crescimento de Augusto Cury nas pesquisas chama aten\u00e7\u00e3o do mercado financeiro - Sudoesteacontece<\/title>\n<meta name=\"robots\" content=\"index, follow, max-snippet:-1, max-image-preview:large, max-video-preview:-1\" \/>\n<link rel=\"canonical\" href=\"https:\/\/sudoesteacontece.com.br\/?p=28933\" \/>\n<meta property=\"og:locale\" content=\"pt_BR\" \/>\n<meta property=\"og:type\" content=\"article\" \/>\n<meta property=\"og:title\" content=\"Crescimento de Augusto Cury nas pesquisas chama aten\u00e7\u00e3o do mercado financeiro - Sudoesteacontece\" \/>\n<meta property=\"og:description\" content=\"O avan\u00e7o de Augusto Cury (Avante) nas pesquisas de inten\u00e7\u00e3o de voto passou a despertar interesse de institui\u00e7\u00f5es financeiras. Integrantes da campanha do candidato receberam liga\u00e7\u00f5es e mensagens nesta segunda-feira (31), com convites para reuni\u00f5es. O movimento ocorreu ap\u00f3s levantamentos recentes indicarem crescimento de Cury na corrida eleitoral. Segundo as informa\u00e7\u00f5es divulgadas, representantes do mercado financeiro demonstraram interesse em conhecer as propostas do candidato para a \u00e1rea econ\u00f4mica. Tamb\u00e9m h\u00e1 questionamentos sobre os nomes que poderiam integrar um eventual governo. A movimenta\u00e7\u00e3o indica uma aproxima\u00e7\u00e3o de setores financeiros com a campanha diante do desempenho apresentado pelo candidato nas pesquisas. Nesta semana, a equipe de Cury avalia anunciar alguns colaboradores ligados \u00e0 \u00e1rea econ\u00f4mica. A estrat\u00e9gia tem como objetivo apresentar nomes que possam transmitir maior seguran\u00e7a aos setores produtivos. A campanha discute quais integrantes dever\u00e3o ser divulgados e como eles participar\u00e3o da formula\u00e7\u00e3o das propostas econ\u00f4micas. Entre os colaboradores que j\u00e1 auxiliam o candidato est\u00e1 Tirso Meirelles, presidente da Federa\u00e7\u00e3o da Agricultura do Estado de S\u00e3o Paulo. Ele participa das discuss\u00f5es relacionadas ao setor agr\u00edcola e integra o grupo que vem contribuindo com a elabora\u00e7\u00e3o de propostas para a campanha. Enquanto isso, a equipe de Augusto Cury acompanha os efeitos do crescimento registrado nos levantamentos eleitorais. O interesse demonstrado por institui\u00e7\u00f5es financeiras ocorre no momento em que a campanha avalia ampliar a apresenta\u00e7\u00e3o de sua equipe econ\u00f4mica e detalhar as propostas para um eventual governo.\" \/>\n<meta property=\"og:url\" content=\"https:\/\/sudoesteacontece.com.br\/?p=28933\" \/>\n<meta property=\"og:site_name\" content=\"Sudoesteacontece\" \/>\n<meta property=\"article:publisher\" content=\"https:\/\/www.facebook.com\/sudoesteacontece\/?locale=pt_BR\" \/>\n<meta property=\"article:published_time\" content=\"2026-09-01T15:27:23+00:00\" \/>\n<meta property=\"article:modified_time\" content=\"2026-09-01T15:27:28+00:00\" \/>\n<meta property=\"og:image\" content=\"https:\/\/sudoesteacontece.com.br\/wp-content\/uploads\/2026\/09\/Cury-dispara-e-chega-a-11-na-corrida-presidencial.jpg\" \/>\n\t<meta property=\"og:image:width\" content=\"900\" \/>\n\t<meta property=\"og:image:height\" content=\"600\" \/>\n\t<meta property=\"og:image:type\" content=\"image\/jpeg\" \/>\n<meta name=\"author\" content=\"Reda\u00e7\u00e3o\" \/>\n<meta name=\"twitter:card\" content=\"summary_large_image\" \/>\n<meta name=\"twitter:label1\" content=\"Escrito por\" \/>\n\t<meta name=\"twitter:data1\" content=\"Reda\u00e7\u00e3o\" \/>\n\t<meta name=\"twitter:label2\" content=\"Est. tempo de leitura\" \/>\n\t<meta name=\"twitter:data2\" content=\"2 minutos\" \/>\n<script type=\"application\/ld+json\" class=\"yoast-schema-graph\">{\"@context\":\"https:\/\/schema.org\",\"@graph\":[{\"@type\":\"Article\",\"@id\":\"https:\/\/sudoesteacontece.com.br\/?p=28933#article\",\"isPartOf\":{\"@id\":\"https:\/\/sudoesteacontece.com.br\/?p=28933\"},\"author\":{\"name\":\"Reda\u00e7\u00e3o\",\"@id\":\"https:\/\/sudoesteacontece.com.br\/#\/schema\/person\/a4f22429c1d0923ef8f7d43343f8dc38\"},\"headline\":\"Crescimento de Augusto Cury nas pesquisas chama aten\u00e7\u00e3o do mercado financeiro\",\"datePublished\":\"2026-09-01T15:27:23+00:00\",\"dateModified\":\"2026-09-01T15:27:28+00:00\",\"mainEntityOfPage\":{\"@id\":\"https:\/\/sudoesteacontece.com.br\/?p=28933\"},\"wordCount\":270,\"commentCount\":0,\"publisher\":{\"@id\":\"https:\/\/sudoesteacontece.com.br\/#organization\"},\"image\":{\"@id\":\"https:\/\/sudoesteacontece.com.br\/?p=28933#primaryimage\"},\"thumbnailUrl\":\"http:\/\/sudoesteacontece.com.br\/wp-content\/uploads\/2026\/09\/Cury-dispara-e-chega-a-11-na-corrida-presidencial.jpg\",\"articleSection\":[\"Brasil\",\"Elei\u00e7\u00f5es 2026\",\"Pol\u00edtica\"],\"inLanguage\":\"pt-BR\",\"potentialAction\":[{\"@type\":\"CommentAction\",\"name\":\"Comment\",\"target\":[\"https:\/\/sudoesteacontece.com.br\/?p=28933#respond\"]}]},{\"@type\":\"WebPage\",\"@id\":\"https:\/\/sudoesteacontece.com.br\/?p=28933\",\"url\":\"https:\/\/sudoesteacontece.com.br\/?p=28933\",\"name\":\"Crescimento de Augusto Cury nas pesquisas chama aten\u00e7\u00e3o do mercado financeiro - Sudoesteacontece\",\"isPartOf\":{\"@id\":\"https:\/\/sudoesteacontece.com.br\/#website\"},\"primaryImageOfPage\":{\"@id\":\"https:\/\/sudoesteacontece.com.br\/?p=28933#primaryimage\"},\"image\":{\"@id\":\"https:\/\/sudoesteacontece.com.br\/?p=28933#primaryimage\"},\"thumbnailUrl\":\"http:\/\/sudoesteacontece.com.br\/wp-content\/uploads\/2026\/09\/Cury-dispara-e-chega-a-11-na-corrida-presidencial.jpg\",\"datePublished\":\"2026-09-01T15:27:23+00:00\",\"dateModified\":\"2026-09-01T15:27:28+00:00\",\"breadcrumb\":{\"@id\":\"https:\/\/sudoesteacontece.com.br\/?p=28933#breadcrumb\"},\"inLanguage\":\"pt-BR\",\"potentialAction\":[{\"@type\":\"ReadAction\",\"target\":[\"https:\/\/sudoesteacontece.com.br\/?p=28933\"]}]},{\"@type\":\"ImageObject\",\"inLanguage\":\"pt-BR\",\"@id\":\"https:\/\/sudoesteacontece.com.br\/?p=28933#primaryimage\",\"url\":\"https:\/\/sudoesteacontece.com.br\/wp-content\/uploads\/2026\/09\/Cury-dispara-e-chega-a-11-na-corrida-presidencial.jpg\",\"contentUrl\":\"https:\/\/sudoesteacontece.com.br\/wp-content\/uploads\/2026\/09\/Cury-dispara-e-chega-a-11-na-corrida-presidencial.jpg\",\"width\":900,\"height\":600},{\"@type\":\"BreadcrumbList\",\"@id\":\"https:\/\/sudoesteacontece.com.br\/?p=28933#breadcrumb\",\"itemListElement\":[{\"@type\":\"ListItem\",\"position\":1,\"name\":\"In\u00edcio\",\"item\":\"https:\/\/sudoesteacontece.com.br\/\"},{\"@type\":\"ListItem\",\"position\":2,\"name\":\"Crescimento de Augusto Cury nas pesquisas chama aten\u00e7\u00e3o do mercado financeiro\"}]},{\"@type\":\"WebSite\",\"@id\":\"https:\/\/sudoesteacontece.com.br\/#website\",\"url\":\"https:\/\/sudoesteacontece.com.br\/\",\"name\":\"Sudoesteacontece\",\"description\":\"\",\"publisher\":{\"@id\":\"https:\/\/sudoesteacontece.com.br\/#organization\"},\"potentialAction\":[{\"@type\":\"SearchAction\",\"target\":{\"@type\":\"EntryPoint\",\"urlTemplate\":\"https:\/\/sudoesteacontece.com.br\/?s={search_term_string}\"},\"query-input\":{\"@type\":\"PropertyValueSpecification\",\"valueRequired\":true,\"valueName\":\"search_term_string\"}}],\"inLanguage\":\"pt-BR\"},{\"@type\":\"Organization\",\"@id\":\"https:\/\/sudoesteacontece.com.br\/#organization\",\"name\":\"Sudoesteacontece\",\"url\":\"https:\/\/sudoesteacontece.com.br\/\",\"logo\":{\"@type\":\"ImageObject\",\"inLanguage\":\"pt-BR\",\"@id\":\"https:\/\/sudoesteacontece.com.br\/#\/schema\/logo\/image\/\",\"url\":\"https:\/\/sudoesteacontece.com.br\/wp-content\/uploads\/2025\/12\/cropped-logo-2-180x180-1.png\",\"contentUrl\":\"https:\/\/sudoesteacontece.com.br\/wp-content\/uploads\/2025\/12\/cropped-logo-2-180x180-1.png\",\"width\":180,\"height\":180,\"caption\":\"Sudoesteacontece\"},\"image\":{\"@id\":\"https:\/\/sudoesteacontece.com.br\/#\/schema\/logo\/image\/\"},\"sameAs\":[\"https:\/\/www.facebook.com\/sudoesteacontece\/?locale=pt_BR\"]},{\"@type\":\"Person\",\"@id\":\"https:\/\/sudoesteacontece.com.br\/#\/schema\/person\/a4f22429c1d0923ef8f7d43343f8dc38\",\"name\":\"Reda\u00e7\u00e3o\",\"image\":{\"@type\":\"ImageObject\",\"inLanguage\":\"pt-BR\",\"@id\":\"https:\/\/sudoesteacontece.com.br\/#\/schema\/person\/image\/\",\"url\":\"https:\/\/secure.gravatar.com\/avatar\/c3a5b3c93f268a709c25a2df414c629a96fb3b1b4bf97a94fb3f72e54ae76903?s=96&d=mm&r=g\",\"contentUrl\":\"https:\/\/secure.gravatar.com\/avatar\/c3a5b3c93f268a709c25a2df414c629a96fb3b1b4bf97a94fb3f72e54ae76903?s=96&d=mm&r=g\",\"caption\":\"Reda\u00e7\u00e3o\"},\"url\":\"https:\/\/sudoesteacontece.com.br\/?author=4\"}]}<\/script>\n<!-- \/ Yoast SEO plugin. -->","yoast_head_json":{"title":"Crescimento de Augusto Cury nas pesquisas chama aten\u00e7\u00e3o do mercado financeiro - Sudoesteacontece","robots":{"index":"index","follow":"follow","max-snippet":"max-snippet:-1","max-image-preview":"max-image-preview:large","max-video-preview":"max-video-preview:-1"},"canonical":"https:\/\/sudoesteacontece.com.br\/?p=28933","og_locale":"pt_BR","og_type":"article","og_title":"Crescimento de Augusto Cury nas pesquisas chama aten\u00e7\u00e3o do mercado financeiro - Sudoesteacontece","og_description":"O avan\u00e7o de Augusto Cury (Avante) nas pesquisas de inten\u00e7\u00e3o de voto passou a despertar interesse de institui\u00e7\u00f5es financeiras. Integrantes da campanha do candidato receberam liga\u00e7\u00f5es e mensagens nesta segunda-feira (31), com convites para reuni\u00f5es. O movimento ocorreu ap\u00f3s levantamentos recentes indicarem crescimento de Cury na corrida eleitoral. Segundo as informa\u00e7\u00f5es divulgadas, representantes do mercado financeiro demonstraram interesse em conhecer as propostas do candidato para a \u00e1rea econ\u00f4mica. Tamb\u00e9m h\u00e1 questionamentos sobre os nomes que poderiam integrar um eventual governo. A movimenta\u00e7\u00e3o indica uma aproxima\u00e7\u00e3o de setores financeiros com a campanha diante do desempenho apresentado pelo candidato nas pesquisas. Nesta semana, a equipe de Cury avalia anunciar alguns colaboradores ligados \u00e0 \u00e1rea econ\u00f4mica. A estrat\u00e9gia tem como objetivo apresentar nomes que possam transmitir maior seguran\u00e7a aos setores produtivos. A campanha discute quais integrantes dever\u00e3o ser divulgados e como eles participar\u00e3o da formula\u00e7\u00e3o das propostas econ\u00f4micas. Entre os colaboradores que j\u00e1 auxiliam o candidato est\u00e1 Tirso Meirelles, presidente da Federa\u00e7\u00e3o da Agricultura do Estado de S\u00e3o Paulo. Ele participa das discuss\u00f5es relacionadas ao setor agr\u00edcola e integra o grupo que vem contribuindo com a elabora\u00e7\u00e3o de propostas para a campanha. Enquanto isso, a equipe de Augusto Cury acompanha os efeitos do crescimento registrado nos levantamentos eleitorais. O interesse demonstrado por institui\u00e7\u00f5es financeiras ocorre no momento em que a campanha avalia ampliar a apresenta\u00e7\u00e3o de sua equipe econ\u00f4mica e detalhar as propostas para um eventual governo.","og_url":"https:\/\/sudoesteacontece.com.br\/?p=28933","og_site_name":"Sudoesteacontece","article_publisher":"https:\/\/www.facebook.com\/sudoesteacontece\/?locale=pt_BR","article_published_time":"2026-09-01T15:27:23+00:00","article_modified_time":"2026-09-01T15:27:28+00:00","og_image":[{"width":900,"height":600,"url":"https:\/\/sudoesteacontece.com.br\/wp-content\/uploads\/2026\/09\/Cury-dispara-e-chega-a-11-na-corrida-presidencial.jpg","type":"image\/jpeg"}],"author":"Reda\u00e7\u00e3o","twitter_card":"summary_large_image","twitter_misc":{"Escrito por":"Reda\u00e7\u00e3o","Est. tempo de leitura":"2 minutos"},"schema":{"@context":"https:\/\/schema.org","@graph":[{"@type":"Article","@id":"https:\/\/sudoesteacontece.com.br\/?p=28933#article","isPartOf":{"@id":"https:\/\/sudoesteacontece.com.br\/?p=28933"},"author":{"name":"Reda\u00e7\u00e3o","@id":"https:\/\/sudoesteacontece.com.br\/#\/schema\/person\/a4f22429c1d0923ef8f7d43343f8dc38"},"headline":"Crescimento de Augusto Cury nas pesquisas chama aten\u00e7\u00e3o do mercado financeiro","datePublished":"2026-09-01T15:27:23+00:00","dateModified":"2026-09-01T15:27:28+00:00","mainEntityOfPage":{"@id":"https:\/\/sudoesteacontece.com.br\/?p=28933"},"wordCount":270,"commentCount":0,"publisher":{"@id":"https:\/\/sudoesteacontece.com.br\/#organization"},"image":{"@id":"https:\/\/sudoesteacontece.com.br\/?p=28933#primaryimage"},"thumbnailUrl":"http:\/\/sudoesteacontece.com.br\/wp-content\/uploads\/2026\/09\/Cury-dispara-e-chega-a-11-na-corrida-presidencial.jpg","articleSection":["Brasil","Elei\u00e7\u00f5es 2026","Pol\u00edtica"],"inLanguage":"pt-BR","potentialAction":[{"@type":"CommentAction","name":"Comment","target":["https:\/\/sudoesteacontece.com.br\/?p=28933#respond"]}]},{"@type":"WebPage","@id":"https:\/\/sudoesteacontece.com.br\/?p=28933","url":"https:\/\/sudoesteacontece.com.br\/?p=28933","name":"Crescimento de Augusto Cury nas pesquisas chama aten\u00e7\u00e3o do mercado financeiro - Sudoesteacontece","isPartOf":{"@id":"https:\/\/sudoesteacontece.com.br\/#website"},"primaryImageOfPage":{"@id":"https:\/\/sudoesteacontece.com.br\/?p=28933#primaryimage"},"image":{"@id":"https:\/\/sudoesteacontece.com.br\/?p=28933#primaryimage"},"thumbnailUrl":"http:\/\/sudoesteacontece.com.br\/wp-content\/uploads\/2026\/09\/Cury-dispara-e-chega-a-11-na-corrida-presidencial.jpg","datePublished":"2026-09-01T15:27:23+00:00","dateModified":"2026-09-01T15:27:28+00:00","breadcrumb":{"@id":"https:\/\/sudoesteacontece.com.br\/?p=28933#breadcrumb"},"inLanguage":"pt-BR","potentialAction":[{"@type":"ReadAction","target":["https:\/\/sudoesteacontece.com.br\/?p=28933"]}]},{"@type":"ImageObject","inLanguage":"pt-BR","@id":"https:\/\/sudoesteacontece.com.br\/?p=28933#primaryimage","url":"https:\/\/sudoesteacontece.com.br\/wp-content\/uploads\/2026\/09\/Cury-dispara-e-chega-a-11-na-corrida-presidencial.jpg","contentUrl":"https:\/\/sudoesteacontece.com.br\/wp-content\/uploads\/2026\/09\/Cury-dispara-e-chega-a-11-na-corrida-presidencial.jpg","width":900,"height":600},{"@type":"BreadcrumbList","@id":"https:\/\/sudoesteacontece.com.br\/?p=28933#breadcrumb","itemListElement":[{"@type":"ListItem","position":1,"name":"In\u00edcio","item":"https:\/\/sudoesteacontece.com.br\/"},{"@type":"ListItem","position":2,"name":"Crescimento de Augusto Cury nas pesquisas chama aten\u00e7\u00e3o do mercado financeiro"}]},{"@type":"WebSite","@id":"https:\/\/sudoesteacontece.com.br\/#website","url":"https:\/\/sudoesteacontece.com.br\/","name":"Sudoesteacontece","description":"","publisher":{"@id":"https:\/\/sudoesteacontece.com.br\/#organization"},"potentialAction":[{"@type":"SearchAction","target":{"@type":"EntryPoint","urlTemplate":"https:\/\/sudoesteacontece.com.br\/?s={search_term_string}"},"query-input":{"@type":"PropertyValueSpecification","valueRequired":true,"valueName":"search_term_string"}}],"inLanguage":"pt-BR"},{"@type":"Organization","@id":"https:\/\/sudoesteacontece.com.br\/#organization","name":"Sudoesteacontece","url":"https:\/\/sudoesteacontece.com.br\/","logo":{"@type":"ImageObject","inLanguage":"pt-BR","@id":"https:\/\/sudoesteacontece.com.br\/#\/schema\/logo\/image\/","url":"https:\/\/sudoesteacontece.com.br\/wp-content\/uploads\/2025\/12\/cropped-logo-2-180x180-1.png","contentUrl":"https:\/\/sudoesteacontece.com.br\/wp-content\/uploads\/2025\/12\/cropped-logo-2-180x180-1.png","width":180,"height":180,"caption":"Sudoesteacontece"},"image":{"@id":"https:\/\/sudoesteacontece.com.br\/#\/schema\/logo\/image\/"},"sameAs":["https:\/\/www.facebook.com\/sudoesteacontece\/?locale=pt_BR"]},{"@type":"Person","@id":"https:\/\/sudoesteacontece.com.br\/#\/schema\/person\/a4f22429c1d0923ef8f7d43343f8dc38","name":"Reda\u00e7\u00e3o","image":{"@type":"ImageObject","inLanguage":"pt-BR","@id":"https:\/\/sudoesteacontece.com.br\/#\/schema\/person\/image\/","url":"https:\/\/secure.gravatar.com\/avatar\/c3a5b3c93f268a709c25a2df414c629a96fb3b1b4bf97a94fb3f72e54ae76903?s=96&d=mm&r=g","contentUrl":"https:\/\/secure.gravatar.com\/avatar\/c3a5b3c93f268a709c25a2df414c629a96fb3b1b4bf97a94fb3f72e54ae76903?s=96&d=mm&r=g","caption":"Reda\u00e7\u00e3o"},"url":"https:\/\/sudoesteacontece.com.br\/?author=4"}]}},"_links":{"self":[{"href":"https:\/\/sudoesteacontece.com.br\/index.php?rest_route=\/wp\/v2\/posts\/28933","targetHints":{"allow":["GET"]}}],"collection":[{"href":"https:\/\/sudoesteacontece.com.br\/index.php?rest_route=\/wp\/v2\/posts"}],"about":[{"href":"https:\/\/sudoesteacontece.com.br\/index.php?rest_route=\/wp\/v2\/types\/post"}],"author":[{"embeddable":true,"href":"https:\/\/sudoesteacontece.com.br\/index.php?rest_route=\/wp\/v2\/users\/4"}],"replies":[{"embeddable":true,"href":"https:\/\/sudoesteacontece.com.br\/index.php?rest_route=%2Fwp%2Fv2%2Fcomments&post=28933"}],"version-history":[{"count":1,"href":"https:\/\/sudoesteacontece.com.br\/index.php?rest_route=\/wp\/v2\/posts\/28933\/revisions"}],"predecessor-version":[{"id":29017,"href":"https:\/\/sudoesteacontece.com.br\/index.php?rest_route=\/wp\/v2\/posts\/28933\/revisions\/29017"}],"wp:attachment":[{"href":"https:\/\/sudoesteacontece.com.br\/index.php?rest_route=%2Fwp%2Fv2%2Fmedia&parent=28933"}],"wp:term":[{"taxonomy":"category","embeddable":true,"href":"https:\/\/sudoesteacontece.com.br\/index.php?rest_route=%2Fwp%2Fv2%2Fcategories&post=28933"},{"taxonomy":"post_tag","embeddable":true,"href":"https:\/\/sudoesteacontece.com.br\/index.php?rest_route=%2Fwp%2Fv2%2Ftags&post=28933"}],"curies":[{"name":"wp","href":"https:\/\/api.w.org\/{rel}","templated":true}]}}