{"id":28934,"date":"2026-09-01T12:27:51","date_gmt":"2026-09-01T15:27:51","guid":{"rendered":"https:\/\/sudoesteacontece.com.br\/?p=28934"},"modified":"2026-09-01T12:27:56","modified_gmt":"2026-09-01T15:27:56","slug":"pediatra-cobra-reforco-na-atencao-basica-infantil-de-vitoria-da-conquista","status":"publish","type":"post","link":"https:\/\/sudoesteacontece.com.br\/?p=28934","title":{"rendered":"Pediatra cobra refor\u00e7o na aten\u00e7\u00e3o b\u00e1sica infantil de Vit\u00f3ria da Conquista"},"content":{"rendered":"\n<figure class=\"wp-block-image size-full\"><img fetchpriority=\"high\" decoding=\"async\" width=\"900\" height=\"600\" src=\"http:\/\/sudoesteacontece.com.br\/wp-content\/uploads\/2026\/09\/Pediatra-cobra-reforco-na-atencao-basica-infantil-de-Vitoria-da-Conquista.jpg\" alt=\"\" class=\"wp-image-28989\" srcset=\"https:\/\/sudoesteacontece.com.br\/wp-content\/uploads\/2026\/09\/Pediatra-cobra-reforco-na-atencao-basica-infantil-de-Vitoria-da-Conquista.jpg 900w, https:\/\/sudoesteacontece.com.br\/wp-content\/uploads\/2026\/09\/Pediatra-cobra-reforco-na-atencao-basica-infantil-de-Vitoria-da-Conquista-300x200.jpg 300w, https:\/\/sudoesteacontece.com.br\/wp-content\/uploads\/2026\/09\/Pediatra-cobra-reforco-na-atencao-basica-infantil-de-Vitoria-da-Conquista-768x512.jpg 768w\" sizes=\"(max-width: 900px) 100vw, 900px\" \/><\/figure>\n\n\n\n<p class=\"wp-block-paragraph\">O m\u00e9dico pediatra Luiz Carlos Dantas de Almeida cobrou melhorias na aten\u00e7\u00e3o b\u00e1sica voltada \u00e0s crian\u00e7as em Vit\u00f3ria da Conquista, no sudoeste da Bahia. Durante uma conversa no \u00faltimo domingo (30), o especialista afirmou que a rede municipal precisa fortalecer o planejamento e a organiza\u00e7\u00e3o dos servi\u00e7os. Segundo ele, existem programas federais dispon\u00edveis, mas a estrutura local ainda apresenta dificuldades para transformar esses recursos em atendimento efetivo.<\/p>\n\n\n\n<p class=\"wp-block-paragraph\">Durante a avalia\u00e7\u00e3o, o m\u00e9dico apontou problemas na articula\u00e7\u00e3o das unidades de sa\u00fade respons\u00e1veis pelo atendimento infantil. Para Luiz Almeida, a situa\u00e7\u00e3o exige maior organiza\u00e7\u00e3o tanto na zona urbana quanto na zona rural. O pediatra afirmou que medidas preventivas e a\u00e7\u00f5es imediatas poderiam evitar o agravamento de problemas de sa\u00fade e reduzir a necessidade de encaminhamentos para servi\u00e7os de maior complexidade.<\/p>\n\n\n\n<p class=\"wp-block-paragraph\">Segundo o especialista, a aten\u00e7\u00e3o b\u00e1sica deve priorizar o acompanhamento cont\u00ednuo das crian\u00e7as e a identifica\u00e7\u00e3o antecipada de poss\u00edveis problemas. Ele afirmou que o munic\u00edpio precisa estruturar melhor os programas existentes para garantir assist\u00eancia \u00e0 popula\u00e7\u00e3o infantil. Na avalia\u00e7\u00e3o apresentada, a falta de organiza\u00e7\u00e3o dessas iniciativas pode contribuir para deixar parte dos usu\u00e1rios sem o atendimento necess\u00e1rio nas unidades municipais.<\/p>\n\n\n\n<p class=\"wp-block-paragraph\">Ao comentar sua trajet\u00f3ria profissional, Luiz Almeida afirmou ter 42 anos de carreira m\u00e9dica, sendo aproximadamente 35 dedicados exclusivamente \u00e0 pediatria. Ao longo desse per\u00edodo, acompanhou diferentes gera\u00e7\u00f5es de moradores de Vit\u00f3ria da Conquista. Atualmente, segundo o m\u00e9dico, ele atende filhos e netos de alguns dos primeiros pacientes que acompanhou durante a carreira.<\/p>\n\n\n\n<p class=\"wp-block-paragraph\">Para o pediatra, o atendimento \u00e0s crian\u00e7as tamb\u00e9m exige maior aten\u00e7\u00e3o \u00e0s a\u00e7\u00f5es de preven\u00e7\u00e3o e acompanhamento. Luiz Almeida destacou a import\u00e2ncia de considerar as necessidades espec\u00edficas desse p\u00fablico dentro das pol\u00edticas de sa\u00fade. A avalia\u00e7\u00e3o foi apresentada durante encontro realizado no Ponto de Encontro, tradicional feira popular localizada em frente ao Est\u00e1dio Municipal Lomanto J\u00fanior.<\/p>\n\n\n\n<p class=\"wp-block-paragraph\">Por fim, o m\u00e9dico defendeu uma atua\u00e7\u00e3o mais estruturada da rede municipal para garantir que programas e recursos destinados \u00e0 sa\u00fade infantil resultem em assist\u00eancia efetiva. A cobran\u00e7a concentra-se no fortalecimento da aten\u00e7\u00e3o b\u00e1sica, com medidas preventivas e atendimento imediato nas unidades de sa\u00fade da cidade e da zona rural.<\/p>\n","protected":false},"excerpt":{"rendered":"<p>O m\u00e9dico pediatra Luiz Carlos Dantas de Almeida cobrou melhorias na aten\u00e7\u00e3o b\u00e1sica voltada \u00e0s crian\u00e7as em Vit\u00f3ria da Conquista, no sudoeste da Bahia. Durante uma conversa no \u00faltimo domingo (30), o especialista afirmou que a rede municipal precisa fortalecer o planejamento e a organiza\u00e7\u00e3o dos servi\u00e7os. Segundo ele, existem programas federais dispon\u00edveis, mas a estrutura local ainda apresenta dificuldades para transformar esses recursos em atendimento efetivo. Durante a avalia\u00e7\u00e3o, o m\u00e9dico apontou problemas na articula\u00e7\u00e3o das unidades de sa\u00fade respons\u00e1veis pelo atendimento infantil. Para Luiz Almeida, a situa\u00e7\u00e3o exige maior organiza\u00e7\u00e3o tanto na zona urbana quanto na zona rural. O pediatra afirmou que medidas preventivas e a\u00e7\u00f5es imediatas poderiam evitar o agravamento de problemas de sa\u00fade e reduzir a necessidade de encaminhamentos para servi\u00e7os de maior complexidade. Segundo o especialista, a aten\u00e7\u00e3o b\u00e1sica deve priorizar o acompanhamento cont\u00ednuo das crian\u00e7as e a identifica\u00e7\u00e3o antecipada de poss\u00edveis problemas. Ele afirmou que o munic\u00edpio precisa estruturar melhor os programas existentes para garantir assist\u00eancia \u00e0 popula\u00e7\u00e3o infantil. Na avalia\u00e7\u00e3o apresentada, a falta de organiza\u00e7\u00e3o dessas iniciativas pode contribuir para deixar parte dos usu\u00e1rios sem o atendimento necess\u00e1rio nas unidades municipais. Ao comentar sua trajet\u00f3ria profissional, Luiz Almeida afirmou ter 42 anos de carreira m\u00e9dica, sendo aproximadamente 35 dedicados exclusivamente \u00e0 pediatria. Ao longo desse per\u00edodo, acompanhou diferentes gera\u00e7\u00f5es de moradores de Vit\u00f3ria da Conquista. Atualmente, segundo o m\u00e9dico, ele atende filhos e netos de alguns dos primeiros pacientes que acompanhou durante a carreira. Para o pediatra, o atendimento \u00e0s crian\u00e7as tamb\u00e9m exige maior aten\u00e7\u00e3o \u00e0s a\u00e7\u00f5es de preven\u00e7\u00e3o e acompanhamento. Luiz Almeida destacou a import\u00e2ncia de considerar as necessidades espec\u00edficas desse p\u00fablico dentro das pol\u00edticas de sa\u00fade. A avalia\u00e7\u00e3o foi apresentada durante encontro realizado no Ponto de Encontro, tradicional feira popular localizada em frente ao Est\u00e1dio Municipal Lomanto J\u00fanior. Por fim, o m\u00e9dico defendeu uma atua\u00e7\u00e3o mais estruturada da rede municipal para garantir que programas e recursos destinados \u00e0 sa\u00fade infantil resultem em assist\u00eancia efetiva. A cobran\u00e7a concentra-se no fortalecimento da aten\u00e7\u00e3o b\u00e1sica, com medidas preventivas e atendimento imediato nas unidades de sa\u00fade da cidade e da zona rural.<\/p>\n","protected":false},"author":4,"featured_media":0,"comment_status":"open","ping_status":"open","sticky":false,"template":"","format":"standard","meta":{"footnotes":""},"categories":[4,45],"tags":[],"class_list":["post-28934","post","type-post","status-publish","format-standard","hentry","category-cidades","category-saude"],"yoast_head":"<!-- This site is optimized with the Yoast SEO plugin v26.5 - https:\/\/yoast.com\/wordpress\/plugins\/seo\/ -->\n<title>Pediatra cobra refor\u00e7o na aten\u00e7\u00e3o b\u00e1sica infantil de Vit\u00f3ria da Conquista - Sudoesteacontece<\/title>\n<meta name=\"robots\" content=\"index, follow, max-snippet:-1, max-image-preview:large, max-video-preview:-1\" \/>\n<link rel=\"canonical\" href=\"https:\/\/sudoesteacontece.com.br\/?p=28934\" \/>\n<meta property=\"og:locale\" content=\"pt_BR\" \/>\n<meta property=\"og:type\" content=\"article\" \/>\n<meta property=\"og:title\" content=\"Pediatra cobra refor\u00e7o na aten\u00e7\u00e3o b\u00e1sica infantil de Vit\u00f3ria da Conquista - Sudoesteacontece\" \/>\n<meta property=\"og:description\" content=\"O m\u00e9dico pediatra Luiz Carlos Dantas de Almeida cobrou melhorias na aten\u00e7\u00e3o b\u00e1sica voltada \u00e0s crian\u00e7as em Vit\u00f3ria da Conquista, no sudoeste da Bahia. Durante uma conversa no \u00faltimo domingo (30), o especialista afirmou que a rede municipal precisa fortalecer o planejamento e a organiza\u00e7\u00e3o dos servi\u00e7os. Segundo ele, existem programas federais dispon\u00edveis, mas a estrutura local ainda apresenta dificuldades para transformar esses recursos em atendimento efetivo. Durante a avalia\u00e7\u00e3o, o m\u00e9dico apontou problemas na articula\u00e7\u00e3o das unidades de sa\u00fade respons\u00e1veis pelo atendimento infantil. Para Luiz Almeida, a situa\u00e7\u00e3o exige maior organiza\u00e7\u00e3o tanto na zona urbana quanto na zona rural. O pediatra afirmou que medidas preventivas e a\u00e7\u00f5es imediatas poderiam evitar o agravamento de problemas de sa\u00fade e reduzir a necessidade de encaminhamentos para servi\u00e7os de maior complexidade. Segundo o especialista, a aten\u00e7\u00e3o b\u00e1sica deve priorizar o acompanhamento cont\u00ednuo das crian\u00e7as e a identifica\u00e7\u00e3o antecipada de poss\u00edveis problemas. Ele afirmou que o munic\u00edpio precisa estruturar melhor os programas existentes para garantir assist\u00eancia \u00e0 popula\u00e7\u00e3o infantil. Na avalia\u00e7\u00e3o apresentada, a falta de organiza\u00e7\u00e3o dessas iniciativas pode contribuir para deixar parte dos usu\u00e1rios sem o atendimento necess\u00e1rio nas unidades municipais. Ao comentar sua trajet\u00f3ria profissional, Luiz Almeida afirmou ter 42 anos de carreira m\u00e9dica, sendo aproximadamente 35 dedicados exclusivamente \u00e0 pediatria. Ao longo desse per\u00edodo, acompanhou diferentes gera\u00e7\u00f5es de moradores de Vit\u00f3ria da Conquista. Atualmente, segundo o m\u00e9dico, ele atende filhos e netos de alguns dos primeiros pacientes que acompanhou durante a carreira. Para o pediatra, o atendimento \u00e0s crian\u00e7as tamb\u00e9m exige maior aten\u00e7\u00e3o \u00e0s a\u00e7\u00f5es de preven\u00e7\u00e3o e acompanhamento. Luiz Almeida destacou a import\u00e2ncia de considerar as necessidades espec\u00edficas desse p\u00fablico dentro das pol\u00edticas de sa\u00fade. A avalia\u00e7\u00e3o foi apresentada durante encontro realizado no Ponto de Encontro, tradicional feira popular localizada em frente ao Est\u00e1dio Municipal Lomanto J\u00fanior. Por fim, o m\u00e9dico defendeu uma atua\u00e7\u00e3o mais estruturada da rede municipal para garantir que programas e recursos destinados \u00e0 sa\u00fade infantil resultem em assist\u00eancia efetiva. A cobran\u00e7a concentra-se no fortalecimento da aten\u00e7\u00e3o b\u00e1sica, com medidas preventivas e atendimento imediato nas unidades de sa\u00fade da cidade e da zona rural.\" \/>\n<meta property=\"og:url\" content=\"https:\/\/sudoesteacontece.com.br\/?p=28934\" \/>\n<meta property=\"og:site_name\" content=\"Sudoesteacontece\" \/>\n<meta property=\"article:publisher\" content=\"https:\/\/www.facebook.com\/sudoesteacontece\/?locale=pt_BR\" \/>\n<meta property=\"article:published_time\" content=\"2026-09-01T15:27:51+00:00\" \/>\n<meta property=\"article:modified_time\" content=\"2026-09-01T15:27:56+00:00\" \/>\n<meta property=\"og:image\" content=\"https:\/\/sudoesteacontece.com.br\/wp-content\/uploads\/2026\/09\/Pediatra-cobra-reforco-na-atencao-basica-infantil-de-Vitoria-da-Conquista.jpg\" \/>\n\t<meta property=\"og:image:width\" content=\"900\" \/>\n\t<meta property=\"og:image:height\" content=\"600\" \/>\n\t<meta property=\"og:image:type\" content=\"image\/jpeg\" \/>\n<meta name=\"author\" content=\"Reda\u00e7\u00e3o\" \/>\n<meta name=\"twitter:card\" content=\"summary_large_image\" \/>\n<meta name=\"twitter:label1\" content=\"Escrito por\" \/>\n\t<meta name=\"twitter:data1\" content=\"Reda\u00e7\u00e3o\" \/>\n\t<meta name=\"twitter:label2\" content=\"Est. tempo de leitura\" \/>\n\t<meta name=\"twitter:data2\" content=\"3 minutos\" \/>\n<script type=\"application\/ld+json\" class=\"yoast-schema-graph\">{\"@context\":\"https:\/\/schema.org\",\"@graph\":[{\"@type\":\"Article\",\"@id\":\"https:\/\/sudoesteacontece.com.br\/?p=28934#article\",\"isPartOf\":{\"@id\":\"https:\/\/sudoesteacontece.com.br\/?p=28934\"},\"author\":{\"name\":\"Reda\u00e7\u00e3o\",\"@id\":\"https:\/\/sudoesteacontece.com.br\/#\/schema\/person\/a4f22429c1d0923ef8f7d43343f8dc38\"},\"headline\":\"Pediatra cobra refor\u00e7o na aten\u00e7\u00e3o b\u00e1sica infantil de Vit\u00f3ria da Conquista\",\"datePublished\":\"2026-09-01T15:27:51+00:00\",\"dateModified\":\"2026-09-01T15:27:56+00:00\",\"mainEntityOfPage\":{\"@id\":\"https:\/\/sudoesteacontece.com.br\/?p=28934\"},\"wordCount\":414,\"commentCount\":0,\"publisher\":{\"@id\":\"https:\/\/sudoesteacontece.com.br\/#organization\"},\"image\":{\"@id\":\"https:\/\/sudoesteacontece.com.br\/?p=28934#primaryimage\"},\"thumbnailUrl\":\"http:\/\/sudoesteacontece.com.br\/wp-content\/uploads\/2026\/09\/Pediatra-cobra-reforco-na-atencao-basica-infantil-de-Vitoria-da-Conquista.jpg\",\"articleSection\":[\"Cidades\",\"Sa\u00fade\"],\"inLanguage\":\"pt-BR\",\"potentialAction\":[{\"@type\":\"CommentAction\",\"name\":\"Comment\",\"target\":[\"https:\/\/sudoesteacontece.com.br\/?p=28934#respond\"]}]},{\"@type\":\"WebPage\",\"@id\":\"https:\/\/sudoesteacontece.com.br\/?p=28934\",\"url\":\"https:\/\/sudoesteacontece.com.br\/?p=28934\",\"name\":\"Pediatra cobra refor\u00e7o na aten\u00e7\u00e3o b\u00e1sica infantil de Vit\u00f3ria da Conquista - Sudoesteacontece\",\"isPartOf\":{\"@id\":\"https:\/\/sudoesteacontece.com.br\/#website\"},\"primaryImageOfPage\":{\"@id\":\"https:\/\/sudoesteacontece.com.br\/?p=28934#primaryimage\"},\"image\":{\"@id\":\"https:\/\/sudoesteacontece.com.br\/?p=28934#primaryimage\"},\"thumbnailUrl\":\"http:\/\/sudoesteacontece.com.br\/wp-content\/uploads\/2026\/09\/Pediatra-cobra-reforco-na-atencao-basica-infantil-de-Vitoria-da-Conquista.jpg\",\"datePublished\":\"2026-09-01T15:27:51+00:00\",\"dateModified\":\"2026-09-01T15:27:56+00:00\",\"breadcrumb\":{\"@id\":\"https:\/\/sudoesteacontece.com.br\/?p=28934#breadcrumb\"},\"inLanguage\":\"pt-BR\",\"potentialAction\":[{\"@type\":\"ReadAction\",\"target\":[\"https:\/\/sudoesteacontece.com.br\/?p=28934\"]}]},{\"@type\":\"ImageObject\",\"inLanguage\":\"pt-BR\",\"@id\":\"https:\/\/sudoesteacontece.com.br\/?p=28934#primaryimage\",\"url\":\"https:\/\/sudoesteacontece.com.br\/wp-content\/uploads\/2026\/09\/Pediatra-cobra-reforco-na-atencao-basica-infantil-de-Vitoria-da-Conquista.jpg\",\"contentUrl\":\"https:\/\/sudoesteacontece.com.br\/wp-content\/uploads\/2026\/09\/Pediatra-cobra-reforco-na-atencao-basica-infantil-de-Vitoria-da-Conquista.jpg\",\"width\":900,\"height\":600},{\"@type\":\"BreadcrumbList\",\"@id\":\"https:\/\/sudoesteacontece.com.br\/?p=28934#breadcrumb\",\"itemListElement\":[{\"@type\":\"ListItem\",\"position\":1,\"name\":\"In\u00edcio\",\"item\":\"https:\/\/sudoesteacontece.com.br\/\"},{\"@type\":\"ListItem\",\"position\":2,\"name\":\"Pediatra cobra refor\u00e7o na aten\u00e7\u00e3o b\u00e1sica infantil de Vit\u00f3ria da Conquista\"}]},{\"@type\":\"WebSite\",\"@id\":\"https:\/\/sudoesteacontece.com.br\/#website\",\"url\":\"https:\/\/sudoesteacontece.com.br\/\",\"name\":\"Sudoesteacontece\",\"description\":\"\",\"publisher\":{\"@id\":\"https:\/\/sudoesteacontece.com.br\/#organization\"},\"potentialAction\":[{\"@type\":\"SearchAction\",\"target\":{\"@type\":\"EntryPoint\",\"urlTemplate\":\"https:\/\/sudoesteacontece.com.br\/?s={search_term_string}\"},\"query-input\":{\"@type\":\"PropertyValueSpecification\",\"valueRequired\":true,\"valueName\":\"search_term_string\"}}],\"inLanguage\":\"pt-BR\"},{\"@type\":\"Organization\",\"@id\":\"https:\/\/sudoesteacontece.com.br\/#organization\",\"name\":\"Sudoesteacontece\",\"url\":\"https:\/\/sudoesteacontece.com.br\/\",\"logo\":{\"@type\":\"ImageObject\",\"inLanguage\":\"pt-BR\",\"@id\":\"https:\/\/sudoesteacontece.com.br\/#\/schema\/logo\/image\/\",\"url\":\"https:\/\/sudoesteacontece.com.br\/wp-content\/uploads\/2025\/12\/cropped-logo-2-180x180-1.png\",\"contentUrl\":\"https:\/\/sudoesteacontece.com.br\/wp-content\/uploads\/2025\/12\/cropped-logo-2-180x180-1.png\",\"width\":180,\"height\":180,\"caption\":\"Sudoesteacontece\"},\"image\":{\"@id\":\"https:\/\/sudoesteacontece.com.br\/#\/schema\/logo\/image\/\"},\"sameAs\":[\"https:\/\/www.facebook.com\/sudoesteacontece\/?locale=pt_BR\"]},{\"@type\":\"Person\",\"@id\":\"https:\/\/sudoesteacontece.com.br\/#\/schema\/person\/a4f22429c1d0923ef8f7d43343f8dc38\",\"name\":\"Reda\u00e7\u00e3o\",\"image\":{\"@type\":\"ImageObject\",\"inLanguage\":\"pt-BR\",\"@id\":\"https:\/\/sudoesteacontece.com.br\/#\/schema\/person\/image\/\",\"url\":\"https:\/\/secure.gravatar.com\/avatar\/c3a5b3c93f268a709c25a2df414c629a96fb3b1b4bf97a94fb3f72e54ae76903?s=96&d=mm&r=g\",\"contentUrl\":\"https:\/\/secure.gravatar.com\/avatar\/c3a5b3c93f268a709c25a2df414c629a96fb3b1b4bf97a94fb3f72e54ae76903?s=96&d=mm&r=g\",\"caption\":\"Reda\u00e7\u00e3o\"},\"url\":\"https:\/\/sudoesteacontece.com.br\/?author=4\"}]}<\/script>\n<!-- \/ Yoast SEO plugin. -->","yoast_head_json":{"title":"Pediatra cobra refor\u00e7o na aten\u00e7\u00e3o b\u00e1sica infantil de Vit\u00f3ria da Conquista - Sudoesteacontece","robots":{"index":"index","follow":"follow","max-snippet":"max-snippet:-1","max-image-preview":"max-image-preview:large","max-video-preview":"max-video-preview:-1"},"canonical":"https:\/\/sudoesteacontece.com.br\/?p=28934","og_locale":"pt_BR","og_type":"article","og_title":"Pediatra cobra refor\u00e7o na aten\u00e7\u00e3o b\u00e1sica infantil de Vit\u00f3ria da Conquista - Sudoesteacontece","og_description":"O m\u00e9dico pediatra Luiz Carlos Dantas de Almeida cobrou melhorias na aten\u00e7\u00e3o b\u00e1sica voltada \u00e0s crian\u00e7as em Vit\u00f3ria da Conquista, no sudoeste da Bahia. Durante uma conversa no \u00faltimo domingo (30), o especialista afirmou que a rede municipal precisa fortalecer o planejamento e a organiza\u00e7\u00e3o dos servi\u00e7os. Segundo ele, existem programas federais dispon\u00edveis, mas a estrutura local ainda apresenta dificuldades para transformar esses recursos em atendimento efetivo. Durante a avalia\u00e7\u00e3o, o m\u00e9dico apontou problemas na articula\u00e7\u00e3o das unidades de sa\u00fade respons\u00e1veis pelo atendimento infantil. Para Luiz Almeida, a situa\u00e7\u00e3o exige maior organiza\u00e7\u00e3o tanto na zona urbana quanto na zona rural. O pediatra afirmou que medidas preventivas e a\u00e7\u00f5es imediatas poderiam evitar o agravamento de problemas de sa\u00fade e reduzir a necessidade de encaminhamentos para servi\u00e7os de maior complexidade. Segundo o especialista, a aten\u00e7\u00e3o b\u00e1sica deve priorizar o acompanhamento cont\u00ednuo das crian\u00e7as e a identifica\u00e7\u00e3o antecipada de poss\u00edveis problemas. Ele afirmou que o munic\u00edpio precisa estruturar melhor os programas existentes para garantir assist\u00eancia \u00e0 popula\u00e7\u00e3o infantil. Na avalia\u00e7\u00e3o apresentada, a falta de organiza\u00e7\u00e3o dessas iniciativas pode contribuir para deixar parte dos usu\u00e1rios sem o atendimento necess\u00e1rio nas unidades municipais. Ao comentar sua trajet\u00f3ria profissional, Luiz Almeida afirmou ter 42 anos de carreira m\u00e9dica, sendo aproximadamente 35 dedicados exclusivamente \u00e0 pediatria. Ao longo desse per\u00edodo, acompanhou diferentes gera\u00e7\u00f5es de moradores de Vit\u00f3ria da Conquista. Atualmente, segundo o m\u00e9dico, ele atende filhos e netos de alguns dos primeiros pacientes que acompanhou durante a carreira. Para o pediatra, o atendimento \u00e0s crian\u00e7as tamb\u00e9m exige maior aten\u00e7\u00e3o \u00e0s a\u00e7\u00f5es de preven\u00e7\u00e3o e acompanhamento. Luiz Almeida destacou a import\u00e2ncia de considerar as necessidades espec\u00edficas desse p\u00fablico dentro das pol\u00edticas de sa\u00fade. A avalia\u00e7\u00e3o foi apresentada durante encontro realizado no Ponto de Encontro, tradicional feira popular localizada em frente ao Est\u00e1dio Municipal Lomanto J\u00fanior. Por fim, o m\u00e9dico defendeu uma atua\u00e7\u00e3o mais estruturada da rede municipal para garantir que programas e recursos destinados \u00e0 sa\u00fade infantil resultem em assist\u00eancia efetiva. A cobran\u00e7a concentra-se no fortalecimento da aten\u00e7\u00e3o b\u00e1sica, com medidas preventivas e atendimento imediato nas unidades de sa\u00fade da cidade e da zona rural.","og_url":"https:\/\/sudoesteacontece.com.br\/?p=28934","og_site_name":"Sudoesteacontece","article_publisher":"https:\/\/www.facebook.com\/sudoesteacontece\/?locale=pt_BR","article_published_time":"2026-09-01T15:27:51+00:00","article_modified_time":"2026-09-01T15:27:56+00:00","og_image":[{"width":900,"height":600,"url":"https:\/\/sudoesteacontece.com.br\/wp-content\/uploads\/2026\/09\/Pediatra-cobra-reforco-na-atencao-basica-infantil-de-Vitoria-da-Conquista.jpg","type":"image\/jpeg"}],"author":"Reda\u00e7\u00e3o","twitter_card":"summary_large_image","twitter_misc":{"Escrito por":"Reda\u00e7\u00e3o","Est. tempo de leitura":"3 minutos"},"schema":{"@context":"https:\/\/schema.org","@graph":[{"@type":"Article","@id":"https:\/\/sudoesteacontece.com.br\/?p=28934#article","isPartOf":{"@id":"https:\/\/sudoesteacontece.com.br\/?p=28934"},"author":{"name":"Reda\u00e7\u00e3o","@id":"https:\/\/sudoesteacontece.com.br\/#\/schema\/person\/a4f22429c1d0923ef8f7d43343f8dc38"},"headline":"Pediatra cobra refor\u00e7o na aten\u00e7\u00e3o b\u00e1sica infantil de Vit\u00f3ria da Conquista","datePublished":"2026-09-01T15:27:51+00:00","dateModified":"2026-09-01T15:27:56+00:00","mainEntityOfPage":{"@id":"https:\/\/sudoesteacontece.com.br\/?p=28934"},"wordCount":414,"commentCount":0,"publisher":{"@id":"https:\/\/sudoesteacontece.com.br\/#organization"},"image":{"@id":"https:\/\/sudoesteacontece.com.br\/?p=28934#primaryimage"},"thumbnailUrl":"http:\/\/sudoesteacontece.com.br\/wp-content\/uploads\/2026\/09\/Pediatra-cobra-reforco-na-atencao-basica-infantil-de-Vitoria-da-Conquista.jpg","articleSection":["Cidades","Sa\u00fade"],"inLanguage":"pt-BR","potentialAction":[{"@type":"CommentAction","name":"Comment","target":["https:\/\/sudoesteacontece.com.br\/?p=28934#respond"]}]},{"@type":"WebPage","@id":"https:\/\/sudoesteacontece.com.br\/?p=28934","url":"https:\/\/sudoesteacontece.com.br\/?p=28934","name":"Pediatra cobra refor\u00e7o na aten\u00e7\u00e3o b\u00e1sica infantil de Vit\u00f3ria da Conquista - Sudoesteacontece","isPartOf":{"@id":"https:\/\/sudoesteacontece.com.br\/#website"},"primaryImageOfPage":{"@id":"https:\/\/sudoesteacontece.com.br\/?p=28934#primaryimage"},"image":{"@id":"https:\/\/sudoesteacontece.com.br\/?p=28934#primaryimage"},"thumbnailUrl":"http:\/\/sudoesteacontece.com.br\/wp-content\/uploads\/2026\/09\/Pediatra-cobra-reforco-na-atencao-basica-infantil-de-Vitoria-da-Conquista.jpg","datePublished":"2026-09-01T15:27:51+00:00","dateModified":"2026-09-01T15:27:56+00:00","breadcrumb":{"@id":"https:\/\/sudoesteacontece.com.br\/?p=28934#breadcrumb"},"inLanguage":"pt-BR","potentialAction":[{"@type":"ReadAction","target":["https:\/\/sudoesteacontece.com.br\/?p=28934"]}]},{"@type":"ImageObject","inLanguage":"pt-BR","@id":"https:\/\/sudoesteacontece.com.br\/?p=28934#primaryimage","url":"https:\/\/sudoesteacontece.com.br\/wp-content\/uploads\/2026\/09\/Pediatra-cobra-reforco-na-atencao-basica-infantil-de-Vitoria-da-Conquista.jpg","contentUrl":"https:\/\/sudoesteacontece.com.br\/wp-content\/uploads\/2026\/09\/Pediatra-cobra-reforco-na-atencao-basica-infantil-de-Vitoria-da-Conquista.jpg","width":900,"height":600},{"@type":"BreadcrumbList","@id":"https:\/\/sudoesteacontece.com.br\/?p=28934#breadcrumb","itemListElement":[{"@type":"ListItem","position":1,"name":"In\u00edcio","item":"https:\/\/sudoesteacontece.com.br\/"},{"@type":"ListItem","position":2,"name":"Pediatra cobra refor\u00e7o na aten\u00e7\u00e3o b\u00e1sica infantil de Vit\u00f3ria da Conquista"}]},{"@type":"WebSite","@id":"https:\/\/sudoesteacontece.com.br\/#website","url":"https:\/\/sudoesteacontece.com.br\/","name":"Sudoesteacontece","description":"","publisher":{"@id":"https:\/\/sudoesteacontece.com.br\/#organization"},"potentialAction":[{"@type":"SearchAction","target":{"@type":"EntryPoint","urlTemplate":"https:\/\/sudoesteacontece.com.br\/?s={search_term_string}"},"query-input":{"@type":"PropertyValueSpecification","valueRequired":true,"valueName":"search_term_string"}}],"inLanguage":"pt-BR"},{"@type":"Organization","@id":"https:\/\/sudoesteacontece.com.br\/#organization","name":"Sudoesteacontece","url":"https:\/\/sudoesteacontece.com.br\/","logo":{"@type":"ImageObject","inLanguage":"pt-BR","@id":"https:\/\/sudoesteacontece.com.br\/#\/schema\/logo\/image\/","url":"https:\/\/sudoesteacontece.com.br\/wp-content\/uploads\/2025\/12\/cropped-logo-2-180x180-1.png","contentUrl":"https:\/\/sudoesteacontece.com.br\/wp-content\/uploads\/2025\/12\/cropped-logo-2-180x180-1.png","width":180,"height":180,"caption":"Sudoesteacontece"},"image":{"@id":"https:\/\/sudoesteacontece.com.br\/#\/schema\/logo\/image\/"},"sameAs":["https:\/\/www.facebook.com\/sudoesteacontece\/?locale=pt_BR"]},{"@type":"Person","@id":"https:\/\/sudoesteacontece.com.br\/#\/schema\/person\/a4f22429c1d0923ef8f7d43343f8dc38","name":"Reda\u00e7\u00e3o","image":{"@type":"ImageObject","inLanguage":"pt-BR","@id":"https:\/\/sudoesteacontece.com.br\/#\/schema\/person\/image\/","url":"https:\/\/secure.gravatar.com\/avatar\/c3a5b3c93f268a709c25a2df414c629a96fb3b1b4bf97a94fb3f72e54ae76903?s=96&d=mm&r=g","contentUrl":"https:\/\/secure.gravatar.com\/avatar\/c3a5b3c93f268a709c25a2df414c629a96fb3b1b4bf97a94fb3f72e54ae76903?s=96&d=mm&r=g","caption":"Reda\u00e7\u00e3o"},"url":"https:\/\/sudoesteacontece.com.br\/?author=4"}]}},"_links":{"self":[{"href":"https:\/\/sudoesteacontece.com.br\/index.php?rest_route=\/wp\/v2\/posts\/28934","targetHints":{"allow":["GET"]}}],"collection":[{"href":"https:\/\/sudoesteacontece.com.br\/index.php?rest_route=\/wp\/v2\/posts"}],"about":[{"href":"https:\/\/sudoesteacontece.com.br\/index.php?rest_route=\/wp\/v2\/types\/post"}],"author":[{"embeddable":true,"href":"https:\/\/sudoesteacontece.com.br\/index.php?rest_route=\/wp\/v2\/users\/4"}],"replies":[{"embeddable":true,"href":"https:\/\/sudoesteacontece.com.br\/index.php?rest_route=%2Fwp%2Fv2%2Fcomments&post=28934"}],"version-history":[{"count":1,"href":"https:\/\/sudoesteacontece.com.br\/index.php?rest_route=\/wp\/v2\/posts\/28934\/revisions"}],"predecessor-version":[{"id":29018,"href":"https:\/\/sudoesteacontece.com.br\/index.php?rest_route=\/wp\/v2\/posts\/28934\/revisions\/29018"}],"wp:attachment":[{"href":"https:\/\/sudoesteacontece.com.br\/index.php?rest_route=%2Fwp%2Fv2%2Fmedia&parent=28934"}],"wp:term":[{"taxonomy":"category","embeddable":true,"href":"https:\/\/sudoesteacontece.com.br\/index.php?rest_route=%2Fwp%2Fv2%2Fcategories&post=28934"},{"taxonomy":"post_tag","embeddable":true,"href":"https:\/\/sudoesteacontece.com.br\/index.php?rest_route=%2Fwp%2Fv2%2Ftags&post=28934"}],"curies":[{"name":"wp","href":"https:\/\/api.w.org\/{rel}","templated":true}]}}