{"id":28935,"date":"2026-09-01T12:28:40","date_gmt":"2026-09-01T15:28:40","guid":{"rendered":"https:\/\/sudoesteacontece.com.br\/?p=28935"},"modified":"2026-09-01T12:28:46","modified_gmt":"2026-09-01T15:28:46","slug":"joao-roma-critica-jeronimo-e-diz-que-bahia-virou-refugio-para-o-crime-organizado","status":"publish","type":"post","link":"https:\/\/sudoesteacontece.com.br\/?p=28935","title":{"rendered":"Jo\u00e3o Roma critica Jer\u00f4nimo e diz que Bahia virou ref\u00fagio para o crime organizado"},"content":{"rendered":"\n<figure class=\"wp-block-image size-full\"><img fetchpriority=\"high\" decoding=\"async\" width=\"900\" height=\"600\" src=\"http:\/\/sudoesteacontece.com.br\/wp-content\/uploads\/2026\/09\/Joao-Roma-reage-a-proposta-de-chapa-unica-e-diz-que-oposicao-so-vence-unida-na-Bahia.jpg\" alt=\"\" class=\"wp-image-28980\" srcset=\"https:\/\/sudoesteacontece.com.br\/wp-content\/uploads\/2026\/09\/Joao-Roma-reage-a-proposta-de-chapa-unica-e-diz-que-oposicao-so-vence-unida-na-Bahia.jpg 900w, https:\/\/sudoesteacontece.com.br\/wp-content\/uploads\/2026\/09\/Joao-Roma-reage-a-proposta-de-chapa-unica-e-diz-que-oposicao-so-vence-unida-na-Bahia-300x200.jpg 300w, https:\/\/sudoesteacontece.com.br\/wp-content\/uploads\/2026\/09\/Joao-Roma-reage-a-proposta-de-chapa-unica-e-diz-que-oposicao-so-vence-unida-na-Bahia-768x512.jpg 768w\" sizes=\"(max-width: 900px) 100vw, 900px\" \/><\/figure>\n\n\n\n<p class=\"wp-block-paragraph\">O candidato ao Senado Jo\u00e3o Roma (PL) criticou a gest\u00e3o da seguran\u00e7a p\u00fablica na Bahia e acusou o governador Jer\u00f4nimo Rodrigues (PT) de n\u00e3o assumir responsabilidade pelo aumento da viol\u00eancia. As declara\u00e7\u00f5es foram feitas nesta ter\u00e7a-feira (1\u00ba), durante sabatina. Roma afirmou que o Estado registra mais de 3 mil homic\u00eddios e questionou a forma como o governo estadual enfrenta a criminalidade.<\/p>\n\n\n\n<p class=\"wp-block-paragraph\">Segundo o candidato, enquanto outros governos estaduais teriam conseguido reduzir \u00edndices de viol\u00eancia, a Bahia seguiria em dire\u00e7\u00e3o contr\u00e1ria. Roma citou ainda um levantamento segundo o qual cinco das dez cidades mais violentas do Brasil estariam no Estado. Na avalia\u00e7\u00e3o dele, Jer\u00f4nimo tenta atribuir parte dos problemas de seguran\u00e7a a fatores externos, em vez de concentrar a atua\u00e7\u00e3o nas responsabilidades do governo estadual.<\/p>\n\n\n\n<p class=\"wp-block-paragraph\">Durante a entrevista, o presidente estadual do PL tamb\u00e9m defendeu uma pol\u00edtica de enfrentamento mais ampla contra as organiza\u00e7\u00f5es criminosas. Para Roma, a ado\u00e7\u00e3o de leis mais rigorosas precisa ser acompanhada de medidas efetivas de combate \u00e0 criminalidade. Ele afirmou que pretende levar essa pauta ao Senado caso seja eleito para representar a Bahia.<\/p>\n\n\n\n<p class=\"wp-block-paragraph\">Na avalia\u00e7\u00e3o do candidato, a atua\u00e7\u00e3o das for\u00e7as de seguran\u00e7a tamb\u00e9m precisa ser acompanhada de mudan\u00e7as no sistema de Justi\u00e7a. Roma afirmou que integrantes de governos petistas anteriores j\u00e1 defendiam leis mais duras e reclamavam de decis\u00f5es judiciais que resultavam na soltura de presos. Segundo ele, a atual gest\u00e3o mant\u00e9m uma postura semelhante, sem avan\u00e7ar no enfrentamento da criminalidade.<\/p>\n\n\n\n<p class=\"wp-block-paragraph\">Ainda durante a sabatina, Roma afirmou que organiza\u00e7\u00f5es criminosas passaram a ocupar espa\u00e7o tamb\u00e9m em cidades menores do interior baiano. Ele declarou que a Bahia se tornou um \u201clugar convidativo\u201d para o crime organizado e relacionou o cen\u00e1rio \u00e0 necessidade de mudan\u00e7as na legisla\u00e7\u00e3o federal. O candidato defendeu que o Senado discuta medidas mais rigorosas contra integrantes dessas organiza\u00e7\u00f5es.<\/p>\n\n\n\n<p class=\"wp-block-paragraph\">Por fim, o candidato tamb\u00e9m criticou as condi\u00e7\u00f5es do sistema prisional baiano e afirmou que criminosos continuariam praticando delitos mesmo durante o per\u00edodo de encarceramento. Roma tamb\u00e9m reclamou, durante a entrevista, da aus\u00eancia de manifesta\u00e7\u00f5es do governador \u00e0s fam\u00edlias de policiais mortos. As declara\u00e7\u00f5es fazem parte das cr\u00edticas apresentadas pelo candidato \u00e0 pol\u00edtica de seguran\u00e7a p\u00fablica do Estado<\/p>\n","protected":false},"excerpt":{"rendered":"<p>O candidato ao Senado Jo\u00e3o Roma (PL) criticou a gest\u00e3o da seguran\u00e7a p\u00fablica na Bahia e acusou o governador Jer\u00f4nimo Rodrigues (PT) de n\u00e3o assumir responsabilidade pelo aumento da viol\u00eancia. As declara\u00e7\u00f5es foram feitas nesta ter\u00e7a-feira (1\u00ba), durante sabatina. Roma afirmou que o Estado registra mais de 3 mil homic\u00eddios e questionou a forma como o governo estadual enfrenta a criminalidade. Segundo o candidato, enquanto outros governos estaduais teriam conseguido reduzir \u00edndices de viol\u00eancia, a Bahia seguiria em dire\u00e7\u00e3o contr\u00e1ria. Roma citou ainda um levantamento segundo o qual cinco das dez cidades mais violentas do Brasil estariam no Estado. Na avalia\u00e7\u00e3o dele, Jer\u00f4nimo tenta atribuir parte dos problemas de seguran\u00e7a a fatores externos, em vez de concentrar a atua\u00e7\u00e3o nas responsabilidades do governo estadual. Durante a entrevista, o presidente estadual do PL tamb\u00e9m defendeu uma pol\u00edtica de enfrentamento mais ampla contra as organiza\u00e7\u00f5es criminosas. Para Roma, a ado\u00e7\u00e3o de leis mais rigorosas precisa ser acompanhada de medidas efetivas de combate \u00e0 criminalidade. Ele afirmou que pretende levar essa pauta ao Senado caso seja eleito para representar a Bahia. Na avalia\u00e7\u00e3o do candidato, a atua\u00e7\u00e3o das for\u00e7as de seguran\u00e7a tamb\u00e9m precisa ser acompanhada de mudan\u00e7as no sistema de Justi\u00e7a. Roma afirmou que integrantes de governos petistas anteriores j\u00e1 defendiam leis mais duras e reclamavam de decis\u00f5es judiciais que resultavam na soltura de presos. Segundo ele, a atual gest\u00e3o mant\u00e9m uma postura semelhante, sem avan\u00e7ar no enfrentamento da criminalidade. Ainda durante a sabatina, Roma afirmou que organiza\u00e7\u00f5es criminosas passaram a ocupar espa\u00e7o tamb\u00e9m em cidades menores do interior baiano. Ele declarou que a Bahia se tornou um \u201clugar convidativo\u201d para o crime organizado e relacionou o cen\u00e1rio \u00e0 necessidade de mudan\u00e7as na legisla\u00e7\u00e3o federal. O candidato defendeu que o Senado discuta medidas mais rigorosas contra integrantes dessas organiza\u00e7\u00f5es. Por fim, o candidato tamb\u00e9m criticou as condi\u00e7\u00f5es do sistema prisional baiano e afirmou que criminosos continuariam praticando delitos mesmo durante o per\u00edodo de encarceramento. Roma tamb\u00e9m reclamou, durante a entrevista, da aus\u00eancia de manifesta\u00e7\u00f5es do governador \u00e0s fam\u00edlias de policiais mortos. As declara\u00e7\u00f5es fazem parte das cr\u00edticas apresentadas pelo candidato \u00e0 pol\u00edtica de seguran\u00e7a p\u00fablica do Estado<\/p>\n","protected":false},"author":4,"featured_media":0,"comment_status":"open","ping_status":"open","sticky":false,"template":"","format":"standard","meta":{"footnotes":""},"categories":[7,58,13,3,6],"tags":[],"class_list":["post-28935","post","type-post","status-publish","format-standard","hentry","category-bahia","category-eleicoes-2026","category-justica","category-policia","category-politica"],"yoast_head":"<!-- This site is optimized with the Yoast SEO plugin v26.5 - https:\/\/yoast.com\/wordpress\/plugins\/seo\/ -->\n<title>Jo\u00e3o Roma critica Jer\u00f4nimo e diz que Bahia virou ref\u00fagio para o crime organizado - Sudoesteacontece<\/title>\n<meta name=\"robots\" content=\"index, follow, max-snippet:-1, max-image-preview:large, max-video-preview:-1\" \/>\n<link rel=\"canonical\" href=\"https:\/\/sudoesteacontece.com.br\/?p=28935\" \/>\n<meta property=\"og:locale\" content=\"pt_BR\" \/>\n<meta property=\"og:type\" content=\"article\" \/>\n<meta property=\"og:title\" content=\"Jo\u00e3o Roma critica Jer\u00f4nimo e diz que Bahia virou ref\u00fagio para o crime organizado - Sudoesteacontece\" \/>\n<meta property=\"og:description\" content=\"O candidato ao Senado Jo\u00e3o Roma (PL) criticou a gest\u00e3o da seguran\u00e7a p\u00fablica na Bahia e acusou o governador Jer\u00f4nimo Rodrigues (PT) de n\u00e3o assumir responsabilidade pelo aumento da viol\u00eancia. As declara\u00e7\u00f5es foram feitas nesta ter\u00e7a-feira (1\u00ba), durante sabatina. Roma afirmou que o Estado registra mais de 3 mil homic\u00eddios e questionou a forma como o governo estadual enfrenta a criminalidade. Segundo o candidato, enquanto outros governos estaduais teriam conseguido reduzir \u00edndices de viol\u00eancia, a Bahia seguiria em dire\u00e7\u00e3o contr\u00e1ria. Roma citou ainda um levantamento segundo o qual cinco das dez cidades mais violentas do Brasil estariam no Estado. Na avalia\u00e7\u00e3o dele, Jer\u00f4nimo tenta atribuir parte dos problemas de seguran\u00e7a a fatores externos, em vez de concentrar a atua\u00e7\u00e3o nas responsabilidades do governo estadual. Durante a entrevista, o presidente estadual do PL tamb\u00e9m defendeu uma pol\u00edtica de enfrentamento mais ampla contra as organiza\u00e7\u00f5es criminosas. Para Roma, a ado\u00e7\u00e3o de leis mais rigorosas precisa ser acompanhada de medidas efetivas de combate \u00e0 criminalidade. Ele afirmou que pretende levar essa pauta ao Senado caso seja eleito para representar a Bahia. Na avalia\u00e7\u00e3o do candidato, a atua\u00e7\u00e3o das for\u00e7as de seguran\u00e7a tamb\u00e9m precisa ser acompanhada de mudan\u00e7as no sistema de Justi\u00e7a. Roma afirmou que integrantes de governos petistas anteriores j\u00e1 defendiam leis mais duras e reclamavam de decis\u00f5es judiciais que resultavam na soltura de presos. Segundo ele, a atual gest\u00e3o mant\u00e9m uma postura semelhante, sem avan\u00e7ar no enfrentamento da criminalidade. Ainda durante a sabatina, Roma afirmou que organiza\u00e7\u00f5es criminosas passaram a ocupar espa\u00e7o tamb\u00e9m em cidades menores do interior baiano. Ele declarou que a Bahia se tornou um \u201clugar convidativo\u201d para o crime organizado e relacionou o cen\u00e1rio \u00e0 necessidade de mudan\u00e7as na legisla\u00e7\u00e3o federal. O candidato defendeu que o Senado discuta medidas mais rigorosas contra integrantes dessas organiza\u00e7\u00f5es. Por fim, o candidato tamb\u00e9m criticou as condi\u00e7\u00f5es do sistema prisional baiano e afirmou que criminosos continuariam praticando delitos mesmo durante o per\u00edodo de encarceramento. Roma tamb\u00e9m reclamou, durante a entrevista, da aus\u00eancia de manifesta\u00e7\u00f5es do governador \u00e0s fam\u00edlias de policiais mortos. As declara\u00e7\u00f5es fazem parte das cr\u00edticas apresentadas pelo candidato \u00e0 pol\u00edtica de seguran\u00e7a p\u00fablica do Estado\" \/>\n<meta property=\"og:url\" content=\"https:\/\/sudoesteacontece.com.br\/?p=28935\" \/>\n<meta property=\"og:site_name\" content=\"Sudoesteacontece\" \/>\n<meta property=\"article:publisher\" content=\"https:\/\/www.facebook.com\/sudoesteacontece\/?locale=pt_BR\" \/>\n<meta property=\"article:published_time\" content=\"2026-09-01T15:28:40+00:00\" \/>\n<meta property=\"article:modified_time\" content=\"2026-09-01T15:28:46+00:00\" \/>\n<meta property=\"og:image\" content=\"https:\/\/sudoesteacontece.com.br\/wp-content\/uploads\/2026\/09\/Joao-Roma-reage-a-proposta-de-chapa-unica-e-diz-que-oposicao-so-vence-unida-na-Bahia.jpg\" \/>\n\t<meta property=\"og:image:width\" content=\"900\" \/>\n\t<meta property=\"og:image:height\" content=\"600\" \/>\n\t<meta property=\"og:image:type\" content=\"image\/jpeg\" \/>\n<meta name=\"author\" content=\"Reda\u00e7\u00e3o\" \/>\n<meta name=\"twitter:card\" content=\"summary_large_image\" \/>\n<meta name=\"twitter:label1\" content=\"Escrito por\" \/>\n\t<meta name=\"twitter:data1\" content=\"Reda\u00e7\u00e3o\" \/>\n\t<meta name=\"twitter:label2\" content=\"Est. tempo de leitura\" \/>\n\t<meta name=\"twitter:data2\" content=\"3 minutos\" \/>\n<script type=\"application\/ld+json\" class=\"yoast-schema-graph\">{\"@context\":\"https:\/\/schema.org\",\"@graph\":[{\"@type\":\"Article\",\"@id\":\"https:\/\/sudoesteacontece.com.br\/?p=28935#article\",\"isPartOf\":{\"@id\":\"https:\/\/sudoesteacontece.com.br\/?p=28935\"},\"author\":{\"name\":\"Reda\u00e7\u00e3o\",\"@id\":\"https:\/\/sudoesteacontece.com.br\/#\/schema\/person\/a4f22429c1d0923ef8f7d43343f8dc38\"},\"headline\":\"Jo\u00e3o Roma critica Jer\u00f4nimo e diz que Bahia virou ref\u00fagio para o crime organizado\",\"datePublished\":\"2026-09-01T15:28:40+00:00\",\"dateModified\":\"2026-09-01T15:28:46+00:00\",\"mainEntityOfPage\":{\"@id\":\"https:\/\/sudoesteacontece.com.br\/?p=28935\"},\"wordCount\":417,\"commentCount\":0,\"publisher\":{\"@id\":\"https:\/\/sudoesteacontece.com.br\/#organization\"},\"image\":{\"@id\":\"https:\/\/sudoesteacontece.com.br\/?p=28935#primaryimage\"},\"thumbnailUrl\":\"http:\/\/sudoesteacontece.com.br\/wp-content\/uploads\/2026\/09\/Joao-Roma-reage-a-proposta-de-chapa-unica-e-diz-que-oposicao-so-vence-unida-na-Bahia.jpg\",\"articleSection\":[\"Bahia\",\"Elei\u00e7\u00f5es 2026\",\"Justi\u00e7a\",\"Pol\u00edcia\",\"Pol\u00edtica\"],\"inLanguage\":\"pt-BR\",\"potentialAction\":[{\"@type\":\"CommentAction\",\"name\":\"Comment\",\"target\":[\"https:\/\/sudoesteacontece.com.br\/?p=28935#respond\"]}]},{\"@type\":\"WebPage\",\"@id\":\"https:\/\/sudoesteacontece.com.br\/?p=28935\",\"url\":\"https:\/\/sudoesteacontece.com.br\/?p=28935\",\"name\":\"Jo\u00e3o Roma critica Jer\u00f4nimo e diz que Bahia virou ref\u00fagio para o crime organizado - Sudoesteacontece\",\"isPartOf\":{\"@id\":\"https:\/\/sudoesteacontece.com.br\/#website\"},\"primaryImageOfPage\":{\"@id\":\"https:\/\/sudoesteacontece.com.br\/?p=28935#primaryimage\"},\"image\":{\"@id\":\"https:\/\/sudoesteacontece.com.br\/?p=28935#primaryimage\"},\"thumbnailUrl\":\"http:\/\/sudoesteacontece.com.br\/wp-content\/uploads\/2026\/09\/Joao-Roma-reage-a-proposta-de-chapa-unica-e-diz-que-oposicao-so-vence-unida-na-Bahia.jpg\",\"datePublished\":\"2026-09-01T15:28:40+00:00\",\"dateModified\":\"2026-09-01T15:28:46+00:00\",\"breadcrumb\":{\"@id\":\"https:\/\/sudoesteacontece.com.br\/?p=28935#breadcrumb\"},\"inLanguage\":\"pt-BR\",\"potentialAction\":[{\"@type\":\"ReadAction\",\"target\":[\"https:\/\/sudoesteacontece.com.br\/?p=28935\"]}]},{\"@type\":\"ImageObject\",\"inLanguage\":\"pt-BR\",\"@id\":\"https:\/\/sudoesteacontece.com.br\/?p=28935#primaryimage\",\"url\":\"https:\/\/sudoesteacontece.com.br\/wp-content\/uploads\/2026\/09\/Joao-Roma-reage-a-proposta-de-chapa-unica-e-diz-que-oposicao-so-vence-unida-na-Bahia.jpg\",\"contentUrl\":\"https:\/\/sudoesteacontece.com.br\/wp-content\/uploads\/2026\/09\/Joao-Roma-reage-a-proposta-de-chapa-unica-e-diz-que-oposicao-so-vence-unida-na-Bahia.jpg\",\"width\":900,\"height\":600},{\"@type\":\"BreadcrumbList\",\"@id\":\"https:\/\/sudoesteacontece.com.br\/?p=28935#breadcrumb\",\"itemListElement\":[{\"@type\":\"ListItem\",\"position\":1,\"name\":\"In\u00edcio\",\"item\":\"https:\/\/sudoesteacontece.com.br\/\"},{\"@type\":\"ListItem\",\"position\":2,\"name\":\"Jo\u00e3o Roma critica Jer\u00f4nimo e diz que Bahia virou ref\u00fagio para o crime organizado\"}]},{\"@type\":\"WebSite\",\"@id\":\"https:\/\/sudoesteacontece.com.br\/#website\",\"url\":\"https:\/\/sudoesteacontece.com.br\/\",\"name\":\"Sudoesteacontece\",\"description\":\"\",\"publisher\":{\"@id\":\"https:\/\/sudoesteacontece.com.br\/#organization\"},\"potentialAction\":[{\"@type\":\"SearchAction\",\"target\":{\"@type\":\"EntryPoint\",\"urlTemplate\":\"https:\/\/sudoesteacontece.com.br\/?s={search_term_string}\"},\"query-input\":{\"@type\":\"PropertyValueSpecification\",\"valueRequired\":true,\"valueName\":\"search_term_string\"}}],\"inLanguage\":\"pt-BR\"},{\"@type\":\"Organization\",\"@id\":\"https:\/\/sudoesteacontece.com.br\/#organization\",\"name\":\"Sudoesteacontece\",\"url\":\"https:\/\/sudoesteacontece.com.br\/\",\"logo\":{\"@type\":\"ImageObject\",\"inLanguage\":\"pt-BR\",\"@id\":\"https:\/\/sudoesteacontece.com.br\/#\/schema\/logo\/image\/\",\"url\":\"https:\/\/sudoesteacontece.com.br\/wp-content\/uploads\/2025\/12\/cropped-logo-2-180x180-1.png\",\"contentUrl\":\"https:\/\/sudoesteacontece.com.br\/wp-content\/uploads\/2025\/12\/cropped-logo-2-180x180-1.png\",\"width\":180,\"height\":180,\"caption\":\"Sudoesteacontece\"},\"image\":{\"@id\":\"https:\/\/sudoesteacontece.com.br\/#\/schema\/logo\/image\/\"},\"sameAs\":[\"https:\/\/www.facebook.com\/sudoesteacontece\/?locale=pt_BR\"]},{\"@type\":\"Person\",\"@id\":\"https:\/\/sudoesteacontece.com.br\/#\/schema\/person\/a4f22429c1d0923ef8f7d43343f8dc38\",\"name\":\"Reda\u00e7\u00e3o\",\"image\":{\"@type\":\"ImageObject\",\"inLanguage\":\"pt-BR\",\"@id\":\"https:\/\/sudoesteacontece.com.br\/#\/schema\/person\/image\/\",\"url\":\"https:\/\/secure.gravatar.com\/avatar\/c3a5b3c93f268a709c25a2df414c629a96fb3b1b4bf97a94fb3f72e54ae76903?s=96&d=mm&r=g\",\"contentUrl\":\"https:\/\/secure.gravatar.com\/avatar\/c3a5b3c93f268a709c25a2df414c629a96fb3b1b4bf97a94fb3f72e54ae76903?s=96&d=mm&r=g\",\"caption\":\"Reda\u00e7\u00e3o\"},\"url\":\"https:\/\/sudoesteacontece.com.br\/?author=4\"}]}<\/script>\n<!-- \/ Yoast SEO plugin. -->","yoast_head_json":{"title":"Jo\u00e3o Roma critica Jer\u00f4nimo e diz que Bahia virou ref\u00fagio para o crime organizado - Sudoesteacontece","robots":{"index":"index","follow":"follow","max-snippet":"max-snippet:-1","max-image-preview":"max-image-preview:large","max-video-preview":"max-video-preview:-1"},"canonical":"https:\/\/sudoesteacontece.com.br\/?p=28935","og_locale":"pt_BR","og_type":"article","og_title":"Jo\u00e3o Roma critica Jer\u00f4nimo e diz que Bahia virou ref\u00fagio para o crime organizado - Sudoesteacontece","og_description":"O candidato ao Senado Jo\u00e3o Roma (PL) criticou a gest\u00e3o da seguran\u00e7a p\u00fablica na Bahia e acusou o governador Jer\u00f4nimo Rodrigues (PT) de n\u00e3o assumir responsabilidade pelo aumento da viol\u00eancia. As declara\u00e7\u00f5es foram feitas nesta ter\u00e7a-feira (1\u00ba), durante sabatina. Roma afirmou que o Estado registra mais de 3 mil homic\u00eddios e questionou a forma como o governo estadual enfrenta a criminalidade. Segundo o candidato, enquanto outros governos estaduais teriam conseguido reduzir \u00edndices de viol\u00eancia, a Bahia seguiria em dire\u00e7\u00e3o contr\u00e1ria. Roma citou ainda um levantamento segundo o qual cinco das dez cidades mais violentas do Brasil estariam no Estado. Na avalia\u00e7\u00e3o dele, Jer\u00f4nimo tenta atribuir parte dos problemas de seguran\u00e7a a fatores externos, em vez de concentrar a atua\u00e7\u00e3o nas responsabilidades do governo estadual. Durante a entrevista, o presidente estadual do PL tamb\u00e9m defendeu uma pol\u00edtica de enfrentamento mais ampla contra as organiza\u00e7\u00f5es criminosas. Para Roma, a ado\u00e7\u00e3o de leis mais rigorosas precisa ser acompanhada de medidas efetivas de combate \u00e0 criminalidade. Ele afirmou que pretende levar essa pauta ao Senado caso seja eleito para representar a Bahia. Na avalia\u00e7\u00e3o do candidato, a atua\u00e7\u00e3o das for\u00e7as de seguran\u00e7a tamb\u00e9m precisa ser acompanhada de mudan\u00e7as no sistema de Justi\u00e7a. Roma afirmou que integrantes de governos petistas anteriores j\u00e1 defendiam leis mais duras e reclamavam de decis\u00f5es judiciais que resultavam na soltura de presos. Segundo ele, a atual gest\u00e3o mant\u00e9m uma postura semelhante, sem avan\u00e7ar no enfrentamento da criminalidade. Ainda durante a sabatina, Roma afirmou que organiza\u00e7\u00f5es criminosas passaram a ocupar espa\u00e7o tamb\u00e9m em cidades menores do interior baiano. Ele declarou que a Bahia se tornou um \u201clugar convidativo\u201d para o crime organizado e relacionou o cen\u00e1rio \u00e0 necessidade de mudan\u00e7as na legisla\u00e7\u00e3o federal. O candidato defendeu que o Senado discuta medidas mais rigorosas contra integrantes dessas organiza\u00e7\u00f5es. Por fim, o candidato tamb\u00e9m criticou as condi\u00e7\u00f5es do sistema prisional baiano e afirmou que criminosos continuariam praticando delitos mesmo durante o per\u00edodo de encarceramento. Roma tamb\u00e9m reclamou, durante a entrevista, da aus\u00eancia de manifesta\u00e7\u00f5es do governador \u00e0s fam\u00edlias de policiais mortos. As declara\u00e7\u00f5es fazem parte das cr\u00edticas apresentadas pelo candidato \u00e0 pol\u00edtica de seguran\u00e7a p\u00fablica do Estado","og_url":"https:\/\/sudoesteacontece.com.br\/?p=28935","og_site_name":"Sudoesteacontece","article_publisher":"https:\/\/www.facebook.com\/sudoesteacontece\/?locale=pt_BR","article_published_time":"2026-09-01T15:28:40+00:00","article_modified_time":"2026-09-01T15:28:46+00:00","og_image":[{"width":900,"height":600,"url":"https:\/\/sudoesteacontece.com.br\/wp-content\/uploads\/2026\/09\/Joao-Roma-reage-a-proposta-de-chapa-unica-e-diz-que-oposicao-so-vence-unida-na-Bahia.jpg","type":"image\/jpeg"}],"author":"Reda\u00e7\u00e3o","twitter_card":"summary_large_image","twitter_misc":{"Escrito por":"Reda\u00e7\u00e3o","Est. tempo de leitura":"3 minutos"},"schema":{"@context":"https:\/\/schema.org","@graph":[{"@type":"Article","@id":"https:\/\/sudoesteacontece.com.br\/?p=28935#article","isPartOf":{"@id":"https:\/\/sudoesteacontece.com.br\/?p=28935"},"author":{"name":"Reda\u00e7\u00e3o","@id":"https:\/\/sudoesteacontece.com.br\/#\/schema\/person\/a4f22429c1d0923ef8f7d43343f8dc38"},"headline":"Jo\u00e3o Roma critica Jer\u00f4nimo e diz que Bahia virou ref\u00fagio para o crime organizado","datePublished":"2026-09-01T15:28:40+00:00","dateModified":"2026-09-01T15:28:46+00:00","mainEntityOfPage":{"@id":"https:\/\/sudoesteacontece.com.br\/?p=28935"},"wordCount":417,"commentCount":0,"publisher":{"@id":"https:\/\/sudoesteacontece.com.br\/#organization"},"image":{"@id":"https:\/\/sudoesteacontece.com.br\/?p=28935#primaryimage"},"thumbnailUrl":"http:\/\/sudoesteacontece.com.br\/wp-content\/uploads\/2026\/09\/Joao-Roma-reage-a-proposta-de-chapa-unica-e-diz-que-oposicao-so-vence-unida-na-Bahia.jpg","articleSection":["Bahia","Elei\u00e7\u00f5es 2026","Justi\u00e7a","Pol\u00edcia","Pol\u00edtica"],"inLanguage":"pt-BR","potentialAction":[{"@type":"CommentAction","name":"Comment","target":["https:\/\/sudoesteacontece.com.br\/?p=28935#respond"]}]},{"@type":"WebPage","@id":"https:\/\/sudoesteacontece.com.br\/?p=28935","url":"https:\/\/sudoesteacontece.com.br\/?p=28935","name":"Jo\u00e3o Roma critica Jer\u00f4nimo e diz que Bahia virou ref\u00fagio para o crime organizado - Sudoesteacontece","isPartOf":{"@id":"https:\/\/sudoesteacontece.com.br\/#website"},"primaryImageOfPage":{"@id":"https:\/\/sudoesteacontece.com.br\/?p=28935#primaryimage"},"image":{"@id":"https:\/\/sudoesteacontece.com.br\/?p=28935#primaryimage"},"thumbnailUrl":"http:\/\/sudoesteacontece.com.br\/wp-content\/uploads\/2026\/09\/Joao-Roma-reage-a-proposta-de-chapa-unica-e-diz-que-oposicao-so-vence-unida-na-Bahia.jpg","datePublished":"2026-09-01T15:28:40+00:00","dateModified":"2026-09-01T15:28:46+00:00","breadcrumb":{"@id":"https:\/\/sudoesteacontece.com.br\/?p=28935#breadcrumb"},"inLanguage":"pt-BR","potentialAction":[{"@type":"ReadAction","target":["https:\/\/sudoesteacontece.com.br\/?p=28935"]}]},{"@type":"ImageObject","inLanguage":"pt-BR","@id":"https:\/\/sudoesteacontece.com.br\/?p=28935#primaryimage","url":"https:\/\/sudoesteacontece.com.br\/wp-content\/uploads\/2026\/09\/Joao-Roma-reage-a-proposta-de-chapa-unica-e-diz-que-oposicao-so-vence-unida-na-Bahia.jpg","contentUrl":"https:\/\/sudoesteacontece.com.br\/wp-content\/uploads\/2026\/09\/Joao-Roma-reage-a-proposta-de-chapa-unica-e-diz-que-oposicao-so-vence-unida-na-Bahia.jpg","width":900,"height":600},{"@type":"BreadcrumbList","@id":"https:\/\/sudoesteacontece.com.br\/?p=28935#breadcrumb","itemListElement":[{"@type":"ListItem","position":1,"name":"In\u00edcio","item":"https:\/\/sudoesteacontece.com.br\/"},{"@type":"ListItem","position":2,"name":"Jo\u00e3o Roma critica Jer\u00f4nimo e diz que Bahia virou ref\u00fagio para o crime organizado"}]},{"@type":"WebSite","@id":"https:\/\/sudoesteacontece.com.br\/#website","url":"https:\/\/sudoesteacontece.com.br\/","name":"Sudoesteacontece","description":"","publisher":{"@id":"https:\/\/sudoesteacontece.com.br\/#organization"},"potentialAction":[{"@type":"SearchAction","target":{"@type":"EntryPoint","urlTemplate":"https:\/\/sudoesteacontece.com.br\/?s={search_term_string}"},"query-input":{"@type":"PropertyValueSpecification","valueRequired":true,"valueName":"search_term_string"}}],"inLanguage":"pt-BR"},{"@type":"Organization","@id":"https:\/\/sudoesteacontece.com.br\/#organization","name":"Sudoesteacontece","url":"https:\/\/sudoesteacontece.com.br\/","logo":{"@type":"ImageObject","inLanguage":"pt-BR","@id":"https:\/\/sudoesteacontece.com.br\/#\/schema\/logo\/image\/","url":"https:\/\/sudoesteacontece.com.br\/wp-content\/uploads\/2025\/12\/cropped-logo-2-180x180-1.png","contentUrl":"https:\/\/sudoesteacontece.com.br\/wp-content\/uploads\/2025\/12\/cropped-logo-2-180x180-1.png","width":180,"height":180,"caption":"Sudoesteacontece"},"image":{"@id":"https:\/\/sudoesteacontece.com.br\/#\/schema\/logo\/image\/"},"sameAs":["https:\/\/www.facebook.com\/sudoesteacontece\/?locale=pt_BR"]},{"@type":"Person","@id":"https:\/\/sudoesteacontece.com.br\/#\/schema\/person\/a4f22429c1d0923ef8f7d43343f8dc38","name":"Reda\u00e7\u00e3o","image":{"@type":"ImageObject","inLanguage":"pt-BR","@id":"https:\/\/sudoesteacontece.com.br\/#\/schema\/person\/image\/","url":"https:\/\/secure.gravatar.com\/avatar\/c3a5b3c93f268a709c25a2df414c629a96fb3b1b4bf97a94fb3f72e54ae76903?s=96&d=mm&r=g","contentUrl":"https:\/\/secure.gravatar.com\/avatar\/c3a5b3c93f268a709c25a2df414c629a96fb3b1b4bf97a94fb3f72e54ae76903?s=96&d=mm&r=g","caption":"Reda\u00e7\u00e3o"},"url":"https:\/\/sudoesteacontece.com.br\/?author=4"}]}},"_links":{"self":[{"href":"https:\/\/sudoesteacontece.com.br\/index.php?rest_route=\/wp\/v2\/posts\/28935","targetHints":{"allow":["GET"]}}],"collection":[{"href":"https:\/\/sudoesteacontece.com.br\/index.php?rest_route=\/wp\/v2\/posts"}],"about":[{"href":"https:\/\/sudoesteacontece.com.br\/index.php?rest_route=\/wp\/v2\/types\/post"}],"author":[{"embeddable":true,"href":"https:\/\/sudoesteacontece.com.br\/index.php?rest_route=\/wp\/v2\/users\/4"}],"replies":[{"embeddable":true,"href":"https:\/\/sudoesteacontece.com.br\/index.php?rest_route=%2Fwp%2Fv2%2Fcomments&post=28935"}],"version-history":[{"count":1,"href":"https:\/\/sudoesteacontece.com.br\/index.php?rest_route=\/wp\/v2\/posts\/28935\/revisions"}],"predecessor-version":[{"id":29019,"href":"https:\/\/sudoesteacontece.com.br\/index.php?rest_route=\/wp\/v2\/posts\/28935\/revisions\/29019"}],"wp:attachment":[{"href":"https:\/\/sudoesteacontece.com.br\/index.php?rest_route=%2Fwp%2Fv2%2Fmedia&parent=28935"}],"wp:term":[{"taxonomy":"category","embeddable":true,"href":"https:\/\/sudoesteacontece.com.br\/index.php?rest_route=%2Fwp%2Fv2%2Fcategories&post=28935"},{"taxonomy":"post_tag","embeddable":true,"href":"https:\/\/sudoesteacontece.com.br\/index.php?rest_route=%2Fwp%2Fv2%2Ftags&post=28935"}],"curies":[{"name":"wp","href":"https:\/\/api.w.org\/{rel}","templated":true}]}}