{"id":28937,"date":"2026-09-01T12:34:39","date_gmt":"2026-09-01T15:34:39","guid":{"rendered":"https:\/\/sudoesteacontece.com.br\/?p=28937"},"modified":"2026-09-01T12:34:45","modified_gmt":"2026-09-01T15:34:45","slug":"mendonca-pede-explicacoes-a-pgr-sobre-mensagem-de-vorcaro-que-cita-autoridades","status":"publish","type":"post","link":"https:\/\/sudoesteacontece.com.br\/?p=28937","title":{"rendered":"Mendon\u00e7a pede explica\u00e7\u00f5es \u00e0 PGR sobre mensagem de Vorcaro que cita autoridades"},"content":{"rendered":"\n<figure class=\"wp-block-image size-full\"><img fetchpriority=\"high\" decoding=\"async\" width=\"900\" height=\"600\" src=\"http:\/\/sudoesteacontece.com.br\/wp-content\/uploads\/2026\/09\/andre-mendonca-stf-1.jpg\" alt=\"\" class=\"wp-image-28960\" srcset=\"https:\/\/sudoesteacontece.com.br\/wp-content\/uploads\/2026\/09\/andre-mendonca-stf-1.jpg 900w, https:\/\/sudoesteacontece.com.br\/wp-content\/uploads\/2026\/09\/andre-mendonca-stf-1-300x200.jpg 300w, https:\/\/sudoesteacontece.com.br\/wp-content\/uploads\/2026\/09\/andre-mendonca-stf-1-768x512.jpg 768w\" sizes=\"(max-width: 900px) 100vw, 900px\" \/><\/figure>\n\n\n\n<p class=\"wp-block-paragraph\">O ministro Andr\u00e9 Mendon\u00e7a, do Supremo Tribunal Federal (STF), enviou um of\u00edcio \u00e0 Procuradoria-Geral da Rep\u00fablica (PGR) para solicitar informa\u00e7\u00f5es adicionais sobre uma mensagem atribu\u00edda ao banqueiro Daniel Vorcaro. O conte\u00fado menciona o diretor-geral da Pol\u00edcia Federal, Andrei Rodrigues, e o procurador-geral da Rep\u00fablica, Paulo Gonet. A solicita\u00e7\u00e3o ocorre ap\u00f3s relat\u00f3rio da PF apontar que a mensagem teria sido enviada ao ministro Alexandre de Moraes.<\/p>\n\n\n\n<p class=\"wp-block-paragraph\">Segundo informa\u00e7\u00f5es divulgadas sobre o caso, Vorcaro encaminhou uma mensagem pelo WhatsApp a um interlocutor cuja identidade n\u00e3o foi informada. No texto, o banqueiro afirma que precisava da prote\u00e7\u00e3o de \u201cAndrei\u201d e \u201cPaulo\u201d. A refer\u00eancia chamou a aten\u00e7\u00e3o durante as apura\u00e7\u00f5es realizadas pela Pol\u00edcia Federal.<\/p>\n\n\n\n<p class=\"wp-block-paragraph\">Conforme o relat\u00f3rio elaborado pela PF, os nomes mencionados na mensagem seriam Andrei Rodrigues e Paulo Gonet. A identifica\u00e7\u00e3o foi feita a partir das informa\u00e7\u00f5es analisadas pela corpora\u00e7\u00e3o durante as investiga\u00e7\u00f5es. O documento tamb\u00e9m apontou que o destinat\u00e1rio da mensagem seria Alexandre de Moraes, ministro do Supremo Tribunal Federal.<\/p>\n\n\n\n<p class=\"wp-block-paragraph\">Diante das informa\u00e7\u00f5es apresentadas no relat\u00f3rio, Andr\u00e9 Mendon\u00e7a decidiu solicitar esclarecimentos complementares \u00e0 PGR. O objetivo do pedido \u00e9 obter mais detalhes sobre o conte\u00fado da mensagem, as circunst\u00e2ncias em que ela foi encaminhada e as informa\u00e7\u00f5es reunidas pelas autoridades durante a apura\u00e7\u00e3o.<\/p>\n\n\n\n<p class=\"wp-block-paragraph\">At\u00e9 o momento das informa\u00e7\u00f5es divulgadas, o conte\u00fado analisado envolve refer\u00eancias a autoridades que ocupam posi\u00e7\u00f5es de comando em institui\u00e7\u00f5es da Rep\u00fablica. A PF apontou a identifica\u00e7\u00e3o dos nomes citados e do destinat\u00e1rio indicado no relat\u00f3rio, enquanto Mendon\u00e7a busca informa\u00e7\u00f5es adicionais junto \u00e0 Procuradoria-Geral da Rep\u00fablica.<\/p>\n\n\n\n<p class=\"wp-block-paragraph\">A solicita\u00e7\u00e3o do ministro ocorre no contexto das apura\u00e7\u00f5es envolvendo Daniel Vorcaro. O of\u00edcio encaminhado \u00e0 PGR busca esclarecer os elementos relacionados \u00e0 mensagem e permitir uma an\u00e1lise mais detalhada das informa\u00e7\u00f5es apresentadas pela Pol\u00edcia Federal.<\/p>\n","protected":false},"excerpt":{"rendered":"<p>O ministro Andr\u00e9 Mendon\u00e7a, do Supremo Tribunal Federal (STF), enviou um of\u00edcio \u00e0 Procuradoria-Geral da Rep\u00fablica (PGR) para solicitar informa\u00e7\u00f5es adicionais sobre uma mensagem atribu\u00edda ao banqueiro Daniel Vorcaro. O conte\u00fado menciona o diretor-geral da Pol\u00edcia Federal, Andrei Rodrigues, e o procurador-geral da Rep\u00fablica, Paulo Gonet. A solicita\u00e7\u00e3o ocorre ap\u00f3s relat\u00f3rio da PF apontar que a mensagem teria sido enviada ao ministro Alexandre de Moraes. Segundo informa\u00e7\u00f5es divulgadas sobre o caso, Vorcaro encaminhou uma mensagem pelo WhatsApp a um interlocutor cuja identidade n\u00e3o foi informada. No texto, o banqueiro afirma que precisava da prote\u00e7\u00e3o de \u201cAndrei\u201d e \u201cPaulo\u201d. A refer\u00eancia chamou a aten\u00e7\u00e3o durante as apura\u00e7\u00f5es realizadas pela Pol\u00edcia Federal. Conforme o relat\u00f3rio elaborado pela PF, os nomes mencionados na mensagem seriam Andrei Rodrigues e Paulo Gonet. A identifica\u00e7\u00e3o foi feita a partir das informa\u00e7\u00f5es analisadas pela corpora\u00e7\u00e3o durante as investiga\u00e7\u00f5es. O documento tamb\u00e9m apontou que o destinat\u00e1rio da mensagem seria Alexandre de Moraes, ministro do Supremo Tribunal Federal. Diante das informa\u00e7\u00f5es apresentadas no relat\u00f3rio, Andr\u00e9 Mendon\u00e7a decidiu solicitar esclarecimentos complementares \u00e0 PGR. O objetivo do pedido \u00e9 obter mais detalhes sobre o conte\u00fado da mensagem, as circunst\u00e2ncias em que ela foi encaminhada e as informa\u00e7\u00f5es reunidas pelas autoridades durante a apura\u00e7\u00e3o. At\u00e9 o momento das informa\u00e7\u00f5es divulgadas, o conte\u00fado analisado envolve refer\u00eancias a autoridades que ocupam posi\u00e7\u00f5es de comando em institui\u00e7\u00f5es da Rep\u00fablica. A PF apontou a identifica\u00e7\u00e3o dos nomes citados e do destinat\u00e1rio indicado no relat\u00f3rio, enquanto Mendon\u00e7a busca informa\u00e7\u00f5es adicionais junto \u00e0 Procuradoria-Geral da Rep\u00fablica. A solicita\u00e7\u00e3o do ministro ocorre no contexto das apura\u00e7\u00f5es envolvendo Daniel Vorcaro. O of\u00edcio encaminhado \u00e0 PGR busca esclarecer os elementos relacionados \u00e0 mensagem e permitir uma an\u00e1lise mais detalhada das informa\u00e7\u00f5es apresentadas pela Pol\u00edcia Federal.<\/p>\n","protected":false},"author":4,"featured_media":0,"comment_status":"open","ping_status":"open","sticky":false,"template":"","format":"standard","meta":{"footnotes":""},"categories":[53,13,3,6],"tags":[],"class_list":["post-28937","post","type-post","status-publish","format-standard","hentry","category-brasil","category-justica","category-policia","category-politica"],"yoast_head":"<!-- This site is optimized with the Yoast SEO plugin v26.5 - https:\/\/yoast.com\/wordpress\/plugins\/seo\/ -->\n<title>Mendon\u00e7a pede explica\u00e7\u00f5es \u00e0 PGR sobre mensagem de Vorcaro que cita autoridades - Sudoesteacontece<\/title>\n<meta name=\"robots\" content=\"index, follow, max-snippet:-1, max-image-preview:large, max-video-preview:-1\" \/>\n<link rel=\"canonical\" href=\"https:\/\/sudoesteacontece.com.br\/?p=28937\" \/>\n<meta property=\"og:locale\" content=\"pt_BR\" \/>\n<meta property=\"og:type\" content=\"article\" \/>\n<meta property=\"og:title\" content=\"Mendon\u00e7a pede explica\u00e7\u00f5es \u00e0 PGR sobre mensagem de Vorcaro que cita autoridades - Sudoesteacontece\" \/>\n<meta property=\"og:description\" content=\"O ministro Andr\u00e9 Mendon\u00e7a, do Supremo Tribunal Federal (STF), enviou um of\u00edcio \u00e0 Procuradoria-Geral da Rep\u00fablica (PGR) para solicitar informa\u00e7\u00f5es adicionais sobre uma mensagem atribu\u00edda ao banqueiro Daniel Vorcaro. O conte\u00fado menciona o diretor-geral da Pol\u00edcia Federal, Andrei Rodrigues, e o procurador-geral da Rep\u00fablica, Paulo Gonet. A solicita\u00e7\u00e3o ocorre ap\u00f3s relat\u00f3rio da PF apontar que a mensagem teria sido enviada ao ministro Alexandre de Moraes. Segundo informa\u00e7\u00f5es divulgadas sobre o caso, Vorcaro encaminhou uma mensagem pelo WhatsApp a um interlocutor cuja identidade n\u00e3o foi informada. No texto, o banqueiro afirma que precisava da prote\u00e7\u00e3o de \u201cAndrei\u201d e \u201cPaulo\u201d. A refer\u00eancia chamou a aten\u00e7\u00e3o durante as apura\u00e7\u00f5es realizadas pela Pol\u00edcia Federal. Conforme o relat\u00f3rio elaborado pela PF, os nomes mencionados na mensagem seriam Andrei Rodrigues e Paulo Gonet. A identifica\u00e7\u00e3o foi feita a partir das informa\u00e7\u00f5es analisadas pela corpora\u00e7\u00e3o durante as investiga\u00e7\u00f5es. O documento tamb\u00e9m apontou que o destinat\u00e1rio da mensagem seria Alexandre de Moraes, ministro do Supremo Tribunal Federal. Diante das informa\u00e7\u00f5es apresentadas no relat\u00f3rio, Andr\u00e9 Mendon\u00e7a decidiu solicitar esclarecimentos complementares \u00e0 PGR. O objetivo do pedido \u00e9 obter mais detalhes sobre o conte\u00fado da mensagem, as circunst\u00e2ncias em que ela foi encaminhada e as informa\u00e7\u00f5es reunidas pelas autoridades durante a apura\u00e7\u00e3o. At\u00e9 o momento das informa\u00e7\u00f5es divulgadas, o conte\u00fado analisado envolve refer\u00eancias a autoridades que ocupam posi\u00e7\u00f5es de comando em institui\u00e7\u00f5es da Rep\u00fablica. A PF apontou a identifica\u00e7\u00e3o dos nomes citados e do destinat\u00e1rio indicado no relat\u00f3rio, enquanto Mendon\u00e7a busca informa\u00e7\u00f5es adicionais junto \u00e0 Procuradoria-Geral da Rep\u00fablica. A solicita\u00e7\u00e3o do ministro ocorre no contexto das apura\u00e7\u00f5es envolvendo Daniel Vorcaro. O of\u00edcio encaminhado \u00e0 PGR busca esclarecer os elementos relacionados \u00e0 mensagem e permitir uma an\u00e1lise mais detalhada das informa\u00e7\u00f5es apresentadas pela Pol\u00edcia Federal.\" \/>\n<meta property=\"og:url\" content=\"https:\/\/sudoesteacontece.com.br\/?p=28937\" \/>\n<meta property=\"og:site_name\" content=\"Sudoesteacontece\" \/>\n<meta property=\"article:publisher\" content=\"https:\/\/www.facebook.com\/sudoesteacontece\/?locale=pt_BR\" \/>\n<meta property=\"article:published_time\" content=\"2026-09-01T15:34:39+00:00\" \/>\n<meta property=\"article:modified_time\" content=\"2026-09-01T15:34:45+00:00\" \/>\n<meta property=\"og:image\" content=\"https:\/\/sudoesteacontece.com.br\/wp-content\/uploads\/2026\/09\/andre-mendonca-stf-1.jpg\" \/>\n\t<meta property=\"og:image:width\" content=\"900\" \/>\n\t<meta property=\"og:image:height\" content=\"600\" \/>\n\t<meta property=\"og:image:type\" content=\"image\/jpeg\" \/>\n<meta name=\"author\" content=\"Reda\u00e7\u00e3o\" \/>\n<meta name=\"twitter:card\" content=\"summary_large_image\" \/>\n<meta name=\"twitter:label1\" content=\"Escrito por\" \/>\n\t<meta name=\"twitter:data1\" content=\"Reda\u00e7\u00e3o\" \/>\n\t<meta name=\"twitter:label2\" content=\"Est. tempo de leitura\" \/>\n\t<meta name=\"twitter:data2\" content=\"2 minutos\" \/>\n<script type=\"application\/ld+json\" class=\"yoast-schema-graph\">{\"@context\":\"https:\/\/schema.org\",\"@graph\":[{\"@type\":\"Article\",\"@id\":\"https:\/\/sudoesteacontece.com.br\/?p=28937#article\",\"isPartOf\":{\"@id\":\"https:\/\/sudoesteacontece.com.br\/?p=28937\"},\"author\":{\"name\":\"Reda\u00e7\u00e3o\",\"@id\":\"https:\/\/sudoesteacontece.com.br\/#\/schema\/person\/a4f22429c1d0923ef8f7d43343f8dc38\"},\"headline\":\"Mendon\u00e7a pede explica\u00e7\u00f5es \u00e0 PGR sobre mensagem de Vorcaro que cita autoridades\",\"datePublished\":\"2026-09-01T15:34:39+00:00\",\"dateModified\":\"2026-09-01T15:34:45+00:00\",\"mainEntityOfPage\":{\"@id\":\"https:\/\/sudoesteacontece.com.br\/?p=28937\"},\"wordCount\":341,\"commentCount\":0,\"publisher\":{\"@id\":\"https:\/\/sudoesteacontece.com.br\/#organization\"},\"image\":{\"@id\":\"https:\/\/sudoesteacontece.com.br\/?p=28937#primaryimage\"},\"thumbnailUrl\":\"http:\/\/sudoesteacontece.com.br\/wp-content\/uploads\/2026\/09\/andre-mendonca-stf-1.jpg\",\"articleSection\":[\"Brasil\",\"Justi\u00e7a\",\"Pol\u00edcia\",\"Pol\u00edtica\"],\"inLanguage\":\"pt-BR\",\"potentialAction\":[{\"@type\":\"CommentAction\",\"name\":\"Comment\",\"target\":[\"https:\/\/sudoesteacontece.com.br\/?p=28937#respond\"]}]},{\"@type\":\"WebPage\",\"@id\":\"https:\/\/sudoesteacontece.com.br\/?p=28937\",\"url\":\"https:\/\/sudoesteacontece.com.br\/?p=28937\",\"name\":\"Mendon\u00e7a pede explica\u00e7\u00f5es \u00e0 PGR sobre mensagem de Vorcaro que cita autoridades - Sudoesteacontece\",\"isPartOf\":{\"@id\":\"https:\/\/sudoesteacontece.com.br\/#website\"},\"primaryImageOfPage\":{\"@id\":\"https:\/\/sudoesteacontece.com.br\/?p=28937#primaryimage\"},\"image\":{\"@id\":\"https:\/\/sudoesteacontece.com.br\/?p=28937#primaryimage\"},\"thumbnailUrl\":\"http:\/\/sudoesteacontece.com.br\/wp-content\/uploads\/2026\/09\/andre-mendonca-stf-1.jpg\",\"datePublished\":\"2026-09-01T15:34:39+00:00\",\"dateModified\":\"2026-09-01T15:34:45+00:00\",\"breadcrumb\":{\"@id\":\"https:\/\/sudoesteacontece.com.br\/?p=28937#breadcrumb\"},\"inLanguage\":\"pt-BR\",\"potentialAction\":[{\"@type\":\"ReadAction\",\"target\":[\"https:\/\/sudoesteacontece.com.br\/?p=28937\"]}]},{\"@type\":\"ImageObject\",\"inLanguage\":\"pt-BR\",\"@id\":\"https:\/\/sudoesteacontece.com.br\/?p=28937#primaryimage\",\"url\":\"https:\/\/sudoesteacontece.com.br\/wp-content\/uploads\/2026\/09\/andre-mendonca-stf-1.jpg\",\"contentUrl\":\"https:\/\/sudoesteacontece.com.br\/wp-content\/uploads\/2026\/09\/andre-mendonca-stf-1.jpg\",\"width\":900,\"height\":600},{\"@type\":\"BreadcrumbList\",\"@id\":\"https:\/\/sudoesteacontece.com.br\/?p=28937#breadcrumb\",\"itemListElement\":[{\"@type\":\"ListItem\",\"position\":1,\"name\":\"In\u00edcio\",\"item\":\"https:\/\/sudoesteacontece.com.br\/\"},{\"@type\":\"ListItem\",\"position\":2,\"name\":\"Mendon\u00e7a pede explica\u00e7\u00f5es \u00e0 PGR sobre mensagem de Vorcaro que cita autoridades\"}]},{\"@type\":\"WebSite\",\"@id\":\"https:\/\/sudoesteacontece.com.br\/#website\",\"url\":\"https:\/\/sudoesteacontece.com.br\/\",\"name\":\"Sudoesteacontece\",\"description\":\"\",\"publisher\":{\"@id\":\"https:\/\/sudoesteacontece.com.br\/#organization\"},\"potentialAction\":[{\"@type\":\"SearchAction\",\"target\":{\"@type\":\"EntryPoint\",\"urlTemplate\":\"https:\/\/sudoesteacontece.com.br\/?s={search_term_string}\"},\"query-input\":{\"@type\":\"PropertyValueSpecification\",\"valueRequired\":true,\"valueName\":\"search_term_string\"}}],\"inLanguage\":\"pt-BR\"},{\"@type\":\"Organization\",\"@id\":\"https:\/\/sudoesteacontece.com.br\/#organization\",\"name\":\"Sudoesteacontece\",\"url\":\"https:\/\/sudoesteacontece.com.br\/\",\"logo\":{\"@type\":\"ImageObject\",\"inLanguage\":\"pt-BR\",\"@id\":\"https:\/\/sudoesteacontece.com.br\/#\/schema\/logo\/image\/\",\"url\":\"https:\/\/sudoesteacontece.com.br\/wp-content\/uploads\/2025\/12\/cropped-logo-2-180x180-1.png\",\"contentUrl\":\"https:\/\/sudoesteacontece.com.br\/wp-content\/uploads\/2025\/12\/cropped-logo-2-180x180-1.png\",\"width\":180,\"height\":180,\"caption\":\"Sudoesteacontece\"},\"image\":{\"@id\":\"https:\/\/sudoesteacontece.com.br\/#\/schema\/logo\/image\/\"},\"sameAs\":[\"https:\/\/www.facebook.com\/sudoesteacontece\/?locale=pt_BR\"]},{\"@type\":\"Person\",\"@id\":\"https:\/\/sudoesteacontece.com.br\/#\/schema\/person\/a4f22429c1d0923ef8f7d43343f8dc38\",\"name\":\"Reda\u00e7\u00e3o\",\"image\":{\"@type\":\"ImageObject\",\"inLanguage\":\"pt-BR\",\"@id\":\"https:\/\/sudoesteacontece.com.br\/#\/schema\/person\/image\/\",\"url\":\"https:\/\/secure.gravatar.com\/avatar\/c3a5b3c93f268a709c25a2df414c629a96fb3b1b4bf97a94fb3f72e54ae76903?s=96&d=mm&r=g\",\"contentUrl\":\"https:\/\/secure.gravatar.com\/avatar\/c3a5b3c93f268a709c25a2df414c629a96fb3b1b4bf97a94fb3f72e54ae76903?s=96&d=mm&r=g\",\"caption\":\"Reda\u00e7\u00e3o\"},\"url\":\"https:\/\/sudoesteacontece.com.br\/?author=4\"}]}<\/script>\n<!-- \/ Yoast SEO plugin. -->","yoast_head_json":{"title":"Mendon\u00e7a pede explica\u00e7\u00f5es \u00e0 PGR sobre mensagem de Vorcaro que cita autoridades - Sudoesteacontece","robots":{"index":"index","follow":"follow","max-snippet":"max-snippet:-1","max-image-preview":"max-image-preview:large","max-video-preview":"max-video-preview:-1"},"canonical":"https:\/\/sudoesteacontece.com.br\/?p=28937","og_locale":"pt_BR","og_type":"article","og_title":"Mendon\u00e7a pede explica\u00e7\u00f5es \u00e0 PGR sobre mensagem de Vorcaro que cita autoridades - Sudoesteacontece","og_description":"O ministro Andr\u00e9 Mendon\u00e7a, do Supremo Tribunal Federal (STF), enviou um of\u00edcio \u00e0 Procuradoria-Geral da Rep\u00fablica (PGR) para solicitar informa\u00e7\u00f5es adicionais sobre uma mensagem atribu\u00edda ao banqueiro Daniel Vorcaro. O conte\u00fado menciona o diretor-geral da Pol\u00edcia Federal, Andrei Rodrigues, e o procurador-geral da Rep\u00fablica, Paulo Gonet. A solicita\u00e7\u00e3o ocorre ap\u00f3s relat\u00f3rio da PF apontar que a mensagem teria sido enviada ao ministro Alexandre de Moraes. Segundo informa\u00e7\u00f5es divulgadas sobre o caso, Vorcaro encaminhou uma mensagem pelo WhatsApp a um interlocutor cuja identidade n\u00e3o foi informada. No texto, o banqueiro afirma que precisava da prote\u00e7\u00e3o de \u201cAndrei\u201d e \u201cPaulo\u201d. A refer\u00eancia chamou a aten\u00e7\u00e3o durante as apura\u00e7\u00f5es realizadas pela Pol\u00edcia Federal. Conforme o relat\u00f3rio elaborado pela PF, os nomes mencionados na mensagem seriam Andrei Rodrigues e Paulo Gonet. A identifica\u00e7\u00e3o foi feita a partir das informa\u00e7\u00f5es analisadas pela corpora\u00e7\u00e3o durante as investiga\u00e7\u00f5es. O documento tamb\u00e9m apontou que o destinat\u00e1rio da mensagem seria Alexandre de Moraes, ministro do Supremo Tribunal Federal. Diante das informa\u00e7\u00f5es apresentadas no relat\u00f3rio, Andr\u00e9 Mendon\u00e7a decidiu solicitar esclarecimentos complementares \u00e0 PGR. O objetivo do pedido \u00e9 obter mais detalhes sobre o conte\u00fado da mensagem, as circunst\u00e2ncias em que ela foi encaminhada e as informa\u00e7\u00f5es reunidas pelas autoridades durante a apura\u00e7\u00e3o. At\u00e9 o momento das informa\u00e7\u00f5es divulgadas, o conte\u00fado analisado envolve refer\u00eancias a autoridades que ocupam posi\u00e7\u00f5es de comando em institui\u00e7\u00f5es da Rep\u00fablica. A PF apontou a identifica\u00e7\u00e3o dos nomes citados e do destinat\u00e1rio indicado no relat\u00f3rio, enquanto Mendon\u00e7a busca informa\u00e7\u00f5es adicionais junto \u00e0 Procuradoria-Geral da Rep\u00fablica. A solicita\u00e7\u00e3o do ministro ocorre no contexto das apura\u00e7\u00f5es envolvendo Daniel Vorcaro. O of\u00edcio encaminhado \u00e0 PGR busca esclarecer os elementos relacionados \u00e0 mensagem e permitir uma an\u00e1lise mais detalhada das informa\u00e7\u00f5es apresentadas pela Pol\u00edcia Federal.","og_url":"https:\/\/sudoesteacontece.com.br\/?p=28937","og_site_name":"Sudoesteacontece","article_publisher":"https:\/\/www.facebook.com\/sudoesteacontece\/?locale=pt_BR","article_published_time":"2026-09-01T15:34:39+00:00","article_modified_time":"2026-09-01T15:34:45+00:00","og_image":[{"width":900,"height":600,"url":"https:\/\/sudoesteacontece.com.br\/wp-content\/uploads\/2026\/09\/andre-mendonca-stf-1.jpg","type":"image\/jpeg"}],"author":"Reda\u00e7\u00e3o","twitter_card":"summary_large_image","twitter_misc":{"Escrito por":"Reda\u00e7\u00e3o","Est. tempo de leitura":"2 minutos"},"schema":{"@context":"https:\/\/schema.org","@graph":[{"@type":"Article","@id":"https:\/\/sudoesteacontece.com.br\/?p=28937#article","isPartOf":{"@id":"https:\/\/sudoesteacontece.com.br\/?p=28937"},"author":{"name":"Reda\u00e7\u00e3o","@id":"https:\/\/sudoesteacontece.com.br\/#\/schema\/person\/a4f22429c1d0923ef8f7d43343f8dc38"},"headline":"Mendon\u00e7a pede explica\u00e7\u00f5es \u00e0 PGR sobre mensagem de Vorcaro que cita autoridades","datePublished":"2026-09-01T15:34:39+00:00","dateModified":"2026-09-01T15:34:45+00:00","mainEntityOfPage":{"@id":"https:\/\/sudoesteacontece.com.br\/?p=28937"},"wordCount":341,"commentCount":0,"publisher":{"@id":"https:\/\/sudoesteacontece.com.br\/#organization"},"image":{"@id":"https:\/\/sudoesteacontece.com.br\/?p=28937#primaryimage"},"thumbnailUrl":"http:\/\/sudoesteacontece.com.br\/wp-content\/uploads\/2026\/09\/andre-mendonca-stf-1.jpg","articleSection":["Brasil","Justi\u00e7a","Pol\u00edcia","Pol\u00edtica"],"inLanguage":"pt-BR","potentialAction":[{"@type":"CommentAction","name":"Comment","target":["https:\/\/sudoesteacontece.com.br\/?p=28937#respond"]}]},{"@type":"WebPage","@id":"https:\/\/sudoesteacontece.com.br\/?p=28937","url":"https:\/\/sudoesteacontece.com.br\/?p=28937","name":"Mendon\u00e7a pede explica\u00e7\u00f5es \u00e0 PGR sobre mensagem de Vorcaro que cita autoridades - Sudoesteacontece","isPartOf":{"@id":"https:\/\/sudoesteacontece.com.br\/#website"},"primaryImageOfPage":{"@id":"https:\/\/sudoesteacontece.com.br\/?p=28937#primaryimage"},"image":{"@id":"https:\/\/sudoesteacontece.com.br\/?p=28937#primaryimage"},"thumbnailUrl":"http:\/\/sudoesteacontece.com.br\/wp-content\/uploads\/2026\/09\/andre-mendonca-stf-1.jpg","datePublished":"2026-09-01T15:34:39+00:00","dateModified":"2026-09-01T15:34:45+00:00","breadcrumb":{"@id":"https:\/\/sudoesteacontece.com.br\/?p=28937#breadcrumb"},"inLanguage":"pt-BR","potentialAction":[{"@type":"ReadAction","target":["https:\/\/sudoesteacontece.com.br\/?p=28937"]}]},{"@type":"ImageObject","inLanguage":"pt-BR","@id":"https:\/\/sudoesteacontece.com.br\/?p=28937#primaryimage","url":"https:\/\/sudoesteacontece.com.br\/wp-content\/uploads\/2026\/09\/andre-mendonca-stf-1.jpg","contentUrl":"https:\/\/sudoesteacontece.com.br\/wp-content\/uploads\/2026\/09\/andre-mendonca-stf-1.jpg","width":900,"height":600},{"@type":"BreadcrumbList","@id":"https:\/\/sudoesteacontece.com.br\/?p=28937#breadcrumb","itemListElement":[{"@type":"ListItem","position":1,"name":"In\u00edcio","item":"https:\/\/sudoesteacontece.com.br\/"},{"@type":"ListItem","position":2,"name":"Mendon\u00e7a pede explica\u00e7\u00f5es \u00e0 PGR sobre mensagem de Vorcaro que cita autoridades"}]},{"@type":"WebSite","@id":"https:\/\/sudoesteacontece.com.br\/#website","url":"https:\/\/sudoesteacontece.com.br\/","name":"Sudoesteacontece","description":"","publisher":{"@id":"https:\/\/sudoesteacontece.com.br\/#organization"},"potentialAction":[{"@type":"SearchAction","target":{"@type":"EntryPoint","urlTemplate":"https:\/\/sudoesteacontece.com.br\/?s={search_term_string}"},"query-input":{"@type":"PropertyValueSpecification","valueRequired":true,"valueName":"search_term_string"}}],"inLanguage":"pt-BR"},{"@type":"Organization","@id":"https:\/\/sudoesteacontece.com.br\/#organization","name":"Sudoesteacontece","url":"https:\/\/sudoesteacontece.com.br\/","logo":{"@type":"ImageObject","inLanguage":"pt-BR","@id":"https:\/\/sudoesteacontece.com.br\/#\/schema\/logo\/image\/","url":"https:\/\/sudoesteacontece.com.br\/wp-content\/uploads\/2025\/12\/cropped-logo-2-180x180-1.png","contentUrl":"https:\/\/sudoesteacontece.com.br\/wp-content\/uploads\/2025\/12\/cropped-logo-2-180x180-1.png","width":180,"height":180,"caption":"Sudoesteacontece"},"image":{"@id":"https:\/\/sudoesteacontece.com.br\/#\/schema\/logo\/image\/"},"sameAs":["https:\/\/www.facebook.com\/sudoesteacontece\/?locale=pt_BR"]},{"@type":"Person","@id":"https:\/\/sudoesteacontece.com.br\/#\/schema\/person\/a4f22429c1d0923ef8f7d43343f8dc38","name":"Reda\u00e7\u00e3o","image":{"@type":"ImageObject","inLanguage":"pt-BR","@id":"https:\/\/sudoesteacontece.com.br\/#\/schema\/person\/image\/","url":"https:\/\/secure.gravatar.com\/avatar\/c3a5b3c93f268a709c25a2df414c629a96fb3b1b4bf97a94fb3f72e54ae76903?s=96&d=mm&r=g","contentUrl":"https:\/\/secure.gravatar.com\/avatar\/c3a5b3c93f268a709c25a2df414c629a96fb3b1b4bf97a94fb3f72e54ae76903?s=96&d=mm&r=g","caption":"Reda\u00e7\u00e3o"},"url":"https:\/\/sudoesteacontece.com.br\/?author=4"}]}},"_links":{"self":[{"href":"https:\/\/sudoesteacontece.com.br\/index.php?rest_route=\/wp\/v2\/posts\/28937","targetHints":{"allow":["GET"]}}],"collection":[{"href":"https:\/\/sudoesteacontece.com.br\/index.php?rest_route=\/wp\/v2\/posts"}],"about":[{"href":"https:\/\/sudoesteacontece.com.br\/index.php?rest_route=\/wp\/v2\/types\/post"}],"author":[{"embeddable":true,"href":"https:\/\/sudoesteacontece.com.br\/index.php?rest_route=\/wp\/v2\/users\/4"}],"replies":[{"embeddable":true,"href":"https:\/\/sudoesteacontece.com.br\/index.php?rest_route=%2Fwp%2Fv2%2Fcomments&post=28937"}],"version-history":[{"count":1,"href":"https:\/\/sudoesteacontece.com.br\/index.php?rest_route=\/wp\/v2\/posts\/28937\/revisions"}],"predecessor-version":[{"id":29022,"href":"https:\/\/sudoesteacontece.com.br\/index.php?rest_route=\/wp\/v2\/posts\/28937\/revisions\/29022"}],"wp:attachment":[{"href":"https:\/\/sudoesteacontece.com.br\/index.php?rest_route=%2Fwp%2Fv2%2Fmedia&parent=28937"}],"wp:term":[{"taxonomy":"category","embeddable":true,"href":"https:\/\/sudoesteacontece.com.br\/index.php?rest_route=%2Fwp%2Fv2%2Fcategories&post=28937"},{"taxonomy":"post_tag","embeddable":true,"href":"https:\/\/sudoesteacontece.com.br\/index.php?rest_route=%2Fwp%2Fv2%2Ftags&post=28937"}],"curies":[{"name":"wp","href":"https:\/\/api.w.org\/{rel}","templated":true}]}}