{"id":28939,"date":"2026-09-01T12:36:20","date_gmt":"2026-09-01T15:36:20","guid":{"rendered":"https:\/\/sudoesteacontece.com.br\/?p=28939"},"modified":"2026-09-01T12:36:26","modified_gmt":"2026-09-01T15:36:26","slug":"adolescente-de-16-anos-fica-gravemente-ferido-apos-moto-ser-atingida-por-carro-em-carinhanha","status":"publish","type":"post","link":"https:\/\/sudoesteacontece.com.br\/?p=28939","title":{"rendered":"Adolescente de 16 anos fica gravemente ferido ap\u00f3s moto ser atingida por carro em Carinhanha"},"content":{"rendered":"\n<figure class=\"wp-block-image size-full\"><img fetchpriority=\"high\" decoding=\"async\" width=\"900\" height=\"600\" src=\"http:\/\/sudoesteacontece.com.br\/wp-content\/uploads\/2026\/09\/Adolescente-de-16-anos-fica-gravemente-ferido-apos-moto-ser-atingida-por-carro-em-Carinhanha.jpg\" alt=\"\" class=\"wp-image-28955\" srcset=\"https:\/\/sudoesteacontece.com.br\/wp-content\/uploads\/2026\/09\/Adolescente-de-16-anos-fica-gravemente-ferido-apos-moto-ser-atingida-por-carro-em-Carinhanha.jpg 900w, https:\/\/sudoesteacontece.com.br\/wp-content\/uploads\/2026\/09\/Adolescente-de-16-anos-fica-gravemente-ferido-apos-moto-ser-atingida-por-carro-em-Carinhanha-300x200.jpg 300w, https:\/\/sudoesteacontece.com.br\/wp-content\/uploads\/2026\/09\/Adolescente-de-16-anos-fica-gravemente-ferido-apos-moto-ser-atingida-por-carro-em-Carinhanha-768x512.jpg 768w\" sizes=\"(max-width: 900px) 100vw, 900px\" \/><\/figure>\n\n\n\n<p class=\"wp-block-paragraph\">Um adolescente de 16 anos ficou gravemente ferido ap\u00f3s a motocicleta que conduzia ser atingida por um Volkswagen Gol na noite deste domingo (30), em Carinhanha, no sudoeste da Bahia. A colis\u00e3o ocorreu por volta das 18h32, na Avenida Santos Dumont, no bairro S\u00e3o Francisco. Segundo informa\u00e7\u00f5es preliminares, o carro teria feito uma convers\u00e3o \u00e0 esquerda e invadido a contram\u00e3o antes de atingir a moto.<\/p>\n\n\n\n<p class=\"wp-block-paragraph\">Imagens de uma c\u00e2mera de seguran\u00e7a registraram os dois ve\u00edculos trafegando em sentidos opostos pela avenida. O adolescente, identificado como Denilson Rodrigues Vieira J\u00fanior, conhecido como \u201cJuninho\u201d, seguia em linha reta quando foi atingido pelo Gol. O motorista do autom\u00f3vel foi identificado como Cleunice da \u00c1gua Ruim, conforme as informa\u00e7\u00f5es divulgadas sobre o acidente.<\/p>\n\n\n\n<p class=\"wp-block-paragraph\">Com a for\u00e7a da batida, Juninho foi arremessado e sofreu ferimentos graves. Ap\u00f3s a colis\u00e3o, segundo relatos, o condutor do carro deixou o local sem prestar socorro ao adolescente. As circunst\u00e2ncias relacionadas \u00e0 sa\u00edda do motorista do endere\u00e7o dever\u00e3o ser consideradas na apura\u00e7\u00e3o do caso pelas autoridades respons\u00e1veis.<\/p>\n\n\n\n<p class=\"wp-block-paragraph\">Equipes do Servi\u00e7o de Atendimento M\u00f3vel de Urg\u00eancia (Samu) foram acionadas e prestaram os primeiros atendimentos \u00e0 v\u00edtima. O adolescente foi levado inicialmente para o Hospital Municipal Maria Pereira Costa, conhecido como Dona Quinha, em Carinhanha. Devido \u00e0 gravidade dos ferimentos, ele precisou ser transferido para outra unidade de sa\u00fade.<\/p>\n\n\n\n<p class=\"wp-block-paragraph\">Posteriormente, Juninho foi encaminhado ao Hospital Geral de Guanambi (HGG), onde passou por um procedimento cir\u00fargico. N\u00e3o foram divulgadas informa\u00e7\u00f5es adicionais sobre o estado de sa\u00fade do adolescente ap\u00f3s a cirurgia. O atendimento m\u00e9dico foi realizado depois que a equipe do Samu prestou os primeiros cuidados no local do acidente.<\/p>\n\n\n\n<p class=\"wp-block-paragraph\">Por fim, as autoridades dever\u00e3o apurar a din\u00e2mica da colis\u00e3o, incluindo a convers\u00e3o realizada pelo motorista do Gol e as circunst\u00e2ncias posteriores ao acidente. Imagens de seguran\u00e7a e os relatos sobre o ocorrido poder\u00e3o auxiliar na reconstru\u00e7\u00e3o dos fatos e na identifica\u00e7\u00e3o das responsabilidades.<\/p>\n","protected":false},"excerpt":{"rendered":"<p>Um adolescente de 16 anos ficou gravemente ferido ap\u00f3s a motocicleta que conduzia ser atingida por um Volkswagen Gol na noite deste domingo (30), em Carinhanha, no sudoeste da Bahia. A colis\u00e3o ocorreu por volta das 18h32, na Avenida Santos Dumont, no bairro S\u00e3o Francisco. Segundo informa\u00e7\u00f5es preliminares, o carro teria feito uma convers\u00e3o \u00e0 esquerda e invadido a contram\u00e3o antes de atingir a moto. Imagens de uma c\u00e2mera de seguran\u00e7a registraram os dois ve\u00edculos trafegando em sentidos opostos pela avenida. O adolescente, identificado como Denilson Rodrigues Vieira J\u00fanior, conhecido como \u201cJuninho\u201d, seguia em linha reta quando foi atingido pelo Gol. O motorista do autom\u00f3vel foi identificado como Cleunice da \u00c1gua Ruim, conforme as informa\u00e7\u00f5es divulgadas sobre o acidente. Com a for\u00e7a da batida, Juninho foi arremessado e sofreu ferimentos graves. Ap\u00f3s a colis\u00e3o, segundo relatos, o condutor do carro deixou o local sem prestar socorro ao adolescente. As circunst\u00e2ncias relacionadas \u00e0 sa\u00edda do motorista do endere\u00e7o dever\u00e3o ser consideradas na apura\u00e7\u00e3o do caso pelas autoridades respons\u00e1veis. Equipes do Servi\u00e7o de Atendimento M\u00f3vel de Urg\u00eancia (Samu) foram acionadas e prestaram os primeiros atendimentos \u00e0 v\u00edtima. O adolescente foi levado inicialmente para o Hospital Municipal Maria Pereira Costa, conhecido como Dona Quinha, em Carinhanha. Devido \u00e0 gravidade dos ferimentos, ele precisou ser transferido para outra unidade de sa\u00fade. Posteriormente, Juninho foi encaminhado ao Hospital Geral de Guanambi (HGG), onde passou por um procedimento cir\u00fargico. N\u00e3o foram divulgadas informa\u00e7\u00f5es adicionais sobre o estado de sa\u00fade do adolescente ap\u00f3s a cirurgia. O atendimento m\u00e9dico foi realizado depois que a equipe do Samu prestou os primeiros cuidados no local do acidente. Por fim, as autoridades dever\u00e3o apurar a din\u00e2mica da colis\u00e3o, incluindo a convers\u00e3o realizada pelo motorista do Gol e as circunst\u00e2ncias posteriores ao acidente. Imagens de seguran\u00e7a e os relatos sobre o ocorrido poder\u00e3o auxiliar na reconstru\u00e7\u00e3o dos fatos e na identifica\u00e7\u00e3o das responsabilidades.<\/p>\n","protected":false},"author":4,"featured_media":0,"comment_status":"open","ping_status":"open","sticky":false,"template":"","format":"standard","meta":{"footnotes":""},"categories":[5],"tags":[],"class_list":["post-28939","post","type-post","status-publish","format-standard","hentry","category-acidente"],"yoast_head":"<!-- This site is optimized with the Yoast SEO plugin v26.5 - https:\/\/yoast.com\/wordpress\/plugins\/seo\/ -->\n<title>Adolescente de 16 anos fica gravemente ferido ap\u00f3s moto ser atingida por carro em Carinhanha - Sudoesteacontece<\/title>\n<meta name=\"robots\" content=\"index, follow, max-snippet:-1, max-image-preview:large, max-video-preview:-1\" \/>\n<link rel=\"canonical\" href=\"https:\/\/sudoesteacontece.com.br\/?p=28939\" \/>\n<meta property=\"og:locale\" content=\"pt_BR\" \/>\n<meta property=\"og:type\" content=\"article\" \/>\n<meta property=\"og:title\" content=\"Adolescente de 16 anos fica gravemente ferido ap\u00f3s moto ser atingida por carro em Carinhanha - Sudoesteacontece\" \/>\n<meta property=\"og:description\" content=\"Um adolescente de 16 anos ficou gravemente ferido ap\u00f3s a motocicleta que conduzia ser atingida por um Volkswagen Gol na noite deste domingo (30), em Carinhanha, no sudoeste da Bahia. A colis\u00e3o ocorreu por volta das 18h32, na Avenida Santos Dumont, no bairro S\u00e3o Francisco. Segundo informa\u00e7\u00f5es preliminares, o carro teria feito uma convers\u00e3o \u00e0 esquerda e invadido a contram\u00e3o antes de atingir a moto. Imagens de uma c\u00e2mera de seguran\u00e7a registraram os dois ve\u00edculos trafegando em sentidos opostos pela avenida. O adolescente, identificado como Denilson Rodrigues Vieira J\u00fanior, conhecido como \u201cJuninho\u201d, seguia em linha reta quando foi atingido pelo Gol. O motorista do autom\u00f3vel foi identificado como Cleunice da \u00c1gua Ruim, conforme as informa\u00e7\u00f5es divulgadas sobre o acidente. Com a for\u00e7a da batida, Juninho foi arremessado e sofreu ferimentos graves. Ap\u00f3s a colis\u00e3o, segundo relatos, o condutor do carro deixou o local sem prestar socorro ao adolescente. As circunst\u00e2ncias relacionadas \u00e0 sa\u00edda do motorista do endere\u00e7o dever\u00e3o ser consideradas na apura\u00e7\u00e3o do caso pelas autoridades respons\u00e1veis. Equipes do Servi\u00e7o de Atendimento M\u00f3vel de Urg\u00eancia (Samu) foram acionadas e prestaram os primeiros atendimentos \u00e0 v\u00edtima. O adolescente foi levado inicialmente para o Hospital Municipal Maria Pereira Costa, conhecido como Dona Quinha, em Carinhanha. Devido \u00e0 gravidade dos ferimentos, ele precisou ser transferido para outra unidade de sa\u00fade. Posteriormente, Juninho foi encaminhado ao Hospital Geral de Guanambi (HGG), onde passou por um procedimento cir\u00fargico. N\u00e3o foram divulgadas informa\u00e7\u00f5es adicionais sobre o estado de sa\u00fade do adolescente ap\u00f3s a cirurgia. O atendimento m\u00e9dico foi realizado depois que a equipe do Samu prestou os primeiros cuidados no local do acidente. Por fim, as autoridades dever\u00e3o apurar a din\u00e2mica da colis\u00e3o, incluindo a convers\u00e3o realizada pelo motorista do Gol e as circunst\u00e2ncias posteriores ao acidente. Imagens de seguran\u00e7a e os relatos sobre o ocorrido poder\u00e3o auxiliar na reconstru\u00e7\u00e3o dos fatos e na identifica\u00e7\u00e3o das responsabilidades.\" \/>\n<meta property=\"og:url\" content=\"https:\/\/sudoesteacontece.com.br\/?p=28939\" \/>\n<meta property=\"og:site_name\" content=\"Sudoesteacontece\" \/>\n<meta property=\"article:publisher\" content=\"https:\/\/www.facebook.com\/sudoesteacontece\/?locale=pt_BR\" \/>\n<meta property=\"article:published_time\" content=\"2026-09-01T15:36:20+00:00\" \/>\n<meta property=\"article:modified_time\" content=\"2026-09-01T15:36:26+00:00\" \/>\n<meta property=\"og:image\" content=\"https:\/\/sudoesteacontece.com.br\/wp-content\/uploads\/2026\/09\/Adolescente-de-16-anos-fica-gravemente-ferido-apos-moto-ser-atingida-por-carro-em-Carinhanha.jpg\" \/>\n\t<meta property=\"og:image:width\" content=\"900\" \/>\n\t<meta property=\"og:image:height\" content=\"600\" \/>\n\t<meta property=\"og:image:type\" content=\"image\/jpeg\" \/>\n<meta name=\"author\" content=\"Reda\u00e7\u00e3o\" \/>\n<meta name=\"twitter:card\" content=\"summary_large_image\" \/>\n<meta name=\"twitter:label1\" content=\"Escrito por\" \/>\n\t<meta name=\"twitter:data1\" content=\"Reda\u00e7\u00e3o\" \/>\n\t<meta name=\"twitter:label2\" content=\"Est. tempo de leitura\" \/>\n\t<meta name=\"twitter:data2\" content=\"2 minutos\" \/>\n<script type=\"application\/ld+json\" class=\"yoast-schema-graph\">{\"@context\":\"https:\/\/schema.org\",\"@graph\":[{\"@type\":\"Article\",\"@id\":\"https:\/\/sudoesteacontece.com.br\/?p=28939#article\",\"isPartOf\":{\"@id\":\"https:\/\/sudoesteacontece.com.br\/?p=28939\"},\"author\":{\"name\":\"Reda\u00e7\u00e3o\",\"@id\":\"https:\/\/sudoesteacontece.com.br\/#\/schema\/person\/a4f22429c1d0923ef8f7d43343f8dc38\"},\"headline\":\"Adolescente de 16 anos fica gravemente ferido ap\u00f3s moto ser atingida por carro em Carinhanha\",\"datePublished\":\"2026-09-01T15:36:20+00:00\",\"dateModified\":\"2026-09-01T15:36:26+00:00\",\"mainEntityOfPage\":{\"@id\":\"https:\/\/sudoesteacontece.com.br\/?p=28939\"},\"wordCount\":361,\"commentCount\":0,\"publisher\":{\"@id\":\"https:\/\/sudoesteacontece.com.br\/#organization\"},\"image\":{\"@id\":\"https:\/\/sudoesteacontece.com.br\/?p=28939#primaryimage\"},\"thumbnailUrl\":\"http:\/\/sudoesteacontece.com.br\/wp-content\/uploads\/2026\/09\/Adolescente-de-16-anos-fica-gravemente-ferido-apos-moto-ser-atingida-por-carro-em-Carinhanha.jpg\",\"articleSection\":[\"Acidente\"],\"inLanguage\":\"pt-BR\",\"potentialAction\":[{\"@type\":\"CommentAction\",\"name\":\"Comment\",\"target\":[\"https:\/\/sudoesteacontece.com.br\/?p=28939#respond\"]}]},{\"@type\":\"WebPage\",\"@id\":\"https:\/\/sudoesteacontece.com.br\/?p=28939\",\"url\":\"https:\/\/sudoesteacontece.com.br\/?p=28939\",\"name\":\"Adolescente de 16 anos fica gravemente ferido ap\u00f3s moto ser atingida por carro em Carinhanha - Sudoesteacontece\",\"isPartOf\":{\"@id\":\"https:\/\/sudoesteacontece.com.br\/#website\"},\"primaryImageOfPage\":{\"@id\":\"https:\/\/sudoesteacontece.com.br\/?p=28939#primaryimage\"},\"image\":{\"@id\":\"https:\/\/sudoesteacontece.com.br\/?p=28939#primaryimage\"},\"thumbnailUrl\":\"http:\/\/sudoesteacontece.com.br\/wp-content\/uploads\/2026\/09\/Adolescente-de-16-anos-fica-gravemente-ferido-apos-moto-ser-atingida-por-carro-em-Carinhanha.jpg\",\"datePublished\":\"2026-09-01T15:36:20+00:00\",\"dateModified\":\"2026-09-01T15:36:26+00:00\",\"breadcrumb\":{\"@id\":\"https:\/\/sudoesteacontece.com.br\/?p=28939#breadcrumb\"},\"inLanguage\":\"pt-BR\",\"potentialAction\":[{\"@type\":\"ReadAction\",\"target\":[\"https:\/\/sudoesteacontece.com.br\/?p=28939\"]}]},{\"@type\":\"ImageObject\",\"inLanguage\":\"pt-BR\",\"@id\":\"https:\/\/sudoesteacontece.com.br\/?p=28939#primaryimage\",\"url\":\"https:\/\/sudoesteacontece.com.br\/wp-content\/uploads\/2026\/09\/Adolescente-de-16-anos-fica-gravemente-ferido-apos-moto-ser-atingida-por-carro-em-Carinhanha.jpg\",\"contentUrl\":\"https:\/\/sudoesteacontece.com.br\/wp-content\/uploads\/2026\/09\/Adolescente-de-16-anos-fica-gravemente-ferido-apos-moto-ser-atingida-por-carro-em-Carinhanha.jpg\",\"width\":900,\"height\":600},{\"@type\":\"BreadcrumbList\",\"@id\":\"https:\/\/sudoesteacontece.com.br\/?p=28939#breadcrumb\",\"itemListElement\":[{\"@type\":\"ListItem\",\"position\":1,\"name\":\"In\u00edcio\",\"item\":\"https:\/\/sudoesteacontece.com.br\/\"},{\"@type\":\"ListItem\",\"position\":2,\"name\":\"Adolescente de 16 anos fica gravemente ferido ap\u00f3s moto ser atingida por carro em Carinhanha\"}]},{\"@type\":\"WebSite\",\"@id\":\"https:\/\/sudoesteacontece.com.br\/#website\",\"url\":\"https:\/\/sudoesteacontece.com.br\/\",\"name\":\"Sudoesteacontece\",\"description\":\"\",\"publisher\":{\"@id\":\"https:\/\/sudoesteacontece.com.br\/#organization\"},\"potentialAction\":[{\"@type\":\"SearchAction\",\"target\":{\"@type\":\"EntryPoint\",\"urlTemplate\":\"https:\/\/sudoesteacontece.com.br\/?s={search_term_string}\"},\"query-input\":{\"@type\":\"PropertyValueSpecification\",\"valueRequired\":true,\"valueName\":\"search_term_string\"}}],\"inLanguage\":\"pt-BR\"},{\"@type\":\"Organization\",\"@id\":\"https:\/\/sudoesteacontece.com.br\/#organization\",\"name\":\"Sudoesteacontece\",\"url\":\"https:\/\/sudoesteacontece.com.br\/\",\"logo\":{\"@type\":\"ImageObject\",\"inLanguage\":\"pt-BR\",\"@id\":\"https:\/\/sudoesteacontece.com.br\/#\/schema\/logo\/image\/\",\"url\":\"https:\/\/sudoesteacontece.com.br\/wp-content\/uploads\/2025\/12\/cropped-logo-2-180x180-1.png\",\"contentUrl\":\"https:\/\/sudoesteacontece.com.br\/wp-content\/uploads\/2025\/12\/cropped-logo-2-180x180-1.png\",\"width\":180,\"height\":180,\"caption\":\"Sudoesteacontece\"},\"image\":{\"@id\":\"https:\/\/sudoesteacontece.com.br\/#\/schema\/logo\/image\/\"},\"sameAs\":[\"https:\/\/www.facebook.com\/sudoesteacontece\/?locale=pt_BR\"]},{\"@type\":\"Person\",\"@id\":\"https:\/\/sudoesteacontece.com.br\/#\/schema\/person\/a4f22429c1d0923ef8f7d43343f8dc38\",\"name\":\"Reda\u00e7\u00e3o\",\"image\":{\"@type\":\"ImageObject\",\"inLanguage\":\"pt-BR\",\"@id\":\"https:\/\/sudoesteacontece.com.br\/#\/schema\/person\/image\/\",\"url\":\"https:\/\/secure.gravatar.com\/avatar\/c3a5b3c93f268a709c25a2df414c629a96fb3b1b4bf97a94fb3f72e54ae76903?s=96&d=mm&r=g\",\"contentUrl\":\"https:\/\/secure.gravatar.com\/avatar\/c3a5b3c93f268a709c25a2df414c629a96fb3b1b4bf97a94fb3f72e54ae76903?s=96&d=mm&r=g\",\"caption\":\"Reda\u00e7\u00e3o\"},\"url\":\"https:\/\/sudoesteacontece.com.br\/?author=4\"}]}<\/script>\n<!-- \/ Yoast SEO plugin. -->","yoast_head_json":{"title":"Adolescente de 16 anos fica gravemente ferido ap\u00f3s moto ser atingida por carro em Carinhanha - Sudoesteacontece","robots":{"index":"index","follow":"follow","max-snippet":"max-snippet:-1","max-image-preview":"max-image-preview:large","max-video-preview":"max-video-preview:-1"},"canonical":"https:\/\/sudoesteacontece.com.br\/?p=28939","og_locale":"pt_BR","og_type":"article","og_title":"Adolescente de 16 anos fica gravemente ferido ap\u00f3s moto ser atingida por carro em Carinhanha - Sudoesteacontece","og_description":"Um adolescente de 16 anos ficou gravemente ferido ap\u00f3s a motocicleta que conduzia ser atingida por um Volkswagen Gol na noite deste domingo (30), em Carinhanha, no sudoeste da Bahia. A colis\u00e3o ocorreu por volta das 18h32, na Avenida Santos Dumont, no bairro S\u00e3o Francisco. Segundo informa\u00e7\u00f5es preliminares, o carro teria feito uma convers\u00e3o \u00e0 esquerda e invadido a contram\u00e3o antes de atingir a moto. Imagens de uma c\u00e2mera de seguran\u00e7a registraram os dois ve\u00edculos trafegando em sentidos opostos pela avenida. O adolescente, identificado como Denilson Rodrigues Vieira J\u00fanior, conhecido como \u201cJuninho\u201d, seguia em linha reta quando foi atingido pelo Gol. O motorista do autom\u00f3vel foi identificado como Cleunice da \u00c1gua Ruim, conforme as informa\u00e7\u00f5es divulgadas sobre o acidente. Com a for\u00e7a da batida, Juninho foi arremessado e sofreu ferimentos graves. Ap\u00f3s a colis\u00e3o, segundo relatos, o condutor do carro deixou o local sem prestar socorro ao adolescente. As circunst\u00e2ncias relacionadas \u00e0 sa\u00edda do motorista do endere\u00e7o dever\u00e3o ser consideradas na apura\u00e7\u00e3o do caso pelas autoridades respons\u00e1veis. Equipes do Servi\u00e7o de Atendimento M\u00f3vel de Urg\u00eancia (Samu) foram acionadas e prestaram os primeiros atendimentos \u00e0 v\u00edtima. O adolescente foi levado inicialmente para o Hospital Municipal Maria Pereira Costa, conhecido como Dona Quinha, em Carinhanha. Devido \u00e0 gravidade dos ferimentos, ele precisou ser transferido para outra unidade de sa\u00fade. Posteriormente, Juninho foi encaminhado ao Hospital Geral de Guanambi (HGG), onde passou por um procedimento cir\u00fargico. N\u00e3o foram divulgadas informa\u00e7\u00f5es adicionais sobre o estado de sa\u00fade do adolescente ap\u00f3s a cirurgia. O atendimento m\u00e9dico foi realizado depois que a equipe do Samu prestou os primeiros cuidados no local do acidente. Por fim, as autoridades dever\u00e3o apurar a din\u00e2mica da colis\u00e3o, incluindo a convers\u00e3o realizada pelo motorista do Gol e as circunst\u00e2ncias posteriores ao acidente. Imagens de seguran\u00e7a e os relatos sobre o ocorrido poder\u00e3o auxiliar na reconstru\u00e7\u00e3o dos fatos e na identifica\u00e7\u00e3o das responsabilidades.","og_url":"https:\/\/sudoesteacontece.com.br\/?p=28939","og_site_name":"Sudoesteacontece","article_publisher":"https:\/\/www.facebook.com\/sudoesteacontece\/?locale=pt_BR","article_published_time":"2026-09-01T15:36:20+00:00","article_modified_time":"2026-09-01T15:36:26+00:00","og_image":[{"width":900,"height":600,"url":"https:\/\/sudoesteacontece.com.br\/wp-content\/uploads\/2026\/09\/Adolescente-de-16-anos-fica-gravemente-ferido-apos-moto-ser-atingida-por-carro-em-Carinhanha.jpg","type":"image\/jpeg"}],"author":"Reda\u00e7\u00e3o","twitter_card":"summary_large_image","twitter_misc":{"Escrito por":"Reda\u00e7\u00e3o","Est. tempo de leitura":"2 minutos"},"schema":{"@context":"https:\/\/schema.org","@graph":[{"@type":"Article","@id":"https:\/\/sudoesteacontece.com.br\/?p=28939#article","isPartOf":{"@id":"https:\/\/sudoesteacontece.com.br\/?p=28939"},"author":{"name":"Reda\u00e7\u00e3o","@id":"https:\/\/sudoesteacontece.com.br\/#\/schema\/person\/a4f22429c1d0923ef8f7d43343f8dc38"},"headline":"Adolescente de 16 anos fica gravemente ferido ap\u00f3s moto ser atingida por carro em Carinhanha","datePublished":"2026-09-01T15:36:20+00:00","dateModified":"2026-09-01T15:36:26+00:00","mainEntityOfPage":{"@id":"https:\/\/sudoesteacontece.com.br\/?p=28939"},"wordCount":361,"commentCount":0,"publisher":{"@id":"https:\/\/sudoesteacontece.com.br\/#organization"},"image":{"@id":"https:\/\/sudoesteacontece.com.br\/?p=28939#primaryimage"},"thumbnailUrl":"http:\/\/sudoesteacontece.com.br\/wp-content\/uploads\/2026\/09\/Adolescente-de-16-anos-fica-gravemente-ferido-apos-moto-ser-atingida-por-carro-em-Carinhanha.jpg","articleSection":["Acidente"],"inLanguage":"pt-BR","potentialAction":[{"@type":"CommentAction","name":"Comment","target":["https:\/\/sudoesteacontece.com.br\/?p=28939#respond"]}]},{"@type":"WebPage","@id":"https:\/\/sudoesteacontece.com.br\/?p=28939","url":"https:\/\/sudoesteacontece.com.br\/?p=28939","name":"Adolescente de 16 anos fica gravemente ferido ap\u00f3s moto ser atingida por carro em Carinhanha - Sudoesteacontece","isPartOf":{"@id":"https:\/\/sudoesteacontece.com.br\/#website"},"primaryImageOfPage":{"@id":"https:\/\/sudoesteacontece.com.br\/?p=28939#primaryimage"},"image":{"@id":"https:\/\/sudoesteacontece.com.br\/?p=28939#primaryimage"},"thumbnailUrl":"http:\/\/sudoesteacontece.com.br\/wp-content\/uploads\/2026\/09\/Adolescente-de-16-anos-fica-gravemente-ferido-apos-moto-ser-atingida-por-carro-em-Carinhanha.jpg","datePublished":"2026-09-01T15:36:20+00:00","dateModified":"2026-09-01T15:36:26+00:00","breadcrumb":{"@id":"https:\/\/sudoesteacontece.com.br\/?p=28939#breadcrumb"},"inLanguage":"pt-BR","potentialAction":[{"@type":"ReadAction","target":["https:\/\/sudoesteacontece.com.br\/?p=28939"]}]},{"@type":"ImageObject","inLanguage":"pt-BR","@id":"https:\/\/sudoesteacontece.com.br\/?p=28939#primaryimage","url":"https:\/\/sudoesteacontece.com.br\/wp-content\/uploads\/2026\/09\/Adolescente-de-16-anos-fica-gravemente-ferido-apos-moto-ser-atingida-por-carro-em-Carinhanha.jpg","contentUrl":"https:\/\/sudoesteacontece.com.br\/wp-content\/uploads\/2026\/09\/Adolescente-de-16-anos-fica-gravemente-ferido-apos-moto-ser-atingida-por-carro-em-Carinhanha.jpg","width":900,"height":600},{"@type":"BreadcrumbList","@id":"https:\/\/sudoesteacontece.com.br\/?p=28939#breadcrumb","itemListElement":[{"@type":"ListItem","position":1,"name":"In\u00edcio","item":"https:\/\/sudoesteacontece.com.br\/"},{"@type":"ListItem","position":2,"name":"Adolescente de 16 anos fica gravemente ferido ap\u00f3s moto ser atingida por carro em Carinhanha"}]},{"@type":"WebSite","@id":"https:\/\/sudoesteacontece.com.br\/#website","url":"https:\/\/sudoesteacontece.com.br\/","name":"Sudoesteacontece","description":"","publisher":{"@id":"https:\/\/sudoesteacontece.com.br\/#organization"},"potentialAction":[{"@type":"SearchAction","target":{"@type":"EntryPoint","urlTemplate":"https:\/\/sudoesteacontece.com.br\/?s={search_term_string}"},"query-input":{"@type":"PropertyValueSpecification","valueRequired":true,"valueName":"search_term_string"}}],"inLanguage":"pt-BR"},{"@type":"Organization","@id":"https:\/\/sudoesteacontece.com.br\/#organization","name":"Sudoesteacontece","url":"https:\/\/sudoesteacontece.com.br\/","logo":{"@type":"ImageObject","inLanguage":"pt-BR","@id":"https:\/\/sudoesteacontece.com.br\/#\/schema\/logo\/image\/","url":"https:\/\/sudoesteacontece.com.br\/wp-content\/uploads\/2025\/12\/cropped-logo-2-180x180-1.png","contentUrl":"https:\/\/sudoesteacontece.com.br\/wp-content\/uploads\/2025\/12\/cropped-logo-2-180x180-1.png","width":180,"height":180,"caption":"Sudoesteacontece"},"image":{"@id":"https:\/\/sudoesteacontece.com.br\/#\/schema\/logo\/image\/"},"sameAs":["https:\/\/www.facebook.com\/sudoesteacontece\/?locale=pt_BR"]},{"@type":"Person","@id":"https:\/\/sudoesteacontece.com.br\/#\/schema\/person\/a4f22429c1d0923ef8f7d43343f8dc38","name":"Reda\u00e7\u00e3o","image":{"@type":"ImageObject","inLanguage":"pt-BR","@id":"https:\/\/sudoesteacontece.com.br\/#\/schema\/person\/image\/","url":"https:\/\/secure.gravatar.com\/avatar\/c3a5b3c93f268a709c25a2df414c629a96fb3b1b4bf97a94fb3f72e54ae76903?s=96&d=mm&r=g","contentUrl":"https:\/\/secure.gravatar.com\/avatar\/c3a5b3c93f268a709c25a2df414c629a96fb3b1b4bf97a94fb3f72e54ae76903?s=96&d=mm&r=g","caption":"Reda\u00e7\u00e3o"},"url":"https:\/\/sudoesteacontece.com.br\/?author=4"}]}},"_links":{"self":[{"href":"https:\/\/sudoesteacontece.com.br\/index.php?rest_route=\/wp\/v2\/posts\/28939","targetHints":{"allow":["GET"]}}],"collection":[{"href":"https:\/\/sudoesteacontece.com.br\/index.php?rest_route=\/wp\/v2\/posts"}],"about":[{"href":"https:\/\/sudoesteacontece.com.br\/index.php?rest_route=\/wp\/v2\/types\/post"}],"author":[{"embeddable":true,"href":"https:\/\/sudoesteacontece.com.br\/index.php?rest_route=\/wp\/v2\/users\/4"}],"replies":[{"embeddable":true,"href":"https:\/\/sudoesteacontece.com.br\/index.php?rest_route=%2Fwp%2Fv2%2Fcomments&post=28939"}],"version-history":[{"count":1,"href":"https:\/\/sudoesteacontece.com.br\/index.php?rest_route=\/wp\/v2\/posts\/28939\/revisions"}],"predecessor-version":[{"id":29024,"href":"https:\/\/sudoesteacontece.com.br\/index.php?rest_route=\/wp\/v2\/posts\/28939\/revisions\/29024"}],"wp:attachment":[{"href":"https:\/\/sudoesteacontece.com.br\/index.php?rest_route=%2Fwp%2Fv2%2Fmedia&parent=28939"}],"wp:term":[{"taxonomy":"category","embeddable":true,"href":"https:\/\/sudoesteacontece.com.br\/index.php?rest_route=%2Fwp%2Fv2%2Fcategories&post=28939"},{"taxonomy":"post_tag","embeddable":true,"href":"https:\/\/sudoesteacontece.com.br\/index.php?rest_route=%2Fwp%2Fv2%2Ftags&post=28939"}],"curies":[{"name":"wp","href":"https:\/\/api.w.org\/{rel}","templated":true}]}}