{"id":28942,"date":"2026-09-01T12:36:41","date_gmt":"2026-09-01T15:36:41","guid":{"rendered":"https:\/\/sudoesteacontece.com.br\/?p=28942"},"modified":"2026-09-01T12:36:46","modified_gmt":"2026-09-01T15:36:46","slug":"pai-e-preso-suspeito-de-espancar-e-matar-filha-de-2-meses","status":"publish","type":"post","link":"https:\/\/sudoesteacontece.com.br\/?p=28942","title":{"rendered":"Pai \u00e9 preso suspeito de espancar e matar filha de 2 meses"},"content":{"rendered":"\n<figure class=\"wp-block-image size-full\"><img fetchpriority=\"high\" decoding=\"async\" width=\"900\" height=\"600\" src=\"http:\/\/sudoesteacontece.com.br\/wp-content\/uploads\/2026\/09\/Pai-e-preso-suspeito-de-espancar-e-matar-filha-de-2-meses.jpg\" alt=\"\" class=\"wp-image-28987\" srcset=\"https:\/\/sudoesteacontece.com.br\/wp-content\/uploads\/2026\/09\/Pai-e-preso-suspeito-de-espancar-e-matar-filha-de-2-meses.jpg 900w, https:\/\/sudoesteacontece.com.br\/wp-content\/uploads\/2026\/09\/Pai-e-preso-suspeito-de-espancar-e-matar-filha-de-2-meses-300x200.jpg 300w, https:\/\/sudoesteacontece.com.br\/wp-content\/uploads\/2026\/09\/Pai-e-preso-suspeito-de-espancar-e-matar-filha-de-2-meses-768x512.jpg 768w\" sizes=\"(max-width: 900px) 100vw, 900px\" \/><\/figure>\n\n\n\n<p class=\"wp-block-paragraph\">Um homem de 19 anos foi preso na segunda-feira (31), em Senador Rui Palmeira, no interior de Alagoas, suspeito de espancar e matar a pr\u00f3pria filha, uma beb\u00ea de apenas 2 meses. Segundo a Pol\u00edcia Militar, a crian\u00e7a apresentava hematomas pelo corpo e sinais de uma poss\u00edvel fratura em uma das pernas. O pai foi localizado e detido ap\u00f3s as autoridades iniciarem dilig\u00eancias sobre o caso.<\/p>\n\n\n\n<p class=\"wp-block-paragraph\">Inicialmente, os respons\u00e1veis levaram a beb\u00ea para uma unidade de sa\u00fade e informaram que ela teria sofrido uma queda da cama. Diante das circunst\u00e2ncias apresentadas no atendimento, a ocorr\u00eancia foi registrada inicialmente como morte a esclarecer. A situa\u00e7\u00e3o mudou ap\u00f3s a realiza\u00e7\u00e3o de procedimentos periciais e a an\u00e1lise dos primeiros elementos reunidos pelas autoridades.<\/p>\n\n\n\n<p class=\"wp-block-paragraph\">Conforme a Pol\u00edcia Militar, o exame preliminar apontou elementos que levantaram suspeitas sobre a vers\u00e3o apresentada inicialmente. A partir das informa\u00e7\u00f5es obtidas, as equipes iniciaram dilig\u00eancias para esclarecer o que havia acontecido com a crian\u00e7a. Durante as investiga\u00e7\u00f5es iniciais, o pai, identificado como Daniel Nunes da Silva, foi localizado e preso.<\/p>\n\n\n\n<p class=\"wp-block-paragraph\">Depois da pris\u00e3o, o corpo de Anne Emanuely foi encaminhado ao Instituto M\u00e9dico Legal (IML) de Arapiraca, no Agreste de Alagoas. O cad\u00e1ver ser\u00e1 submetido a exames periciais para determinar as causas da morte. Os resultados dever\u00e3o contribuir para esclarecer as circunst\u00e2ncias que provocaram os ferimentos e o \u00f3bito da beb\u00ea.<\/p>\n\n\n\n<p class=\"wp-block-paragraph\">Enquanto a per\u00edcia n\u00e3o \u00e9 conclu\u00edda, o caso permanece sob investiga\u00e7\u00e3o das autoridades respons\u00e1veis. A pris\u00e3o ocorreu ap\u00f3s as dilig\u00eancias realizadas a partir dos elementos apontados no laudo preliminar. A apura\u00e7\u00e3o dever\u00e1 analisar as circunst\u00e2ncias da morte e a eventual responsabilidade do pai pelos ferimentos sofridos pela crian\u00e7a.<\/p>\n","protected":false},"excerpt":{"rendered":"<p>Um homem de 19 anos foi preso na segunda-feira (31), em Senador Rui Palmeira, no interior de Alagoas, suspeito de espancar e matar a pr\u00f3pria filha, uma beb\u00ea de apenas 2 meses. Segundo a Pol\u00edcia Militar, a crian\u00e7a apresentava hematomas pelo corpo e sinais de uma poss\u00edvel fratura em uma das pernas. O pai foi localizado e detido ap\u00f3s as autoridades iniciarem dilig\u00eancias sobre o caso. Inicialmente, os respons\u00e1veis levaram a beb\u00ea para uma unidade de sa\u00fade e informaram que ela teria sofrido uma queda da cama. Diante das circunst\u00e2ncias apresentadas no atendimento, a ocorr\u00eancia foi registrada inicialmente como morte a esclarecer. A situa\u00e7\u00e3o mudou ap\u00f3s a realiza\u00e7\u00e3o de procedimentos periciais e a an\u00e1lise dos primeiros elementos reunidos pelas autoridades. Conforme a Pol\u00edcia Militar, o exame preliminar apontou elementos que levantaram suspeitas sobre a vers\u00e3o apresentada inicialmente. A partir das informa\u00e7\u00f5es obtidas, as equipes iniciaram dilig\u00eancias para esclarecer o que havia acontecido com a crian\u00e7a. Durante as investiga\u00e7\u00f5es iniciais, o pai, identificado como Daniel Nunes da Silva, foi localizado e preso. Depois da pris\u00e3o, o corpo de Anne Emanuely foi encaminhado ao Instituto M\u00e9dico Legal (IML) de Arapiraca, no Agreste de Alagoas. O cad\u00e1ver ser\u00e1 submetido a exames periciais para determinar as causas da morte. Os resultados dever\u00e3o contribuir para esclarecer as circunst\u00e2ncias que provocaram os ferimentos e o \u00f3bito da beb\u00ea. Enquanto a per\u00edcia n\u00e3o \u00e9 conclu\u00edda, o caso permanece sob investiga\u00e7\u00e3o das autoridades respons\u00e1veis. A pris\u00e3o ocorreu ap\u00f3s as dilig\u00eancias realizadas a partir dos elementos apontados no laudo preliminar. A apura\u00e7\u00e3o dever\u00e1 analisar as circunst\u00e2ncias da morte e a eventual responsabilidade do pai pelos ferimentos sofridos pela crian\u00e7a.<\/p>\n","protected":false},"author":4,"featured_media":0,"comment_status":"open","ping_status":"open","sticky":false,"template":"","format":"standard","meta":{"footnotes":""},"categories":[3],"tags":[],"class_list":["post-28942","post","type-post","status-publish","format-standard","hentry","category-policia"],"yoast_head":"<!-- This site is optimized with the Yoast SEO plugin v26.5 - https:\/\/yoast.com\/wordpress\/plugins\/seo\/ -->\n<title>Pai \u00e9 preso suspeito de espancar e matar filha de 2 meses - Sudoesteacontece<\/title>\n<meta name=\"robots\" content=\"index, follow, max-snippet:-1, max-image-preview:large, max-video-preview:-1\" \/>\n<link rel=\"canonical\" href=\"https:\/\/sudoesteacontece.com.br\/?p=28942\" \/>\n<meta property=\"og:locale\" content=\"pt_BR\" \/>\n<meta property=\"og:type\" content=\"article\" \/>\n<meta property=\"og:title\" content=\"Pai \u00e9 preso suspeito de espancar e matar filha de 2 meses - Sudoesteacontece\" \/>\n<meta property=\"og:description\" content=\"Um homem de 19 anos foi preso na segunda-feira (31), em Senador Rui Palmeira, no interior de Alagoas, suspeito de espancar e matar a pr\u00f3pria filha, uma beb\u00ea de apenas 2 meses. Segundo a Pol\u00edcia Militar, a crian\u00e7a apresentava hematomas pelo corpo e sinais de uma poss\u00edvel fratura em uma das pernas. O pai foi localizado e detido ap\u00f3s as autoridades iniciarem dilig\u00eancias sobre o caso. Inicialmente, os respons\u00e1veis levaram a beb\u00ea para uma unidade de sa\u00fade e informaram que ela teria sofrido uma queda da cama. Diante das circunst\u00e2ncias apresentadas no atendimento, a ocorr\u00eancia foi registrada inicialmente como morte a esclarecer. A situa\u00e7\u00e3o mudou ap\u00f3s a realiza\u00e7\u00e3o de procedimentos periciais e a an\u00e1lise dos primeiros elementos reunidos pelas autoridades. Conforme a Pol\u00edcia Militar, o exame preliminar apontou elementos que levantaram suspeitas sobre a vers\u00e3o apresentada inicialmente. A partir das informa\u00e7\u00f5es obtidas, as equipes iniciaram dilig\u00eancias para esclarecer o que havia acontecido com a crian\u00e7a. Durante as investiga\u00e7\u00f5es iniciais, o pai, identificado como Daniel Nunes da Silva, foi localizado e preso. Depois da pris\u00e3o, o corpo de Anne Emanuely foi encaminhado ao Instituto M\u00e9dico Legal (IML) de Arapiraca, no Agreste de Alagoas. O cad\u00e1ver ser\u00e1 submetido a exames periciais para determinar as causas da morte. Os resultados dever\u00e3o contribuir para esclarecer as circunst\u00e2ncias que provocaram os ferimentos e o \u00f3bito da beb\u00ea. Enquanto a per\u00edcia n\u00e3o \u00e9 conclu\u00edda, o caso permanece sob investiga\u00e7\u00e3o das autoridades respons\u00e1veis. A pris\u00e3o ocorreu ap\u00f3s as dilig\u00eancias realizadas a partir dos elementos apontados no laudo preliminar. A apura\u00e7\u00e3o dever\u00e1 analisar as circunst\u00e2ncias da morte e a eventual responsabilidade do pai pelos ferimentos sofridos pela crian\u00e7a.\" \/>\n<meta property=\"og:url\" content=\"https:\/\/sudoesteacontece.com.br\/?p=28942\" \/>\n<meta property=\"og:site_name\" content=\"Sudoesteacontece\" \/>\n<meta property=\"article:publisher\" content=\"https:\/\/www.facebook.com\/sudoesteacontece\/?locale=pt_BR\" \/>\n<meta property=\"article:published_time\" content=\"2026-09-01T15:36:41+00:00\" \/>\n<meta property=\"article:modified_time\" content=\"2026-09-01T15:36:46+00:00\" \/>\n<meta property=\"og:image\" content=\"https:\/\/sudoesteacontece.com.br\/wp-content\/uploads\/2026\/09\/Pai-e-preso-suspeito-de-espancar-e-matar-filha-de-2-meses.jpg\" \/>\n\t<meta property=\"og:image:width\" content=\"900\" \/>\n\t<meta property=\"og:image:height\" content=\"600\" \/>\n\t<meta property=\"og:image:type\" content=\"image\/jpeg\" \/>\n<meta name=\"author\" content=\"Reda\u00e7\u00e3o\" \/>\n<meta name=\"twitter:card\" content=\"summary_large_image\" \/>\n<meta name=\"twitter:label1\" content=\"Escrito por\" \/>\n\t<meta name=\"twitter:data1\" content=\"Reda\u00e7\u00e3o\" \/>\n\t<meta name=\"twitter:label2\" content=\"Est. tempo de leitura\" \/>\n\t<meta name=\"twitter:data2\" content=\"2 minutos\" \/>\n<script type=\"application\/ld+json\" class=\"yoast-schema-graph\">{\"@context\":\"https:\/\/schema.org\",\"@graph\":[{\"@type\":\"Article\",\"@id\":\"https:\/\/sudoesteacontece.com.br\/?p=28942#article\",\"isPartOf\":{\"@id\":\"https:\/\/sudoesteacontece.com.br\/?p=28942\"},\"author\":{\"name\":\"Reda\u00e7\u00e3o\",\"@id\":\"https:\/\/sudoesteacontece.com.br\/#\/schema\/person\/a4f22429c1d0923ef8f7d43343f8dc38\"},\"headline\":\"Pai \u00e9 preso suspeito de espancar e matar filha de 2 meses\",\"datePublished\":\"2026-09-01T15:36:41+00:00\",\"dateModified\":\"2026-09-01T15:36:46+00:00\",\"mainEntityOfPage\":{\"@id\":\"https:\/\/sudoesteacontece.com.br\/?p=28942\"},\"wordCount\":312,\"commentCount\":0,\"publisher\":{\"@id\":\"https:\/\/sudoesteacontece.com.br\/#organization\"},\"image\":{\"@id\":\"https:\/\/sudoesteacontece.com.br\/?p=28942#primaryimage\"},\"thumbnailUrl\":\"http:\/\/sudoesteacontece.com.br\/wp-content\/uploads\/2026\/09\/Pai-e-preso-suspeito-de-espancar-e-matar-filha-de-2-meses.jpg\",\"articleSection\":[\"Pol\u00edcia\"],\"inLanguage\":\"pt-BR\",\"potentialAction\":[{\"@type\":\"CommentAction\",\"name\":\"Comment\",\"target\":[\"https:\/\/sudoesteacontece.com.br\/?p=28942#respond\"]}]},{\"@type\":\"WebPage\",\"@id\":\"https:\/\/sudoesteacontece.com.br\/?p=28942\",\"url\":\"https:\/\/sudoesteacontece.com.br\/?p=28942\",\"name\":\"Pai \u00e9 preso suspeito de espancar e matar filha de 2 meses - Sudoesteacontece\",\"isPartOf\":{\"@id\":\"https:\/\/sudoesteacontece.com.br\/#website\"},\"primaryImageOfPage\":{\"@id\":\"https:\/\/sudoesteacontece.com.br\/?p=28942#primaryimage\"},\"image\":{\"@id\":\"https:\/\/sudoesteacontece.com.br\/?p=28942#primaryimage\"},\"thumbnailUrl\":\"http:\/\/sudoesteacontece.com.br\/wp-content\/uploads\/2026\/09\/Pai-e-preso-suspeito-de-espancar-e-matar-filha-de-2-meses.jpg\",\"datePublished\":\"2026-09-01T15:36:41+00:00\",\"dateModified\":\"2026-09-01T15:36:46+00:00\",\"breadcrumb\":{\"@id\":\"https:\/\/sudoesteacontece.com.br\/?p=28942#breadcrumb\"},\"inLanguage\":\"pt-BR\",\"potentialAction\":[{\"@type\":\"ReadAction\",\"target\":[\"https:\/\/sudoesteacontece.com.br\/?p=28942\"]}]},{\"@type\":\"ImageObject\",\"inLanguage\":\"pt-BR\",\"@id\":\"https:\/\/sudoesteacontece.com.br\/?p=28942#primaryimage\",\"url\":\"https:\/\/sudoesteacontece.com.br\/wp-content\/uploads\/2026\/09\/Pai-e-preso-suspeito-de-espancar-e-matar-filha-de-2-meses.jpg\",\"contentUrl\":\"https:\/\/sudoesteacontece.com.br\/wp-content\/uploads\/2026\/09\/Pai-e-preso-suspeito-de-espancar-e-matar-filha-de-2-meses.jpg\",\"width\":900,\"height\":600},{\"@type\":\"BreadcrumbList\",\"@id\":\"https:\/\/sudoesteacontece.com.br\/?p=28942#breadcrumb\",\"itemListElement\":[{\"@type\":\"ListItem\",\"position\":1,\"name\":\"In\u00edcio\",\"item\":\"https:\/\/sudoesteacontece.com.br\/\"},{\"@type\":\"ListItem\",\"position\":2,\"name\":\"Pai \u00e9 preso suspeito de espancar e matar filha de 2 meses\"}]},{\"@type\":\"WebSite\",\"@id\":\"https:\/\/sudoesteacontece.com.br\/#website\",\"url\":\"https:\/\/sudoesteacontece.com.br\/\",\"name\":\"Sudoesteacontece\",\"description\":\"\",\"publisher\":{\"@id\":\"https:\/\/sudoesteacontece.com.br\/#organization\"},\"potentialAction\":[{\"@type\":\"SearchAction\",\"target\":{\"@type\":\"EntryPoint\",\"urlTemplate\":\"https:\/\/sudoesteacontece.com.br\/?s={search_term_string}\"},\"query-input\":{\"@type\":\"PropertyValueSpecification\",\"valueRequired\":true,\"valueName\":\"search_term_string\"}}],\"inLanguage\":\"pt-BR\"},{\"@type\":\"Organization\",\"@id\":\"https:\/\/sudoesteacontece.com.br\/#organization\",\"name\":\"Sudoesteacontece\",\"url\":\"https:\/\/sudoesteacontece.com.br\/\",\"logo\":{\"@type\":\"ImageObject\",\"inLanguage\":\"pt-BR\",\"@id\":\"https:\/\/sudoesteacontece.com.br\/#\/schema\/logo\/image\/\",\"url\":\"https:\/\/sudoesteacontece.com.br\/wp-content\/uploads\/2025\/12\/cropped-logo-2-180x180-1.png\",\"contentUrl\":\"https:\/\/sudoesteacontece.com.br\/wp-content\/uploads\/2025\/12\/cropped-logo-2-180x180-1.png\",\"width\":180,\"height\":180,\"caption\":\"Sudoesteacontece\"},\"image\":{\"@id\":\"https:\/\/sudoesteacontece.com.br\/#\/schema\/logo\/image\/\"},\"sameAs\":[\"https:\/\/www.facebook.com\/sudoesteacontece\/?locale=pt_BR\"]},{\"@type\":\"Person\",\"@id\":\"https:\/\/sudoesteacontece.com.br\/#\/schema\/person\/a4f22429c1d0923ef8f7d43343f8dc38\",\"name\":\"Reda\u00e7\u00e3o\",\"image\":{\"@type\":\"ImageObject\",\"inLanguage\":\"pt-BR\",\"@id\":\"https:\/\/sudoesteacontece.com.br\/#\/schema\/person\/image\/\",\"url\":\"https:\/\/secure.gravatar.com\/avatar\/c3a5b3c93f268a709c25a2df414c629a96fb3b1b4bf97a94fb3f72e54ae76903?s=96&d=mm&r=g\",\"contentUrl\":\"https:\/\/secure.gravatar.com\/avatar\/c3a5b3c93f268a709c25a2df414c629a96fb3b1b4bf97a94fb3f72e54ae76903?s=96&d=mm&r=g\",\"caption\":\"Reda\u00e7\u00e3o\"},\"url\":\"https:\/\/sudoesteacontece.com.br\/?author=4\"}]}<\/script>\n<!-- \/ Yoast SEO plugin. -->","yoast_head_json":{"title":"Pai \u00e9 preso suspeito de espancar e matar filha de 2 meses - Sudoesteacontece","robots":{"index":"index","follow":"follow","max-snippet":"max-snippet:-1","max-image-preview":"max-image-preview:large","max-video-preview":"max-video-preview:-1"},"canonical":"https:\/\/sudoesteacontece.com.br\/?p=28942","og_locale":"pt_BR","og_type":"article","og_title":"Pai \u00e9 preso suspeito de espancar e matar filha de 2 meses - Sudoesteacontece","og_description":"Um homem de 19 anos foi preso na segunda-feira (31), em Senador Rui Palmeira, no interior de Alagoas, suspeito de espancar e matar a pr\u00f3pria filha, uma beb\u00ea de apenas 2 meses. Segundo a Pol\u00edcia Militar, a crian\u00e7a apresentava hematomas pelo corpo e sinais de uma poss\u00edvel fratura em uma das pernas. O pai foi localizado e detido ap\u00f3s as autoridades iniciarem dilig\u00eancias sobre o caso. Inicialmente, os respons\u00e1veis levaram a beb\u00ea para uma unidade de sa\u00fade e informaram que ela teria sofrido uma queda da cama. Diante das circunst\u00e2ncias apresentadas no atendimento, a ocorr\u00eancia foi registrada inicialmente como morte a esclarecer. A situa\u00e7\u00e3o mudou ap\u00f3s a realiza\u00e7\u00e3o de procedimentos periciais e a an\u00e1lise dos primeiros elementos reunidos pelas autoridades. Conforme a Pol\u00edcia Militar, o exame preliminar apontou elementos que levantaram suspeitas sobre a vers\u00e3o apresentada inicialmente. A partir das informa\u00e7\u00f5es obtidas, as equipes iniciaram dilig\u00eancias para esclarecer o que havia acontecido com a crian\u00e7a. Durante as investiga\u00e7\u00f5es iniciais, o pai, identificado como Daniel Nunes da Silva, foi localizado e preso. Depois da pris\u00e3o, o corpo de Anne Emanuely foi encaminhado ao Instituto M\u00e9dico Legal (IML) de Arapiraca, no Agreste de Alagoas. O cad\u00e1ver ser\u00e1 submetido a exames periciais para determinar as causas da morte. Os resultados dever\u00e3o contribuir para esclarecer as circunst\u00e2ncias que provocaram os ferimentos e o \u00f3bito da beb\u00ea. Enquanto a per\u00edcia n\u00e3o \u00e9 conclu\u00edda, o caso permanece sob investiga\u00e7\u00e3o das autoridades respons\u00e1veis. A pris\u00e3o ocorreu ap\u00f3s as dilig\u00eancias realizadas a partir dos elementos apontados no laudo preliminar. A apura\u00e7\u00e3o dever\u00e1 analisar as circunst\u00e2ncias da morte e a eventual responsabilidade do pai pelos ferimentos sofridos pela crian\u00e7a.","og_url":"https:\/\/sudoesteacontece.com.br\/?p=28942","og_site_name":"Sudoesteacontece","article_publisher":"https:\/\/www.facebook.com\/sudoesteacontece\/?locale=pt_BR","article_published_time":"2026-09-01T15:36:41+00:00","article_modified_time":"2026-09-01T15:36:46+00:00","og_image":[{"width":900,"height":600,"url":"https:\/\/sudoesteacontece.com.br\/wp-content\/uploads\/2026\/09\/Pai-e-preso-suspeito-de-espancar-e-matar-filha-de-2-meses.jpg","type":"image\/jpeg"}],"author":"Reda\u00e7\u00e3o","twitter_card":"summary_large_image","twitter_misc":{"Escrito por":"Reda\u00e7\u00e3o","Est. tempo de leitura":"2 minutos"},"schema":{"@context":"https:\/\/schema.org","@graph":[{"@type":"Article","@id":"https:\/\/sudoesteacontece.com.br\/?p=28942#article","isPartOf":{"@id":"https:\/\/sudoesteacontece.com.br\/?p=28942"},"author":{"name":"Reda\u00e7\u00e3o","@id":"https:\/\/sudoesteacontece.com.br\/#\/schema\/person\/a4f22429c1d0923ef8f7d43343f8dc38"},"headline":"Pai \u00e9 preso suspeito de espancar e matar filha de 2 meses","datePublished":"2026-09-01T15:36:41+00:00","dateModified":"2026-09-01T15:36:46+00:00","mainEntityOfPage":{"@id":"https:\/\/sudoesteacontece.com.br\/?p=28942"},"wordCount":312,"commentCount":0,"publisher":{"@id":"https:\/\/sudoesteacontece.com.br\/#organization"},"image":{"@id":"https:\/\/sudoesteacontece.com.br\/?p=28942#primaryimage"},"thumbnailUrl":"http:\/\/sudoesteacontece.com.br\/wp-content\/uploads\/2026\/09\/Pai-e-preso-suspeito-de-espancar-e-matar-filha-de-2-meses.jpg","articleSection":["Pol\u00edcia"],"inLanguage":"pt-BR","potentialAction":[{"@type":"CommentAction","name":"Comment","target":["https:\/\/sudoesteacontece.com.br\/?p=28942#respond"]}]},{"@type":"WebPage","@id":"https:\/\/sudoesteacontece.com.br\/?p=28942","url":"https:\/\/sudoesteacontece.com.br\/?p=28942","name":"Pai \u00e9 preso suspeito de espancar e matar filha de 2 meses - Sudoesteacontece","isPartOf":{"@id":"https:\/\/sudoesteacontece.com.br\/#website"},"primaryImageOfPage":{"@id":"https:\/\/sudoesteacontece.com.br\/?p=28942#primaryimage"},"image":{"@id":"https:\/\/sudoesteacontece.com.br\/?p=28942#primaryimage"},"thumbnailUrl":"http:\/\/sudoesteacontece.com.br\/wp-content\/uploads\/2026\/09\/Pai-e-preso-suspeito-de-espancar-e-matar-filha-de-2-meses.jpg","datePublished":"2026-09-01T15:36:41+00:00","dateModified":"2026-09-01T15:36:46+00:00","breadcrumb":{"@id":"https:\/\/sudoesteacontece.com.br\/?p=28942#breadcrumb"},"inLanguage":"pt-BR","potentialAction":[{"@type":"ReadAction","target":["https:\/\/sudoesteacontece.com.br\/?p=28942"]}]},{"@type":"ImageObject","inLanguage":"pt-BR","@id":"https:\/\/sudoesteacontece.com.br\/?p=28942#primaryimage","url":"https:\/\/sudoesteacontece.com.br\/wp-content\/uploads\/2026\/09\/Pai-e-preso-suspeito-de-espancar-e-matar-filha-de-2-meses.jpg","contentUrl":"https:\/\/sudoesteacontece.com.br\/wp-content\/uploads\/2026\/09\/Pai-e-preso-suspeito-de-espancar-e-matar-filha-de-2-meses.jpg","width":900,"height":600},{"@type":"BreadcrumbList","@id":"https:\/\/sudoesteacontece.com.br\/?p=28942#breadcrumb","itemListElement":[{"@type":"ListItem","position":1,"name":"In\u00edcio","item":"https:\/\/sudoesteacontece.com.br\/"},{"@type":"ListItem","position":2,"name":"Pai \u00e9 preso suspeito de espancar e matar filha de 2 meses"}]},{"@type":"WebSite","@id":"https:\/\/sudoesteacontece.com.br\/#website","url":"https:\/\/sudoesteacontece.com.br\/","name":"Sudoesteacontece","description":"","publisher":{"@id":"https:\/\/sudoesteacontece.com.br\/#organization"},"potentialAction":[{"@type":"SearchAction","target":{"@type":"EntryPoint","urlTemplate":"https:\/\/sudoesteacontece.com.br\/?s={search_term_string}"},"query-input":{"@type":"PropertyValueSpecification","valueRequired":true,"valueName":"search_term_string"}}],"inLanguage":"pt-BR"},{"@type":"Organization","@id":"https:\/\/sudoesteacontece.com.br\/#organization","name":"Sudoesteacontece","url":"https:\/\/sudoesteacontece.com.br\/","logo":{"@type":"ImageObject","inLanguage":"pt-BR","@id":"https:\/\/sudoesteacontece.com.br\/#\/schema\/logo\/image\/","url":"https:\/\/sudoesteacontece.com.br\/wp-content\/uploads\/2025\/12\/cropped-logo-2-180x180-1.png","contentUrl":"https:\/\/sudoesteacontece.com.br\/wp-content\/uploads\/2025\/12\/cropped-logo-2-180x180-1.png","width":180,"height":180,"caption":"Sudoesteacontece"},"image":{"@id":"https:\/\/sudoesteacontece.com.br\/#\/schema\/logo\/image\/"},"sameAs":["https:\/\/www.facebook.com\/sudoesteacontece\/?locale=pt_BR"]},{"@type":"Person","@id":"https:\/\/sudoesteacontece.com.br\/#\/schema\/person\/a4f22429c1d0923ef8f7d43343f8dc38","name":"Reda\u00e7\u00e3o","image":{"@type":"ImageObject","inLanguage":"pt-BR","@id":"https:\/\/sudoesteacontece.com.br\/#\/schema\/person\/image\/","url":"https:\/\/secure.gravatar.com\/avatar\/c3a5b3c93f268a709c25a2df414c629a96fb3b1b4bf97a94fb3f72e54ae76903?s=96&d=mm&r=g","contentUrl":"https:\/\/secure.gravatar.com\/avatar\/c3a5b3c93f268a709c25a2df414c629a96fb3b1b4bf97a94fb3f72e54ae76903?s=96&d=mm&r=g","caption":"Reda\u00e7\u00e3o"},"url":"https:\/\/sudoesteacontece.com.br\/?author=4"}]}},"_links":{"self":[{"href":"https:\/\/sudoesteacontece.com.br\/index.php?rest_route=\/wp\/v2\/posts\/28942","targetHints":{"allow":["GET"]}}],"collection":[{"href":"https:\/\/sudoesteacontece.com.br\/index.php?rest_route=\/wp\/v2\/posts"}],"about":[{"href":"https:\/\/sudoesteacontece.com.br\/index.php?rest_route=\/wp\/v2\/types\/post"}],"author":[{"embeddable":true,"href":"https:\/\/sudoesteacontece.com.br\/index.php?rest_route=\/wp\/v2\/users\/4"}],"replies":[{"embeddable":true,"href":"https:\/\/sudoesteacontece.com.br\/index.php?rest_route=%2Fwp%2Fv2%2Fcomments&post=28942"}],"version-history":[{"count":1,"href":"https:\/\/sudoesteacontece.com.br\/index.php?rest_route=\/wp\/v2\/posts\/28942\/revisions"}],"predecessor-version":[{"id":29025,"href":"https:\/\/sudoesteacontece.com.br\/index.php?rest_route=\/wp\/v2\/posts\/28942\/revisions\/29025"}],"wp:attachment":[{"href":"https:\/\/sudoesteacontece.com.br\/index.php?rest_route=%2Fwp%2Fv2%2Fmedia&parent=28942"}],"wp:term":[{"taxonomy":"category","embeddable":true,"href":"https:\/\/sudoesteacontece.com.br\/index.php?rest_route=%2Fwp%2Fv2%2Fcategories&post=28942"},{"taxonomy":"post_tag","embeddable":true,"href":"https:\/\/sudoesteacontece.com.br\/index.php?rest_route=%2Fwp%2Fv2%2Ftags&post=28942"}],"curies":[{"name":"wp","href":"https:\/\/api.w.org\/{rel}","templated":true}]}}