{"id":28945,"date":"2026-09-01T12:37:38","date_gmt":"2026-09-01T15:37:38","guid":{"rendered":"https:\/\/sudoesteacontece.com.br\/?p=28945"},"modified":"2026-09-01T12:37:44","modified_gmt":"2026-09-01T15:37:44","slug":"projeto-leva-cisternas-e-barreiros-para-lagoa-real-rio-do-antonio-e-malhada-de-pedras","status":"publish","type":"post","link":"https:\/\/sudoesteacontece.com.br\/?p=28945","title":{"rendered":"Projeto leva cisternas e barreiros para Lagoa Real, Rio do Ant\u00f4nio e Malhada de Pedras"},"content":{"rendered":"\n<figure class=\"wp-block-image size-full\"><img fetchpriority=\"high\" decoding=\"async\" width=\"900\" height=\"600\" src=\"http:\/\/sudoesteacontece.com.br\/wp-content\/uploads\/2026\/09\/Projeto-leva-cisternas-e-barreiros-para-Lagoa-Real-Rio-do-Antonio-e-Malhada-de-Pedras.jpg\" alt=\"\" class=\"wp-image-28990\" srcset=\"https:\/\/sudoesteacontece.com.br\/wp-content\/uploads\/2026\/09\/Projeto-leva-cisternas-e-barreiros-para-Lagoa-Real-Rio-do-Antonio-e-Malhada-de-Pedras.jpg 900w, https:\/\/sudoesteacontece.com.br\/wp-content\/uploads\/2026\/09\/Projeto-leva-cisternas-e-barreiros-para-Lagoa-Real-Rio-do-Antonio-e-Malhada-de-Pedras-300x200.jpg 300w, https:\/\/sudoesteacontece.com.br\/wp-content\/uploads\/2026\/09\/Projeto-leva-cisternas-e-barreiros-para-Lagoa-Real-Rio-do-Antonio-e-Malhada-de-Pedras-768x512.jpg 768w\" sizes=\"(max-width: 900px) 100vw, 900px\" \/><\/figure>\n\n\n\n<p class=\"wp-block-paragraph\">Um projeto voltado ao armazenamento de \u00e1gua da chuva vai beneficiar 189 fam\u00edlias de Lagoa Real, Rio do Ant\u00f4nio e Malhada de Pedras, no sudoeste da Bahia. A iniciativa prev\u00ea a constru\u00e7\u00e3o de 75 cisternas e 114 barreiros para apoiar a produ\u00e7\u00e3o rural. A previs\u00e3o \u00e9 entregar as estruturas at\u00e9 o fim de setembro, ampliando a disponibilidade de \u00e1gua para atividades agr\u00edcolas e org\u00e2nicas nas propriedades atendidas.<\/p>\n\n\n\n<p class=\"wp-block-paragraph\">Coordenado pela Associa\u00e7\u00e3o Divina Provid\u00eancia em parceria com a Companhia de Desenvolvimento e A\u00e7\u00e3o Regional (CAR), o projeto \u201c\u00c1gua Para Produ\u00e7\u00e3o\u201d utiliza tecnologias destinadas \u00e0 capta\u00e7\u00e3o e ao armazenamento de chuva. Segundo o coordenador t\u00e9cnico Odair Rocha, a proposta busca melhorar as condi\u00e7\u00f5es de produ\u00e7\u00e3o das fam\u00edlias e contribuir para o fortalecimento do programa Bahia Sem Fome.<\/p>\n\n\n\n<p class=\"wp-block-paragraph\">Em cada munic\u00edpio participante, uma comiss\u00e3o acompanha a execu\u00e7\u00e3o das atividades e a indica\u00e7\u00e3o das fam\u00edlias contempladas. O grupo re\u00fane representantes de diferentes segmentos, incluindo integrantes do Poder Executivo. Os benefici\u00e1rios s\u00e3o selecionados conforme crit\u00e9rios previamente definidos para a participa\u00e7\u00e3o na iniciativa.<\/p>\n\n\n\n<p class=\"wp-block-paragraph\">Ao todo, cada uma das tr\u00eas cidades receber\u00e1 25 cisternas do tipo cal\u00e7ad\u00e3o e 38 barreiros. As estruturas tamb\u00e9m possuem capacidade de uso comunit\u00e1rio, o que pode ampliar o n\u00famero de pessoas beneficiadas indiretamente pelo projeto. Dessa forma, os equipamentos instalados nas propriedades poder\u00e3o atender demandas coletivas relacionadas \u00e0 produ\u00e7\u00e3o rural.<\/p>\n\n\n\n<p class=\"wp-block-paragraph\">Para o pr\u00f3ximo ano, a previs\u00e3o \u00e9 ampliar a iniciativa para outros munic\u00edpios da regi\u00e3o ap\u00f3s a conclus\u00e3o desta etapa. A expans\u00e3o depender\u00e1 do encerramento da fase atualmente em execu\u00e7\u00e3o e dever\u00e1 levar as tecnologias de armazenamento de \u00e1gua para novas fam\u00edlias do sudoeste baiano.<\/p>\n","protected":false},"excerpt":{"rendered":"<p>Um projeto voltado ao armazenamento de \u00e1gua da chuva vai beneficiar 189 fam\u00edlias de Lagoa Real, Rio do Ant\u00f4nio e Malhada de Pedras, no sudoeste da Bahia. A iniciativa prev\u00ea a constru\u00e7\u00e3o de 75 cisternas e 114 barreiros para apoiar a produ\u00e7\u00e3o rural. A previs\u00e3o \u00e9 entregar as estruturas at\u00e9 o fim de setembro, ampliando a disponibilidade de \u00e1gua para atividades agr\u00edcolas e org\u00e2nicas nas propriedades atendidas. Coordenado pela Associa\u00e7\u00e3o Divina Provid\u00eancia em parceria com a Companhia de Desenvolvimento e A\u00e7\u00e3o Regional (CAR), o projeto \u201c\u00c1gua Para Produ\u00e7\u00e3o\u201d utiliza tecnologias destinadas \u00e0 capta\u00e7\u00e3o e ao armazenamento de chuva. Segundo o coordenador t\u00e9cnico Odair Rocha, a proposta busca melhorar as condi\u00e7\u00f5es de produ\u00e7\u00e3o das fam\u00edlias e contribuir para o fortalecimento do programa Bahia Sem Fome. Em cada munic\u00edpio participante, uma comiss\u00e3o acompanha a execu\u00e7\u00e3o das atividades e a indica\u00e7\u00e3o das fam\u00edlias contempladas. O grupo re\u00fane representantes de diferentes segmentos, incluindo integrantes do Poder Executivo. Os benefici\u00e1rios s\u00e3o selecionados conforme crit\u00e9rios previamente definidos para a participa\u00e7\u00e3o na iniciativa. Ao todo, cada uma das tr\u00eas cidades receber\u00e1 25 cisternas do tipo cal\u00e7ad\u00e3o e 38 barreiros. As estruturas tamb\u00e9m possuem capacidade de uso comunit\u00e1rio, o que pode ampliar o n\u00famero de pessoas beneficiadas indiretamente pelo projeto. Dessa forma, os equipamentos instalados nas propriedades poder\u00e3o atender demandas coletivas relacionadas \u00e0 produ\u00e7\u00e3o rural. Para o pr\u00f3ximo ano, a previs\u00e3o \u00e9 ampliar a iniciativa para outros munic\u00edpios da regi\u00e3o ap\u00f3s a conclus\u00e3o desta etapa. A expans\u00e3o depender\u00e1 do encerramento da fase atualmente em execu\u00e7\u00e3o e dever\u00e1 levar as tecnologias de armazenamento de \u00e1gua para novas fam\u00edlias do sudoeste baiano.<\/p>\n","protected":false},"author":4,"featured_media":0,"comment_status":"open","ping_status":"open","sticky":false,"template":"","format":"standard","meta":{"footnotes":""},"categories":[4],"tags":[],"class_list":["post-28945","post","type-post","status-publish","format-standard","hentry","category-cidades"],"yoast_head":"<!-- This site is optimized with the Yoast SEO plugin v26.5 - https:\/\/yoast.com\/wordpress\/plugins\/seo\/ -->\n<title>Projeto leva cisternas e barreiros para Lagoa Real, Rio do Ant\u00f4nio e Malhada de Pedras - Sudoesteacontece<\/title>\n<meta name=\"robots\" content=\"index, follow, max-snippet:-1, max-image-preview:large, max-video-preview:-1\" \/>\n<link rel=\"canonical\" href=\"https:\/\/sudoesteacontece.com.br\/?p=28945\" \/>\n<meta property=\"og:locale\" content=\"pt_BR\" \/>\n<meta property=\"og:type\" content=\"article\" \/>\n<meta property=\"og:title\" content=\"Projeto leva cisternas e barreiros para Lagoa Real, Rio do Ant\u00f4nio e Malhada de Pedras - Sudoesteacontece\" \/>\n<meta property=\"og:description\" content=\"Um projeto voltado ao armazenamento de \u00e1gua da chuva vai beneficiar 189 fam\u00edlias de Lagoa Real, Rio do Ant\u00f4nio e Malhada de Pedras, no sudoeste da Bahia. A iniciativa prev\u00ea a constru\u00e7\u00e3o de 75 cisternas e 114 barreiros para apoiar a produ\u00e7\u00e3o rural. A previs\u00e3o \u00e9 entregar as estruturas at\u00e9 o fim de setembro, ampliando a disponibilidade de \u00e1gua para atividades agr\u00edcolas e org\u00e2nicas nas propriedades atendidas. Coordenado pela Associa\u00e7\u00e3o Divina Provid\u00eancia em parceria com a Companhia de Desenvolvimento e A\u00e7\u00e3o Regional (CAR), o projeto \u201c\u00c1gua Para Produ\u00e7\u00e3o\u201d utiliza tecnologias destinadas \u00e0 capta\u00e7\u00e3o e ao armazenamento de chuva. Segundo o coordenador t\u00e9cnico Odair Rocha, a proposta busca melhorar as condi\u00e7\u00f5es de produ\u00e7\u00e3o das fam\u00edlias e contribuir para o fortalecimento do programa Bahia Sem Fome. Em cada munic\u00edpio participante, uma comiss\u00e3o acompanha a execu\u00e7\u00e3o das atividades e a indica\u00e7\u00e3o das fam\u00edlias contempladas. O grupo re\u00fane representantes de diferentes segmentos, incluindo integrantes do Poder Executivo. Os benefici\u00e1rios s\u00e3o selecionados conforme crit\u00e9rios previamente definidos para a participa\u00e7\u00e3o na iniciativa. Ao todo, cada uma das tr\u00eas cidades receber\u00e1 25 cisternas do tipo cal\u00e7ad\u00e3o e 38 barreiros. As estruturas tamb\u00e9m possuem capacidade de uso comunit\u00e1rio, o que pode ampliar o n\u00famero de pessoas beneficiadas indiretamente pelo projeto. Dessa forma, os equipamentos instalados nas propriedades poder\u00e3o atender demandas coletivas relacionadas \u00e0 produ\u00e7\u00e3o rural. Para o pr\u00f3ximo ano, a previs\u00e3o \u00e9 ampliar a iniciativa para outros munic\u00edpios da regi\u00e3o ap\u00f3s a conclus\u00e3o desta etapa. A expans\u00e3o depender\u00e1 do encerramento da fase atualmente em execu\u00e7\u00e3o e dever\u00e1 levar as tecnologias de armazenamento de \u00e1gua para novas fam\u00edlias do sudoeste baiano.\" \/>\n<meta property=\"og:url\" content=\"https:\/\/sudoesteacontece.com.br\/?p=28945\" \/>\n<meta property=\"og:site_name\" content=\"Sudoesteacontece\" \/>\n<meta property=\"article:publisher\" content=\"https:\/\/www.facebook.com\/sudoesteacontece\/?locale=pt_BR\" \/>\n<meta property=\"article:published_time\" content=\"2026-09-01T15:37:38+00:00\" \/>\n<meta property=\"article:modified_time\" content=\"2026-09-01T15:37:44+00:00\" \/>\n<meta property=\"og:image\" content=\"https:\/\/sudoesteacontece.com.br\/wp-content\/uploads\/2026\/09\/Projeto-leva-cisternas-e-barreiros-para-Lagoa-Real-Rio-do-Antonio-e-Malhada-de-Pedras.jpg\" \/>\n\t<meta property=\"og:image:width\" content=\"900\" \/>\n\t<meta property=\"og:image:height\" content=\"600\" \/>\n\t<meta property=\"og:image:type\" content=\"image\/jpeg\" \/>\n<meta name=\"author\" content=\"Reda\u00e7\u00e3o\" \/>\n<meta name=\"twitter:card\" content=\"summary_large_image\" \/>\n<meta name=\"twitter:label1\" content=\"Escrito por\" \/>\n\t<meta name=\"twitter:data1\" content=\"Reda\u00e7\u00e3o\" \/>\n\t<meta name=\"twitter:label2\" content=\"Est. tempo de leitura\" \/>\n\t<meta name=\"twitter:data2\" content=\"2 minutos\" \/>\n<script type=\"application\/ld+json\" class=\"yoast-schema-graph\">{\"@context\":\"https:\/\/schema.org\",\"@graph\":[{\"@type\":\"Article\",\"@id\":\"https:\/\/sudoesteacontece.com.br\/?p=28945#article\",\"isPartOf\":{\"@id\":\"https:\/\/sudoesteacontece.com.br\/?p=28945\"},\"author\":{\"name\":\"Reda\u00e7\u00e3o\",\"@id\":\"https:\/\/sudoesteacontece.com.br\/#\/schema\/person\/a4f22429c1d0923ef8f7d43343f8dc38\"},\"headline\":\"Projeto leva cisternas e barreiros para Lagoa Real, Rio do Ant\u00f4nio e Malhada de Pedras\",\"datePublished\":\"2026-09-01T15:37:38+00:00\",\"dateModified\":\"2026-09-01T15:37:44+00:00\",\"mainEntityOfPage\":{\"@id\":\"https:\/\/sudoesteacontece.com.br\/?p=28945\"},\"wordCount\":312,\"commentCount\":0,\"publisher\":{\"@id\":\"https:\/\/sudoesteacontece.com.br\/#organization\"},\"image\":{\"@id\":\"https:\/\/sudoesteacontece.com.br\/?p=28945#primaryimage\"},\"thumbnailUrl\":\"http:\/\/sudoesteacontece.com.br\/wp-content\/uploads\/2026\/09\/Projeto-leva-cisternas-e-barreiros-para-Lagoa-Real-Rio-do-Antonio-e-Malhada-de-Pedras.jpg\",\"articleSection\":[\"Cidades\"],\"inLanguage\":\"pt-BR\",\"potentialAction\":[{\"@type\":\"CommentAction\",\"name\":\"Comment\",\"target\":[\"https:\/\/sudoesteacontece.com.br\/?p=28945#respond\"]}]},{\"@type\":\"WebPage\",\"@id\":\"https:\/\/sudoesteacontece.com.br\/?p=28945\",\"url\":\"https:\/\/sudoesteacontece.com.br\/?p=28945\",\"name\":\"Projeto leva cisternas e barreiros para Lagoa Real, Rio do Ant\u00f4nio e Malhada de Pedras - Sudoesteacontece\",\"isPartOf\":{\"@id\":\"https:\/\/sudoesteacontece.com.br\/#website\"},\"primaryImageOfPage\":{\"@id\":\"https:\/\/sudoesteacontece.com.br\/?p=28945#primaryimage\"},\"image\":{\"@id\":\"https:\/\/sudoesteacontece.com.br\/?p=28945#primaryimage\"},\"thumbnailUrl\":\"http:\/\/sudoesteacontece.com.br\/wp-content\/uploads\/2026\/09\/Projeto-leva-cisternas-e-barreiros-para-Lagoa-Real-Rio-do-Antonio-e-Malhada-de-Pedras.jpg\",\"datePublished\":\"2026-09-01T15:37:38+00:00\",\"dateModified\":\"2026-09-01T15:37:44+00:00\",\"breadcrumb\":{\"@id\":\"https:\/\/sudoesteacontece.com.br\/?p=28945#breadcrumb\"},\"inLanguage\":\"pt-BR\",\"potentialAction\":[{\"@type\":\"ReadAction\",\"target\":[\"https:\/\/sudoesteacontece.com.br\/?p=28945\"]}]},{\"@type\":\"ImageObject\",\"inLanguage\":\"pt-BR\",\"@id\":\"https:\/\/sudoesteacontece.com.br\/?p=28945#primaryimage\",\"url\":\"https:\/\/sudoesteacontece.com.br\/wp-content\/uploads\/2026\/09\/Projeto-leva-cisternas-e-barreiros-para-Lagoa-Real-Rio-do-Antonio-e-Malhada-de-Pedras.jpg\",\"contentUrl\":\"https:\/\/sudoesteacontece.com.br\/wp-content\/uploads\/2026\/09\/Projeto-leva-cisternas-e-barreiros-para-Lagoa-Real-Rio-do-Antonio-e-Malhada-de-Pedras.jpg\",\"width\":900,\"height\":600},{\"@type\":\"BreadcrumbList\",\"@id\":\"https:\/\/sudoesteacontece.com.br\/?p=28945#breadcrumb\",\"itemListElement\":[{\"@type\":\"ListItem\",\"position\":1,\"name\":\"In\u00edcio\",\"item\":\"https:\/\/sudoesteacontece.com.br\/\"},{\"@type\":\"ListItem\",\"position\":2,\"name\":\"Projeto leva cisternas e barreiros para Lagoa Real, Rio do Ant\u00f4nio e Malhada de Pedras\"}]},{\"@type\":\"WebSite\",\"@id\":\"https:\/\/sudoesteacontece.com.br\/#website\",\"url\":\"https:\/\/sudoesteacontece.com.br\/\",\"name\":\"Sudoesteacontece\",\"description\":\"\",\"publisher\":{\"@id\":\"https:\/\/sudoesteacontece.com.br\/#organization\"},\"potentialAction\":[{\"@type\":\"SearchAction\",\"target\":{\"@type\":\"EntryPoint\",\"urlTemplate\":\"https:\/\/sudoesteacontece.com.br\/?s={search_term_string}\"},\"query-input\":{\"@type\":\"PropertyValueSpecification\",\"valueRequired\":true,\"valueName\":\"search_term_string\"}}],\"inLanguage\":\"pt-BR\"},{\"@type\":\"Organization\",\"@id\":\"https:\/\/sudoesteacontece.com.br\/#organization\",\"name\":\"Sudoesteacontece\",\"url\":\"https:\/\/sudoesteacontece.com.br\/\",\"logo\":{\"@type\":\"ImageObject\",\"inLanguage\":\"pt-BR\",\"@id\":\"https:\/\/sudoesteacontece.com.br\/#\/schema\/logo\/image\/\",\"url\":\"https:\/\/sudoesteacontece.com.br\/wp-content\/uploads\/2025\/12\/cropped-logo-2-180x180-1.png\",\"contentUrl\":\"https:\/\/sudoesteacontece.com.br\/wp-content\/uploads\/2025\/12\/cropped-logo-2-180x180-1.png\",\"width\":180,\"height\":180,\"caption\":\"Sudoesteacontece\"},\"image\":{\"@id\":\"https:\/\/sudoesteacontece.com.br\/#\/schema\/logo\/image\/\"},\"sameAs\":[\"https:\/\/www.facebook.com\/sudoesteacontece\/?locale=pt_BR\"]},{\"@type\":\"Person\",\"@id\":\"https:\/\/sudoesteacontece.com.br\/#\/schema\/person\/a4f22429c1d0923ef8f7d43343f8dc38\",\"name\":\"Reda\u00e7\u00e3o\",\"image\":{\"@type\":\"ImageObject\",\"inLanguage\":\"pt-BR\",\"@id\":\"https:\/\/sudoesteacontece.com.br\/#\/schema\/person\/image\/\",\"url\":\"https:\/\/secure.gravatar.com\/avatar\/c3a5b3c93f268a709c25a2df414c629a96fb3b1b4bf97a94fb3f72e54ae76903?s=96&d=mm&r=g\",\"contentUrl\":\"https:\/\/secure.gravatar.com\/avatar\/c3a5b3c93f268a709c25a2df414c629a96fb3b1b4bf97a94fb3f72e54ae76903?s=96&d=mm&r=g\",\"caption\":\"Reda\u00e7\u00e3o\"},\"url\":\"https:\/\/sudoesteacontece.com.br\/?author=4\"}]}<\/script>\n<!-- \/ Yoast SEO plugin. -->","yoast_head_json":{"title":"Projeto leva cisternas e barreiros para Lagoa Real, Rio do Ant\u00f4nio e Malhada de Pedras - Sudoesteacontece","robots":{"index":"index","follow":"follow","max-snippet":"max-snippet:-1","max-image-preview":"max-image-preview:large","max-video-preview":"max-video-preview:-1"},"canonical":"https:\/\/sudoesteacontece.com.br\/?p=28945","og_locale":"pt_BR","og_type":"article","og_title":"Projeto leva cisternas e barreiros para Lagoa Real, Rio do Ant\u00f4nio e Malhada de Pedras - Sudoesteacontece","og_description":"Um projeto voltado ao armazenamento de \u00e1gua da chuva vai beneficiar 189 fam\u00edlias de Lagoa Real, Rio do Ant\u00f4nio e Malhada de Pedras, no sudoeste da Bahia. A iniciativa prev\u00ea a constru\u00e7\u00e3o de 75 cisternas e 114 barreiros para apoiar a produ\u00e7\u00e3o rural. A previs\u00e3o \u00e9 entregar as estruturas at\u00e9 o fim de setembro, ampliando a disponibilidade de \u00e1gua para atividades agr\u00edcolas e org\u00e2nicas nas propriedades atendidas. Coordenado pela Associa\u00e7\u00e3o Divina Provid\u00eancia em parceria com a Companhia de Desenvolvimento e A\u00e7\u00e3o Regional (CAR), o projeto \u201c\u00c1gua Para Produ\u00e7\u00e3o\u201d utiliza tecnologias destinadas \u00e0 capta\u00e7\u00e3o e ao armazenamento de chuva. Segundo o coordenador t\u00e9cnico Odair Rocha, a proposta busca melhorar as condi\u00e7\u00f5es de produ\u00e7\u00e3o das fam\u00edlias e contribuir para o fortalecimento do programa Bahia Sem Fome. Em cada munic\u00edpio participante, uma comiss\u00e3o acompanha a execu\u00e7\u00e3o das atividades e a indica\u00e7\u00e3o das fam\u00edlias contempladas. O grupo re\u00fane representantes de diferentes segmentos, incluindo integrantes do Poder Executivo. Os benefici\u00e1rios s\u00e3o selecionados conforme crit\u00e9rios previamente definidos para a participa\u00e7\u00e3o na iniciativa. Ao todo, cada uma das tr\u00eas cidades receber\u00e1 25 cisternas do tipo cal\u00e7ad\u00e3o e 38 barreiros. As estruturas tamb\u00e9m possuem capacidade de uso comunit\u00e1rio, o que pode ampliar o n\u00famero de pessoas beneficiadas indiretamente pelo projeto. Dessa forma, os equipamentos instalados nas propriedades poder\u00e3o atender demandas coletivas relacionadas \u00e0 produ\u00e7\u00e3o rural. Para o pr\u00f3ximo ano, a previs\u00e3o \u00e9 ampliar a iniciativa para outros munic\u00edpios da regi\u00e3o ap\u00f3s a conclus\u00e3o desta etapa. A expans\u00e3o depender\u00e1 do encerramento da fase atualmente em execu\u00e7\u00e3o e dever\u00e1 levar as tecnologias de armazenamento de \u00e1gua para novas fam\u00edlias do sudoeste baiano.","og_url":"https:\/\/sudoesteacontece.com.br\/?p=28945","og_site_name":"Sudoesteacontece","article_publisher":"https:\/\/www.facebook.com\/sudoesteacontece\/?locale=pt_BR","article_published_time":"2026-09-01T15:37:38+00:00","article_modified_time":"2026-09-01T15:37:44+00:00","og_image":[{"width":900,"height":600,"url":"https:\/\/sudoesteacontece.com.br\/wp-content\/uploads\/2026\/09\/Projeto-leva-cisternas-e-barreiros-para-Lagoa-Real-Rio-do-Antonio-e-Malhada-de-Pedras.jpg","type":"image\/jpeg"}],"author":"Reda\u00e7\u00e3o","twitter_card":"summary_large_image","twitter_misc":{"Escrito por":"Reda\u00e7\u00e3o","Est. tempo de leitura":"2 minutos"},"schema":{"@context":"https:\/\/schema.org","@graph":[{"@type":"Article","@id":"https:\/\/sudoesteacontece.com.br\/?p=28945#article","isPartOf":{"@id":"https:\/\/sudoesteacontece.com.br\/?p=28945"},"author":{"name":"Reda\u00e7\u00e3o","@id":"https:\/\/sudoesteacontece.com.br\/#\/schema\/person\/a4f22429c1d0923ef8f7d43343f8dc38"},"headline":"Projeto leva cisternas e barreiros para Lagoa Real, Rio do Ant\u00f4nio e Malhada de Pedras","datePublished":"2026-09-01T15:37:38+00:00","dateModified":"2026-09-01T15:37:44+00:00","mainEntityOfPage":{"@id":"https:\/\/sudoesteacontece.com.br\/?p=28945"},"wordCount":312,"commentCount":0,"publisher":{"@id":"https:\/\/sudoesteacontece.com.br\/#organization"},"image":{"@id":"https:\/\/sudoesteacontece.com.br\/?p=28945#primaryimage"},"thumbnailUrl":"http:\/\/sudoesteacontece.com.br\/wp-content\/uploads\/2026\/09\/Projeto-leva-cisternas-e-barreiros-para-Lagoa-Real-Rio-do-Antonio-e-Malhada-de-Pedras.jpg","articleSection":["Cidades"],"inLanguage":"pt-BR","potentialAction":[{"@type":"CommentAction","name":"Comment","target":["https:\/\/sudoesteacontece.com.br\/?p=28945#respond"]}]},{"@type":"WebPage","@id":"https:\/\/sudoesteacontece.com.br\/?p=28945","url":"https:\/\/sudoesteacontece.com.br\/?p=28945","name":"Projeto leva cisternas e barreiros para Lagoa Real, Rio do Ant\u00f4nio e Malhada de Pedras - Sudoesteacontece","isPartOf":{"@id":"https:\/\/sudoesteacontece.com.br\/#website"},"primaryImageOfPage":{"@id":"https:\/\/sudoesteacontece.com.br\/?p=28945#primaryimage"},"image":{"@id":"https:\/\/sudoesteacontece.com.br\/?p=28945#primaryimage"},"thumbnailUrl":"http:\/\/sudoesteacontece.com.br\/wp-content\/uploads\/2026\/09\/Projeto-leva-cisternas-e-barreiros-para-Lagoa-Real-Rio-do-Antonio-e-Malhada-de-Pedras.jpg","datePublished":"2026-09-01T15:37:38+00:00","dateModified":"2026-09-01T15:37:44+00:00","breadcrumb":{"@id":"https:\/\/sudoesteacontece.com.br\/?p=28945#breadcrumb"},"inLanguage":"pt-BR","potentialAction":[{"@type":"ReadAction","target":["https:\/\/sudoesteacontece.com.br\/?p=28945"]}]},{"@type":"ImageObject","inLanguage":"pt-BR","@id":"https:\/\/sudoesteacontece.com.br\/?p=28945#primaryimage","url":"https:\/\/sudoesteacontece.com.br\/wp-content\/uploads\/2026\/09\/Projeto-leva-cisternas-e-barreiros-para-Lagoa-Real-Rio-do-Antonio-e-Malhada-de-Pedras.jpg","contentUrl":"https:\/\/sudoesteacontece.com.br\/wp-content\/uploads\/2026\/09\/Projeto-leva-cisternas-e-barreiros-para-Lagoa-Real-Rio-do-Antonio-e-Malhada-de-Pedras.jpg","width":900,"height":600},{"@type":"BreadcrumbList","@id":"https:\/\/sudoesteacontece.com.br\/?p=28945#breadcrumb","itemListElement":[{"@type":"ListItem","position":1,"name":"In\u00edcio","item":"https:\/\/sudoesteacontece.com.br\/"},{"@type":"ListItem","position":2,"name":"Projeto leva cisternas e barreiros para Lagoa Real, Rio do Ant\u00f4nio e Malhada de Pedras"}]},{"@type":"WebSite","@id":"https:\/\/sudoesteacontece.com.br\/#website","url":"https:\/\/sudoesteacontece.com.br\/","name":"Sudoesteacontece","description":"","publisher":{"@id":"https:\/\/sudoesteacontece.com.br\/#organization"},"potentialAction":[{"@type":"SearchAction","target":{"@type":"EntryPoint","urlTemplate":"https:\/\/sudoesteacontece.com.br\/?s={search_term_string}"},"query-input":{"@type":"PropertyValueSpecification","valueRequired":true,"valueName":"search_term_string"}}],"inLanguage":"pt-BR"},{"@type":"Organization","@id":"https:\/\/sudoesteacontece.com.br\/#organization","name":"Sudoesteacontece","url":"https:\/\/sudoesteacontece.com.br\/","logo":{"@type":"ImageObject","inLanguage":"pt-BR","@id":"https:\/\/sudoesteacontece.com.br\/#\/schema\/logo\/image\/","url":"https:\/\/sudoesteacontece.com.br\/wp-content\/uploads\/2025\/12\/cropped-logo-2-180x180-1.png","contentUrl":"https:\/\/sudoesteacontece.com.br\/wp-content\/uploads\/2025\/12\/cropped-logo-2-180x180-1.png","width":180,"height":180,"caption":"Sudoesteacontece"},"image":{"@id":"https:\/\/sudoesteacontece.com.br\/#\/schema\/logo\/image\/"},"sameAs":["https:\/\/www.facebook.com\/sudoesteacontece\/?locale=pt_BR"]},{"@type":"Person","@id":"https:\/\/sudoesteacontece.com.br\/#\/schema\/person\/a4f22429c1d0923ef8f7d43343f8dc38","name":"Reda\u00e7\u00e3o","image":{"@type":"ImageObject","inLanguage":"pt-BR","@id":"https:\/\/sudoesteacontece.com.br\/#\/schema\/person\/image\/","url":"https:\/\/secure.gravatar.com\/avatar\/c3a5b3c93f268a709c25a2df414c629a96fb3b1b4bf97a94fb3f72e54ae76903?s=96&d=mm&r=g","contentUrl":"https:\/\/secure.gravatar.com\/avatar\/c3a5b3c93f268a709c25a2df414c629a96fb3b1b4bf97a94fb3f72e54ae76903?s=96&d=mm&r=g","caption":"Reda\u00e7\u00e3o"},"url":"https:\/\/sudoesteacontece.com.br\/?author=4"}]}},"_links":{"self":[{"href":"https:\/\/sudoesteacontece.com.br\/index.php?rest_route=\/wp\/v2\/posts\/28945","targetHints":{"allow":["GET"]}}],"collection":[{"href":"https:\/\/sudoesteacontece.com.br\/index.php?rest_route=\/wp\/v2\/posts"}],"about":[{"href":"https:\/\/sudoesteacontece.com.br\/index.php?rest_route=\/wp\/v2\/types\/post"}],"author":[{"embeddable":true,"href":"https:\/\/sudoesteacontece.com.br\/index.php?rest_route=\/wp\/v2\/users\/4"}],"replies":[{"embeddable":true,"href":"https:\/\/sudoesteacontece.com.br\/index.php?rest_route=%2Fwp%2Fv2%2Fcomments&post=28945"}],"version-history":[{"count":1,"href":"https:\/\/sudoesteacontece.com.br\/index.php?rest_route=\/wp\/v2\/posts\/28945\/revisions"}],"predecessor-version":[{"id":29027,"href":"https:\/\/sudoesteacontece.com.br\/index.php?rest_route=\/wp\/v2\/posts\/28945\/revisions\/29027"}],"wp:attachment":[{"href":"https:\/\/sudoesteacontece.com.br\/index.php?rest_route=%2Fwp%2Fv2%2Fmedia&parent=28945"}],"wp:term":[{"taxonomy":"category","embeddable":true,"href":"https:\/\/sudoesteacontece.com.br\/index.php?rest_route=%2Fwp%2Fv2%2Fcategories&post=28945"},{"taxonomy":"post_tag","embeddable":true,"href":"https:\/\/sudoesteacontece.com.br\/index.php?rest_route=%2Fwp%2Fv2%2Ftags&post=28945"}],"curies":[{"name":"wp","href":"https:\/\/api.w.org\/{rel}","templated":true}]}}