{"id":28947,"date":"2026-09-01T12:19:30","date_gmt":"2026-09-01T15:19:30","guid":{"rendered":"https:\/\/sudoesteacontece.com.br\/?p=28947"},"modified":"2026-09-01T12:19:35","modified_gmt":"2026-09-01T15:19:35","slug":"edson-gomes-sera-atracao-no-aniversario-de-65-anos-de-tanhacu","status":"publish","type":"post","link":"https:\/\/sudoesteacontece.com.br\/?p=28947","title":{"rendered":"Edson Gomes ser\u00e1 atra\u00e7\u00e3o no anivers\u00e1rio de 65 anos de Tanha\u00e7u"},"content":{"rendered":"\n<figure class=\"wp-block-image size-full\"><img fetchpriority=\"high\" decoding=\"async\" width=\"900\" height=\"600\" src=\"http:\/\/sudoesteacontece.com.br\/wp-content\/uploads\/2026\/09\/Edson-Gomes-critica-Bolsa-Familia-e-defende-liberdade-de-voto-durante-show-na-Bahia.jpg\" alt=\"\" class=\"wp-image-28970\" srcset=\"https:\/\/sudoesteacontece.com.br\/wp-content\/uploads\/2026\/09\/Edson-Gomes-critica-Bolsa-Familia-e-defende-liberdade-de-voto-durante-show-na-Bahia.jpg 900w, https:\/\/sudoesteacontece.com.br\/wp-content\/uploads\/2026\/09\/Edson-Gomes-critica-Bolsa-Familia-e-defende-liberdade-de-voto-durante-show-na-Bahia-300x200.jpg 300w, https:\/\/sudoesteacontece.com.br\/wp-content\/uploads\/2026\/09\/Edson-Gomes-critica-Bolsa-Familia-e-defende-liberdade-de-voto-durante-show-na-Bahia-768x512.jpg 768w\" sizes=\"(max-width: 900px) 100vw, 900px\" \/><\/figure>\n\n\n\n<p class=\"wp-block-paragraph\">A Prefeitura de Tanha\u00e7u confirmou o cantor Edson Gomes como a primeira atra\u00e7\u00e3o das comemora\u00e7\u00f5es pelos 65 anos de emancipa\u00e7\u00e3o pol\u00edtica do munic\u00edpio, no sudoeste da Bahia. A programa\u00e7\u00e3o festiva ter\u00e1 in\u00edcio em 21 de setembro. O artista, um dos principais nomes do reggae brasileiro, participar\u00e1 das celebra\u00e7\u00f5es organizadas para marcar a data.<\/p>\n\n\n\n<p class=\"wp-block-paragraph\">Segundo a administra\u00e7\u00e3o municipal, a apresenta\u00e7\u00e3o integra uma programa\u00e7\u00e3o especial preparada para o anivers\u00e1rio da cidade. A festa dever\u00e1 reunir moradores e visitantes durante as atividades comemorativas. A Prefeitura ainda n\u00e3o informou todos os detalhes sobre os eventos previstos para o per\u00edodo de celebra\u00e7\u00e3o.<\/p>\n\n\n\n<p class=\"wp-block-paragraph\">Al\u00e9m do show de Edson Gomes, a gest\u00e3o do prefeito Valdemir Gondim informou que outras atra\u00e7\u00f5es dever\u00e3o ser anunciadas. A grade completa da programa\u00e7\u00e3o ainda est\u00e1 em elabora\u00e7\u00e3o. Novas informa\u00e7\u00f5es sobre apresenta\u00e7\u00f5es e demais atividades previstas para o anivers\u00e1rio ser\u00e3o divulgadas posteriormente pela administra\u00e7\u00e3o.<\/p>\n\n\n\n<p class=\"wp-block-paragraph\">Durante as comemora\u00e7\u00f5es, Tanha\u00e7u dever\u00e1 celebrar os 65 anos de emancipa\u00e7\u00e3o com uma agenda voltada \u00e0 participa\u00e7\u00e3o da popula\u00e7\u00e3o. A iniciativa busca reunir diferentes atividades em torno da hist\u00f3ria e da identidade do munic\u00edpio.<\/p>\n\n\n\n<p class=\"wp-block-paragraph\">Por enquanto, Edson Gomes \u00e9 o primeiro nome confirmado oficialmente para a programa\u00e7\u00e3o. A Prefeitura dever\u00e1 divulgar nos pr\u00f3ximos dias os demais artistas, eventos e detalhes das festividades previstas a partir de 21 de setembro.<\/p>\n","protected":false},"excerpt":{"rendered":"<p>A Prefeitura de Tanha\u00e7u confirmou o cantor Edson Gomes como a primeira atra\u00e7\u00e3o das comemora\u00e7\u00f5es pelos 65 anos de emancipa\u00e7\u00e3o pol\u00edtica do munic\u00edpio, no sudoeste da Bahia. A programa\u00e7\u00e3o festiva ter\u00e1 in\u00edcio em 21 de setembro. O artista, um dos principais nomes do reggae brasileiro, participar\u00e1 das celebra\u00e7\u00f5es organizadas para marcar a data. Segundo a administra\u00e7\u00e3o municipal, a apresenta\u00e7\u00e3o integra uma programa\u00e7\u00e3o especial preparada para o anivers\u00e1rio da cidade. A festa dever\u00e1 reunir moradores e visitantes durante as atividades comemorativas. A Prefeitura ainda n\u00e3o informou todos os detalhes sobre os eventos previstos para o per\u00edodo de celebra\u00e7\u00e3o. Al\u00e9m do show de Edson Gomes, a gest\u00e3o do prefeito Valdemir Gondim informou que outras atra\u00e7\u00f5es dever\u00e3o ser anunciadas. A grade completa da programa\u00e7\u00e3o ainda est\u00e1 em elabora\u00e7\u00e3o. Novas informa\u00e7\u00f5es sobre apresenta\u00e7\u00f5es e demais atividades previstas para o anivers\u00e1rio ser\u00e3o divulgadas posteriormente pela administra\u00e7\u00e3o. Durante as comemora\u00e7\u00f5es, Tanha\u00e7u dever\u00e1 celebrar os 65 anos de emancipa\u00e7\u00e3o com uma agenda voltada \u00e0 participa\u00e7\u00e3o da popula\u00e7\u00e3o. A iniciativa busca reunir diferentes atividades em torno da hist\u00f3ria e da identidade do munic\u00edpio. Por enquanto, Edson Gomes \u00e9 o primeiro nome confirmado oficialmente para a programa\u00e7\u00e3o. A Prefeitura dever\u00e1 divulgar nos pr\u00f3ximos dias os demais artistas, eventos e detalhes das festividades previstas a partir de 21 de setembro.<\/p>\n","protected":false},"author":4,"featured_media":0,"comment_status":"open","ping_status":"open","sticky":false,"template":"","format":"standard","meta":{"footnotes":""},"categories":[4,41,16],"tags":[],"class_list":["post-28947","post","type-post","status-publish","format-standard","hentry","category-cidades","category-tanhacu","category-tv-radio-e-cinema"],"yoast_head":"<!-- This site is optimized with the Yoast SEO plugin v26.5 - https:\/\/yoast.com\/wordpress\/plugins\/seo\/ -->\n<title>Edson Gomes ser\u00e1 atra\u00e7\u00e3o no anivers\u00e1rio de 65 anos de Tanha\u00e7u - Sudoesteacontece<\/title>\n<meta name=\"robots\" content=\"index, follow, max-snippet:-1, max-image-preview:large, max-video-preview:-1\" \/>\n<link rel=\"canonical\" href=\"https:\/\/sudoesteacontece.com.br\/?p=28947\" \/>\n<meta property=\"og:locale\" content=\"pt_BR\" \/>\n<meta property=\"og:type\" content=\"article\" \/>\n<meta property=\"og:title\" content=\"Edson Gomes ser\u00e1 atra\u00e7\u00e3o no anivers\u00e1rio de 65 anos de Tanha\u00e7u - Sudoesteacontece\" \/>\n<meta property=\"og:description\" content=\"A Prefeitura de Tanha\u00e7u confirmou o cantor Edson Gomes como a primeira atra\u00e7\u00e3o das comemora\u00e7\u00f5es pelos 65 anos de emancipa\u00e7\u00e3o pol\u00edtica do munic\u00edpio, no sudoeste da Bahia. A programa\u00e7\u00e3o festiva ter\u00e1 in\u00edcio em 21 de setembro. O artista, um dos principais nomes do reggae brasileiro, participar\u00e1 das celebra\u00e7\u00f5es organizadas para marcar a data. Segundo a administra\u00e7\u00e3o municipal, a apresenta\u00e7\u00e3o integra uma programa\u00e7\u00e3o especial preparada para o anivers\u00e1rio da cidade. A festa dever\u00e1 reunir moradores e visitantes durante as atividades comemorativas. A Prefeitura ainda n\u00e3o informou todos os detalhes sobre os eventos previstos para o per\u00edodo de celebra\u00e7\u00e3o. Al\u00e9m do show de Edson Gomes, a gest\u00e3o do prefeito Valdemir Gondim informou que outras atra\u00e7\u00f5es dever\u00e3o ser anunciadas. A grade completa da programa\u00e7\u00e3o ainda est\u00e1 em elabora\u00e7\u00e3o. Novas informa\u00e7\u00f5es sobre apresenta\u00e7\u00f5es e demais atividades previstas para o anivers\u00e1rio ser\u00e3o divulgadas posteriormente pela administra\u00e7\u00e3o. Durante as comemora\u00e7\u00f5es, Tanha\u00e7u dever\u00e1 celebrar os 65 anos de emancipa\u00e7\u00e3o com uma agenda voltada \u00e0 participa\u00e7\u00e3o da popula\u00e7\u00e3o. A iniciativa busca reunir diferentes atividades em torno da hist\u00f3ria e da identidade do munic\u00edpio. Por enquanto, Edson Gomes \u00e9 o primeiro nome confirmado oficialmente para a programa\u00e7\u00e3o. A Prefeitura dever\u00e1 divulgar nos pr\u00f3ximos dias os demais artistas, eventos e detalhes das festividades previstas a partir de 21 de setembro.\" \/>\n<meta property=\"og:url\" content=\"https:\/\/sudoesteacontece.com.br\/?p=28947\" \/>\n<meta property=\"og:site_name\" content=\"Sudoesteacontece\" \/>\n<meta property=\"article:publisher\" content=\"https:\/\/www.facebook.com\/sudoesteacontece\/?locale=pt_BR\" \/>\n<meta property=\"article:published_time\" content=\"2026-09-01T15:19:30+00:00\" \/>\n<meta property=\"article:modified_time\" content=\"2026-09-01T15:19:35+00:00\" \/>\n<meta property=\"og:image\" content=\"https:\/\/sudoesteacontece.com.br\/wp-content\/uploads\/2026\/09\/Edson-Gomes-critica-Bolsa-Familia-e-defende-liberdade-de-voto-durante-show-na-Bahia.jpg\" \/>\n\t<meta property=\"og:image:width\" content=\"900\" \/>\n\t<meta property=\"og:image:height\" content=\"600\" \/>\n\t<meta property=\"og:image:type\" content=\"image\/jpeg\" \/>\n<meta name=\"author\" content=\"Reda\u00e7\u00e3o\" \/>\n<meta name=\"twitter:card\" content=\"summary_large_image\" \/>\n<meta name=\"twitter:label1\" content=\"Escrito por\" \/>\n\t<meta name=\"twitter:data1\" content=\"Reda\u00e7\u00e3o\" \/>\n\t<meta name=\"twitter:label2\" content=\"Est. tempo de leitura\" \/>\n\t<meta name=\"twitter:data2\" content=\"2 minutos\" \/>\n<script type=\"application\/ld+json\" class=\"yoast-schema-graph\">{\"@context\":\"https:\/\/schema.org\",\"@graph\":[{\"@type\":\"Article\",\"@id\":\"https:\/\/sudoesteacontece.com.br\/?p=28947#article\",\"isPartOf\":{\"@id\":\"https:\/\/sudoesteacontece.com.br\/?p=28947\"},\"author\":{\"name\":\"Reda\u00e7\u00e3o\",\"@id\":\"https:\/\/sudoesteacontece.com.br\/#\/schema\/person\/a4f22429c1d0923ef8f7d43343f8dc38\"},\"headline\":\"Edson Gomes ser\u00e1 atra\u00e7\u00e3o no anivers\u00e1rio de 65 anos de Tanha\u00e7u\",\"datePublished\":\"2026-09-01T15:19:30+00:00\",\"dateModified\":\"2026-09-01T15:19:35+00:00\",\"mainEntityOfPage\":{\"@id\":\"https:\/\/sudoesteacontece.com.br\/?p=28947\"},\"wordCount\":253,\"commentCount\":0,\"publisher\":{\"@id\":\"https:\/\/sudoesteacontece.com.br\/#organization\"},\"image\":{\"@id\":\"https:\/\/sudoesteacontece.com.br\/?p=28947#primaryimage\"},\"thumbnailUrl\":\"http:\/\/sudoesteacontece.com.br\/wp-content\/uploads\/2026\/09\/Edson-Gomes-critica-Bolsa-Familia-e-defende-liberdade-de-voto-durante-show-na-Bahia.jpg\",\"articleSection\":[\"Cidades\",\"Tanha\u00e7u\",\"TV, R\u00e1dio e Cinema\"],\"inLanguage\":\"pt-BR\",\"potentialAction\":[{\"@type\":\"CommentAction\",\"name\":\"Comment\",\"target\":[\"https:\/\/sudoesteacontece.com.br\/?p=28947#respond\"]}]},{\"@type\":\"WebPage\",\"@id\":\"https:\/\/sudoesteacontece.com.br\/?p=28947\",\"url\":\"https:\/\/sudoesteacontece.com.br\/?p=28947\",\"name\":\"Edson Gomes ser\u00e1 atra\u00e7\u00e3o no anivers\u00e1rio de 65 anos de Tanha\u00e7u - Sudoesteacontece\",\"isPartOf\":{\"@id\":\"https:\/\/sudoesteacontece.com.br\/#website\"},\"primaryImageOfPage\":{\"@id\":\"https:\/\/sudoesteacontece.com.br\/?p=28947#primaryimage\"},\"image\":{\"@id\":\"https:\/\/sudoesteacontece.com.br\/?p=28947#primaryimage\"},\"thumbnailUrl\":\"http:\/\/sudoesteacontece.com.br\/wp-content\/uploads\/2026\/09\/Edson-Gomes-critica-Bolsa-Familia-e-defende-liberdade-de-voto-durante-show-na-Bahia.jpg\",\"datePublished\":\"2026-09-01T15:19:30+00:00\",\"dateModified\":\"2026-09-01T15:19:35+00:00\",\"breadcrumb\":{\"@id\":\"https:\/\/sudoesteacontece.com.br\/?p=28947#breadcrumb\"},\"inLanguage\":\"pt-BR\",\"potentialAction\":[{\"@type\":\"ReadAction\",\"target\":[\"https:\/\/sudoesteacontece.com.br\/?p=28947\"]}]},{\"@type\":\"ImageObject\",\"inLanguage\":\"pt-BR\",\"@id\":\"https:\/\/sudoesteacontece.com.br\/?p=28947#primaryimage\",\"url\":\"https:\/\/sudoesteacontece.com.br\/wp-content\/uploads\/2026\/09\/Edson-Gomes-critica-Bolsa-Familia-e-defende-liberdade-de-voto-durante-show-na-Bahia.jpg\",\"contentUrl\":\"https:\/\/sudoesteacontece.com.br\/wp-content\/uploads\/2026\/09\/Edson-Gomes-critica-Bolsa-Familia-e-defende-liberdade-de-voto-durante-show-na-Bahia.jpg\",\"width\":900,\"height\":600},{\"@type\":\"BreadcrumbList\",\"@id\":\"https:\/\/sudoesteacontece.com.br\/?p=28947#breadcrumb\",\"itemListElement\":[{\"@type\":\"ListItem\",\"position\":1,\"name\":\"In\u00edcio\",\"item\":\"https:\/\/sudoesteacontece.com.br\/\"},{\"@type\":\"ListItem\",\"position\":2,\"name\":\"Edson Gomes ser\u00e1 atra\u00e7\u00e3o no anivers\u00e1rio de 65 anos de Tanha\u00e7u\"}]},{\"@type\":\"WebSite\",\"@id\":\"https:\/\/sudoesteacontece.com.br\/#website\",\"url\":\"https:\/\/sudoesteacontece.com.br\/\",\"name\":\"Sudoesteacontece\",\"description\":\"\",\"publisher\":{\"@id\":\"https:\/\/sudoesteacontece.com.br\/#organization\"},\"potentialAction\":[{\"@type\":\"SearchAction\",\"target\":{\"@type\":\"EntryPoint\",\"urlTemplate\":\"https:\/\/sudoesteacontece.com.br\/?s={search_term_string}\"},\"query-input\":{\"@type\":\"PropertyValueSpecification\",\"valueRequired\":true,\"valueName\":\"search_term_string\"}}],\"inLanguage\":\"pt-BR\"},{\"@type\":\"Organization\",\"@id\":\"https:\/\/sudoesteacontece.com.br\/#organization\",\"name\":\"Sudoesteacontece\",\"url\":\"https:\/\/sudoesteacontece.com.br\/\",\"logo\":{\"@type\":\"ImageObject\",\"inLanguage\":\"pt-BR\",\"@id\":\"https:\/\/sudoesteacontece.com.br\/#\/schema\/logo\/image\/\",\"url\":\"https:\/\/sudoesteacontece.com.br\/wp-content\/uploads\/2025\/12\/cropped-logo-2-180x180-1.png\",\"contentUrl\":\"https:\/\/sudoesteacontece.com.br\/wp-content\/uploads\/2025\/12\/cropped-logo-2-180x180-1.png\",\"width\":180,\"height\":180,\"caption\":\"Sudoesteacontece\"},\"image\":{\"@id\":\"https:\/\/sudoesteacontece.com.br\/#\/schema\/logo\/image\/\"},\"sameAs\":[\"https:\/\/www.facebook.com\/sudoesteacontece\/?locale=pt_BR\"]},{\"@type\":\"Person\",\"@id\":\"https:\/\/sudoesteacontece.com.br\/#\/schema\/person\/a4f22429c1d0923ef8f7d43343f8dc38\",\"name\":\"Reda\u00e7\u00e3o\",\"image\":{\"@type\":\"ImageObject\",\"inLanguage\":\"pt-BR\",\"@id\":\"https:\/\/sudoesteacontece.com.br\/#\/schema\/person\/image\/\",\"url\":\"https:\/\/secure.gravatar.com\/avatar\/c3a5b3c93f268a709c25a2df414c629a96fb3b1b4bf97a94fb3f72e54ae76903?s=96&d=mm&r=g\",\"contentUrl\":\"https:\/\/secure.gravatar.com\/avatar\/c3a5b3c93f268a709c25a2df414c629a96fb3b1b4bf97a94fb3f72e54ae76903?s=96&d=mm&r=g\",\"caption\":\"Reda\u00e7\u00e3o\"},\"url\":\"https:\/\/sudoesteacontece.com.br\/?author=4\"}]}<\/script>\n<!-- \/ Yoast SEO plugin. -->","yoast_head_json":{"title":"Edson Gomes ser\u00e1 atra\u00e7\u00e3o no anivers\u00e1rio de 65 anos de Tanha\u00e7u - Sudoesteacontece","robots":{"index":"index","follow":"follow","max-snippet":"max-snippet:-1","max-image-preview":"max-image-preview:large","max-video-preview":"max-video-preview:-1"},"canonical":"https:\/\/sudoesteacontece.com.br\/?p=28947","og_locale":"pt_BR","og_type":"article","og_title":"Edson Gomes ser\u00e1 atra\u00e7\u00e3o no anivers\u00e1rio de 65 anos de Tanha\u00e7u - Sudoesteacontece","og_description":"A Prefeitura de Tanha\u00e7u confirmou o cantor Edson Gomes como a primeira atra\u00e7\u00e3o das comemora\u00e7\u00f5es pelos 65 anos de emancipa\u00e7\u00e3o pol\u00edtica do munic\u00edpio, no sudoeste da Bahia. A programa\u00e7\u00e3o festiva ter\u00e1 in\u00edcio em 21 de setembro. O artista, um dos principais nomes do reggae brasileiro, participar\u00e1 das celebra\u00e7\u00f5es organizadas para marcar a data. Segundo a administra\u00e7\u00e3o municipal, a apresenta\u00e7\u00e3o integra uma programa\u00e7\u00e3o especial preparada para o anivers\u00e1rio da cidade. A festa dever\u00e1 reunir moradores e visitantes durante as atividades comemorativas. A Prefeitura ainda n\u00e3o informou todos os detalhes sobre os eventos previstos para o per\u00edodo de celebra\u00e7\u00e3o. Al\u00e9m do show de Edson Gomes, a gest\u00e3o do prefeito Valdemir Gondim informou que outras atra\u00e7\u00f5es dever\u00e3o ser anunciadas. A grade completa da programa\u00e7\u00e3o ainda est\u00e1 em elabora\u00e7\u00e3o. Novas informa\u00e7\u00f5es sobre apresenta\u00e7\u00f5es e demais atividades previstas para o anivers\u00e1rio ser\u00e3o divulgadas posteriormente pela administra\u00e7\u00e3o. Durante as comemora\u00e7\u00f5es, Tanha\u00e7u dever\u00e1 celebrar os 65 anos de emancipa\u00e7\u00e3o com uma agenda voltada \u00e0 participa\u00e7\u00e3o da popula\u00e7\u00e3o. A iniciativa busca reunir diferentes atividades em torno da hist\u00f3ria e da identidade do munic\u00edpio. Por enquanto, Edson Gomes \u00e9 o primeiro nome confirmado oficialmente para a programa\u00e7\u00e3o. A Prefeitura dever\u00e1 divulgar nos pr\u00f3ximos dias os demais artistas, eventos e detalhes das festividades previstas a partir de 21 de setembro.","og_url":"https:\/\/sudoesteacontece.com.br\/?p=28947","og_site_name":"Sudoesteacontece","article_publisher":"https:\/\/www.facebook.com\/sudoesteacontece\/?locale=pt_BR","article_published_time":"2026-09-01T15:19:30+00:00","article_modified_time":"2026-09-01T15:19:35+00:00","og_image":[{"width":900,"height":600,"url":"https:\/\/sudoesteacontece.com.br\/wp-content\/uploads\/2026\/09\/Edson-Gomes-critica-Bolsa-Familia-e-defende-liberdade-de-voto-durante-show-na-Bahia.jpg","type":"image\/jpeg"}],"author":"Reda\u00e7\u00e3o","twitter_card":"summary_large_image","twitter_misc":{"Escrito por":"Reda\u00e7\u00e3o","Est. tempo de leitura":"2 minutos"},"schema":{"@context":"https:\/\/schema.org","@graph":[{"@type":"Article","@id":"https:\/\/sudoesteacontece.com.br\/?p=28947#article","isPartOf":{"@id":"https:\/\/sudoesteacontece.com.br\/?p=28947"},"author":{"name":"Reda\u00e7\u00e3o","@id":"https:\/\/sudoesteacontece.com.br\/#\/schema\/person\/a4f22429c1d0923ef8f7d43343f8dc38"},"headline":"Edson Gomes ser\u00e1 atra\u00e7\u00e3o no anivers\u00e1rio de 65 anos de Tanha\u00e7u","datePublished":"2026-09-01T15:19:30+00:00","dateModified":"2026-09-01T15:19:35+00:00","mainEntityOfPage":{"@id":"https:\/\/sudoesteacontece.com.br\/?p=28947"},"wordCount":253,"commentCount":0,"publisher":{"@id":"https:\/\/sudoesteacontece.com.br\/#organization"},"image":{"@id":"https:\/\/sudoesteacontece.com.br\/?p=28947#primaryimage"},"thumbnailUrl":"http:\/\/sudoesteacontece.com.br\/wp-content\/uploads\/2026\/09\/Edson-Gomes-critica-Bolsa-Familia-e-defende-liberdade-de-voto-durante-show-na-Bahia.jpg","articleSection":["Cidades","Tanha\u00e7u","TV, R\u00e1dio e Cinema"],"inLanguage":"pt-BR","potentialAction":[{"@type":"CommentAction","name":"Comment","target":["https:\/\/sudoesteacontece.com.br\/?p=28947#respond"]}]},{"@type":"WebPage","@id":"https:\/\/sudoesteacontece.com.br\/?p=28947","url":"https:\/\/sudoesteacontece.com.br\/?p=28947","name":"Edson Gomes ser\u00e1 atra\u00e7\u00e3o no anivers\u00e1rio de 65 anos de Tanha\u00e7u - Sudoesteacontece","isPartOf":{"@id":"https:\/\/sudoesteacontece.com.br\/#website"},"primaryImageOfPage":{"@id":"https:\/\/sudoesteacontece.com.br\/?p=28947#primaryimage"},"image":{"@id":"https:\/\/sudoesteacontece.com.br\/?p=28947#primaryimage"},"thumbnailUrl":"http:\/\/sudoesteacontece.com.br\/wp-content\/uploads\/2026\/09\/Edson-Gomes-critica-Bolsa-Familia-e-defende-liberdade-de-voto-durante-show-na-Bahia.jpg","datePublished":"2026-09-01T15:19:30+00:00","dateModified":"2026-09-01T15:19:35+00:00","breadcrumb":{"@id":"https:\/\/sudoesteacontece.com.br\/?p=28947#breadcrumb"},"inLanguage":"pt-BR","potentialAction":[{"@type":"ReadAction","target":["https:\/\/sudoesteacontece.com.br\/?p=28947"]}]},{"@type":"ImageObject","inLanguage":"pt-BR","@id":"https:\/\/sudoesteacontece.com.br\/?p=28947#primaryimage","url":"https:\/\/sudoesteacontece.com.br\/wp-content\/uploads\/2026\/09\/Edson-Gomes-critica-Bolsa-Familia-e-defende-liberdade-de-voto-durante-show-na-Bahia.jpg","contentUrl":"https:\/\/sudoesteacontece.com.br\/wp-content\/uploads\/2026\/09\/Edson-Gomes-critica-Bolsa-Familia-e-defende-liberdade-de-voto-durante-show-na-Bahia.jpg","width":900,"height":600},{"@type":"BreadcrumbList","@id":"https:\/\/sudoesteacontece.com.br\/?p=28947#breadcrumb","itemListElement":[{"@type":"ListItem","position":1,"name":"In\u00edcio","item":"https:\/\/sudoesteacontece.com.br\/"},{"@type":"ListItem","position":2,"name":"Edson Gomes ser\u00e1 atra\u00e7\u00e3o no anivers\u00e1rio de 65 anos de Tanha\u00e7u"}]},{"@type":"WebSite","@id":"https:\/\/sudoesteacontece.com.br\/#website","url":"https:\/\/sudoesteacontece.com.br\/","name":"Sudoesteacontece","description":"","publisher":{"@id":"https:\/\/sudoesteacontece.com.br\/#organization"},"potentialAction":[{"@type":"SearchAction","target":{"@type":"EntryPoint","urlTemplate":"https:\/\/sudoesteacontece.com.br\/?s={search_term_string}"},"query-input":{"@type":"PropertyValueSpecification","valueRequired":true,"valueName":"search_term_string"}}],"inLanguage":"pt-BR"},{"@type":"Organization","@id":"https:\/\/sudoesteacontece.com.br\/#organization","name":"Sudoesteacontece","url":"https:\/\/sudoesteacontece.com.br\/","logo":{"@type":"ImageObject","inLanguage":"pt-BR","@id":"https:\/\/sudoesteacontece.com.br\/#\/schema\/logo\/image\/","url":"https:\/\/sudoesteacontece.com.br\/wp-content\/uploads\/2025\/12\/cropped-logo-2-180x180-1.png","contentUrl":"https:\/\/sudoesteacontece.com.br\/wp-content\/uploads\/2025\/12\/cropped-logo-2-180x180-1.png","width":180,"height":180,"caption":"Sudoesteacontece"},"image":{"@id":"https:\/\/sudoesteacontece.com.br\/#\/schema\/logo\/image\/"},"sameAs":["https:\/\/www.facebook.com\/sudoesteacontece\/?locale=pt_BR"]},{"@type":"Person","@id":"https:\/\/sudoesteacontece.com.br\/#\/schema\/person\/a4f22429c1d0923ef8f7d43343f8dc38","name":"Reda\u00e7\u00e3o","image":{"@type":"ImageObject","inLanguage":"pt-BR","@id":"https:\/\/sudoesteacontece.com.br\/#\/schema\/person\/image\/","url":"https:\/\/secure.gravatar.com\/avatar\/c3a5b3c93f268a709c25a2df414c629a96fb3b1b4bf97a94fb3f72e54ae76903?s=96&d=mm&r=g","contentUrl":"https:\/\/secure.gravatar.com\/avatar\/c3a5b3c93f268a709c25a2df414c629a96fb3b1b4bf97a94fb3f72e54ae76903?s=96&d=mm&r=g","caption":"Reda\u00e7\u00e3o"},"url":"https:\/\/sudoesteacontece.com.br\/?author=4"}]}},"_links":{"self":[{"href":"https:\/\/sudoesteacontece.com.br\/index.php?rest_route=\/wp\/v2\/posts\/28947","targetHints":{"allow":["GET"]}}],"collection":[{"href":"https:\/\/sudoesteacontece.com.br\/index.php?rest_route=\/wp\/v2\/posts"}],"about":[{"href":"https:\/\/sudoesteacontece.com.br\/index.php?rest_route=\/wp\/v2\/types\/post"}],"author":[{"embeddable":true,"href":"https:\/\/sudoesteacontece.com.br\/index.php?rest_route=\/wp\/v2\/users\/4"}],"replies":[{"embeddable":true,"href":"https:\/\/sudoesteacontece.com.br\/index.php?rest_route=%2Fwp%2Fv2%2Fcomments&post=28947"}],"version-history":[{"count":1,"href":"https:\/\/sudoesteacontece.com.br\/index.php?rest_route=\/wp\/v2\/posts\/28947\/revisions"}],"predecessor-version":[{"id":29006,"href":"https:\/\/sudoesteacontece.com.br\/index.php?rest_route=\/wp\/v2\/posts\/28947\/revisions\/29006"}],"wp:attachment":[{"href":"https:\/\/sudoesteacontece.com.br\/index.php?rest_route=%2Fwp%2Fv2%2Fmedia&parent=28947"}],"wp:term":[{"taxonomy":"category","embeddable":true,"href":"https:\/\/sudoesteacontece.com.br\/index.php?rest_route=%2Fwp%2Fv2%2Fcategories&post=28947"},{"taxonomy":"post_tag","embeddable":true,"href":"https:\/\/sudoesteacontece.com.br\/index.php?rest_route=%2Fwp%2Fv2%2Ftags&post=28947"}],"curies":[{"name":"wp","href":"https:\/\/api.w.org\/{rel}","templated":true}]}}