{"id":28948,"date":"2026-09-01T12:38:32","date_gmt":"2026-09-01T15:38:32","guid":{"rendered":"https:\/\/sudoesteacontece.com.br\/?p=28948"},"modified":"2026-09-01T12:38:37","modified_gmt":"2026-09-01T15:38:37","slug":"caminhao-de-lixo-tomba-e-mata-dois-trabalhadores-em-porto-seguro","status":"publish","type":"post","link":"https:\/\/sudoesteacontece.com.br\/?p=28948","title":{"rendered":"Caminh\u00e3o de lixo tomba e mata dois trabalhadores em Porto Seguro"},"content":{"rendered":"\n<figure class=\"wp-block-image size-full\"><img fetchpriority=\"high\" decoding=\"async\" width=\"900\" height=\"600\" src=\"http:\/\/sudoesteacontece.com.br\/wp-content\/uploads\/2026\/09\/acidente-caminhao-de-lixo-morte-trabalhadores.jpg\" alt=\"\" class=\"wp-image-28953\" srcset=\"https:\/\/sudoesteacontece.com.br\/wp-content\/uploads\/2026\/09\/acidente-caminhao-de-lixo-morte-trabalhadores.jpg 900w, https:\/\/sudoesteacontece.com.br\/wp-content\/uploads\/2026\/09\/acidente-caminhao-de-lixo-morte-trabalhadores-300x200.jpg 300w, https:\/\/sudoesteacontece.com.br\/wp-content\/uploads\/2026\/09\/acidente-caminhao-de-lixo-morte-trabalhadores-768x512.jpg 768w\" sizes=\"(max-width: 900px) 100vw, 900px\" \/><\/figure>\n\n\n\n<p class=\"wp-block-paragraph\">Dois trabalhadores morreram ap\u00f3s um caminh\u00e3o de coleta de res\u00edduos s\u00f3lidos tombar na madrugada desta ter\u00e7a-feira (1\u00ba), na regi\u00e3o da Ladeira do Peixe, na BA-001, em Porto Seguro, no extremo sul da Bahia. As v\u00edtimas ficaram presas na cabine e morreram ainda no local. Uma terceira pessoa estava no ve\u00edculo e conseguiu sair antes de receber atendimento m\u00e9dico.<\/p>\n\n\n\n<p class=\"wp-block-paragraph\">As v\u00edtimas foram identificadas como Tiago de Jesus Souza, que dirigia o caminh\u00e3o, e Rogerio dos Santos Matos, respons\u00e1vel pela coleta dos res\u00edduos. Ap\u00f3s o acidente, equipes de emerg\u00eancia foram mobilizadas para atender a ocorr\u00eancia. A terceira pessoa que estava no ve\u00edculo foi socorrida pelo Servi\u00e7o de Atendimento M\u00f3vel de Urg\u00eancia (Samu) e encaminhada para uma unidade de sa\u00fade.<\/p>\n\n\n\n<p class=\"wp-block-paragraph\">Segundo a Secretaria de Servi\u00e7os P\u00fablicos de Porto Seguro, uma avalia\u00e7\u00e3o inicial do caminh\u00e3o n\u00e3o encontrou sinais de falha mec\u00e2nica. Entre as possibilidades consideradas est\u00e1 a hip\u00f3tese de o motorista ter dormido ao volante. A causa do tombamento, por\u00e9m, ainda n\u00e3o foi confirmada e dever\u00e1 ser determinada a partir da investiga\u00e7\u00e3o do acidente.<\/p>\n\n\n\n<p class=\"wp-block-paragraph\">Durante o atendimento, equipes da Companhia Independente de Pol\u00edcia Rodovi\u00e1ria (CIPRv\/Itabuna) precisaram adotar medidas de seguran\u00e7a devido \u00e0 presen\u00e7a de fia\u00e7\u00e3o el\u00e9trica atravessada na \u00e1rea. A estrutura representava risco de choque para os profissionais que trabalhavam na ocorr\u00eancia. O local foi atendido com os cuidados necess\u00e1rios para reduzir os riscos durante os procedimentos.<\/p>\n\n\n\n<p class=\"wp-block-paragraph\">Por fim, as circunst\u00e2ncias do tombamento ser\u00e3o investigadas pelos \u00f3rg\u00e3os competentes. A apura\u00e7\u00e3o dever\u00e1 esclarecer a din\u00e2mica do acidente e determinar o que provocou a perda de controle do caminh\u00e3o durante o deslocamento pela rodovia estadual.<\/p>\n","protected":false},"excerpt":{"rendered":"<p>Dois trabalhadores morreram ap\u00f3s um caminh\u00e3o de coleta de res\u00edduos s\u00f3lidos tombar na madrugada desta ter\u00e7a-feira (1\u00ba), na regi\u00e3o da Ladeira do Peixe, na BA-001, em Porto Seguro, no extremo sul da Bahia. As v\u00edtimas ficaram presas na cabine e morreram ainda no local. Uma terceira pessoa estava no ve\u00edculo e conseguiu sair antes de receber atendimento m\u00e9dico. As v\u00edtimas foram identificadas como Tiago de Jesus Souza, que dirigia o caminh\u00e3o, e Rogerio dos Santos Matos, respons\u00e1vel pela coleta dos res\u00edduos. Ap\u00f3s o acidente, equipes de emerg\u00eancia foram mobilizadas para atender a ocorr\u00eancia. A terceira pessoa que estava no ve\u00edculo foi socorrida pelo Servi\u00e7o de Atendimento M\u00f3vel de Urg\u00eancia (Samu) e encaminhada para uma unidade de sa\u00fade. Segundo a Secretaria de Servi\u00e7os P\u00fablicos de Porto Seguro, uma avalia\u00e7\u00e3o inicial do caminh\u00e3o n\u00e3o encontrou sinais de falha mec\u00e2nica. Entre as possibilidades consideradas est\u00e1 a hip\u00f3tese de o motorista ter dormido ao volante. A causa do tombamento, por\u00e9m, ainda n\u00e3o foi confirmada e dever\u00e1 ser determinada a partir da investiga\u00e7\u00e3o do acidente. Durante o atendimento, equipes da Companhia Independente de Pol\u00edcia Rodovi\u00e1ria (CIPRv\/Itabuna) precisaram adotar medidas de seguran\u00e7a devido \u00e0 presen\u00e7a de fia\u00e7\u00e3o el\u00e9trica atravessada na \u00e1rea. A estrutura representava risco de choque para os profissionais que trabalhavam na ocorr\u00eancia. O local foi atendido com os cuidados necess\u00e1rios para reduzir os riscos durante os procedimentos. Por fim, as circunst\u00e2ncias do tombamento ser\u00e3o investigadas pelos \u00f3rg\u00e3os competentes. A apura\u00e7\u00e3o dever\u00e1 esclarecer a din\u00e2mica do acidente e determinar o que provocou a perda de controle do caminh\u00e3o durante o deslocamento pela rodovia estadual.<\/p>\n","protected":false},"author":4,"featured_media":0,"comment_status":"open","ping_status":"open","sticky":false,"template":"","format":"standard","meta":{"footnotes":""},"categories":[5],"tags":[],"class_list":["post-28948","post","type-post","status-publish","format-standard","hentry","category-acidente"],"yoast_head":"<!-- This site is optimized with the Yoast SEO plugin v26.5 - https:\/\/yoast.com\/wordpress\/plugins\/seo\/ -->\n<title>Caminh\u00e3o de lixo tomba e mata dois trabalhadores em Porto Seguro - Sudoesteacontece<\/title>\n<meta name=\"robots\" content=\"index, follow, max-snippet:-1, max-image-preview:large, max-video-preview:-1\" \/>\n<link rel=\"canonical\" href=\"https:\/\/sudoesteacontece.com.br\/?p=28948\" \/>\n<meta property=\"og:locale\" content=\"pt_BR\" \/>\n<meta property=\"og:type\" content=\"article\" \/>\n<meta property=\"og:title\" content=\"Caminh\u00e3o de lixo tomba e mata dois trabalhadores em Porto Seguro - Sudoesteacontece\" \/>\n<meta property=\"og:description\" content=\"Dois trabalhadores morreram ap\u00f3s um caminh\u00e3o de coleta de res\u00edduos s\u00f3lidos tombar na madrugada desta ter\u00e7a-feira (1\u00ba), na regi\u00e3o da Ladeira do Peixe, na BA-001, em Porto Seguro, no extremo sul da Bahia. As v\u00edtimas ficaram presas na cabine e morreram ainda no local. Uma terceira pessoa estava no ve\u00edculo e conseguiu sair antes de receber atendimento m\u00e9dico. As v\u00edtimas foram identificadas como Tiago de Jesus Souza, que dirigia o caminh\u00e3o, e Rogerio dos Santos Matos, respons\u00e1vel pela coleta dos res\u00edduos. Ap\u00f3s o acidente, equipes de emerg\u00eancia foram mobilizadas para atender a ocorr\u00eancia. A terceira pessoa que estava no ve\u00edculo foi socorrida pelo Servi\u00e7o de Atendimento M\u00f3vel de Urg\u00eancia (Samu) e encaminhada para uma unidade de sa\u00fade. Segundo a Secretaria de Servi\u00e7os P\u00fablicos de Porto Seguro, uma avalia\u00e7\u00e3o inicial do caminh\u00e3o n\u00e3o encontrou sinais de falha mec\u00e2nica. Entre as possibilidades consideradas est\u00e1 a hip\u00f3tese de o motorista ter dormido ao volante. A causa do tombamento, por\u00e9m, ainda n\u00e3o foi confirmada e dever\u00e1 ser determinada a partir da investiga\u00e7\u00e3o do acidente. Durante o atendimento, equipes da Companhia Independente de Pol\u00edcia Rodovi\u00e1ria (CIPRv\/Itabuna) precisaram adotar medidas de seguran\u00e7a devido \u00e0 presen\u00e7a de fia\u00e7\u00e3o el\u00e9trica atravessada na \u00e1rea. A estrutura representava risco de choque para os profissionais que trabalhavam na ocorr\u00eancia. O local foi atendido com os cuidados necess\u00e1rios para reduzir os riscos durante os procedimentos. Por fim, as circunst\u00e2ncias do tombamento ser\u00e3o investigadas pelos \u00f3rg\u00e3os competentes. A apura\u00e7\u00e3o dever\u00e1 esclarecer a din\u00e2mica do acidente e determinar o que provocou a perda de controle do caminh\u00e3o durante o deslocamento pela rodovia estadual.\" \/>\n<meta property=\"og:url\" content=\"https:\/\/sudoesteacontece.com.br\/?p=28948\" \/>\n<meta property=\"og:site_name\" content=\"Sudoesteacontece\" \/>\n<meta property=\"article:publisher\" content=\"https:\/\/www.facebook.com\/sudoesteacontece\/?locale=pt_BR\" \/>\n<meta property=\"article:published_time\" content=\"2026-09-01T15:38:32+00:00\" \/>\n<meta property=\"article:modified_time\" content=\"2026-09-01T15:38:37+00:00\" \/>\n<meta property=\"og:image\" content=\"https:\/\/sudoesteacontece.com.br\/wp-content\/uploads\/2026\/09\/acidente-caminhao-de-lixo-morte-trabalhadores.jpg\" \/>\n\t<meta property=\"og:image:width\" content=\"900\" \/>\n\t<meta property=\"og:image:height\" content=\"600\" \/>\n\t<meta property=\"og:image:type\" content=\"image\/jpeg\" \/>\n<meta name=\"author\" content=\"Reda\u00e7\u00e3o\" \/>\n<meta name=\"twitter:card\" content=\"summary_large_image\" \/>\n<meta name=\"twitter:label1\" content=\"Escrito por\" \/>\n\t<meta name=\"twitter:data1\" content=\"Reda\u00e7\u00e3o\" \/>\n\t<meta name=\"twitter:label2\" content=\"Est. tempo de leitura\" \/>\n\t<meta name=\"twitter:data2\" content=\"2 minutos\" \/>\n<script type=\"application\/ld+json\" class=\"yoast-schema-graph\">{\"@context\":\"https:\/\/schema.org\",\"@graph\":[{\"@type\":\"Article\",\"@id\":\"https:\/\/sudoesteacontece.com.br\/?p=28948#article\",\"isPartOf\":{\"@id\":\"https:\/\/sudoesteacontece.com.br\/?p=28948\"},\"author\":{\"name\":\"Reda\u00e7\u00e3o\",\"@id\":\"https:\/\/sudoesteacontece.com.br\/#\/schema\/person\/a4f22429c1d0923ef8f7d43343f8dc38\"},\"headline\":\"Caminh\u00e3o de lixo tomba e mata dois trabalhadores em Porto Seguro\",\"datePublished\":\"2026-09-01T15:38:32+00:00\",\"dateModified\":\"2026-09-01T15:38:37+00:00\",\"mainEntityOfPage\":{\"@id\":\"https:\/\/sudoesteacontece.com.br\/?p=28948\"},\"wordCount\":315,\"commentCount\":0,\"publisher\":{\"@id\":\"https:\/\/sudoesteacontece.com.br\/#organization\"},\"image\":{\"@id\":\"https:\/\/sudoesteacontece.com.br\/?p=28948#primaryimage\"},\"thumbnailUrl\":\"http:\/\/sudoesteacontece.com.br\/wp-content\/uploads\/2026\/09\/acidente-caminhao-de-lixo-morte-trabalhadores.jpg\",\"articleSection\":[\"Acidente\"],\"inLanguage\":\"pt-BR\",\"potentialAction\":[{\"@type\":\"CommentAction\",\"name\":\"Comment\",\"target\":[\"https:\/\/sudoesteacontece.com.br\/?p=28948#respond\"]}]},{\"@type\":\"WebPage\",\"@id\":\"https:\/\/sudoesteacontece.com.br\/?p=28948\",\"url\":\"https:\/\/sudoesteacontece.com.br\/?p=28948\",\"name\":\"Caminh\u00e3o de lixo tomba e mata dois trabalhadores em Porto Seguro - Sudoesteacontece\",\"isPartOf\":{\"@id\":\"https:\/\/sudoesteacontece.com.br\/#website\"},\"primaryImageOfPage\":{\"@id\":\"https:\/\/sudoesteacontece.com.br\/?p=28948#primaryimage\"},\"image\":{\"@id\":\"https:\/\/sudoesteacontece.com.br\/?p=28948#primaryimage\"},\"thumbnailUrl\":\"http:\/\/sudoesteacontece.com.br\/wp-content\/uploads\/2026\/09\/acidente-caminhao-de-lixo-morte-trabalhadores.jpg\",\"datePublished\":\"2026-09-01T15:38:32+00:00\",\"dateModified\":\"2026-09-01T15:38:37+00:00\",\"breadcrumb\":{\"@id\":\"https:\/\/sudoesteacontece.com.br\/?p=28948#breadcrumb\"},\"inLanguage\":\"pt-BR\",\"potentialAction\":[{\"@type\":\"ReadAction\",\"target\":[\"https:\/\/sudoesteacontece.com.br\/?p=28948\"]}]},{\"@type\":\"ImageObject\",\"inLanguage\":\"pt-BR\",\"@id\":\"https:\/\/sudoesteacontece.com.br\/?p=28948#primaryimage\",\"url\":\"https:\/\/sudoesteacontece.com.br\/wp-content\/uploads\/2026\/09\/acidente-caminhao-de-lixo-morte-trabalhadores.jpg\",\"contentUrl\":\"https:\/\/sudoesteacontece.com.br\/wp-content\/uploads\/2026\/09\/acidente-caminhao-de-lixo-morte-trabalhadores.jpg\",\"width\":900,\"height\":600},{\"@type\":\"BreadcrumbList\",\"@id\":\"https:\/\/sudoesteacontece.com.br\/?p=28948#breadcrumb\",\"itemListElement\":[{\"@type\":\"ListItem\",\"position\":1,\"name\":\"In\u00edcio\",\"item\":\"https:\/\/sudoesteacontece.com.br\/\"},{\"@type\":\"ListItem\",\"position\":2,\"name\":\"Caminh\u00e3o de lixo tomba e mata dois trabalhadores em Porto Seguro\"}]},{\"@type\":\"WebSite\",\"@id\":\"https:\/\/sudoesteacontece.com.br\/#website\",\"url\":\"https:\/\/sudoesteacontece.com.br\/\",\"name\":\"Sudoesteacontece\",\"description\":\"\",\"publisher\":{\"@id\":\"https:\/\/sudoesteacontece.com.br\/#organization\"},\"potentialAction\":[{\"@type\":\"SearchAction\",\"target\":{\"@type\":\"EntryPoint\",\"urlTemplate\":\"https:\/\/sudoesteacontece.com.br\/?s={search_term_string}\"},\"query-input\":{\"@type\":\"PropertyValueSpecification\",\"valueRequired\":true,\"valueName\":\"search_term_string\"}}],\"inLanguage\":\"pt-BR\"},{\"@type\":\"Organization\",\"@id\":\"https:\/\/sudoesteacontece.com.br\/#organization\",\"name\":\"Sudoesteacontece\",\"url\":\"https:\/\/sudoesteacontece.com.br\/\",\"logo\":{\"@type\":\"ImageObject\",\"inLanguage\":\"pt-BR\",\"@id\":\"https:\/\/sudoesteacontece.com.br\/#\/schema\/logo\/image\/\",\"url\":\"https:\/\/sudoesteacontece.com.br\/wp-content\/uploads\/2025\/12\/cropped-logo-2-180x180-1.png\",\"contentUrl\":\"https:\/\/sudoesteacontece.com.br\/wp-content\/uploads\/2025\/12\/cropped-logo-2-180x180-1.png\",\"width\":180,\"height\":180,\"caption\":\"Sudoesteacontece\"},\"image\":{\"@id\":\"https:\/\/sudoesteacontece.com.br\/#\/schema\/logo\/image\/\"},\"sameAs\":[\"https:\/\/www.facebook.com\/sudoesteacontece\/?locale=pt_BR\"]},{\"@type\":\"Person\",\"@id\":\"https:\/\/sudoesteacontece.com.br\/#\/schema\/person\/a4f22429c1d0923ef8f7d43343f8dc38\",\"name\":\"Reda\u00e7\u00e3o\",\"image\":{\"@type\":\"ImageObject\",\"inLanguage\":\"pt-BR\",\"@id\":\"https:\/\/sudoesteacontece.com.br\/#\/schema\/person\/image\/\",\"url\":\"https:\/\/secure.gravatar.com\/avatar\/c3a5b3c93f268a709c25a2df414c629a96fb3b1b4bf97a94fb3f72e54ae76903?s=96&d=mm&r=g\",\"contentUrl\":\"https:\/\/secure.gravatar.com\/avatar\/c3a5b3c93f268a709c25a2df414c629a96fb3b1b4bf97a94fb3f72e54ae76903?s=96&d=mm&r=g\",\"caption\":\"Reda\u00e7\u00e3o\"},\"url\":\"https:\/\/sudoesteacontece.com.br\/?author=4\"}]}<\/script>\n<!-- \/ Yoast SEO plugin. -->","yoast_head_json":{"title":"Caminh\u00e3o de lixo tomba e mata dois trabalhadores em Porto Seguro - Sudoesteacontece","robots":{"index":"index","follow":"follow","max-snippet":"max-snippet:-1","max-image-preview":"max-image-preview:large","max-video-preview":"max-video-preview:-1"},"canonical":"https:\/\/sudoesteacontece.com.br\/?p=28948","og_locale":"pt_BR","og_type":"article","og_title":"Caminh\u00e3o de lixo tomba e mata dois trabalhadores em Porto Seguro - Sudoesteacontece","og_description":"Dois trabalhadores morreram ap\u00f3s um caminh\u00e3o de coleta de res\u00edduos s\u00f3lidos tombar na madrugada desta ter\u00e7a-feira (1\u00ba), na regi\u00e3o da Ladeira do Peixe, na BA-001, em Porto Seguro, no extremo sul da Bahia. As v\u00edtimas ficaram presas na cabine e morreram ainda no local. Uma terceira pessoa estava no ve\u00edculo e conseguiu sair antes de receber atendimento m\u00e9dico. As v\u00edtimas foram identificadas como Tiago de Jesus Souza, que dirigia o caminh\u00e3o, e Rogerio dos Santos Matos, respons\u00e1vel pela coleta dos res\u00edduos. Ap\u00f3s o acidente, equipes de emerg\u00eancia foram mobilizadas para atender a ocorr\u00eancia. A terceira pessoa que estava no ve\u00edculo foi socorrida pelo Servi\u00e7o de Atendimento M\u00f3vel de Urg\u00eancia (Samu) e encaminhada para uma unidade de sa\u00fade. Segundo a Secretaria de Servi\u00e7os P\u00fablicos de Porto Seguro, uma avalia\u00e7\u00e3o inicial do caminh\u00e3o n\u00e3o encontrou sinais de falha mec\u00e2nica. Entre as possibilidades consideradas est\u00e1 a hip\u00f3tese de o motorista ter dormido ao volante. A causa do tombamento, por\u00e9m, ainda n\u00e3o foi confirmada e dever\u00e1 ser determinada a partir da investiga\u00e7\u00e3o do acidente. Durante o atendimento, equipes da Companhia Independente de Pol\u00edcia Rodovi\u00e1ria (CIPRv\/Itabuna) precisaram adotar medidas de seguran\u00e7a devido \u00e0 presen\u00e7a de fia\u00e7\u00e3o el\u00e9trica atravessada na \u00e1rea. A estrutura representava risco de choque para os profissionais que trabalhavam na ocorr\u00eancia. O local foi atendido com os cuidados necess\u00e1rios para reduzir os riscos durante os procedimentos. Por fim, as circunst\u00e2ncias do tombamento ser\u00e3o investigadas pelos \u00f3rg\u00e3os competentes. A apura\u00e7\u00e3o dever\u00e1 esclarecer a din\u00e2mica do acidente e determinar o que provocou a perda de controle do caminh\u00e3o durante o deslocamento pela rodovia estadual.","og_url":"https:\/\/sudoesteacontece.com.br\/?p=28948","og_site_name":"Sudoesteacontece","article_publisher":"https:\/\/www.facebook.com\/sudoesteacontece\/?locale=pt_BR","article_published_time":"2026-09-01T15:38:32+00:00","article_modified_time":"2026-09-01T15:38:37+00:00","og_image":[{"width":900,"height":600,"url":"https:\/\/sudoesteacontece.com.br\/wp-content\/uploads\/2026\/09\/acidente-caminhao-de-lixo-morte-trabalhadores.jpg","type":"image\/jpeg"}],"author":"Reda\u00e7\u00e3o","twitter_card":"summary_large_image","twitter_misc":{"Escrito por":"Reda\u00e7\u00e3o","Est. tempo de leitura":"2 minutos"},"schema":{"@context":"https:\/\/schema.org","@graph":[{"@type":"Article","@id":"https:\/\/sudoesteacontece.com.br\/?p=28948#article","isPartOf":{"@id":"https:\/\/sudoesteacontece.com.br\/?p=28948"},"author":{"name":"Reda\u00e7\u00e3o","@id":"https:\/\/sudoesteacontece.com.br\/#\/schema\/person\/a4f22429c1d0923ef8f7d43343f8dc38"},"headline":"Caminh\u00e3o de lixo tomba e mata dois trabalhadores em Porto Seguro","datePublished":"2026-09-01T15:38:32+00:00","dateModified":"2026-09-01T15:38:37+00:00","mainEntityOfPage":{"@id":"https:\/\/sudoesteacontece.com.br\/?p=28948"},"wordCount":315,"commentCount":0,"publisher":{"@id":"https:\/\/sudoesteacontece.com.br\/#organization"},"image":{"@id":"https:\/\/sudoesteacontece.com.br\/?p=28948#primaryimage"},"thumbnailUrl":"http:\/\/sudoesteacontece.com.br\/wp-content\/uploads\/2026\/09\/acidente-caminhao-de-lixo-morte-trabalhadores.jpg","articleSection":["Acidente"],"inLanguage":"pt-BR","potentialAction":[{"@type":"CommentAction","name":"Comment","target":["https:\/\/sudoesteacontece.com.br\/?p=28948#respond"]}]},{"@type":"WebPage","@id":"https:\/\/sudoesteacontece.com.br\/?p=28948","url":"https:\/\/sudoesteacontece.com.br\/?p=28948","name":"Caminh\u00e3o de lixo tomba e mata dois trabalhadores em Porto Seguro - Sudoesteacontece","isPartOf":{"@id":"https:\/\/sudoesteacontece.com.br\/#website"},"primaryImageOfPage":{"@id":"https:\/\/sudoesteacontece.com.br\/?p=28948#primaryimage"},"image":{"@id":"https:\/\/sudoesteacontece.com.br\/?p=28948#primaryimage"},"thumbnailUrl":"http:\/\/sudoesteacontece.com.br\/wp-content\/uploads\/2026\/09\/acidente-caminhao-de-lixo-morte-trabalhadores.jpg","datePublished":"2026-09-01T15:38:32+00:00","dateModified":"2026-09-01T15:38:37+00:00","breadcrumb":{"@id":"https:\/\/sudoesteacontece.com.br\/?p=28948#breadcrumb"},"inLanguage":"pt-BR","potentialAction":[{"@type":"ReadAction","target":["https:\/\/sudoesteacontece.com.br\/?p=28948"]}]},{"@type":"ImageObject","inLanguage":"pt-BR","@id":"https:\/\/sudoesteacontece.com.br\/?p=28948#primaryimage","url":"https:\/\/sudoesteacontece.com.br\/wp-content\/uploads\/2026\/09\/acidente-caminhao-de-lixo-morte-trabalhadores.jpg","contentUrl":"https:\/\/sudoesteacontece.com.br\/wp-content\/uploads\/2026\/09\/acidente-caminhao-de-lixo-morte-trabalhadores.jpg","width":900,"height":600},{"@type":"BreadcrumbList","@id":"https:\/\/sudoesteacontece.com.br\/?p=28948#breadcrumb","itemListElement":[{"@type":"ListItem","position":1,"name":"In\u00edcio","item":"https:\/\/sudoesteacontece.com.br\/"},{"@type":"ListItem","position":2,"name":"Caminh\u00e3o de lixo tomba e mata dois trabalhadores em Porto Seguro"}]},{"@type":"WebSite","@id":"https:\/\/sudoesteacontece.com.br\/#website","url":"https:\/\/sudoesteacontece.com.br\/","name":"Sudoesteacontece","description":"","publisher":{"@id":"https:\/\/sudoesteacontece.com.br\/#organization"},"potentialAction":[{"@type":"SearchAction","target":{"@type":"EntryPoint","urlTemplate":"https:\/\/sudoesteacontece.com.br\/?s={search_term_string}"},"query-input":{"@type":"PropertyValueSpecification","valueRequired":true,"valueName":"search_term_string"}}],"inLanguage":"pt-BR"},{"@type":"Organization","@id":"https:\/\/sudoesteacontece.com.br\/#organization","name":"Sudoesteacontece","url":"https:\/\/sudoesteacontece.com.br\/","logo":{"@type":"ImageObject","inLanguage":"pt-BR","@id":"https:\/\/sudoesteacontece.com.br\/#\/schema\/logo\/image\/","url":"https:\/\/sudoesteacontece.com.br\/wp-content\/uploads\/2025\/12\/cropped-logo-2-180x180-1.png","contentUrl":"https:\/\/sudoesteacontece.com.br\/wp-content\/uploads\/2025\/12\/cropped-logo-2-180x180-1.png","width":180,"height":180,"caption":"Sudoesteacontece"},"image":{"@id":"https:\/\/sudoesteacontece.com.br\/#\/schema\/logo\/image\/"},"sameAs":["https:\/\/www.facebook.com\/sudoesteacontece\/?locale=pt_BR"]},{"@type":"Person","@id":"https:\/\/sudoesteacontece.com.br\/#\/schema\/person\/a4f22429c1d0923ef8f7d43343f8dc38","name":"Reda\u00e7\u00e3o","image":{"@type":"ImageObject","inLanguage":"pt-BR","@id":"https:\/\/sudoesteacontece.com.br\/#\/schema\/person\/image\/","url":"https:\/\/secure.gravatar.com\/avatar\/c3a5b3c93f268a709c25a2df414c629a96fb3b1b4bf97a94fb3f72e54ae76903?s=96&d=mm&r=g","contentUrl":"https:\/\/secure.gravatar.com\/avatar\/c3a5b3c93f268a709c25a2df414c629a96fb3b1b4bf97a94fb3f72e54ae76903?s=96&d=mm&r=g","caption":"Reda\u00e7\u00e3o"},"url":"https:\/\/sudoesteacontece.com.br\/?author=4"}]}},"_links":{"self":[{"href":"https:\/\/sudoesteacontece.com.br\/index.php?rest_route=\/wp\/v2\/posts\/28948","targetHints":{"allow":["GET"]}}],"collection":[{"href":"https:\/\/sudoesteacontece.com.br\/index.php?rest_route=\/wp\/v2\/posts"}],"about":[{"href":"https:\/\/sudoesteacontece.com.br\/index.php?rest_route=\/wp\/v2\/types\/post"}],"author":[{"embeddable":true,"href":"https:\/\/sudoesteacontece.com.br\/index.php?rest_route=\/wp\/v2\/users\/4"}],"replies":[{"embeddable":true,"href":"https:\/\/sudoesteacontece.com.br\/index.php?rest_route=%2Fwp%2Fv2%2Fcomments&post=28948"}],"version-history":[{"count":1,"href":"https:\/\/sudoesteacontece.com.br\/index.php?rest_route=\/wp\/v2\/posts\/28948\/revisions"}],"predecessor-version":[{"id":29029,"href":"https:\/\/sudoesteacontece.com.br\/index.php?rest_route=\/wp\/v2\/posts\/28948\/revisions\/29029"}],"wp:attachment":[{"href":"https:\/\/sudoesteacontece.com.br\/index.php?rest_route=%2Fwp%2Fv2%2Fmedia&parent=28948"}],"wp:term":[{"taxonomy":"category","embeddable":true,"href":"https:\/\/sudoesteacontece.com.br\/index.php?rest_route=%2Fwp%2Fv2%2Fcategories&post=28948"},{"taxonomy":"post_tag","embeddable":true,"href":"https:\/\/sudoesteacontece.com.br\/index.php?rest_route=%2Fwp%2Fv2%2Ftags&post=28948"}],"curies":[{"name":"wp","href":"https:\/\/api.w.org\/{rel}","templated":true}]}}