{"id":28956,"date":"2026-09-01T12:40:40","date_gmt":"2026-09-01T15:40:40","guid":{"rendered":"https:\/\/sudoesteacontece.com.br\/?p=28956"},"modified":"2026-09-01T12:40:45","modified_gmt":"2026-09-01T15:40:45","slug":"congresso-da-renovacao-carismatica-catolica-reune-fieis-em-dois-dias-de-programacao-em-brumado","status":"publish","type":"post","link":"https:\/\/sudoesteacontece.com.br\/?p=28956","title":{"rendered":"Congresso da Renova\u00e7\u00e3o Carism\u00e1tica Cat\u00f3lica re\u00fane fi\u00e9is em dois dias de programa\u00e7\u00e3o em Brumado"},"content":{"rendered":"\n<figure class=\"wp-block-image size-full\"><img fetchpriority=\"high\" decoding=\"async\" width=\"900\" height=\"600\" src=\"http:\/\/sudoesteacontece.com.br\/wp-content\/uploads\/2026\/09\/Congresso-da-RCC-reune-fieis-em-dois-dias-de-programacao-religiosa-em-Brumado.jpg\" alt=\"\" class=\"wp-image-28965\" srcset=\"https:\/\/sudoesteacontece.com.br\/wp-content\/uploads\/2026\/09\/Congresso-da-RCC-reune-fieis-em-dois-dias-de-programacao-religiosa-em-Brumado.jpg 900w, https:\/\/sudoesteacontece.com.br\/wp-content\/uploads\/2026\/09\/Congresso-da-RCC-reune-fieis-em-dois-dias-de-programacao-religiosa-em-Brumado-300x200.jpg 300w, https:\/\/sudoesteacontece.com.br\/wp-content\/uploads\/2026\/09\/Congresso-da-RCC-reune-fieis-em-dois-dias-de-programacao-religiosa-em-Brumado-768x512.jpg 768w\" sizes=\"(max-width: 900px) 100vw, 900px\" \/><\/figure>\n\n\n\n<p class=\"wp-block-paragraph\">Brumado recebeu, nos dias 29 e 30 de agosto, o XIII Congresso Diocesano da Renova\u00e7\u00e3o Carism\u00e1tica Cat\u00f3lica (RCC) da Diocese de Caetit\u00e9. O encontro ocorreu no Gin\u00e1sio de Esportes Ant\u00f4nio Alves Ribeiro e reuniu fi\u00e9is em uma programa\u00e7\u00e3o com ora\u00e7\u00f5es, prega\u00e7\u00f5es, momentos de anima\u00e7\u00e3o e celebra\u00e7\u00f5es religiosas. A agenda foi organizada ao longo de dois dias e terminou com missas presididas por sacerdotes ligados \u00e0 RCC.<\/p>\n\n\n\n<p class=\"wp-block-paragraph\">Durante o evento, os participantes acompanharam atividades voltadas \u00e0 espiritualidade e \u00e0 reflex\u00e3o sobre a f\u00e9 cat\u00f3lica. A programa\u00e7\u00e3o foi distribu\u00edda entre momentos de ora\u00e7\u00e3o, prega\u00e7\u00e3o e confraterniza\u00e7\u00e3o. As celebra\u00e7\u00f5es eucar\u00edsticas tamb\u00e9m marcaram o encerramento de cada etapa do congresso, reunindo os participantes para momentos de ora\u00e7\u00e3o e celebra\u00e7\u00e3o.<\/p>\n\n\n\n<p class=\"wp-block-paragraph\">No s\u00e1bado (29), primeiro dia do congresso, as atividades foram encerradas com uma Santa Missa presidida pelo Padre Matheus. A celebra\u00e7\u00e3o ocorreu ap\u00f3s a programa\u00e7\u00e3o que reuniu os fi\u00e9is durante o dia. O encontro tamb\u00e9m contou com momentos de conviv\u00eancia entre os participantes, dentro da proposta de espiritualidade da Renova\u00e7\u00e3o Carism\u00e1tica Cat\u00f3lica.<\/p>\n\n\n\n<p class=\"wp-block-paragraph\">J\u00e1 no domingo (30), a programa\u00e7\u00e3o terminou com outra celebra\u00e7\u00e3o eucar\u00edstica. A Santa Missa de encerramento foi presidida pelo Padre Alessandro, assessor eclesi\u00e1stico da Renova\u00e7\u00e3o Carism\u00e1tica Cat\u00f3lica. A cerim\u00f4nia marcou o fim dos dois dias de atividades realizadas em Brumado.<\/p>\n\n\n\n<p class=\"wp-block-paragraph\">Ao longo do congresso, os participantes tiveram contato com diferentes momentos de ora\u00e7\u00e3o, reflex\u00e3o e viv\u00eancia da f\u00e9. A iniciativa integrou o calend\u00e1rio diocesano da RCC e reuniu a comunidade cat\u00f3lica em torno das atividades promovidas pela organiza\u00e7\u00e3o religiosa.<\/p>\n","protected":false},"excerpt":{"rendered":"<p>Brumado recebeu, nos dias 29 e 30 de agosto, o XIII Congresso Diocesano da Renova\u00e7\u00e3o Carism\u00e1tica Cat\u00f3lica (RCC) da Diocese de Caetit\u00e9. O encontro ocorreu no Gin\u00e1sio de Esportes Ant\u00f4nio Alves Ribeiro e reuniu fi\u00e9is em uma programa\u00e7\u00e3o com ora\u00e7\u00f5es, prega\u00e7\u00f5es, momentos de anima\u00e7\u00e3o e celebra\u00e7\u00f5es religiosas. A agenda foi organizada ao longo de dois dias e terminou com missas presididas por sacerdotes ligados \u00e0 RCC. Durante o evento, os participantes acompanharam atividades voltadas \u00e0 espiritualidade e \u00e0 reflex\u00e3o sobre a f\u00e9 cat\u00f3lica. A programa\u00e7\u00e3o foi distribu\u00edda entre momentos de ora\u00e7\u00e3o, prega\u00e7\u00e3o e confraterniza\u00e7\u00e3o. As celebra\u00e7\u00f5es eucar\u00edsticas tamb\u00e9m marcaram o encerramento de cada etapa do congresso, reunindo os participantes para momentos de ora\u00e7\u00e3o e celebra\u00e7\u00e3o. No s\u00e1bado (29), primeiro dia do congresso, as atividades foram encerradas com uma Santa Missa presidida pelo Padre Matheus. A celebra\u00e7\u00e3o ocorreu ap\u00f3s a programa\u00e7\u00e3o que reuniu os fi\u00e9is durante o dia. O encontro tamb\u00e9m contou com momentos de conviv\u00eancia entre os participantes, dentro da proposta de espiritualidade da Renova\u00e7\u00e3o Carism\u00e1tica Cat\u00f3lica. J\u00e1 no domingo (30), a programa\u00e7\u00e3o terminou com outra celebra\u00e7\u00e3o eucar\u00edstica. A Santa Missa de encerramento foi presidida pelo Padre Alessandro, assessor eclesi\u00e1stico da Renova\u00e7\u00e3o Carism\u00e1tica Cat\u00f3lica. A cerim\u00f4nia marcou o fim dos dois dias de atividades realizadas em Brumado. Ao longo do congresso, os participantes tiveram contato com diferentes momentos de ora\u00e7\u00e3o, reflex\u00e3o e viv\u00eancia da f\u00e9. A iniciativa integrou o calend\u00e1rio diocesano da RCC e reuniu a comunidade cat\u00f3lica em torno das atividades promovidas pela organiza\u00e7\u00e3o religiosa.<\/p>\n","protected":false},"author":4,"featured_media":0,"comment_status":"open","ping_status":"open","sticky":false,"template":"","format":"standard","meta":{"footnotes":""},"categories":[10,4,61],"tags":[],"class_list":["post-28956","post","type-post","status-publish","format-standard","hentry","category-brumado","category-cidades","category-religiao"],"yoast_head":"<!-- This site is optimized with the Yoast SEO plugin v26.5 - https:\/\/yoast.com\/wordpress\/plugins\/seo\/ -->\n<title>Congresso da Renova\u00e7\u00e3o Carism\u00e1tica Cat\u00f3lica re\u00fane fi\u00e9is em dois dias de programa\u00e7\u00e3o em Brumado - Sudoesteacontece<\/title>\n<meta name=\"robots\" content=\"index, follow, max-snippet:-1, max-image-preview:large, max-video-preview:-1\" \/>\n<link rel=\"canonical\" href=\"https:\/\/sudoesteacontece.com.br\/?p=28956\" \/>\n<meta property=\"og:locale\" content=\"pt_BR\" \/>\n<meta property=\"og:type\" content=\"article\" \/>\n<meta property=\"og:title\" content=\"Congresso da Renova\u00e7\u00e3o Carism\u00e1tica Cat\u00f3lica re\u00fane fi\u00e9is em dois dias de programa\u00e7\u00e3o em Brumado - Sudoesteacontece\" \/>\n<meta property=\"og:description\" content=\"Brumado recebeu, nos dias 29 e 30 de agosto, o XIII Congresso Diocesano da Renova\u00e7\u00e3o Carism\u00e1tica Cat\u00f3lica (RCC) da Diocese de Caetit\u00e9. O encontro ocorreu no Gin\u00e1sio de Esportes Ant\u00f4nio Alves Ribeiro e reuniu fi\u00e9is em uma programa\u00e7\u00e3o com ora\u00e7\u00f5es, prega\u00e7\u00f5es, momentos de anima\u00e7\u00e3o e celebra\u00e7\u00f5es religiosas. A agenda foi organizada ao longo de dois dias e terminou com missas presididas por sacerdotes ligados \u00e0 RCC. Durante o evento, os participantes acompanharam atividades voltadas \u00e0 espiritualidade e \u00e0 reflex\u00e3o sobre a f\u00e9 cat\u00f3lica. A programa\u00e7\u00e3o foi distribu\u00edda entre momentos de ora\u00e7\u00e3o, prega\u00e7\u00e3o e confraterniza\u00e7\u00e3o. As celebra\u00e7\u00f5es eucar\u00edsticas tamb\u00e9m marcaram o encerramento de cada etapa do congresso, reunindo os participantes para momentos de ora\u00e7\u00e3o e celebra\u00e7\u00e3o. No s\u00e1bado (29), primeiro dia do congresso, as atividades foram encerradas com uma Santa Missa presidida pelo Padre Matheus. A celebra\u00e7\u00e3o ocorreu ap\u00f3s a programa\u00e7\u00e3o que reuniu os fi\u00e9is durante o dia. O encontro tamb\u00e9m contou com momentos de conviv\u00eancia entre os participantes, dentro da proposta de espiritualidade da Renova\u00e7\u00e3o Carism\u00e1tica Cat\u00f3lica. J\u00e1 no domingo (30), a programa\u00e7\u00e3o terminou com outra celebra\u00e7\u00e3o eucar\u00edstica. A Santa Missa de encerramento foi presidida pelo Padre Alessandro, assessor eclesi\u00e1stico da Renova\u00e7\u00e3o Carism\u00e1tica Cat\u00f3lica. A cerim\u00f4nia marcou o fim dos dois dias de atividades realizadas em Brumado. Ao longo do congresso, os participantes tiveram contato com diferentes momentos de ora\u00e7\u00e3o, reflex\u00e3o e viv\u00eancia da f\u00e9. A iniciativa integrou o calend\u00e1rio diocesano da RCC e reuniu a comunidade cat\u00f3lica em torno das atividades promovidas pela organiza\u00e7\u00e3o religiosa.\" \/>\n<meta property=\"og:url\" content=\"https:\/\/sudoesteacontece.com.br\/?p=28956\" \/>\n<meta property=\"og:site_name\" content=\"Sudoesteacontece\" \/>\n<meta property=\"article:publisher\" content=\"https:\/\/www.facebook.com\/sudoesteacontece\/?locale=pt_BR\" \/>\n<meta property=\"article:published_time\" content=\"2026-09-01T15:40:40+00:00\" \/>\n<meta property=\"article:modified_time\" content=\"2026-09-01T15:40:45+00:00\" \/>\n<meta property=\"og:image\" content=\"https:\/\/sudoesteacontece.com.br\/wp-content\/uploads\/2026\/09\/Congresso-da-RCC-reune-fieis-em-dois-dias-de-programacao-religiosa-em-Brumado.jpg\" \/>\n\t<meta property=\"og:image:width\" content=\"900\" \/>\n\t<meta property=\"og:image:height\" content=\"600\" \/>\n\t<meta property=\"og:image:type\" content=\"image\/jpeg\" \/>\n<meta name=\"author\" content=\"Reda\u00e7\u00e3o\" \/>\n<meta name=\"twitter:card\" content=\"summary_large_image\" \/>\n<meta name=\"twitter:label1\" content=\"Escrito por\" \/>\n\t<meta name=\"twitter:data1\" content=\"Reda\u00e7\u00e3o\" \/>\n\t<meta name=\"twitter:label2\" content=\"Est. tempo de leitura\" \/>\n\t<meta name=\"twitter:data2\" content=\"2 minutos\" \/>\n<script type=\"application\/ld+json\" class=\"yoast-schema-graph\">{\"@context\":\"https:\/\/schema.org\",\"@graph\":[{\"@type\":\"Article\",\"@id\":\"https:\/\/sudoesteacontece.com.br\/?p=28956#article\",\"isPartOf\":{\"@id\":\"https:\/\/sudoesteacontece.com.br\/?p=28956\"},\"author\":{\"name\":\"Reda\u00e7\u00e3o\",\"@id\":\"https:\/\/sudoesteacontece.com.br\/#\/schema\/person\/a4f22429c1d0923ef8f7d43343f8dc38\"},\"headline\":\"Congresso da Renova\u00e7\u00e3o Carism\u00e1tica Cat\u00f3lica re\u00fane fi\u00e9is em dois dias de programa\u00e7\u00e3o em Brumado\",\"datePublished\":\"2026-09-01T15:40:40+00:00\",\"dateModified\":\"2026-09-01T15:40:45+00:00\",\"mainEntityOfPage\":{\"@id\":\"https:\/\/sudoesteacontece.com.br\/?p=28956\"},\"wordCount\":306,\"commentCount\":0,\"publisher\":{\"@id\":\"https:\/\/sudoesteacontece.com.br\/#organization\"},\"image\":{\"@id\":\"https:\/\/sudoesteacontece.com.br\/?p=28956#primaryimage\"},\"thumbnailUrl\":\"http:\/\/sudoesteacontece.com.br\/wp-content\/uploads\/2026\/09\/Congresso-da-RCC-reune-fieis-em-dois-dias-de-programacao-religiosa-em-Brumado.jpg\",\"articleSection\":[\"Brumado\",\"Cidades\",\"Religi\u00e3o\"],\"inLanguage\":\"pt-BR\",\"potentialAction\":[{\"@type\":\"CommentAction\",\"name\":\"Comment\",\"target\":[\"https:\/\/sudoesteacontece.com.br\/?p=28956#respond\"]}]},{\"@type\":\"WebPage\",\"@id\":\"https:\/\/sudoesteacontece.com.br\/?p=28956\",\"url\":\"https:\/\/sudoesteacontece.com.br\/?p=28956\",\"name\":\"Congresso da Renova\u00e7\u00e3o Carism\u00e1tica Cat\u00f3lica re\u00fane fi\u00e9is em dois dias de programa\u00e7\u00e3o em Brumado - Sudoesteacontece\",\"isPartOf\":{\"@id\":\"https:\/\/sudoesteacontece.com.br\/#website\"},\"primaryImageOfPage\":{\"@id\":\"https:\/\/sudoesteacontece.com.br\/?p=28956#primaryimage\"},\"image\":{\"@id\":\"https:\/\/sudoesteacontece.com.br\/?p=28956#primaryimage\"},\"thumbnailUrl\":\"http:\/\/sudoesteacontece.com.br\/wp-content\/uploads\/2026\/09\/Congresso-da-RCC-reune-fieis-em-dois-dias-de-programacao-religiosa-em-Brumado.jpg\",\"datePublished\":\"2026-09-01T15:40:40+00:00\",\"dateModified\":\"2026-09-01T15:40:45+00:00\",\"breadcrumb\":{\"@id\":\"https:\/\/sudoesteacontece.com.br\/?p=28956#breadcrumb\"},\"inLanguage\":\"pt-BR\",\"potentialAction\":[{\"@type\":\"ReadAction\",\"target\":[\"https:\/\/sudoesteacontece.com.br\/?p=28956\"]}]},{\"@type\":\"ImageObject\",\"inLanguage\":\"pt-BR\",\"@id\":\"https:\/\/sudoesteacontece.com.br\/?p=28956#primaryimage\",\"url\":\"https:\/\/sudoesteacontece.com.br\/wp-content\/uploads\/2026\/09\/Congresso-da-RCC-reune-fieis-em-dois-dias-de-programacao-religiosa-em-Brumado.jpg\",\"contentUrl\":\"https:\/\/sudoesteacontece.com.br\/wp-content\/uploads\/2026\/09\/Congresso-da-RCC-reune-fieis-em-dois-dias-de-programacao-religiosa-em-Brumado.jpg\",\"width\":900,\"height\":600},{\"@type\":\"BreadcrumbList\",\"@id\":\"https:\/\/sudoesteacontece.com.br\/?p=28956#breadcrumb\",\"itemListElement\":[{\"@type\":\"ListItem\",\"position\":1,\"name\":\"In\u00edcio\",\"item\":\"https:\/\/sudoesteacontece.com.br\/\"},{\"@type\":\"ListItem\",\"position\":2,\"name\":\"Congresso da Renova\u00e7\u00e3o Carism\u00e1tica Cat\u00f3lica re\u00fane fi\u00e9is em dois dias de programa\u00e7\u00e3o em Brumado\"}]},{\"@type\":\"WebSite\",\"@id\":\"https:\/\/sudoesteacontece.com.br\/#website\",\"url\":\"https:\/\/sudoesteacontece.com.br\/\",\"name\":\"Sudoesteacontece\",\"description\":\"\",\"publisher\":{\"@id\":\"https:\/\/sudoesteacontece.com.br\/#organization\"},\"potentialAction\":[{\"@type\":\"SearchAction\",\"target\":{\"@type\":\"EntryPoint\",\"urlTemplate\":\"https:\/\/sudoesteacontece.com.br\/?s={search_term_string}\"},\"query-input\":{\"@type\":\"PropertyValueSpecification\",\"valueRequired\":true,\"valueName\":\"search_term_string\"}}],\"inLanguage\":\"pt-BR\"},{\"@type\":\"Organization\",\"@id\":\"https:\/\/sudoesteacontece.com.br\/#organization\",\"name\":\"Sudoesteacontece\",\"url\":\"https:\/\/sudoesteacontece.com.br\/\",\"logo\":{\"@type\":\"ImageObject\",\"inLanguage\":\"pt-BR\",\"@id\":\"https:\/\/sudoesteacontece.com.br\/#\/schema\/logo\/image\/\",\"url\":\"https:\/\/sudoesteacontece.com.br\/wp-content\/uploads\/2025\/12\/cropped-logo-2-180x180-1.png\",\"contentUrl\":\"https:\/\/sudoesteacontece.com.br\/wp-content\/uploads\/2025\/12\/cropped-logo-2-180x180-1.png\",\"width\":180,\"height\":180,\"caption\":\"Sudoesteacontece\"},\"image\":{\"@id\":\"https:\/\/sudoesteacontece.com.br\/#\/schema\/logo\/image\/\"},\"sameAs\":[\"https:\/\/www.facebook.com\/sudoesteacontece\/?locale=pt_BR\"]},{\"@type\":\"Person\",\"@id\":\"https:\/\/sudoesteacontece.com.br\/#\/schema\/person\/a4f22429c1d0923ef8f7d43343f8dc38\",\"name\":\"Reda\u00e7\u00e3o\",\"image\":{\"@type\":\"ImageObject\",\"inLanguage\":\"pt-BR\",\"@id\":\"https:\/\/sudoesteacontece.com.br\/#\/schema\/person\/image\/\",\"url\":\"https:\/\/secure.gravatar.com\/avatar\/c3a5b3c93f268a709c25a2df414c629a96fb3b1b4bf97a94fb3f72e54ae76903?s=96&d=mm&r=g\",\"contentUrl\":\"https:\/\/secure.gravatar.com\/avatar\/c3a5b3c93f268a709c25a2df414c629a96fb3b1b4bf97a94fb3f72e54ae76903?s=96&d=mm&r=g\",\"caption\":\"Reda\u00e7\u00e3o\"},\"url\":\"https:\/\/sudoesteacontece.com.br\/?author=4\"}]}<\/script>\n<!-- \/ Yoast SEO plugin. -->","yoast_head_json":{"title":"Congresso da Renova\u00e7\u00e3o Carism\u00e1tica Cat\u00f3lica re\u00fane fi\u00e9is em dois dias de programa\u00e7\u00e3o em Brumado - Sudoesteacontece","robots":{"index":"index","follow":"follow","max-snippet":"max-snippet:-1","max-image-preview":"max-image-preview:large","max-video-preview":"max-video-preview:-1"},"canonical":"https:\/\/sudoesteacontece.com.br\/?p=28956","og_locale":"pt_BR","og_type":"article","og_title":"Congresso da Renova\u00e7\u00e3o Carism\u00e1tica Cat\u00f3lica re\u00fane fi\u00e9is em dois dias de programa\u00e7\u00e3o em Brumado - Sudoesteacontece","og_description":"Brumado recebeu, nos dias 29 e 30 de agosto, o XIII Congresso Diocesano da Renova\u00e7\u00e3o Carism\u00e1tica Cat\u00f3lica (RCC) da Diocese de Caetit\u00e9. O encontro ocorreu no Gin\u00e1sio de Esportes Ant\u00f4nio Alves Ribeiro e reuniu fi\u00e9is em uma programa\u00e7\u00e3o com ora\u00e7\u00f5es, prega\u00e7\u00f5es, momentos de anima\u00e7\u00e3o e celebra\u00e7\u00f5es religiosas. A agenda foi organizada ao longo de dois dias e terminou com missas presididas por sacerdotes ligados \u00e0 RCC. Durante o evento, os participantes acompanharam atividades voltadas \u00e0 espiritualidade e \u00e0 reflex\u00e3o sobre a f\u00e9 cat\u00f3lica. A programa\u00e7\u00e3o foi distribu\u00edda entre momentos de ora\u00e7\u00e3o, prega\u00e7\u00e3o e confraterniza\u00e7\u00e3o. As celebra\u00e7\u00f5es eucar\u00edsticas tamb\u00e9m marcaram o encerramento de cada etapa do congresso, reunindo os participantes para momentos de ora\u00e7\u00e3o e celebra\u00e7\u00e3o. No s\u00e1bado (29), primeiro dia do congresso, as atividades foram encerradas com uma Santa Missa presidida pelo Padre Matheus. A celebra\u00e7\u00e3o ocorreu ap\u00f3s a programa\u00e7\u00e3o que reuniu os fi\u00e9is durante o dia. O encontro tamb\u00e9m contou com momentos de conviv\u00eancia entre os participantes, dentro da proposta de espiritualidade da Renova\u00e7\u00e3o Carism\u00e1tica Cat\u00f3lica. J\u00e1 no domingo (30), a programa\u00e7\u00e3o terminou com outra celebra\u00e7\u00e3o eucar\u00edstica. A Santa Missa de encerramento foi presidida pelo Padre Alessandro, assessor eclesi\u00e1stico da Renova\u00e7\u00e3o Carism\u00e1tica Cat\u00f3lica. A cerim\u00f4nia marcou o fim dos dois dias de atividades realizadas em Brumado. Ao longo do congresso, os participantes tiveram contato com diferentes momentos de ora\u00e7\u00e3o, reflex\u00e3o e viv\u00eancia da f\u00e9. A iniciativa integrou o calend\u00e1rio diocesano da RCC e reuniu a comunidade cat\u00f3lica em torno das atividades promovidas pela organiza\u00e7\u00e3o religiosa.","og_url":"https:\/\/sudoesteacontece.com.br\/?p=28956","og_site_name":"Sudoesteacontece","article_publisher":"https:\/\/www.facebook.com\/sudoesteacontece\/?locale=pt_BR","article_published_time":"2026-09-01T15:40:40+00:00","article_modified_time":"2026-09-01T15:40:45+00:00","og_image":[{"width":900,"height":600,"url":"https:\/\/sudoesteacontece.com.br\/wp-content\/uploads\/2026\/09\/Congresso-da-RCC-reune-fieis-em-dois-dias-de-programacao-religiosa-em-Brumado.jpg","type":"image\/jpeg"}],"author":"Reda\u00e7\u00e3o","twitter_card":"summary_large_image","twitter_misc":{"Escrito por":"Reda\u00e7\u00e3o","Est. tempo de leitura":"2 minutos"},"schema":{"@context":"https:\/\/schema.org","@graph":[{"@type":"Article","@id":"https:\/\/sudoesteacontece.com.br\/?p=28956#article","isPartOf":{"@id":"https:\/\/sudoesteacontece.com.br\/?p=28956"},"author":{"name":"Reda\u00e7\u00e3o","@id":"https:\/\/sudoesteacontece.com.br\/#\/schema\/person\/a4f22429c1d0923ef8f7d43343f8dc38"},"headline":"Congresso da Renova\u00e7\u00e3o Carism\u00e1tica Cat\u00f3lica re\u00fane fi\u00e9is em dois dias de programa\u00e7\u00e3o em Brumado","datePublished":"2026-09-01T15:40:40+00:00","dateModified":"2026-09-01T15:40:45+00:00","mainEntityOfPage":{"@id":"https:\/\/sudoesteacontece.com.br\/?p=28956"},"wordCount":306,"commentCount":0,"publisher":{"@id":"https:\/\/sudoesteacontece.com.br\/#organization"},"image":{"@id":"https:\/\/sudoesteacontece.com.br\/?p=28956#primaryimage"},"thumbnailUrl":"http:\/\/sudoesteacontece.com.br\/wp-content\/uploads\/2026\/09\/Congresso-da-RCC-reune-fieis-em-dois-dias-de-programacao-religiosa-em-Brumado.jpg","articleSection":["Brumado","Cidades","Religi\u00e3o"],"inLanguage":"pt-BR","potentialAction":[{"@type":"CommentAction","name":"Comment","target":["https:\/\/sudoesteacontece.com.br\/?p=28956#respond"]}]},{"@type":"WebPage","@id":"https:\/\/sudoesteacontece.com.br\/?p=28956","url":"https:\/\/sudoesteacontece.com.br\/?p=28956","name":"Congresso da Renova\u00e7\u00e3o Carism\u00e1tica Cat\u00f3lica re\u00fane fi\u00e9is em dois dias de programa\u00e7\u00e3o em Brumado - Sudoesteacontece","isPartOf":{"@id":"https:\/\/sudoesteacontece.com.br\/#website"},"primaryImageOfPage":{"@id":"https:\/\/sudoesteacontece.com.br\/?p=28956#primaryimage"},"image":{"@id":"https:\/\/sudoesteacontece.com.br\/?p=28956#primaryimage"},"thumbnailUrl":"http:\/\/sudoesteacontece.com.br\/wp-content\/uploads\/2026\/09\/Congresso-da-RCC-reune-fieis-em-dois-dias-de-programacao-religiosa-em-Brumado.jpg","datePublished":"2026-09-01T15:40:40+00:00","dateModified":"2026-09-01T15:40:45+00:00","breadcrumb":{"@id":"https:\/\/sudoesteacontece.com.br\/?p=28956#breadcrumb"},"inLanguage":"pt-BR","potentialAction":[{"@type":"ReadAction","target":["https:\/\/sudoesteacontece.com.br\/?p=28956"]}]},{"@type":"ImageObject","inLanguage":"pt-BR","@id":"https:\/\/sudoesteacontece.com.br\/?p=28956#primaryimage","url":"https:\/\/sudoesteacontece.com.br\/wp-content\/uploads\/2026\/09\/Congresso-da-RCC-reune-fieis-em-dois-dias-de-programacao-religiosa-em-Brumado.jpg","contentUrl":"https:\/\/sudoesteacontece.com.br\/wp-content\/uploads\/2026\/09\/Congresso-da-RCC-reune-fieis-em-dois-dias-de-programacao-religiosa-em-Brumado.jpg","width":900,"height":600},{"@type":"BreadcrumbList","@id":"https:\/\/sudoesteacontece.com.br\/?p=28956#breadcrumb","itemListElement":[{"@type":"ListItem","position":1,"name":"In\u00edcio","item":"https:\/\/sudoesteacontece.com.br\/"},{"@type":"ListItem","position":2,"name":"Congresso da Renova\u00e7\u00e3o Carism\u00e1tica Cat\u00f3lica re\u00fane fi\u00e9is em dois dias de programa\u00e7\u00e3o em Brumado"}]},{"@type":"WebSite","@id":"https:\/\/sudoesteacontece.com.br\/#website","url":"https:\/\/sudoesteacontece.com.br\/","name":"Sudoesteacontece","description":"","publisher":{"@id":"https:\/\/sudoesteacontece.com.br\/#organization"},"potentialAction":[{"@type":"SearchAction","target":{"@type":"EntryPoint","urlTemplate":"https:\/\/sudoesteacontece.com.br\/?s={search_term_string}"},"query-input":{"@type":"PropertyValueSpecification","valueRequired":true,"valueName":"search_term_string"}}],"inLanguage":"pt-BR"},{"@type":"Organization","@id":"https:\/\/sudoesteacontece.com.br\/#organization","name":"Sudoesteacontece","url":"https:\/\/sudoesteacontece.com.br\/","logo":{"@type":"ImageObject","inLanguage":"pt-BR","@id":"https:\/\/sudoesteacontece.com.br\/#\/schema\/logo\/image\/","url":"https:\/\/sudoesteacontece.com.br\/wp-content\/uploads\/2025\/12\/cropped-logo-2-180x180-1.png","contentUrl":"https:\/\/sudoesteacontece.com.br\/wp-content\/uploads\/2025\/12\/cropped-logo-2-180x180-1.png","width":180,"height":180,"caption":"Sudoesteacontece"},"image":{"@id":"https:\/\/sudoesteacontece.com.br\/#\/schema\/logo\/image\/"},"sameAs":["https:\/\/www.facebook.com\/sudoesteacontece\/?locale=pt_BR"]},{"@type":"Person","@id":"https:\/\/sudoesteacontece.com.br\/#\/schema\/person\/a4f22429c1d0923ef8f7d43343f8dc38","name":"Reda\u00e7\u00e3o","image":{"@type":"ImageObject","inLanguage":"pt-BR","@id":"https:\/\/sudoesteacontece.com.br\/#\/schema\/person\/image\/","url":"https:\/\/secure.gravatar.com\/avatar\/c3a5b3c93f268a709c25a2df414c629a96fb3b1b4bf97a94fb3f72e54ae76903?s=96&d=mm&r=g","contentUrl":"https:\/\/secure.gravatar.com\/avatar\/c3a5b3c93f268a709c25a2df414c629a96fb3b1b4bf97a94fb3f72e54ae76903?s=96&d=mm&r=g","caption":"Reda\u00e7\u00e3o"},"url":"https:\/\/sudoesteacontece.com.br\/?author=4"}]}},"_links":{"self":[{"href":"https:\/\/sudoesteacontece.com.br\/index.php?rest_route=\/wp\/v2\/posts\/28956","targetHints":{"allow":["GET"]}}],"collection":[{"href":"https:\/\/sudoesteacontece.com.br\/index.php?rest_route=\/wp\/v2\/posts"}],"about":[{"href":"https:\/\/sudoesteacontece.com.br\/index.php?rest_route=\/wp\/v2\/types\/post"}],"author":[{"embeddable":true,"href":"https:\/\/sudoesteacontece.com.br\/index.php?rest_route=\/wp\/v2\/users\/4"}],"replies":[{"embeddable":true,"href":"https:\/\/sudoesteacontece.com.br\/index.php?rest_route=%2Fwp%2Fv2%2Fcomments&post=28956"}],"version-history":[{"count":1,"href":"https:\/\/sudoesteacontece.com.br\/index.php?rest_route=\/wp\/v2\/posts\/28956\/revisions"}],"predecessor-version":[{"id":29032,"href":"https:\/\/sudoesteacontece.com.br\/index.php?rest_route=\/wp\/v2\/posts\/28956\/revisions\/29032"}],"wp:attachment":[{"href":"https:\/\/sudoesteacontece.com.br\/index.php?rest_route=%2Fwp%2Fv2%2Fmedia&parent=28956"}],"wp:term":[{"taxonomy":"category","embeddable":true,"href":"https:\/\/sudoesteacontece.com.br\/index.php?rest_route=%2Fwp%2Fv2%2Fcategories&post=28956"},{"taxonomy":"post_tag","embeddable":true,"href":"https:\/\/sudoesteacontece.com.br\/index.php?rest_route=%2Fwp%2Fv2%2Ftags&post=28956"}],"curies":[{"name":"wp","href":"https:\/\/api.w.org\/{rel}","templated":true}]}}