{"id":28959,"date":"2026-09-01T12:42:03","date_gmt":"2026-09-01T15:42:03","guid":{"rendered":"https:\/\/sudoesteacontece.com.br\/?p=28959"},"modified":"2026-09-01T12:42:09","modified_gmt":"2026-09-01T15:42:09","slug":"duas-pessoas-sao-presas-por-suspeita-de-envolvimento-na-morte-de-advogado-em-xique-xique","status":"publish","type":"post","link":"https:\/\/sudoesteacontece.com.br\/?p=28959","title":{"rendered":"Duas pessoas s\u00e3o presas por suspeita de envolvimento na morte de advogado em Xique-Xique"},"content":{"rendered":"\n<figure class=\"wp-block-image size-full\"><img fetchpriority=\"high\" decoding=\"async\" width=\"900\" height=\"600\" src=\"http:\/\/sudoesteacontece.com.br\/wp-content\/uploads\/2026\/09\/789679890_1102484918801804_1321395857192091874_n.jpeg\" alt=\"\" class=\"wp-image-28952\" srcset=\"https:\/\/sudoesteacontece.com.br\/wp-content\/uploads\/2026\/09\/789679890_1102484918801804_1321395857192091874_n.jpeg 900w, https:\/\/sudoesteacontece.com.br\/wp-content\/uploads\/2026\/09\/789679890_1102484918801804_1321395857192091874_n-300x200.jpeg 300w, https:\/\/sudoesteacontece.com.br\/wp-content\/uploads\/2026\/09\/789679890_1102484918801804_1321395857192091874_n-768x512.jpeg 768w\" sizes=\"(max-width: 900px) 100vw, 900px\" \/><\/figure>\n\n\n\n<p class=\"wp-block-paragraph\">Duas pessoas foram presas suspeitas de envolvimento na morte do advogado Gabriel da Silva Alves, encontrado morto no fim de semana em Xique-Xique, no oeste da Bahia. O corpo foi localizado ap\u00f3s cerca de uma semana de desaparecimento. A Pol\u00edcia Civil confirmou as pris\u00f5es, mas n\u00e3o informou quando os suspeitos foram detidos nem divulgou detalhes sobre a investiga\u00e7\u00e3o.<\/p>\n\n\n\n<p class=\"wp-block-paragraph\">Gabriel foi visto pela \u00faltima vez em 22 de agosto, durante uma confraterniza\u00e7\u00e3o com amigos em um bar da cidade. Imagens de c\u00e2meras de seguran\u00e7a registraram o advogado deixando o estabelecimento nas proximidades do bairro BNH Velho. Segundo familiares, ele estava de motocicleta quando saiu do local e, posteriormente, fez uma liga\u00e7\u00e3o para um amigo.<\/p>\n\n\n\n<p class=\"wp-block-paragraph\">Depois da chamada, o amigo relatou que n\u00e3o conseguiu compreender o que Gabriel dizia por causa de interfer\u00eancias na liga\u00e7\u00e3o. O advogado n\u00e3o voltou a fazer contato depois disso. Familiares e amigos iniciaram buscas em diferentes \u00e1reas, incluindo regi\u00f5es de caatinga, trechos do rio e im\u00f3veis localizados \u00e0s margens do curso d\u2019\u00e1gua.<\/p>\n\n\n\n<p class=\"wp-block-paragraph\">Durante as dilig\u00eancias, os familiares chegaram a utilizar uma canoa e percorrer casas ribeirinhas em busca de informa\u00e7\u00f5es. O pai do advogado, Ildemar Belarmino Alves, tamb\u00e9m relatou que parentes e amigos analisaram imagens de c\u00e2meras de seguran\u00e7a. A fam\u00edlia ofereceu uma recompensa de R$ 5 mil por informa\u00e7\u00f5es que ajudassem a localizar Gabriel.<\/p>\n\n\n\n<p class=\"wp-block-paragraph\">Segundo a Pol\u00edcia Civil, informa\u00e7\u00f5es sobre a autoria e a motiva\u00e7\u00e3o do crime n\u00e3o ser\u00e3o divulgadas neste momento. A corpora\u00e7\u00e3o informou que mant\u00e9m o sigilo para n\u00e3o comprometer o andamento das investiga\u00e7\u00f5es. Os detalhes sobre a participa\u00e7\u00e3o dos dois presos ainda n\u00e3o foram esclarecidos pelas autoridades.<\/p>\n\n\n\n<p class=\"wp-block-paragraph\">Por fim, o sepultamento de Gabriel ocorreu no domingo (30), no cemit\u00e9rio do BNH Novo, em Xique-Xique. A cerim\u00f4nia reuniu familiares, amigos e moradores da cidade. As investiga\u00e7\u00f5es continuam para esclarecer as circunst\u00e2ncias da morte e identificar todos os envolvidos no caso.<\/p>\n","protected":false},"excerpt":{"rendered":"<p>Duas pessoas foram presas suspeitas de envolvimento na morte do advogado Gabriel da Silva Alves, encontrado morto no fim de semana em Xique-Xique, no oeste da Bahia. O corpo foi localizado ap\u00f3s cerca de uma semana de desaparecimento. A Pol\u00edcia Civil confirmou as pris\u00f5es, mas n\u00e3o informou quando os suspeitos foram detidos nem divulgou detalhes sobre a investiga\u00e7\u00e3o. Gabriel foi visto pela \u00faltima vez em 22 de agosto, durante uma confraterniza\u00e7\u00e3o com amigos em um bar da cidade. Imagens de c\u00e2meras de seguran\u00e7a registraram o advogado deixando o estabelecimento nas proximidades do bairro BNH Velho. Segundo familiares, ele estava de motocicleta quando saiu do local e, posteriormente, fez uma liga\u00e7\u00e3o para um amigo. Depois da chamada, o amigo relatou que n\u00e3o conseguiu compreender o que Gabriel dizia por causa de interfer\u00eancias na liga\u00e7\u00e3o. O advogado n\u00e3o voltou a fazer contato depois disso. Familiares e amigos iniciaram buscas em diferentes \u00e1reas, incluindo regi\u00f5es de caatinga, trechos do rio e im\u00f3veis localizados \u00e0s margens do curso d\u2019\u00e1gua. Durante as dilig\u00eancias, os familiares chegaram a utilizar uma canoa e percorrer casas ribeirinhas em busca de informa\u00e7\u00f5es. O pai do advogado, Ildemar Belarmino Alves, tamb\u00e9m relatou que parentes e amigos analisaram imagens de c\u00e2meras de seguran\u00e7a. A fam\u00edlia ofereceu uma recompensa de R$ 5 mil por informa\u00e7\u00f5es que ajudassem a localizar Gabriel. Segundo a Pol\u00edcia Civil, informa\u00e7\u00f5es sobre a autoria e a motiva\u00e7\u00e3o do crime n\u00e3o ser\u00e3o divulgadas neste momento. A corpora\u00e7\u00e3o informou que mant\u00e9m o sigilo para n\u00e3o comprometer o andamento das investiga\u00e7\u00f5es. Os detalhes sobre a participa\u00e7\u00e3o dos dois presos ainda n\u00e3o foram esclarecidos pelas autoridades. Por fim, o sepultamento de Gabriel ocorreu no domingo (30), no cemit\u00e9rio do BNH Novo, em Xique-Xique. A cerim\u00f4nia reuniu familiares, amigos e moradores da cidade. As investiga\u00e7\u00f5es continuam para esclarecer as circunst\u00e2ncias da morte e identificar todos os envolvidos no caso.<\/p>\n","protected":false},"author":4,"featured_media":0,"comment_status":"open","ping_status":"open","sticky":false,"template":"","format":"standard","meta":{"footnotes":""},"categories":[4,3],"tags":[],"class_list":["post-28959","post","type-post","status-publish","format-standard","hentry","category-cidades","category-policia"],"yoast_head":"<!-- This site is optimized with the Yoast SEO plugin v26.5 - https:\/\/yoast.com\/wordpress\/plugins\/seo\/ -->\n<title>Duas pessoas s\u00e3o presas por suspeita de envolvimento na morte de advogado em Xique-Xique - Sudoesteacontece<\/title>\n<meta name=\"robots\" content=\"index, follow, max-snippet:-1, max-image-preview:large, max-video-preview:-1\" \/>\n<link rel=\"canonical\" href=\"https:\/\/sudoesteacontece.com.br\/?p=28959\" \/>\n<meta property=\"og:locale\" content=\"pt_BR\" \/>\n<meta property=\"og:type\" content=\"article\" \/>\n<meta property=\"og:title\" content=\"Duas pessoas s\u00e3o presas por suspeita de envolvimento na morte de advogado em Xique-Xique - Sudoesteacontece\" \/>\n<meta property=\"og:description\" content=\"Duas pessoas foram presas suspeitas de envolvimento na morte do advogado Gabriel da Silva Alves, encontrado morto no fim de semana em Xique-Xique, no oeste da Bahia. O corpo foi localizado ap\u00f3s cerca de uma semana de desaparecimento. A Pol\u00edcia Civil confirmou as pris\u00f5es, mas n\u00e3o informou quando os suspeitos foram detidos nem divulgou detalhes sobre a investiga\u00e7\u00e3o. Gabriel foi visto pela \u00faltima vez em 22 de agosto, durante uma confraterniza\u00e7\u00e3o com amigos em um bar da cidade. Imagens de c\u00e2meras de seguran\u00e7a registraram o advogado deixando o estabelecimento nas proximidades do bairro BNH Velho. Segundo familiares, ele estava de motocicleta quando saiu do local e, posteriormente, fez uma liga\u00e7\u00e3o para um amigo. Depois da chamada, o amigo relatou que n\u00e3o conseguiu compreender o que Gabriel dizia por causa de interfer\u00eancias na liga\u00e7\u00e3o. O advogado n\u00e3o voltou a fazer contato depois disso. Familiares e amigos iniciaram buscas em diferentes \u00e1reas, incluindo regi\u00f5es de caatinga, trechos do rio e im\u00f3veis localizados \u00e0s margens do curso d\u2019\u00e1gua. Durante as dilig\u00eancias, os familiares chegaram a utilizar uma canoa e percorrer casas ribeirinhas em busca de informa\u00e7\u00f5es. O pai do advogado, Ildemar Belarmino Alves, tamb\u00e9m relatou que parentes e amigos analisaram imagens de c\u00e2meras de seguran\u00e7a. A fam\u00edlia ofereceu uma recompensa de R$ 5 mil por informa\u00e7\u00f5es que ajudassem a localizar Gabriel. Segundo a Pol\u00edcia Civil, informa\u00e7\u00f5es sobre a autoria e a motiva\u00e7\u00e3o do crime n\u00e3o ser\u00e3o divulgadas neste momento. A corpora\u00e7\u00e3o informou que mant\u00e9m o sigilo para n\u00e3o comprometer o andamento das investiga\u00e7\u00f5es. Os detalhes sobre a participa\u00e7\u00e3o dos dois presos ainda n\u00e3o foram esclarecidos pelas autoridades. Por fim, o sepultamento de Gabriel ocorreu no domingo (30), no cemit\u00e9rio do BNH Novo, em Xique-Xique. A cerim\u00f4nia reuniu familiares, amigos e moradores da cidade. As investiga\u00e7\u00f5es continuam para esclarecer as circunst\u00e2ncias da morte e identificar todos os envolvidos no caso.\" \/>\n<meta property=\"og:url\" content=\"https:\/\/sudoesteacontece.com.br\/?p=28959\" \/>\n<meta property=\"og:site_name\" content=\"Sudoesteacontece\" \/>\n<meta property=\"article:publisher\" content=\"https:\/\/www.facebook.com\/sudoesteacontece\/?locale=pt_BR\" \/>\n<meta property=\"article:published_time\" content=\"2026-09-01T15:42:03+00:00\" \/>\n<meta property=\"article:modified_time\" content=\"2026-09-01T15:42:09+00:00\" \/>\n<meta property=\"og:image\" content=\"https:\/\/sudoesteacontece.com.br\/wp-content\/uploads\/2026\/09\/789679890_1102484918801804_1321395857192091874_n.jpeg\" \/>\n\t<meta property=\"og:image:width\" content=\"900\" \/>\n\t<meta property=\"og:image:height\" content=\"600\" \/>\n\t<meta property=\"og:image:type\" content=\"image\/jpeg\" \/>\n<meta name=\"author\" content=\"Reda\u00e7\u00e3o\" \/>\n<meta name=\"twitter:card\" content=\"summary_large_image\" \/>\n<meta name=\"twitter:label1\" content=\"Escrito por\" \/>\n\t<meta name=\"twitter:data1\" content=\"Reda\u00e7\u00e3o\" \/>\n\t<meta name=\"twitter:label2\" content=\"Est. tempo de leitura\" \/>\n\t<meta name=\"twitter:data2\" content=\"2 minutos\" \/>\n<script type=\"application\/ld+json\" class=\"yoast-schema-graph\">{\"@context\":\"https:\/\/schema.org\",\"@graph\":[{\"@type\":\"Article\",\"@id\":\"https:\/\/sudoesteacontece.com.br\/?p=28959#article\",\"isPartOf\":{\"@id\":\"https:\/\/sudoesteacontece.com.br\/?p=28959\"},\"author\":{\"name\":\"Reda\u00e7\u00e3o\",\"@id\":\"https:\/\/sudoesteacontece.com.br\/#\/schema\/person\/a4f22429c1d0923ef8f7d43343f8dc38\"},\"headline\":\"Duas pessoas s\u00e3o presas por suspeita de envolvimento na morte de advogado em Xique-Xique\",\"datePublished\":\"2026-09-01T15:42:03+00:00\",\"dateModified\":\"2026-09-01T15:42:09+00:00\",\"mainEntityOfPage\":{\"@id\":\"https:\/\/sudoesteacontece.com.br\/?p=28959\"},\"wordCount\":356,\"commentCount\":0,\"publisher\":{\"@id\":\"https:\/\/sudoesteacontece.com.br\/#organization\"},\"image\":{\"@id\":\"https:\/\/sudoesteacontece.com.br\/?p=28959#primaryimage\"},\"thumbnailUrl\":\"http:\/\/sudoesteacontece.com.br\/wp-content\/uploads\/2026\/09\/789679890_1102484918801804_1321395857192091874_n.jpeg\",\"articleSection\":[\"Cidades\",\"Pol\u00edcia\"],\"inLanguage\":\"pt-BR\",\"potentialAction\":[{\"@type\":\"CommentAction\",\"name\":\"Comment\",\"target\":[\"https:\/\/sudoesteacontece.com.br\/?p=28959#respond\"]}]},{\"@type\":\"WebPage\",\"@id\":\"https:\/\/sudoesteacontece.com.br\/?p=28959\",\"url\":\"https:\/\/sudoesteacontece.com.br\/?p=28959\",\"name\":\"Duas pessoas s\u00e3o presas por suspeita de envolvimento na morte de advogado em Xique-Xique - Sudoesteacontece\",\"isPartOf\":{\"@id\":\"https:\/\/sudoesteacontece.com.br\/#website\"},\"primaryImageOfPage\":{\"@id\":\"https:\/\/sudoesteacontece.com.br\/?p=28959#primaryimage\"},\"image\":{\"@id\":\"https:\/\/sudoesteacontece.com.br\/?p=28959#primaryimage\"},\"thumbnailUrl\":\"http:\/\/sudoesteacontece.com.br\/wp-content\/uploads\/2026\/09\/789679890_1102484918801804_1321395857192091874_n.jpeg\",\"datePublished\":\"2026-09-01T15:42:03+00:00\",\"dateModified\":\"2026-09-01T15:42:09+00:00\",\"breadcrumb\":{\"@id\":\"https:\/\/sudoesteacontece.com.br\/?p=28959#breadcrumb\"},\"inLanguage\":\"pt-BR\",\"potentialAction\":[{\"@type\":\"ReadAction\",\"target\":[\"https:\/\/sudoesteacontece.com.br\/?p=28959\"]}]},{\"@type\":\"ImageObject\",\"inLanguage\":\"pt-BR\",\"@id\":\"https:\/\/sudoesteacontece.com.br\/?p=28959#primaryimage\",\"url\":\"https:\/\/sudoesteacontece.com.br\/wp-content\/uploads\/2026\/09\/789679890_1102484918801804_1321395857192091874_n.jpeg\",\"contentUrl\":\"https:\/\/sudoesteacontece.com.br\/wp-content\/uploads\/2026\/09\/789679890_1102484918801804_1321395857192091874_n.jpeg\",\"width\":900,\"height\":600},{\"@type\":\"BreadcrumbList\",\"@id\":\"https:\/\/sudoesteacontece.com.br\/?p=28959#breadcrumb\",\"itemListElement\":[{\"@type\":\"ListItem\",\"position\":1,\"name\":\"In\u00edcio\",\"item\":\"https:\/\/sudoesteacontece.com.br\/\"},{\"@type\":\"ListItem\",\"position\":2,\"name\":\"Duas pessoas s\u00e3o presas por suspeita de envolvimento na morte de advogado em Xique-Xique\"}]},{\"@type\":\"WebSite\",\"@id\":\"https:\/\/sudoesteacontece.com.br\/#website\",\"url\":\"https:\/\/sudoesteacontece.com.br\/\",\"name\":\"Sudoesteacontece\",\"description\":\"\",\"publisher\":{\"@id\":\"https:\/\/sudoesteacontece.com.br\/#organization\"},\"potentialAction\":[{\"@type\":\"SearchAction\",\"target\":{\"@type\":\"EntryPoint\",\"urlTemplate\":\"https:\/\/sudoesteacontece.com.br\/?s={search_term_string}\"},\"query-input\":{\"@type\":\"PropertyValueSpecification\",\"valueRequired\":true,\"valueName\":\"search_term_string\"}}],\"inLanguage\":\"pt-BR\"},{\"@type\":\"Organization\",\"@id\":\"https:\/\/sudoesteacontece.com.br\/#organization\",\"name\":\"Sudoesteacontece\",\"url\":\"https:\/\/sudoesteacontece.com.br\/\",\"logo\":{\"@type\":\"ImageObject\",\"inLanguage\":\"pt-BR\",\"@id\":\"https:\/\/sudoesteacontece.com.br\/#\/schema\/logo\/image\/\",\"url\":\"https:\/\/sudoesteacontece.com.br\/wp-content\/uploads\/2025\/12\/cropped-logo-2-180x180-1.png\",\"contentUrl\":\"https:\/\/sudoesteacontece.com.br\/wp-content\/uploads\/2025\/12\/cropped-logo-2-180x180-1.png\",\"width\":180,\"height\":180,\"caption\":\"Sudoesteacontece\"},\"image\":{\"@id\":\"https:\/\/sudoesteacontece.com.br\/#\/schema\/logo\/image\/\"},\"sameAs\":[\"https:\/\/www.facebook.com\/sudoesteacontece\/?locale=pt_BR\"]},{\"@type\":\"Person\",\"@id\":\"https:\/\/sudoesteacontece.com.br\/#\/schema\/person\/a4f22429c1d0923ef8f7d43343f8dc38\",\"name\":\"Reda\u00e7\u00e3o\",\"image\":{\"@type\":\"ImageObject\",\"inLanguage\":\"pt-BR\",\"@id\":\"https:\/\/sudoesteacontece.com.br\/#\/schema\/person\/image\/\",\"url\":\"https:\/\/secure.gravatar.com\/avatar\/c3a5b3c93f268a709c25a2df414c629a96fb3b1b4bf97a94fb3f72e54ae76903?s=96&d=mm&r=g\",\"contentUrl\":\"https:\/\/secure.gravatar.com\/avatar\/c3a5b3c93f268a709c25a2df414c629a96fb3b1b4bf97a94fb3f72e54ae76903?s=96&d=mm&r=g\",\"caption\":\"Reda\u00e7\u00e3o\"},\"url\":\"https:\/\/sudoesteacontece.com.br\/?author=4\"}]}<\/script>\n<!-- \/ Yoast SEO plugin. -->","yoast_head_json":{"title":"Duas pessoas s\u00e3o presas por suspeita de envolvimento na morte de advogado em Xique-Xique - Sudoesteacontece","robots":{"index":"index","follow":"follow","max-snippet":"max-snippet:-1","max-image-preview":"max-image-preview:large","max-video-preview":"max-video-preview:-1"},"canonical":"https:\/\/sudoesteacontece.com.br\/?p=28959","og_locale":"pt_BR","og_type":"article","og_title":"Duas pessoas s\u00e3o presas por suspeita de envolvimento na morte de advogado em Xique-Xique - Sudoesteacontece","og_description":"Duas pessoas foram presas suspeitas de envolvimento na morte do advogado Gabriel da Silva Alves, encontrado morto no fim de semana em Xique-Xique, no oeste da Bahia. O corpo foi localizado ap\u00f3s cerca de uma semana de desaparecimento. A Pol\u00edcia Civil confirmou as pris\u00f5es, mas n\u00e3o informou quando os suspeitos foram detidos nem divulgou detalhes sobre a investiga\u00e7\u00e3o. Gabriel foi visto pela \u00faltima vez em 22 de agosto, durante uma confraterniza\u00e7\u00e3o com amigos em um bar da cidade. Imagens de c\u00e2meras de seguran\u00e7a registraram o advogado deixando o estabelecimento nas proximidades do bairro BNH Velho. Segundo familiares, ele estava de motocicleta quando saiu do local e, posteriormente, fez uma liga\u00e7\u00e3o para um amigo. Depois da chamada, o amigo relatou que n\u00e3o conseguiu compreender o que Gabriel dizia por causa de interfer\u00eancias na liga\u00e7\u00e3o. O advogado n\u00e3o voltou a fazer contato depois disso. Familiares e amigos iniciaram buscas em diferentes \u00e1reas, incluindo regi\u00f5es de caatinga, trechos do rio e im\u00f3veis localizados \u00e0s margens do curso d\u2019\u00e1gua. Durante as dilig\u00eancias, os familiares chegaram a utilizar uma canoa e percorrer casas ribeirinhas em busca de informa\u00e7\u00f5es. O pai do advogado, Ildemar Belarmino Alves, tamb\u00e9m relatou que parentes e amigos analisaram imagens de c\u00e2meras de seguran\u00e7a. A fam\u00edlia ofereceu uma recompensa de R$ 5 mil por informa\u00e7\u00f5es que ajudassem a localizar Gabriel. Segundo a Pol\u00edcia Civil, informa\u00e7\u00f5es sobre a autoria e a motiva\u00e7\u00e3o do crime n\u00e3o ser\u00e3o divulgadas neste momento. A corpora\u00e7\u00e3o informou que mant\u00e9m o sigilo para n\u00e3o comprometer o andamento das investiga\u00e7\u00f5es. Os detalhes sobre a participa\u00e7\u00e3o dos dois presos ainda n\u00e3o foram esclarecidos pelas autoridades. Por fim, o sepultamento de Gabriel ocorreu no domingo (30), no cemit\u00e9rio do BNH Novo, em Xique-Xique. A cerim\u00f4nia reuniu familiares, amigos e moradores da cidade. As investiga\u00e7\u00f5es continuam para esclarecer as circunst\u00e2ncias da morte e identificar todos os envolvidos no caso.","og_url":"https:\/\/sudoesteacontece.com.br\/?p=28959","og_site_name":"Sudoesteacontece","article_publisher":"https:\/\/www.facebook.com\/sudoesteacontece\/?locale=pt_BR","article_published_time":"2026-09-01T15:42:03+00:00","article_modified_time":"2026-09-01T15:42:09+00:00","og_image":[{"width":900,"height":600,"url":"https:\/\/sudoesteacontece.com.br\/wp-content\/uploads\/2026\/09\/789679890_1102484918801804_1321395857192091874_n.jpeg","type":"image\/jpeg"}],"author":"Reda\u00e7\u00e3o","twitter_card":"summary_large_image","twitter_misc":{"Escrito por":"Reda\u00e7\u00e3o","Est. tempo de leitura":"2 minutos"},"schema":{"@context":"https:\/\/schema.org","@graph":[{"@type":"Article","@id":"https:\/\/sudoesteacontece.com.br\/?p=28959#article","isPartOf":{"@id":"https:\/\/sudoesteacontece.com.br\/?p=28959"},"author":{"name":"Reda\u00e7\u00e3o","@id":"https:\/\/sudoesteacontece.com.br\/#\/schema\/person\/a4f22429c1d0923ef8f7d43343f8dc38"},"headline":"Duas pessoas s\u00e3o presas por suspeita de envolvimento na morte de advogado em Xique-Xique","datePublished":"2026-09-01T15:42:03+00:00","dateModified":"2026-09-01T15:42:09+00:00","mainEntityOfPage":{"@id":"https:\/\/sudoesteacontece.com.br\/?p=28959"},"wordCount":356,"commentCount":0,"publisher":{"@id":"https:\/\/sudoesteacontece.com.br\/#organization"},"image":{"@id":"https:\/\/sudoesteacontece.com.br\/?p=28959#primaryimage"},"thumbnailUrl":"http:\/\/sudoesteacontece.com.br\/wp-content\/uploads\/2026\/09\/789679890_1102484918801804_1321395857192091874_n.jpeg","articleSection":["Cidades","Pol\u00edcia"],"inLanguage":"pt-BR","potentialAction":[{"@type":"CommentAction","name":"Comment","target":["https:\/\/sudoesteacontece.com.br\/?p=28959#respond"]}]},{"@type":"WebPage","@id":"https:\/\/sudoesteacontece.com.br\/?p=28959","url":"https:\/\/sudoesteacontece.com.br\/?p=28959","name":"Duas pessoas s\u00e3o presas por suspeita de envolvimento na morte de advogado em Xique-Xique - Sudoesteacontece","isPartOf":{"@id":"https:\/\/sudoesteacontece.com.br\/#website"},"primaryImageOfPage":{"@id":"https:\/\/sudoesteacontece.com.br\/?p=28959#primaryimage"},"image":{"@id":"https:\/\/sudoesteacontece.com.br\/?p=28959#primaryimage"},"thumbnailUrl":"http:\/\/sudoesteacontece.com.br\/wp-content\/uploads\/2026\/09\/789679890_1102484918801804_1321395857192091874_n.jpeg","datePublished":"2026-09-01T15:42:03+00:00","dateModified":"2026-09-01T15:42:09+00:00","breadcrumb":{"@id":"https:\/\/sudoesteacontece.com.br\/?p=28959#breadcrumb"},"inLanguage":"pt-BR","potentialAction":[{"@type":"ReadAction","target":["https:\/\/sudoesteacontece.com.br\/?p=28959"]}]},{"@type":"ImageObject","inLanguage":"pt-BR","@id":"https:\/\/sudoesteacontece.com.br\/?p=28959#primaryimage","url":"https:\/\/sudoesteacontece.com.br\/wp-content\/uploads\/2026\/09\/789679890_1102484918801804_1321395857192091874_n.jpeg","contentUrl":"https:\/\/sudoesteacontece.com.br\/wp-content\/uploads\/2026\/09\/789679890_1102484918801804_1321395857192091874_n.jpeg","width":900,"height":600},{"@type":"BreadcrumbList","@id":"https:\/\/sudoesteacontece.com.br\/?p=28959#breadcrumb","itemListElement":[{"@type":"ListItem","position":1,"name":"In\u00edcio","item":"https:\/\/sudoesteacontece.com.br\/"},{"@type":"ListItem","position":2,"name":"Duas pessoas s\u00e3o presas por suspeita de envolvimento na morte de advogado em Xique-Xique"}]},{"@type":"WebSite","@id":"https:\/\/sudoesteacontece.com.br\/#website","url":"https:\/\/sudoesteacontece.com.br\/","name":"Sudoesteacontece","description":"","publisher":{"@id":"https:\/\/sudoesteacontece.com.br\/#organization"},"potentialAction":[{"@type":"SearchAction","target":{"@type":"EntryPoint","urlTemplate":"https:\/\/sudoesteacontece.com.br\/?s={search_term_string}"},"query-input":{"@type":"PropertyValueSpecification","valueRequired":true,"valueName":"search_term_string"}}],"inLanguage":"pt-BR"},{"@type":"Organization","@id":"https:\/\/sudoesteacontece.com.br\/#organization","name":"Sudoesteacontece","url":"https:\/\/sudoesteacontece.com.br\/","logo":{"@type":"ImageObject","inLanguage":"pt-BR","@id":"https:\/\/sudoesteacontece.com.br\/#\/schema\/logo\/image\/","url":"https:\/\/sudoesteacontece.com.br\/wp-content\/uploads\/2025\/12\/cropped-logo-2-180x180-1.png","contentUrl":"https:\/\/sudoesteacontece.com.br\/wp-content\/uploads\/2025\/12\/cropped-logo-2-180x180-1.png","width":180,"height":180,"caption":"Sudoesteacontece"},"image":{"@id":"https:\/\/sudoesteacontece.com.br\/#\/schema\/logo\/image\/"},"sameAs":["https:\/\/www.facebook.com\/sudoesteacontece\/?locale=pt_BR"]},{"@type":"Person","@id":"https:\/\/sudoesteacontece.com.br\/#\/schema\/person\/a4f22429c1d0923ef8f7d43343f8dc38","name":"Reda\u00e7\u00e3o","image":{"@type":"ImageObject","inLanguage":"pt-BR","@id":"https:\/\/sudoesteacontece.com.br\/#\/schema\/person\/image\/","url":"https:\/\/secure.gravatar.com\/avatar\/c3a5b3c93f268a709c25a2df414c629a96fb3b1b4bf97a94fb3f72e54ae76903?s=96&d=mm&r=g","contentUrl":"https:\/\/secure.gravatar.com\/avatar\/c3a5b3c93f268a709c25a2df414c629a96fb3b1b4bf97a94fb3f72e54ae76903?s=96&d=mm&r=g","caption":"Reda\u00e7\u00e3o"},"url":"https:\/\/sudoesteacontece.com.br\/?author=4"}]}},"_links":{"self":[{"href":"https:\/\/sudoesteacontece.com.br\/index.php?rest_route=\/wp\/v2\/posts\/28959","targetHints":{"allow":["GET"]}}],"collection":[{"href":"https:\/\/sudoesteacontece.com.br\/index.php?rest_route=\/wp\/v2\/posts"}],"about":[{"href":"https:\/\/sudoesteacontece.com.br\/index.php?rest_route=\/wp\/v2\/types\/post"}],"author":[{"embeddable":true,"href":"https:\/\/sudoesteacontece.com.br\/index.php?rest_route=\/wp\/v2\/users\/4"}],"replies":[{"embeddable":true,"href":"https:\/\/sudoesteacontece.com.br\/index.php?rest_route=%2Fwp%2Fv2%2Fcomments&post=28959"}],"version-history":[{"count":1,"href":"https:\/\/sudoesteacontece.com.br\/index.php?rest_route=\/wp\/v2\/posts\/28959\/revisions"}],"predecessor-version":[{"id":29033,"href":"https:\/\/sudoesteacontece.com.br\/index.php?rest_route=\/wp\/v2\/posts\/28959\/revisions\/29033"}],"wp:attachment":[{"href":"https:\/\/sudoesteacontece.com.br\/index.php?rest_route=%2Fwp%2Fv2%2Fmedia&parent=28959"}],"wp:term":[{"taxonomy":"category","embeddable":true,"href":"https:\/\/sudoesteacontece.com.br\/index.php?rest_route=%2Fwp%2Fv2%2Fcategories&post=28959"},{"taxonomy":"post_tag","embeddable":true,"href":"https:\/\/sudoesteacontece.com.br\/index.php?rest_route=%2Fwp%2Fv2%2Ftags&post=28959"}],"curies":[{"name":"wp","href":"https:\/\/api.w.org\/{rel}","templated":true}]}}