{"id":28964,"date":"2026-09-01T12:43:52","date_gmt":"2026-09-01T15:43:52","guid":{"rendered":"https:\/\/sudoesteacontece.com.br\/?p=28964"},"modified":"2026-09-01T12:43:57","modified_gmt":"2026-09-01T15:43:57","slug":"mp-investiga-suspeitas-de-fraudes-em-contratos-de-transporte-escolar-e-maquinas-em-ituacu","status":"publish","type":"post","link":"https:\/\/sudoesteacontece.com.br\/?p=28964","title":{"rendered":"MP investiga suspeitas de fraudes em contratos de transporte escolar e m\u00e1quinas em Itua\u00e7u"},"content":{"rendered":"\n<figure class=\"wp-block-image size-full\"><img fetchpriority=\"high\" decoding=\"async\" width=\"900\" height=\"600\" src=\"http:\/\/sudoesteacontece.com.br\/wp-content\/uploads\/2026\/09\/MP-investiga-suspeitas-de-fraudes-em-contratos-de-transporte-escolar-e-maquinas-em-Ituacu.jpg\" alt=\"\" class=\"wp-image-28986\" srcset=\"https:\/\/sudoesteacontece.com.br\/wp-content\/uploads\/2026\/09\/MP-investiga-suspeitas-de-fraudes-em-contratos-de-transporte-escolar-e-maquinas-em-Ituacu.jpg 900w, https:\/\/sudoesteacontece.com.br\/wp-content\/uploads\/2026\/09\/MP-investiga-suspeitas-de-fraudes-em-contratos-de-transporte-escolar-e-maquinas-em-Ituacu-300x200.jpg 300w, https:\/\/sudoesteacontece.com.br\/wp-content\/uploads\/2026\/09\/MP-investiga-suspeitas-de-fraudes-em-contratos-de-transporte-escolar-e-maquinas-em-Ituacu-768x512.jpg 768w\" sizes=\"(max-width: 900px) 100vw, 900px\" \/><\/figure>\n\n\n\n<p class=\"wp-block-paragraph\">O Minist\u00e9rio P\u00fablico da Bahia instaurou dois inqu\u00e9ritos civis para apurar poss\u00edveis danos aos cofres p\u00fablicos de Itua\u00e7u, na Chapada Diamantina. As investiga\u00e7\u00f5es envolvem contratos firmados durante a gest\u00e3o do ex-prefeito Adalberto Alves Luz, com impacto financeiro registrado em 2018. Os procedimentos analisam servi\u00e7os de transporte escolar e loca\u00e7\u00e3o de ve\u00edculos pesados, m\u00e1quinas e ca\u00e7ambas contratados pela administra\u00e7\u00e3o municipal.<\/p>\n\n\n\n<p class=\"wp-block-paragraph\">Um dos inqu\u00e9ritos, identificado pelo n\u00famero IDEA n\u00ba 112.9.82156\/2026, apura suspeitas de superdimensionamento, sobrepre\u00e7o, superfaturamento e pagamentos sem comprova\u00e7\u00e3o dos servi\u00e7os. A investiga\u00e7\u00e3o envolve contratos celebrados com a Coopvel, a Cactos Administra\u00e7\u00e3o e Servi\u00e7os Eireli ME e a TN Locadora e Servi\u00e7os Ltda. Os documentos abrangem diferentes contratos firmados em 2018.<\/p>\n\n\n\n<p class=\"wp-block-paragraph\">Outro procedimento, de n\u00famero IDEA n\u00ba 112.9.82157\/2026, concentra a apura\u00e7\u00e3o no Contrato n\u00ba 120\/2018, firmado com a Coopvel para a presta\u00e7\u00e3o do transporte escolar. O Minist\u00e9rio P\u00fablico vai verificar poss\u00edveis cobran\u00e7as indevidas por quil\u00f4metro, rota ou aluno, al\u00e9m de pagamentos por quantitativos superiores aos servi\u00e7os realizados ou por itiner\u00e1rios que n\u00e3o teriam sido percorridos.<\/p>\n\n\n\n<p class=\"wp-block-paragraph\">Durante a investiga\u00e7\u00e3o, o \u00f3rg\u00e3o pretende confrontar as 97 linhas previstas na licita\u00e7\u00e3o com relat\u00f3rios sobre a execu\u00e7\u00e3o efetiva do transporte. Tamb\u00e9m ser\u00e3o analisados a composi\u00e7\u00e3o dos custos e os valores repassados pela administra\u00e7\u00e3o municipal. A medida busca verificar se os pagamentos realizados correspondem aos servi\u00e7os efetivamente prestados.<\/p>\n\n\n\n<p class=\"wp-block-paragraph\">Al\u00e9m disso, os procedimentos dever\u00e3o identificar eventuais responsabilidades de agentes p\u00fablicos e privados envolvidos nas contrata\u00e7\u00f5es. A apura\u00e7\u00e3o considera desde o planejamento e os processos licitat\u00f3rios at\u00e9 a fiscaliza\u00e7\u00e3o dos servi\u00e7os, a liquida\u00e7\u00e3o das despesas e a libera\u00e7\u00e3o dos recursos.<\/p>\n\n\n\n<p class=\"wp-block-paragraph\">Por fim, as duas portarias foram assinadas pela promotora de Justi\u00e7a substituta Paula Rainna Nascimento Santos. A abertura dos inqu\u00e9ritos n\u00e3o representa conclus\u00e3o sobre a exist\u00eancia de irregularidades ou responsabilidade dos envolvidos. Os fatos ainda ser\u00e3o investigados pelo Minist\u00e9rio P\u00fablico, que poder\u00e1 adotar novas medidas conforme os elementos reunidos.<\/p>\n","protected":false},"excerpt":{"rendered":"<p>O Minist\u00e9rio P\u00fablico da Bahia instaurou dois inqu\u00e9ritos civis para apurar poss\u00edveis danos aos cofres p\u00fablicos de Itua\u00e7u, na Chapada Diamantina. As investiga\u00e7\u00f5es envolvem contratos firmados durante a gest\u00e3o do ex-prefeito Adalberto Alves Luz, com impacto financeiro registrado em 2018. Os procedimentos analisam servi\u00e7os de transporte escolar e loca\u00e7\u00e3o de ve\u00edculos pesados, m\u00e1quinas e ca\u00e7ambas contratados pela administra\u00e7\u00e3o municipal. Um dos inqu\u00e9ritos, identificado pelo n\u00famero IDEA n\u00ba 112.9.82156\/2026, apura suspeitas de superdimensionamento, sobrepre\u00e7o, superfaturamento e pagamentos sem comprova\u00e7\u00e3o dos servi\u00e7os. A investiga\u00e7\u00e3o envolve contratos celebrados com a Coopvel, a Cactos Administra\u00e7\u00e3o e Servi\u00e7os Eireli ME e a TN Locadora e Servi\u00e7os Ltda. Os documentos abrangem diferentes contratos firmados em 2018. Outro procedimento, de n\u00famero IDEA n\u00ba 112.9.82157\/2026, concentra a apura\u00e7\u00e3o no Contrato n\u00ba 120\/2018, firmado com a Coopvel para a presta\u00e7\u00e3o do transporte escolar. O Minist\u00e9rio P\u00fablico vai verificar poss\u00edveis cobran\u00e7as indevidas por quil\u00f4metro, rota ou aluno, al\u00e9m de pagamentos por quantitativos superiores aos servi\u00e7os realizados ou por itiner\u00e1rios que n\u00e3o teriam sido percorridos. Durante a investiga\u00e7\u00e3o, o \u00f3rg\u00e3o pretende confrontar as 97 linhas previstas na licita\u00e7\u00e3o com relat\u00f3rios sobre a execu\u00e7\u00e3o efetiva do transporte. Tamb\u00e9m ser\u00e3o analisados a composi\u00e7\u00e3o dos custos e os valores repassados pela administra\u00e7\u00e3o municipal. A medida busca verificar se os pagamentos realizados correspondem aos servi\u00e7os efetivamente prestados. Al\u00e9m disso, os procedimentos dever\u00e3o identificar eventuais responsabilidades de agentes p\u00fablicos e privados envolvidos nas contrata\u00e7\u00f5es. A apura\u00e7\u00e3o considera desde o planejamento e os processos licitat\u00f3rios at\u00e9 a fiscaliza\u00e7\u00e3o dos servi\u00e7os, a liquida\u00e7\u00e3o das despesas e a libera\u00e7\u00e3o dos recursos. Por fim, as duas portarias foram assinadas pela promotora de Justi\u00e7a substituta Paula Rainna Nascimento Santos. A abertura dos inqu\u00e9ritos n\u00e3o representa conclus\u00e3o sobre a exist\u00eancia de irregularidades ou responsabilidade dos envolvidos. Os fatos ainda ser\u00e3o investigados pelo Minist\u00e9rio P\u00fablico, que poder\u00e1 adotar novas medidas conforme os elementos reunidos.<\/p>\n","protected":false},"author":4,"featured_media":0,"comment_status":"open","ping_status":"open","sticky":false,"template":"","format":"standard","meta":{"footnotes":""},"categories":[4,56,13,6],"tags":[],"class_list":["post-28964","post","type-post","status-publish","format-standard","hentry","category-cidades","category-ituacu","category-justica","category-politica"],"yoast_head":"<!-- This site is optimized with the Yoast SEO plugin v26.5 - https:\/\/yoast.com\/wordpress\/plugins\/seo\/ -->\n<title>MP investiga suspeitas de fraudes em contratos de transporte escolar e m\u00e1quinas em Itua\u00e7u - Sudoesteacontece<\/title>\n<meta name=\"robots\" content=\"index, follow, max-snippet:-1, max-image-preview:large, max-video-preview:-1\" \/>\n<link rel=\"canonical\" href=\"https:\/\/sudoesteacontece.com.br\/?p=28964\" \/>\n<meta property=\"og:locale\" content=\"pt_BR\" \/>\n<meta property=\"og:type\" content=\"article\" \/>\n<meta property=\"og:title\" content=\"MP investiga suspeitas de fraudes em contratos de transporte escolar e m\u00e1quinas em Itua\u00e7u - Sudoesteacontece\" \/>\n<meta property=\"og:description\" content=\"O Minist\u00e9rio P\u00fablico da Bahia instaurou dois inqu\u00e9ritos civis para apurar poss\u00edveis danos aos cofres p\u00fablicos de Itua\u00e7u, na Chapada Diamantina. As investiga\u00e7\u00f5es envolvem contratos firmados durante a gest\u00e3o do ex-prefeito Adalberto Alves Luz, com impacto financeiro registrado em 2018. Os procedimentos analisam servi\u00e7os de transporte escolar e loca\u00e7\u00e3o de ve\u00edculos pesados, m\u00e1quinas e ca\u00e7ambas contratados pela administra\u00e7\u00e3o municipal. Um dos inqu\u00e9ritos, identificado pelo n\u00famero IDEA n\u00ba 112.9.82156\/2026, apura suspeitas de superdimensionamento, sobrepre\u00e7o, superfaturamento e pagamentos sem comprova\u00e7\u00e3o dos servi\u00e7os. A investiga\u00e7\u00e3o envolve contratos celebrados com a Coopvel, a Cactos Administra\u00e7\u00e3o e Servi\u00e7os Eireli ME e a TN Locadora e Servi\u00e7os Ltda. Os documentos abrangem diferentes contratos firmados em 2018. Outro procedimento, de n\u00famero IDEA n\u00ba 112.9.82157\/2026, concentra a apura\u00e7\u00e3o no Contrato n\u00ba 120\/2018, firmado com a Coopvel para a presta\u00e7\u00e3o do transporte escolar. O Minist\u00e9rio P\u00fablico vai verificar poss\u00edveis cobran\u00e7as indevidas por quil\u00f4metro, rota ou aluno, al\u00e9m de pagamentos por quantitativos superiores aos servi\u00e7os realizados ou por itiner\u00e1rios que n\u00e3o teriam sido percorridos. Durante a investiga\u00e7\u00e3o, o \u00f3rg\u00e3o pretende confrontar as 97 linhas previstas na licita\u00e7\u00e3o com relat\u00f3rios sobre a execu\u00e7\u00e3o efetiva do transporte. Tamb\u00e9m ser\u00e3o analisados a composi\u00e7\u00e3o dos custos e os valores repassados pela administra\u00e7\u00e3o municipal. A medida busca verificar se os pagamentos realizados correspondem aos servi\u00e7os efetivamente prestados. Al\u00e9m disso, os procedimentos dever\u00e3o identificar eventuais responsabilidades de agentes p\u00fablicos e privados envolvidos nas contrata\u00e7\u00f5es. A apura\u00e7\u00e3o considera desde o planejamento e os processos licitat\u00f3rios at\u00e9 a fiscaliza\u00e7\u00e3o dos servi\u00e7os, a liquida\u00e7\u00e3o das despesas e a libera\u00e7\u00e3o dos recursos. Por fim, as duas portarias foram assinadas pela promotora de Justi\u00e7a substituta Paula Rainna Nascimento Santos. A abertura dos inqu\u00e9ritos n\u00e3o representa conclus\u00e3o sobre a exist\u00eancia de irregularidades ou responsabilidade dos envolvidos. Os fatos ainda ser\u00e3o investigados pelo Minist\u00e9rio P\u00fablico, que poder\u00e1 adotar novas medidas conforme os elementos reunidos.\" \/>\n<meta property=\"og:url\" content=\"https:\/\/sudoesteacontece.com.br\/?p=28964\" \/>\n<meta property=\"og:site_name\" content=\"Sudoesteacontece\" \/>\n<meta property=\"article:publisher\" content=\"https:\/\/www.facebook.com\/sudoesteacontece\/?locale=pt_BR\" \/>\n<meta property=\"article:published_time\" content=\"2026-09-01T15:43:52+00:00\" \/>\n<meta property=\"article:modified_time\" content=\"2026-09-01T15:43:57+00:00\" \/>\n<meta property=\"og:image\" content=\"https:\/\/sudoesteacontece.com.br\/wp-content\/uploads\/2026\/09\/MP-investiga-suspeitas-de-fraudes-em-contratos-de-transporte-escolar-e-maquinas-em-Ituacu.jpg\" \/>\n\t<meta property=\"og:image:width\" content=\"900\" \/>\n\t<meta property=\"og:image:height\" content=\"600\" \/>\n\t<meta property=\"og:image:type\" content=\"image\/jpeg\" \/>\n<meta name=\"author\" content=\"Reda\u00e7\u00e3o\" \/>\n<meta name=\"twitter:card\" content=\"summary_large_image\" \/>\n<meta name=\"twitter:label1\" content=\"Escrito por\" \/>\n\t<meta name=\"twitter:data1\" content=\"Reda\u00e7\u00e3o\" \/>\n\t<meta name=\"twitter:label2\" content=\"Est. tempo de leitura\" \/>\n\t<meta name=\"twitter:data2\" content=\"2 minutos\" \/>\n<script type=\"application\/ld+json\" class=\"yoast-schema-graph\">{\"@context\":\"https:\/\/schema.org\",\"@graph\":[{\"@type\":\"Article\",\"@id\":\"https:\/\/sudoesteacontece.com.br\/?p=28964#article\",\"isPartOf\":{\"@id\":\"https:\/\/sudoesteacontece.com.br\/?p=28964\"},\"author\":{\"name\":\"Reda\u00e7\u00e3o\",\"@id\":\"https:\/\/sudoesteacontece.com.br\/#\/schema\/person\/a4f22429c1d0923ef8f7d43343f8dc38\"},\"headline\":\"MP investiga suspeitas de fraudes em contratos de transporte escolar e m\u00e1quinas em Itua\u00e7u\",\"datePublished\":\"2026-09-01T15:43:52+00:00\",\"dateModified\":\"2026-09-01T15:43:57+00:00\",\"mainEntityOfPage\":{\"@id\":\"https:\/\/sudoesteacontece.com.br\/?p=28964\"},\"wordCount\":374,\"commentCount\":0,\"publisher\":{\"@id\":\"https:\/\/sudoesteacontece.com.br\/#organization\"},\"image\":{\"@id\":\"https:\/\/sudoesteacontece.com.br\/?p=28964#primaryimage\"},\"thumbnailUrl\":\"http:\/\/sudoesteacontece.com.br\/wp-content\/uploads\/2026\/09\/MP-investiga-suspeitas-de-fraudes-em-contratos-de-transporte-escolar-e-maquinas-em-Ituacu.jpg\",\"articleSection\":[\"Cidades\",\"Itua\u00e7u\",\"Justi\u00e7a\",\"Pol\u00edtica\"],\"inLanguage\":\"pt-BR\",\"potentialAction\":[{\"@type\":\"CommentAction\",\"name\":\"Comment\",\"target\":[\"https:\/\/sudoesteacontece.com.br\/?p=28964#respond\"]}]},{\"@type\":\"WebPage\",\"@id\":\"https:\/\/sudoesteacontece.com.br\/?p=28964\",\"url\":\"https:\/\/sudoesteacontece.com.br\/?p=28964\",\"name\":\"MP investiga suspeitas de fraudes em contratos de transporte escolar e m\u00e1quinas em Itua\u00e7u - Sudoesteacontece\",\"isPartOf\":{\"@id\":\"https:\/\/sudoesteacontece.com.br\/#website\"},\"primaryImageOfPage\":{\"@id\":\"https:\/\/sudoesteacontece.com.br\/?p=28964#primaryimage\"},\"image\":{\"@id\":\"https:\/\/sudoesteacontece.com.br\/?p=28964#primaryimage\"},\"thumbnailUrl\":\"http:\/\/sudoesteacontece.com.br\/wp-content\/uploads\/2026\/09\/MP-investiga-suspeitas-de-fraudes-em-contratos-de-transporte-escolar-e-maquinas-em-Ituacu.jpg\",\"datePublished\":\"2026-09-01T15:43:52+00:00\",\"dateModified\":\"2026-09-01T15:43:57+00:00\",\"breadcrumb\":{\"@id\":\"https:\/\/sudoesteacontece.com.br\/?p=28964#breadcrumb\"},\"inLanguage\":\"pt-BR\",\"potentialAction\":[{\"@type\":\"ReadAction\",\"target\":[\"https:\/\/sudoesteacontece.com.br\/?p=28964\"]}]},{\"@type\":\"ImageObject\",\"inLanguage\":\"pt-BR\",\"@id\":\"https:\/\/sudoesteacontece.com.br\/?p=28964#primaryimage\",\"url\":\"https:\/\/sudoesteacontece.com.br\/wp-content\/uploads\/2026\/09\/MP-investiga-suspeitas-de-fraudes-em-contratos-de-transporte-escolar-e-maquinas-em-Ituacu.jpg\",\"contentUrl\":\"https:\/\/sudoesteacontece.com.br\/wp-content\/uploads\/2026\/09\/MP-investiga-suspeitas-de-fraudes-em-contratos-de-transporte-escolar-e-maquinas-em-Ituacu.jpg\",\"width\":900,\"height\":600},{\"@type\":\"BreadcrumbList\",\"@id\":\"https:\/\/sudoesteacontece.com.br\/?p=28964#breadcrumb\",\"itemListElement\":[{\"@type\":\"ListItem\",\"position\":1,\"name\":\"In\u00edcio\",\"item\":\"https:\/\/sudoesteacontece.com.br\/\"},{\"@type\":\"ListItem\",\"position\":2,\"name\":\"MP investiga suspeitas de fraudes em contratos de transporte escolar e m\u00e1quinas em Itua\u00e7u\"}]},{\"@type\":\"WebSite\",\"@id\":\"https:\/\/sudoesteacontece.com.br\/#website\",\"url\":\"https:\/\/sudoesteacontece.com.br\/\",\"name\":\"Sudoesteacontece\",\"description\":\"\",\"publisher\":{\"@id\":\"https:\/\/sudoesteacontece.com.br\/#organization\"},\"potentialAction\":[{\"@type\":\"SearchAction\",\"target\":{\"@type\":\"EntryPoint\",\"urlTemplate\":\"https:\/\/sudoesteacontece.com.br\/?s={search_term_string}\"},\"query-input\":{\"@type\":\"PropertyValueSpecification\",\"valueRequired\":true,\"valueName\":\"search_term_string\"}}],\"inLanguage\":\"pt-BR\"},{\"@type\":\"Organization\",\"@id\":\"https:\/\/sudoesteacontece.com.br\/#organization\",\"name\":\"Sudoesteacontece\",\"url\":\"https:\/\/sudoesteacontece.com.br\/\",\"logo\":{\"@type\":\"ImageObject\",\"inLanguage\":\"pt-BR\",\"@id\":\"https:\/\/sudoesteacontece.com.br\/#\/schema\/logo\/image\/\",\"url\":\"https:\/\/sudoesteacontece.com.br\/wp-content\/uploads\/2025\/12\/cropped-logo-2-180x180-1.png\",\"contentUrl\":\"https:\/\/sudoesteacontece.com.br\/wp-content\/uploads\/2025\/12\/cropped-logo-2-180x180-1.png\",\"width\":180,\"height\":180,\"caption\":\"Sudoesteacontece\"},\"image\":{\"@id\":\"https:\/\/sudoesteacontece.com.br\/#\/schema\/logo\/image\/\"},\"sameAs\":[\"https:\/\/www.facebook.com\/sudoesteacontece\/?locale=pt_BR\"]},{\"@type\":\"Person\",\"@id\":\"https:\/\/sudoesteacontece.com.br\/#\/schema\/person\/a4f22429c1d0923ef8f7d43343f8dc38\",\"name\":\"Reda\u00e7\u00e3o\",\"image\":{\"@type\":\"ImageObject\",\"inLanguage\":\"pt-BR\",\"@id\":\"https:\/\/sudoesteacontece.com.br\/#\/schema\/person\/image\/\",\"url\":\"https:\/\/secure.gravatar.com\/avatar\/c3a5b3c93f268a709c25a2df414c629a96fb3b1b4bf97a94fb3f72e54ae76903?s=96&d=mm&r=g\",\"contentUrl\":\"https:\/\/secure.gravatar.com\/avatar\/c3a5b3c93f268a709c25a2df414c629a96fb3b1b4bf97a94fb3f72e54ae76903?s=96&d=mm&r=g\",\"caption\":\"Reda\u00e7\u00e3o\"},\"url\":\"https:\/\/sudoesteacontece.com.br\/?author=4\"}]}<\/script>\n<!-- \/ Yoast SEO plugin. -->","yoast_head_json":{"title":"MP investiga suspeitas de fraudes em contratos de transporte escolar e m\u00e1quinas em Itua\u00e7u - Sudoesteacontece","robots":{"index":"index","follow":"follow","max-snippet":"max-snippet:-1","max-image-preview":"max-image-preview:large","max-video-preview":"max-video-preview:-1"},"canonical":"https:\/\/sudoesteacontece.com.br\/?p=28964","og_locale":"pt_BR","og_type":"article","og_title":"MP investiga suspeitas de fraudes em contratos de transporte escolar e m\u00e1quinas em Itua\u00e7u - Sudoesteacontece","og_description":"O Minist\u00e9rio P\u00fablico da Bahia instaurou dois inqu\u00e9ritos civis para apurar poss\u00edveis danos aos cofres p\u00fablicos de Itua\u00e7u, na Chapada Diamantina. As investiga\u00e7\u00f5es envolvem contratos firmados durante a gest\u00e3o do ex-prefeito Adalberto Alves Luz, com impacto financeiro registrado em 2018. Os procedimentos analisam servi\u00e7os de transporte escolar e loca\u00e7\u00e3o de ve\u00edculos pesados, m\u00e1quinas e ca\u00e7ambas contratados pela administra\u00e7\u00e3o municipal. Um dos inqu\u00e9ritos, identificado pelo n\u00famero IDEA n\u00ba 112.9.82156\/2026, apura suspeitas de superdimensionamento, sobrepre\u00e7o, superfaturamento e pagamentos sem comprova\u00e7\u00e3o dos servi\u00e7os. A investiga\u00e7\u00e3o envolve contratos celebrados com a Coopvel, a Cactos Administra\u00e7\u00e3o e Servi\u00e7os Eireli ME e a TN Locadora e Servi\u00e7os Ltda. Os documentos abrangem diferentes contratos firmados em 2018. Outro procedimento, de n\u00famero IDEA n\u00ba 112.9.82157\/2026, concentra a apura\u00e7\u00e3o no Contrato n\u00ba 120\/2018, firmado com a Coopvel para a presta\u00e7\u00e3o do transporte escolar. O Minist\u00e9rio P\u00fablico vai verificar poss\u00edveis cobran\u00e7as indevidas por quil\u00f4metro, rota ou aluno, al\u00e9m de pagamentos por quantitativos superiores aos servi\u00e7os realizados ou por itiner\u00e1rios que n\u00e3o teriam sido percorridos. Durante a investiga\u00e7\u00e3o, o \u00f3rg\u00e3o pretende confrontar as 97 linhas previstas na licita\u00e7\u00e3o com relat\u00f3rios sobre a execu\u00e7\u00e3o efetiva do transporte. Tamb\u00e9m ser\u00e3o analisados a composi\u00e7\u00e3o dos custos e os valores repassados pela administra\u00e7\u00e3o municipal. A medida busca verificar se os pagamentos realizados correspondem aos servi\u00e7os efetivamente prestados. Al\u00e9m disso, os procedimentos dever\u00e3o identificar eventuais responsabilidades de agentes p\u00fablicos e privados envolvidos nas contrata\u00e7\u00f5es. A apura\u00e7\u00e3o considera desde o planejamento e os processos licitat\u00f3rios at\u00e9 a fiscaliza\u00e7\u00e3o dos servi\u00e7os, a liquida\u00e7\u00e3o das despesas e a libera\u00e7\u00e3o dos recursos. Por fim, as duas portarias foram assinadas pela promotora de Justi\u00e7a substituta Paula Rainna Nascimento Santos. A abertura dos inqu\u00e9ritos n\u00e3o representa conclus\u00e3o sobre a exist\u00eancia de irregularidades ou responsabilidade dos envolvidos. Os fatos ainda ser\u00e3o investigados pelo Minist\u00e9rio P\u00fablico, que poder\u00e1 adotar novas medidas conforme os elementos reunidos.","og_url":"https:\/\/sudoesteacontece.com.br\/?p=28964","og_site_name":"Sudoesteacontece","article_publisher":"https:\/\/www.facebook.com\/sudoesteacontece\/?locale=pt_BR","article_published_time":"2026-09-01T15:43:52+00:00","article_modified_time":"2026-09-01T15:43:57+00:00","og_image":[{"width":900,"height":600,"url":"https:\/\/sudoesteacontece.com.br\/wp-content\/uploads\/2026\/09\/MP-investiga-suspeitas-de-fraudes-em-contratos-de-transporte-escolar-e-maquinas-em-Ituacu.jpg","type":"image\/jpeg"}],"author":"Reda\u00e7\u00e3o","twitter_card":"summary_large_image","twitter_misc":{"Escrito por":"Reda\u00e7\u00e3o","Est. tempo de leitura":"2 minutos"},"schema":{"@context":"https:\/\/schema.org","@graph":[{"@type":"Article","@id":"https:\/\/sudoesteacontece.com.br\/?p=28964#article","isPartOf":{"@id":"https:\/\/sudoesteacontece.com.br\/?p=28964"},"author":{"name":"Reda\u00e7\u00e3o","@id":"https:\/\/sudoesteacontece.com.br\/#\/schema\/person\/a4f22429c1d0923ef8f7d43343f8dc38"},"headline":"MP investiga suspeitas de fraudes em contratos de transporte escolar e m\u00e1quinas em Itua\u00e7u","datePublished":"2026-09-01T15:43:52+00:00","dateModified":"2026-09-01T15:43:57+00:00","mainEntityOfPage":{"@id":"https:\/\/sudoesteacontece.com.br\/?p=28964"},"wordCount":374,"commentCount":0,"publisher":{"@id":"https:\/\/sudoesteacontece.com.br\/#organization"},"image":{"@id":"https:\/\/sudoesteacontece.com.br\/?p=28964#primaryimage"},"thumbnailUrl":"http:\/\/sudoesteacontece.com.br\/wp-content\/uploads\/2026\/09\/MP-investiga-suspeitas-de-fraudes-em-contratos-de-transporte-escolar-e-maquinas-em-Ituacu.jpg","articleSection":["Cidades","Itua\u00e7u","Justi\u00e7a","Pol\u00edtica"],"inLanguage":"pt-BR","potentialAction":[{"@type":"CommentAction","name":"Comment","target":["https:\/\/sudoesteacontece.com.br\/?p=28964#respond"]}]},{"@type":"WebPage","@id":"https:\/\/sudoesteacontece.com.br\/?p=28964","url":"https:\/\/sudoesteacontece.com.br\/?p=28964","name":"MP investiga suspeitas de fraudes em contratos de transporte escolar e m\u00e1quinas em Itua\u00e7u - Sudoesteacontece","isPartOf":{"@id":"https:\/\/sudoesteacontece.com.br\/#website"},"primaryImageOfPage":{"@id":"https:\/\/sudoesteacontece.com.br\/?p=28964#primaryimage"},"image":{"@id":"https:\/\/sudoesteacontece.com.br\/?p=28964#primaryimage"},"thumbnailUrl":"http:\/\/sudoesteacontece.com.br\/wp-content\/uploads\/2026\/09\/MP-investiga-suspeitas-de-fraudes-em-contratos-de-transporte-escolar-e-maquinas-em-Ituacu.jpg","datePublished":"2026-09-01T15:43:52+00:00","dateModified":"2026-09-01T15:43:57+00:00","breadcrumb":{"@id":"https:\/\/sudoesteacontece.com.br\/?p=28964#breadcrumb"},"inLanguage":"pt-BR","potentialAction":[{"@type":"ReadAction","target":["https:\/\/sudoesteacontece.com.br\/?p=28964"]}]},{"@type":"ImageObject","inLanguage":"pt-BR","@id":"https:\/\/sudoesteacontece.com.br\/?p=28964#primaryimage","url":"https:\/\/sudoesteacontece.com.br\/wp-content\/uploads\/2026\/09\/MP-investiga-suspeitas-de-fraudes-em-contratos-de-transporte-escolar-e-maquinas-em-Ituacu.jpg","contentUrl":"https:\/\/sudoesteacontece.com.br\/wp-content\/uploads\/2026\/09\/MP-investiga-suspeitas-de-fraudes-em-contratos-de-transporte-escolar-e-maquinas-em-Ituacu.jpg","width":900,"height":600},{"@type":"BreadcrumbList","@id":"https:\/\/sudoesteacontece.com.br\/?p=28964#breadcrumb","itemListElement":[{"@type":"ListItem","position":1,"name":"In\u00edcio","item":"https:\/\/sudoesteacontece.com.br\/"},{"@type":"ListItem","position":2,"name":"MP investiga suspeitas de fraudes em contratos de transporte escolar e m\u00e1quinas em Itua\u00e7u"}]},{"@type":"WebSite","@id":"https:\/\/sudoesteacontece.com.br\/#website","url":"https:\/\/sudoesteacontece.com.br\/","name":"Sudoesteacontece","description":"","publisher":{"@id":"https:\/\/sudoesteacontece.com.br\/#organization"},"potentialAction":[{"@type":"SearchAction","target":{"@type":"EntryPoint","urlTemplate":"https:\/\/sudoesteacontece.com.br\/?s={search_term_string}"},"query-input":{"@type":"PropertyValueSpecification","valueRequired":true,"valueName":"search_term_string"}}],"inLanguage":"pt-BR"},{"@type":"Organization","@id":"https:\/\/sudoesteacontece.com.br\/#organization","name":"Sudoesteacontece","url":"https:\/\/sudoesteacontece.com.br\/","logo":{"@type":"ImageObject","inLanguage":"pt-BR","@id":"https:\/\/sudoesteacontece.com.br\/#\/schema\/logo\/image\/","url":"https:\/\/sudoesteacontece.com.br\/wp-content\/uploads\/2025\/12\/cropped-logo-2-180x180-1.png","contentUrl":"https:\/\/sudoesteacontece.com.br\/wp-content\/uploads\/2025\/12\/cropped-logo-2-180x180-1.png","width":180,"height":180,"caption":"Sudoesteacontece"},"image":{"@id":"https:\/\/sudoesteacontece.com.br\/#\/schema\/logo\/image\/"},"sameAs":["https:\/\/www.facebook.com\/sudoesteacontece\/?locale=pt_BR"]},{"@type":"Person","@id":"https:\/\/sudoesteacontece.com.br\/#\/schema\/person\/a4f22429c1d0923ef8f7d43343f8dc38","name":"Reda\u00e7\u00e3o","image":{"@type":"ImageObject","inLanguage":"pt-BR","@id":"https:\/\/sudoesteacontece.com.br\/#\/schema\/person\/image\/","url":"https:\/\/secure.gravatar.com\/avatar\/c3a5b3c93f268a709c25a2df414c629a96fb3b1b4bf97a94fb3f72e54ae76903?s=96&d=mm&r=g","contentUrl":"https:\/\/secure.gravatar.com\/avatar\/c3a5b3c93f268a709c25a2df414c629a96fb3b1b4bf97a94fb3f72e54ae76903?s=96&d=mm&r=g","caption":"Reda\u00e7\u00e3o"},"url":"https:\/\/sudoesteacontece.com.br\/?author=4"}]}},"_links":{"self":[{"href":"https:\/\/sudoesteacontece.com.br\/index.php?rest_route=\/wp\/v2\/posts\/28964","targetHints":{"allow":["GET"]}}],"collection":[{"href":"https:\/\/sudoesteacontece.com.br\/index.php?rest_route=\/wp\/v2\/posts"}],"about":[{"href":"https:\/\/sudoesteacontece.com.br\/index.php?rest_route=\/wp\/v2\/types\/post"}],"author":[{"embeddable":true,"href":"https:\/\/sudoesteacontece.com.br\/index.php?rest_route=\/wp\/v2\/users\/4"}],"replies":[{"embeddable":true,"href":"https:\/\/sudoesteacontece.com.br\/index.php?rest_route=%2Fwp%2Fv2%2Fcomments&post=28964"}],"version-history":[{"count":1,"href":"https:\/\/sudoesteacontece.com.br\/index.php?rest_route=\/wp\/v2\/posts\/28964\/revisions"}],"predecessor-version":[{"id":29037,"href":"https:\/\/sudoesteacontece.com.br\/index.php?rest_route=\/wp\/v2\/posts\/28964\/revisions\/29037"}],"wp:attachment":[{"href":"https:\/\/sudoesteacontece.com.br\/index.php?rest_route=%2Fwp%2Fv2%2Fmedia&parent=28964"}],"wp:term":[{"taxonomy":"category","embeddable":true,"href":"https:\/\/sudoesteacontece.com.br\/index.php?rest_route=%2Fwp%2Fv2%2Fcategories&post=28964"},{"taxonomy":"post_tag","embeddable":true,"href":"https:\/\/sudoesteacontece.com.br\/index.php?rest_route=%2Fwp%2Fv2%2Ftags&post=28964"}],"curies":[{"name":"wp","href":"https:\/\/api.w.org\/{rel}","templated":true}]}}