{"id":28975,"date":"2026-09-01T12:42:32","date_gmt":"2026-09-01T15:42:32","guid":{"rendered":"https:\/\/sudoesteacontece.com.br\/?p=28975"},"modified":"2026-09-01T12:43:12","modified_gmt":"2026-09-01T15:43:12","slug":"motociclista-e-arremessado-apos-colisao-com-caminhao-em-ibiassuce","status":"publish","type":"post","link":"https:\/\/sudoesteacontece.com.br\/?p=28975","title":{"rendered":"Motociclista \u00e9 arremessado ap\u00f3s colis\u00e3o com caminh\u00e3o em Ibiassuc\u00ea"},"content":{"rendered":"\n<figure class=\"wp-block-image size-full\"><img fetchpriority=\"high\" decoding=\"async\" width=\"900\" height=\"600\" src=\"http:\/\/sudoesteacontece.com.br\/wp-content\/uploads\/2026\/09\/Motociclista-e-arremessado-apos-colisao-com-caminhao-em-Ibiassuce.jpg\" alt=\"\" class=\"wp-image-28984\" srcset=\"https:\/\/sudoesteacontece.com.br\/wp-content\/uploads\/2026\/09\/Motociclista-e-arremessado-apos-colisao-com-caminhao-em-Ibiassuce.jpg 900w, https:\/\/sudoesteacontece.com.br\/wp-content\/uploads\/2026\/09\/Motociclista-e-arremessado-apos-colisao-com-caminhao-em-Ibiassuce-300x200.jpg 300w, https:\/\/sudoesteacontece.com.br\/wp-content\/uploads\/2026\/09\/Motociclista-e-arremessado-apos-colisao-com-caminhao-em-Ibiassuce-768x512.jpg 768w\" sizes=\"(max-width: 900px) 100vw, 900px\" \/><\/figure>\n\n\n\n<p class=\"wp-block-paragraph\">Um motociclista de 41 anos ficou ferido ap\u00f3s colidir com um caminh\u00e3o na manh\u00e3 deste s\u00e1bado (29), em um cruzamento de Ibiassuc\u00ea, no sudoeste da Bahia. Imagens registraram o acidente e mostram o momento em que a v\u00edtima foi arremessada ap\u00f3s o impacto. O homem seguia para o trabalho quando ocorreu a batida.<\/p>\n\n\n\n<p class=\"wp-block-paragraph\">Por volta das 6h30, a colis\u00e3o aconteceu na Rua Engenheiro Francisco Cardoso. O motociclista conduzia uma Honda CG 150 Fan, enquanto o caminh\u00e3o envolvido era um VW 24.280, dirigido por um homem de 59 anos. Os dois ve\u00edculos trafegavam pela regi\u00e3o quando se envolveram no acidente.<\/p>\n\n\n\n<p class=\"wp-block-paragraph\">Segundo o relato registrado pela Pol\u00edcia Civil, o motociclista afirmou que o caminh\u00e3o teria avan\u00e7ado a sinaliza\u00e7\u00e3o de parada existente no cruzamento. Na sequ\u00eancia, o ve\u00edculo atingiu a motocicleta e provocou a queda do condutor. A din\u00e2mica apresentada pela v\u00edtima ainda dever\u00e1 ser analisada pelas autoridades respons\u00e1veis pela apura\u00e7\u00e3o.<\/p>\n\n\n\n<p class=\"wp-block-paragraph\">Ap\u00f3s a batida, o Servi\u00e7o de Atendimento M\u00f3vel de Urg\u00eancia (Samu) foi acionado para prestar socorro ao motociclista. A v\u00edtima recebeu os primeiros atendimentos ainda no local e, posteriormente, foi encaminhada ao Hospital Municipal S\u00e3o Sebasti\u00e3o para avalia\u00e7\u00e3o m\u00e9dica.<\/p>\n\n\n\n<p class=\"wp-block-paragraph\">As circunst\u00e2ncias da colis\u00e3o dever\u00e3o ser investigadas para esclarecer a din\u00e2mica do acidente. At\u00e9 o momento, as informa\u00e7\u00f5es dispon\u00edveis s\u00e3o baseadas no relato registrado pela v\u00edtima e nos dados iniciais da ocorr\u00eancia.<\/p>\n","protected":false},"excerpt":{"rendered":"<p>Um motociclista de 41 anos ficou ferido ap\u00f3s colidir com um caminh\u00e3o na manh\u00e3 deste s\u00e1bado (29), em um cruzamento de Ibiassuc\u00ea, no sudoeste da Bahia. Imagens registraram o acidente e mostram o momento em que a v\u00edtima foi arremessada ap\u00f3s o impacto. O homem seguia para o trabalho quando ocorreu a batida. Por volta das 6h30, a colis\u00e3o aconteceu na Rua Engenheiro Francisco Cardoso. O motociclista conduzia uma Honda CG 150 Fan, enquanto o caminh\u00e3o envolvido era um VW 24.280, dirigido por um homem de 59 anos. Os dois ve\u00edculos trafegavam pela regi\u00e3o quando se envolveram no acidente. Segundo o relato registrado pela Pol\u00edcia Civil, o motociclista afirmou que o caminh\u00e3o teria avan\u00e7ado a sinaliza\u00e7\u00e3o de parada existente no cruzamento. Na sequ\u00eancia, o ve\u00edculo atingiu a motocicleta e provocou a queda do condutor. A din\u00e2mica apresentada pela v\u00edtima ainda dever\u00e1 ser analisada pelas autoridades respons\u00e1veis pela apura\u00e7\u00e3o. Ap\u00f3s a batida, o Servi\u00e7o de Atendimento M\u00f3vel de Urg\u00eancia (Samu) foi acionado para prestar socorro ao motociclista. A v\u00edtima recebeu os primeiros atendimentos ainda no local e, posteriormente, foi encaminhada ao Hospital Municipal S\u00e3o Sebasti\u00e3o para avalia\u00e7\u00e3o m\u00e9dica. As circunst\u00e2ncias da colis\u00e3o dever\u00e3o ser investigadas para esclarecer a din\u00e2mica do acidente. At\u00e9 o momento, as informa\u00e7\u00f5es dispon\u00edveis s\u00e3o baseadas no relato registrado pela v\u00edtima e nos dados iniciais da ocorr\u00eancia.<\/p>\n","protected":false},"author":4,"featured_media":0,"comment_status":"open","ping_status":"open","sticky":false,"template":"","format":"standard","meta":{"footnotes":""},"categories":[4,88,3],"tags":[],"class_list":["post-28975","post","type-post","status-publish","format-standard","hentry","category-cidades","category-ibiassuce","category-policia"],"yoast_head":"<!-- This site is optimized with the Yoast SEO plugin v26.5 - https:\/\/yoast.com\/wordpress\/plugins\/seo\/ -->\n<title>Motociclista \u00e9 arremessado ap\u00f3s colis\u00e3o com caminh\u00e3o em Ibiassuc\u00ea - Sudoesteacontece<\/title>\n<meta name=\"robots\" content=\"index, follow, max-snippet:-1, max-image-preview:large, max-video-preview:-1\" \/>\n<link rel=\"canonical\" href=\"https:\/\/sudoesteacontece.com.br\/?p=28975\" \/>\n<meta property=\"og:locale\" content=\"pt_BR\" \/>\n<meta property=\"og:type\" content=\"article\" \/>\n<meta property=\"og:title\" content=\"Motociclista \u00e9 arremessado ap\u00f3s colis\u00e3o com caminh\u00e3o em Ibiassuc\u00ea - Sudoesteacontece\" \/>\n<meta property=\"og:description\" content=\"Um motociclista de 41 anos ficou ferido ap\u00f3s colidir com um caminh\u00e3o na manh\u00e3 deste s\u00e1bado (29), em um cruzamento de Ibiassuc\u00ea, no sudoeste da Bahia. Imagens registraram o acidente e mostram o momento em que a v\u00edtima foi arremessada ap\u00f3s o impacto. O homem seguia para o trabalho quando ocorreu a batida. Por volta das 6h30, a colis\u00e3o aconteceu na Rua Engenheiro Francisco Cardoso. O motociclista conduzia uma Honda CG 150 Fan, enquanto o caminh\u00e3o envolvido era um VW 24.280, dirigido por um homem de 59 anos. Os dois ve\u00edculos trafegavam pela regi\u00e3o quando se envolveram no acidente. Segundo o relato registrado pela Pol\u00edcia Civil, o motociclista afirmou que o caminh\u00e3o teria avan\u00e7ado a sinaliza\u00e7\u00e3o de parada existente no cruzamento. Na sequ\u00eancia, o ve\u00edculo atingiu a motocicleta e provocou a queda do condutor. A din\u00e2mica apresentada pela v\u00edtima ainda dever\u00e1 ser analisada pelas autoridades respons\u00e1veis pela apura\u00e7\u00e3o. Ap\u00f3s a batida, o Servi\u00e7o de Atendimento M\u00f3vel de Urg\u00eancia (Samu) foi acionado para prestar socorro ao motociclista. A v\u00edtima recebeu os primeiros atendimentos ainda no local e, posteriormente, foi encaminhada ao Hospital Municipal S\u00e3o Sebasti\u00e3o para avalia\u00e7\u00e3o m\u00e9dica. As circunst\u00e2ncias da colis\u00e3o dever\u00e3o ser investigadas para esclarecer a din\u00e2mica do acidente. At\u00e9 o momento, as informa\u00e7\u00f5es dispon\u00edveis s\u00e3o baseadas no relato registrado pela v\u00edtima e nos dados iniciais da ocorr\u00eancia.\" \/>\n<meta property=\"og:url\" content=\"https:\/\/sudoesteacontece.com.br\/?p=28975\" \/>\n<meta property=\"og:site_name\" content=\"Sudoesteacontece\" \/>\n<meta property=\"article:publisher\" content=\"https:\/\/www.facebook.com\/sudoesteacontece\/?locale=pt_BR\" \/>\n<meta property=\"article:published_time\" content=\"2026-09-01T15:42:32+00:00\" \/>\n<meta property=\"article:modified_time\" content=\"2026-09-01T15:43:12+00:00\" \/>\n<meta property=\"og:image\" content=\"https:\/\/sudoesteacontece.com.br\/wp-content\/uploads\/2026\/09\/Motociclista-e-arremessado-apos-colisao-com-caminhao-em-Ibiassuce.jpg\" \/>\n\t<meta property=\"og:image:width\" content=\"900\" \/>\n\t<meta property=\"og:image:height\" content=\"600\" \/>\n\t<meta property=\"og:image:type\" content=\"image\/jpeg\" \/>\n<meta name=\"author\" content=\"Reda\u00e7\u00e3o\" \/>\n<meta name=\"twitter:card\" content=\"summary_large_image\" \/>\n<meta name=\"twitter:label1\" content=\"Escrito por\" \/>\n\t<meta name=\"twitter:data1\" content=\"Reda\u00e7\u00e3o\" \/>\n\t<meta name=\"twitter:label2\" content=\"Est. tempo de leitura\" \/>\n\t<meta name=\"twitter:data2\" content=\"2 minutos\" \/>\n<script type=\"application\/ld+json\" class=\"yoast-schema-graph\">{\"@context\":\"https:\/\/schema.org\",\"@graph\":[{\"@type\":\"Article\",\"@id\":\"https:\/\/sudoesteacontece.com.br\/?p=28975#article\",\"isPartOf\":{\"@id\":\"https:\/\/sudoesteacontece.com.br\/?p=28975\"},\"author\":{\"name\":\"Reda\u00e7\u00e3o\",\"@id\":\"https:\/\/sudoesteacontece.com.br\/#\/schema\/person\/a4f22429c1d0923ef8f7d43343f8dc38\"},\"headline\":\"Motociclista \u00e9 arremessado ap\u00f3s colis\u00e3o com caminh\u00e3o em Ibiassuc\u00ea\",\"datePublished\":\"2026-09-01T15:42:32+00:00\",\"dateModified\":\"2026-09-01T15:43:12+00:00\",\"mainEntityOfPage\":{\"@id\":\"https:\/\/sudoesteacontece.com.br\/?p=28975\"},\"wordCount\":262,\"commentCount\":0,\"publisher\":{\"@id\":\"https:\/\/sudoesteacontece.com.br\/#organization\"},\"image\":{\"@id\":\"https:\/\/sudoesteacontece.com.br\/?p=28975#primaryimage\"},\"thumbnailUrl\":\"http:\/\/sudoesteacontece.com.br\/wp-content\/uploads\/2026\/09\/Motociclista-e-arremessado-apos-colisao-com-caminhao-em-Ibiassuce.jpg\",\"articleSection\":[\"Cidades\",\"Ibiassuc\u00ea\",\"Pol\u00edcia\"],\"inLanguage\":\"pt-BR\",\"potentialAction\":[{\"@type\":\"CommentAction\",\"name\":\"Comment\",\"target\":[\"https:\/\/sudoesteacontece.com.br\/?p=28975#respond\"]}]},{\"@type\":\"WebPage\",\"@id\":\"https:\/\/sudoesteacontece.com.br\/?p=28975\",\"url\":\"https:\/\/sudoesteacontece.com.br\/?p=28975\",\"name\":\"Motociclista \u00e9 arremessado ap\u00f3s colis\u00e3o com caminh\u00e3o em Ibiassuc\u00ea - Sudoesteacontece\",\"isPartOf\":{\"@id\":\"https:\/\/sudoesteacontece.com.br\/#website\"},\"primaryImageOfPage\":{\"@id\":\"https:\/\/sudoesteacontece.com.br\/?p=28975#primaryimage\"},\"image\":{\"@id\":\"https:\/\/sudoesteacontece.com.br\/?p=28975#primaryimage\"},\"thumbnailUrl\":\"http:\/\/sudoesteacontece.com.br\/wp-content\/uploads\/2026\/09\/Motociclista-e-arremessado-apos-colisao-com-caminhao-em-Ibiassuce.jpg\",\"datePublished\":\"2026-09-01T15:42:32+00:00\",\"dateModified\":\"2026-09-01T15:43:12+00:00\",\"breadcrumb\":{\"@id\":\"https:\/\/sudoesteacontece.com.br\/?p=28975#breadcrumb\"},\"inLanguage\":\"pt-BR\",\"potentialAction\":[{\"@type\":\"ReadAction\",\"target\":[\"https:\/\/sudoesteacontece.com.br\/?p=28975\"]}]},{\"@type\":\"ImageObject\",\"inLanguage\":\"pt-BR\",\"@id\":\"https:\/\/sudoesteacontece.com.br\/?p=28975#primaryimage\",\"url\":\"https:\/\/sudoesteacontece.com.br\/wp-content\/uploads\/2026\/09\/Motociclista-e-arremessado-apos-colisao-com-caminhao-em-Ibiassuce.jpg\",\"contentUrl\":\"https:\/\/sudoesteacontece.com.br\/wp-content\/uploads\/2026\/09\/Motociclista-e-arremessado-apos-colisao-com-caminhao-em-Ibiassuce.jpg\",\"width\":900,\"height\":600},{\"@type\":\"BreadcrumbList\",\"@id\":\"https:\/\/sudoesteacontece.com.br\/?p=28975#breadcrumb\",\"itemListElement\":[{\"@type\":\"ListItem\",\"position\":1,\"name\":\"In\u00edcio\",\"item\":\"https:\/\/sudoesteacontece.com.br\/\"},{\"@type\":\"ListItem\",\"position\":2,\"name\":\"Motociclista \u00e9 arremessado ap\u00f3s colis\u00e3o com caminh\u00e3o em Ibiassuc\u00ea\"}]},{\"@type\":\"WebSite\",\"@id\":\"https:\/\/sudoesteacontece.com.br\/#website\",\"url\":\"https:\/\/sudoesteacontece.com.br\/\",\"name\":\"Sudoesteacontece\",\"description\":\"\",\"publisher\":{\"@id\":\"https:\/\/sudoesteacontece.com.br\/#organization\"},\"potentialAction\":[{\"@type\":\"SearchAction\",\"target\":{\"@type\":\"EntryPoint\",\"urlTemplate\":\"https:\/\/sudoesteacontece.com.br\/?s={search_term_string}\"},\"query-input\":{\"@type\":\"PropertyValueSpecification\",\"valueRequired\":true,\"valueName\":\"search_term_string\"}}],\"inLanguage\":\"pt-BR\"},{\"@type\":\"Organization\",\"@id\":\"https:\/\/sudoesteacontece.com.br\/#organization\",\"name\":\"Sudoesteacontece\",\"url\":\"https:\/\/sudoesteacontece.com.br\/\",\"logo\":{\"@type\":\"ImageObject\",\"inLanguage\":\"pt-BR\",\"@id\":\"https:\/\/sudoesteacontece.com.br\/#\/schema\/logo\/image\/\",\"url\":\"https:\/\/sudoesteacontece.com.br\/wp-content\/uploads\/2025\/12\/cropped-logo-2-180x180-1.png\",\"contentUrl\":\"https:\/\/sudoesteacontece.com.br\/wp-content\/uploads\/2025\/12\/cropped-logo-2-180x180-1.png\",\"width\":180,\"height\":180,\"caption\":\"Sudoesteacontece\"},\"image\":{\"@id\":\"https:\/\/sudoesteacontece.com.br\/#\/schema\/logo\/image\/\"},\"sameAs\":[\"https:\/\/www.facebook.com\/sudoesteacontece\/?locale=pt_BR\"]},{\"@type\":\"Person\",\"@id\":\"https:\/\/sudoesteacontece.com.br\/#\/schema\/person\/a4f22429c1d0923ef8f7d43343f8dc38\",\"name\":\"Reda\u00e7\u00e3o\",\"image\":{\"@type\":\"ImageObject\",\"inLanguage\":\"pt-BR\",\"@id\":\"https:\/\/sudoesteacontece.com.br\/#\/schema\/person\/image\/\",\"url\":\"https:\/\/secure.gravatar.com\/avatar\/c3a5b3c93f268a709c25a2df414c629a96fb3b1b4bf97a94fb3f72e54ae76903?s=96&d=mm&r=g\",\"contentUrl\":\"https:\/\/secure.gravatar.com\/avatar\/c3a5b3c93f268a709c25a2df414c629a96fb3b1b4bf97a94fb3f72e54ae76903?s=96&d=mm&r=g\",\"caption\":\"Reda\u00e7\u00e3o\"},\"url\":\"https:\/\/sudoesteacontece.com.br\/?author=4\"}]}<\/script>\n<!-- \/ Yoast SEO plugin. -->","yoast_head_json":{"title":"Motociclista \u00e9 arremessado ap\u00f3s colis\u00e3o com caminh\u00e3o em Ibiassuc\u00ea - Sudoesteacontece","robots":{"index":"index","follow":"follow","max-snippet":"max-snippet:-1","max-image-preview":"max-image-preview:large","max-video-preview":"max-video-preview:-1"},"canonical":"https:\/\/sudoesteacontece.com.br\/?p=28975","og_locale":"pt_BR","og_type":"article","og_title":"Motociclista \u00e9 arremessado ap\u00f3s colis\u00e3o com caminh\u00e3o em Ibiassuc\u00ea - Sudoesteacontece","og_description":"Um motociclista de 41 anos ficou ferido ap\u00f3s colidir com um caminh\u00e3o na manh\u00e3 deste s\u00e1bado (29), em um cruzamento de Ibiassuc\u00ea, no sudoeste da Bahia. Imagens registraram o acidente e mostram o momento em que a v\u00edtima foi arremessada ap\u00f3s o impacto. O homem seguia para o trabalho quando ocorreu a batida. Por volta das 6h30, a colis\u00e3o aconteceu na Rua Engenheiro Francisco Cardoso. O motociclista conduzia uma Honda CG 150 Fan, enquanto o caminh\u00e3o envolvido era um VW 24.280, dirigido por um homem de 59 anos. Os dois ve\u00edculos trafegavam pela regi\u00e3o quando se envolveram no acidente. Segundo o relato registrado pela Pol\u00edcia Civil, o motociclista afirmou que o caminh\u00e3o teria avan\u00e7ado a sinaliza\u00e7\u00e3o de parada existente no cruzamento. Na sequ\u00eancia, o ve\u00edculo atingiu a motocicleta e provocou a queda do condutor. A din\u00e2mica apresentada pela v\u00edtima ainda dever\u00e1 ser analisada pelas autoridades respons\u00e1veis pela apura\u00e7\u00e3o. Ap\u00f3s a batida, o Servi\u00e7o de Atendimento M\u00f3vel de Urg\u00eancia (Samu) foi acionado para prestar socorro ao motociclista. A v\u00edtima recebeu os primeiros atendimentos ainda no local e, posteriormente, foi encaminhada ao Hospital Municipal S\u00e3o Sebasti\u00e3o para avalia\u00e7\u00e3o m\u00e9dica. As circunst\u00e2ncias da colis\u00e3o dever\u00e3o ser investigadas para esclarecer a din\u00e2mica do acidente. At\u00e9 o momento, as informa\u00e7\u00f5es dispon\u00edveis s\u00e3o baseadas no relato registrado pela v\u00edtima e nos dados iniciais da ocorr\u00eancia.","og_url":"https:\/\/sudoesteacontece.com.br\/?p=28975","og_site_name":"Sudoesteacontece","article_publisher":"https:\/\/www.facebook.com\/sudoesteacontece\/?locale=pt_BR","article_published_time":"2026-09-01T15:42:32+00:00","article_modified_time":"2026-09-01T15:43:12+00:00","og_image":[{"width":900,"height":600,"url":"https:\/\/sudoesteacontece.com.br\/wp-content\/uploads\/2026\/09\/Motociclista-e-arremessado-apos-colisao-com-caminhao-em-Ibiassuce.jpg","type":"image\/jpeg"}],"author":"Reda\u00e7\u00e3o","twitter_card":"summary_large_image","twitter_misc":{"Escrito por":"Reda\u00e7\u00e3o","Est. tempo de leitura":"2 minutos"},"schema":{"@context":"https:\/\/schema.org","@graph":[{"@type":"Article","@id":"https:\/\/sudoesteacontece.com.br\/?p=28975#article","isPartOf":{"@id":"https:\/\/sudoesteacontece.com.br\/?p=28975"},"author":{"name":"Reda\u00e7\u00e3o","@id":"https:\/\/sudoesteacontece.com.br\/#\/schema\/person\/a4f22429c1d0923ef8f7d43343f8dc38"},"headline":"Motociclista \u00e9 arremessado ap\u00f3s colis\u00e3o com caminh\u00e3o em Ibiassuc\u00ea","datePublished":"2026-09-01T15:42:32+00:00","dateModified":"2026-09-01T15:43:12+00:00","mainEntityOfPage":{"@id":"https:\/\/sudoesteacontece.com.br\/?p=28975"},"wordCount":262,"commentCount":0,"publisher":{"@id":"https:\/\/sudoesteacontece.com.br\/#organization"},"image":{"@id":"https:\/\/sudoesteacontece.com.br\/?p=28975#primaryimage"},"thumbnailUrl":"http:\/\/sudoesteacontece.com.br\/wp-content\/uploads\/2026\/09\/Motociclista-e-arremessado-apos-colisao-com-caminhao-em-Ibiassuce.jpg","articleSection":["Cidades","Ibiassuc\u00ea","Pol\u00edcia"],"inLanguage":"pt-BR","potentialAction":[{"@type":"CommentAction","name":"Comment","target":["https:\/\/sudoesteacontece.com.br\/?p=28975#respond"]}]},{"@type":"WebPage","@id":"https:\/\/sudoesteacontece.com.br\/?p=28975","url":"https:\/\/sudoesteacontece.com.br\/?p=28975","name":"Motociclista \u00e9 arremessado ap\u00f3s colis\u00e3o com caminh\u00e3o em Ibiassuc\u00ea - Sudoesteacontece","isPartOf":{"@id":"https:\/\/sudoesteacontece.com.br\/#website"},"primaryImageOfPage":{"@id":"https:\/\/sudoesteacontece.com.br\/?p=28975#primaryimage"},"image":{"@id":"https:\/\/sudoesteacontece.com.br\/?p=28975#primaryimage"},"thumbnailUrl":"http:\/\/sudoesteacontece.com.br\/wp-content\/uploads\/2026\/09\/Motociclista-e-arremessado-apos-colisao-com-caminhao-em-Ibiassuce.jpg","datePublished":"2026-09-01T15:42:32+00:00","dateModified":"2026-09-01T15:43:12+00:00","breadcrumb":{"@id":"https:\/\/sudoesteacontece.com.br\/?p=28975#breadcrumb"},"inLanguage":"pt-BR","potentialAction":[{"@type":"ReadAction","target":["https:\/\/sudoesteacontece.com.br\/?p=28975"]}]},{"@type":"ImageObject","inLanguage":"pt-BR","@id":"https:\/\/sudoesteacontece.com.br\/?p=28975#primaryimage","url":"https:\/\/sudoesteacontece.com.br\/wp-content\/uploads\/2026\/09\/Motociclista-e-arremessado-apos-colisao-com-caminhao-em-Ibiassuce.jpg","contentUrl":"https:\/\/sudoesteacontece.com.br\/wp-content\/uploads\/2026\/09\/Motociclista-e-arremessado-apos-colisao-com-caminhao-em-Ibiassuce.jpg","width":900,"height":600},{"@type":"BreadcrumbList","@id":"https:\/\/sudoesteacontece.com.br\/?p=28975#breadcrumb","itemListElement":[{"@type":"ListItem","position":1,"name":"In\u00edcio","item":"https:\/\/sudoesteacontece.com.br\/"},{"@type":"ListItem","position":2,"name":"Motociclista \u00e9 arremessado ap\u00f3s colis\u00e3o com caminh\u00e3o em Ibiassuc\u00ea"}]},{"@type":"WebSite","@id":"https:\/\/sudoesteacontece.com.br\/#website","url":"https:\/\/sudoesteacontece.com.br\/","name":"Sudoesteacontece","description":"","publisher":{"@id":"https:\/\/sudoesteacontece.com.br\/#organization"},"potentialAction":[{"@type":"SearchAction","target":{"@type":"EntryPoint","urlTemplate":"https:\/\/sudoesteacontece.com.br\/?s={search_term_string}"},"query-input":{"@type":"PropertyValueSpecification","valueRequired":true,"valueName":"search_term_string"}}],"inLanguage":"pt-BR"},{"@type":"Organization","@id":"https:\/\/sudoesteacontece.com.br\/#organization","name":"Sudoesteacontece","url":"https:\/\/sudoesteacontece.com.br\/","logo":{"@type":"ImageObject","inLanguage":"pt-BR","@id":"https:\/\/sudoesteacontece.com.br\/#\/schema\/logo\/image\/","url":"https:\/\/sudoesteacontece.com.br\/wp-content\/uploads\/2025\/12\/cropped-logo-2-180x180-1.png","contentUrl":"https:\/\/sudoesteacontece.com.br\/wp-content\/uploads\/2025\/12\/cropped-logo-2-180x180-1.png","width":180,"height":180,"caption":"Sudoesteacontece"},"image":{"@id":"https:\/\/sudoesteacontece.com.br\/#\/schema\/logo\/image\/"},"sameAs":["https:\/\/www.facebook.com\/sudoesteacontece\/?locale=pt_BR"]},{"@type":"Person","@id":"https:\/\/sudoesteacontece.com.br\/#\/schema\/person\/a4f22429c1d0923ef8f7d43343f8dc38","name":"Reda\u00e7\u00e3o","image":{"@type":"ImageObject","inLanguage":"pt-BR","@id":"https:\/\/sudoesteacontece.com.br\/#\/schema\/person\/image\/","url":"https:\/\/secure.gravatar.com\/avatar\/c3a5b3c93f268a709c25a2df414c629a96fb3b1b4bf97a94fb3f72e54ae76903?s=96&d=mm&r=g","contentUrl":"https:\/\/secure.gravatar.com\/avatar\/c3a5b3c93f268a709c25a2df414c629a96fb3b1b4bf97a94fb3f72e54ae76903?s=96&d=mm&r=g","caption":"Reda\u00e7\u00e3o"},"url":"https:\/\/sudoesteacontece.com.br\/?author=4"}]}},"_links":{"self":[{"href":"https:\/\/sudoesteacontece.com.br\/index.php?rest_route=\/wp\/v2\/posts\/28975","targetHints":{"allow":["GET"]}}],"collection":[{"href":"https:\/\/sudoesteacontece.com.br\/index.php?rest_route=\/wp\/v2\/posts"}],"about":[{"href":"https:\/\/sudoesteacontece.com.br\/index.php?rest_route=\/wp\/v2\/types\/post"}],"author":[{"embeddable":true,"href":"https:\/\/sudoesteacontece.com.br\/index.php?rest_route=\/wp\/v2\/users\/4"}],"replies":[{"embeddable":true,"href":"https:\/\/sudoesteacontece.com.br\/index.php?rest_route=%2Fwp%2Fv2%2Fcomments&post=28975"}],"version-history":[{"count":2,"href":"https:\/\/sudoesteacontece.com.br\/index.php?rest_route=\/wp\/v2\/posts\/28975\/revisions"}],"predecessor-version":[{"id":29036,"href":"https:\/\/sudoesteacontece.com.br\/index.php?rest_route=\/wp\/v2\/posts\/28975\/revisions\/29036"}],"wp:attachment":[{"href":"https:\/\/sudoesteacontece.com.br\/index.php?rest_route=%2Fwp%2Fv2%2Fmedia&parent=28975"}],"wp:term":[{"taxonomy":"category","embeddable":true,"href":"https:\/\/sudoesteacontece.com.br\/index.php?rest_route=%2Fwp%2Fv2%2Fcategories&post=28975"},{"taxonomy":"post_tag","embeddable":true,"href":"https:\/\/sudoesteacontece.com.br\/index.php?rest_route=%2Fwp%2Fv2%2Ftags&post=28975"}],"curies":[{"name":"wp","href":"https:\/\/api.w.org\/{rel}","templated":true}]}}