{"id":29048,"date":"2026-09-01T18:58:31","date_gmt":"2026-09-01T21:58:31","guid":{"rendered":"https:\/\/sudoesteacontece.com.br\/?p=29048"},"modified":"2026-09-01T18:58:36","modified_gmt":"2026-09-01T21:58:36","slug":"rui-costa-perde-acao-contra-marcelo-nilo-por-fala-sobre-aviao-da-fab","status":"publish","type":"post","link":"https:\/\/sudoesteacontece.com.br\/?p=29048","title":{"rendered":"Rui Costa perde a\u00e7\u00e3o contra Marcelo Nilo por fala sobre avi\u00e3o da FAB"},"content":{"rendered":"\n<figure class=\"wp-block-image size-full\"><img fetchpriority=\"high\" decoding=\"async\" width=\"900\" height=\"600\" src=\"http:\/\/sudoesteacontece.com.br\/wp-content\/uploads\/2026\/09\/Rui-Costa-reage-a-criticas-e-chama-ligacao-do-PT-da-Bahia-com-Banco-Master-de-fantasia-mentirosa.jpg\" alt=\"\" class=\"wp-image-29062\" srcset=\"https:\/\/sudoesteacontece.com.br\/wp-content\/uploads\/2026\/09\/Rui-Costa-reage-a-criticas-e-chama-ligacao-do-PT-da-Bahia-com-Banco-Master-de-fantasia-mentirosa.jpg 900w, https:\/\/sudoesteacontece.com.br\/wp-content\/uploads\/2026\/09\/Rui-Costa-reage-a-criticas-e-chama-ligacao-do-PT-da-Bahia-com-Banco-Master-de-fantasia-mentirosa-300x200.jpg 300w, https:\/\/sudoesteacontece.com.br\/wp-content\/uploads\/2026\/09\/Rui-Costa-reage-a-criticas-e-chama-ligacao-do-PT-da-Bahia-com-Banco-Master-de-fantasia-mentirosa-768x512.jpg 768w\" sizes=\"(max-width: 900px) 100vw, 900px\" \/><\/figure>\n\n\n\n<p class=\"wp-block-paragraph\">O ex-ministro da Casa Civil Rui Costa (PT), candidato ao Senado, perdeu a a\u00e7\u00e3o por danos morais movida contra o deputado federal Marcelo Nilo (Republicanos). O processo tratava de declara\u00e7\u00f5es do parlamentar sobre o uso de uma aeronave oficial da For\u00e7a A\u00e9rea Brasileira (FAB) e a exist\u00eancia de propriedades rurais atribu\u00eddas ao ex-governador na Bahia. A senten\u00e7a foi assinada em 19 de agosto de 2026 pelo juiz George James Costa Vieira, da 4\u00aa Vara C\u00edvel de Salvador.<\/p>\n\n\n\n<p class=\"wp-block-paragraph\">Segundo a a\u00e7\u00e3o, Nilo teria afirmado em entrevista, posteriormente divulgada nas redes sociais, que Rui Costa utilizava um avi\u00e3o da FAB para viajar at\u00e9 uma fazenda de sua propriedade em Ipia\u00fa. O ex-ministro alegou que as declara\u00e7\u00f5es eram falsas e difamat\u00f3rias, tiveram ampla repercuss\u00e3o na internet e atingiram sua honra e imagem. Por isso, pediu R$ 60 mil de indeniza\u00e7\u00e3o por danos morais.<\/p>\n\n\n\n<p class=\"wp-block-paragraph\">Marcelo Nilo contestou o processo e afirmou que as declara\u00e7\u00f5es estavam amparadas pela liberdade de express\u00e3o e pelo direito de manifesta\u00e7\u00e3o pol\u00edtica. O deputado sustentou ainda que suas afirma\u00e7\u00f5es tinham como refer\u00eancia informa\u00e7\u00f5es j\u00e1 divulgadas por ve\u00edculos de imprensa. As reportagens citadas abordavam tanto a exist\u00eancia de im\u00f3vel rural relacionado a Rui Costa quanto um deslocamento realizado em aeronave oficial.<\/p>\n\n\n\n<p class=\"wp-block-paragraph\">Ao analisar o caso, o juiz considerou que havia conflito entre a liberdade de express\u00e3o e os direitos \u00e0 honra e \u00e0 imagem. Na avalia\u00e7\u00e3o do magistrado, agentes p\u00fablicos est\u00e3o sujeitos a maior exposi\u00e7\u00e3o perante a sociedade e devem tolerar cr\u00edticas duras e desfavor\u00e1veis quando inseridas no debate pol\u00edtico. A senten\u00e7a tamb\u00e9m destacou que as informa\u00e7\u00f5es mencionadas por Nilo j\u00e1 haviam sido divulgadas anteriormente.<\/p>\n\n\n\n<p class=\"wp-block-paragraph\">Conforme a decis\u00e3o, o deslocamento de Rui Costa em aeronave da FAB, durante per\u00edodo relacionado a festividades tradicionais em Ipia\u00fa, havia sido noticiado em julho de 2025. A exist\u00eancia de im\u00f3vel rural associado ao ex-governador naquela regi\u00e3o tamb\u00e9m era tema de reportagens desde agosto de 2024. Para o magistrado, esses registros davam contexto \u00e0s declara\u00e7\u00f5es feitas pelo deputado durante o embate pol\u00edtico.<\/p>\n\n\n\n<p class=\"wp-block-paragraph\">Ainda de acordo com a senten\u00e7a, o discurso de Marcelo Nilo apresentou tom \u201c\u00e1cido, hiperb\u00f3lico e opinativo\u201d, mas permaneceu relacionado a informa\u00e7\u00f5es anteriormente publicadas. O juiz concluiu que n\u00e3o ficou comprovada a cria\u00e7\u00e3o deliberada de uma informa\u00e7\u00e3o falsa com finalidade exclusiva de atingir Rui Costa. Uma eventual diverg\u00eancia sobre a rota exata da aeronave tamb\u00e9m n\u00e3o foi considerada suficiente para caracterizar dano indeniz\u00e1vel.<\/p>\n\n\n\n<p class=\"wp-block-paragraph\">Com a decis\u00e3o, os pedidos apresentados por Rui Costa foram julgados improcedentes e o processo foi encerrado com resolu\u00e7\u00e3o do m\u00e9rito. O ex-ministro tamb\u00e9m foi condenado ao pagamento das custas e despesas processuais, al\u00e9m de honor\u00e1rios advocat\u00edcios correspondentes a 10% do valor atualizado da causa, fixado em R$ 60 mil.<\/p>\n","protected":false},"excerpt":{"rendered":"<p>O ex-ministro da Casa Civil Rui Costa (PT), candidato ao Senado, perdeu a a\u00e7\u00e3o por danos morais movida contra o deputado federal Marcelo Nilo (Republicanos). O processo tratava de declara\u00e7\u00f5es do parlamentar sobre o uso de uma aeronave oficial da For\u00e7a A\u00e9rea Brasileira (FAB) e a exist\u00eancia de propriedades rurais atribu\u00eddas ao ex-governador na Bahia. A senten\u00e7a foi assinada em 19 de agosto de 2026 pelo juiz George James Costa Vieira, da 4\u00aa Vara C\u00edvel de Salvador. Segundo a a\u00e7\u00e3o, Nilo teria afirmado em entrevista, posteriormente divulgada nas redes sociais, que Rui Costa utilizava um avi\u00e3o da FAB para viajar at\u00e9 uma fazenda de sua propriedade em Ipia\u00fa. O ex-ministro alegou que as declara\u00e7\u00f5es eram falsas e difamat\u00f3rias, tiveram ampla repercuss\u00e3o na internet e atingiram sua honra e imagem. Por isso, pediu R$ 60 mil de indeniza\u00e7\u00e3o por danos morais. Marcelo Nilo contestou o processo e afirmou que as declara\u00e7\u00f5es estavam amparadas pela liberdade de express\u00e3o e pelo direito de manifesta\u00e7\u00e3o pol\u00edtica. O deputado sustentou ainda que suas afirma\u00e7\u00f5es tinham como refer\u00eancia informa\u00e7\u00f5es j\u00e1 divulgadas por ve\u00edculos de imprensa. As reportagens citadas abordavam tanto a exist\u00eancia de im\u00f3vel rural relacionado a Rui Costa quanto um deslocamento realizado em aeronave oficial. Ao analisar o caso, o juiz considerou que havia conflito entre a liberdade de express\u00e3o e os direitos \u00e0 honra e \u00e0 imagem. Na avalia\u00e7\u00e3o do magistrado, agentes p\u00fablicos est\u00e3o sujeitos a maior exposi\u00e7\u00e3o perante a sociedade e devem tolerar cr\u00edticas duras e desfavor\u00e1veis quando inseridas no debate pol\u00edtico. A senten\u00e7a tamb\u00e9m destacou que as informa\u00e7\u00f5es mencionadas por Nilo j\u00e1 haviam sido divulgadas anteriormente. Conforme a decis\u00e3o, o deslocamento de Rui Costa em aeronave da FAB, durante per\u00edodo relacionado a festividades tradicionais em Ipia\u00fa, havia sido noticiado em julho de 2025. A exist\u00eancia de im\u00f3vel rural associado ao ex-governador naquela regi\u00e3o tamb\u00e9m era tema de reportagens desde agosto de 2024. Para o magistrado, esses registros davam contexto \u00e0s declara\u00e7\u00f5es feitas pelo deputado durante o embate pol\u00edtico. Ainda de acordo com a senten\u00e7a, o discurso de Marcelo Nilo apresentou tom \u201c\u00e1cido, hiperb\u00f3lico e opinativo\u201d, mas permaneceu relacionado a informa\u00e7\u00f5es anteriormente publicadas. O juiz concluiu que n\u00e3o ficou comprovada a cria\u00e7\u00e3o deliberada de uma informa\u00e7\u00e3o falsa com finalidade exclusiva de atingir Rui Costa. Uma eventual diverg\u00eancia sobre a rota exata da aeronave tamb\u00e9m n\u00e3o foi considerada suficiente para caracterizar dano indeniz\u00e1vel. Com a decis\u00e3o, os pedidos apresentados por Rui Costa foram julgados improcedentes e o processo foi encerrado com resolu\u00e7\u00e3o do m\u00e9rito. O ex-ministro tamb\u00e9m foi condenado ao pagamento das custas e despesas processuais, al\u00e9m de honor\u00e1rios advocat\u00edcios correspondentes a 10% do valor atualizado da causa, fixado em R$ 60 mil.<\/p>\n","protected":false},"author":4,"featured_media":0,"comment_status":"open","ping_status":"open","sticky":false,"template":"","format":"standard","meta":{"footnotes":""},"categories":[7,58,13,6],"tags":[],"class_list":["post-29048","post","type-post","status-publish","format-standard","hentry","category-bahia","category-eleicoes-2026","category-justica","category-politica"],"yoast_head":"<!-- This site is optimized with the Yoast SEO plugin v26.5 - https:\/\/yoast.com\/wordpress\/plugins\/seo\/ -->\n<title>Rui Costa perde a\u00e7\u00e3o contra Marcelo Nilo por fala sobre avi\u00e3o da FAB - Sudoesteacontece<\/title>\n<meta name=\"robots\" content=\"index, follow, max-snippet:-1, max-image-preview:large, max-video-preview:-1\" \/>\n<link rel=\"canonical\" href=\"https:\/\/sudoesteacontece.com.br\/?p=29048\" \/>\n<meta property=\"og:locale\" content=\"pt_BR\" \/>\n<meta property=\"og:type\" content=\"article\" \/>\n<meta property=\"og:title\" content=\"Rui Costa perde a\u00e7\u00e3o contra Marcelo Nilo por fala sobre avi\u00e3o da FAB - Sudoesteacontece\" \/>\n<meta property=\"og:description\" content=\"O ex-ministro da Casa Civil Rui Costa (PT), candidato ao Senado, perdeu a a\u00e7\u00e3o por danos morais movida contra o deputado federal Marcelo Nilo (Republicanos). O processo tratava de declara\u00e7\u00f5es do parlamentar sobre o uso de uma aeronave oficial da For\u00e7a A\u00e9rea Brasileira (FAB) e a exist\u00eancia de propriedades rurais atribu\u00eddas ao ex-governador na Bahia. A senten\u00e7a foi assinada em 19 de agosto de 2026 pelo juiz George James Costa Vieira, da 4\u00aa Vara C\u00edvel de Salvador. Segundo a a\u00e7\u00e3o, Nilo teria afirmado em entrevista, posteriormente divulgada nas redes sociais, que Rui Costa utilizava um avi\u00e3o da FAB para viajar at\u00e9 uma fazenda de sua propriedade em Ipia\u00fa. O ex-ministro alegou que as declara\u00e7\u00f5es eram falsas e difamat\u00f3rias, tiveram ampla repercuss\u00e3o na internet e atingiram sua honra e imagem. Por isso, pediu R$ 60 mil de indeniza\u00e7\u00e3o por danos morais. Marcelo Nilo contestou o processo e afirmou que as declara\u00e7\u00f5es estavam amparadas pela liberdade de express\u00e3o e pelo direito de manifesta\u00e7\u00e3o pol\u00edtica. O deputado sustentou ainda que suas afirma\u00e7\u00f5es tinham como refer\u00eancia informa\u00e7\u00f5es j\u00e1 divulgadas por ve\u00edculos de imprensa. As reportagens citadas abordavam tanto a exist\u00eancia de im\u00f3vel rural relacionado a Rui Costa quanto um deslocamento realizado em aeronave oficial. Ao analisar o caso, o juiz considerou que havia conflito entre a liberdade de express\u00e3o e os direitos \u00e0 honra e \u00e0 imagem. Na avalia\u00e7\u00e3o do magistrado, agentes p\u00fablicos est\u00e3o sujeitos a maior exposi\u00e7\u00e3o perante a sociedade e devem tolerar cr\u00edticas duras e desfavor\u00e1veis quando inseridas no debate pol\u00edtico. A senten\u00e7a tamb\u00e9m destacou que as informa\u00e7\u00f5es mencionadas por Nilo j\u00e1 haviam sido divulgadas anteriormente. Conforme a decis\u00e3o, o deslocamento de Rui Costa em aeronave da FAB, durante per\u00edodo relacionado a festividades tradicionais em Ipia\u00fa, havia sido noticiado em julho de 2025. A exist\u00eancia de im\u00f3vel rural associado ao ex-governador naquela regi\u00e3o tamb\u00e9m era tema de reportagens desde agosto de 2024. Para o magistrado, esses registros davam contexto \u00e0s declara\u00e7\u00f5es feitas pelo deputado durante o embate pol\u00edtico. Ainda de acordo com a senten\u00e7a, o discurso de Marcelo Nilo apresentou tom \u201c\u00e1cido, hiperb\u00f3lico e opinativo\u201d, mas permaneceu relacionado a informa\u00e7\u00f5es anteriormente publicadas. O juiz concluiu que n\u00e3o ficou comprovada a cria\u00e7\u00e3o deliberada de uma informa\u00e7\u00e3o falsa com finalidade exclusiva de atingir Rui Costa. Uma eventual diverg\u00eancia sobre a rota exata da aeronave tamb\u00e9m n\u00e3o foi considerada suficiente para caracterizar dano indeniz\u00e1vel. Com a decis\u00e3o, os pedidos apresentados por Rui Costa foram julgados improcedentes e o processo foi encerrado com resolu\u00e7\u00e3o do m\u00e9rito. O ex-ministro tamb\u00e9m foi condenado ao pagamento das custas e despesas processuais, al\u00e9m de honor\u00e1rios advocat\u00edcios correspondentes a 10% do valor atualizado da causa, fixado em R$ 60 mil.\" \/>\n<meta property=\"og:url\" content=\"https:\/\/sudoesteacontece.com.br\/?p=29048\" \/>\n<meta property=\"og:site_name\" content=\"Sudoesteacontece\" \/>\n<meta property=\"article:publisher\" content=\"https:\/\/www.facebook.com\/sudoesteacontece\/?locale=pt_BR\" \/>\n<meta property=\"article:published_time\" content=\"2026-09-01T21:58:31+00:00\" \/>\n<meta property=\"article:modified_time\" content=\"2026-09-01T21:58:36+00:00\" \/>\n<meta property=\"og:image\" content=\"https:\/\/sudoesteacontece.com.br\/wp-content\/uploads\/2026\/09\/Rui-Costa-reage-a-criticas-e-chama-ligacao-do-PT-da-Bahia-com-Banco-Master-de-fantasia-mentirosa.jpg\" \/>\n\t<meta property=\"og:image:width\" content=\"900\" \/>\n\t<meta property=\"og:image:height\" content=\"600\" \/>\n\t<meta property=\"og:image:type\" content=\"image\/jpeg\" \/>\n<meta name=\"author\" content=\"Reda\u00e7\u00e3o\" \/>\n<meta name=\"twitter:card\" content=\"summary_large_image\" \/>\n<meta name=\"twitter:label1\" content=\"Escrito por\" \/>\n\t<meta name=\"twitter:data1\" content=\"Reda\u00e7\u00e3o\" \/>\n\t<meta name=\"twitter:label2\" content=\"Est. tempo de leitura\" \/>\n\t<meta name=\"twitter:data2\" content=\"3 minutos\" \/>\n<script type=\"application\/ld+json\" class=\"yoast-schema-graph\">{\"@context\":\"https:\/\/schema.org\",\"@graph\":[{\"@type\":\"Article\",\"@id\":\"https:\/\/sudoesteacontece.com.br\/?p=29048#article\",\"isPartOf\":{\"@id\":\"https:\/\/sudoesteacontece.com.br\/?p=29048\"},\"author\":{\"name\":\"Reda\u00e7\u00e3o\",\"@id\":\"https:\/\/sudoesteacontece.com.br\/#\/schema\/person\/a4f22429c1d0923ef8f7d43343f8dc38\"},\"headline\":\"Rui Costa perde a\u00e7\u00e3o contra Marcelo Nilo por fala sobre avi\u00e3o da FAB\",\"datePublished\":\"2026-09-01T21:58:31+00:00\",\"dateModified\":\"2026-09-01T21:58:36+00:00\",\"mainEntityOfPage\":{\"@id\":\"https:\/\/sudoesteacontece.com.br\/?p=29048\"},\"wordCount\":504,\"commentCount\":0,\"publisher\":{\"@id\":\"https:\/\/sudoesteacontece.com.br\/#organization\"},\"image\":{\"@id\":\"https:\/\/sudoesteacontece.com.br\/?p=29048#primaryimage\"},\"thumbnailUrl\":\"http:\/\/sudoesteacontece.com.br\/wp-content\/uploads\/2026\/09\/Rui-Costa-reage-a-criticas-e-chama-ligacao-do-PT-da-Bahia-com-Banco-Master-de-fantasia-mentirosa.jpg\",\"articleSection\":[\"Bahia\",\"Elei\u00e7\u00f5es 2026\",\"Justi\u00e7a\",\"Pol\u00edtica\"],\"inLanguage\":\"pt-BR\",\"potentialAction\":[{\"@type\":\"CommentAction\",\"name\":\"Comment\",\"target\":[\"https:\/\/sudoesteacontece.com.br\/?p=29048#respond\"]}]},{\"@type\":\"WebPage\",\"@id\":\"https:\/\/sudoesteacontece.com.br\/?p=29048\",\"url\":\"https:\/\/sudoesteacontece.com.br\/?p=29048\",\"name\":\"Rui Costa perde a\u00e7\u00e3o contra Marcelo Nilo por fala sobre avi\u00e3o da FAB - Sudoesteacontece\",\"isPartOf\":{\"@id\":\"https:\/\/sudoesteacontece.com.br\/#website\"},\"primaryImageOfPage\":{\"@id\":\"https:\/\/sudoesteacontece.com.br\/?p=29048#primaryimage\"},\"image\":{\"@id\":\"https:\/\/sudoesteacontece.com.br\/?p=29048#primaryimage\"},\"thumbnailUrl\":\"http:\/\/sudoesteacontece.com.br\/wp-content\/uploads\/2026\/09\/Rui-Costa-reage-a-criticas-e-chama-ligacao-do-PT-da-Bahia-com-Banco-Master-de-fantasia-mentirosa.jpg\",\"datePublished\":\"2026-09-01T21:58:31+00:00\",\"dateModified\":\"2026-09-01T21:58:36+00:00\",\"breadcrumb\":{\"@id\":\"https:\/\/sudoesteacontece.com.br\/?p=29048#breadcrumb\"},\"inLanguage\":\"pt-BR\",\"potentialAction\":[{\"@type\":\"ReadAction\",\"target\":[\"https:\/\/sudoesteacontece.com.br\/?p=29048\"]}]},{\"@type\":\"ImageObject\",\"inLanguage\":\"pt-BR\",\"@id\":\"https:\/\/sudoesteacontece.com.br\/?p=29048#primaryimage\",\"url\":\"https:\/\/sudoesteacontece.com.br\/wp-content\/uploads\/2026\/09\/Rui-Costa-reage-a-criticas-e-chama-ligacao-do-PT-da-Bahia-com-Banco-Master-de-fantasia-mentirosa.jpg\",\"contentUrl\":\"https:\/\/sudoesteacontece.com.br\/wp-content\/uploads\/2026\/09\/Rui-Costa-reage-a-criticas-e-chama-ligacao-do-PT-da-Bahia-com-Banco-Master-de-fantasia-mentirosa.jpg\",\"width\":900,\"height\":600},{\"@type\":\"BreadcrumbList\",\"@id\":\"https:\/\/sudoesteacontece.com.br\/?p=29048#breadcrumb\",\"itemListElement\":[{\"@type\":\"ListItem\",\"position\":1,\"name\":\"In\u00edcio\",\"item\":\"https:\/\/sudoesteacontece.com.br\/\"},{\"@type\":\"ListItem\",\"position\":2,\"name\":\"Rui Costa perde a\u00e7\u00e3o contra Marcelo Nilo por fala sobre avi\u00e3o da FAB\"}]},{\"@type\":\"WebSite\",\"@id\":\"https:\/\/sudoesteacontece.com.br\/#website\",\"url\":\"https:\/\/sudoesteacontece.com.br\/\",\"name\":\"Sudoesteacontece\",\"description\":\"\",\"publisher\":{\"@id\":\"https:\/\/sudoesteacontece.com.br\/#organization\"},\"potentialAction\":[{\"@type\":\"SearchAction\",\"target\":{\"@type\":\"EntryPoint\",\"urlTemplate\":\"https:\/\/sudoesteacontece.com.br\/?s={search_term_string}\"},\"query-input\":{\"@type\":\"PropertyValueSpecification\",\"valueRequired\":true,\"valueName\":\"search_term_string\"}}],\"inLanguage\":\"pt-BR\"},{\"@type\":\"Organization\",\"@id\":\"https:\/\/sudoesteacontece.com.br\/#organization\",\"name\":\"Sudoesteacontece\",\"url\":\"https:\/\/sudoesteacontece.com.br\/\",\"logo\":{\"@type\":\"ImageObject\",\"inLanguage\":\"pt-BR\",\"@id\":\"https:\/\/sudoesteacontece.com.br\/#\/schema\/logo\/image\/\",\"url\":\"https:\/\/sudoesteacontece.com.br\/wp-content\/uploads\/2025\/12\/cropped-logo-2-180x180-1.png\",\"contentUrl\":\"https:\/\/sudoesteacontece.com.br\/wp-content\/uploads\/2025\/12\/cropped-logo-2-180x180-1.png\",\"width\":180,\"height\":180,\"caption\":\"Sudoesteacontece\"},\"image\":{\"@id\":\"https:\/\/sudoesteacontece.com.br\/#\/schema\/logo\/image\/\"},\"sameAs\":[\"https:\/\/www.facebook.com\/sudoesteacontece\/?locale=pt_BR\"]},{\"@type\":\"Person\",\"@id\":\"https:\/\/sudoesteacontece.com.br\/#\/schema\/person\/a4f22429c1d0923ef8f7d43343f8dc38\",\"name\":\"Reda\u00e7\u00e3o\",\"image\":{\"@type\":\"ImageObject\",\"inLanguage\":\"pt-BR\",\"@id\":\"https:\/\/sudoesteacontece.com.br\/#\/schema\/person\/image\/\",\"url\":\"https:\/\/secure.gravatar.com\/avatar\/c3a5b3c93f268a709c25a2df414c629a96fb3b1b4bf97a94fb3f72e54ae76903?s=96&d=mm&r=g\",\"contentUrl\":\"https:\/\/secure.gravatar.com\/avatar\/c3a5b3c93f268a709c25a2df414c629a96fb3b1b4bf97a94fb3f72e54ae76903?s=96&d=mm&r=g\",\"caption\":\"Reda\u00e7\u00e3o\"},\"url\":\"https:\/\/sudoesteacontece.com.br\/?author=4\"}]}<\/script>\n<!-- \/ Yoast SEO plugin. -->","yoast_head_json":{"title":"Rui Costa perde a\u00e7\u00e3o contra Marcelo Nilo por fala sobre avi\u00e3o da FAB - Sudoesteacontece","robots":{"index":"index","follow":"follow","max-snippet":"max-snippet:-1","max-image-preview":"max-image-preview:large","max-video-preview":"max-video-preview:-1"},"canonical":"https:\/\/sudoesteacontece.com.br\/?p=29048","og_locale":"pt_BR","og_type":"article","og_title":"Rui Costa perde a\u00e7\u00e3o contra Marcelo Nilo por fala sobre avi\u00e3o da FAB - Sudoesteacontece","og_description":"O ex-ministro da Casa Civil Rui Costa (PT), candidato ao Senado, perdeu a a\u00e7\u00e3o por danos morais movida contra o deputado federal Marcelo Nilo (Republicanos). O processo tratava de declara\u00e7\u00f5es do parlamentar sobre o uso de uma aeronave oficial da For\u00e7a A\u00e9rea Brasileira (FAB) e a exist\u00eancia de propriedades rurais atribu\u00eddas ao ex-governador na Bahia. A senten\u00e7a foi assinada em 19 de agosto de 2026 pelo juiz George James Costa Vieira, da 4\u00aa Vara C\u00edvel de Salvador. Segundo a a\u00e7\u00e3o, Nilo teria afirmado em entrevista, posteriormente divulgada nas redes sociais, que Rui Costa utilizava um avi\u00e3o da FAB para viajar at\u00e9 uma fazenda de sua propriedade em Ipia\u00fa. O ex-ministro alegou que as declara\u00e7\u00f5es eram falsas e difamat\u00f3rias, tiveram ampla repercuss\u00e3o na internet e atingiram sua honra e imagem. Por isso, pediu R$ 60 mil de indeniza\u00e7\u00e3o por danos morais. Marcelo Nilo contestou o processo e afirmou que as declara\u00e7\u00f5es estavam amparadas pela liberdade de express\u00e3o e pelo direito de manifesta\u00e7\u00e3o pol\u00edtica. O deputado sustentou ainda que suas afirma\u00e7\u00f5es tinham como refer\u00eancia informa\u00e7\u00f5es j\u00e1 divulgadas por ve\u00edculos de imprensa. As reportagens citadas abordavam tanto a exist\u00eancia de im\u00f3vel rural relacionado a Rui Costa quanto um deslocamento realizado em aeronave oficial. Ao analisar o caso, o juiz considerou que havia conflito entre a liberdade de express\u00e3o e os direitos \u00e0 honra e \u00e0 imagem. Na avalia\u00e7\u00e3o do magistrado, agentes p\u00fablicos est\u00e3o sujeitos a maior exposi\u00e7\u00e3o perante a sociedade e devem tolerar cr\u00edticas duras e desfavor\u00e1veis quando inseridas no debate pol\u00edtico. A senten\u00e7a tamb\u00e9m destacou que as informa\u00e7\u00f5es mencionadas por Nilo j\u00e1 haviam sido divulgadas anteriormente. Conforme a decis\u00e3o, o deslocamento de Rui Costa em aeronave da FAB, durante per\u00edodo relacionado a festividades tradicionais em Ipia\u00fa, havia sido noticiado em julho de 2025. A exist\u00eancia de im\u00f3vel rural associado ao ex-governador naquela regi\u00e3o tamb\u00e9m era tema de reportagens desde agosto de 2024. Para o magistrado, esses registros davam contexto \u00e0s declara\u00e7\u00f5es feitas pelo deputado durante o embate pol\u00edtico. Ainda de acordo com a senten\u00e7a, o discurso de Marcelo Nilo apresentou tom \u201c\u00e1cido, hiperb\u00f3lico e opinativo\u201d, mas permaneceu relacionado a informa\u00e7\u00f5es anteriormente publicadas. O juiz concluiu que n\u00e3o ficou comprovada a cria\u00e7\u00e3o deliberada de uma informa\u00e7\u00e3o falsa com finalidade exclusiva de atingir Rui Costa. Uma eventual diverg\u00eancia sobre a rota exata da aeronave tamb\u00e9m n\u00e3o foi considerada suficiente para caracterizar dano indeniz\u00e1vel. Com a decis\u00e3o, os pedidos apresentados por Rui Costa foram julgados improcedentes e o processo foi encerrado com resolu\u00e7\u00e3o do m\u00e9rito. O ex-ministro tamb\u00e9m foi condenado ao pagamento das custas e despesas processuais, al\u00e9m de honor\u00e1rios advocat\u00edcios correspondentes a 10% do valor atualizado da causa, fixado em R$ 60 mil.","og_url":"https:\/\/sudoesteacontece.com.br\/?p=29048","og_site_name":"Sudoesteacontece","article_publisher":"https:\/\/www.facebook.com\/sudoesteacontece\/?locale=pt_BR","article_published_time":"2026-09-01T21:58:31+00:00","article_modified_time":"2026-09-01T21:58:36+00:00","og_image":[{"width":900,"height":600,"url":"https:\/\/sudoesteacontece.com.br\/wp-content\/uploads\/2026\/09\/Rui-Costa-reage-a-criticas-e-chama-ligacao-do-PT-da-Bahia-com-Banco-Master-de-fantasia-mentirosa.jpg","type":"image\/jpeg"}],"author":"Reda\u00e7\u00e3o","twitter_card":"summary_large_image","twitter_misc":{"Escrito por":"Reda\u00e7\u00e3o","Est. tempo de leitura":"3 minutos"},"schema":{"@context":"https:\/\/schema.org","@graph":[{"@type":"Article","@id":"https:\/\/sudoesteacontece.com.br\/?p=29048#article","isPartOf":{"@id":"https:\/\/sudoesteacontece.com.br\/?p=29048"},"author":{"name":"Reda\u00e7\u00e3o","@id":"https:\/\/sudoesteacontece.com.br\/#\/schema\/person\/a4f22429c1d0923ef8f7d43343f8dc38"},"headline":"Rui Costa perde a\u00e7\u00e3o contra Marcelo Nilo por fala sobre avi\u00e3o da FAB","datePublished":"2026-09-01T21:58:31+00:00","dateModified":"2026-09-01T21:58:36+00:00","mainEntityOfPage":{"@id":"https:\/\/sudoesteacontece.com.br\/?p=29048"},"wordCount":504,"commentCount":0,"publisher":{"@id":"https:\/\/sudoesteacontece.com.br\/#organization"},"image":{"@id":"https:\/\/sudoesteacontece.com.br\/?p=29048#primaryimage"},"thumbnailUrl":"http:\/\/sudoesteacontece.com.br\/wp-content\/uploads\/2026\/09\/Rui-Costa-reage-a-criticas-e-chama-ligacao-do-PT-da-Bahia-com-Banco-Master-de-fantasia-mentirosa.jpg","articleSection":["Bahia","Elei\u00e7\u00f5es 2026","Justi\u00e7a","Pol\u00edtica"],"inLanguage":"pt-BR","potentialAction":[{"@type":"CommentAction","name":"Comment","target":["https:\/\/sudoesteacontece.com.br\/?p=29048#respond"]}]},{"@type":"WebPage","@id":"https:\/\/sudoesteacontece.com.br\/?p=29048","url":"https:\/\/sudoesteacontece.com.br\/?p=29048","name":"Rui Costa perde a\u00e7\u00e3o contra Marcelo Nilo por fala sobre avi\u00e3o da FAB - Sudoesteacontece","isPartOf":{"@id":"https:\/\/sudoesteacontece.com.br\/#website"},"primaryImageOfPage":{"@id":"https:\/\/sudoesteacontece.com.br\/?p=29048#primaryimage"},"image":{"@id":"https:\/\/sudoesteacontece.com.br\/?p=29048#primaryimage"},"thumbnailUrl":"http:\/\/sudoesteacontece.com.br\/wp-content\/uploads\/2026\/09\/Rui-Costa-reage-a-criticas-e-chama-ligacao-do-PT-da-Bahia-com-Banco-Master-de-fantasia-mentirosa.jpg","datePublished":"2026-09-01T21:58:31+00:00","dateModified":"2026-09-01T21:58:36+00:00","breadcrumb":{"@id":"https:\/\/sudoesteacontece.com.br\/?p=29048#breadcrumb"},"inLanguage":"pt-BR","potentialAction":[{"@type":"ReadAction","target":["https:\/\/sudoesteacontece.com.br\/?p=29048"]}]},{"@type":"ImageObject","inLanguage":"pt-BR","@id":"https:\/\/sudoesteacontece.com.br\/?p=29048#primaryimage","url":"https:\/\/sudoesteacontece.com.br\/wp-content\/uploads\/2026\/09\/Rui-Costa-reage-a-criticas-e-chama-ligacao-do-PT-da-Bahia-com-Banco-Master-de-fantasia-mentirosa.jpg","contentUrl":"https:\/\/sudoesteacontece.com.br\/wp-content\/uploads\/2026\/09\/Rui-Costa-reage-a-criticas-e-chama-ligacao-do-PT-da-Bahia-com-Banco-Master-de-fantasia-mentirosa.jpg","width":900,"height":600},{"@type":"BreadcrumbList","@id":"https:\/\/sudoesteacontece.com.br\/?p=29048#breadcrumb","itemListElement":[{"@type":"ListItem","position":1,"name":"In\u00edcio","item":"https:\/\/sudoesteacontece.com.br\/"},{"@type":"ListItem","position":2,"name":"Rui Costa perde a\u00e7\u00e3o contra Marcelo Nilo por fala sobre avi\u00e3o da FAB"}]},{"@type":"WebSite","@id":"https:\/\/sudoesteacontece.com.br\/#website","url":"https:\/\/sudoesteacontece.com.br\/","name":"Sudoesteacontece","description":"","publisher":{"@id":"https:\/\/sudoesteacontece.com.br\/#organization"},"potentialAction":[{"@type":"SearchAction","target":{"@type":"EntryPoint","urlTemplate":"https:\/\/sudoesteacontece.com.br\/?s={search_term_string}"},"query-input":{"@type":"PropertyValueSpecification","valueRequired":true,"valueName":"search_term_string"}}],"inLanguage":"pt-BR"},{"@type":"Organization","@id":"https:\/\/sudoesteacontece.com.br\/#organization","name":"Sudoesteacontece","url":"https:\/\/sudoesteacontece.com.br\/","logo":{"@type":"ImageObject","inLanguage":"pt-BR","@id":"https:\/\/sudoesteacontece.com.br\/#\/schema\/logo\/image\/","url":"https:\/\/sudoesteacontece.com.br\/wp-content\/uploads\/2025\/12\/cropped-logo-2-180x180-1.png","contentUrl":"https:\/\/sudoesteacontece.com.br\/wp-content\/uploads\/2025\/12\/cropped-logo-2-180x180-1.png","width":180,"height":180,"caption":"Sudoesteacontece"},"image":{"@id":"https:\/\/sudoesteacontece.com.br\/#\/schema\/logo\/image\/"},"sameAs":["https:\/\/www.facebook.com\/sudoesteacontece\/?locale=pt_BR"]},{"@type":"Person","@id":"https:\/\/sudoesteacontece.com.br\/#\/schema\/person\/a4f22429c1d0923ef8f7d43343f8dc38","name":"Reda\u00e7\u00e3o","image":{"@type":"ImageObject","inLanguage":"pt-BR","@id":"https:\/\/sudoesteacontece.com.br\/#\/schema\/person\/image\/","url":"https:\/\/secure.gravatar.com\/avatar\/c3a5b3c93f268a709c25a2df414c629a96fb3b1b4bf97a94fb3f72e54ae76903?s=96&d=mm&r=g","contentUrl":"https:\/\/secure.gravatar.com\/avatar\/c3a5b3c93f268a709c25a2df414c629a96fb3b1b4bf97a94fb3f72e54ae76903?s=96&d=mm&r=g","caption":"Reda\u00e7\u00e3o"},"url":"https:\/\/sudoesteacontece.com.br\/?author=4"}]}},"_links":{"self":[{"href":"https:\/\/sudoesteacontece.com.br\/index.php?rest_route=\/wp\/v2\/posts\/29048","targetHints":{"allow":["GET"]}}],"collection":[{"href":"https:\/\/sudoesteacontece.com.br\/index.php?rest_route=\/wp\/v2\/posts"}],"about":[{"href":"https:\/\/sudoesteacontece.com.br\/index.php?rest_route=\/wp\/v2\/types\/post"}],"author":[{"embeddable":true,"href":"https:\/\/sudoesteacontece.com.br\/index.php?rest_route=\/wp\/v2\/users\/4"}],"replies":[{"embeddable":true,"href":"https:\/\/sudoesteacontece.com.br\/index.php?rest_route=%2Fwp%2Fv2%2Fcomments&post=29048"}],"version-history":[{"count":1,"href":"https:\/\/sudoesteacontece.com.br\/index.php?rest_route=\/wp\/v2\/posts\/29048\/revisions"}],"predecessor-version":[{"id":29063,"href":"https:\/\/sudoesteacontece.com.br\/index.php?rest_route=\/wp\/v2\/posts\/29048\/revisions\/29063"}],"wp:attachment":[{"href":"https:\/\/sudoesteacontece.com.br\/index.php?rest_route=%2Fwp%2Fv2%2Fmedia&parent=29048"}],"wp:term":[{"taxonomy":"category","embeddable":true,"href":"https:\/\/sudoesteacontece.com.br\/index.php?rest_route=%2Fwp%2Fv2%2Fcategories&post=29048"},{"taxonomy":"post_tag","embeddable":true,"href":"https:\/\/sudoesteacontece.com.br\/index.php?rest_route=%2Fwp%2Fv2%2Ftags&post=29048"}],"curies":[{"name":"wp","href":"https:\/\/api.w.org\/{rel}","templated":true}]}}