{"id":29050,"date":"2026-09-01T18:59:09","date_gmt":"2026-09-01T21:59:09","guid":{"rendered":"https:\/\/sudoesteacontece.com.br\/?p=29050"},"modified":"2026-09-01T18:59:15","modified_gmt":"2026-09-01T21:59:15","slug":"brumado-entra-em-programa-da-cgu-para-reforcar-transparencia-na-gestao","status":"publish","type":"post","link":"https:\/\/sudoesteacontece.com.br\/?p=29050","title":{"rendered":"Brumado entra em programa da CGU para refor\u00e7ar transpar\u00eancia na gest\u00e3o"},"content":{"rendered":"\n<figure class=\"wp-block-image size-full\"><img fetchpriority=\"high\" decoding=\"async\" width=\"900\" height=\"600\" src=\"http:\/\/sudoesteacontece.com.br\/wp-content\/uploads\/2026\/09\/Chuvas-colocam-Brumado-em-alerta-SMTT-e-Prefeitura-reforcam-acoes-para-evitar-acidentes-sudoeste-acontece-1-1-1-1.jpg\" alt=\"\" class=\"wp-image-29064\" srcset=\"https:\/\/sudoesteacontece.com.br\/wp-content\/uploads\/2026\/09\/Chuvas-colocam-Brumado-em-alerta-SMTT-e-Prefeitura-reforcam-acoes-para-evitar-acidentes-sudoeste-acontece-1-1-1-1.jpg 900w, https:\/\/sudoesteacontece.com.br\/wp-content\/uploads\/2026\/09\/Chuvas-colocam-Brumado-em-alerta-SMTT-e-Prefeitura-reforcam-acoes-para-evitar-acidentes-sudoeste-acontece-1-1-1-1-300x200.jpg 300w, https:\/\/sudoesteacontece.com.br\/wp-content\/uploads\/2026\/09\/Chuvas-colocam-Brumado-em-alerta-SMTT-e-Prefeitura-reforcam-acoes-para-evitar-acidentes-sudoeste-acontece-1-1-1-1-768x512.jpg 768w\" sizes=\"(max-width: 900px) 100vw, 900px\" \/><\/figure>\n\n\n\n<p class=\"wp-block-paragraph\">Brumado aderiu ao Programa Time Brasil, iniciativa da Controladoria-Geral da Uni\u00e3o (CGU) voltada ao fortalecimento da transpar\u00eancia, da integridade e dos mecanismos de controle na administra\u00e7\u00e3o p\u00fablica. O munic\u00edpio recebeu o certificado de ades\u00e3o ap\u00f3s cumprir as etapas previstas pela iniciativa. A medida busca aprimorar processos administrativos, prevenir irregularidades e ampliar as boas pr\u00e1ticas de governan\u00e7a no servi\u00e7o p\u00fablico municipal.<\/p>\n\n\n\n<p class=\"wp-block-paragraph\">Entre os 417 munic\u00edpios da Bahia, Brumado se tornou o 21\u00ba a formalizar participa\u00e7\u00e3o no programa. A ades\u00e3o ocorreu por meio da assinatura de um Termo de Compromisso, conduzida pela Controladoria-Geral do Munic\u00edpio, com apoio do prefeito Fabr\u00edcio Abrantes Pires de Souza Oliveira. O procedimento marcou a entrada oficial da cidade na iniciativa coordenada pela CGU.<\/p>\n\n\n\n<p class=\"wp-block-paragraph\">Durante o processo, a Controladoria-Geral do Munic\u00edpio cumpriu os requisitos estabelecidos pelo Programa Time Brasil e elaborou um Plano de A\u00e7\u00e3o. O documento foi posteriormente analisado e aprovado pela Controladoria-Geral da Uni\u00e3o. A conclus\u00e3o das etapas permitiu que Brumado avan\u00e7asse na formaliza\u00e7\u00e3o da ades\u00e3o e recebesse o Selo e o Certificado do programa.<\/p>\n\n\n\n<p class=\"wp-block-paragraph\">Al\u00e9m disso, a iniciativa estabelece medidas voltadas \u00e0 melhoria dos controles internos e ao aperfei\u00e7oamento dos processos administrativos. O programa tamb\u00e9m busca estimular a participa\u00e7\u00e3o social, fortalecer a preven\u00e7\u00e3o de irregularidades e ampliar a transpar\u00eancia das informa\u00e7\u00f5es relacionadas \u00e0 administra\u00e7\u00e3o p\u00fablica.<\/p>\n\n\n\n<p class=\"wp-block-paragraph\">Segundo a Controladoria-Geral do Munic\u00edpio, a ades\u00e3o n\u00e3o representa apenas a obten\u00e7\u00e3o de uma certifica\u00e7\u00e3o. A participa\u00e7\u00e3o exige um compromisso permanente com o aprimoramento da gest\u00e3o, o fortalecimento dos mecanismos de controle e a cria\u00e7\u00e3o de uma cultura de integridade dentro dos \u00f3rg\u00e3os municipais.<\/p>\n\n\n\n<p class=\"wp-block-paragraph\">Por sua vez, a administra\u00e7\u00e3o municipal afirma que a participa\u00e7\u00e3o no programa integra as a\u00e7\u00f5es adotadas durante a atual gest\u00e3o para aproximar o munic\u00edpio de pr\u00e1ticas nacionais de governan\u00e7a e controle p\u00fablico. O Executivo destaca que a ades\u00e3o ocorre ap\u00f3s um ano e oito meses de gest\u00e3o e representa mais uma etapa no processo de aperfei\u00e7oamento administrativo.<\/p>\n","protected":false},"excerpt":{"rendered":"<p>Brumado aderiu ao Programa Time Brasil, iniciativa da Controladoria-Geral da Uni\u00e3o (CGU) voltada ao fortalecimento da transpar\u00eancia, da integridade e dos mecanismos de controle na administra\u00e7\u00e3o p\u00fablica. O munic\u00edpio recebeu o certificado de ades\u00e3o ap\u00f3s cumprir as etapas previstas pela iniciativa. A medida busca aprimorar processos administrativos, prevenir irregularidades e ampliar as boas pr\u00e1ticas de governan\u00e7a no servi\u00e7o p\u00fablico municipal. Entre os 417 munic\u00edpios da Bahia, Brumado se tornou o 21\u00ba a formalizar participa\u00e7\u00e3o no programa. A ades\u00e3o ocorreu por meio da assinatura de um Termo de Compromisso, conduzida pela Controladoria-Geral do Munic\u00edpio, com apoio do prefeito Fabr\u00edcio Abrantes Pires de Souza Oliveira. O procedimento marcou a entrada oficial da cidade na iniciativa coordenada pela CGU. Durante o processo, a Controladoria-Geral do Munic\u00edpio cumpriu os requisitos estabelecidos pelo Programa Time Brasil e elaborou um Plano de A\u00e7\u00e3o. O documento foi posteriormente analisado e aprovado pela Controladoria-Geral da Uni\u00e3o. A conclus\u00e3o das etapas permitiu que Brumado avan\u00e7asse na formaliza\u00e7\u00e3o da ades\u00e3o e recebesse o Selo e o Certificado do programa. Al\u00e9m disso, a iniciativa estabelece medidas voltadas \u00e0 melhoria dos controles internos e ao aperfei\u00e7oamento dos processos administrativos. O programa tamb\u00e9m busca estimular a participa\u00e7\u00e3o social, fortalecer a preven\u00e7\u00e3o de irregularidades e ampliar a transpar\u00eancia das informa\u00e7\u00f5es relacionadas \u00e0 administra\u00e7\u00e3o p\u00fablica. Segundo a Controladoria-Geral do Munic\u00edpio, a ades\u00e3o n\u00e3o representa apenas a obten\u00e7\u00e3o de uma certifica\u00e7\u00e3o. A participa\u00e7\u00e3o exige um compromisso permanente com o aprimoramento da gest\u00e3o, o fortalecimento dos mecanismos de controle e a cria\u00e7\u00e3o de uma cultura de integridade dentro dos \u00f3rg\u00e3os municipais. Por sua vez, a administra\u00e7\u00e3o municipal afirma que a participa\u00e7\u00e3o no programa integra as a\u00e7\u00f5es adotadas durante a atual gest\u00e3o para aproximar o munic\u00edpio de pr\u00e1ticas nacionais de governan\u00e7a e controle p\u00fablico. O Executivo destaca que a ades\u00e3o ocorre ap\u00f3s um ano e oito meses de gest\u00e3o e representa mais uma etapa no processo de aperfei\u00e7oamento administrativo.<\/p>\n","protected":false},"author":4,"featured_media":0,"comment_status":"open","ping_status":"open","sticky":false,"template":"","format":"standard","meta":{"footnotes":""},"categories":[10,4,6],"tags":[],"class_list":["post-29050","post","type-post","status-publish","format-standard","hentry","category-brumado","category-cidades","category-politica"],"yoast_head":"<!-- This site is optimized with the Yoast SEO plugin v26.5 - https:\/\/yoast.com\/wordpress\/plugins\/seo\/ -->\n<title>Brumado entra em programa da CGU para refor\u00e7ar transpar\u00eancia na gest\u00e3o - Sudoesteacontece<\/title>\n<meta name=\"robots\" content=\"index, follow, max-snippet:-1, max-image-preview:large, max-video-preview:-1\" \/>\n<link rel=\"canonical\" href=\"https:\/\/sudoesteacontece.com.br\/?p=29050\" \/>\n<meta property=\"og:locale\" content=\"pt_BR\" \/>\n<meta property=\"og:type\" content=\"article\" \/>\n<meta property=\"og:title\" content=\"Brumado entra em programa da CGU para refor\u00e7ar transpar\u00eancia na gest\u00e3o - Sudoesteacontece\" \/>\n<meta property=\"og:description\" content=\"Brumado aderiu ao Programa Time Brasil, iniciativa da Controladoria-Geral da Uni\u00e3o (CGU) voltada ao fortalecimento da transpar\u00eancia, da integridade e dos mecanismos de controle na administra\u00e7\u00e3o p\u00fablica. O munic\u00edpio recebeu o certificado de ades\u00e3o ap\u00f3s cumprir as etapas previstas pela iniciativa. A medida busca aprimorar processos administrativos, prevenir irregularidades e ampliar as boas pr\u00e1ticas de governan\u00e7a no servi\u00e7o p\u00fablico municipal. Entre os 417 munic\u00edpios da Bahia, Brumado se tornou o 21\u00ba a formalizar participa\u00e7\u00e3o no programa. A ades\u00e3o ocorreu por meio da assinatura de um Termo de Compromisso, conduzida pela Controladoria-Geral do Munic\u00edpio, com apoio do prefeito Fabr\u00edcio Abrantes Pires de Souza Oliveira. O procedimento marcou a entrada oficial da cidade na iniciativa coordenada pela CGU. Durante o processo, a Controladoria-Geral do Munic\u00edpio cumpriu os requisitos estabelecidos pelo Programa Time Brasil e elaborou um Plano de A\u00e7\u00e3o. O documento foi posteriormente analisado e aprovado pela Controladoria-Geral da Uni\u00e3o. A conclus\u00e3o das etapas permitiu que Brumado avan\u00e7asse na formaliza\u00e7\u00e3o da ades\u00e3o e recebesse o Selo e o Certificado do programa. Al\u00e9m disso, a iniciativa estabelece medidas voltadas \u00e0 melhoria dos controles internos e ao aperfei\u00e7oamento dos processos administrativos. O programa tamb\u00e9m busca estimular a participa\u00e7\u00e3o social, fortalecer a preven\u00e7\u00e3o de irregularidades e ampliar a transpar\u00eancia das informa\u00e7\u00f5es relacionadas \u00e0 administra\u00e7\u00e3o p\u00fablica. Segundo a Controladoria-Geral do Munic\u00edpio, a ades\u00e3o n\u00e3o representa apenas a obten\u00e7\u00e3o de uma certifica\u00e7\u00e3o. A participa\u00e7\u00e3o exige um compromisso permanente com o aprimoramento da gest\u00e3o, o fortalecimento dos mecanismos de controle e a cria\u00e7\u00e3o de uma cultura de integridade dentro dos \u00f3rg\u00e3os municipais. Por sua vez, a administra\u00e7\u00e3o municipal afirma que a participa\u00e7\u00e3o no programa integra as a\u00e7\u00f5es adotadas durante a atual gest\u00e3o para aproximar o munic\u00edpio de pr\u00e1ticas nacionais de governan\u00e7a e controle p\u00fablico. O Executivo destaca que a ades\u00e3o ocorre ap\u00f3s um ano e oito meses de gest\u00e3o e representa mais uma etapa no processo de aperfei\u00e7oamento administrativo.\" \/>\n<meta property=\"og:url\" content=\"https:\/\/sudoesteacontece.com.br\/?p=29050\" \/>\n<meta property=\"og:site_name\" content=\"Sudoesteacontece\" \/>\n<meta property=\"article:publisher\" content=\"https:\/\/www.facebook.com\/sudoesteacontece\/?locale=pt_BR\" \/>\n<meta property=\"article:published_time\" content=\"2026-09-01T21:59:09+00:00\" \/>\n<meta property=\"article:modified_time\" content=\"2026-09-01T21:59:15+00:00\" \/>\n<meta property=\"og:image\" content=\"https:\/\/sudoesteacontece.com.br\/wp-content\/uploads\/2026\/09\/Chuvas-colocam-Brumado-em-alerta-SMTT-e-Prefeitura-reforcam-acoes-para-evitar-acidentes-sudoeste-acontece-1-1-1-1.jpg\" \/>\n\t<meta property=\"og:image:width\" content=\"900\" \/>\n\t<meta property=\"og:image:height\" content=\"600\" \/>\n\t<meta property=\"og:image:type\" content=\"image\/jpeg\" \/>\n<meta name=\"author\" content=\"Reda\u00e7\u00e3o\" \/>\n<meta name=\"twitter:card\" content=\"summary_large_image\" \/>\n<meta name=\"twitter:label1\" content=\"Escrito por\" \/>\n\t<meta name=\"twitter:data1\" content=\"Reda\u00e7\u00e3o\" \/>\n\t<meta name=\"twitter:label2\" content=\"Est. tempo de leitura\" \/>\n\t<meta name=\"twitter:data2\" content=\"2 minutos\" \/>\n<script type=\"application\/ld+json\" class=\"yoast-schema-graph\">{\"@context\":\"https:\/\/schema.org\",\"@graph\":[{\"@type\":\"Article\",\"@id\":\"https:\/\/sudoesteacontece.com.br\/?p=29050#article\",\"isPartOf\":{\"@id\":\"https:\/\/sudoesteacontece.com.br\/?p=29050\"},\"author\":{\"name\":\"Reda\u00e7\u00e3o\",\"@id\":\"https:\/\/sudoesteacontece.com.br\/#\/schema\/person\/a4f22429c1d0923ef8f7d43343f8dc38\"},\"headline\":\"Brumado entra em programa da CGU para refor\u00e7ar transpar\u00eancia na gest\u00e3o\",\"datePublished\":\"2026-09-01T21:59:09+00:00\",\"dateModified\":\"2026-09-01T21:59:15+00:00\",\"mainEntityOfPage\":{\"@id\":\"https:\/\/sudoesteacontece.com.br\/?p=29050\"},\"wordCount\":374,\"commentCount\":0,\"publisher\":{\"@id\":\"https:\/\/sudoesteacontece.com.br\/#organization\"},\"image\":{\"@id\":\"https:\/\/sudoesteacontece.com.br\/?p=29050#primaryimage\"},\"thumbnailUrl\":\"http:\/\/sudoesteacontece.com.br\/wp-content\/uploads\/2026\/09\/Chuvas-colocam-Brumado-em-alerta-SMTT-e-Prefeitura-reforcam-acoes-para-evitar-acidentes-sudoeste-acontece-1-1-1-1.jpg\",\"articleSection\":[\"Brumado\",\"Cidades\",\"Pol\u00edtica\"],\"inLanguage\":\"pt-BR\",\"potentialAction\":[{\"@type\":\"CommentAction\",\"name\":\"Comment\",\"target\":[\"https:\/\/sudoesteacontece.com.br\/?p=29050#respond\"]}]},{\"@type\":\"WebPage\",\"@id\":\"https:\/\/sudoesteacontece.com.br\/?p=29050\",\"url\":\"https:\/\/sudoesteacontece.com.br\/?p=29050\",\"name\":\"Brumado entra em programa da CGU para refor\u00e7ar transpar\u00eancia na gest\u00e3o - Sudoesteacontece\",\"isPartOf\":{\"@id\":\"https:\/\/sudoesteacontece.com.br\/#website\"},\"primaryImageOfPage\":{\"@id\":\"https:\/\/sudoesteacontece.com.br\/?p=29050#primaryimage\"},\"image\":{\"@id\":\"https:\/\/sudoesteacontece.com.br\/?p=29050#primaryimage\"},\"thumbnailUrl\":\"http:\/\/sudoesteacontece.com.br\/wp-content\/uploads\/2026\/09\/Chuvas-colocam-Brumado-em-alerta-SMTT-e-Prefeitura-reforcam-acoes-para-evitar-acidentes-sudoeste-acontece-1-1-1-1.jpg\",\"datePublished\":\"2026-09-01T21:59:09+00:00\",\"dateModified\":\"2026-09-01T21:59:15+00:00\",\"breadcrumb\":{\"@id\":\"https:\/\/sudoesteacontece.com.br\/?p=29050#breadcrumb\"},\"inLanguage\":\"pt-BR\",\"potentialAction\":[{\"@type\":\"ReadAction\",\"target\":[\"https:\/\/sudoesteacontece.com.br\/?p=29050\"]}]},{\"@type\":\"ImageObject\",\"inLanguage\":\"pt-BR\",\"@id\":\"https:\/\/sudoesteacontece.com.br\/?p=29050#primaryimage\",\"url\":\"https:\/\/sudoesteacontece.com.br\/wp-content\/uploads\/2026\/09\/Chuvas-colocam-Brumado-em-alerta-SMTT-e-Prefeitura-reforcam-acoes-para-evitar-acidentes-sudoeste-acontece-1-1-1-1.jpg\",\"contentUrl\":\"https:\/\/sudoesteacontece.com.br\/wp-content\/uploads\/2026\/09\/Chuvas-colocam-Brumado-em-alerta-SMTT-e-Prefeitura-reforcam-acoes-para-evitar-acidentes-sudoeste-acontece-1-1-1-1.jpg\",\"width\":900,\"height\":600},{\"@type\":\"BreadcrumbList\",\"@id\":\"https:\/\/sudoesteacontece.com.br\/?p=29050#breadcrumb\",\"itemListElement\":[{\"@type\":\"ListItem\",\"position\":1,\"name\":\"In\u00edcio\",\"item\":\"https:\/\/sudoesteacontece.com.br\/\"},{\"@type\":\"ListItem\",\"position\":2,\"name\":\"Brumado entra em programa da CGU para refor\u00e7ar transpar\u00eancia na gest\u00e3o\"}]},{\"@type\":\"WebSite\",\"@id\":\"https:\/\/sudoesteacontece.com.br\/#website\",\"url\":\"https:\/\/sudoesteacontece.com.br\/\",\"name\":\"Sudoesteacontece\",\"description\":\"\",\"publisher\":{\"@id\":\"https:\/\/sudoesteacontece.com.br\/#organization\"},\"potentialAction\":[{\"@type\":\"SearchAction\",\"target\":{\"@type\":\"EntryPoint\",\"urlTemplate\":\"https:\/\/sudoesteacontece.com.br\/?s={search_term_string}\"},\"query-input\":{\"@type\":\"PropertyValueSpecification\",\"valueRequired\":true,\"valueName\":\"search_term_string\"}}],\"inLanguage\":\"pt-BR\"},{\"@type\":\"Organization\",\"@id\":\"https:\/\/sudoesteacontece.com.br\/#organization\",\"name\":\"Sudoesteacontece\",\"url\":\"https:\/\/sudoesteacontece.com.br\/\",\"logo\":{\"@type\":\"ImageObject\",\"inLanguage\":\"pt-BR\",\"@id\":\"https:\/\/sudoesteacontece.com.br\/#\/schema\/logo\/image\/\",\"url\":\"https:\/\/sudoesteacontece.com.br\/wp-content\/uploads\/2025\/12\/cropped-logo-2-180x180-1.png\",\"contentUrl\":\"https:\/\/sudoesteacontece.com.br\/wp-content\/uploads\/2025\/12\/cropped-logo-2-180x180-1.png\",\"width\":180,\"height\":180,\"caption\":\"Sudoesteacontece\"},\"image\":{\"@id\":\"https:\/\/sudoesteacontece.com.br\/#\/schema\/logo\/image\/\"},\"sameAs\":[\"https:\/\/www.facebook.com\/sudoesteacontece\/?locale=pt_BR\"]},{\"@type\":\"Person\",\"@id\":\"https:\/\/sudoesteacontece.com.br\/#\/schema\/person\/a4f22429c1d0923ef8f7d43343f8dc38\",\"name\":\"Reda\u00e7\u00e3o\",\"image\":{\"@type\":\"ImageObject\",\"inLanguage\":\"pt-BR\",\"@id\":\"https:\/\/sudoesteacontece.com.br\/#\/schema\/person\/image\/\",\"url\":\"https:\/\/secure.gravatar.com\/avatar\/c3a5b3c93f268a709c25a2df414c629a96fb3b1b4bf97a94fb3f72e54ae76903?s=96&d=mm&r=g\",\"contentUrl\":\"https:\/\/secure.gravatar.com\/avatar\/c3a5b3c93f268a709c25a2df414c629a96fb3b1b4bf97a94fb3f72e54ae76903?s=96&d=mm&r=g\",\"caption\":\"Reda\u00e7\u00e3o\"},\"url\":\"https:\/\/sudoesteacontece.com.br\/?author=4\"}]}<\/script>\n<!-- \/ Yoast SEO plugin. -->","yoast_head_json":{"title":"Brumado entra em programa da CGU para refor\u00e7ar transpar\u00eancia na gest\u00e3o - Sudoesteacontece","robots":{"index":"index","follow":"follow","max-snippet":"max-snippet:-1","max-image-preview":"max-image-preview:large","max-video-preview":"max-video-preview:-1"},"canonical":"https:\/\/sudoesteacontece.com.br\/?p=29050","og_locale":"pt_BR","og_type":"article","og_title":"Brumado entra em programa da CGU para refor\u00e7ar transpar\u00eancia na gest\u00e3o - Sudoesteacontece","og_description":"Brumado aderiu ao Programa Time Brasil, iniciativa da Controladoria-Geral da Uni\u00e3o (CGU) voltada ao fortalecimento da transpar\u00eancia, da integridade e dos mecanismos de controle na administra\u00e7\u00e3o p\u00fablica. O munic\u00edpio recebeu o certificado de ades\u00e3o ap\u00f3s cumprir as etapas previstas pela iniciativa. A medida busca aprimorar processos administrativos, prevenir irregularidades e ampliar as boas pr\u00e1ticas de governan\u00e7a no servi\u00e7o p\u00fablico municipal. Entre os 417 munic\u00edpios da Bahia, Brumado se tornou o 21\u00ba a formalizar participa\u00e7\u00e3o no programa. A ades\u00e3o ocorreu por meio da assinatura de um Termo de Compromisso, conduzida pela Controladoria-Geral do Munic\u00edpio, com apoio do prefeito Fabr\u00edcio Abrantes Pires de Souza Oliveira. O procedimento marcou a entrada oficial da cidade na iniciativa coordenada pela CGU. Durante o processo, a Controladoria-Geral do Munic\u00edpio cumpriu os requisitos estabelecidos pelo Programa Time Brasil e elaborou um Plano de A\u00e7\u00e3o. O documento foi posteriormente analisado e aprovado pela Controladoria-Geral da Uni\u00e3o. A conclus\u00e3o das etapas permitiu que Brumado avan\u00e7asse na formaliza\u00e7\u00e3o da ades\u00e3o e recebesse o Selo e o Certificado do programa. Al\u00e9m disso, a iniciativa estabelece medidas voltadas \u00e0 melhoria dos controles internos e ao aperfei\u00e7oamento dos processos administrativos. O programa tamb\u00e9m busca estimular a participa\u00e7\u00e3o social, fortalecer a preven\u00e7\u00e3o de irregularidades e ampliar a transpar\u00eancia das informa\u00e7\u00f5es relacionadas \u00e0 administra\u00e7\u00e3o p\u00fablica. Segundo a Controladoria-Geral do Munic\u00edpio, a ades\u00e3o n\u00e3o representa apenas a obten\u00e7\u00e3o de uma certifica\u00e7\u00e3o. A participa\u00e7\u00e3o exige um compromisso permanente com o aprimoramento da gest\u00e3o, o fortalecimento dos mecanismos de controle e a cria\u00e7\u00e3o de uma cultura de integridade dentro dos \u00f3rg\u00e3os municipais. Por sua vez, a administra\u00e7\u00e3o municipal afirma que a participa\u00e7\u00e3o no programa integra as a\u00e7\u00f5es adotadas durante a atual gest\u00e3o para aproximar o munic\u00edpio de pr\u00e1ticas nacionais de governan\u00e7a e controle p\u00fablico. O Executivo destaca que a ades\u00e3o ocorre ap\u00f3s um ano e oito meses de gest\u00e3o e representa mais uma etapa no processo de aperfei\u00e7oamento administrativo.","og_url":"https:\/\/sudoesteacontece.com.br\/?p=29050","og_site_name":"Sudoesteacontece","article_publisher":"https:\/\/www.facebook.com\/sudoesteacontece\/?locale=pt_BR","article_published_time":"2026-09-01T21:59:09+00:00","article_modified_time":"2026-09-01T21:59:15+00:00","og_image":[{"width":900,"height":600,"url":"https:\/\/sudoesteacontece.com.br\/wp-content\/uploads\/2026\/09\/Chuvas-colocam-Brumado-em-alerta-SMTT-e-Prefeitura-reforcam-acoes-para-evitar-acidentes-sudoeste-acontece-1-1-1-1.jpg","type":"image\/jpeg"}],"author":"Reda\u00e7\u00e3o","twitter_card":"summary_large_image","twitter_misc":{"Escrito por":"Reda\u00e7\u00e3o","Est. tempo de leitura":"2 minutos"},"schema":{"@context":"https:\/\/schema.org","@graph":[{"@type":"Article","@id":"https:\/\/sudoesteacontece.com.br\/?p=29050#article","isPartOf":{"@id":"https:\/\/sudoesteacontece.com.br\/?p=29050"},"author":{"name":"Reda\u00e7\u00e3o","@id":"https:\/\/sudoesteacontece.com.br\/#\/schema\/person\/a4f22429c1d0923ef8f7d43343f8dc38"},"headline":"Brumado entra em programa da CGU para refor\u00e7ar transpar\u00eancia na gest\u00e3o","datePublished":"2026-09-01T21:59:09+00:00","dateModified":"2026-09-01T21:59:15+00:00","mainEntityOfPage":{"@id":"https:\/\/sudoesteacontece.com.br\/?p=29050"},"wordCount":374,"commentCount":0,"publisher":{"@id":"https:\/\/sudoesteacontece.com.br\/#organization"},"image":{"@id":"https:\/\/sudoesteacontece.com.br\/?p=29050#primaryimage"},"thumbnailUrl":"http:\/\/sudoesteacontece.com.br\/wp-content\/uploads\/2026\/09\/Chuvas-colocam-Brumado-em-alerta-SMTT-e-Prefeitura-reforcam-acoes-para-evitar-acidentes-sudoeste-acontece-1-1-1-1.jpg","articleSection":["Brumado","Cidades","Pol\u00edtica"],"inLanguage":"pt-BR","potentialAction":[{"@type":"CommentAction","name":"Comment","target":["https:\/\/sudoesteacontece.com.br\/?p=29050#respond"]}]},{"@type":"WebPage","@id":"https:\/\/sudoesteacontece.com.br\/?p=29050","url":"https:\/\/sudoesteacontece.com.br\/?p=29050","name":"Brumado entra em programa da CGU para refor\u00e7ar transpar\u00eancia na gest\u00e3o - Sudoesteacontece","isPartOf":{"@id":"https:\/\/sudoesteacontece.com.br\/#website"},"primaryImageOfPage":{"@id":"https:\/\/sudoesteacontece.com.br\/?p=29050#primaryimage"},"image":{"@id":"https:\/\/sudoesteacontece.com.br\/?p=29050#primaryimage"},"thumbnailUrl":"http:\/\/sudoesteacontece.com.br\/wp-content\/uploads\/2026\/09\/Chuvas-colocam-Brumado-em-alerta-SMTT-e-Prefeitura-reforcam-acoes-para-evitar-acidentes-sudoeste-acontece-1-1-1-1.jpg","datePublished":"2026-09-01T21:59:09+00:00","dateModified":"2026-09-01T21:59:15+00:00","breadcrumb":{"@id":"https:\/\/sudoesteacontece.com.br\/?p=29050#breadcrumb"},"inLanguage":"pt-BR","potentialAction":[{"@type":"ReadAction","target":["https:\/\/sudoesteacontece.com.br\/?p=29050"]}]},{"@type":"ImageObject","inLanguage":"pt-BR","@id":"https:\/\/sudoesteacontece.com.br\/?p=29050#primaryimage","url":"https:\/\/sudoesteacontece.com.br\/wp-content\/uploads\/2026\/09\/Chuvas-colocam-Brumado-em-alerta-SMTT-e-Prefeitura-reforcam-acoes-para-evitar-acidentes-sudoeste-acontece-1-1-1-1.jpg","contentUrl":"https:\/\/sudoesteacontece.com.br\/wp-content\/uploads\/2026\/09\/Chuvas-colocam-Brumado-em-alerta-SMTT-e-Prefeitura-reforcam-acoes-para-evitar-acidentes-sudoeste-acontece-1-1-1-1.jpg","width":900,"height":600},{"@type":"BreadcrumbList","@id":"https:\/\/sudoesteacontece.com.br\/?p=29050#breadcrumb","itemListElement":[{"@type":"ListItem","position":1,"name":"In\u00edcio","item":"https:\/\/sudoesteacontece.com.br\/"},{"@type":"ListItem","position":2,"name":"Brumado entra em programa da CGU para refor\u00e7ar transpar\u00eancia na gest\u00e3o"}]},{"@type":"WebSite","@id":"https:\/\/sudoesteacontece.com.br\/#website","url":"https:\/\/sudoesteacontece.com.br\/","name":"Sudoesteacontece","description":"","publisher":{"@id":"https:\/\/sudoesteacontece.com.br\/#organization"},"potentialAction":[{"@type":"SearchAction","target":{"@type":"EntryPoint","urlTemplate":"https:\/\/sudoesteacontece.com.br\/?s={search_term_string}"},"query-input":{"@type":"PropertyValueSpecification","valueRequired":true,"valueName":"search_term_string"}}],"inLanguage":"pt-BR"},{"@type":"Organization","@id":"https:\/\/sudoesteacontece.com.br\/#organization","name":"Sudoesteacontece","url":"https:\/\/sudoesteacontece.com.br\/","logo":{"@type":"ImageObject","inLanguage":"pt-BR","@id":"https:\/\/sudoesteacontece.com.br\/#\/schema\/logo\/image\/","url":"https:\/\/sudoesteacontece.com.br\/wp-content\/uploads\/2025\/12\/cropped-logo-2-180x180-1.png","contentUrl":"https:\/\/sudoesteacontece.com.br\/wp-content\/uploads\/2025\/12\/cropped-logo-2-180x180-1.png","width":180,"height":180,"caption":"Sudoesteacontece"},"image":{"@id":"https:\/\/sudoesteacontece.com.br\/#\/schema\/logo\/image\/"},"sameAs":["https:\/\/www.facebook.com\/sudoesteacontece\/?locale=pt_BR"]},{"@type":"Person","@id":"https:\/\/sudoesteacontece.com.br\/#\/schema\/person\/a4f22429c1d0923ef8f7d43343f8dc38","name":"Reda\u00e7\u00e3o","image":{"@type":"ImageObject","inLanguage":"pt-BR","@id":"https:\/\/sudoesteacontece.com.br\/#\/schema\/person\/image\/","url":"https:\/\/secure.gravatar.com\/avatar\/c3a5b3c93f268a709c25a2df414c629a96fb3b1b4bf97a94fb3f72e54ae76903?s=96&d=mm&r=g","contentUrl":"https:\/\/secure.gravatar.com\/avatar\/c3a5b3c93f268a709c25a2df414c629a96fb3b1b4bf97a94fb3f72e54ae76903?s=96&d=mm&r=g","caption":"Reda\u00e7\u00e3o"},"url":"https:\/\/sudoesteacontece.com.br\/?author=4"}]}},"_links":{"self":[{"href":"https:\/\/sudoesteacontece.com.br\/index.php?rest_route=\/wp\/v2\/posts\/29050","targetHints":{"allow":["GET"]}}],"collection":[{"href":"https:\/\/sudoesteacontece.com.br\/index.php?rest_route=\/wp\/v2\/posts"}],"about":[{"href":"https:\/\/sudoesteacontece.com.br\/index.php?rest_route=\/wp\/v2\/types\/post"}],"author":[{"embeddable":true,"href":"https:\/\/sudoesteacontece.com.br\/index.php?rest_route=\/wp\/v2\/users\/4"}],"replies":[{"embeddable":true,"href":"https:\/\/sudoesteacontece.com.br\/index.php?rest_route=%2Fwp%2Fv2%2Fcomments&post=29050"}],"version-history":[{"count":1,"href":"https:\/\/sudoesteacontece.com.br\/index.php?rest_route=\/wp\/v2\/posts\/29050\/revisions"}],"predecessor-version":[{"id":29065,"href":"https:\/\/sudoesteacontece.com.br\/index.php?rest_route=\/wp\/v2\/posts\/29050\/revisions\/29065"}],"wp:attachment":[{"href":"https:\/\/sudoesteacontece.com.br\/index.php?rest_route=%2Fwp%2Fv2%2Fmedia&parent=29050"}],"wp:term":[{"taxonomy":"category","embeddable":true,"href":"https:\/\/sudoesteacontece.com.br\/index.php?rest_route=%2Fwp%2Fv2%2Fcategories&post=29050"},{"taxonomy":"post_tag","embeddable":true,"href":"https:\/\/sudoesteacontece.com.br\/index.php?rest_route=%2Fwp%2Fv2%2Ftags&post=29050"}],"curies":[{"name":"wp","href":"https:\/\/api.w.org\/{rel}","templated":true}]}}